{"id":26509,"date":"2024-10-31T11:46:22","date_gmt":"2024-10-31T10:46:22","guid":{"rendered":"https:\/\/www.ceibcn.com\/2024\/10\/seminario-quo-vadis-europa-retos-y-escenarios-para-la-europa-de-2030\/"},"modified":"2024-10-31T11:49:36","modified_gmt":"2024-10-31T10:49:36","slug":"seminario-quo-vadis-europa-retos-y-escenarios-para-la-europa-de-2030","status":"publish","type":"post","link":"https:\/\/www.ceibcn.com\/ca\/2024\/10\/seminario-quo-vadis-europa-retos-y-escenarios-para-la-europa-de-2030\/","title":{"rendered":"Seminari \u201cQuo vadis Europa? Reptes i Escenaris per a l&#8217;Europa de 2030\u201d\u00a0"},"content":{"rendered":"\n<p class=\"wp-block-paragraph\">El seminari &#8220;Quo vadis Europa? Reptes i Escenaris per a l&#8217;Europa de 2030&#8221; ha reunit l\u00edders amb l&#8217;objectiu d&#8217;analitzar els grans desafiaments de la Uni\u00f3 Europea en els pr\u00f2xims anys. Durant l&#8217;esdeveniment, es van abordar temes cr\u00edtics com la crisi energ\u00e8tica, els conflictes geopol\u00edtics, la necessitat d&#8217;accelerar la transici\u00f3 verda i l&#8217;enfortiment de la competitivitat europea en un entorn global en constant canvi.\u00a0<\/p>\n\n\n\n<figure class=\"wp-block-gallery has-nested-images columns-default is-cropped wp-block-gallery-1 is-layout-flex wp-block-gallery-is-layout-flex\">\n<figure class=\"wp-block-image size-large\"><img fetchpriority=\"high\" decoding=\"async\" width=\"1800\" height=\"828\" data-id=\"26502\" src=\"https:\/\/www.ceibcn.com\/wp-content\/uploads\/2024\/10\/Image-3-1800x828.jpeg\" alt=\"\" class=\"wp-image-26502\"\/><\/figure>\n\n\n\n<figure class=\"wp-block-image size-large\"><img decoding=\"async\" width=\"800\" height=\"533\" data-id=\"26505\" src=\"https:\/\/www.ceibcn.com\/wp-content\/uploads\/2024\/10\/Image-2.jpeg\" alt=\"\" class=\"wp-image-26505\" srcset=\"https:\/\/www.ceibcn.com\/wp-content\/uploads\/2024\/10\/Image-2.jpeg 800w, https:\/\/www.ceibcn.com\/wp-content\/uploads\/2024\/10\/Image-2-300x200.jpeg 300w, https:\/\/www.ceibcn.com\/wp-content\/uploads\/2024\/10\/Image-2-768x512.jpeg 768w, https:\/\/www.ceibcn.com\/wp-content\/uploads\/2024\/10\/Image-2-150x100.jpeg 150w\" sizes=\"(max-width: 800px) 100vw, 800px\" \/><\/figure>\n<\/figure>\n\n\n\n<p class=\"wp-block-paragraph\"><\/p>\n\n\n\n<p class=\"wp-block-paragraph\">Entre els ponents, Manuel Szapiro, director de la Comissi\u00f3 Europea a Barcelona, va plantejar la necessitat de repensar el model pol\u00edtic de la Uni\u00f3 Europea per fer front amb \u00e8xit els desafiaments futurs. Oriol Escalas, Ambaixador Representant Permanent Adjunt d&#8217;Espanya davant la UE, va explorar els reptes que enfronta la Uni\u00f3 en l&#8217;escenari internacional. Ana Mar Fern\u00e1ndez-Pasar\u00edn, de la Universitat Aut\u00f2noma de Barcelona i C\u00e0tedra Jean Monnet EUPOL, Grup de Recerca EUGOV, va aprofundir en el rol de la UE com a actor global i en la import\u00e0ncia dels governs nacionals en la gesti\u00f3 dels seus compromisos europeus. Finalment, Fernando Guirao, Catedr\u00e0tic Jean Monnet d&#8217;Hist\u00f2ria, Universitat Pompeu Fabra de Barcelona, va concloure que la Uni\u00f3 Europea \u00e9s l&#8217;instrument col\u00b7lectiu imprescindible per a abordar els desafiaments del futur.&nbsp;<\/p>\n\n\n\n<p class=\"wp-block-paragraph\">La jornada va ser presentada pel director del CEI, Joaquim Llimona i moderada pel director acad\u00e8mic del CEI, Andrea Noferini, que van destacar la rellev\u00e0ncia d&#8217;aquestes trobades per a enfortir un model d&#8217;integraci\u00f3 europea comprom\u00e8s amb respondre als reptes amb visi\u00f3 de futur.&nbsp;<\/p>\n\n\n\n<p class=\"wp-block-paragraph\">El pr\u00f2xim seminari al Palau Macaya, titulat &#8220;Intel\u00b7lig\u00e8ncia Artificial, Pol\u00edtiques P\u00fabliques i Biaixos de G\u00e8nere,&#8221; tindr\u00e0 lloc el 27 de novembre. La inscripci\u00f3 \u00e9s gratu\u00efta i est\u00e0 disponible en el seg\u00fcent enlla\u00e7:&nbsp;&nbsp;<\/p>\n\n\n\n<p class=\"wp-block-paragraph\"><a href=\"https:\/\/palaumacaya.fundacionlacaixa.org\/es\/p\/ia-politicas-publicas-y-sesgos-de-genenero_a169036920\">https:\/\/palaumacaya.fundacionlacaixa.org\/es\/p\/ia-politicas-publicas-y-sesgos-de-genenero_a169036920<\/a><\/p>\n","protected":false},"excerpt":{"rendered":"<p>El seminari &#8220;Quo vadis Europa? Reptes i Escenaris per a l&#8217;Europa de 2030&#8221; ha reunit l\u00edders amb l&#8217;objectiu d&#8217;analitzar els grans desafiaments de la Uni\u00f3 Europea en els pr\u00f2xims anys. Durant l&#8217;esdeveniment, es van abordar temes cr\u00edtics com la crisi energ\u00e8tica, els conflictes geopol\u00edtics, la necessitat d&#8217;accelerar la transici\u00f3 verda i l&#8217;enfortiment de la competitivitat [&hellip;]<\/p>\n","protected":false},"author":6,"featured_media":26506,"comment_status":"open","ping_status":"closed","sticky":false,"template":"","format":"standard","meta":{"_acf_changed":false,"_crdt_document":"","inline_featured_image":false,"footnotes":""},"categories":[121],"tags":[],"class_list":["post-26509","post","type-post","status-publish","format-standard","has-post-thumbnail","hentry","category-noticies"],"acf":[],"yoast_head":"<!-- This site is optimized with the Yoast SEO plugin v27.0 - https:\/\/yoast.com\/product\/yoast-seo-wordpress\/ -->\n<title>Seminari \u201cQuo vadis Europa? Reptes i Escenaris per a l&#039;Europa de 2030\u201d\u00a0 - CEI International Affairs<\/title>\n<meta name=\"robots\" content=\"index, follow, max-snippet:-1, max-image-preview:large, max-video-preview:-1\" \/>\n<link rel=\"canonical\" href=\"https:\/\/www.ceibcn.com\/ca\/2024\/10\/seminario-quo-vadis-europa-retos-y-escenarios-para-la-europa-de-2030\/\" \/>\n<meta property=\"og:locale\" content=\"ca_ES\" \/>\n<meta property=\"og:type\" content=\"article\" \/>\n<meta property=\"og:title\" content=\"Seminari \u201cQuo vadis Europa? Reptes i Escenaris per a l&#039;Europa de 2030\u201d\u00a0 - CEI International Affairs\" \/>\n<meta property=\"og:description\" content=\"El seminari &#8220;Quo vadis Europa? Reptes i Escenaris per a l&#8217;Europa de 2030&#8221; ha reunit l\u00edders amb l&#8217;objectiu d&#8217;analitzar els grans desafiaments de la Uni\u00f3 Europea en els pr\u00f2xims anys. Durant l&#8217;esdeveniment, es van abordar temes cr\u00edtics com la crisi energ\u00e8tica, els conflictes geopol\u00edtics, la necessitat d&#8217;accelerar la transici\u00f3 verda i l&#8217;enfortiment de la competitivitat [&hellip;]\" \/>\n<meta property=\"og:url\" content=\"https:\/\/www.ceibcn.com\/ca\/2024\/10\/seminario-quo-vadis-europa-retos-y-escenarios-para-la-europa-de-2030\/\" \/>\n<meta property=\"og:site_name\" content=\"CEI International Affairs\" \/>\n<meta property=\"article:publisher\" content=\"https:\/\/www.facebook.com\/CEI.CentroDeEstudiosInternacionales\/\" \/>\n<meta property=\"article:published_time\" content=\"2024-10-31T10:46:22+00:00\" \/>\n<meta property=\"article:modified_time\" content=\"2024-10-31T10:49:36+00:00\" \/>\n<meta property=\"og:image\" content=\"https:\/\/www.ceibcn.com\/wp-content\/uploads\/2024\/10\/Image-2.jpeg\" \/>\n\t<meta property=\"og:image:width\" content=\"800\" \/>\n\t<meta property=\"og:image:height\" content=\"533\" \/>\n\t<meta property=\"og:image:type\" content=\"image\/jpeg\" \/>\n<meta name=\"author\" content=\"Cristian Romero Velasco\" \/>\n<meta name=\"twitter:card\" content=\"summary_large_image\" \/>\n<meta name=\"twitter:creator\" content=\"@CEIbcn\" \/>\n<meta name=\"twitter:site\" content=\"@CEIbcn\" \/>\n<meta name=\"twitter:label1\" content=\"Escrit per\" \/>\n\t<meta name=\"twitter:data1\" content=\"Cristian Romero Velasco\" \/>\n\t<meta name=\"twitter:label2\" content=\"Temps estimat de lectura\" \/>\n\t<meta name=\"twitter:data2\" content=\"2 minuts\" \/>\n<script type=\"application\/ld+json\" class=\"yoast-schema-graph\">{\"@context\":\"https:\/\/schema.org\",\"@graph\":[{\"@type\":\"Article\",\"@id\":\"https:\/\/www.ceibcn.com\/ca\/2024\/10\/seminario-quo-vadis-europa-retos-y-escenarios-para-la-europa-de-2030\/#article\",\"isPartOf\":{\"@id\":\"https:\/\/www.ceibcn.com\/ca\/2024\/10\/seminario-quo-vadis-europa-retos-y-escenarios-para-la-europa-de-2030\/\"},\"author\":{\"name\":\"Cristian Romero Velasco\",\"@id\":\"https:\/\/www.ceibcn.com\/ca\/#\/schema\/person\/4ef9992ee2fbd3987a5e1834e5d5808d\"},\"headline\":\"Seminari \u201cQuo vadis Europa? Reptes i Escenaris per a l&#8217;Europa de 2030\u201d\u00a0\",\"datePublished\":\"2024-10-31T10:46:22+00:00\",\"dateModified\":\"2024-10-31T10:49:36+00:00\",\"mainEntityOfPage\":{\"@id\":\"https:\/\/www.ceibcn.com\/ca\/2024\/10\/seminario-quo-vadis-europa-retos-y-escenarios-para-la-europa-de-2030\/\"},\"wordCount\":324,\"commentCount\":0,\"publisher\":{\"@id\":\"https:\/\/www.ceibcn.com\/ca\/#organization\"},\"image\":{\"@id\":\"https:\/\/www.ceibcn.com\/ca\/2024\/10\/seminario-quo-vadis-europa-retos-y-escenarios-para-la-europa-de-2030\/#primaryimage\"},\"thumbnailUrl\":\"https:\/\/www.ceibcn.com\/wp-content\/uploads\/2024\/10\/Image-2.jpeg\",\"articleSection\":[\"Not\u00edcies\"],\"inLanguage\":\"ca\",\"potentialAction\":[{\"@type\":\"CommentAction\",\"name\":\"Comment\",\"target\":[\"https:\/\/www.ceibcn.com\/ca\/2024\/10\/seminario-quo-vadis-europa-retos-y-escenarios-para-la-europa-de-2030\/#respond\"]}]},{\"@type\":\"WebPage\",\"@id\":\"https:\/\/www.ceibcn.com\/ca\/2024\/10\/seminario-quo-vadis-europa-retos-y-escenarios-para-la-europa-de-2030\/\",\"url\":\"https:\/\/www.ceibcn.com\/ca\/2024\/10\/seminario-quo-vadis-europa-retos-y-escenarios-para-la-europa-de-2030\/\",\"name\":\"Seminari \u201cQuo vadis Europa? Reptes i Escenaris per a l'Europa de 2030\u201d\u00a0 - CEI International Affairs\",\"isPartOf\":{\"@id\":\"https:\/\/www.ceibcn.com\/ca\/#website\"},\"primaryImageOfPage\":{\"@id\":\"https:\/\/www.ceibcn.com\/ca\/2024\/10\/seminario-quo-vadis-europa-retos-y-escenarios-para-la-europa-de-2030\/#primaryimage\"},\"image\":{\"@id\":\"https:\/\/www.ceibcn.com\/ca\/2024\/10\/seminario-quo-vadis-europa-retos-y-escenarios-para-la-europa-de-2030\/#primaryimage\"},\"thumbnailUrl\":\"https:\/\/www.ceibcn.com\/wp-content\/uploads\/2024\/10\/Image-2.jpeg\",\"datePublished\":\"2024-10-31T10:46:22+00:00\",\"dateModified\":\"2024-10-31T10:49:36+00:00\",\"breadcrumb\":{\"@id\":\"https:\/\/www.ceibcn.com\/ca\/2024\/10\/seminario-quo-vadis-europa-retos-y-escenarios-para-la-europa-de-2030\/#breadcrumb\"},\"inLanguage\":\"ca\",\"potentialAction\":[{\"@type\":\"ReadAction\",\"target\":[\"https:\/\/www.ceibcn.com\/ca\/2024\/10\/seminario-quo-vadis-europa-retos-y-escenarios-para-la-europa-de-2030\/\"]}]},{\"@type\":\"ImageObject\",\"inLanguage\":\"ca\",\"@id\":\"https:\/\/www.ceibcn.com\/ca\/2024\/10\/seminario-quo-vadis-europa-retos-y-escenarios-para-la-europa-de-2030\/#primaryimage\",\"url\":\"https:\/\/www.ceibcn.com\/wp-content\/uploads\/2024\/10\/Image-2.jpeg\",\"contentUrl\":\"https:\/\/www.ceibcn.com\/wp-content\/uploads\/2024\/10\/Image-2.jpeg\",\"width\":800,\"height\":533},{\"@type\":\"BreadcrumbList\",\"@id\":\"https:\/\/www.ceibcn.com\/ca\/2024\/10\/seminario-quo-vadis-europa-retos-y-escenarios-para-la-europa-de-2030\/#breadcrumb\",\"itemListElement\":[{\"@type\":\"ListItem\",\"position\":1,\"name\":\"Portada\",\"item\":\"https:\/\/www.ceibcn.com\/ca\/\"},{\"@type\":\"ListItem\",\"position\":2,\"name\":\"Seminari \u201cQuo vadis Europa? Reptes i Escenaris per a l&#8217;Europa de 2030\u201d\u00a0\"}]},{\"@type\":\"WebSite\",\"@id\":\"https:\/\/www.ceibcn.com\/ca\/#website\",\"url\":\"https:\/\/www.ceibcn.com\/ca\/\",\"name\":\"CEI International Affairs\",\"description\":\"CEI International Affairs\",\"publisher\":{\"@id\":\"https:\/\/www.ceibcn.com\/ca\/#organization\"},\"alternateName\":\"CEI International Affairs\",\"potentialAction\":[{\"@type\":\"SearchAction\",\"target\":{\"@type\":\"EntryPoint\",\"urlTemplate\":\"https:\/\/www.ceibcn.com\/ca\/?s={search_term_string}\"},\"query-input\":{\"@type\":\"PropertyValueSpecification\",\"valueRequired\":true,\"valueName\":\"search_term_string\"}}],\"inLanguage\":\"ca\"},{\"@type\":\"Organization\",\"@id\":\"https:\/\/www.ceibcn.com\/ca\/#organization\",\"name\":\"CEI International Affairs\",\"url\":\"https:\/\/www.ceibcn.com\/ca\/\",\"logo\":{\"@type\":\"ImageObject\",\"inLanguage\":\"ca\",\"@id\":\"https:\/\/www.ceibcn.com\/ca\/#\/schema\/logo\/image\/\",\"url\":\"https:\/\/www.ceibcn.com\/wp-content\/uploads\/2021\/09\/CeiLogo_EscuelaDiploVectorized_vectorizedSIN_FONDO.png\",\"contentUrl\":\"https:\/\/www.ceibcn.com\/wp-content\/uploads\/2021\/09\/CeiLogo_EscuelaDiploVectorized_vectorizedSIN_FONDO.png\",\"width\":1591,\"height\":629,\"caption\":\"CEI International Affairs\"},\"image\":{\"@id\":\"https:\/\/www.ceibcn.com\/ca\/#\/schema\/logo\/image\/\"},\"sameAs\":[\"https:\/\/www.facebook.com\/CEI.CentroDeEstudiosInternacionales\/\",\"https:\/\/x.com\/CEIbcn\",\"https:\/\/www.instagram.com\/cei_international\/\"]},{\"@type\":\"Person\",\"@id\":\"https:\/\/www.ceibcn.com\/ca\/#\/schema\/person\/4ef9992ee2fbd3987a5e1834e5d5808d\",\"name\":\"Cristian Romero Velasco\",\"image\":{\"@type\":\"ImageObject\",\"inLanguage\":\"ca\",\"@id\":\"https:\/\/www.ceibcn.com\/ca\/#\/schema\/person\/image\/\",\"url\":\"https:\/\/secure.gravatar.com\/avatar\/d78c33ad7f1570635ae9c9cb6274fe682bd5872dfde7a5448127d7825dd90943?s=96&d=mm&r=g\",\"contentUrl\":\"https:\/\/secure.gravatar.com\/avatar\/d78c33ad7f1570635ae9c9cb6274fe682bd5872dfde7a5448127d7825dd90943?s=96&d=mm&r=g\",\"caption\":\"Cristian Romero Velasco\"},\"url\":\"https:\/\/www.ceibcn.com\/ca\/author\/cristian\/\"}]}<\/script>\n<!-- \/ Yoast SEO plugin. -->","yoast_head_json":{"title":"Seminari \u201cQuo vadis Europa? Reptes i Escenaris per a l'Europa de 2030\u201d\u00a0 - CEI International Affairs","robots":{"index":"index","follow":"follow","max-snippet":"max-snippet:-1","max-image-preview":"max-image-preview:large","max-video-preview":"max-video-preview:-1"},"canonical":"https:\/\/www.ceibcn.com\/ca\/2024\/10\/seminario-quo-vadis-europa-retos-y-escenarios-para-la-europa-de-2030\/","og_locale":"ca_ES","og_type":"article","og_title":"Seminari \u201cQuo vadis Europa? Reptes i Escenaris per a l'Europa de 2030\u201d\u00a0 - CEI International Affairs","og_description":"El seminari &#8220;Quo vadis Europa? Reptes i Escenaris per a l&#8217;Europa de 2030&#8221; ha reunit l\u00edders amb l&#8217;objectiu d&#8217;analitzar els grans desafiaments de la Uni\u00f3 Europea en els pr\u00f2xims anys. Durant l&#8217;esdeveniment, es van abordar temes cr\u00edtics com la crisi energ\u00e8tica, els conflictes geopol\u00edtics, la necessitat d&#8217;accelerar la transici\u00f3 verda i l&#8217;enfortiment de la competitivitat [&hellip;]","og_url":"https:\/\/www.ceibcn.com\/ca\/2024\/10\/seminario-quo-vadis-europa-retos-y-escenarios-para-la-europa-de-2030\/","og_site_name":"CEI International Affairs","article_publisher":"https:\/\/www.facebook.com\/CEI.CentroDeEstudiosInternacionales\/","article_published_time":"2024-10-31T10:46:22+00:00","article_modified_time":"2024-10-31T10:49:36+00:00","og_image":[{"width":800,"height":533,"url":"https:\/\/www.ceibcn.com\/wp-content\/uploads\/2024\/10\/Image-2.jpeg","type":"image\/jpeg"}],"author":"Cristian Romero Velasco","twitter_card":"summary_large_image","twitter_creator":"@CEIbcn","twitter_site":"@CEIbcn","twitter_misc":{"Escrit per":"Cristian Romero Velasco","Temps estimat de lectura":"2 minuts"},"schema":{"@context":"https:\/\/schema.org","@graph":[{"@type":"Article","@id":"https:\/\/www.ceibcn.com\/ca\/2024\/10\/seminario-quo-vadis-europa-retos-y-escenarios-para-la-europa-de-2030\/#article","isPartOf":{"@id":"https:\/\/www.ceibcn.com\/ca\/2024\/10\/seminario-quo-vadis-europa-retos-y-escenarios-para-la-europa-de-2030\/"},"author":{"name":"Cristian Romero Velasco","@id":"https:\/\/www.ceibcn.com\/ca\/#\/schema\/person\/4ef9992ee2fbd3987a5e1834e5d5808d"},"headline":"Seminari \u201cQuo vadis Europa? Reptes i Escenaris per a l&#8217;Europa de 2030\u201d\u00a0","datePublished":"2024-10-31T10:46:22+00:00","dateModified":"2024-10-31T10:49:36+00:00","mainEntityOfPage":{"@id":"https:\/\/www.ceibcn.com\/ca\/2024\/10\/seminario-quo-vadis-europa-retos-y-escenarios-para-la-europa-de-2030\/"},"wordCount":324,"commentCount":0,"publisher":{"@id":"https:\/\/www.ceibcn.com\/ca\/#organization"},"image":{"@id":"https:\/\/www.ceibcn.com\/ca\/2024\/10\/seminario-quo-vadis-europa-retos-y-escenarios-para-la-europa-de-2030\/#primaryimage"},"thumbnailUrl":"https:\/\/www.ceibcn.com\/wp-content\/uploads\/2024\/10\/Image-2.jpeg","articleSection":["Not\u00edcies"],"inLanguage":"ca","potentialAction":[{"@type":"CommentAction","name":"Comment","target":["https:\/\/www.ceibcn.com\/ca\/2024\/10\/seminario-quo-vadis-europa-retos-y-escenarios-para-la-europa-de-2030\/#respond"]}]},{"@type":"WebPage","@id":"https:\/\/www.ceibcn.com\/ca\/2024\/10\/seminario-quo-vadis-europa-retos-y-escenarios-para-la-europa-de-2030\/","url":"https:\/\/www.ceibcn.com\/ca\/2024\/10\/seminario-quo-vadis-europa-retos-y-escenarios-para-la-europa-de-2030\/","name":"Seminari \u201cQuo vadis Europa? Reptes i Escenaris per a l'Europa de 2030\u201d\u00a0 - CEI International Affairs","isPartOf":{"@id":"https:\/\/www.ceibcn.com\/ca\/#website"},"primaryImageOfPage":{"@id":"https:\/\/www.ceibcn.com\/ca\/2024\/10\/seminario-quo-vadis-europa-retos-y-escenarios-para-la-europa-de-2030\/#primaryimage"},"image":{"@id":"https:\/\/www.ceibcn.com\/ca\/2024\/10\/seminario-quo-vadis-europa-retos-y-escenarios-para-la-europa-de-2030\/#primaryimage"},"thumbnailUrl":"https:\/\/www.ceibcn.com\/wp-content\/uploads\/2024\/10\/Image-2.jpeg","datePublished":"2024-10-31T10:46:22+00:00","dateModified":"2024-10-31T10:49:36+00:00","breadcrumb":{"@id":"https:\/\/www.ceibcn.com\/ca\/2024\/10\/seminario-quo-vadis-europa-retos-y-escenarios-para-la-europa-de-2030\/#breadcrumb"},"inLanguage":"ca","potentialAction":[{"@type":"ReadAction","target":["https:\/\/www.ceibcn.com\/ca\/2024\/10\/seminario-quo-vadis-europa-retos-y-escenarios-para-la-europa-de-2030\/"]}]},{"@type":"ImageObject","inLanguage":"ca","@id":"https:\/\/www.ceibcn.com\/ca\/2024\/10\/seminario-quo-vadis-europa-retos-y-escenarios-para-la-europa-de-2030\/#primaryimage","url":"https:\/\/www.ceibcn.com\/wp-content\/uploads\/2024\/10\/Image-2.jpeg","contentUrl":"https:\/\/www.ceibcn.com\/wp-content\/uploads\/2024\/10\/Image-2.jpeg","width":800,"height":533},{"@type":"BreadcrumbList","@id":"https:\/\/www.ceibcn.com\/ca\/2024\/10\/seminario-quo-vadis-europa-retos-y-escenarios-para-la-europa-de-2030\/#breadcrumb","itemListElement":[{"@type":"ListItem","position":1,"name":"Portada","item":"https:\/\/www.ceibcn.com\/ca\/"},{"@type":"ListItem","position":2,"name":"Seminari \u201cQuo vadis Europa? Reptes i Escenaris per a l&#8217;Europa de 2030\u201d\u00a0"}]},{"@type":"WebSite","@id":"https:\/\/www.ceibcn.com\/ca\/#website","url":"https:\/\/www.ceibcn.com\/ca\/","name":"CEI International Affairs","description":"CEI International Affairs","publisher":{"@id":"https:\/\/www.ceibcn.com\/ca\/#organization"},"alternateName":"CEI International Affairs","potentialAction":[{"@type":"SearchAction","target":{"@type":"EntryPoint","urlTemplate":"https:\/\/www.ceibcn.com\/ca\/?s={search_term_string}"},"query-input":{"@type":"PropertyValueSpecification","valueRequired":true,"valueName":"search_term_string"}}],"inLanguage":"ca"},{"@type":"Organization","@id":"https:\/\/www.ceibcn.com\/ca\/#organization","name":"CEI International Affairs","url":"https:\/\/www.ceibcn.com\/ca\/","logo":{"@type":"ImageObject","inLanguage":"ca","@id":"https:\/\/www.ceibcn.com\/ca\/#\/schema\/logo\/image\/","url":"https:\/\/www.ceibcn.com\/wp-content\/uploads\/2021\/09\/CeiLogo_EscuelaDiploVectorized_vectorizedSIN_FONDO.png","contentUrl":"https:\/\/www.ceibcn.com\/wp-content\/uploads\/2021\/09\/CeiLogo_EscuelaDiploVectorized_vectorizedSIN_FONDO.png","width":1591,"height":629,"caption":"CEI International Affairs"},"image":{"@id":"https:\/\/www.ceibcn.com\/ca\/#\/schema\/logo\/image\/"},"sameAs":["https:\/\/www.facebook.com\/CEI.CentroDeEstudiosInternacionales\/","https:\/\/x.com\/CEIbcn","https:\/\/www.instagram.com\/cei_international\/"]},{"@type":"Person","@id":"https:\/\/www.ceibcn.com\/ca\/#\/schema\/person\/4ef9992ee2fbd3987a5e1834e5d5808d","name":"Cristian Romero Velasco","image":{"@type":"ImageObject","inLanguage":"ca","@id":"https:\/\/www.ceibcn.com\/ca\/#\/schema\/person\/image\/","url":"https:\/\/secure.gravatar.com\/avatar\/d78c33ad7f1570635ae9c9cb6274fe682bd5872dfde7a5448127d7825dd90943?s=96&d=mm&r=g","contentUrl":"https:\/\/secure.gravatar.com\/avatar\/d78c33ad7f1570635ae9c9cb6274fe682bd5872dfde7a5448127d7825dd90943?s=96&d=mm&r=g","caption":"Cristian Romero Velasco"},"url":"https:\/\/www.ceibcn.com\/ca\/author\/cristian\/"}]}},"_links":{"self":[{"href":"https:\/\/www.ceibcn.com\/ca\/wp-json\/wp\/v2\/posts\/26509","targetHints":{"allow":["GET"]}}],"collection":[{"href":"https:\/\/www.ceibcn.com\/ca\/wp-json\/wp\/v2\/posts"}],"about":[{"href":"https:\/\/www.ceibcn.com\/ca\/wp-json\/wp\/v2\/types\/post"}],"author":[{"embeddable":true,"href":"https:\/\/www.ceibcn.com\/ca\/wp-json\/wp\/v2\/users\/6"}],"replies":[{"embeddable":true,"href":"https:\/\/www.ceibcn.com\/ca\/wp-json\/wp\/v2\/comments?post=26509"}],"version-history":[{"count":1,"href":"https:\/\/www.ceibcn.com\/ca\/wp-json\/wp\/v2\/posts\/26509\/revisions"}],"predecessor-version":[{"id":26511,"href":"https:\/\/www.ceibcn.com\/ca\/wp-json\/wp\/v2\/posts\/26509\/revisions\/26511"}],"wp:featuredmedia":[{"embeddable":true,"href":"https:\/\/www.ceibcn.com\/ca\/wp-json\/wp\/v2\/media\/26506"}],"wp:attachment":[{"href":"https:\/\/www.ceibcn.com\/ca\/wp-json\/wp\/v2\/media?parent=26509"}],"wp:term":[{"taxonomy":"category","embeddable":true,"href":"https:\/\/www.ceibcn.com\/ca\/wp-json\/wp\/v2\/categories?post=26509"},{"taxonomy":"post_tag","embeddable":true,"href":"https:\/\/www.ceibcn.com\/ca\/wp-json\/wp\/v2\/tags?post=26509"}],"curies":[{"name":"wp","href":"https:\/\/api.w.org\/{rel}","templated":true}]}}