{"id":27538,"date":"2025-01-15T19:09:54","date_gmt":"2025-01-15T18:09:54","guid":{"rendered":"https:\/\/www.ceibcn.com\/?p=27538"},"modified":"2025-04-10T13:26:03","modified_gmt":"2025-04-10T11:26:03","slug":"visita-de-lambaixadora-despanya-al-brasil-sra-mar-fernandez-palacios","status":"publish","type":"post","link":"https:\/\/www.ceibcn.com\/ca\/2025\/01\/visita-de-lambaixadora-despanya-al-brasil-sra-mar-fernandez-palacios\/","title":{"rendered":"Visita de l&#8217;Ambaixadora d&#8217;Espanya al Brasil, Sra. Mar Fern\u00e1ndez-Palacios"},"content":{"rendered":"\r\n<p class=\"wp-block-paragraph\">En el marc de l&#8217;Aula Internacional, una iniciativa exclusiva per als membres de l\u2019Executive Club del CEI, hem tingut l&#8217;honor de rebre a la Sra. Mar Fern\u00e1ndez-Palacios, Ambaixadora d&#8217;Espanya al Brasil. Durant la trobada, que ha incl\u00f2s un col\u00b7loqui i un esmorzar posterior, les persones assistents han obtingut una visi\u00f3 sobre la realitat pol\u00edtica, econ\u00f2mica i mediambiental del Brasil, aix\u00ed com les oportunitats i reptes que enfronta aquest pa\u00eds per a les empreses espanyoles.<\/p>\r\n\r\n\r\n\r\n<p class=\"wp-block-paragraph\">Al llarg de la xerrada, s&#8217;han abordat els seg\u00fcents punts:<\/p>\r\n\r\n\r\n\r\n<ol class=\"wp-block-list\">\r\n<li><strong>Import\u00e0ncia de l&#8217;obertura del pa\u00eds i sostenibilitat<\/strong>: Brasil est\u00e0 treballant per a posicionar-se com un referent en la lluita contra el canvi clim\u00e0tic i protegir el medi ambient.<\/li>\r\n\r\n\r\n\r\n<li><strong>Els BRICS:<\/strong> el Brasil \u00e9s un actor clau dins del grup d&#8217;economies emergents (Brasil, R\u00fassia, \u00cdndia, Xina Sud-\u00e0frica).<\/li>\r\n\r\n\r\n\r\n<li><strong>Focus pol\u00edtic en les eleccions de 2026<\/strong>: Import\u00e0ncia de les reformes estructurals en curs, com la reforma fiscal, en un context d&#8217;enorme desigualtat social.<\/li>\r\n<\/ol>\r\n\r\n\r\n<div class=\"wp-block-image\">\r\n<figure class=\"aligncenter size-large is-resized\"><img fetchpriority=\"high\" decoding=\"async\" width=\"1800\" height=\"828\" class=\"wp-image-27528\" style=\"width: 525px; height: auto;\" src=\"https:\/\/www.ceibcn.com\/wp-content\/uploads\/2025\/01\/FOTO-mar-fernandez-y-joaquim-1800x828.jpg\" alt=\"\" \/><\/figure>\r\n<\/div>\r\n\r\n\r\n<p class=\"wp-block-paragraph\">A m\u00e9s, l&#8217;Ambaixadora ha emfatitzat en la import\u00e0ncia de la relaci\u00f3 bilateral que estableixen Espanya i Brasil, sent clau per a enfortir els lla\u00e7os estrat\u00e8gics i explorar noves oportunitats comercials.<\/p>\r\n\r\n\r\n\r\n<p class=\"wp-block-paragraph\">Des del CEI continuem apostant per l&#8217;intercanvi de coneixement i l&#8217;an\u00e0lisi estrat\u00e8gic en activitats com aquestes, amb l&#8217;objectiu de continuar ampliant els coneixements en el m\u00f3n de les relacions internacionals.<\/p>\r\n\r\n\r\n\r\n<p class=\"wp-block-paragraph\">&nbsp;<\/p>\r\n","protected":false},"excerpt":{"rendered":"<p>En el marc de l&#8217;Aula Internacional, la Sra. Mar Fern\u00e1ndez-Palacios, Ambaixadora d&#8217;Espanya al Brasil, ha exposat la realitat pol\u00edtica, econ\u00f2mica i mediambiental del Brasil, aix\u00ed com les oportunitats i reptes que enfronta aquest pa\u00eds per a les empreses espanyoles.<\/p>\n","protected":false},"author":11,"featured_media":27532,"comment_status":"open","ping_status":"closed","sticky":false,"template":"","format":"standard","meta":{"_acf_changed":false,"_crdt_document":"","inline_featured_image":false,"footnotes":""},"categories":[121],"tags":[],"class_list":["post-27538","post","type-post","status-publish","format-standard","has-post-thumbnail","hentry","category-noticies"],"acf":[],"yoast_head":"<!-- This site is optimized with the Yoast SEO plugin v27.0 - https:\/\/yoast.com\/product\/yoast-seo-wordpress\/ -->\n<title>Visita de l&#039;Ambaixadora d&#039;Espanya al Brasil, Sra. Mar Fern\u00e1ndez-Palacios - CEI International Affairs<\/title>\n<meta name=\"robots\" content=\"index, follow, max-snippet:-1, max-image-preview:large, max-video-preview:-1\" \/>\n<link rel=\"canonical\" href=\"https:\/\/www.ceibcn.com\/ca\/2025\/01\/visita-de-lambaixadora-despanya-al-brasil-sra-mar-fernandez-palacios\/\" \/>\n<meta property=\"og:locale\" content=\"ca_ES\" \/>\n<meta property=\"og:type\" content=\"article\" \/>\n<meta property=\"og:title\" content=\"Visita de l&#039;Ambaixadora d&#039;Espanya al Brasil, Sra. Mar Fern\u00e1ndez-Palacios - CEI International Affairs\" \/>\n<meta property=\"og:description\" content=\"En el marc de l&#039;Aula Internacional, la Sra. Mar Fern\u00e1ndez-Palacios, Ambaixadora d&#039;Espanya al Brasil, ha exposat la realitat pol\u00edtica, econ\u00f2mica i mediambiental del Brasil, aix\u00ed com les oportunitats i reptes que enfronta aquest pa\u00eds per a les empreses espanyoles.\" \/>\n<meta property=\"og:url\" content=\"https:\/\/www.ceibcn.com\/ca\/2025\/01\/visita-de-lambaixadora-despanya-al-brasil-sra-mar-fernandez-palacios\/\" \/>\n<meta property=\"og:site_name\" content=\"CEI International Affairs\" \/>\n<meta property=\"article:publisher\" content=\"https:\/\/www.facebook.com\/CEI.CentroDeEstudiosInternacionales\/\" \/>\n<meta property=\"article:published_time\" content=\"2025-01-15T18:09:54+00:00\" \/>\n<meta property=\"article:modified_time\" content=\"2025-04-10T11:26:03+00:00\" \/>\n<meta property=\"og:image\" content=\"https:\/\/www.ceibcn.com\/wp-content\/uploads\/2025\/01\/FOTO-mar-fernandez-y-joaquim-1-scaled.jpg\" \/>\n\t<meta property=\"og:image:width\" content=\"2560\" \/>\n\t<meta property=\"og:image:height\" content=\"1707\" \/>\n\t<meta property=\"og:image:type\" content=\"image\/jpeg\" \/>\n<meta name=\"author\" content=\"Carla V\u00e1zquez Moreno\" \/>\n<meta name=\"twitter:card\" content=\"summary_large_image\" \/>\n<meta name=\"twitter:creator\" content=\"@CEIbcn\" \/>\n<meta name=\"twitter:site\" content=\"@CEIbcn\" \/>\n<meta name=\"twitter:label1\" content=\"Escrit per\" \/>\n\t<meta name=\"twitter:data1\" content=\"Carla V\u00e1zquez Moreno\" \/>\n\t<meta name=\"twitter:label2\" content=\"Temps estimat de lectura\" \/>\n\t<meta name=\"twitter:data2\" content=\"2 minuts\" \/>\n<script type=\"application\/ld+json\" class=\"yoast-schema-graph\">{\"@context\":\"https:\/\/schema.org\",\"@graph\":[{\"@type\":\"Article\",\"@id\":\"https:\/\/www.ceibcn.com\/ca\/2025\/01\/visita-de-lambaixadora-despanya-al-brasil-sra-mar-fernandez-palacios\/#article\",\"isPartOf\":{\"@id\":\"https:\/\/www.ceibcn.com\/ca\/2025\/01\/visita-de-lambaixadora-despanya-al-brasil-sra-mar-fernandez-palacios\/\"},\"author\":{\"name\":\"Carla V\u00e1zquez Moreno\",\"@id\":\"https:\/\/www.ceibcn.com\/ca\/#\/schema\/person\/ade8c52628f010f149da9031432f538d\"},\"headline\":\"Visita de l&#8217;Ambaixadora d&#8217;Espanya al Brasil, Sra. Mar Fern\u00e1ndez-Palacios\",\"datePublished\":\"2025-01-15T18:09:54+00:00\",\"dateModified\":\"2025-04-10T11:26:03+00:00\",\"mainEntityOfPage\":{\"@id\":\"https:\/\/www.ceibcn.com\/ca\/2025\/01\/visita-de-lambaixadora-despanya-al-brasil-sra-mar-fernandez-palacios\/\"},\"wordCount\":259,\"commentCount\":0,\"publisher\":{\"@id\":\"https:\/\/www.ceibcn.com\/ca\/#organization\"},\"image\":{\"@id\":\"https:\/\/www.ceibcn.com\/ca\/2025\/01\/visita-de-lambaixadora-despanya-al-brasil-sra-mar-fernandez-palacios\/#primaryimage\"},\"thumbnailUrl\":\"https:\/\/www.ceibcn.com\/wp-content\/uploads\/2025\/01\/FOTO-mar-fernandez-y-joaquim-1-scaled.jpg\",\"articleSection\":[\"Not\u00edcies\"],\"inLanguage\":\"ca\",\"potentialAction\":[{\"@type\":\"CommentAction\",\"name\":\"Comment\",\"target\":[\"https:\/\/www.ceibcn.com\/ca\/2025\/01\/visita-de-lambaixadora-despanya-al-brasil-sra-mar-fernandez-palacios\/#respond\"]}]},{\"@type\":\"WebPage\",\"@id\":\"https:\/\/www.ceibcn.com\/ca\/2025\/01\/visita-de-lambaixadora-despanya-al-brasil-sra-mar-fernandez-palacios\/\",\"url\":\"https:\/\/www.ceibcn.com\/ca\/2025\/01\/visita-de-lambaixadora-despanya-al-brasil-sra-mar-fernandez-palacios\/\",\"name\":\"Visita de l'Ambaixadora d'Espanya al Brasil, Sra. Mar Fern\u00e1ndez-Palacios - CEI International Affairs\",\"isPartOf\":{\"@id\":\"https:\/\/www.ceibcn.com\/ca\/#website\"},\"primaryImageOfPage\":{\"@id\":\"https:\/\/www.ceibcn.com\/ca\/2025\/01\/visita-de-lambaixadora-despanya-al-brasil-sra-mar-fernandez-palacios\/#primaryimage\"},\"image\":{\"@id\":\"https:\/\/www.ceibcn.com\/ca\/2025\/01\/visita-de-lambaixadora-despanya-al-brasil-sra-mar-fernandez-palacios\/#primaryimage\"},\"thumbnailUrl\":\"https:\/\/www.ceibcn.com\/wp-content\/uploads\/2025\/01\/FOTO-mar-fernandez-y-joaquim-1-scaled.jpg\",\"datePublished\":\"2025-01-15T18:09:54+00:00\",\"dateModified\":\"2025-04-10T11:26:03+00:00\",\"breadcrumb\":{\"@id\":\"https:\/\/www.ceibcn.com\/ca\/2025\/01\/visita-de-lambaixadora-despanya-al-brasil-sra-mar-fernandez-palacios\/#breadcrumb\"},\"inLanguage\":\"ca\",\"potentialAction\":[{\"@type\":\"ReadAction\",\"target\":[\"https:\/\/www.ceibcn.com\/ca\/2025\/01\/visita-de-lambaixadora-despanya-al-brasil-sra-mar-fernandez-palacios\/\"]}]},{\"@type\":\"ImageObject\",\"inLanguage\":\"ca\",\"@id\":\"https:\/\/www.ceibcn.com\/ca\/2025\/01\/visita-de-lambaixadora-despanya-al-brasil-sra-mar-fernandez-palacios\/#primaryimage\",\"url\":\"https:\/\/www.ceibcn.com\/wp-content\/uploads\/2025\/01\/FOTO-mar-fernandez-y-joaquim-1-scaled.jpg\",\"contentUrl\":\"https:\/\/www.ceibcn.com\/wp-content\/uploads\/2025\/01\/FOTO-mar-fernandez-y-joaquim-1-scaled.jpg\",\"width\":2560,\"height\":1707},{\"@type\":\"BreadcrumbList\",\"@id\":\"https:\/\/www.ceibcn.com\/ca\/2025\/01\/visita-de-lambaixadora-despanya-al-brasil-sra-mar-fernandez-palacios\/#breadcrumb\",\"itemListElement\":[{\"@type\":\"ListItem\",\"position\":1,\"name\":\"Portada\",\"item\":\"https:\/\/www.ceibcn.com\/ca\/\"},{\"@type\":\"ListItem\",\"position\":2,\"name\":\"Visita de l&#8217;Ambaixadora d&#8217;Espanya al Brasil, Sra. Mar Fern\u00e1ndez-Palacios\"}]},{\"@type\":\"WebSite\",\"@id\":\"https:\/\/www.ceibcn.com\/ca\/#website\",\"url\":\"https:\/\/www.ceibcn.com\/ca\/\",\"name\":\"CEI International Affairs\",\"description\":\"CEI International Affairs\",\"publisher\":{\"@id\":\"https:\/\/www.ceibcn.com\/ca\/#organization\"},\"alternateName\":\"CEI International Affairs\",\"potentialAction\":[{\"@type\":\"SearchAction\",\"target\":{\"@type\":\"EntryPoint\",\"urlTemplate\":\"https:\/\/www.ceibcn.com\/ca\/?s={search_term_string}\"},\"query-input\":{\"@type\":\"PropertyValueSpecification\",\"valueRequired\":true,\"valueName\":\"search_term_string\"}}],\"inLanguage\":\"ca\"},{\"@type\":\"Organization\",\"@id\":\"https:\/\/www.ceibcn.com\/ca\/#organization\",\"name\":\"CEI International Affairs\",\"url\":\"https:\/\/www.ceibcn.com\/ca\/\",\"logo\":{\"@type\":\"ImageObject\",\"inLanguage\":\"ca\",\"@id\":\"https:\/\/www.ceibcn.com\/ca\/#\/schema\/logo\/image\/\",\"url\":\"https:\/\/www.ceibcn.com\/wp-content\/uploads\/2021\/09\/CeiLogo_EscuelaDiploVectorized_vectorizedSIN_FONDO.png\",\"contentUrl\":\"https:\/\/www.ceibcn.com\/wp-content\/uploads\/2021\/09\/CeiLogo_EscuelaDiploVectorized_vectorizedSIN_FONDO.png\",\"width\":1591,\"height\":629,\"caption\":\"CEI International Affairs\"},\"image\":{\"@id\":\"https:\/\/www.ceibcn.com\/ca\/#\/schema\/logo\/image\/\"},\"sameAs\":[\"https:\/\/www.facebook.com\/CEI.CentroDeEstudiosInternacionales\/\",\"https:\/\/x.com\/CEIbcn\",\"https:\/\/www.instagram.com\/cei_international\/\"]},{\"@type\":\"Person\",\"@id\":\"https:\/\/www.ceibcn.com\/ca\/#\/schema\/person\/ade8c52628f010f149da9031432f538d\",\"name\":\"Carla V\u00e1zquez Moreno\",\"image\":{\"@type\":\"ImageObject\",\"inLanguage\":\"ca\",\"@id\":\"https:\/\/www.ceibcn.com\/ca\/#\/schema\/person\/image\/\",\"url\":\"https:\/\/secure.gravatar.com\/avatar\/07396995718186c2b1a2f071ca87cd80143e420274dfd37126595cdd5bbc2e0c?s=96&d=mm&r=g\",\"contentUrl\":\"https:\/\/secure.gravatar.com\/avatar\/07396995718186c2b1a2f071ca87cd80143e420274dfd37126595cdd5bbc2e0c?s=96&d=mm&r=g\",\"caption\":\"Carla V\u00e1zquez Moreno\"},\"url\":\"https:\/\/www.ceibcn.com\/ca\/author\/carla\/\"}]}<\/script>\n<!-- \/ Yoast SEO plugin. -->","yoast_head_json":{"title":"Visita de l'Ambaixadora d'Espanya al Brasil, Sra. Mar Fern\u00e1ndez-Palacios - CEI International Affairs","robots":{"index":"index","follow":"follow","max-snippet":"max-snippet:-1","max-image-preview":"max-image-preview:large","max-video-preview":"max-video-preview:-1"},"canonical":"https:\/\/www.ceibcn.com\/ca\/2025\/01\/visita-de-lambaixadora-despanya-al-brasil-sra-mar-fernandez-palacios\/","og_locale":"ca_ES","og_type":"article","og_title":"Visita de l'Ambaixadora d'Espanya al Brasil, Sra. Mar Fern\u00e1ndez-Palacios - CEI International Affairs","og_description":"En el marc de l'Aula Internacional, la Sra. Mar Fern\u00e1ndez-Palacios, Ambaixadora d'Espanya al Brasil, ha exposat la realitat pol\u00edtica, econ\u00f2mica i mediambiental del Brasil, aix\u00ed com les oportunitats i reptes que enfronta aquest pa\u00eds per a les empreses espanyoles.","og_url":"https:\/\/www.ceibcn.com\/ca\/2025\/01\/visita-de-lambaixadora-despanya-al-brasil-sra-mar-fernandez-palacios\/","og_site_name":"CEI International Affairs","article_publisher":"https:\/\/www.facebook.com\/CEI.CentroDeEstudiosInternacionales\/","article_published_time":"2025-01-15T18:09:54+00:00","article_modified_time":"2025-04-10T11:26:03+00:00","og_image":[{"width":2560,"height":1707,"url":"https:\/\/www.ceibcn.com\/wp-content\/uploads\/2025\/01\/FOTO-mar-fernandez-y-joaquim-1-scaled.jpg","type":"image\/jpeg"}],"author":"Carla V\u00e1zquez Moreno","twitter_card":"summary_large_image","twitter_creator":"@CEIbcn","twitter_site":"@CEIbcn","twitter_misc":{"Escrit per":"Carla V\u00e1zquez Moreno","Temps estimat de lectura":"2 minuts"},"schema":{"@context":"https:\/\/schema.org","@graph":[{"@type":"Article","@id":"https:\/\/www.ceibcn.com\/ca\/2025\/01\/visita-de-lambaixadora-despanya-al-brasil-sra-mar-fernandez-palacios\/#article","isPartOf":{"@id":"https:\/\/www.ceibcn.com\/ca\/2025\/01\/visita-de-lambaixadora-despanya-al-brasil-sra-mar-fernandez-palacios\/"},"author":{"name":"Carla V\u00e1zquez Moreno","@id":"https:\/\/www.ceibcn.com\/ca\/#\/schema\/person\/ade8c52628f010f149da9031432f538d"},"headline":"Visita de l&#8217;Ambaixadora d&#8217;Espanya al Brasil, Sra. Mar Fern\u00e1ndez-Palacios","datePublished":"2025-01-15T18:09:54+00:00","dateModified":"2025-04-10T11:26:03+00:00","mainEntityOfPage":{"@id":"https:\/\/www.ceibcn.com\/ca\/2025\/01\/visita-de-lambaixadora-despanya-al-brasil-sra-mar-fernandez-palacios\/"},"wordCount":259,"commentCount":0,"publisher":{"@id":"https:\/\/www.ceibcn.com\/ca\/#organization"},"image":{"@id":"https:\/\/www.ceibcn.com\/ca\/2025\/01\/visita-de-lambaixadora-despanya-al-brasil-sra-mar-fernandez-palacios\/#primaryimage"},"thumbnailUrl":"https:\/\/www.ceibcn.com\/wp-content\/uploads\/2025\/01\/FOTO-mar-fernandez-y-joaquim-1-scaled.jpg","articleSection":["Not\u00edcies"],"inLanguage":"ca","potentialAction":[{"@type":"CommentAction","name":"Comment","target":["https:\/\/www.ceibcn.com\/ca\/2025\/01\/visita-de-lambaixadora-despanya-al-brasil-sra-mar-fernandez-palacios\/#respond"]}]},{"@type":"WebPage","@id":"https:\/\/www.ceibcn.com\/ca\/2025\/01\/visita-de-lambaixadora-despanya-al-brasil-sra-mar-fernandez-palacios\/","url":"https:\/\/www.ceibcn.com\/ca\/2025\/01\/visita-de-lambaixadora-despanya-al-brasil-sra-mar-fernandez-palacios\/","name":"Visita de l'Ambaixadora d'Espanya al Brasil, Sra. Mar Fern\u00e1ndez-Palacios - CEI International Affairs","isPartOf":{"@id":"https:\/\/www.ceibcn.com\/ca\/#website"},"primaryImageOfPage":{"@id":"https:\/\/www.ceibcn.com\/ca\/2025\/01\/visita-de-lambaixadora-despanya-al-brasil-sra-mar-fernandez-palacios\/#primaryimage"},"image":{"@id":"https:\/\/www.ceibcn.com\/ca\/2025\/01\/visita-de-lambaixadora-despanya-al-brasil-sra-mar-fernandez-palacios\/#primaryimage"},"thumbnailUrl":"https:\/\/www.ceibcn.com\/wp-content\/uploads\/2025\/01\/FOTO-mar-fernandez-y-joaquim-1-scaled.jpg","datePublished":"2025-01-15T18:09:54+00:00","dateModified":"2025-04-10T11:26:03+00:00","breadcrumb":{"@id":"https:\/\/www.ceibcn.com\/ca\/2025\/01\/visita-de-lambaixadora-despanya-al-brasil-sra-mar-fernandez-palacios\/#breadcrumb"},"inLanguage":"ca","potentialAction":[{"@type":"ReadAction","target":["https:\/\/www.ceibcn.com\/ca\/2025\/01\/visita-de-lambaixadora-despanya-al-brasil-sra-mar-fernandez-palacios\/"]}]},{"@type":"ImageObject","inLanguage":"ca","@id":"https:\/\/www.ceibcn.com\/ca\/2025\/01\/visita-de-lambaixadora-despanya-al-brasil-sra-mar-fernandez-palacios\/#primaryimage","url":"https:\/\/www.ceibcn.com\/wp-content\/uploads\/2025\/01\/FOTO-mar-fernandez-y-joaquim-1-scaled.jpg","contentUrl":"https:\/\/www.ceibcn.com\/wp-content\/uploads\/2025\/01\/FOTO-mar-fernandez-y-joaquim-1-scaled.jpg","width":2560,"height":1707},{"@type":"BreadcrumbList","@id":"https:\/\/www.ceibcn.com\/ca\/2025\/01\/visita-de-lambaixadora-despanya-al-brasil-sra-mar-fernandez-palacios\/#breadcrumb","itemListElement":[{"@type":"ListItem","position":1,"name":"Portada","item":"https:\/\/www.ceibcn.com\/ca\/"},{"@type":"ListItem","position":2,"name":"Visita de l&#8217;Ambaixadora d&#8217;Espanya al Brasil, Sra. Mar Fern\u00e1ndez-Palacios"}]},{"@type":"WebSite","@id":"https:\/\/www.ceibcn.com\/ca\/#website","url":"https:\/\/www.ceibcn.com\/ca\/","name":"CEI International Affairs","description":"CEI International Affairs","publisher":{"@id":"https:\/\/www.ceibcn.com\/ca\/#organization"},"alternateName":"CEI International Affairs","potentialAction":[{"@type":"SearchAction","target":{"@type":"EntryPoint","urlTemplate":"https:\/\/www.ceibcn.com\/ca\/?s={search_term_string}"},"query-input":{"@type":"PropertyValueSpecification","valueRequired":true,"valueName":"search_term_string"}}],"inLanguage":"ca"},{"@type":"Organization","@id":"https:\/\/www.ceibcn.com\/ca\/#organization","name":"CEI International Affairs","url":"https:\/\/www.ceibcn.com\/ca\/","logo":{"@type":"ImageObject","inLanguage":"ca","@id":"https:\/\/www.ceibcn.com\/ca\/#\/schema\/logo\/image\/","url":"https:\/\/www.ceibcn.com\/wp-content\/uploads\/2021\/09\/CeiLogo_EscuelaDiploVectorized_vectorizedSIN_FONDO.png","contentUrl":"https:\/\/www.ceibcn.com\/wp-content\/uploads\/2021\/09\/CeiLogo_EscuelaDiploVectorized_vectorizedSIN_FONDO.png","width":1591,"height":629,"caption":"CEI International Affairs"},"image":{"@id":"https:\/\/www.ceibcn.com\/ca\/#\/schema\/logo\/image\/"},"sameAs":["https:\/\/www.facebook.com\/CEI.CentroDeEstudiosInternacionales\/","https:\/\/x.com\/CEIbcn","https:\/\/www.instagram.com\/cei_international\/"]},{"@type":"Person","@id":"https:\/\/www.ceibcn.com\/ca\/#\/schema\/person\/ade8c52628f010f149da9031432f538d","name":"Carla V\u00e1zquez Moreno","image":{"@type":"ImageObject","inLanguage":"ca","@id":"https:\/\/www.ceibcn.com\/ca\/#\/schema\/person\/image\/","url":"https:\/\/secure.gravatar.com\/avatar\/07396995718186c2b1a2f071ca87cd80143e420274dfd37126595cdd5bbc2e0c?s=96&d=mm&r=g","contentUrl":"https:\/\/secure.gravatar.com\/avatar\/07396995718186c2b1a2f071ca87cd80143e420274dfd37126595cdd5bbc2e0c?s=96&d=mm&r=g","caption":"Carla V\u00e1zquez Moreno"},"url":"https:\/\/www.ceibcn.com\/ca\/author\/carla\/"}]}},"_links":{"self":[{"href":"https:\/\/www.ceibcn.com\/ca\/wp-json\/wp\/v2\/posts\/27538","targetHints":{"allow":["GET"]}}],"collection":[{"href":"https:\/\/www.ceibcn.com\/ca\/wp-json\/wp\/v2\/posts"}],"about":[{"href":"https:\/\/www.ceibcn.com\/ca\/wp-json\/wp\/v2\/types\/post"}],"author":[{"embeddable":true,"href":"https:\/\/www.ceibcn.com\/ca\/wp-json\/wp\/v2\/users\/11"}],"replies":[{"embeddable":true,"href":"https:\/\/www.ceibcn.com\/ca\/wp-json\/wp\/v2\/comments?post=27538"}],"version-history":[{"count":4,"href":"https:\/\/www.ceibcn.com\/ca\/wp-json\/wp\/v2\/posts\/27538\/revisions"}],"predecessor-version":[{"id":29361,"href":"https:\/\/www.ceibcn.com\/ca\/wp-json\/wp\/v2\/posts\/27538\/revisions\/29361"}],"wp:featuredmedia":[{"embeddable":true,"href":"https:\/\/www.ceibcn.com\/ca\/wp-json\/wp\/v2\/media\/27532"}],"wp:attachment":[{"href":"https:\/\/www.ceibcn.com\/ca\/wp-json\/wp\/v2\/media?parent=27538"}],"wp:term":[{"taxonomy":"category","embeddable":true,"href":"https:\/\/www.ceibcn.com\/ca\/wp-json\/wp\/v2\/categories?post=27538"},{"taxonomy":"post_tag","embeddable":true,"href":"https:\/\/www.ceibcn.com\/ca\/wp-json\/wp\/v2\/tags?post=27538"}],"curies":[{"name":"wp","href":"https:\/\/api.w.org\/{rel}","templated":true}]}}