{"id":27710,"date":"2025-01-28T10:45:06","date_gmt":"2025-01-28T09:45:06","guid":{"rendered":"https:\/\/www.ceibcn.com\/?p=27710"},"modified":"2025-01-28T10:45:08","modified_gmt":"2025-01-28T09:45:08","slug":"34a-jornada-del-moviment-europeu-catala","status":"publish","type":"post","link":"https:\/\/www.ceibcn.com\/ca\/2025\/01\/34a-jornada-del-moviment-europeu-catala\/","title":{"rendered":"34\u00aa Jornada del Moviment Europeu Catal\u00e0"},"content":{"rendered":"\n<p class=\"wp-block-paragraph\">Ahir vam tenir el plaer de participar en un acte organitzat pel <strong>Consell Catal\u00e0 del Moviment Europeu<\/strong>, centrat en els reptes futurs del Mediterrani, 30 anys despr\u00e9s dels Processos de Barcelona.<\/p>\n\n\n\n<p class=\"wp-block-paragraph\">El nostre Director General, el Sr. <strong><a href=\"https:\/\/www.ceibcn.com\/bienvenida-del-director\/\">Joaquim Llimona<\/a><\/strong>, va compartir espai al costat d&#8217;experts com <strong>Youssef Cherif<\/strong>, Director del Columbia Global Center Tunis, i <strong>Julien Barnes-Dacey<\/strong>, Director del Programa Orient Mitj\u00e0 i Nord d&#8217;\u00c0frica de l\u2019European Council on Foreign Relations, en un panell moderat pel Sr. <strong>Sen\u00e9n Florensa<\/strong>, President Executiu de l&#8217;Institut Europeu de la Mediterr\u00e0nia, per a analitzar les oportunitats actuals de la pol\u00edtica Euromediterr\u00e0nia en un context internacional complex.<\/p>\n\n\n\n<p class=\"wp-block-paragraph\"><\/p>\n\n\n<div class=\"wp-block-image\">\n<figure class=\"aligncenter size-large is-resized\"><img fetchpriority=\"high\" decoding=\"async\" width=\"1800\" height=\"828\" src=\"https:\/\/www.ceibcn.com\/wp-content\/uploads\/2025\/01\/foto-mov-europeu-2-1-1800x828.jpg\" alt=\"\" class=\"wp-image-27711\" style=\"width:624px;height:auto\"\/><\/figure>\n<\/div>\n\n\n<p class=\"wp-block-paragraph\"><\/p>\n\n\n\n<p class=\"wp-block-paragraph\">Durant la confer\u00e8ncia, es va destacar la import\u00e0ncia del Mediterrani com a pont d&#8217;uni\u00f3 entre pa\u00efsos i la necessitat urgent d&#8217;enfortir la cooperaci\u00f3 entre la ribera nord i la sud, amb un enfocament multilateral que impulsi solucions compartides.<\/p>\n\n\n\n<p class=\"wp-block-paragraph\">En paraules del nostre director: &#8220;No hem de deixar-nos portar pel pessimisme. \u00c9s v\u00e0lid incloure-ho en la reflexi\u00f3, per\u00f2 sempre des de l&#8217;optimisme en l&#8217;acci\u00f3. El Proc\u00e9s de Barcelona va ser un avan\u00e7 innegable, per\u00f2 encara queda molt per fer.&#8221;<\/p>\n\n\n\n<p class=\"wp-block-paragraph\">Una jornada imprescindible per a continuar avan\u00e7ant i plena d&#8217;aprenentatge amb un debat enriquidor. Agra\u00efm a totes les persones participants i organitzadores per fer-la possible.<\/p>\n","protected":false},"excerpt":{"rendered":"<p>Participaci\u00f3 a l&#8217;acte organitzat pel Consell Catal\u00e0 del Moviment Europeu, centrat en els reptes futurs del Mediterrani, 30 anys despr\u00e9s dels Processos de Barcelona.<\/p>\n","protected":false},"author":11,"featured_media":27703,"comment_status":"open","ping_status":"closed","sticky":false,"template":"","format":"standard","meta":{"_acf_changed":false,"_crdt_document":"","inline_featured_image":false,"footnotes":""},"categories":[121],"tags":[],"class_list":["post-27710","post","type-post","status-publish","format-standard","has-post-thumbnail","hentry","category-noticies"],"acf":[],"yoast_head":"<!-- This site is optimized with the Yoast SEO plugin v27.0 - https:\/\/yoast.com\/product\/yoast-seo-wordpress\/ -->\n<title>34\u00aa Jornada del Moviment Europeu Catal\u00e0 - CEI International Affairs<\/title>\n<meta name=\"robots\" content=\"index, follow, max-snippet:-1, max-image-preview:large, max-video-preview:-1\" \/>\n<link rel=\"canonical\" href=\"https:\/\/www.ceibcn.com\/ca\/2025\/01\/34a-jornada-del-moviment-europeu-catala\/\" \/>\n<meta property=\"og:locale\" content=\"ca_ES\" \/>\n<meta property=\"og:type\" content=\"article\" \/>\n<meta property=\"og:title\" content=\"34\u00aa Jornada del Moviment Europeu Catal\u00e0 - CEI International Affairs\" \/>\n<meta property=\"og:description\" content=\"Participaci\u00f3 a l&#039;acte organitzat pel Consell Catal\u00e0 del Moviment Europeu, centrat en els reptes futurs del Mediterrani, 30 anys despr\u00e9s dels Processos de Barcelona.\" \/>\n<meta property=\"og:url\" content=\"https:\/\/www.ceibcn.com\/ca\/2025\/01\/34a-jornada-del-moviment-europeu-catala\/\" \/>\n<meta property=\"og:site_name\" content=\"CEI International Affairs\" \/>\n<meta property=\"article:publisher\" content=\"https:\/\/www.facebook.com\/CEI.CentroDeEstudiosInternacionales\/\" \/>\n<meta property=\"article:published_time\" content=\"2025-01-28T09:45:06+00:00\" \/>\n<meta property=\"article:modified_time\" content=\"2025-01-28T09:45:08+00:00\" \/>\n<meta property=\"og:image\" content=\"https:\/\/www.ceibcn.com\/wp-content\/uploads\/2025\/01\/foto-moviment-europeu.jpg\" \/>\n\t<meta property=\"og:image:width\" content=\"1920\" \/>\n\t<meta property=\"og:image:height\" content=\"1080\" \/>\n\t<meta property=\"og:image:type\" content=\"image\/jpeg\" \/>\n<meta name=\"author\" content=\"Carla V\u00e1zquez Moreno\" \/>\n<meta name=\"twitter:card\" content=\"summary_large_image\" \/>\n<meta name=\"twitter:creator\" content=\"@CEIbcn\" \/>\n<meta name=\"twitter:site\" content=\"@CEIbcn\" \/>\n<meta name=\"twitter:label1\" content=\"Escrit per\" \/>\n\t<meta name=\"twitter:data1\" content=\"Carla V\u00e1zquez Moreno\" \/>\n\t<meta name=\"twitter:label2\" content=\"Temps estimat de lectura\" \/>\n\t<meta name=\"twitter:data2\" content=\"2 minuts\" \/>\n<script type=\"application\/ld+json\" class=\"yoast-schema-graph\">{\"@context\":\"https:\/\/schema.org\",\"@graph\":[{\"@type\":\"Article\",\"@id\":\"https:\/\/www.ceibcn.com\/ca\/2025\/01\/34a-jornada-del-moviment-europeu-catala\/#article\",\"isPartOf\":{\"@id\":\"https:\/\/www.ceibcn.com\/ca\/2025\/01\/34a-jornada-del-moviment-europeu-catala\/\"},\"author\":{\"name\":\"Carla V\u00e1zquez Moreno\",\"@id\":\"https:\/\/www.ceibcn.com\/ca\/#\/schema\/person\/ade8c52628f010f149da9031432f538d\"},\"headline\":\"34\u00aa Jornada del Moviment Europeu Catal\u00e0\",\"datePublished\":\"2025-01-28T09:45:06+00:00\",\"dateModified\":\"2025-01-28T09:45:08+00:00\",\"mainEntityOfPage\":{\"@id\":\"https:\/\/www.ceibcn.com\/ca\/2025\/01\/34a-jornada-del-moviment-europeu-catala\/\"},\"wordCount\":230,\"commentCount\":0,\"publisher\":{\"@id\":\"https:\/\/www.ceibcn.com\/ca\/#organization\"},\"image\":{\"@id\":\"https:\/\/www.ceibcn.com\/ca\/2025\/01\/34a-jornada-del-moviment-europeu-catala\/#primaryimage\"},\"thumbnailUrl\":\"https:\/\/www.ceibcn.com\/wp-content\/uploads\/2025\/01\/foto-moviment-europeu.jpg\",\"articleSection\":[\"Not\u00edcies\"],\"inLanguage\":\"ca\",\"potentialAction\":[{\"@type\":\"CommentAction\",\"name\":\"Comment\",\"target\":[\"https:\/\/www.ceibcn.com\/ca\/2025\/01\/34a-jornada-del-moviment-europeu-catala\/#respond\"]}]},{\"@type\":\"WebPage\",\"@id\":\"https:\/\/www.ceibcn.com\/ca\/2025\/01\/34a-jornada-del-moviment-europeu-catala\/\",\"url\":\"https:\/\/www.ceibcn.com\/ca\/2025\/01\/34a-jornada-del-moviment-europeu-catala\/\",\"name\":\"34\u00aa Jornada del Moviment Europeu Catal\u00e0 - CEI International Affairs\",\"isPartOf\":{\"@id\":\"https:\/\/www.ceibcn.com\/ca\/#website\"},\"primaryImageOfPage\":{\"@id\":\"https:\/\/www.ceibcn.com\/ca\/2025\/01\/34a-jornada-del-moviment-europeu-catala\/#primaryimage\"},\"image\":{\"@id\":\"https:\/\/www.ceibcn.com\/ca\/2025\/01\/34a-jornada-del-moviment-europeu-catala\/#primaryimage\"},\"thumbnailUrl\":\"https:\/\/www.ceibcn.com\/wp-content\/uploads\/2025\/01\/foto-moviment-europeu.jpg\",\"datePublished\":\"2025-01-28T09:45:06+00:00\",\"dateModified\":\"2025-01-28T09:45:08+00:00\",\"breadcrumb\":{\"@id\":\"https:\/\/www.ceibcn.com\/ca\/2025\/01\/34a-jornada-del-moviment-europeu-catala\/#breadcrumb\"},\"inLanguage\":\"ca\",\"potentialAction\":[{\"@type\":\"ReadAction\",\"target\":[\"https:\/\/www.ceibcn.com\/ca\/2025\/01\/34a-jornada-del-moviment-europeu-catala\/\"]}]},{\"@type\":\"ImageObject\",\"inLanguage\":\"ca\",\"@id\":\"https:\/\/www.ceibcn.com\/ca\/2025\/01\/34a-jornada-del-moviment-europeu-catala\/#primaryimage\",\"url\":\"https:\/\/www.ceibcn.com\/wp-content\/uploads\/2025\/01\/foto-moviment-europeu.jpg\",\"contentUrl\":\"https:\/\/www.ceibcn.com\/wp-content\/uploads\/2025\/01\/foto-moviment-europeu.jpg\",\"width\":1920,\"height\":1080},{\"@type\":\"BreadcrumbList\",\"@id\":\"https:\/\/www.ceibcn.com\/ca\/2025\/01\/34a-jornada-del-moviment-europeu-catala\/#breadcrumb\",\"itemListElement\":[{\"@type\":\"ListItem\",\"position\":1,\"name\":\"Portada\",\"item\":\"https:\/\/www.ceibcn.com\/ca\/\"},{\"@type\":\"ListItem\",\"position\":2,\"name\":\"34\u00aa Jornada del Moviment Europeu Catal\u00e0\"}]},{\"@type\":\"WebSite\",\"@id\":\"https:\/\/www.ceibcn.com\/ca\/#website\",\"url\":\"https:\/\/www.ceibcn.com\/ca\/\",\"name\":\"CEI International Affairs\",\"description\":\"CEI International Affairs\",\"publisher\":{\"@id\":\"https:\/\/www.ceibcn.com\/ca\/#organization\"},\"alternateName\":\"CEI International Affairs\",\"potentialAction\":[{\"@type\":\"SearchAction\",\"target\":{\"@type\":\"EntryPoint\",\"urlTemplate\":\"https:\/\/www.ceibcn.com\/ca\/?s={search_term_string}\"},\"query-input\":{\"@type\":\"PropertyValueSpecification\",\"valueRequired\":true,\"valueName\":\"search_term_string\"}}],\"inLanguage\":\"ca\"},{\"@type\":\"Organization\",\"@id\":\"https:\/\/www.ceibcn.com\/ca\/#organization\",\"name\":\"CEI International Affairs\",\"url\":\"https:\/\/www.ceibcn.com\/ca\/\",\"logo\":{\"@type\":\"ImageObject\",\"inLanguage\":\"ca\",\"@id\":\"https:\/\/www.ceibcn.com\/ca\/#\/schema\/logo\/image\/\",\"url\":\"https:\/\/www.ceibcn.com\/wp-content\/uploads\/2021\/09\/CeiLogo_EscuelaDiploVectorized_vectorizedSIN_FONDO.png\",\"contentUrl\":\"https:\/\/www.ceibcn.com\/wp-content\/uploads\/2021\/09\/CeiLogo_EscuelaDiploVectorized_vectorizedSIN_FONDO.png\",\"width\":1591,\"height\":629,\"caption\":\"CEI International Affairs\"},\"image\":{\"@id\":\"https:\/\/www.ceibcn.com\/ca\/#\/schema\/logo\/image\/\"},\"sameAs\":[\"https:\/\/www.facebook.com\/CEI.CentroDeEstudiosInternacionales\/\",\"https:\/\/x.com\/CEIbcn\",\"https:\/\/www.instagram.com\/cei_international\/\"]},{\"@type\":\"Person\",\"@id\":\"https:\/\/www.ceibcn.com\/ca\/#\/schema\/person\/ade8c52628f010f149da9031432f538d\",\"name\":\"Carla V\u00e1zquez Moreno\",\"image\":{\"@type\":\"ImageObject\",\"inLanguage\":\"ca\",\"@id\":\"https:\/\/www.ceibcn.com\/ca\/#\/schema\/person\/image\/\",\"url\":\"https:\/\/secure.gravatar.com\/avatar\/07396995718186c2b1a2f071ca87cd80143e420274dfd37126595cdd5bbc2e0c?s=96&d=mm&r=g\",\"contentUrl\":\"https:\/\/secure.gravatar.com\/avatar\/07396995718186c2b1a2f071ca87cd80143e420274dfd37126595cdd5bbc2e0c?s=96&d=mm&r=g\",\"caption\":\"Carla V\u00e1zquez Moreno\"},\"url\":\"https:\/\/www.ceibcn.com\/ca\/author\/carla\/\"}]}<\/script>\n<!-- \/ Yoast SEO plugin. -->","yoast_head_json":{"title":"34\u00aa Jornada del Moviment Europeu Catal\u00e0 - CEI International Affairs","robots":{"index":"index","follow":"follow","max-snippet":"max-snippet:-1","max-image-preview":"max-image-preview:large","max-video-preview":"max-video-preview:-1"},"canonical":"https:\/\/www.ceibcn.com\/ca\/2025\/01\/34a-jornada-del-moviment-europeu-catala\/","og_locale":"ca_ES","og_type":"article","og_title":"34\u00aa Jornada del Moviment Europeu Catal\u00e0 - CEI International Affairs","og_description":"Participaci\u00f3 a l'acte organitzat pel Consell Catal\u00e0 del Moviment Europeu, centrat en els reptes futurs del Mediterrani, 30 anys despr\u00e9s dels Processos de Barcelona.","og_url":"https:\/\/www.ceibcn.com\/ca\/2025\/01\/34a-jornada-del-moviment-europeu-catala\/","og_site_name":"CEI International Affairs","article_publisher":"https:\/\/www.facebook.com\/CEI.CentroDeEstudiosInternacionales\/","article_published_time":"2025-01-28T09:45:06+00:00","article_modified_time":"2025-01-28T09:45:08+00:00","og_image":[{"width":1920,"height":1080,"url":"https:\/\/www.ceibcn.com\/wp-content\/uploads\/2025\/01\/foto-moviment-europeu.jpg","type":"image\/jpeg"}],"author":"Carla V\u00e1zquez Moreno","twitter_card":"summary_large_image","twitter_creator":"@CEIbcn","twitter_site":"@CEIbcn","twitter_misc":{"Escrit per":"Carla V\u00e1zquez Moreno","Temps estimat de lectura":"2 minuts"},"schema":{"@context":"https:\/\/schema.org","@graph":[{"@type":"Article","@id":"https:\/\/www.ceibcn.com\/ca\/2025\/01\/34a-jornada-del-moviment-europeu-catala\/#article","isPartOf":{"@id":"https:\/\/www.ceibcn.com\/ca\/2025\/01\/34a-jornada-del-moviment-europeu-catala\/"},"author":{"name":"Carla V\u00e1zquez Moreno","@id":"https:\/\/www.ceibcn.com\/ca\/#\/schema\/person\/ade8c52628f010f149da9031432f538d"},"headline":"34\u00aa Jornada del Moviment Europeu Catal\u00e0","datePublished":"2025-01-28T09:45:06+00:00","dateModified":"2025-01-28T09:45:08+00:00","mainEntityOfPage":{"@id":"https:\/\/www.ceibcn.com\/ca\/2025\/01\/34a-jornada-del-moviment-europeu-catala\/"},"wordCount":230,"commentCount":0,"publisher":{"@id":"https:\/\/www.ceibcn.com\/ca\/#organization"},"image":{"@id":"https:\/\/www.ceibcn.com\/ca\/2025\/01\/34a-jornada-del-moviment-europeu-catala\/#primaryimage"},"thumbnailUrl":"https:\/\/www.ceibcn.com\/wp-content\/uploads\/2025\/01\/foto-moviment-europeu.jpg","articleSection":["Not\u00edcies"],"inLanguage":"ca","potentialAction":[{"@type":"CommentAction","name":"Comment","target":["https:\/\/www.ceibcn.com\/ca\/2025\/01\/34a-jornada-del-moviment-europeu-catala\/#respond"]}]},{"@type":"WebPage","@id":"https:\/\/www.ceibcn.com\/ca\/2025\/01\/34a-jornada-del-moviment-europeu-catala\/","url":"https:\/\/www.ceibcn.com\/ca\/2025\/01\/34a-jornada-del-moviment-europeu-catala\/","name":"34\u00aa Jornada del Moviment Europeu Catal\u00e0 - CEI International Affairs","isPartOf":{"@id":"https:\/\/www.ceibcn.com\/ca\/#website"},"primaryImageOfPage":{"@id":"https:\/\/www.ceibcn.com\/ca\/2025\/01\/34a-jornada-del-moviment-europeu-catala\/#primaryimage"},"image":{"@id":"https:\/\/www.ceibcn.com\/ca\/2025\/01\/34a-jornada-del-moviment-europeu-catala\/#primaryimage"},"thumbnailUrl":"https:\/\/www.ceibcn.com\/wp-content\/uploads\/2025\/01\/foto-moviment-europeu.jpg","datePublished":"2025-01-28T09:45:06+00:00","dateModified":"2025-01-28T09:45:08+00:00","breadcrumb":{"@id":"https:\/\/www.ceibcn.com\/ca\/2025\/01\/34a-jornada-del-moviment-europeu-catala\/#breadcrumb"},"inLanguage":"ca","potentialAction":[{"@type":"ReadAction","target":["https:\/\/www.ceibcn.com\/ca\/2025\/01\/34a-jornada-del-moviment-europeu-catala\/"]}]},{"@type":"ImageObject","inLanguage":"ca","@id":"https:\/\/www.ceibcn.com\/ca\/2025\/01\/34a-jornada-del-moviment-europeu-catala\/#primaryimage","url":"https:\/\/www.ceibcn.com\/wp-content\/uploads\/2025\/01\/foto-moviment-europeu.jpg","contentUrl":"https:\/\/www.ceibcn.com\/wp-content\/uploads\/2025\/01\/foto-moviment-europeu.jpg","width":1920,"height":1080},{"@type":"BreadcrumbList","@id":"https:\/\/www.ceibcn.com\/ca\/2025\/01\/34a-jornada-del-moviment-europeu-catala\/#breadcrumb","itemListElement":[{"@type":"ListItem","position":1,"name":"Portada","item":"https:\/\/www.ceibcn.com\/ca\/"},{"@type":"ListItem","position":2,"name":"34\u00aa Jornada del Moviment Europeu Catal\u00e0"}]},{"@type":"WebSite","@id":"https:\/\/www.ceibcn.com\/ca\/#website","url":"https:\/\/www.ceibcn.com\/ca\/","name":"CEI International Affairs","description":"CEI International Affairs","publisher":{"@id":"https:\/\/www.ceibcn.com\/ca\/#organization"},"alternateName":"CEI International Affairs","potentialAction":[{"@type":"SearchAction","target":{"@type":"EntryPoint","urlTemplate":"https:\/\/www.ceibcn.com\/ca\/?s={search_term_string}"},"query-input":{"@type":"PropertyValueSpecification","valueRequired":true,"valueName":"search_term_string"}}],"inLanguage":"ca"},{"@type":"Organization","@id":"https:\/\/www.ceibcn.com\/ca\/#organization","name":"CEI International Affairs","url":"https:\/\/www.ceibcn.com\/ca\/","logo":{"@type":"ImageObject","inLanguage":"ca","@id":"https:\/\/www.ceibcn.com\/ca\/#\/schema\/logo\/image\/","url":"https:\/\/www.ceibcn.com\/wp-content\/uploads\/2021\/09\/CeiLogo_EscuelaDiploVectorized_vectorizedSIN_FONDO.png","contentUrl":"https:\/\/www.ceibcn.com\/wp-content\/uploads\/2021\/09\/CeiLogo_EscuelaDiploVectorized_vectorizedSIN_FONDO.png","width":1591,"height":629,"caption":"CEI International Affairs"},"image":{"@id":"https:\/\/www.ceibcn.com\/ca\/#\/schema\/logo\/image\/"},"sameAs":["https:\/\/www.facebook.com\/CEI.CentroDeEstudiosInternacionales\/","https:\/\/x.com\/CEIbcn","https:\/\/www.instagram.com\/cei_international\/"]},{"@type":"Person","@id":"https:\/\/www.ceibcn.com\/ca\/#\/schema\/person\/ade8c52628f010f149da9031432f538d","name":"Carla V\u00e1zquez Moreno","image":{"@type":"ImageObject","inLanguage":"ca","@id":"https:\/\/www.ceibcn.com\/ca\/#\/schema\/person\/image\/","url":"https:\/\/secure.gravatar.com\/avatar\/07396995718186c2b1a2f071ca87cd80143e420274dfd37126595cdd5bbc2e0c?s=96&d=mm&r=g","contentUrl":"https:\/\/secure.gravatar.com\/avatar\/07396995718186c2b1a2f071ca87cd80143e420274dfd37126595cdd5bbc2e0c?s=96&d=mm&r=g","caption":"Carla V\u00e1zquez Moreno"},"url":"https:\/\/www.ceibcn.com\/ca\/author\/carla\/"}]}},"_links":{"self":[{"href":"https:\/\/www.ceibcn.com\/ca\/wp-json\/wp\/v2\/posts\/27710","targetHints":{"allow":["GET"]}}],"collection":[{"href":"https:\/\/www.ceibcn.com\/ca\/wp-json\/wp\/v2\/posts"}],"about":[{"href":"https:\/\/www.ceibcn.com\/ca\/wp-json\/wp\/v2\/types\/post"}],"author":[{"embeddable":true,"href":"https:\/\/www.ceibcn.com\/ca\/wp-json\/wp\/v2\/users\/11"}],"replies":[{"embeddable":true,"href":"https:\/\/www.ceibcn.com\/ca\/wp-json\/wp\/v2\/comments?post=27710"}],"version-history":[{"count":1,"href":"https:\/\/www.ceibcn.com\/ca\/wp-json\/wp\/v2\/posts\/27710\/revisions"}],"predecessor-version":[{"id":27714,"href":"https:\/\/www.ceibcn.com\/ca\/wp-json\/wp\/v2\/posts\/27710\/revisions\/27714"}],"wp:featuredmedia":[{"embeddable":true,"href":"https:\/\/www.ceibcn.com\/ca\/wp-json\/wp\/v2\/media\/27703"}],"wp:attachment":[{"href":"https:\/\/www.ceibcn.com\/ca\/wp-json\/wp\/v2\/media?parent=27710"}],"wp:term":[{"taxonomy":"category","embeddable":true,"href":"https:\/\/www.ceibcn.com\/ca\/wp-json\/wp\/v2\/categories?post=27710"},{"taxonomy":"post_tag","embeddable":true,"href":"https:\/\/www.ceibcn.com\/ca\/wp-json\/wp\/v2\/tags?post=27710"}],"curies":[{"name":"wp","href":"https:\/\/api.w.org\/{rel}","templated":true}]}}