{"id":29239,"date":"2025-04-10T12:42:49","date_gmt":"2025-04-10T10:42:49","guid":{"rendered":"https:\/\/www.ceibcn.com\/?p=29239"},"modified":"2025-04-10T12:50:59","modified_gmt":"2025-04-10T10:50:59","slug":"visita-del-sr-enric-juliana-adjunt-al-director-de-la-vanguardia","status":"publish","type":"post","link":"https:\/\/www.ceibcn.com\/ca\/2025\/04\/visita-del-sr-enric-juliana-adjunt-al-director-de-la-vanguardia\/","title":{"rendered":"Visita del Sr. Enric Juliana, adjunt al director de La Vanguardia"},"content":{"rendered":"\r\n<p class=\"wp-block-paragraph\">El CEI International Affairs va tenir l&#8217;honor de rebre a <strong>Enric Juliana Ricart<\/strong>, adjunt al director de <em>La Vanguardi<\/em>a i un dels periodistes pol\u00edtics m\u00e9s destacats del pa\u00eds. La seva visita es va emmarcar en les activitats formatives dirigides al nostre alumnat de la <a href=\"https:\/\/www.ceibcn.com\/ca\/preparacio-de-loposicio-a-la-carrera-diplomatica\/\">Preparaci\u00f3 de l&#8217;Oposici\u00f3 a la Carrera Diplom\u00e0tica<\/a>.<\/p>\r\n\r\n\r\n\r\n<p class=\"wp-block-paragraph\">Durant la seva intervenci\u00f3, el Sr. Juliana va oferir una sessi\u00f3 magistral centrada en el tercer exercici de l&#8217;oposici\u00f3, que avalua la capacitat d&#8217;an\u00e0lisi i redacci\u00f3 sobre temes d&#8217;actualitat. Amb un enfocament pr\u00e0ctic i enriquidor, va compartir estrat\u00e8gies per a millorar la claredat expositiva, la solidesa argumentativa i l&#8217;estructura del discurs, claus per a superar aquesta prova.<\/p>\r\n\r\n\r\n\r\n<p class=\"wp-block-paragraph\">Des del <strong>CEI <\/strong>agra\u00efm profundament a Enric Juliana per la seva generositat i proximitat en compartir la seva experi\u00e8ncia amb el nostre alumnat.<\/p>\r\n\r\n\r\n\r\n<p class=\"wp-block-paragraph\">No et perdis el v\u00eddeo amb els tres consells essencials que va deixar per a afrontar amb \u00e8xit la prova escrita: <a href=\"https:\/\/www.instagram.com\/reel\/DHvBIk3M3j4\/?utm_source=ig_web_copy_link&amp;igsh=MzRlODBiNWFlZA==\">https:\/\/www.instagram.com\/reel\/DHvBIk3M3j4\/?utm_source=ig_web_copy_link&amp;igsh=MzRlODBiNWFlZA==<\/a><\/p>\r\n","protected":false},"excerpt":{"rendered":"<p>Visita del Sr. Enric Juliana, adjunt al director de La Vanguardia, per a oferir una sessi\u00f3 magistral centrada en el tercer exercici de l&#8217;oposici\u00f3 a la Carrera Diplom\u00e0tica.<\/p>\n","protected":false},"author":11,"featured_media":29136,"comment_status":"open","ping_status":"closed","sticky":false,"template":"","format":"standard","meta":{"_acf_changed":false,"_crdt_document":"","inline_featured_image":false,"footnotes":""},"categories":[121],"tags":[],"class_list":["post-29239","post","type-post","status-publish","format-standard","has-post-thumbnail","hentry","category-noticies"],"acf":[],"yoast_head":"<!-- This site is optimized with the Yoast SEO plugin v27.0 - https:\/\/yoast.com\/product\/yoast-seo-wordpress\/ -->\n<title>Visita del Sr. Enric Juliana, adjunt al director de La Vanguardia - CEI International Affairs<\/title>\n<meta name=\"robots\" content=\"index, follow, max-snippet:-1, max-image-preview:large, max-video-preview:-1\" \/>\n<link rel=\"canonical\" href=\"https:\/\/www.ceibcn.com\/ca\/2025\/04\/visita-del-sr-enric-juliana-adjunt-al-director-de-la-vanguardia\/\" \/>\n<meta property=\"og:locale\" content=\"ca_ES\" \/>\n<meta property=\"og:type\" content=\"article\" \/>\n<meta property=\"og:title\" content=\"Visita del Sr. Enric Juliana, adjunt al director de La Vanguardia - CEI International Affairs\" \/>\n<meta property=\"og:description\" content=\"Visita del Sr. Enric Juliana, adjunt al director de La Vanguardia, per a oferir una sessi\u00f3 magistral centrada en el tercer exercici de l&#039;oposici\u00f3 a la Carrera Diplom\u00e0tica.\" \/>\n<meta property=\"og:url\" content=\"https:\/\/www.ceibcn.com\/ca\/2025\/04\/visita-del-sr-enric-juliana-adjunt-al-director-de-la-vanguardia\/\" \/>\n<meta property=\"og:site_name\" content=\"CEI International Affairs\" \/>\n<meta property=\"article:publisher\" content=\"https:\/\/www.facebook.com\/CEI.CentroDeEstudiosInternacionales\/\" \/>\n<meta property=\"article:published_time\" content=\"2025-04-10T10:42:49+00:00\" \/>\n<meta property=\"article:modified_time\" content=\"2025-04-10T10:50:59+00:00\" \/>\n<meta property=\"og:image\" content=\"https:\/\/www.ceibcn.com\/wp-content\/uploads\/2025\/03\/plano-ponencias-scaled.jpg\" \/>\n\t<meta property=\"og:image:width\" content=\"2560\" \/>\n\t<meta property=\"og:image:height\" content=\"1707\" \/>\n\t<meta property=\"og:image:type\" content=\"image\/jpeg\" \/>\n<meta name=\"author\" content=\"Carla V\u00e1zquez Moreno\" \/>\n<meta name=\"twitter:card\" content=\"summary_large_image\" \/>\n<meta name=\"twitter:creator\" content=\"@CEIbcn\" \/>\n<meta name=\"twitter:site\" content=\"@CEIbcn\" \/>\n<meta name=\"twitter:label1\" content=\"Escrit per\" \/>\n\t<meta name=\"twitter:data1\" content=\"Carla V\u00e1zquez Moreno\" \/>\n\t<meta name=\"twitter:label2\" content=\"Temps estimat de lectura\" \/>\n\t<meta name=\"twitter:data2\" content=\"1 minut\" \/>\n<script type=\"application\/ld+json\" class=\"yoast-schema-graph\">{\"@context\":\"https:\/\/schema.org\",\"@graph\":[{\"@type\":\"Article\",\"@id\":\"https:\/\/www.ceibcn.com\/ca\/2025\/04\/visita-del-sr-enric-juliana-adjunt-al-director-de-la-vanguardia\/#article\",\"isPartOf\":{\"@id\":\"https:\/\/www.ceibcn.com\/ca\/2025\/04\/visita-del-sr-enric-juliana-adjunt-al-director-de-la-vanguardia\/\"},\"author\":{\"name\":\"Carla V\u00e1zquez Moreno\",\"@id\":\"https:\/\/www.ceibcn.com\/ca\/#\/schema\/person\/ade8c52628f010f149da9031432f538d\"},\"headline\":\"Visita del Sr. Enric Juliana, adjunt al director de La Vanguardia\",\"datePublished\":\"2025-04-10T10:42:49+00:00\",\"dateModified\":\"2025-04-10T10:50:59+00:00\",\"mainEntityOfPage\":{\"@id\":\"https:\/\/www.ceibcn.com\/ca\/2025\/04\/visita-del-sr-enric-juliana-adjunt-al-director-de-la-vanguardia\/\"},\"wordCount\":196,\"commentCount\":0,\"publisher\":{\"@id\":\"https:\/\/www.ceibcn.com\/ca\/#organization\"},\"image\":{\"@id\":\"https:\/\/www.ceibcn.com\/ca\/2025\/04\/visita-del-sr-enric-juliana-adjunt-al-director-de-la-vanguardia\/#primaryimage\"},\"thumbnailUrl\":\"https:\/\/www.ceibcn.com\/wp-content\/uploads\/2025\/03\/plano-ponencias-scaled.jpg\",\"articleSection\":[\"Not\u00edcies\"],\"inLanguage\":\"ca\",\"potentialAction\":[{\"@type\":\"CommentAction\",\"name\":\"Comment\",\"target\":[\"https:\/\/www.ceibcn.com\/ca\/2025\/04\/visita-del-sr-enric-juliana-adjunt-al-director-de-la-vanguardia\/#respond\"]}]},{\"@type\":\"WebPage\",\"@id\":\"https:\/\/www.ceibcn.com\/ca\/2025\/04\/visita-del-sr-enric-juliana-adjunt-al-director-de-la-vanguardia\/\",\"url\":\"https:\/\/www.ceibcn.com\/ca\/2025\/04\/visita-del-sr-enric-juliana-adjunt-al-director-de-la-vanguardia\/\",\"name\":\"Visita del Sr. Enric Juliana, adjunt al director de La Vanguardia - CEI International Affairs\",\"isPartOf\":{\"@id\":\"https:\/\/www.ceibcn.com\/ca\/#website\"},\"primaryImageOfPage\":{\"@id\":\"https:\/\/www.ceibcn.com\/ca\/2025\/04\/visita-del-sr-enric-juliana-adjunt-al-director-de-la-vanguardia\/#primaryimage\"},\"image\":{\"@id\":\"https:\/\/www.ceibcn.com\/ca\/2025\/04\/visita-del-sr-enric-juliana-adjunt-al-director-de-la-vanguardia\/#primaryimage\"},\"thumbnailUrl\":\"https:\/\/www.ceibcn.com\/wp-content\/uploads\/2025\/03\/plano-ponencias-scaled.jpg\",\"datePublished\":\"2025-04-10T10:42:49+00:00\",\"dateModified\":\"2025-04-10T10:50:59+00:00\",\"breadcrumb\":{\"@id\":\"https:\/\/www.ceibcn.com\/ca\/2025\/04\/visita-del-sr-enric-juliana-adjunt-al-director-de-la-vanguardia\/#breadcrumb\"},\"inLanguage\":\"ca\",\"potentialAction\":[{\"@type\":\"ReadAction\",\"target\":[\"https:\/\/www.ceibcn.com\/ca\/2025\/04\/visita-del-sr-enric-juliana-adjunt-al-director-de-la-vanguardia\/\"]}]},{\"@type\":\"ImageObject\",\"inLanguage\":\"ca\",\"@id\":\"https:\/\/www.ceibcn.com\/ca\/2025\/04\/visita-del-sr-enric-juliana-adjunt-al-director-de-la-vanguardia\/#primaryimage\",\"url\":\"https:\/\/www.ceibcn.com\/wp-content\/uploads\/2025\/03\/plano-ponencias-scaled.jpg\",\"contentUrl\":\"https:\/\/www.ceibcn.com\/wp-content\/uploads\/2025\/03\/plano-ponencias-scaled.jpg\",\"width\":2560,\"height\":1707},{\"@type\":\"BreadcrumbList\",\"@id\":\"https:\/\/www.ceibcn.com\/ca\/2025\/04\/visita-del-sr-enric-juliana-adjunt-al-director-de-la-vanguardia\/#breadcrumb\",\"itemListElement\":[{\"@type\":\"ListItem\",\"position\":1,\"name\":\"Portada\",\"item\":\"https:\/\/www.ceibcn.com\/ca\/\"},{\"@type\":\"ListItem\",\"position\":2,\"name\":\"Visita del Sr. Enric Juliana, adjunt al director de La Vanguardia\"}]},{\"@type\":\"WebSite\",\"@id\":\"https:\/\/www.ceibcn.com\/ca\/#website\",\"url\":\"https:\/\/www.ceibcn.com\/ca\/\",\"name\":\"CEI International Affairs\",\"description\":\"CEI International Affairs\",\"publisher\":{\"@id\":\"https:\/\/www.ceibcn.com\/ca\/#organization\"},\"alternateName\":\"CEI International Affairs\",\"potentialAction\":[{\"@type\":\"SearchAction\",\"target\":{\"@type\":\"EntryPoint\",\"urlTemplate\":\"https:\/\/www.ceibcn.com\/ca\/?s={search_term_string}\"},\"query-input\":{\"@type\":\"PropertyValueSpecification\",\"valueRequired\":true,\"valueName\":\"search_term_string\"}}],\"inLanguage\":\"ca\"},{\"@type\":\"Organization\",\"@id\":\"https:\/\/www.ceibcn.com\/ca\/#organization\",\"name\":\"CEI International Affairs\",\"url\":\"https:\/\/www.ceibcn.com\/ca\/\",\"logo\":{\"@type\":\"ImageObject\",\"inLanguage\":\"ca\",\"@id\":\"https:\/\/www.ceibcn.com\/ca\/#\/schema\/logo\/image\/\",\"url\":\"https:\/\/www.ceibcn.com\/wp-content\/uploads\/2021\/09\/CeiLogo_EscuelaDiploVectorized_vectorizedSIN_FONDO.png\",\"contentUrl\":\"https:\/\/www.ceibcn.com\/wp-content\/uploads\/2021\/09\/CeiLogo_EscuelaDiploVectorized_vectorizedSIN_FONDO.png\",\"width\":1591,\"height\":629,\"caption\":\"CEI International Affairs\"},\"image\":{\"@id\":\"https:\/\/www.ceibcn.com\/ca\/#\/schema\/logo\/image\/\"},\"sameAs\":[\"https:\/\/www.facebook.com\/CEI.CentroDeEstudiosInternacionales\/\",\"https:\/\/x.com\/CEIbcn\",\"https:\/\/www.instagram.com\/cei_international\/\"]},{\"@type\":\"Person\",\"@id\":\"https:\/\/www.ceibcn.com\/ca\/#\/schema\/person\/ade8c52628f010f149da9031432f538d\",\"name\":\"Carla V\u00e1zquez Moreno\",\"image\":{\"@type\":\"ImageObject\",\"inLanguage\":\"ca\",\"@id\":\"https:\/\/www.ceibcn.com\/ca\/#\/schema\/person\/image\/\",\"url\":\"https:\/\/secure.gravatar.com\/avatar\/07396995718186c2b1a2f071ca87cd80143e420274dfd37126595cdd5bbc2e0c?s=96&d=mm&r=g\",\"contentUrl\":\"https:\/\/secure.gravatar.com\/avatar\/07396995718186c2b1a2f071ca87cd80143e420274dfd37126595cdd5bbc2e0c?s=96&d=mm&r=g\",\"caption\":\"Carla V\u00e1zquez Moreno\"},\"url\":\"https:\/\/www.ceibcn.com\/ca\/author\/carla\/\"}]}<\/script>\n<!-- \/ Yoast SEO plugin. -->","yoast_head_json":{"title":"Visita del Sr. Enric Juliana, adjunt al director de La Vanguardia - CEI International Affairs","robots":{"index":"index","follow":"follow","max-snippet":"max-snippet:-1","max-image-preview":"max-image-preview:large","max-video-preview":"max-video-preview:-1"},"canonical":"https:\/\/www.ceibcn.com\/ca\/2025\/04\/visita-del-sr-enric-juliana-adjunt-al-director-de-la-vanguardia\/","og_locale":"ca_ES","og_type":"article","og_title":"Visita del Sr. Enric Juliana, adjunt al director de La Vanguardia - CEI International Affairs","og_description":"Visita del Sr. Enric Juliana, adjunt al director de La Vanguardia, per a oferir una sessi\u00f3 magistral centrada en el tercer exercici de l'oposici\u00f3 a la Carrera Diplom\u00e0tica.","og_url":"https:\/\/www.ceibcn.com\/ca\/2025\/04\/visita-del-sr-enric-juliana-adjunt-al-director-de-la-vanguardia\/","og_site_name":"CEI International Affairs","article_publisher":"https:\/\/www.facebook.com\/CEI.CentroDeEstudiosInternacionales\/","article_published_time":"2025-04-10T10:42:49+00:00","article_modified_time":"2025-04-10T10:50:59+00:00","og_image":[{"width":2560,"height":1707,"url":"https:\/\/www.ceibcn.com\/wp-content\/uploads\/2025\/03\/plano-ponencias-scaled.jpg","type":"image\/jpeg"}],"author":"Carla V\u00e1zquez Moreno","twitter_card":"summary_large_image","twitter_creator":"@CEIbcn","twitter_site":"@CEIbcn","twitter_misc":{"Escrit per":"Carla V\u00e1zquez Moreno","Temps estimat de lectura":"1 minut"},"schema":{"@context":"https:\/\/schema.org","@graph":[{"@type":"Article","@id":"https:\/\/www.ceibcn.com\/ca\/2025\/04\/visita-del-sr-enric-juliana-adjunt-al-director-de-la-vanguardia\/#article","isPartOf":{"@id":"https:\/\/www.ceibcn.com\/ca\/2025\/04\/visita-del-sr-enric-juliana-adjunt-al-director-de-la-vanguardia\/"},"author":{"name":"Carla V\u00e1zquez Moreno","@id":"https:\/\/www.ceibcn.com\/ca\/#\/schema\/person\/ade8c52628f010f149da9031432f538d"},"headline":"Visita del Sr. Enric Juliana, adjunt al director de La Vanguardia","datePublished":"2025-04-10T10:42:49+00:00","dateModified":"2025-04-10T10:50:59+00:00","mainEntityOfPage":{"@id":"https:\/\/www.ceibcn.com\/ca\/2025\/04\/visita-del-sr-enric-juliana-adjunt-al-director-de-la-vanguardia\/"},"wordCount":196,"commentCount":0,"publisher":{"@id":"https:\/\/www.ceibcn.com\/ca\/#organization"},"image":{"@id":"https:\/\/www.ceibcn.com\/ca\/2025\/04\/visita-del-sr-enric-juliana-adjunt-al-director-de-la-vanguardia\/#primaryimage"},"thumbnailUrl":"https:\/\/www.ceibcn.com\/wp-content\/uploads\/2025\/03\/plano-ponencias-scaled.jpg","articleSection":["Not\u00edcies"],"inLanguage":"ca","potentialAction":[{"@type":"CommentAction","name":"Comment","target":["https:\/\/www.ceibcn.com\/ca\/2025\/04\/visita-del-sr-enric-juliana-adjunt-al-director-de-la-vanguardia\/#respond"]}]},{"@type":"WebPage","@id":"https:\/\/www.ceibcn.com\/ca\/2025\/04\/visita-del-sr-enric-juliana-adjunt-al-director-de-la-vanguardia\/","url":"https:\/\/www.ceibcn.com\/ca\/2025\/04\/visita-del-sr-enric-juliana-adjunt-al-director-de-la-vanguardia\/","name":"Visita del Sr. Enric Juliana, adjunt al director de La Vanguardia - CEI International Affairs","isPartOf":{"@id":"https:\/\/www.ceibcn.com\/ca\/#website"},"primaryImageOfPage":{"@id":"https:\/\/www.ceibcn.com\/ca\/2025\/04\/visita-del-sr-enric-juliana-adjunt-al-director-de-la-vanguardia\/#primaryimage"},"image":{"@id":"https:\/\/www.ceibcn.com\/ca\/2025\/04\/visita-del-sr-enric-juliana-adjunt-al-director-de-la-vanguardia\/#primaryimage"},"thumbnailUrl":"https:\/\/www.ceibcn.com\/wp-content\/uploads\/2025\/03\/plano-ponencias-scaled.jpg","datePublished":"2025-04-10T10:42:49+00:00","dateModified":"2025-04-10T10:50:59+00:00","breadcrumb":{"@id":"https:\/\/www.ceibcn.com\/ca\/2025\/04\/visita-del-sr-enric-juliana-adjunt-al-director-de-la-vanguardia\/#breadcrumb"},"inLanguage":"ca","potentialAction":[{"@type":"ReadAction","target":["https:\/\/www.ceibcn.com\/ca\/2025\/04\/visita-del-sr-enric-juliana-adjunt-al-director-de-la-vanguardia\/"]}]},{"@type":"ImageObject","inLanguage":"ca","@id":"https:\/\/www.ceibcn.com\/ca\/2025\/04\/visita-del-sr-enric-juliana-adjunt-al-director-de-la-vanguardia\/#primaryimage","url":"https:\/\/www.ceibcn.com\/wp-content\/uploads\/2025\/03\/plano-ponencias-scaled.jpg","contentUrl":"https:\/\/www.ceibcn.com\/wp-content\/uploads\/2025\/03\/plano-ponencias-scaled.jpg","width":2560,"height":1707},{"@type":"BreadcrumbList","@id":"https:\/\/www.ceibcn.com\/ca\/2025\/04\/visita-del-sr-enric-juliana-adjunt-al-director-de-la-vanguardia\/#breadcrumb","itemListElement":[{"@type":"ListItem","position":1,"name":"Portada","item":"https:\/\/www.ceibcn.com\/ca\/"},{"@type":"ListItem","position":2,"name":"Visita del Sr. Enric Juliana, adjunt al director de La Vanguardia"}]},{"@type":"WebSite","@id":"https:\/\/www.ceibcn.com\/ca\/#website","url":"https:\/\/www.ceibcn.com\/ca\/","name":"CEI International Affairs","description":"CEI International Affairs","publisher":{"@id":"https:\/\/www.ceibcn.com\/ca\/#organization"},"alternateName":"CEI International Affairs","potentialAction":[{"@type":"SearchAction","target":{"@type":"EntryPoint","urlTemplate":"https:\/\/www.ceibcn.com\/ca\/?s={search_term_string}"},"query-input":{"@type":"PropertyValueSpecification","valueRequired":true,"valueName":"search_term_string"}}],"inLanguage":"ca"},{"@type":"Organization","@id":"https:\/\/www.ceibcn.com\/ca\/#organization","name":"CEI International Affairs","url":"https:\/\/www.ceibcn.com\/ca\/","logo":{"@type":"ImageObject","inLanguage":"ca","@id":"https:\/\/www.ceibcn.com\/ca\/#\/schema\/logo\/image\/","url":"https:\/\/www.ceibcn.com\/wp-content\/uploads\/2021\/09\/CeiLogo_EscuelaDiploVectorized_vectorizedSIN_FONDO.png","contentUrl":"https:\/\/www.ceibcn.com\/wp-content\/uploads\/2021\/09\/CeiLogo_EscuelaDiploVectorized_vectorizedSIN_FONDO.png","width":1591,"height":629,"caption":"CEI International Affairs"},"image":{"@id":"https:\/\/www.ceibcn.com\/ca\/#\/schema\/logo\/image\/"},"sameAs":["https:\/\/www.facebook.com\/CEI.CentroDeEstudiosInternacionales\/","https:\/\/x.com\/CEIbcn","https:\/\/www.instagram.com\/cei_international\/"]},{"@type":"Person","@id":"https:\/\/www.ceibcn.com\/ca\/#\/schema\/person\/ade8c52628f010f149da9031432f538d","name":"Carla V\u00e1zquez Moreno","image":{"@type":"ImageObject","inLanguage":"ca","@id":"https:\/\/www.ceibcn.com\/ca\/#\/schema\/person\/image\/","url":"https:\/\/secure.gravatar.com\/avatar\/07396995718186c2b1a2f071ca87cd80143e420274dfd37126595cdd5bbc2e0c?s=96&d=mm&r=g","contentUrl":"https:\/\/secure.gravatar.com\/avatar\/07396995718186c2b1a2f071ca87cd80143e420274dfd37126595cdd5bbc2e0c?s=96&d=mm&r=g","caption":"Carla V\u00e1zquez Moreno"},"url":"https:\/\/www.ceibcn.com\/ca\/author\/carla\/"}]}},"_links":{"self":[{"href":"https:\/\/www.ceibcn.com\/ca\/wp-json\/wp\/v2\/posts\/29239","targetHints":{"allow":["GET"]}}],"collection":[{"href":"https:\/\/www.ceibcn.com\/ca\/wp-json\/wp\/v2\/posts"}],"about":[{"href":"https:\/\/www.ceibcn.com\/ca\/wp-json\/wp\/v2\/types\/post"}],"author":[{"embeddable":true,"href":"https:\/\/www.ceibcn.com\/ca\/wp-json\/wp\/v2\/users\/11"}],"replies":[{"embeddable":true,"href":"https:\/\/www.ceibcn.com\/ca\/wp-json\/wp\/v2\/comments?post=29239"}],"version-history":[{"count":1,"href":"https:\/\/www.ceibcn.com\/ca\/wp-json\/wp\/v2\/posts\/29239\/revisions"}],"predecessor-version":[{"id":29240,"href":"https:\/\/www.ceibcn.com\/ca\/wp-json\/wp\/v2\/posts\/29239\/revisions\/29240"}],"wp:featuredmedia":[{"embeddable":true,"href":"https:\/\/www.ceibcn.com\/ca\/wp-json\/wp\/v2\/media\/29136"}],"wp:attachment":[{"href":"https:\/\/www.ceibcn.com\/ca\/wp-json\/wp\/v2\/media?parent=29239"}],"wp:term":[{"taxonomy":"category","embeddable":true,"href":"https:\/\/www.ceibcn.com\/ca\/wp-json\/wp\/v2\/categories?post=29239"},{"taxonomy":"post_tag","embeddable":true,"href":"https:\/\/www.ceibcn.com\/ca\/wp-json\/wp\/v2\/tags?post=29239"}],"curies":[{"name":"wp","href":"https:\/\/api.w.org\/{rel}","templated":true}]}}