{"id":29962,"date":"2025-06-17T14:02:24","date_gmt":"2025-06-17T12:02:24","guid":{"rendered":"https:\/\/www.ceibcn.com\/2025\/06\/acto-de-clausura-de-los-masteres-del-cei\/"},"modified":"2025-06-17T16:45:20","modified_gmt":"2025-06-17T14:45:20","slug":"acto-de-clausura-de-los-masteres-del-cei","status":"publish","type":"post","link":"https:\/\/www.ceibcn.com\/ca\/2025\/06\/acto-de-clausura-de-los-masteres-del-cei\/","title":{"rendered":"Acte de cloenda dels m\u00e0sters del CEI!"},"content":{"rendered":"<p>El passat divendres 13 de juny, el Centre d\u2019Estudis Internacionals (CEI) va celebrar l\u2019acte de cloenda de la promoci\u00f3 2024\/2025 dels seus dos programes de m\u00e0ster, ambd\u00f3s titulacions de la Universitat de Barcelona: el <a href=\"https:\/\/www.ceibcn.com\/ca\/masters\/mudoi\/\"><em>M\u00e0ster Universitari en Diplom\u00e0cia i Organitzacions Internacionals<\/em><\/a> i el <a href=\"https:\/\/www.ceibcn.com\/ca\/masters\/mds\/\"><em>M\u00e0ster de Formaci\u00f3 Permanent en Sostenibilitat. Medi ambient, societat i economia<\/em><\/a>.<\/p>\n<p>La cerim\u00f2nia va posar punt final a un curs acad\u00e8mic ple d\u2019aprenentatges i viv\u00e8ncies enriquidores. Com ja \u00e9s tradici\u00f3 al CEI, l\u2019alumnat va participar en la plantaci\u00f3 simb\u00f2lica de l\u2019arbre de la promoci\u00f3; enguany, un magnoli, s\u00edmbol de noblesa i dignitat.<\/p>\n<p style=\"text-align: left;\"><img fetchpriority=\"high\" decoding=\"async\" class=\"wp-image-29936\" src=\"https:\/\/www.ceibcn.com\/wp-content\/uploads\/2025\/06\/CEI_2025_1500-300x200.jpg\" alt=\"\" width=\"335\" height=\"223\" srcset=\"https:\/\/www.ceibcn.com\/wp-content\/uploads\/2025\/06\/CEI_2025_1500-300x200.jpg 300w, https:\/\/www.ceibcn.com\/wp-content\/uploads\/2025\/06\/CEI_2025_1500-768x512.jpg 768w, https:\/\/www.ceibcn.com\/wp-content\/uploads\/2025\/06\/CEI_2025_1500-1536x1024.jpg 1536w, https:\/\/www.ceibcn.com\/wp-content\/uploads\/2025\/06\/CEI_2025_1500-2048x1365.jpg 2048w, https:\/\/www.ceibcn.com\/wp-content\/uploads\/2025\/06\/CEI_2025_1500-150x100.jpg 150w\" sizes=\"(max-width: 335px) 100vw, 335px\" \/> <img decoding=\"async\" class=\"wp-image-29939\" src=\"https:\/\/www.ceibcn.com\/wp-content\/uploads\/2025\/06\/CEI_2025_1514-300x200.jpg\" alt=\"\" width=\"335\" height=\"223\" srcset=\"https:\/\/www.ceibcn.com\/wp-content\/uploads\/2025\/06\/CEI_2025_1514-300x200.jpg 300w, https:\/\/www.ceibcn.com\/wp-content\/uploads\/2025\/06\/CEI_2025_1514-768x512.jpg 768w, https:\/\/www.ceibcn.com\/wp-content\/uploads\/2025\/06\/CEI_2025_1514-1536x1024.jpg 1536w, https:\/\/www.ceibcn.com\/wp-content\/uploads\/2025\/06\/CEI_2025_1514-2048x1365.jpg 2048w, https:\/\/www.ceibcn.com\/wp-content\/uploads\/2025\/06\/CEI_2025_1514-150x100.jpg 150w\" sizes=\"(max-width: 335px) 100vw, 335px\" \/><\/p>\n<p>La confer\u00e8ncia de cloenda va anar a c\u00e0rrec de la Dra. <strong>Maria Teresa Costa Camp\u00ed<\/strong>, catedr\u00e0tica em\u00e8rita d\u2019Economia i directora de la C\u00e0tedra de Sostenibilitat Energ\u00e8tica de la Universitat de Barcelona, qui va compartir reflexions sobre els reptes actuals i futurs en mat\u00e8ria de diplom\u00e0cia i sostenibilitat.<\/p>\n<p style=\"text-align: left;\"><img decoding=\"async\" class=\"wp-image-29945 alignnone\" src=\"https:\/\/www.ceibcn.com\/wp-content\/uploads\/2025\/06\/CEI_2025_0949-300x200.jpg\" alt=\"\" width=\"336\" height=\"224\" srcset=\"https:\/\/www.ceibcn.com\/wp-content\/uploads\/2025\/06\/CEI_2025_0949-300x200.jpg 300w, https:\/\/www.ceibcn.com\/wp-content\/uploads\/2025\/06\/CEI_2025_0949-768x512.jpg 768w, https:\/\/www.ceibcn.com\/wp-content\/uploads\/2025\/06\/CEI_2025_0949-1536x1024.jpg 1536w, https:\/\/www.ceibcn.com\/wp-content\/uploads\/2025\/06\/CEI_2025_0949-2048x1365.jpg 2048w, https:\/\/www.ceibcn.com\/wp-content\/uploads\/2025\/06\/CEI_2025_0949-150x100.jpg 150w\" sizes=\"(max-width: 336px) 100vw, 336px\" \/> <img loading=\"lazy\" decoding=\"async\" class=\"wp-image-29954 alignnone\" src=\"https:\/\/www.ceibcn.com\/wp-content\/uploads\/2025\/06\/CEI_2025_0900-300x200.jpg\" alt=\"\" width=\"336\" height=\"224\" srcset=\"https:\/\/www.ceibcn.com\/wp-content\/uploads\/2025\/06\/CEI_2025_0900-300x200.jpg 300w, https:\/\/www.ceibcn.com\/wp-content\/uploads\/2025\/06\/CEI_2025_0900-768x512.jpg 768w, https:\/\/www.ceibcn.com\/wp-content\/uploads\/2025\/06\/CEI_2025_0900-1536x1024.jpg 1536w, https:\/\/www.ceibcn.com\/wp-content\/uploads\/2025\/06\/CEI_2025_0900-2048x1365.jpg 2048w, https:\/\/www.ceibcn.com\/wp-content\/uploads\/2025\/06\/CEI_2025_0900-150x100.jpg 150w\" sizes=\"(max-width: 336px) 100vw, 336px\" \/><\/p>\n<p>L\u2019acte tamb\u00e9 va comptar amb les intervencions del Sr. <strong>Joaquim Llimona<\/strong>, director general del CEI; la Dra. <strong>Ana G. Juanatey<\/strong>, coordinadora acad\u00e8mica del M\u00e0ster en Sostenibilitat; i el Sr. <strong>Adri\u00e0 Reyes<\/strong>, coordinador acad\u00e8mic del M\u00e0ster en Diplom\u00e0cia, que van dedicar paraules d\u2019agra\u00efment i reconeixement a l\u2019alumnat per la seva dedicaci\u00f3, esfor\u00e7 i creixement al llarg del curs.<\/p>\n<p style=\"text-align: left;\"><img loading=\"lazy\" decoding=\"async\" class=\"wp-image-29948 alignnone\" src=\"https:\/\/www.ceibcn.com\/wp-content\/uploads\/2025\/06\/CEI_2025_0866-300x200.jpg\" alt=\"\" width=\"333\" height=\"222\" srcset=\"https:\/\/www.ceibcn.com\/wp-content\/uploads\/2025\/06\/CEI_2025_0866-300x200.jpg 300w, https:\/\/www.ceibcn.com\/wp-content\/uploads\/2025\/06\/CEI_2025_0866-768x512.jpg 768w, https:\/\/www.ceibcn.com\/wp-content\/uploads\/2025\/06\/CEI_2025_0866-1536x1024.jpg 1536w, https:\/\/www.ceibcn.com\/wp-content\/uploads\/2025\/06\/CEI_2025_0866-2048x1365.jpg 2048w, https:\/\/www.ceibcn.com\/wp-content\/uploads\/2025\/06\/CEI_2025_0866-150x100.jpg 150w\" sizes=\"(max-width: 333px) 100vw, 333px\" \/><img loading=\"lazy\" decoding=\"async\" class=\"wp-image-29951 alignnone\" src=\"https:\/\/www.ceibcn.com\/wp-content\/uploads\/2025\/06\/CEI_2025_0780-300x200.jpg\" alt=\"\" width=\"334\" height=\"223\" srcset=\"https:\/\/www.ceibcn.com\/wp-content\/uploads\/2025\/06\/CEI_2025_0780-300x200.jpg 300w, https:\/\/www.ceibcn.com\/wp-content\/uploads\/2025\/06\/CEI_2025_0780-768x512.jpg 768w, https:\/\/www.ceibcn.com\/wp-content\/uploads\/2025\/06\/CEI_2025_0780-1536x1024.jpg 1536w, https:\/\/www.ceibcn.com\/wp-content\/uploads\/2025\/06\/CEI_2025_0780-2048x1365.jpg 2048w, https:\/\/www.ceibcn.com\/wp-content\/uploads\/2025\/06\/CEI_2025_0780-150x100.jpg 150w\" sizes=\"(max-width: 334px) 100vw, 334px\" \/><\/p>\n<p>Des del CEI, volem expressar el nostre agra\u00efment al professorat per la seva implicaci\u00f3, a l\u2019equip acad\u00e8mic pel seu suport constant i, molt especialment, als i les estudiants, per l\u2019entusiasme i el comprom\u00eds demostrats. Enhorabona a la promoci\u00f3 2024\/2025!<\/p>\n","protected":false},"excerpt":{"rendered":"<p>El passat divendres 13 de juny, el Centre d\u2019Estudis Internacionals (CEI) va celebrar l\u2019acte de cloenda de la promoci\u00f3 2024\/2025 dels seus dos programes de m\u00e0ster, ambd\u00f3s titulacions de la Universitat de Barcelona: el M\u00e0ster Universitari en Diplom\u00e0cia i Organitzacions Internacionals i el M\u00e0ster de Formaci\u00f3 Permanent en Sostenibilitat. Medi ambient, societat i economia. La [&hellip;]<\/p>\n","protected":false},"author":11,"featured_media":29940,"comment_status":"open","ping_status":"closed","sticky":false,"template":"","format":"standard","meta":{"_acf_changed":false,"_crdt_document":"","inline_featured_image":false,"footnotes":""},"categories":[121],"tags":[],"class_list":["post-29962","post","type-post","status-publish","format-standard","has-post-thumbnail","hentry","category-noticies"],"acf":[],"yoast_head":"<!-- This site is optimized with the Yoast SEO plugin v27.0 - https:\/\/yoast.com\/product\/yoast-seo-wordpress\/ -->\n<title>Acte de cloenda dels m\u00e0sters del CEI! - CEI International Affairs<\/title>\n<meta name=\"robots\" content=\"index, follow, max-snippet:-1, max-image-preview:large, max-video-preview:-1\" \/>\n<link rel=\"canonical\" href=\"https:\/\/www.ceibcn.com\/ca\/2025\/06\/acto-de-clausura-de-los-masteres-del-cei\/\" \/>\n<meta property=\"og:locale\" content=\"ca_ES\" \/>\n<meta property=\"og:type\" content=\"article\" \/>\n<meta property=\"og:title\" content=\"Acte de cloenda dels m\u00e0sters del CEI! - CEI International Affairs\" \/>\n<meta property=\"og:description\" content=\"El passat divendres 13 de juny, el Centre d\u2019Estudis Internacionals (CEI) va celebrar l\u2019acte de cloenda de la promoci\u00f3 2024\/2025 dels seus dos programes de m\u00e0ster, ambd\u00f3s titulacions de la Universitat de Barcelona: el M\u00e0ster Universitari en Diplom\u00e0cia i Organitzacions Internacionals i el M\u00e0ster de Formaci\u00f3 Permanent en Sostenibilitat. Medi ambient, societat i economia. La [&hellip;]\" \/>\n<meta property=\"og:url\" content=\"https:\/\/www.ceibcn.com\/ca\/2025\/06\/acto-de-clausura-de-los-masteres-del-cei\/\" \/>\n<meta property=\"og:site_name\" content=\"CEI International Affairs\" \/>\n<meta property=\"article:publisher\" content=\"https:\/\/www.facebook.com\/CEI.CentroDeEstudiosInternacionales\/\" \/>\n<meta property=\"article:published_time\" content=\"2025-06-17T12:02:24+00:00\" \/>\n<meta property=\"article:modified_time\" content=\"2025-06-17T14:45:20+00:00\" \/>\n<meta property=\"og:image\" content=\"https:\/\/www.ceibcn.com\/wp-content\/uploads\/2025\/06\/CEI_2025_1500-scaled.jpg\" \/>\n\t<meta property=\"og:image:width\" content=\"2560\" \/>\n\t<meta property=\"og:image:height\" content=\"1707\" \/>\n\t<meta property=\"og:image:type\" content=\"image\/jpeg\" \/>\n<meta name=\"author\" content=\"Carla V\u00e1zquez Moreno\" \/>\n<meta name=\"twitter:card\" content=\"summary_large_image\" \/>\n<meta name=\"twitter:creator\" content=\"@CEIbcn\" \/>\n<meta name=\"twitter:site\" content=\"@CEIbcn\" \/>\n<meta name=\"twitter:label1\" content=\"Escrit per\" \/>\n\t<meta name=\"twitter:data1\" content=\"Carla V\u00e1zquez Moreno\" \/>\n\t<meta name=\"twitter:label2\" content=\"Temps estimat de lectura\" \/>\n\t<meta name=\"twitter:data2\" content=\"3 minuts\" \/>\n<script type=\"application\/ld+json\" class=\"yoast-schema-graph\">{\"@context\":\"https:\/\/schema.org\",\"@graph\":[{\"@type\":\"Article\",\"@id\":\"https:\/\/www.ceibcn.com\/ca\/2025\/06\/acto-de-clausura-de-los-masteres-del-cei\/#article\",\"isPartOf\":{\"@id\":\"https:\/\/www.ceibcn.com\/ca\/2025\/06\/acto-de-clausura-de-los-masteres-del-cei\/\"},\"author\":{\"name\":\"Carla V\u00e1zquez Moreno\",\"@id\":\"https:\/\/www.ceibcn.com\/ca\/#\/schema\/person\/ade8c52628f010f149da9031432f538d\"},\"headline\":\"Acte de cloenda dels m\u00e0sters del CEI!\",\"datePublished\":\"2025-06-17T12:02:24+00:00\",\"dateModified\":\"2025-06-17T14:45:20+00:00\",\"mainEntityOfPage\":{\"@id\":\"https:\/\/www.ceibcn.com\/ca\/2025\/06\/acto-de-clausura-de-los-masteres-del-cei\/\"},\"wordCount\":281,\"commentCount\":0,\"publisher\":{\"@id\":\"https:\/\/www.ceibcn.com\/ca\/#organization\"},\"image\":{\"@id\":\"https:\/\/www.ceibcn.com\/ca\/2025\/06\/acto-de-clausura-de-los-masteres-del-cei\/#primaryimage\"},\"thumbnailUrl\":\"https:\/\/www.ceibcn.com\/wp-content\/uploads\/2025\/06\/CEI_2025_1514-scaled.jpg\",\"articleSection\":[\"Not\u00edcies\"],\"inLanguage\":\"ca\",\"potentialAction\":[{\"@type\":\"CommentAction\",\"name\":\"Comment\",\"target\":[\"https:\/\/www.ceibcn.com\/ca\/2025\/06\/acto-de-clausura-de-los-masteres-del-cei\/#respond\"]}]},{\"@type\":\"WebPage\",\"@id\":\"https:\/\/www.ceibcn.com\/ca\/2025\/06\/acto-de-clausura-de-los-masteres-del-cei\/\",\"url\":\"https:\/\/www.ceibcn.com\/ca\/2025\/06\/acto-de-clausura-de-los-masteres-del-cei\/\",\"name\":\"Acte de cloenda dels m\u00e0sters del CEI! - CEI International Affairs\",\"isPartOf\":{\"@id\":\"https:\/\/www.ceibcn.com\/ca\/#website\"},\"primaryImageOfPage\":{\"@id\":\"https:\/\/www.ceibcn.com\/ca\/2025\/06\/acto-de-clausura-de-los-masteres-del-cei\/#primaryimage\"},\"image\":{\"@id\":\"https:\/\/www.ceibcn.com\/ca\/2025\/06\/acto-de-clausura-de-los-masteres-del-cei\/#primaryimage\"},\"thumbnailUrl\":\"https:\/\/www.ceibcn.com\/wp-content\/uploads\/2025\/06\/CEI_2025_1514-scaled.jpg\",\"datePublished\":\"2025-06-17T12:02:24+00:00\",\"dateModified\":\"2025-06-17T14:45:20+00:00\",\"breadcrumb\":{\"@id\":\"https:\/\/www.ceibcn.com\/ca\/2025\/06\/acto-de-clausura-de-los-masteres-del-cei\/#breadcrumb\"},\"inLanguage\":\"ca\",\"potentialAction\":[{\"@type\":\"ReadAction\",\"target\":[\"https:\/\/www.ceibcn.com\/ca\/2025\/06\/acto-de-clausura-de-los-masteres-del-cei\/\"]}]},{\"@type\":\"ImageObject\",\"inLanguage\":\"ca\",\"@id\":\"https:\/\/www.ceibcn.com\/ca\/2025\/06\/acto-de-clausura-de-los-masteres-del-cei\/#primaryimage\",\"url\":\"https:\/\/www.ceibcn.com\/wp-content\/uploads\/2025\/06\/CEI_2025_1514-scaled.jpg\",\"contentUrl\":\"https:\/\/www.ceibcn.com\/wp-content\/uploads\/2025\/06\/CEI_2025_1514-scaled.jpg\",\"width\":2560,\"height\":1707},{\"@type\":\"BreadcrumbList\",\"@id\":\"https:\/\/www.ceibcn.com\/ca\/2025\/06\/acto-de-clausura-de-los-masteres-del-cei\/#breadcrumb\",\"itemListElement\":[{\"@type\":\"ListItem\",\"position\":1,\"name\":\"Portada\",\"item\":\"https:\/\/www.ceibcn.com\/ca\/\"},{\"@type\":\"ListItem\",\"position\":2,\"name\":\"Acte de cloenda dels m\u00e0sters del CEI!\"}]},{\"@type\":\"WebSite\",\"@id\":\"https:\/\/www.ceibcn.com\/ca\/#website\",\"url\":\"https:\/\/www.ceibcn.com\/ca\/\",\"name\":\"CEI International Affairs\",\"description\":\"CEI International Affairs\",\"publisher\":{\"@id\":\"https:\/\/www.ceibcn.com\/ca\/#organization\"},\"alternateName\":\"CEI International Affairs\",\"potentialAction\":[{\"@type\":\"SearchAction\",\"target\":{\"@type\":\"EntryPoint\",\"urlTemplate\":\"https:\/\/www.ceibcn.com\/ca\/?s={search_term_string}\"},\"query-input\":{\"@type\":\"PropertyValueSpecification\",\"valueRequired\":true,\"valueName\":\"search_term_string\"}}],\"inLanguage\":\"ca\"},{\"@type\":\"Organization\",\"@id\":\"https:\/\/www.ceibcn.com\/ca\/#organization\",\"name\":\"CEI International Affairs\",\"url\":\"https:\/\/www.ceibcn.com\/ca\/\",\"logo\":{\"@type\":\"ImageObject\",\"inLanguage\":\"ca\",\"@id\":\"https:\/\/www.ceibcn.com\/ca\/#\/schema\/logo\/image\/\",\"url\":\"https:\/\/www.ceibcn.com\/wp-content\/uploads\/2021\/09\/CeiLogo_EscuelaDiploVectorized_vectorizedSIN_FONDO.png\",\"contentUrl\":\"https:\/\/www.ceibcn.com\/wp-content\/uploads\/2021\/09\/CeiLogo_EscuelaDiploVectorized_vectorizedSIN_FONDO.png\",\"width\":1591,\"height\":629,\"caption\":\"CEI International Affairs\"},\"image\":{\"@id\":\"https:\/\/www.ceibcn.com\/ca\/#\/schema\/logo\/image\/\"},\"sameAs\":[\"https:\/\/www.facebook.com\/CEI.CentroDeEstudiosInternacionales\/\",\"https:\/\/x.com\/CEIbcn\",\"https:\/\/www.instagram.com\/cei_international\/\"]},{\"@type\":\"Person\",\"@id\":\"https:\/\/www.ceibcn.com\/ca\/#\/schema\/person\/ade8c52628f010f149da9031432f538d\",\"name\":\"Carla V\u00e1zquez Moreno\",\"image\":{\"@type\":\"ImageObject\",\"inLanguage\":\"ca\",\"@id\":\"https:\/\/www.ceibcn.com\/ca\/#\/schema\/person\/image\/\",\"url\":\"https:\/\/secure.gravatar.com\/avatar\/07396995718186c2b1a2f071ca87cd80143e420274dfd37126595cdd5bbc2e0c?s=96&d=mm&r=g\",\"contentUrl\":\"https:\/\/secure.gravatar.com\/avatar\/07396995718186c2b1a2f071ca87cd80143e420274dfd37126595cdd5bbc2e0c?s=96&d=mm&r=g\",\"caption\":\"Carla V\u00e1zquez Moreno\"},\"url\":\"https:\/\/www.ceibcn.com\/ca\/author\/carla\/\"}]}<\/script>\n<!-- \/ Yoast SEO plugin. -->","yoast_head_json":{"title":"Acte de cloenda dels m\u00e0sters del CEI! - CEI International Affairs","robots":{"index":"index","follow":"follow","max-snippet":"max-snippet:-1","max-image-preview":"max-image-preview:large","max-video-preview":"max-video-preview:-1"},"canonical":"https:\/\/www.ceibcn.com\/ca\/2025\/06\/acto-de-clausura-de-los-masteres-del-cei\/","og_locale":"ca_ES","og_type":"article","og_title":"Acte de cloenda dels m\u00e0sters del CEI! - CEI International Affairs","og_description":"El passat divendres 13 de juny, el Centre d\u2019Estudis Internacionals (CEI) va celebrar l\u2019acte de cloenda de la promoci\u00f3 2024\/2025 dels seus dos programes de m\u00e0ster, ambd\u00f3s titulacions de la Universitat de Barcelona: el M\u00e0ster Universitari en Diplom\u00e0cia i Organitzacions Internacionals i el M\u00e0ster de Formaci\u00f3 Permanent en Sostenibilitat. Medi ambient, societat i economia. La [&hellip;]","og_url":"https:\/\/www.ceibcn.com\/ca\/2025\/06\/acto-de-clausura-de-los-masteres-del-cei\/","og_site_name":"CEI International Affairs","article_publisher":"https:\/\/www.facebook.com\/CEI.CentroDeEstudiosInternacionales\/","article_published_time":"2025-06-17T12:02:24+00:00","article_modified_time":"2025-06-17T14:45:20+00:00","og_image":[{"width":2560,"height":1707,"url":"https:\/\/www.ceibcn.com\/wp-content\/uploads\/2025\/06\/CEI_2025_1500-scaled.jpg","type":"image\/jpeg"}],"author":"Carla V\u00e1zquez Moreno","twitter_card":"summary_large_image","twitter_creator":"@CEIbcn","twitter_site":"@CEIbcn","twitter_misc":{"Escrit per":"Carla V\u00e1zquez Moreno","Temps estimat de lectura":"3 minuts"},"schema":{"@context":"https:\/\/schema.org","@graph":[{"@type":"Article","@id":"https:\/\/www.ceibcn.com\/ca\/2025\/06\/acto-de-clausura-de-los-masteres-del-cei\/#article","isPartOf":{"@id":"https:\/\/www.ceibcn.com\/ca\/2025\/06\/acto-de-clausura-de-los-masteres-del-cei\/"},"author":{"name":"Carla V\u00e1zquez Moreno","@id":"https:\/\/www.ceibcn.com\/ca\/#\/schema\/person\/ade8c52628f010f149da9031432f538d"},"headline":"Acte de cloenda dels m\u00e0sters del CEI!","datePublished":"2025-06-17T12:02:24+00:00","dateModified":"2025-06-17T14:45:20+00:00","mainEntityOfPage":{"@id":"https:\/\/www.ceibcn.com\/ca\/2025\/06\/acto-de-clausura-de-los-masteres-del-cei\/"},"wordCount":281,"commentCount":0,"publisher":{"@id":"https:\/\/www.ceibcn.com\/ca\/#organization"},"image":{"@id":"https:\/\/www.ceibcn.com\/ca\/2025\/06\/acto-de-clausura-de-los-masteres-del-cei\/#primaryimage"},"thumbnailUrl":"https:\/\/www.ceibcn.com\/wp-content\/uploads\/2025\/06\/CEI_2025_1514-scaled.jpg","articleSection":["Not\u00edcies"],"inLanguage":"ca","potentialAction":[{"@type":"CommentAction","name":"Comment","target":["https:\/\/www.ceibcn.com\/ca\/2025\/06\/acto-de-clausura-de-los-masteres-del-cei\/#respond"]}]},{"@type":"WebPage","@id":"https:\/\/www.ceibcn.com\/ca\/2025\/06\/acto-de-clausura-de-los-masteres-del-cei\/","url":"https:\/\/www.ceibcn.com\/ca\/2025\/06\/acto-de-clausura-de-los-masteres-del-cei\/","name":"Acte de cloenda dels m\u00e0sters del CEI! - CEI International Affairs","isPartOf":{"@id":"https:\/\/www.ceibcn.com\/ca\/#website"},"primaryImageOfPage":{"@id":"https:\/\/www.ceibcn.com\/ca\/2025\/06\/acto-de-clausura-de-los-masteres-del-cei\/#primaryimage"},"image":{"@id":"https:\/\/www.ceibcn.com\/ca\/2025\/06\/acto-de-clausura-de-los-masteres-del-cei\/#primaryimage"},"thumbnailUrl":"https:\/\/www.ceibcn.com\/wp-content\/uploads\/2025\/06\/CEI_2025_1514-scaled.jpg","datePublished":"2025-06-17T12:02:24+00:00","dateModified":"2025-06-17T14:45:20+00:00","breadcrumb":{"@id":"https:\/\/www.ceibcn.com\/ca\/2025\/06\/acto-de-clausura-de-los-masteres-del-cei\/#breadcrumb"},"inLanguage":"ca","potentialAction":[{"@type":"ReadAction","target":["https:\/\/www.ceibcn.com\/ca\/2025\/06\/acto-de-clausura-de-los-masteres-del-cei\/"]}]},{"@type":"ImageObject","inLanguage":"ca","@id":"https:\/\/www.ceibcn.com\/ca\/2025\/06\/acto-de-clausura-de-los-masteres-del-cei\/#primaryimage","url":"https:\/\/www.ceibcn.com\/wp-content\/uploads\/2025\/06\/CEI_2025_1514-scaled.jpg","contentUrl":"https:\/\/www.ceibcn.com\/wp-content\/uploads\/2025\/06\/CEI_2025_1514-scaled.jpg","width":2560,"height":1707},{"@type":"BreadcrumbList","@id":"https:\/\/www.ceibcn.com\/ca\/2025\/06\/acto-de-clausura-de-los-masteres-del-cei\/#breadcrumb","itemListElement":[{"@type":"ListItem","position":1,"name":"Portada","item":"https:\/\/www.ceibcn.com\/ca\/"},{"@type":"ListItem","position":2,"name":"Acte de cloenda dels m\u00e0sters del CEI!"}]},{"@type":"WebSite","@id":"https:\/\/www.ceibcn.com\/ca\/#website","url":"https:\/\/www.ceibcn.com\/ca\/","name":"CEI International Affairs","description":"CEI International Affairs","publisher":{"@id":"https:\/\/www.ceibcn.com\/ca\/#organization"},"alternateName":"CEI International Affairs","potentialAction":[{"@type":"SearchAction","target":{"@type":"EntryPoint","urlTemplate":"https:\/\/www.ceibcn.com\/ca\/?s={search_term_string}"},"query-input":{"@type":"PropertyValueSpecification","valueRequired":true,"valueName":"search_term_string"}}],"inLanguage":"ca"},{"@type":"Organization","@id":"https:\/\/www.ceibcn.com\/ca\/#organization","name":"CEI International Affairs","url":"https:\/\/www.ceibcn.com\/ca\/","logo":{"@type":"ImageObject","inLanguage":"ca","@id":"https:\/\/www.ceibcn.com\/ca\/#\/schema\/logo\/image\/","url":"https:\/\/www.ceibcn.com\/wp-content\/uploads\/2021\/09\/CeiLogo_EscuelaDiploVectorized_vectorizedSIN_FONDO.png","contentUrl":"https:\/\/www.ceibcn.com\/wp-content\/uploads\/2021\/09\/CeiLogo_EscuelaDiploVectorized_vectorizedSIN_FONDO.png","width":1591,"height":629,"caption":"CEI International Affairs"},"image":{"@id":"https:\/\/www.ceibcn.com\/ca\/#\/schema\/logo\/image\/"},"sameAs":["https:\/\/www.facebook.com\/CEI.CentroDeEstudiosInternacionales\/","https:\/\/x.com\/CEIbcn","https:\/\/www.instagram.com\/cei_international\/"]},{"@type":"Person","@id":"https:\/\/www.ceibcn.com\/ca\/#\/schema\/person\/ade8c52628f010f149da9031432f538d","name":"Carla V\u00e1zquez Moreno","image":{"@type":"ImageObject","inLanguage":"ca","@id":"https:\/\/www.ceibcn.com\/ca\/#\/schema\/person\/image\/","url":"https:\/\/secure.gravatar.com\/avatar\/07396995718186c2b1a2f071ca87cd80143e420274dfd37126595cdd5bbc2e0c?s=96&d=mm&r=g","contentUrl":"https:\/\/secure.gravatar.com\/avatar\/07396995718186c2b1a2f071ca87cd80143e420274dfd37126595cdd5bbc2e0c?s=96&d=mm&r=g","caption":"Carla V\u00e1zquez Moreno"},"url":"https:\/\/www.ceibcn.com\/ca\/author\/carla\/"}]}},"_links":{"self":[{"href":"https:\/\/www.ceibcn.com\/ca\/wp-json\/wp\/v2\/posts\/29962","targetHints":{"allow":["GET"]}}],"collection":[{"href":"https:\/\/www.ceibcn.com\/ca\/wp-json\/wp\/v2\/posts"}],"about":[{"href":"https:\/\/www.ceibcn.com\/ca\/wp-json\/wp\/v2\/types\/post"}],"author":[{"embeddable":true,"href":"https:\/\/www.ceibcn.com\/ca\/wp-json\/wp\/v2\/users\/11"}],"replies":[{"embeddable":true,"href":"https:\/\/www.ceibcn.com\/ca\/wp-json\/wp\/v2\/comments?post=29962"}],"version-history":[{"count":5,"href":"https:\/\/www.ceibcn.com\/ca\/wp-json\/wp\/v2\/posts\/29962\/revisions"}],"predecessor-version":[{"id":29969,"href":"https:\/\/www.ceibcn.com\/ca\/wp-json\/wp\/v2\/posts\/29962\/revisions\/29969"}],"wp:featuredmedia":[{"embeddable":true,"href":"https:\/\/www.ceibcn.com\/ca\/wp-json\/wp\/v2\/media\/29940"}],"wp:attachment":[{"href":"https:\/\/www.ceibcn.com\/ca\/wp-json\/wp\/v2\/media?parent=29962"}],"wp:term":[{"taxonomy":"category","embeddable":true,"href":"https:\/\/www.ceibcn.com\/ca\/wp-json\/wp\/v2\/categories?post=29962"},{"taxonomy":"post_tag","embeddable":true,"href":"https:\/\/www.ceibcn.com\/ca\/wp-json\/wp\/v2\/tags?post=29962"}],"curies":[{"name":"wp","href":"https:\/\/api.w.org\/{rel}","templated":true}]}}