{"id":31201,"date":"2025-09-25T19:00:24","date_gmt":"2025-09-25T17:00:24","guid":{"rendered":"https:\/\/www.ceibcn.com\/2025\/09\/sesion-trabajar-en-la-ue-oportunidades-de-empleo-y-practicas\/"},"modified":"2025-10-06T15:50:29","modified_gmt":"2025-10-06T13:50:29","slug":"sesion-trabajar-en-la-ue-oportunidades-de-empleo-y-practicas","status":"publish","type":"post","link":"https:\/\/www.ceibcn.com\/ca\/2025\/09\/sesion-trabajar-en-la-ue-oportunidades-de-empleo-y-practicas\/","title":{"rendered":"Sessi\u00f3 &#8220;Treballar a la UE: Oportunitats de feina i pr\u00e0ctiques&#8221;"},"content":{"rendered":"<p data-start=\"42\" data-end=\"284\">En el marc de la 45a Edici\u00f3 del Curs de la Uni\u00f3 Europea, aquest vespre s\u2019ha celebrat, un any m\u00e9s, la sessi\u00f3 \u201cTreballar a la UE: Oportunitats d\u2019ocupaci\u00f3 i pr\u00e0ctiques\u201d a l\u2019Aula Magna de la Facultat de Dret de la Universitat de Barcelona (UB).<\/p>\n<p data-start=\"286\" data-end=\"745\">La sessi\u00f3 ha comptat amb la participaci\u00f3 de l\u2019Ambaixador UNICAT de la UB, Sr. <strong>Imad Benhessou<\/strong>, i del Conseller diplom\u00e0tic a la Representaci\u00f3 Permanent d\u2019Espanya davant la UE (REPER), Sr. <strong>Sergi Farr\u00e9<\/strong>. Durant l\u2019encontre, s\u2019han tractat aspectes clau del funcionariat europeu, les fases de selecci\u00f3 de personal i les principals vies d\u2019acc\u00e9s a les institucions, destacant les Pr\u00e0ctiques Blue Book de la Comissi\u00f3 Europea i les Beques Schuman del Parlament Europeu.<\/p>\n<p><img fetchpriority=\"high\" decoding=\"async\" class=\"alignnone wp-image-31193\" src=\"https:\/\/www.ceibcn.com\/wp-content\/uploads\/2025\/10\/IMG_8721-300x200.jpg\" alt=\"\" width=\"341\" height=\"227\" srcset=\"https:\/\/www.ceibcn.com\/wp-content\/uploads\/2025\/10\/IMG_8721-300x200.jpg 300w, https:\/\/www.ceibcn.com\/wp-content\/uploads\/2025\/10\/IMG_8721-768x512.jpg 768w, https:\/\/www.ceibcn.com\/wp-content\/uploads\/2025\/10\/IMG_8721-1536x1024.jpg 1536w, https:\/\/www.ceibcn.com\/wp-content\/uploads\/2025\/10\/IMG_8721-2048x1365.jpg 2048w, https:\/\/www.ceibcn.com\/wp-content\/uploads\/2025\/10\/IMG_8721-150x100.jpg 150w\" sizes=\"(max-width: 341px) 100vw, 341px\" \/>\u00a0<img decoding=\"async\" class=\"alignnone wp-image-31195\" src=\"https:\/\/www.ceibcn.com\/wp-content\/uploads\/2025\/10\/IMG_8693-300x200.jpg\" alt=\"\" width=\"341\" height=\"227\" srcset=\"https:\/\/www.ceibcn.com\/wp-content\/uploads\/2025\/10\/IMG_8693-300x200.jpg 300w, https:\/\/www.ceibcn.com\/wp-content\/uploads\/2025\/10\/IMG_8693-768x512.jpg 768w, https:\/\/www.ceibcn.com\/wp-content\/uploads\/2025\/10\/IMG_8693-1536x1024.jpg 1536w, https:\/\/www.ceibcn.com\/wp-content\/uploads\/2025\/10\/IMG_8693-2048x1365.jpg 2048w, https:\/\/www.ceibcn.com\/wp-content\/uploads\/2025\/10\/IMG_8693-150x100.jpg 150w\" sizes=\"(max-width: 341px) 100vw, 341px\" \/><\/p>\n<p data-start=\"42\" data-end=\"217\">Aquesta jornada ha estat possible gr\u00e0cies al suport del <a href=\"https:\/\/www.exteriores.gob.es\/es\/Paginas\/index.aspx\">Ministeri d\u2019Afers Exteriors, Uni\u00f3 Europea i Cooperaci\u00f3<\/a>, al portal <a href=\"https:\/\/www.hablamosdeeuropa.es\/es\/Paginas\/home.aspx\">Hablamos de Europa<\/a> i a la <a href=\"https:\/\/web.ub.edu\/es\/\">Universitat de Barcelona<\/a>.<\/p>\n<p data-start=\"219\" data-end=\"432\">Amb una participaci\u00f3 superior a 50 estudiants de manera presencial i m\u00e9s de 70 en modalitat en l\u00ednia, la sessi\u00f3 s\u2019ha consolidat com un espai clau per a aquells que volen desenvolupar-se professionalment a la UE.<\/p>\n<p><img decoding=\"async\" class=\"wp-image-31194 alignleft\" src=\"https:\/\/www.ceibcn.com\/wp-content\/uploads\/2025\/10\/IMG_8675-300x200.jpg\" alt=\"\" width=\"406\" height=\"270\" srcset=\"https:\/\/www.ceibcn.com\/wp-content\/uploads\/2025\/10\/IMG_8675-300x200.jpg 300w, https:\/\/www.ceibcn.com\/wp-content\/uploads\/2025\/10\/IMG_8675-768x512.jpg 768w, https:\/\/www.ceibcn.com\/wp-content\/uploads\/2025\/10\/IMG_8675-1536x1024.jpg 1536w, https:\/\/www.ceibcn.com\/wp-content\/uploads\/2025\/10\/IMG_8675-2048x1365.jpg 2048w, https:\/\/www.ceibcn.com\/wp-content\/uploads\/2025\/10\/IMG_8675-150x100.jpg 150w\" sizes=\"(max-width: 406px) 100vw, 406px\" \/><\/p>\n","protected":false},"excerpt":{"rendered":"<p>En el marc de la 45a Edici\u00f3 del Curs de la Uni\u00f3 Europea, aquest vespre s\u2019ha celebrat, un any m\u00e9s, la sessi\u00f3 \u201cTreballar a la UE: Oportunitats d\u2019ocupaci\u00f3 i pr\u00e0ctiques\u201d a l\u2019Aula Magna de la Facultat de Dret de la Universitat de Barcelona (UB). La sessi\u00f3 ha comptat amb la participaci\u00f3 de l\u2019Ambaixador UNICAT de [&hellip;]<\/p>\n","protected":false},"author":11,"featured_media":31204,"comment_status":"open","ping_status":"closed","sticky":false,"template":"","format":"standard","meta":{"_acf_changed":false,"_crdt_document":"","inline_featured_image":false,"footnotes":""},"categories":[121],"tags":[],"class_list":["post-31201","post","type-post","status-publish","format-standard","has-post-thumbnail","hentry","category-noticies"],"acf":[],"yoast_head":"<!-- This site is optimized with the Yoast SEO plugin v27.0 - https:\/\/yoast.com\/product\/yoast-seo-wordpress\/ -->\n<title>Sessi\u00f3 &quot;Treballar a la UE: Oportunitats de feina i pr\u00e0ctiques&quot; - CEI International Affairs<\/title>\n<meta name=\"robots\" content=\"index, follow, max-snippet:-1, max-image-preview:large, max-video-preview:-1\" \/>\n<link rel=\"canonical\" href=\"https:\/\/www.ceibcn.com\/ca\/2025\/09\/sesion-trabajar-en-la-ue-oportunidades-de-empleo-y-practicas\/\" \/>\n<meta property=\"og:locale\" content=\"ca_ES\" \/>\n<meta property=\"og:type\" content=\"article\" \/>\n<meta property=\"og:title\" content=\"Sessi\u00f3 &quot;Treballar a la UE: Oportunitats de feina i pr\u00e0ctiques&quot; - CEI International Affairs\" \/>\n<meta property=\"og:description\" content=\"En el marc de la 45a Edici\u00f3 del Curs de la Uni\u00f3 Europea, aquest vespre s\u2019ha celebrat, un any m\u00e9s, la sessi\u00f3 \u201cTreballar a la UE: Oportunitats d\u2019ocupaci\u00f3 i pr\u00e0ctiques\u201d a l\u2019Aula Magna de la Facultat de Dret de la Universitat de Barcelona (UB). La sessi\u00f3 ha comptat amb la participaci\u00f3 de l\u2019Ambaixador UNICAT de [&hellip;]\" \/>\n<meta property=\"og:url\" content=\"https:\/\/www.ceibcn.com\/ca\/2025\/09\/sesion-trabajar-en-la-ue-oportunidades-de-empleo-y-practicas\/\" \/>\n<meta property=\"og:site_name\" content=\"CEI International Affairs\" \/>\n<meta property=\"article:publisher\" content=\"https:\/\/www.facebook.com\/CEI.CentroDeEstudiosInternacionales\/\" \/>\n<meta property=\"article:published_time\" content=\"2025-09-25T17:00:24+00:00\" \/>\n<meta property=\"article:modified_time\" content=\"2025-10-06T13:50:29+00:00\" \/>\n<meta property=\"og:image\" content=\"https:\/\/www.ceibcn.com\/wp-content\/uploads\/2025\/09\/IMG_8675-scaled.jpg\" \/>\n\t<meta property=\"og:image:width\" content=\"2560\" \/>\n\t<meta property=\"og:image:height\" content=\"1707\" \/>\n\t<meta property=\"og:image:type\" content=\"image\/jpeg\" \/>\n<meta name=\"author\" content=\"Carla V\u00e1zquez Moreno\" \/>\n<meta name=\"twitter:card\" content=\"summary_large_image\" \/>\n<meta name=\"twitter:creator\" content=\"@CEIbcn\" \/>\n<meta name=\"twitter:site\" content=\"@CEIbcn\" \/>\n<meta name=\"twitter:label1\" content=\"Escrit per\" \/>\n\t<meta name=\"twitter:data1\" content=\"Carla V\u00e1zquez Moreno\" \/>\n\t<meta name=\"twitter:label2\" content=\"Temps estimat de lectura\" \/>\n\t<meta name=\"twitter:data2\" content=\"2 minuts\" \/>\n<script type=\"application\/ld+json\" class=\"yoast-schema-graph\">{\"@context\":\"https:\/\/schema.org\",\"@graph\":[{\"@type\":\"Article\",\"@id\":\"https:\/\/www.ceibcn.com\/ca\/2025\/09\/sesion-trabajar-en-la-ue-oportunidades-de-empleo-y-practicas\/#article\",\"isPartOf\":{\"@id\":\"https:\/\/www.ceibcn.com\/ca\/2025\/09\/sesion-trabajar-en-la-ue-oportunidades-de-empleo-y-practicas\/\"},\"author\":{\"name\":\"Carla V\u00e1zquez Moreno\",\"@id\":\"https:\/\/www.ceibcn.com\/ca\/#\/schema\/person\/ade8c52628f010f149da9031432f538d\"},\"headline\":\"Sessi\u00f3 &#8220;Treballar a la UE: Oportunitats de feina i pr\u00e0ctiques&#8221;\",\"datePublished\":\"2025-09-25T17:00:24+00:00\",\"dateModified\":\"2025-10-06T13:50:29+00:00\",\"mainEntityOfPage\":{\"@id\":\"https:\/\/www.ceibcn.com\/ca\/2025\/09\/sesion-trabajar-en-la-ue-oportunidades-de-empleo-y-practicas\/\"},\"wordCount\":205,\"commentCount\":0,\"publisher\":{\"@id\":\"https:\/\/www.ceibcn.com\/ca\/#organization\"},\"image\":{\"@id\":\"https:\/\/www.ceibcn.com\/ca\/2025\/09\/sesion-trabajar-en-la-ue-oportunidades-de-empleo-y-practicas\/#primaryimage\"},\"thumbnailUrl\":\"https:\/\/www.ceibcn.com\/wp-content\/uploads\/2025\/09\/IMG_8675-scaled.jpg\",\"articleSection\":[\"Not\u00edcies\"],\"inLanguage\":\"ca\",\"potentialAction\":[{\"@type\":\"CommentAction\",\"name\":\"Comment\",\"target\":[\"https:\/\/www.ceibcn.com\/ca\/2025\/09\/sesion-trabajar-en-la-ue-oportunidades-de-empleo-y-practicas\/#respond\"]}]},{\"@type\":\"WebPage\",\"@id\":\"https:\/\/www.ceibcn.com\/ca\/2025\/09\/sesion-trabajar-en-la-ue-oportunidades-de-empleo-y-practicas\/\",\"url\":\"https:\/\/www.ceibcn.com\/ca\/2025\/09\/sesion-trabajar-en-la-ue-oportunidades-de-empleo-y-practicas\/\",\"name\":\"Sessi\u00f3 \\\"Treballar a la UE: Oportunitats de feina i pr\u00e0ctiques\\\" - CEI International Affairs\",\"isPartOf\":{\"@id\":\"https:\/\/www.ceibcn.com\/ca\/#website\"},\"primaryImageOfPage\":{\"@id\":\"https:\/\/www.ceibcn.com\/ca\/2025\/09\/sesion-trabajar-en-la-ue-oportunidades-de-empleo-y-practicas\/#primaryimage\"},\"image\":{\"@id\":\"https:\/\/www.ceibcn.com\/ca\/2025\/09\/sesion-trabajar-en-la-ue-oportunidades-de-empleo-y-practicas\/#primaryimage\"},\"thumbnailUrl\":\"https:\/\/www.ceibcn.com\/wp-content\/uploads\/2025\/09\/IMG_8675-scaled.jpg\",\"datePublished\":\"2025-09-25T17:00:24+00:00\",\"dateModified\":\"2025-10-06T13:50:29+00:00\",\"breadcrumb\":{\"@id\":\"https:\/\/www.ceibcn.com\/ca\/2025\/09\/sesion-trabajar-en-la-ue-oportunidades-de-empleo-y-practicas\/#breadcrumb\"},\"inLanguage\":\"ca\",\"potentialAction\":[{\"@type\":\"ReadAction\",\"target\":[\"https:\/\/www.ceibcn.com\/ca\/2025\/09\/sesion-trabajar-en-la-ue-oportunidades-de-empleo-y-practicas\/\"]}]},{\"@type\":\"ImageObject\",\"inLanguage\":\"ca\",\"@id\":\"https:\/\/www.ceibcn.com\/ca\/2025\/09\/sesion-trabajar-en-la-ue-oportunidades-de-empleo-y-practicas\/#primaryimage\",\"url\":\"https:\/\/www.ceibcn.com\/wp-content\/uploads\/2025\/09\/IMG_8675-scaled.jpg\",\"contentUrl\":\"https:\/\/www.ceibcn.com\/wp-content\/uploads\/2025\/09\/IMG_8675-scaled.jpg\",\"width\":2560,\"height\":1707},{\"@type\":\"BreadcrumbList\",\"@id\":\"https:\/\/www.ceibcn.com\/ca\/2025\/09\/sesion-trabajar-en-la-ue-oportunidades-de-empleo-y-practicas\/#breadcrumb\",\"itemListElement\":[{\"@type\":\"ListItem\",\"position\":1,\"name\":\"Portada\",\"item\":\"https:\/\/www.ceibcn.com\/ca\/\"},{\"@type\":\"ListItem\",\"position\":2,\"name\":\"Sessi\u00f3 \u00abTreballar a la UE: Oportunitats de feina i pr\u00e0ctiques\u00bb\"}]},{\"@type\":\"WebSite\",\"@id\":\"https:\/\/www.ceibcn.com\/ca\/#website\",\"url\":\"https:\/\/www.ceibcn.com\/ca\/\",\"name\":\"CEI International Affairs\",\"description\":\"CEI International Affairs\",\"publisher\":{\"@id\":\"https:\/\/www.ceibcn.com\/ca\/#organization\"},\"alternateName\":\"CEI International Affairs\",\"potentialAction\":[{\"@type\":\"SearchAction\",\"target\":{\"@type\":\"EntryPoint\",\"urlTemplate\":\"https:\/\/www.ceibcn.com\/ca\/?s={search_term_string}\"},\"query-input\":{\"@type\":\"PropertyValueSpecification\",\"valueRequired\":true,\"valueName\":\"search_term_string\"}}],\"inLanguage\":\"ca\"},{\"@type\":\"Organization\",\"@id\":\"https:\/\/www.ceibcn.com\/ca\/#organization\",\"name\":\"CEI International Affairs\",\"url\":\"https:\/\/www.ceibcn.com\/ca\/\",\"logo\":{\"@type\":\"ImageObject\",\"inLanguage\":\"ca\",\"@id\":\"https:\/\/www.ceibcn.com\/ca\/#\/schema\/logo\/image\/\",\"url\":\"https:\/\/www.ceibcn.com\/wp-content\/uploads\/2021\/09\/CeiLogo_EscuelaDiploVectorized_vectorizedSIN_FONDO.png\",\"contentUrl\":\"https:\/\/www.ceibcn.com\/wp-content\/uploads\/2021\/09\/CeiLogo_EscuelaDiploVectorized_vectorizedSIN_FONDO.png\",\"width\":1591,\"height\":629,\"caption\":\"CEI International Affairs\"},\"image\":{\"@id\":\"https:\/\/www.ceibcn.com\/ca\/#\/schema\/logo\/image\/\"},\"sameAs\":[\"https:\/\/www.facebook.com\/CEI.CentroDeEstudiosInternacionales\/\",\"https:\/\/x.com\/CEIbcn\",\"https:\/\/www.instagram.com\/cei_international\/\"]},{\"@type\":\"Person\",\"@id\":\"https:\/\/www.ceibcn.com\/ca\/#\/schema\/person\/ade8c52628f010f149da9031432f538d\",\"name\":\"Carla V\u00e1zquez Moreno\",\"image\":{\"@type\":\"ImageObject\",\"inLanguage\":\"ca\",\"@id\":\"https:\/\/www.ceibcn.com\/ca\/#\/schema\/person\/image\/\",\"url\":\"https:\/\/secure.gravatar.com\/avatar\/07396995718186c2b1a2f071ca87cd80143e420274dfd37126595cdd5bbc2e0c?s=96&d=mm&r=g\",\"contentUrl\":\"https:\/\/secure.gravatar.com\/avatar\/07396995718186c2b1a2f071ca87cd80143e420274dfd37126595cdd5bbc2e0c?s=96&d=mm&r=g\",\"caption\":\"Carla V\u00e1zquez Moreno\"},\"url\":\"https:\/\/www.ceibcn.com\/ca\/author\/carla\/\"}]}<\/script>\n<!-- \/ Yoast SEO plugin. -->","yoast_head_json":{"title":"Sessi\u00f3 \"Treballar a la UE: Oportunitats de feina i pr\u00e0ctiques\" - CEI International Affairs","robots":{"index":"index","follow":"follow","max-snippet":"max-snippet:-1","max-image-preview":"max-image-preview:large","max-video-preview":"max-video-preview:-1"},"canonical":"https:\/\/www.ceibcn.com\/ca\/2025\/09\/sesion-trabajar-en-la-ue-oportunidades-de-empleo-y-practicas\/","og_locale":"ca_ES","og_type":"article","og_title":"Sessi\u00f3 \"Treballar a la UE: Oportunitats de feina i pr\u00e0ctiques\" - CEI International Affairs","og_description":"En el marc de la 45a Edici\u00f3 del Curs de la Uni\u00f3 Europea, aquest vespre s\u2019ha celebrat, un any m\u00e9s, la sessi\u00f3 \u201cTreballar a la UE: Oportunitats d\u2019ocupaci\u00f3 i pr\u00e0ctiques\u201d a l\u2019Aula Magna de la Facultat de Dret de la Universitat de Barcelona (UB). La sessi\u00f3 ha comptat amb la participaci\u00f3 de l\u2019Ambaixador UNICAT de [&hellip;]","og_url":"https:\/\/www.ceibcn.com\/ca\/2025\/09\/sesion-trabajar-en-la-ue-oportunidades-de-empleo-y-practicas\/","og_site_name":"CEI International Affairs","article_publisher":"https:\/\/www.facebook.com\/CEI.CentroDeEstudiosInternacionales\/","article_published_time":"2025-09-25T17:00:24+00:00","article_modified_time":"2025-10-06T13:50:29+00:00","og_image":[{"width":2560,"height":1707,"url":"https:\/\/www.ceibcn.com\/wp-content\/uploads\/2025\/09\/IMG_8675-scaled.jpg","type":"image\/jpeg"}],"author":"Carla V\u00e1zquez Moreno","twitter_card":"summary_large_image","twitter_creator":"@CEIbcn","twitter_site":"@CEIbcn","twitter_misc":{"Escrit per":"Carla V\u00e1zquez Moreno","Temps estimat de lectura":"2 minuts"},"schema":{"@context":"https:\/\/schema.org","@graph":[{"@type":"Article","@id":"https:\/\/www.ceibcn.com\/ca\/2025\/09\/sesion-trabajar-en-la-ue-oportunidades-de-empleo-y-practicas\/#article","isPartOf":{"@id":"https:\/\/www.ceibcn.com\/ca\/2025\/09\/sesion-trabajar-en-la-ue-oportunidades-de-empleo-y-practicas\/"},"author":{"name":"Carla V\u00e1zquez Moreno","@id":"https:\/\/www.ceibcn.com\/ca\/#\/schema\/person\/ade8c52628f010f149da9031432f538d"},"headline":"Sessi\u00f3 &#8220;Treballar a la UE: Oportunitats de feina i pr\u00e0ctiques&#8221;","datePublished":"2025-09-25T17:00:24+00:00","dateModified":"2025-10-06T13:50:29+00:00","mainEntityOfPage":{"@id":"https:\/\/www.ceibcn.com\/ca\/2025\/09\/sesion-trabajar-en-la-ue-oportunidades-de-empleo-y-practicas\/"},"wordCount":205,"commentCount":0,"publisher":{"@id":"https:\/\/www.ceibcn.com\/ca\/#organization"},"image":{"@id":"https:\/\/www.ceibcn.com\/ca\/2025\/09\/sesion-trabajar-en-la-ue-oportunidades-de-empleo-y-practicas\/#primaryimage"},"thumbnailUrl":"https:\/\/www.ceibcn.com\/wp-content\/uploads\/2025\/09\/IMG_8675-scaled.jpg","articleSection":["Not\u00edcies"],"inLanguage":"ca","potentialAction":[{"@type":"CommentAction","name":"Comment","target":["https:\/\/www.ceibcn.com\/ca\/2025\/09\/sesion-trabajar-en-la-ue-oportunidades-de-empleo-y-practicas\/#respond"]}]},{"@type":"WebPage","@id":"https:\/\/www.ceibcn.com\/ca\/2025\/09\/sesion-trabajar-en-la-ue-oportunidades-de-empleo-y-practicas\/","url":"https:\/\/www.ceibcn.com\/ca\/2025\/09\/sesion-trabajar-en-la-ue-oportunidades-de-empleo-y-practicas\/","name":"Sessi\u00f3 \"Treballar a la UE: Oportunitats de feina i pr\u00e0ctiques\" - CEI International Affairs","isPartOf":{"@id":"https:\/\/www.ceibcn.com\/ca\/#website"},"primaryImageOfPage":{"@id":"https:\/\/www.ceibcn.com\/ca\/2025\/09\/sesion-trabajar-en-la-ue-oportunidades-de-empleo-y-practicas\/#primaryimage"},"image":{"@id":"https:\/\/www.ceibcn.com\/ca\/2025\/09\/sesion-trabajar-en-la-ue-oportunidades-de-empleo-y-practicas\/#primaryimage"},"thumbnailUrl":"https:\/\/www.ceibcn.com\/wp-content\/uploads\/2025\/09\/IMG_8675-scaled.jpg","datePublished":"2025-09-25T17:00:24+00:00","dateModified":"2025-10-06T13:50:29+00:00","breadcrumb":{"@id":"https:\/\/www.ceibcn.com\/ca\/2025\/09\/sesion-trabajar-en-la-ue-oportunidades-de-empleo-y-practicas\/#breadcrumb"},"inLanguage":"ca","potentialAction":[{"@type":"ReadAction","target":["https:\/\/www.ceibcn.com\/ca\/2025\/09\/sesion-trabajar-en-la-ue-oportunidades-de-empleo-y-practicas\/"]}]},{"@type":"ImageObject","inLanguage":"ca","@id":"https:\/\/www.ceibcn.com\/ca\/2025\/09\/sesion-trabajar-en-la-ue-oportunidades-de-empleo-y-practicas\/#primaryimage","url":"https:\/\/www.ceibcn.com\/wp-content\/uploads\/2025\/09\/IMG_8675-scaled.jpg","contentUrl":"https:\/\/www.ceibcn.com\/wp-content\/uploads\/2025\/09\/IMG_8675-scaled.jpg","width":2560,"height":1707},{"@type":"BreadcrumbList","@id":"https:\/\/www.ceibcn.com\/ca\/2025\/09\/sesion-trabajar-en-la-ue-oportunidades-de-empleo-y-practicas\/#breadcrumb","itemListElement":[{"@type":"ListItem","position":1,"name":"Portada","item":"https:\/\/www.ceibcn.com\/ca\/"},{"@type":"ListItem","position":2,"name":"Sessi\u00f3 \u00abTreballar a la UE: Oportunitats de feina i pr\u00e0ctiques\u00bb"}]},{"@type":"WebSite","@id":"https:\/\/www.ceibcn.com\/ca\/#website","url":"https:\/\/www.ceibcn.com\/ca\/","name":"CEI International Affairs","description":"CEI International Affairs","publisher":{"@id":"https:\/\/www.ceibcn.com\/ca\/#organization"},"alternateName":"CEI International Affairs","potentialAction":[{"@type":"SearchAction","target":{"@type":"EntryPoint","urlTemplate":"https:\/\/www.ceibcn.com\/ca\/?s={search_term_string}"},"query-input":{"@type":"PropertyValueSpecification","valueRequired":true,"valueName":"search_term_string"}}],"inLanguage":"ca"},{"@type":"Organization","@id":"https:\/\/www.ceibcn.com\/ca\/#organization","name":"CEI International Affairs","url":"https:\/\/www.ceibcn.com\/ca\/","logo":{"@type":"ImageObject","inLanguage":"ca","@id":"https:\/\/www.ceibcn.com\/ca\/#\/schema\/logo\/image\/","url":"https:\/\/www.ceibcn.com\/wp-content\/uploads\/2021\/09\/CeiLogo_EscuelaDiploVectorized_vectorizedSIN_FONDO.png","contentUrl":"https:\/\/www.ceibcn.com\/wp-content\/uploads\/2021\/09\/CeiLogo_EscuelaDiploVectorized_vectorizedSIN_FONDO.png","width":1591,"height":629,"caption":"CEI International Affairs"},"image":{"@id":"https:\/\/www.ceibcn.com\/ca\/#\/schema\/logo\/image\/"},"sameAs":["https:\/\/www.facebook.com\/CEI.CentroDeEstudiosInternacionales\/","https:\/\/x.com\/CEIbcn","https:\/\/www.instagram.com\/cei_international\/"]},{"@type":"Person","@id":"https:\/\/www.ceibcn.com\/ca\/#\/schema\/person\/ade8c52628f010f149da9031432f538d","name":"Carla V\u00e1zquez Moreno","image":{"@type":"ImageObject","inLanguage":"ca","@id":"https:\/\/www.ceibcn.com\/ca\/#\/schema\/person\/image\/","url":"https:\/\/secure.gravatar.com\/avatar\/07396995718186c2b1a2f071ca87cd80143e420274dfd37126595cdd5bbc2e0c?s=96&d=mm&r=g","contentUrl":"https:\/\/secure.gravatar.com\/avatar\/07396995718186c2b1a2f071ca87cd80143e420274dfd37126595cdd5bbc2e0c?s=96&d=mm&r=g","caption":"Carla V\u00e1zquez Moreno"},"url":"https:\/\/www.ceibcn.com\/ca\/author\/carla\/"}]}},"_links":{"self":[{"href":"https:\/\/www.ceibcn.com\/ca\/wp-json\/wp\/v2\/posts\/31201","targetHints":{"allow":["GET"]}}],"collection":[{"href":"https:\/\/www.ceibcn.com\/ca\/wp-json\/wp\/v2\/posts"}],"about":[{"href":"https:\/\/www.ceibcn.com\/ca\/wp-json\/wp\/v2\/types\/post"}],"author":[{"embeddable":true,"href":"https:\/\/www.ceibcn.com\/ca\/wp-json\/wp\/v2\/users\/11"}],"replies":[{"embeddable":true,"href":"https:\/\/www.ceibcn.com\/ca\/wp-json\/wp\/v2\/comments?post=31201"}],"version-history":[{"count":4,"href":"https:\/\/www.ceibcn.com\/ca\/wp-json\/wp\/v2\/posts\/31201\/revisions"}],"predecessor-version":[{"id":31221,"href":"https:\/\/www.ceibcn.com\/ca\/wp-json\/wp\/v2\/posts\/31201\/revisions\/31221"}],"wp:featuredmedia":[{"embeddable":true,"href":"https:\/\/www.ceibcn.com\/ca\/wp-json\/wp\/v2\/media\/31204"}],"wp:attachment":[{"href":"https:\/\/www.ceibcn.com\/ca\/wp-json\/wp\/v2\/media?parent=31201"}],"wp:term":[{"taxonomy":"category","embeddable":true,"href":"https:\/\/www.ceibcn.com\/ca\/wp-json\/wp\/v2\/categories?post=31201"},{"taxonomy":"post_tag","embeddable":true,"href":"https:\/\/www.ceibcn.com\/ca\/wp-json\/wp\/v2\/tags?post=31201"}],"curies":[{"name":"wp","href":"https:\/\/api.w.org\/{rel}","templated":true}]}}