{"id":31387,"date":"2025-10-20T21:00:10","date_gmt":"2025-10-20T19:00:10","guid":{"rendered":"https:\/\/www.ceibcn.com\/2025\/10\/proyeccion-del-documental-accion-exterior-en-el-corazon-de-la-diplomacia-europea\/"},"modified":"2025-10-21T16:47:50","modified_gmt":"2025-10-21T14:47:50","slug":"proyeccion-del-documental-accion-exterior-en-el-corazon-de-la-diplomacia-europea","status":"publish","type":"post","link":"https:\/\/www.ceibcn.com\/ca\/2025\/10\/proyeccion-del-documental-accion-exterior-en-el-corazon-de-la-diplomacia-europea\/","title":{"rendered":"Projecci\u00f3 del documental \u201cAcci\u00f3 exterior: al cor de la diplom\u00e0cia europea\u201d"},"content":{"rendered":"<p>Aquesta tarda, en el CineCooperativa Zumzeig, s&#8217;ha portat a terme la projecci\u00f3 d&#8217;<em>Acci\u00f3 exterior: en el cor de la diplom\u00e0cia europea<\/em>, el documental que retrata els \u00faltims mesos de Josep Borrell com a Alt Representant de la Uni\u00f3 Europea per a Afers Exteriors i Pol\u00edtica de Seguretat, oferint una mirada pr\u00f2xima als reptes i complexitats de l&#8217;acci\u00f3 exterior europea.<\/p>\n<p>Dirigit per Albert Sol\u00e9, el documental analitza els desafiaments als quals s&#8217;enfronta la diplom\u00e0cia europea i ofereix una visi\u00f3 in\u00e8dita del treball quotidi\u00e0 de Borrell \u2014tamb\u00e9 vicepresident de la Comissi\u00f3 Europea\u2014 en el tram final del seu mandat, despr\u00e9s de m\u00e9s de quaranta anys de vinculaci\u00f3 al projecte europeu. L&#8217;equip de rodatge el va acompanyar en els seus viatges a diferents escenaris de conflicte, mostrant tant les seves trobades amb l\u00edders internacionals com amb representants de la societat civil.<\/p>\n<p>Despr\u00e9s de la projecci\u00f3, les persones assistents han tingut l&#8217;oportunitat de dialogar amb Albert Sol\u00e9, qui ha compartit la seva experi\u00e8ncia darrere de les c\u00e0meres i ha aprofundit en els secrets de l&#8217;acci\u00f3 exterior europea en un context marcat per dues grans crisis internacionals: la guerra a Ucra\u00efna i el conflicte israelopalest\u00ed al Pr\u00f2xim Orient.<\/p>\n<div class=\"traductor-textarea form-group\">\n<div class=\"textarea-desti col-xs-12 col-sm-6\">\n<div class=\"form-control second-textarea\">L&#8217;activitat ha estat coorganitzada pel CEI International Affairs juntament amb la Fundaci\u00f3 Catalunya Europa. Agra\u00efm a la Secretaria d&#8217;Estat per a la Uni\u00f3 Europea del Ministeri d&#8217;Afers exteriors, Uni\u00f3 Europea i Cooperaci\u00f3 per participar en el projecte, aix\u00ed com a totes les persones assistents a la projecci\u00f3 per fer possible el cinef\u00f3rum.<\/div>\n<\/div>\n<\/div>\n<p><img fetchpriority=\"high\" decoding=\"async\" class=\"alignnone wp-image-31381\" src=\"https:\/\/www.ceibcn.com\/wp-content\/uploads\/2025\/10\/IMG_3873-300x225.jpeg\" alt=\"\" width=\"327\" height=\"245\" srcset=\"https:\/\/www.ceibcn.com\/wp-content\/uploads\/2025\/10\/IMG_3873-300x225.jpeg 300w, https:\/\/www.ceibcn.com\/wp-content\/uploads\/2025\/10\/IMG_3873-768x576.jpeg 768w, https:\/\/www.ceibcn.com\/wp-content\/uploads\/2025\/10\/IMG_3873-1536x1152.jpeg 1536w, https:\/\/www.ceibcn.com\/wp-content\/uploads\/2025\/10\/IMG_3873-2048x1536.jpeg 2048w, https:\/\/www.ceibcn.com\/wp-content\/uploads\/2025\/10\/IMG_3873-150x113.jpeg 150w\" sizes=\"(max-width: 327px) 100vw, 327px\" \/><img decoding=\"async\" class=\"alignnone wp-image-31382\" src=\"https:\/\/www.ceibcn.com\/wp-content\/uploads\/2025\/10\/IMG_8884-300x200.jpg\" alt=\"\" width=\"368\" height=\"245\" srcset=\"https:\/\/www.ceibcn.com\/wp-content\/uploads\/2025\/10\/IMG_8884-300x200.jpg 300w, https:\/\/www.ceibcn.com\/wp-content\/uploads\/2025\/10\/IMG_8884-768x512.jpg 768w, https:\/\/www.ceibcn.com\/wp-content\/uploads\/2025\/10\/IMG_8884-1536x1024.jpg 1536w, https:\/\/www.ceibcn.com\/wp-content\/uploads\/2025\/10\/IMG_8884-2048x1365.jpg 2048w, https:\/\/www.ceibcn.com\/wp-content\/uploads\/2025\/10\/IMG_8884-150x100.jpg 150w\" sizes=\"(max-width: 368px) 100vw, 368px\" \/><\/p>\n","protected":false},"excerpt":{"rendered":"<p>Aquesta tarda, en el CineCooperativa Zumzeig, s&#8217;ha portat a terme la projecci\u00f3 d&#8217;Acci\u00f3 exterior: en el cor de la diplom\u00e0cia europea, el documental que retrata els \u00faltims mesos de Josep Borrell com a Alt Representant de la Uni\u00f3 Europea per a Afers Exteriors i Pol\u00edtica de Seguretat, oferint una mirada pr\u00f2xima als reptes i complexitats [&hellip;]<\/p>\n","protected":false},"author":11,"featured_media":31388,"comment_status":"open","ping_status":"closed","sticky":false,"template":"","format":"standard","meta":{"_acf_changed":false,"_crdt_document":"","inline_featured_image":false,"footnotes":""},"categories":[121],"tags":[],"class_list":["post-31387","post","type-post","status-publish","format-standard","has-post-thumbnail","hentry","category-noticies"],"acf":[],"yoast_head":"<!-- This site is optimized with the Yoast SEO plugin v27.0 - https:\/\/yoast.com\/product\/yoast-seo-wordpress\/ -->\n<title>Projecci\u00f3 del documental \u201cAcci\u00f3 exterior: al cor de la diplom\u00e0cia europea\u201d - CEI International Affairs<\/title>\n<meta name=\"robots\" content=\"index, follow, max-snippet:-1, max-image-preview:large, max-video-preview:-1\" \/>\n<link rel=\"canonical\" href=\"https:\/\/www.ceibcn.com\/ca\/2025\/10\/proyeccion-del-documental-accion-exterior-en-el-corazon-de-la-diplomacia-europea\/\" \/>\n<meta property=\"og:locale\" content=\"ca_ES\" \/>\n<meta property=\"og:type\" content=\"article\" \/>\n<meta property=\"og:title\" content=\"Projecci\u00f3 del documental \u201cAcci\u00f3 exterior: al cor de la diplom\u00e0cia europea\u201d - CEI International Affairs\" \/>\n<meta property=\"og:description\" content=\"Aquesta tarda, en el CineCooperativa Zumzeig, s&#8217;ha portat a terme la projecci\u00f3 d&#8217;Acci\u00f3 exterior: en el cor de la diplom\u00e0cia europea, el documental que retrata els \u00faltims mesos de Josep Borrell com a Alt Representant de la Uni\u00f3 Europea per a Afers Exteriors i Pol\u00edtica de Seguretat, oferint una mirada pr\u00f2xima als reptes i complexitats [&hellip;]\" \/>\n<meta property=\"og:url\" content=\"https:\/\/www.ceibcn.com\/ca\/2025\/10\/proyeccion-del-documental-accion-exterior-en-el-corazon-de-la-diplomacia-europea\/\" \/>\n<meta property=\"og:site_name\" content=\"CEI International Affairs\" \/>\n<meta property=\"article:publisher\" content=\"https:\/\/www.facebook.com\/CEI.CentroDeEstudiosInternacionales\/\" \/>\n<meta property=\"article:published_time\" content=\"2025-10-20T19:00:10+00:00\" \/>\n<meta property=\"article:modified_time\" content=\"2025-10-21T14:47:50+00:00\" \/>\n<meta property=\"og:image\" content=\"https:\/\/www.ceibcn.com\/wp-content\/uploads\/2025\/10\/IMG_3873-scaled.jpeg\" \/>\n\t<meta property=\"og:image:width\" content=\"2560\" \/>\n\t<meta property=\"og:image:height\" content=\"1920\" \/>\n\t<meta property=\"og:image:type\" content=\"image\/jpeg\" \/>\n<meta name=\"author\" content=\"Carla V\u00e1zquez Moreno\" \/>\n<meta name=\"twitter:card\" content=\"summary_large_image\" \/>\n<meta name=\"twitter:creator\" content=\"@CEIbcn\" \/>\n<meta name=\"twitter:site\" content=\"@CEIbcn\" \/>\n<meta name=\"twitter:label1\" content=\"Escrit per\" \/>\n\t<meta name=\"twitter:data1\" content=\"Carla V\u00e1zquez Moreno\" \/>\n\t<meta name=\"twitter:label2\" content=\"Temps estimat de lectura\" \/>\n\t<meta name=\"twitter:data2\" content=\"2 minuts\" \/>\n<script type=\"application\/ld+json\" class=\"yoast-schema-graph\">{\"@context\":\"https:\/\/schema.org\",\"@graph\":[{\"@type\":\"Article\",\"@id\":\"https:\/\/www.ceibcn.com\/ca\/2025\/10\/proyeccion-del-documental-accion-exterior-en-el-corazon-de-la-diplomacia-europea\/#article\",\"isPartOf\":{\"@id\":\"https:\/\/www.ceibcn.com\/ca\/2025\/10\/proyeccion-del-documental-accion-exterior-en-el-corazon-de-la-diplomacia-europea\/\"},\"author\":{\"name\":\"Carla V\u00e1zquez Moreno\",\"@id\":\"https:\/\/www.ceibcn.com\/ca\/#\/schema\/person\/ade8c52628f010f149da9031432f538d\"},\"headline\":\"Projecci\u00f3 del documental \u201cAcci\u00f3 exterior: al cor de la diplom\u00e0cia europea\u201d\",\"datePublished\":\"2025-10-20T19:00:10+00:00\",\"dateModified\":\"2025-10-21T14:47:50+00:00\",\"mainEntityOfPage\":{\"@id\":\"https:\/\/www.ceibcn.com\/ca\/2025\/10\/proyeccion-del-documental-accion-exterior-en-el-corazon-de-la-diplomacia-europea\/\"},\"wordCount\":282,\"commentCount\":0,\"publisher\":{\"@id\":\"https:\/\/www.ceibcn.com\/ca\/#organization\"},\"image\":{\"@id\":\"https:\/\/www.ceibcn.com\/ca\/2025\/10\/proyeccion-del-documental-accion-exterior-en-el-corazon-de-la-diplomacia-europea\/#primaryimage\"},\"thumbnailUrl\":\"https:\/\/www.ceibcn.com\/wp-content\/uploads\/2025\/10\/IMG_3873-scaled.jpeg\",\"articleSection\":[\"Not\u00edcies\"],\"inLanguage\":\"ca\",\"potentialAction\":[{\"@type\":\"CommentAction\",\"name\":\"Comment\",\"target\":[\"https:\/\/www.ceibcn.com\/ca\/2025\/10\/proyeccion-del-documental-accion-exterior-en-el-corazon-de-la-diplomacia-europea\/#respond\"]}]},{\"@type\":\"WebPage\",\"@id\":\"https:\/\/www.ceibcn.com\/ca\/2025\/10\/proyeccion-del-documental-accion-exterior-en-el-corazon-de-la-diplomacia-europea\/\",\"url\":\"https:\/\/www.ceibcn.com\/ca\/2025\/10\/proyeccion-del-documental-accion-exterior-en-el-corazon-de-la-diplomacia-europea\/\",\"name\":\"Projecci\u00f3 del documental \u201cAcci\u00f3 exterior: al cor de la diplom\u00e0cia europea\u201d - CEI International Affairs\",\"isPartOf\":{\"@id\":\"https:\/\/www.ceibcn.com\/ca\/#website\"},\"primaryImageOfPage\":{\"@id\":\"https:\/\/www.ceibcn.com\/ca\/2025\/10\/proyeccion-del-documental-accion-exterior-en-el-corazon-de-la-diplomacia-europea\/#primaryimage\"},\"image\":{\"@id\":\"https:\/\/www.ceibcn.com\/ca\/2025\/10\/proyeccion-del-documental-accion-exterior-en-el-corazon-de-la-diplomacia-europea\/#primaryimage\"},\"thumbnailUrl\":\"https:\/\/www.ceibcn.com\/wp-content\/uploads\/2025\/10\/IMG_3873-scaled.jpeg\",\"datePublished\":\"2025-10-20T19:00:10+00:00\",\"dateModified\":\"2025-10-21T14:47:50+00:00\",\"breadcrumb\":{\"@id\":\"https:\/\/www.ceibcn.com\/ca\/2025\/10\/proyeccion-del-documental-accion-exterior-en-el-corazon-de-la-diplomacia-europea\/#breadcrumb\"},\"inLanguage\":\"ca\",\"potentialAction\":[{\"@type\":\"ReadAction\",\"target\":[\"https:\/\/www.ceibcn.com\/ca\/2025\/10\/proyeccion-del-documental-accion-exterior-en-el-corazon-de-la-diplomacia-europea\/\"]}]},{\"@type\":\"ImageObject\",\"inLanguage\":\"ca\",\"@id\":\"https:\/\/www.ceibcn.com\/ca\/2025\/10\/proyeccion-del-documental-accion-exterior-en-el-corazon-de-la-diplomacia-europea\/#primaryimage\",\"url\":\"https:\/\/www.ceibcn.com\/wp-content\/uploads\/2025\/10\/IMG_3873-scaled.jpeg\",\"contentUrl\":\"https:\/\/www.ceibcn.com\/wp-content\/uploads\/2025\/10\/IMG_3873-scaled.jpeg\",\"width\":2560,\"height\":1920},{\"@type\":\"BreadcrumbList\",\"@id\":\"https:\/\/www.ceibcn.com\/ca\/2025\/10\/proyeccion-del-documental-accion-exterior-en-el-corazon-de-la-diplomacia-europea\/#breadcrumb\",\"itemListElement\":[{\"@type\":\"ListItem\",\"position\":1,\"name\":\"Portada\",\"item\":\"https:\/\/www.ceibcn.com\/ca\/\"},{\"@type\":\"ListItem\",\"position\":2,\"name\":\"Projecci\u00f3 del documental \u201cAcci\u00f3 exterior: al cor de la diplom\u00e0cia europea\u201d\"}]},{\"@type\":\"WebSite\",\"@id\":\"https:\/\/www.ceibcn.com\/ca\/#website\",\"url\":\"https:\/\/www.ceibcn.com\/ca\/\",\"name\":\"CEI International Affairs\",\"description\":\"CEI International Affairs\",\"publisher\":{\"@id\":\"https:\/\/www.ceibcn.com\/ca\/#organization\"},\"alternateName\":\"CEI International Affairs\",\"potentialAction\":[{\"@type\":\"SearchAction\",\"target\":{\"@type\":\"EntryPoint\",\"urlTemplate\":\"https:\/\/www.ceibcn.com\/ca\/?s={search_term_string}\"},\"query-input\":{\"@type\":\"PropertyValueSpecification\",\"valueRequired\":true,\"valueName\":\"search_term_string\"}}],\"inLanguage\":\"ca\"},{\"@type\":\"Organization\",\"@id\":\"https:\/\/www.ceibcn.com\/ca\/#organization\",\"name\":\"CEI International Affairs\",\"url\":\"https:\/\/www.ceibcn.com\/ca\/\",\"logo\":{\"@type\":\"ImageObject\",\"inLanguage\":\"ca\",\"@id\":\"https:\/\/www.ceibcn.com\/ca\/#\/schema\/logo\/image\/\",\"url\":\"https:\/\/www.ceibcn.com\/wp-content\/uploads\/2021\/09\/CeiLogo_EscuelaDiploVectorized_vectorizedSIN_FONDO.png\",\"contentUrl\":\"https:\/\/www.ceibcn.com\/wp-content\/uploads\/2021\/09\/CeiLogo_EscuelaDiploVectorized_vectorizedSIN_FONDO.png\",\"width\":1591,\"height\":629,\"caption\":\"CEI International Affairs\"},\"image\":{\"@id\":\"https:\/\/www.ceibcn.com\/ca\/#\/schema\/logo\/image\/\"},\"sameAs\":[\"https:\/\/www.facebook.com\/CEI.CentroDeEstudiosInternacionales\/\",\"https:\/\/x.com\/CEIbcn\",\"https:\/\/www.instagram.com\/cei_international\/\"]},{\"@type\":\"Person\",\"@id\":\"https:\/\/www.ceibcn.com\/ca\/#\/schema\/person\/ade8c52628f010f149da9031432f538d\",\"name\":\"Carla V\u00e1zquez Moreno\",\"image\":{\"@type\":\"ImageObject\",\"inLanguage\":\"ca\",\"@id\":\"https:\/\/www.ceibcn.com\/ca\/#\/schema\/person\/image\/\",\"url\":\"https:\/\/secure.gravatar.com\/avatar\/07396995718186c2b1a2f071ca87cd80143e420274dfd37126595cdd5bbc2e0c?s=96&d=mm&r=g\",\"contentUrl\":\"https:\/\/secure.gravatar.com\/avatar\/07396995718186c2b1a2f071ca87cd80143e420274dfd37126595cdd5bbc2e0c?s=96&d=mm&r=g\",\"caption\":\"Carla V\u00e1zquez Moreno\"},\"url\":\"https:\/\/www.ceibcn.com\/ca\/author\/carla\/\"}]}<\/script>\n<!-- \/ Yoast SEO plugin. -->","yoast_head_json":{"title":"Projecci\u00f3 del documental \u201cAcci\u00f3 exterior: al cor de la diplom\u00e0cia europea\u201d - CEI International Affairs","robots":{"index":"index","follow":"follow","max-snippet":"max-snippet:-1","max-image-preview":"max-image-preview:large","max-video-preview":"max-video-preview:-1"},"canonical":"https:\/\/www.ceibcn.com\/ca\/2025\/10\/proyeccion-del-documental-accion-exterior-en-el-corazon-de-la-diplomacia-europea\/","og_locale":"ca_ES","og_type":"article","og_title":"Projecci\u00f3 del documental \u201cAcci\u00f3 exterior: al cor de la diplom\u00e0cia europea\u201d - CEI International Affairs","og_description":"Aquesta tarda, en el CineCooperativa Zumzeig, s&#8217;ha portat a terme la projecci\u00f3 d&#8217;Acci\u00f3 exterior: en el cor de la diplom\u00e0cia europea, el documental que retrata els \u00faltims mesos de Josep Borrell com a Alt Representant de la Uni\u00f3 Europea per a Afers Exteriors i Pol\u00edtica de Seguretat, oferint una mirada pr\u00f2xima als reptes i complexitats [&hellip;]","og_url":"https:\/\/www.ceibcn.com\/ca\/2025\/10\/proyeccion-del-documental-accion-exterior-en-el-corazon-de-la-diplomacia-europea\/","og_site_name":"CEI International Affairs","article_publisher":"https:\/\/www.facebook.com\/CEI.CentroDeEstudiosInternacionales\/","article_published_time":"2025-10-20T19:00:10+00:00","article_modified_time":"2025-10-21T14:47:50+00:00","og_image":[{"width":2560,"height":1920,"url":"https:\/\/www.ceibcn.com\/wp-content\/uploads\/2025\/10\/IMG_3873-scaled.jpeg","type":"image\/jpeg"}],"author":"Carla V\u00e1zquez Moreno","twitter_card":"summary_large_image","twitter_creator":"@CEIbcn","twitter_site":"@CEIbcn","twitter_misc":{"Escrit per":"Carla V\u00e1zquez Moreno","Temps estimat de lectura":"2 minuts"},"schema":{"@context":"https:\/\/schema.org","@graph":[{"@type":"Article","@id":"https:\/\/www.ceibcn.com\/ca\/2025\/10\/proyeccion-del-documental-accion-exterior-en-el-corazon-de-la-diplomacia-europea\/#article","isPartOf":{"@id":"https:\/\/www.ceibcn.com\/ca\/2025\/10\/proyeccion-del-documental-accion-exterior-en-el-corazon-de-la-diplomacia-europea\/"},"author":{"name":"Carla V\u00e1zquez Moreno","@id":"https:\/\/www.ceibcn.com\/ca\/#\/schema\/person\/ade8c52628f010f149da9031432f538d"},"headline":"Projecci\u00f3 del documental \u201cAcci\u00f3 exterior: al cor de la diplom\u00e0cia europea\u201d","datePublished":"2025-10-20T19:00:10+00:00","dateModified":"2025-10-21T14:47:50+00:00","mainEntityOfPage":{"@id":"https:\/\/www.ceibcn.com\/ca\/2025\/10\/proyeccion-del-documental-accion-exterior-en-el-corazon-de-la-diplomacia-europea\/"},"wordCount":282,"commentCount":0,"publisher":{"@id":"https:\/\/www.ceibcn.com\/ca\/#organization"},"image":{"@id":"https:\/\/www.ceibcn.com\/ca\/2025\/10\/proyeccion-del-documental-accion-exterior-en-el-corazon-de-la-diplomacia-europea\/#primaryimage"},"thumbnailUrl":"https:\/\/www.ceibcn.com\/wp-content\/uploads\/2025\/10\/IMG_3873-scaled.jpeg","articleSection":["Not\u00edcies"],"inLanguage":"ca","potentialAction":[{"@type":"CommentAction","name":"Comment","target":["https:\/\/www.ceibcn.com\/ca\/2025\/10\/proyeccion-del-documental-accion-exterior-en-el-corazon-de-la-diplomacia-europea\/#respond"]}]},{"@type":"WebPage","@id":"https:\/\/www.ceibcn.com\/ca\/2025\/10\/proyeccion-del-documental-accion-exterior-en-el-corazon-de-la-diplomacia-europea\/","url":"https:\/\/www.ceibcn.com\/ca\/2025\/10\/proyeccion-del-documental-accion-exterior-en-el-corazon-de-la-diplomacia-europea\/","name":"Projecci\u00f3 del documental \u201cAcci\u00f3 exterior: al cor de la diplom\u00e0cia europea\u201d - CEI International Affairs","isPartOf":{"@id":"https:\/\/www.ceibcn.com\/ca\/#website"},"primaryImageOfPage":{"@id":"https:\/\/www.ceibcn.com\/ca\/2025\/10\/proyeccion-del-documental-accion-exterior-en-el-corazon-de-la-diplomacia-europea\/#primaryimage"},"image":{"@id":"https:\/\/www.ceibcn.com\/ca\/2025\/10\/proyeccion-del-documental-accion-exterior-en-el-corazon-de-la-diplomacia-europea\/#primaryimage"},"thumbnailUrl":"https:\/\/www.ceibcn.com\/wp-content\/uploads\/2025\/10\/IMG_3873-scaled.jpeg","datePublished":"2025-10-20T19:00:10+00:00","dateModified":"2025-10-21T14:47:50+00:00","breadcrumb":{"@id":"https:\/\/www.ceibcn.com\/ca\/2025\/10\/proyeccion-del-documental-accion-exterior-en-el-corazon-de-la-diplomacia-europea\/#breadcrumb"},"inLanguage":"ca","potentialAction":[{"@type":"ReadAction","target":["https:\/\/www.ceibcn.com\/ca\/2025\/10\/proyeccion-del-documental-accion-exterior-en-el-corazon-de-la-diplomacia-europea\/"]}]},{"@type":"ImageObject","inLanguage":"ca","@id":"https:\/\/www.ceibcn.com\/ca\/2025\/10\/proyeccion-del-documental-accion-exterior-en-el-corazon-de-la-diplomacia-europea\/#primaryimage","url":"https:\/\/www.ceibcn.com\/wp-content\/uploads\/2025\/10\/IMG_3873-scaled.jpeg","contentUrl":"https:\/\/www.ceibcn.com\/wp-content\/uploads\/2025\/10\/IMG_3873-scaled.jpeg","width":2560,"height":1920},{"@type":"BreadcrumbList","@id":"https:\/\/www.ceibcn.com\/ca\/2025\/10\/proyeccion-del-documental-accion-exterior-en-el-corazon-de-la-diplomacia-europea\/#breadcrumb","itemListElement":[{"@type":"ListItem","position":1,"name":"Portada","item":"https:\/\/www.ceibcn.com\/ca\/"},{"@type":"ListItem","position":2,"name":"Projecci\u00f3 del documental \u201cAcci\u00f3 exterior: al cor de la diplom\u00e0cia europea\u201d"}]},{"@type":"WebSite","@id":"https:\/\/www.ceibcn.com\/ca\/#website","url":"https:\/\/www.ceibcn.com\/ca\/","name":"CEI International Affairs","description":"CEI International Affairs","publisher":{"@id":"https:\/\/www.ceibcn.com\/ca\/#organization"},"alternateName":"CEI International Affairs","potentialAction":[{"@type":"SearchAction","target":{"@type":"EntryPoint","urlTemplate":"https:\/\/www.ceibcn.com\/ca\/?s={search_term_string}"},"query-input":{"@type":"PropertyValueSpecification","valueRequired":true,"valueName":"search_term_string"}}],"inLanguage":"ca"},{"@type":"Organization","@id":"https:\/\/www.ceibcn.com\/ca\/#organization","name":"CEI International Affairs","url":"https:\/\/www.ceibcn.com\/ca\/","logo":{"@type":"ImageObject","inLanguage":"ca","@id":"https:\/\/www.ceibcn.com\/ca\/#\/schema\/logo\/image\/","url":"https:\/\/www.ceibcn.com\/wp-content\/uploads\/2021\/09\/CeiLogo_EscuelaDiploVectorized_vectorizedSIN_FONDO.png","contentUrl":"https:\/\/www.ceibcn.com\/wp-content\/uploads\/2021\/09\/CeiLogo_EscuelaDiploVectorized_vectorizedSIN_FONDO.png","width":1591,"height":629,"caption":"CEI International Affairs"},"image":{"@id":"https:\/\/www.ceibcn.com\/ca\/#\/schema\/logo\/image\/"},"sameAs":["https:\/\/www.facebook.com\/CEI.CentroDeEstudiosInternacionales\/","https:\/\/x.com\/CEIbcn","https:\/\/www.instagram.com\/cei_international\/"]},{"@type":"Person","@id":"https:\/\/www.ceibcn.com\/ca\/#\/schema\/person\/ade8c52628f010f149da9031432f538d","name":"Carla V\u00e1zquez Moreno","image":{"@type":"ImageObject","inLanguage":"ca","@id":"https:\/\/www.ceibcn.com\/ca\/#\/schema\/person\/image\/","url":"https:\/\/secure.gravatar.com\/avatar\/07396995718186c2b1a2f071ca87cd80143e420274dfd37126595cdd5bbc2e0c?s=96&d=mm&r=g","contentUrl":"https:\/\/secure.gravatar.com\/avatar\/07396995718186c2b1a2f071ca87cd80143e420274dfd37126595cdd5bbc2e0c?s=96&d=mm&r=g","caption":"Carla V\u00e1zquez Moreno"},"url":"https:\/\/www.ceibcn.com\/ca\/author\/carla\/"}]}},"_links":{"self":[{"href":"https:\/\/www.ceibcn.com\/ca\/wp-json\/wp\/v2\/posts\/31387","targetHints":{"allow":["GET"]}}],"collection":[{"href":"https:\/\/www.ceibcn.com\/ca\/wp-json\/wp\/v2\/posts"}],"about":[{"href":"https:\/\/www.ceibcn.com\/ca\/wp-json\/wp\/v2\/types\/post"}],"author":[{"embeddable":true,"href":"https:\/\/www.ceibcn.com\/ca\/wp-json\/wp\/v2\/users\/11"}],"replies":[{"embeddable":true,"href":"https:\/\/www.ceibcn.com\/ca\/wp-json\/wp\/v2\/comments?post=31387"}],"version-history":[{"count":2,"href":"https:\/\/www.ceibcn.com\/ca\/wp-json\/wp\/v2\/posts\/31387\/revisions"}],"predecessor-version":[{"id":31391,"href":"https:\/\/www.ceibcn.com\/ca\/wp-json\/wp\/v2\/posts\/31387\/revisions\/31391"}],"wp:featuredmedia":[{"embeddable":true,"href":"https:\/\/www.ceibcn.com\/ca\/wp-json\/wp\/v2\/media\/31388"}],"wp:attachment":[{"href":"https:\/\/www.ceibcn.com\/ca\/wp-json\/wp\/v2\/media?parent=31387"}],"wp:term":[{"taxonomy":"category","embeddable":true,"href":"https:\/\/www.ceibcn.com\/ca\/wp-json\/wp\/v2\/categories?post=31387"},{"taxonomy":"post_tag","embeddable":true,"href":"https:\/\/www.ceibcn.com\/ca\/wp-json\/wp\/v2\/tags?post=31387"}],"curies":[{"name":"wp","href":"https:\/\/api.w.org\/{rel}","templated":true}]}}