{"id":31866,"date":"2025-11-19T11:33:01","date_gmt":"2025-11-19T10:33:01","guid":{"rendered":"https:\/\/www.ceibcn.com\/2025\/11\/debate-diplomacia-publica-y-relaciones-internacionales\/"},"modified":"2025-11-19T11:35:47","modified_gmt":"2025-11-19T10:35:47","slug":"debate-diplomacia-publica-y-relaciones-internacionales","status":"publish","type":"post","link":"https:\/\/www.ceibcn.com\/ca\/2025\/11\/debate-diplomacia-publica-y-relaciones-internacionales\/","title":{"rendered":"Debat \u201cDiplom\u00e0cia p\u00fablica i relacions internacionals\u201d"},"content":{"rendered":"<p data-start=\"100\" data-end=\"337\">En un m\u00f3n globalitzat i interconnectat, la diplom\u00e0cia p\u00fablica ha deixat de ser un \u00e0mbit exclusiu dels governs: la cultura, els mitjans de comunicaci\u00f3 i la pr\u00f2pia ciutadania juguen avui un paper decisiu en la projecci\u00f3 exterior d\u2019un pa\u00eds.<\/p>\n<p data-start=\"339\" data-end=\"706\">Amb aquest punt de partida, ahir es va celebrar a l\u2019Espai L\u00ednia de Barcelona, en un acte coorganitzat amb <a href=\"https:\/\/exterior.cat\/\">Exterior.cat<\/a>, el debat <strong data-start=\"468\" data-end=\"519\">\u201cDiplom\u00e0cia p\u00fablica i relacions internacionals\u201d<\/strong>. La sessi\u00f3 va abordar com evoluciona la diplom\u00e0cia en el context actual i quin impacte tenen els actors no estatals, la comunicaci\u00f3 internacional i el <em data-start=\"671\" data-end=\"683\">soft power<\/em> en la imatge exterior.<\/p>\n<p><img fetchpriority=\"high\" decoding=\"async\" class=\" wp-image-31864 aligncenter\" src=\"https:\/\/www.ceibcn.com\/wp-content\/uploads\/2025\/11\/IMG_9220-300x200.jpg\" alt=\"\" width=\"339\" height=\"226\" srcset=\"https:\/\/www.ceibcn.com\/wp-content\/uploads\/2025\/11\/IMG_9220-300x200.jpg 300w, https:\/\/www.ceibcn.com\/wp-content\/uploads\/2025\/11\/IMG_9220-768x512.jpg 768w, https:\/\/www.ceibcn.com\/wp-content\/uploads\/2025\/11\/IMG_9220-1536x1024.jpg 1536w, https:\/\/www.ceibcn.com\/wp-content\/uploads\/2025\/11\/IMG_9220-2048x1365.jpg 2048w, https:\/\/www.ceibcn.com\/wp-content\/uploads\/2025\/11\/IMG_9220-150x100.jpg 150w\" sizes=\"(max-width: 339px) 100vw, 339px\" \/><\/p>\n<p data-start=\"708\" data-end=\"1192\">El panell estava format pel director general del CEI, <strong data-start=\"762\" data-end=\"785\">Sr. Joaquim Llimona<\/strong>; el director de Casa Asia i Alumni CEI, <strong data-start=\"826\" data-end=\"845\">Sr. Jos\u00e9 Pintor<\/strong>; i l\u2019opositora del CEI a la Carrera Diplom\u00e0tica, <strong data-start=\"895\" data-end=\"915\">Sra. Clara Roura<\/strong>. Cadascun d\u2019ells va aportar la seva visi\u00f3 sobre q\u00fcestions com el canvi en el rol dels\/de les diplom\u00e0tics\/ques, les noves eines de diplom\u00e0cia p\u00fablica, la implicaci\u00f3 creixent de la ciutadania i el paper de la intel\u00b7lig\u00e8ncia artificial i la tecnologia en la pr\u00e0ctica diplom\u00e0tica.<\/p>\n<p data-start=\"1194\" data-end=\"1439\">Va ser un debat enriquidor que va permetre a les persones assistents, tant en modalitat presencial com en l\u00ednia, comprendre millor els reptes actuals de la diplom\u00e0cia i con\u00e8ixer de primera m\u00e0 com el CEI integra aquests temes en la seva formaci\u00f3.<\/p>\n","protected":false},"excerpt":{"rendered":"<p>En un m\u00f3n globalitzat i interconnectat, la diplom\u00e0cia p\u00fablica ha deixat de ser un \u00e0mbit exclusiu dels governs: la cultura, els mitjans de comunicaci\u00f3 i la pr\u00f2pia ciutadania juguen avui un paper decisiu en la projecci\u00f3 exterior d\u2019un pa\u00eds. Amb aquest punt de partida, ahir es va celebrar a l\u2019Espai L\u00ednia de Barcelona, en un [&hellip;]<\/p>\n","protected":false},"author":11,"featured_media":31867,"comment_status":"open","ping_status":"closed","sticky":false,"template":"","format":"standard","meta":{"_acf_changed":false,"_crdt_document":"","inline_featured_image":false,"footnotes":""},"categories":[121],"tags":[],"class_list":["post-31866","post","type-post","status-publish","format-standard","has-post-thumbnail","hentry","category-noticies"],"acf":[],"yoast_head":"<!-- This site is optimized with the Yoast SEO plugin v27.0 - https:\/\/yoast.com\/product\/yoast-seo-wordpress\/ -->\n<title>Debat \u201cDiplom\u00e0cia p\u00fablica i relacions internacionals\u201d - CEI International Affairs<\/title>\n<meta name=\"robots\" content=\"index, follow, max-snippet:-1, max-image-preview:large, max-video-preview:-1\" \/>\n<link rel=\"canonical\" href=\"https:\/\/www.ceibcn.com\/ca\/2025\/11\/debate-diplomacia-publica-y-relaciones-internacionales\/\" \/>\n<meta property=\"og:locale\" content=\"ca_ES\" \/>\n<meta property=\"og:type\" content=\"article\" \/>\n<meta property=\"og:title\" content=\"Debat \u201cDiplom\u00e0cia p\u00fablica i relacions internacionals\u201d - CEI International Affairs\" \/>\n<meta property=\"og:description\" content=\"En un m\u00f3n globalitzat i interconnectat, la diplom\u00e0cia p\u00fablica ha deixat de ser un \u00e0mbit exclusiu dels governs: la cultura, els mitjans de comunicaci\u00f3 i la pr\u00f2pia ciutadania juguen avui un paper decisiu en la projecci\u00f3 exterior d\u2019un pa\u00eds. Amb aquest punt de partida, ahir es va celebrar a l\u2019Espai L\u00ednia de Barcelona, en un [&hellip;]\" \/>\n<meta property=\"og:url\" content=\"https:\/\/www.ceibcn.com\/ca\/2025\/11\/debate-diplomacia-publica-y-relaciones-internacionales\/\" \/>\n<meta property=\"og:site_name\" content=\"CEI International Affairs\" \/>\n<meta property=\"article:publisher\" content=\"https:\/\/www.facebook.com\/CEI.CentroDeEstudiosInternacionales\/\" \/>\n<meta property=\"article:published_time\" content=\"2025-11-19T10:33:01+00:00\" \/>\n<meta property=\"article:modified_time\" content=\"2025-11-19T10:35:47+00:00\" \/>\n<meta property=\"og:image\" content=\"https:\/\/www.ceibcn.com\/wp-content\/uploads\/2025\/11\/IMG_9220-scaled.jpg\" \/>\n\t<meta property=\"og:image:width\" content=\"2560\" \/>\n\t<meta property=\"og:image:height\" content=\"1707\" \/>\n\t<meta property=\"og:image:type\" content=\"image\/jpeg\" \/>\n<meta name=\"author\" content=\"Carla V\u00e1zquez Moreno\" \/>\n<meta name=\"twitter:card\" content=\"summary_large_image\" \/>\n<meta name=\"twitter:creator\" content=\"@CEIbcn\" \/>\n<meta name=\"twitter:site\" content=\"@CEIbcn\" \/>\n<meta name=\"twitter:label1\" content=\"Escrit per\" \/>\n\t<meta name=\"twitter:data1\" content=\"Carla V\u00e1zquez Moreno\" \/>\n\t<meta name=\"twitter:label2\" content=\"Temps estimat de lectura\" \/>\n\t<meta name=\"twitter:data2\" content=\"2 minuts\" \/>\n<script type=\"application\/ld+json\" class=\"yoast-schema-graph\">{\"@context\":\"https:\/\/schema.org\",\"@graph\":[{\"@type\":\"Article\",\"@id\":\"https:\/\/www.ceibcn.com\/ca\/2025\/11\/debate-diplomacia-publica-y-relaciones-internacionales\/#article\",\"isPartOf\":{\"@id\":\"https:\/\/www.ceibcn.com\/ca\/2025\/11\/debate-diplomacia-publica-y-relaciones-internacionales\/\"},\"author\":{\"name\":\"Carla V\u00e1zquez Moreno\",\"@id\":\"https:\/\/www.ceibcn.com\/ca\/#\/schema\/person\/ade8c52628f010f149da9031432f538d\"},\"headline\":\"Debat \u201cDiplom\u00e0cia p\u00fablica i relacions internacionals\u201d\",\"datePublished\":\"2025-11-19T10:33:01+00:00\",\"dateModified\":\"2025-11-19T10:35:47+00:00\",\"mainEntityOfPage\":{\"@id\":\"https:\/\/www.ceibcn.com\/ca\/2025\/11\/debate-diplomacia-publica-y-relaciones-internacionales\/\"},\"wordCount\":253,\"commentCount\":0,\"publisher\":{\"@id\":\"https:\/\/www.ceibcn.com\/ca\/#organization\"},\"image\":{\"@id\":\"https:\/\/www.ceibcn.com\/ca\/2025\/11\/debate-diplomacia-publica-y-relaciones-internacionales\/#primaryimage\"},\"thumbnailUrl\":\"https:\/\/www.ceibcn.com\/wp-content\/uploads\/2025\/11\/IMG_9220-scaled.jpg\",\"articleSection\":[\"Not\u00edcies\"],\"inLanguage\":\"ca\",\"potentialAction\":[{\"@type\":\"CommentAction\",\"name\":\"Comment\",\"target\":[\"https:\/\/www.ceibcn.com\/ca\/2025\/11\/debate-diplomacia-publica-y-relaciones-internacionales\/#respond\"]}]},{\"@type\":\"WebPage\",\"@id\":\"https:\/\/www.ceibcn.com\/ca\/2025\/11\/debate-diplomacia-publica-y-relaciones-internacionales\/\",\"url\":\"https:\/\/www.ceibcn.com\/ca\/2025\/11\/debate-diplomacia-publica-y-relaciones-internacionales\/\",\"name\":\"Debat \u201cDiplom\u00e0cia p\u00fablica i relacions internacionals\u201d - CEI International Affairs\",\"isPartOf\":{\"@id\":\"https:\/\/www.ceibcn.com\/ca\/#website\"},\"primaryImageOfPage\":{\"@id\":\"https:\/\/www.ceibcn.com\/ca\/2025\/11\/debate-diplomacia-publica-y-relaciones-internacionales\/#primaryimage\"},\"image\":{\"@id\":\"https:\/\/www.ceibcn.com\/ca\/2025\/11\/debate-diplomacia-publica-y-relaciones-internacionales\/#primaryimage\"},\"thumbnailUrl\":\"https:\/\/www.ceibcn.com\/wp-content\/uploads\/2025\/11\/IMG_9220-scaled.jpg\",\"datePublished\":\"2025-11-19T10:33:01+00:00\",\"dateModified\":\"2025-11-19T10:35:47+00:00\",\"breadcrumb\":{\"@id\":\"https:\/\/www.ceibcn.com\/ca\/2025\/11\/debate-diplomacia-publica-y-relaciones-internacionales\/#breadcrumb\"},\"inLanguage\":\"ca\",\"potentialAction\":[{\"@type\":\"ReadAction\",\"target\":[\"https:\/\/www.ceibcn.com\/ca\/2025\/11\/debate-diplomacia-publica-y-relaciones-internacionales\/\"]}]},{\"@type\":\"ImageObject\",\"inLanguage\":\"ca\",\"@id\":\"https:\/\/www.ceibcn.com\/ca\/2025\/11\/debate-diplomacia-publica-y-relaciones-internacionales\/#primaryimage\",\"url\":\"https:\/\/www.ceibcn.com\/wp-content\/uploads\/2025\/11\/IMG_9220-scaled.jpg\",\"contentUrl\":\"https:\/\/www.ceibcn.com\/wp-content\/uploads\/2025\/11\/IMG_9220-scaled.jpg\",\"width\":2560,\"height\":1707},{\"@type\":\"BreadcrumbList\",\"@id\":\"https:\/\/www.ceibcn.com\/ca\/2025\/11\/debate-diplomacia-publica-y-relaciones-internacionales\/#breadcrumb\",\"itemListElement\":[{\"@type\":\"ListItem\",\"position\":1,\"name\":\"Portada\",\"item\":\"https:\/\/www.ceibcn.com\/ca\/\"},{\"@type\":\"ListItem\",\"position\":2,\"name\":\"Debat \u201cDiplom\u00e0cia p\u00fablica i relacions internacionals\u201d\"}]},{\"@type\":\"WebSite\",\"@id\":\"https:\/\/www.ceibcn.com\/ca\/#website\",\"url\":\"https:\/\/www.ceibcn.com\/ca\/\",\"name\":\"CEI International Affairs\",\"description\":\"CEI International Affairs\",\"publisher\":{\"@id\":\"https:\/\/www.ceibcn.com\/ca\/#organization\"},\"alternateName\":\"CEI International Affairs\",\"potentialAction\":[{\"@type\":\"SearchAction\",\"target\":{\"@type\":\"EntryPoint\",\"urlTemplate\":\"https:\/\/www.ceibcn.com\/ca\/?s={search_term_string}\"},\"query-input\":{\"@type\":\"PropertyValueSpecification\",\"valueRequired\":true,\"valueName\":\"search_term_string\"}}],\"inLanguage\":\"ca\"},{\"@type\":\"Organization\",\"@id\":\"https:\/\/www.ceibcn.com\/ca\/#organization\",\"name\":\"CEI International Affairs\",\"url\":\"https:\/\/www.ceibcn.com\/ca\/\",\"logo\":{\"@type\":\"ImageObject\",\"inLanguage\":\"ca\",\"@id\":\"https:\/\/www.ceibcn.com\/ca\/#\/schema\/logo\/image\/\",\"url\":\"https:\/\/www.ceibcn.com\/wp-content\/uploads\/2021\/09\/CeiLogo_EscuelaDiploVectorized_vectorizedSIN_FONDO.png\",\"contentUrl\":\"https:\/\/www.ceibcn.com\/wp-content\/uploads\/2021\/09\/CeiLogo_EscuelaDiploVectorized_vectorizedSIN_FONDO.png\",\"width\":1591,\"height\":629,\"caption\":\"CEI International Affairs\"},\"image\":{\"@id\":\"https:\/\/www.ceibcn.com\/ca\/#\/schema\/logo\/image\/\"},\"sameAs\":[\"https:\/\/www.facebook.com\/CEI.CentroDeEstudiosInternacionales\/\",\"https:\/\/x.com\/CEIbcn\",\"https:\/\/www.instagram.com\/cei_international\/\"]},{\"@type\":\"Person\",\"@id\":\"https:\/\/www.ceibcn.com\/ca\/#\/schema\/person\/ade8c52628f010f149da9031432f538d\",\"name\":\"Carla V\u00e1zquez Moreno\",\"image\":{\"@type\":\"ImageObject\",\"inLanguage\":\"ca\",\"@id\":\"https:\/\/www.ceibcn.com\/ca\/#\/schema\/person\/image\/\",\"url\":\"https:\/\/secure.gravatar.com\/avatar\/07396995718186c2b1a2f071ca87cd80143e420274dfd37126595cdd5bbc2e0c?s=96&d=mm&r=g\",\"contentUrl\":\"https:\/\/secure.gravatar.com\/avatar\/07396995718186c2b1a2f071ca87cd80143e420274dfd37126595cdd5bbc2e0c?s=96&d=mm&r=g\",\"caption\":\"Carla V\u00e1zquez Moreno\"},\"url\":\"https:\/\/www.ceibcn.com\/ca\/author\/carla\/\"}]}<\/script>\n<!-- \/ Yoast SEO plugin. -->","yoast_head_json":{"title":"Debat \u201cDiplom\u00e0cia p\u00fablica i relacions internacionals\u201d - CEI International Affairs","robots":{"index":"index","follow":"follow","max-snippet":"max-snippet:-1","max-image-preview":"max-image-preview:large","max-video-preview":"max-video-preview:-1"},"canonical":"https:\/\/www.ceibcn.com\/ca\/2025\/11\/debate-diplomacia-publica-y-relaciones-internacionales\/","og_locale":"ca_ES","og_type":"article","og_title":"Debat \u201cDiplom\u00e0cia p\u00fablica i relacions internacionals\u201d - CEI International Affairs","og_description":"En un m\u00f3n globalitzat i interconnectat, la diplom\u00e0cia p\u00fablica ha deixat de ser un \u00e0mbit exclusiu dels governs: la cultura, els mitjans de comunicaci\u00f3 i la pr\u00f2pia ciutadania juguen avui un paper decisiu en la projecci\u00f3 exterior d\u2019un pa\u00eds. Amb aquest punt de partida, ahir es va celebrar a l\u2019Espai L\u00ednia de Barcelona, en un [&hellip;]","og_url":"https:\/\/www.ceibcn.com\/ca\/2025\/11\/debate-diplomacia-publica-y-relaciones-internacionales\/","og_site_name":"CEI International Affairs","article_publisher":"https:\/\/www.facebook.com\/CEI.CentroDeEstudiosInternacionales\/","article_published_time":"2025-11-19T10:33:01+00:00","article_modified_time":"2025-11-19T10:35:47+00:00","og_image":[{"width":2560,"height":1707,"url":"https:\/\/www.ceibcn.com\/wp-content\/uploads\/2025\/11\/IMG_9220-scaled.jpg","type":"image\/jpeg"}],"author":"Carla V\u00e1zquez Moreno","twitter_card":"summary_large_image","twitter_creator":"@CEIbcn","twitter_site":"@CEIbcn","twitter_misc":{"Escrit per":"Carla V\u00e1zquez Moreno","Temps estimat de lectura":"2 minuts"},"schema":{"@context":"https:\/\/schema.org","@graph":[{"@type":"Article","@id":"https:\/\/www.ceibcn.com\/ca\/2025\/11\/debate-diplomacia-publica-y-relaciones-internacionales\/#article","isPartOf":{"@id":"https:\/\/www.ceibcn.com\/ca\/2025\/11\/debate-diplomacia-publica-y-relaciones-internacionales\/"},"author":{"name":"Carla V\u00e1zquez Moreno","@id":"https:\/\/www.ceibcn.com\/ca\/#\/schema\/person\/ade8c52628f010f149da9031432f538d"},"headline":"Debat \u201cDiplom\u00e0cia p\u00fablica i relacions internacionals\u201d","datePublished":"2025-11-19T10:33:01+00:00","dateModified":"2025-11-19T10:35:47+00:00","mainEntityOfPage":{"@id":"https:\/\/www.ceibcn.com\/ca\/2025\/11\/debate-diplomacia-publica-y-relaciones-internacionales\/"},"wordCount":253,"commentCount":0,"publisher":{"@id":"https:\/\/www.ceibcn.com\/ca\/#organization"},"image":{"@id":"https:\/\/www.ceibcn.com\/ca\/2025\/11\/debate-diplomacia-publica-y-relaciones-internacionales\/#primaryimage"},"thumbnailUrl":"https:\/\/www.ceibcn.com\/wp-content\/uploads\/2025\/11\/IMG_9220-scaled.jpg","articleSection":["Not\u00edcies"],"inLanguage":"ca","potentialAction":[{"@type":"CommentAction","name":"Comment","target":["https:\/\/www.ceibcn.com\/ca\/2025\/11\/debate-diplomacia-publica-y-relaciones-internacionales\/#respond"]}]},{"@type":"WebPage","@id":"https:\/\/www.ceibcn.com\/ca\/2025\/11\/debate-diplomacia-publica-y-relaciones-internacionales\/","url":"https:\/\/www.ceibcn.com\/ca\/2025\/11\/debate-diplomacia-publica-y-relaciones-internacionales\/","name":"Debat \u201cDiplom\u00e0cia p\u00fablica i relacions internacionals\u201d - CEI International Affairs","isPartOf":{"@id":"https:\/\/www.ceibcn.com\/ca\/#website"},"primaryImageOfPage":{"@id":"https:\/\/www.ceibcn.com\/ca\/2025\/11\/debate-diplomacia-publica-y-relaciones-internacionales\/#primaryimage"},"image":{"@id":"https:\/\/www.ceibcn.com\/ca\/2025\/11\/debate-diplomacia-publica-y-relaciones-internacionales\/#primaryimage"},"thumbnailUrl":"https:\/\/www.ceibcn.com\/wp-content\/uploads\/2025\/11\/IMG_9220-scaled.jpg","datePublished":"2025-11-19T10:33:01+00:00","dateModified":"2025-11-19T10:35:47+00:00","breadcrumb":{"@id":"https:\/\/www.ceibcn.com\/ca\/2025\/11\/debate-diplomacia-publica-y-relaciones-internacionales\/#breadcrumb"},"inLanguage":"ca","potentialAction":[{"@type":"ReadAction","target":["https:\/\/www.ceibcn.com\/ca\/2025\/11\/debate-diplomacia-publica-y-relaciones-internacionales\/"]}]},{"@type":"ImageObject","inLanguage":"ca","@id":"https:\/\/www.ceibcn.com\/ca\/2025\/11\/debate-diplomacia-publica-y-relaciones-internacionales\/#primaryimage","url":"https:\/\/www.ceibcn.com\/wp-content\/uploads\/2025\/11\/IMG_9220-scaled.jpg","contentUrl":"https:\/\/www.ceibcn.com\/wp-content\/uploads\/2025\/11\/IMG_9220-scaled.jpg","width":2560,"height":1707},{"@type":"BreadcrumbList","@id":"https:\/\/www.ceibcn.com\/ca\/2025\/11\/debate-diplomacia-publica-y-relaciones-internacionales\/#breadcrumb","itemListElement":[{"@type":"ListItem","position":1,"name":"Portada","item":"https:\/\/www.ceibcn.com\/ca\/"},{"@type":"ListItem","position":2,"name":"Debat \u201cDiplom\u00e0cia p\u00fablica i relacions internacionals\u201d"}]},{"@type":"WebSite","@id":"https:\/\/www.ceibcn.com\/ca\/#website","url":"https:\/\/www.ceibcn.com\/ca\/","name":"CEI International Affairs","description":"CEI International Affairs","publisher":{"@id":"https:\/\/www.ceibcn.com\/ca\/#organization"},"alternateName":"CEI International Affairs","potentialAction":[{"@type":"SearchAction","target":{"@type":"EntryPoint","urlTemplate":"https:\/\/www.ceibcn.com\/ca\/?s={search_term_string}"},"query-input":{"@type":"PropertyValueSpecification","valueRequired":true,"valueName":"search_term_string"}}],"inLanguage":"ca"},{"@type":"Organization","@id":"https:\/\/www.ceibcn.com\/ca\/#organization","name":"CEI International Affairs","url":"https:\/\/www.ceibcn.com\/ca\/","logo":{"@type":"ImageObject","inLanguage":"ca","@id":"https:\/\/www.ceibcn.com\/ca\/#\/schema\/logo\/image\/","url":"https:\/\/www.ceibcn.com\/wp-content\/uploads\/2021\/09\/CeiLogo_EscuelaDiploVectorized_vectorizedSIN_FONDO.png","contentUrl":"https:\/\/www.ceibcn.com\/wp-content\/uploads\/2021\/09\/CeiLogo_EscuelaDiploVectorized_vectorizedSIN_FONDO.png","width":1591,"height":629,"caption":"CEI International Affairs"},"image":{"@id":"https:\/\/www.ceibcn.com\/ca\/#\/schema\/logo\/image\/"},"sameAs":["https:\/\/www.facebook.com\/CEI.CentroDeEstudiosInternacionales\/","https:\/\/x.com\/CEIbcn","https:\/\/www.instagram.com\/cei_international\/"]},{"@type":"Person","@id":"https:\/\/www.ceibcn.com\/ca\/#\/schema\/person\/ade8c52628f010f149da9031432f538d","name":"Carla V\u00e1zquez Moreno","image":{"@type":"ImageObject","inLanguage":"ca","@id":"https:\/\/www.ceibcn.com\/ca\/#\/schema\/person\/image\/","url":"https:\/\/secure.gravatar.com\/avatar\/07396995718186c2b1a2f071ca87cd80143e420274dfd37126595cdd5bbc2e0c?s=96&d=mm&r=g","contentUrl":"https:\/\/secure.gravatar.com\/avatar\/07396995718186c2b1a2f071ca87cd80143e420274dfd37126595cdd5bbc2e0c?s=96&d=mm&r=g","caption":"Carla V\u00e1zquez Moreno"},"url":"https:\/\/www.ceibcn.com\/ca\/author\/carla\/"}]}},"_links":{"self":[{"href":"https:\/\/www.ceibcn.com\/ca\/wp-json\/wp\/v2\/posts\/31866","targetHints":{"allow":["GET"]}}],"collection":[{"href":"https:\/\/www.ceibcn.com\/ca\/wp-json\/wp\/v2\/posts"}],"about":[{"href":"https:\/\/www.ceibcn.com\/ca\/wp-json\/wp\/v2\/types\/post"}],"author":[{"embeddable":true,"href":"https:\/\/www.ceibcn.com\/ca\/wp-json\/wp\/v2\/users\/11"}],"replies":[{"embeddable":true,"href":"https:\/\/www.ceibcn.com\/ca\/wp-json\/wp\/v2\/comments?post=31866"}],"version-history":[{"count":4,"href":"https:\/\/www.ceibcn.com\/ca\/wp-json\/wp\/v2\/posts\/31866\/revisions"}],"predecessor-version":[{"id":31877,"href":"https:\/\/www.ceibcn.com\/ca\/wp-json\/wp\/v2\/posts\/31866\/revisions\/31877"}],"wp:featuredmedia":[{"embeddable":true,"href":"https:\/\/www.ceibcn.com\/ca\/wp-json\/wp\/v2\/media\/31867"}],"wp:attachment":[{"href":"https:\/\/www.ceibcn.com\/ca\/wp-json\/wp\/v2\/media?parent=31866"}],"wp:term":[{"taxonomy":"category","embeddable":true,"href":"https:\/\/www.ceibcn.com\/ca\/wp-json\/wp\/v2\/categories?post=31866"},{"taxonomy":"post_tag","embeddable":true,"href":"https:\/\/www.ceibcn.com\/ca\/wp-json\/wp\/v2\/tags?post=31866"}],"curies":[{"name":"wp","href":"https:\/\/api.w.org\/{rel}","templated":true}]}}