{"id":31886,"date":"2025-10-30T12:17:01","date_gmt":"2025-10-30T11:17:01","guid":{"rendered":"https:\/\/www.ceibcn.com\/2025\/11\/aula-internacional-con-el-conseller-de-union-europea-y-accion-exterior\/"},"modified":"2025-11-19T12:37:56","modified_gmt":"2025-11-19T11:37:56","slug":"aula-internacional-con-el-conseller-de-union-europea-y-accion-exterior","status":"publish","type":"post","link":"https:\/\/www.ceibcn.com\/ca\/2025\/10\/aula-internacional-con-el-conseller-de-union-europea-y-accion-exterior\/","title":{"rendered":"Aula Internacional amb el conseller d&#8217;Uni\u00f3 Europea i Acci\u00f3 Exterior"},"content":{"rendered":"<p data-start=\"92\" data-end=\"566\">Aquest dimecres, el conseller d\u2019Uni\u00f3 Europea i Acci\u00f3 Exterior, Hon. Sr. Jaume Duch, ha participat en una nova sessi\u00f3 de l\u2019<strong data-start=\"214\" data-end=\"266\">Aula Internacional del CEI International Affairs<\/strong>, una iniciativa concebuda com un espai de debat i reflexi\u00f3 sobre els principals reptes pol\u00edtics i econ\u00f2mics del context global. La sessi\u00f3 s\u2019ha centrat en el paper de Catalunya en el seu proc\u00e9s d\u2019internacionalitzaci\u00f3 i en la import\u00e0ncia de la cooperaci\u00f3 p\u00fablic-privada per impulsar aquest objectiu.<\/p>\n<p data-start=\"568\" data-end=\"799\">Durant la trobada, en la qual tamb\u00e9 va participar l\u2019<strong data-start=\"620\" data-end=\"646\">Executive Club del CEI<\/strong>, el conseller Duch va subratllar la rellev\u00e0ncia de la competitivitat i de la projecci\u00f3 econ\u00f2mica per refor\u00e7ar la pres\u00e8ncia internacional de Catalunya.<\/p>\n<p data-start=\"801\" data-end=\"925\">En una entrevista pr\u00e8via concedida al CEI, Duch va destacar tamb\u00e9 el paper fonamental que exerceix el CEI en aquest \u00e0mbit:<\/p>\n<p data-start=\"801\" data-end=\"925\">\u201cEl CEI \u00e9s una eina important de la projecci\u00f3 internacional de Catalunya. Tant en la formaci\u00f3 de les noves generacions que hauran de contribuir al manteniment de les relacions internacionals, com en la pres\u00e8ncia de catalans i catalanes a les institucions&#8221;<\/p>\n<p><img fetchpriority=\"high\" decoding=\"async\" class=\"alignnone wp-image-31882\" src=\"https:\/\/www.ceibcn.com\/wp-content\/uploads\/2025\/11\/2_JaumeDuch-300x200.jpg\" alt=\"\" width=\"363\" height=\"242\" srcset=\"https:\/\/www.ceibcn.com\/wp-content\/uploads\/2025\/11\/2_JaumeDuch-300x200.jpg 300w, https:\/\/www.ceibcn.com\/wp-content\/uploads\/2025\/11\/2_JaumeDuch-768x512.jpg 768w, https:\/\/www.ceibcn.com\/wp-content\/uploads\/2025\/11\/2_JaumeDuch-1536x1023.jpg 1536w, https:\/\/www.ceibcn.com\/wp-content\/uploads\/2025\/11\/2_JaumeDuch-150x100.jpg 150w, https:\/\/www.ceibcn.com\/wp-content\/uploads\/2025\/11\/2_JaumeDuch.jpg 1600w\" sizes=\"(max-width: 363px) 100vw, 363px\" \/> <img decoding=\"async\" class=\"alignnone wp-image-31884\" src=\"https:\/\/www.ceibcn.com\/wp-content\/uploads\/2025\/11\/IMG_4348-300x200.jpeg\" alt=\"\" width=\"363\" height=\"242\" srcset=\"https:\/\/www.ceibcn.com\/wp-content\/uploads\/2025\/11\/IMG_4348-300x200.jpeg 300w, https:\/\/www.ceibcn.com\/wp-content\/uploads\/2025\/11\/IMG_4348-768x512.jpeg 768w, https:\/\/www.ceibcn.com\/wp-content\/uploads\/2025\/11\/IMG_4348-1536x1024.jpeg 1536w, https:\/\/www.ceibcn.com\/wp-content\/uploads\/2025\/11\/IMG_4348-2048x1365.jpeg 2048w, https:\/\/www.ceibcn.com\/wp-content\/uploads\/2025\/11\/IMG_4348-150x100.jpeg 150w\" sizes=\"(max-width: 363px) 100vw, 363px\" \/><\/p>\n<p data-start=\"1266\" data-end=\"1680\">En aquesta l\u00ednia, la <strong data-start=\"1287\" data-end=\"1315\">Generalitat de Catalunya<\/strong>, a trav\u00e9s del Departament d\u2019Uni\u00f3 Europea i Acci\u00f3 Exterior, passar\u00e0 a ser nou patr\u00f3 del <strong data-start=\"1403\" data-end=\"1432\">CEI International Affairs<\/strong>. Segons va explicar Duch, aquest acord permetr\u00e0 que el CEI \u201cajudi a completar el cercle d\u2019institucions que aporten coneixement, idees i eines per entendre el nou m\u00f3n en qu\u00e8 vivim, aix\u00ed com per definir millor les nostres prioritats com a Govern.\u201d<\/p>\n<p data-start=\"1682\" data-end=\"1979\">La sessi\u00f3 de l\u2019<strong data-start=\"1697\" data-end=\"1719\">Aula Internacional<\/strong> va oferir, en definitiva, una visi\u00f3 clara dels eixos de treball del Govern en mat\u00e8ria d\u2019internacionalitzaci\u00f3 i va evidenciar la necessitat de continuar refor\u00e7ant la col\u00b7laboraci\u00f3 entre actors p\u00fablics i privats per afrontar amb \u00e8xit els desafiaments globals.<\/p>\n","protected":false},"excerpt":{"rendered":"<p>Aquest dimecres, el conseller d\u2019Uni\u00f3 Europea i Acci\u00f3 Exterior, Hon. Sr. Jaume Duch, ha participat en una nova sessi\u00f3 de l\u2019Aula Internacional del CEI International Affairs, una iniciativa concebuda com un espai de debat i reflexi\u00f3 sobre els principals reptes pol\u00edtics i econ\u00f2mics del context global. La sessi\u00f3 s\u2019ha centrat en el paper de Catalunya [&hellip;]<\/p>\n","protected":false},"author":11,"featured_media":31888,"comment_status":"open","ping_status":"closed","sticky":false,"template":"","format":"standard","meta":{"_acf_changed":false,"_crdt_document":"","inline_featured_image":false,"footnotes":""},"categories":[121],"tags":[],"class_list":["post-31886","post","type-post","status-publish","format-standard","has-post-thumbnail","hentry","category-noticies"],"acf":[],"yoast_head":"<!-- This site is optimized with the Yoast SEO plugin v27.0 - https:\/\/yoast.com\/product\/yoast-seo-wordpress\/ -->\n<title>Aula Internacional amb el conseller d&#039;Uni\u00f3 Europea i Acci\u00f3 Exterior - CEI International Affairs<\/title>\n<meta name=\"robots\" content=\"index, follow, max-snippet:-1, max-image-preview:large, max-video-preview:-1\" \/>\n<link rel=\"canonical\" href=\"https:\/\/www.ceibcn.com\/ca\/2025\/10\/aula-internacional-con-el-conseller-de-union-europea-y-accion-exterior\/\" \/>\n<meta property=\"og:locale\" content=\"ca_ES\" \/>\n<meta property=\"og:type\" content=\"article\" \/>\n<meta property=\"og:title\" content=\"Aula Internacional amb el conseller d&#039;Uni\u00f3 Europea i Acci\u00f3 Exterior - CEI International Affairs\" \/>\n<meta property=\"og:description\" content=\"Aquest dimecres, el conseller d\u2019Uni\u00f3 Europea i Acci\u00f3 Exterior, Hon. Sr. Jaume Duch, ha participat en una nova sessi\u00f3 de l\u2019Aula Internacional del CEI International Affairs, una iniciativa concebuda com un espai de debat i reflexi\u00f3 sobre els principals reptes pol\u00edtics i econ\u00f2mics del context global. La sessi\u00f3 s\u2019ha centrat en el paper de Catalunya [&hellip;]\" \/>\n<meta property=\"og:url\" content=\"https:\/\/www.ceibcn.com\/ca\/2025\/10\/aula-internacional-con-el-conseller-de-union-europea-y-accion-exterior\/\" \/>\n<meta property=\"og:site_name\" content=\"CEI International Affairs\" \/>\n<meta property=\"article:publisher\" content=\"https:\/\/www.facebook.com\/CEI.CentroDeEstudiosInternacionales\/\" \/>\n<meta property=\"article:published_time\" content=\"2025-10-30T11:17:01+00:00\" \/>\n<meta property=\"article:modified_time\" content=\"2025-11-19T11:37:56+00:00\" \/>\n<meta property=\"og:image\" content=\"https:\/\/www.ceibcn.com\/wp-content\/uploads\/2025\/11\/1_JaumeDuch-scaled.jpeg\" \/>\n\t<meta property=\"og:image:width\" content=\"2560\" \/>\n\t<meta property=\"og:image:height\" content=\"1707\" \/>\n\t<meta property=\"og:image:type\" content=\"image\/jpeg\" \/>\n<meta name=\"author\" content=\"Carla V\u00e1zquez Moreno\" \/>\n<meta name=\"twitter:card\" content=\"summary_large_image\" \/>\n<meta name=\"twitter:creator\" content=\"@CEIbcn\" \/>\n<meta name=\"twitter:site\" content=\"@CEIbcn\" \/>\n<meta name=\"twitter:label1\" content=\"Escrit per\" \/>\n\t<meta name=\"twitter:data1\" content=\"Carla V\u00e1zquez Moreno\" \/>\n\t<meta name=\"twitter:label2\" content=\"Temps estimat de lectura\" \/>\n\t<meta name=\"twitter:data2\" content=\"2 minuts\" \/>\n<script type=\"application\/ld+json\" class=\"yoast-schema-graph\">{\"@context\":\"https:\/\/schema.org\",\"@graph\":[{\"@type\":\"Article\",\"@id\":\"https:\/\/www.ceibcn.com\/ca\/2025\/10\/aula-internacional-con-el-conseller-de-union-europea-y-accion-exterior\/#article\",\"isPartOf\":{\"@id\":\"https:\/\/www.ceibcn.com\/ca\/2025\/10\/aula-internacional-con-el-conseller-de-union-europea-y-accion-exterior\/\"},\"author\":{\"name\":\"Carla V\u00e1zquez Moreno\",\"@id\":\"https:\/\/www.ceibcn.com\/ca\/#\/schema\/person\/ade8c52628f010f149da9031432f538d\"},\"headline\":\"Aula Internacional amb el conseller d&#8217;Uni\u00f3 Europea i Acci\u00f3 Exterior\",\"datePublished\":\"2025-10-30T11:17:01+00:00\",\"dateModified\":\"2025-11-19T11:37:56+00:00\",\"mainEntityOfPage\":{\"@id\":\"https:\/\/www.ceibcn.com\/ca\/2025\/10\/aula-internacional-con-el-conseller-de-union-europea-y-accion-exterior\/\"},\"wordCount\":316,\"commentCount\":0,\"publisher\":{\"@id\":\"https:\/\/www.ceibcn.com\/ca\/#organization\"},\"image\":{\"@id\":\"https:\/\/www.ceibcn.com\/ca\/2025\/10\/aula-internacional-con-el-conseller-de-union-europea-y-accion-exterior\/#primaryimage\"},\"thumbnailUrl\":\"https:\/\/www.ceibcn.com\/wp-content\/uploads\/2025\/11\/1_JaumeDuch-scaled.jpeg\",\"articleSection\":[\"Not\u00edcies\"],\"inLanguage\":\"ca\",\"potentialAction\":[{\"@type\":\"CommentAction\",\"name\":\"Comment\",\"target\":[\"https:\/\/www.ceibcn.com\/ca\/2025\/10\/aula-internacional-con-el-conseller-de-union-europea-y-accion-exterior\/#respond\"]}]},{\"@type\":\"WebPage\",\"@id\":\"https:\/\/www.ceibcn.com\/ca\/2025\/10\/aula-internacional-con-el-conseller-de-union-europea-y-accion-exterior\/\",\"url\":\"https:\/\/www.ceibcn.com\/ca\/2025\/10\/aula-internacional-con-el-conseller-de-union-europea-y-accion-exterior\/\",\"name\":\"Aula Internacional amb el conseller d'Uni\u00f3 Europea i Acci\u00f3 Exterior - CEI International Affairs\",\"isPartOf\":{\"@id\":\"https:\/\/www.ceibcn.com\/ca\/#website\"},\"primaryImageOfPage\":{\"@id\":\"https:\/\/www.ceibcn.com\/ca\/2025\/10\/aula-internacional-con-el-conseller-de-union-europea-y-accion-exterior\/#primaryimage\"},\"image\":{\"@id\":\"https:\/\/www.ceibcn.com\/ca\/2025\/10\/aula-internacional-con-el-conseller-de-union-europea-y-accion-exterior\/#primaryimage\"},\"thumbnailUrl\":\"https:\/\/www.ceibcn.com\/wp-content\/uploads\/2025\/11\/1_JaumeDuch-scaled.jpeg\",\"datePublished\":\"2025-10-30T11:17:01+00:00\",\"dateModified\":\"2025-11-19T11:37:56+00:00\",\"breadcrumb\":{\"@id\":\"https:\/\/www.ceibcn.com\/ca\/2025\/10\/aula-internacional-con-el-conseller-de-union-europea-y-accion-exterior\/#breadcrumb\"},\"inLanguage\":\"ca\",\"potentialAction\":[{\"@type\":\"ReadAction\",\"target\":[\"https:\/\/www.ceibcn.com\/ca\/2025\/10\/aula-internacional-con-el-conseller-de-union-europea-y-accion-exterior\/\"]}]},{\"@type\":\"ImageObject\",\"inLanguage\":\"ca\",\"@id\":\"https:\/\/www.ceibcn.com\/ca\/2025\/10\/aula-internacional-con-el-conseller-de-union-europea-y-accion-exterior\/#primaryimage\",\"url\":\"https:\/\/www.ceibcn.com\/wp-content\/uploads\/2025\/11\/1_JaumeDuch-scaled.jpeg\",\"contentUrl\":\"https:\/\/www.ceibcn.com\/wp-content\/uploads\/2025\/11\/1_JaumeDuch-scaled.jpeg\",\"width\":2560,\"height\":1707},{\"@type\":\"BreadcrumbList\",\"@id\":\"https:\/\/www.ceibcn.com\/ca\/2025\/10\/aula-internacional-con-el-conseller-de-union-europea-y-accion-exterior\/#breadcrumb\",\"itemListElement\":[{\"@type\":\"ListItem\",\"position\":1,\"name\":\"Portada\",\"item\":\"https:\/\/www.ceibcn.com\/ca\/\"},{\"@type\":\"ListItem\",\"position\":2,\"name\":\"Aula Internacional amb el conseller d&#8217;Uni\u00f3 Europea i Acci\u00f3 Exterior\"}]},{\"@type\":\"WebSite\",\"@id\":\"https:\/\/www.ceibcn.com\/ca\/#website\",\"url\":\"https:\/\/www.ceibcn.com\/ca\/\",\"name\":\"CEI International Affairs\",\"description\":\"CEI International Affairs\",\"publisher\":{\"@id\":\"https:\/\/www.ceibcn.com\/ca\/#organization\"},\"alternateName\":\"CEI International Affairs\",\"potentialAction\":[{\"@type\":\"SearchAction\",\"target\":{\"@type\":\"EntryPoint\",\"urlTemplate\":\"https:\/\/www.ceibcn.com\/ca\/?s={search_term_string}\"},\"query-input\":{\"@type\":\"PropertyValueSpecification\",\"valueRequired\":true,\"valueName\":\"search_term_string\"}}],\"inLanguage\":\"ca\"},{\"@type\":\"Organization\",\"@id\":\"https:\/\/www.ceibcn.com\/ca\/#organization\",\"name\":\"CEI International Affairs\",\"url\":\"https:\/\/www.ceibcn.com\/ca\/\",\"logo\":{\"@type\":\"ImageObject\",\"inLanguage\":\"ca\",\"@id\":\"https:\/\/www.ceibcn.com\/ca\/#\/schema\/logo\/image\/\",\"url\":\"https:\/\/www.ceibcn.com\/wp-content\/uploads\/2021\/09\/CeiLogo_EscuelaDiploVectorized_vectorizedSIN_FONDO.png\",\"contentUrl\":\"https:\/\/www.ceibcn.com\/wp-content\/uploads\/2021\/09\/CeiLogo_EscuelaDiploVectorized_vectorizedSIN_FONDO.png\",\"width\":1591,\"height\":629,\"caption\":\"CEI International Affairs\"},\"image\":{\"@id\":\"https:\/\/www.ceibcn.com\/ca\/#\/schema\/logo\/image\/\"},\"sameAs\":[\"https:\/\/www.facebook.com\/CEI.CentroDeEstudiosInternacionales\/\",\"https:\/\/x.com\/CEIbcn\",\"https:\/\/www.instagram.com\/cei_international\/\"]},{\"@type\":\"Person\",\"@id\":\"https:\/\/www.ceibcn.com\/ca\/#\/schema\/person\/ade8c52628f010f149da9031432f538d\",\"name\":\"Carla V\u00e1zquez Moreno\",\"image\":{\"@type\":\"ImageObject\",\"inLanguage\":\"ca\",\"@id\":\"https:\/\/www.ceibcn.com\/ca\/#\/schema\/person\/image\/\",\"url\":\"https:\/\/secure.gravatar.com\/avatar\/07396995718186c2b1a2f071ca87cd80143e420274dfd37126595cdd5bbc2e0c?s=96&d=mm&r=g\",\"contentUrl\":\"https:\/\/secure.gravatar.com\/avatar\/07396995718186c2b1a2f071ca87cd80143e420274dfd37126595cdd5bbc2e0c?s=96&d=mm&r=g\",\"caption\":\"Carla V\u00e1zquez Moreno\"},\"url\":\"https:\/\/www.ceibcn.com\/ca\/author\/carla\/\"}]}<\/script>\n<!-- \/ Yoast SEO plugin. -->","yoast_head_json":{"title":"Aula Internacional amb el conseller d'Uni\u00f3 Europea i Acci\u00f3 Exterior - CEI International Affairs","robots":{"index":"index","follow":"follow","max-snippet":"max-snippet:-1","max-image-preview":"max-image-preview:large","max-video-preview":"max-video-preview:-1"},"canonical":"https:\/\/www.ceibcn.com\/ca\/2025\/10\/aula-internacional-con-el-conseller-de-union-europea-y-accion-exterior\/","og_locale":"ca_ES","og_type":"article","og_title":"Aula Internacional amb el conseller d'Uni\u00f3 Europea i Acci\u00f3 Exterior - CEI International Affairs","og_description":"Aquest dimecres, el conseller d\u2019Uni\u00f3 Europea i Acci\u00f3 Exterior, Hon. Sr. Jaume Duch, ha participat en una nova sessi\u00f3 de l\u2019Aula Internacional del CEI International Affairs, una iniciativa concebuda com un espai de debat i reflexi\u00f3 sobre els principals reptes pol\u00edtics i econ\u00f2mics del context global. La sessi\u00f3 s\u2019ha centrat en el paper de Catalunya [&hellip;]","og_url":"https:\/\/www.ceibcn.com\/ca\/2025\/10\/aula-internacional-con-el-conseller-de-union-europea-y-accion-exterior\/","og_site_name":"CEI International Affairs","article_publisher":"https:\/\/www.facebook.com\/CEI.CentroDeEstudiosInternacionales\/","article_published_time":"2025-10-30T11:17:01+00:00","article_modified_time":"2025-11-19T11:37:56+00:00","og_image":[{"width":2560,"height":1707,"url":"https:\/\/www.ceibcn.com\/wp-content\/uploads\/2025\/11\/1_JaumeDuch-scaled.jpeg","type":"image\/jpeg"}],"author":"Carla V\u00e1zquez Moreno","twitter_card":"summary_large_image","twitter_creator":"@CEIbcn","twitter_site":"@CEIbcn","twitter_misc":{"Escrit per":"Carla V\u00e1zquez Moreno","Temps estimat de lectura":"2 minuts"},"schema":{"@context":"https:\/\/schema.org","@graph":[{"@type":"Article","@id":"https:\/\/www.ceibcn.com\/ca\/2025\/10\/aula-internacional-con-el-conseller-de-union-europea-y-accion-exterior\/#article","isPartOf":{"@id":"https:\/\/www.ceibcn.com\/ca\/2025\/10\/aula-internacional-con-el-conseller-de-union-europea-y-accion-exterior\/"},"author":{"name":"Carla V\u00e1zquez Moreno","@id":"https:\/\/www.ceibcn.com\/ca\/#\/schema\/person\/ade8c52628f010f149da9031432f538d"},"headline":"Aula Internacional amb el conseller d&#8217;Uni\u00f3 Europea i Acci\u00f3 Exterior","datePublished":"2025-10-30T11:17:01+00:00","dateModified":"2025-11-19T11:37:56+00:00","mainEntityOfPage":{"@id":"https:\/\/www.ceibcn.com\/ca\/2025\/10\/aula-internacional-con-el-conseller-de-union-europea-y-accion-exterior\/"},"wordCount":316,"commentCount":0,"publisher":{"@id":"https:\/\/www.ceibcn.com\/ca\/#organization"},"image":{"@id":"https:\/\/www.ceibcn.com\/ca\/2025\/10\/aula-internacional-con-el-conseller-de-union-europea-y-accion-exterior\/#primaryimage"},"thumbnailUrl":"https:\/\/www.ceibcn.com\/wp-content\/uploads\/2025\/11\/1_JaumeDuch-scaled.jpeg","articleSection":["Not\u00edcies"],"inLanguage":"ca","potentialAction":[{"@type":"CommentAction","name":"Comment","target":["https:\/\/www.ceibcn.com\/ca\/2025\/10\/aula-internacional-con-el-conseller-de-union-europea-y-accion-exterior\/#respond"]}]},{"@type":"WebPage","@id":"https:\/\/www.ceibcn.com\/ca\/2025\/10\/aula-internacional-con-el-conseller-de-union-europea-y-accion-exterior\/","url":"https:\/\/www.ceibcn.com\/ca\/2025\/10\/aula-internacional-con-el-conseller-de-union-europea-y-accion-exterior\/","name":"Aula Internacional amb el conseller d'Uni\u00f3 Europea i Acci\u00f3 Exterior - CEI International Affairs","isPartOf":{"@id":"https:\/\/www.ceibcn.com\/ca\/#website"},"primaryImageOfPage":{"@id":"https:\/\/www.ceibcn.com\/ca\/2025\/10\/aula-internacional-con-el-conseller-de-union-europea-y-accion-exterior\/#primaryimage"},"image":{"@id":"https:\/\/www.ceibcn.com\/ca\/2025\/10\/aula-internacional-con-el-conseller-de-union-europea-y-accion-exterior\/#primaryimage"},"thumbnailUrl":"https:\/\/www.ceibcn.com\/wp-content\/uploads\/2025\/11\/1_JaumeDuch-scaled.jpeg","datePublished":"2025-10-30T11:17:01+00:00","dateModified":"2025-11-19T11:37:56+00:00","breadcrumb":{"@id":"https:\/\/www.ceibcn.com\/ca\/2025\/10\/aula-internacional-con-el-conseller-de-union-europea-y-accion-exterior\/#breadcrumb"},"inLanguage":"ca","potentialAction":[{"@type":"ReadAction","target":["https:\/\/www.ceibcn.com\/ca\/2025\/10\/aula-internacional-con-el-conseller-de-union-europea-y-accion-exterior\/"]}]},{"@type":"ImageObject","inLanguage":"ca","@id":"https:\/\/www.ceibcn.com\/ca\/2025\/10\/aula-internacional-con-el-conseller-de-union-europea-y-accion-exterior\/#primaryimage","url":"https:\/\/www.ceibcn.com\/wp-content\/uploads\/2025\/11\/1_JaumeDuch-scaled.jpeg","contentUrl":"https:\/\/www.ceibcn.com\/wp-content\/uploads\/2025\/11\/1_JaumeDuch-scaled.jpeg","width":2560,"height":1707},{"@type":"BreadcrumbList","@id":"https:\/\/www.ceibcn.com\/ca\/2025\/10\/aula-internacional-con-el-conseller-de-union-europea-y-accion-exterior\/#breadcrumb","itemListElement":[{"@type":"ListItem","position":1,"name":"Portada","item":"https:\/\/www.ceibcn.com\/ca\/"},{"@type":"ListItem","position":2,"name":"Aula Internacional amb el conseller d&#8217;Uni\u00f3 Europea i Acci\u00f3 Exterior"}]},{"@type":"WebSite","@id":"https:\/\/www.ceibcn.com\/ca\/#website","url":"https:\/\/www.ceibcn.com\/ca\/","name":"CEI International Affairs","description":"CEI International Affairs","publisher":{"@id":"https:\/\/www.ceibcn.com\/ca\/#organization"},"alternateName":"CEI International Affairs","potentialAction":[{"@type":"SearchAction","target":{"@type":"EntryPoint","urlTemplate":"https:\/\/www.ceibcn.com\/ca\/?s={search_term_string}"},"query-input":{"@type":"PropertyValueSpecification","valueRequired":true,"valueName":"search_term_string"}}],"inLanguage":"ca"},{"@type":"Organization","@id":"https:\/\/www.ceibcn.com\/ca\/#organization","name":"CEI International Affairs","url":"https:\/\/www.ceibcn.com\/ca\/","logo":{"@type":"ImageObject","inLanguage":"ca","@id":"https:\/\/www.ceibcn.com\/ca\/#\/schema\/logo\/image\/","url":"https:\/\/www.ceibcn.com\/wp-content\/uploads\/2021\/09\/CeiLogo_EscuelaDiploVectorized_vectorizedSIN_FONDO.png","contentUrl":"https:\/\/www.ceibcn.com\/wp-content\/uploads\/2021\/09\/CeiLogo_EscuelaDiploVectorized_vectorizedSIN_FONDO.png","width":1591,"height":629,"caption":"CEI International Affairs"},"image":{"@id":"https:\/\/www.ceibcn.com\/ca\/#\/schema\/logo\/image\/"},"sameAs":["https:\/\/www.facebook.com\/CEI.CentroDeEstudiosInternacionales\/","https:\/\/x.com\/CEIbcn","https:\/\/www.instagram.com\/cei_international\/"]},{"@type":"Person","@id":"https:\/\/www.ceibcn.com\/ca\/#\/schema\/person\/ade8c52628f010f149da9031432f538d","name":"Carla V\u00e1zquez Moreno","image":{"@type":"ImageObject","inLanguage":"ca","@id":"https:\/\/www.ceibcn.com\/ca\/#\/schema\/person\/image\/","url":"https:\/\/secure.gravatar.com\/avatar\/07396995718186c2b1a2f071ca87cd80143e420274dfd37126595cdd5bbc2e0c?s=96&d=mm&r=g","contentUrl":"https:\/\/secure.gravatar.com\/avatar\/07396995718186c2b1a2f071ca87cd80143e420274dfd37126595cdd5bbc2e0c?s=96&d=mm&r=g","caption":"Carla V\u00e1zquez Moreno"},"url":"https:\/\/www.ceibcn.com\/ca\/author\/carla\/"}]}},"_links":{"self":[{"href":"https:\/\/www.ceibcn.com\/ca\/wp-json\/wp\/v2\/posts\/31886","targetHints":{"allow":["GET"]}}],"collection":[{"href":"https:\/\/www.ceibcn.com\/ca\/wp-json\/wp\/v2\/posts"}],"about":[{"href":"https:\/\/www.ceibcn.com\/ca\/wp-json\/wp\/v2\/types\/post"}],"author":[{"embeddable":true,"href":"https:\/\/www.ceibcn.com\/ca\/wp-json\/wp\/v2\/users\/11"}],"replies":[{"embeddable":true,"href":"https:\/\/www.ceibcn.com\/ca\/wp-json\/wp\/v2\/comments?post=31886"}],"version-history":[{"count":2,"href":"https:\/\/www.ceibcn.com\/ca\/wp-json\/wp\/v2\/posts\/31886\/revisions"}],"predecessor-version":[{"id":31899,"href":"https:\/\/www.ceibcn.com\/ca\/wp-json\/wp\/v2\/posts\/31886\/revisions\/31899"}],"wp:featuredmedia":[{"embeddable":true,"href":"https:\/\/www.ceibcn.com\/ca\/wp-json\/wp\/v2\/media\/31888"}],"wp:attachment":[{"href":"https:\/\/www.ceibcn.com\/ca\/wp-json\/wp\/v2\/media?parent=31886"}],"wp:term":[{"taxonomy":"category","embeddable":true,"href":"https:\/\/www.ceibcn.com\/ca\/wp-json\/wp\/v2\/categories?post=31886"},{"taxonomy":"post_tag","embeddable":true,"href":"https:\/\/www.ceibcn.com\/ca\/wp-json\/wp\/v2\/tags?post=31886"}],"curies":[{"name":"wp","href":"https:\/\/api.w.org\/{rel}","templated":true}]}}