{"id":32051,"date":"2025-11-26T20:06:37","date_gmt":"2025-11-26T19:06:37","guid":{"rendered":"https:\/\/www.ceibcn.com\/2025\/11\/seminario-la-amenaza-de-los-microplasticos-y-los-toxicos-persistentes\/"},"modified":"2025-11-27T14:33:57","modified_gmt":"2025-11-27T13:33:57","slug":"seminario-la-amenaza-de-los-microplasticos-y-los-toxicos-persistentes","status":"publish","type":"post","link":"https:\/\/www.ceibcn.com\/ca\/2025\/11\/seminario-la-amenaza-de-los-microplasticos-y-los-toxicos-persistentes\/","title":{"rendered":"Seminari: &#8220;L\u2019amena\u00e7a dels micropl\u00e0stics i els t\u00f2xics persistents&#8221;"},"content":{"rendered":"\n<p class=\"wp-block-paragraph\">Aquesta tarda s\u2019ha celebrat al Palau Macaya el segon seminari anual organitzat pel CEI i la Fundaci\u00f3 \u201cla Caixa\u201d, centrat en els efectes dels micropl\u00e0stics i els t\u00f2xics persistents en la salut global i els ecosistemes.<\/p>\n\n\n\n<p class=\"wp-block-paragraph\">La trobada ha comptat amb la participaci\u00f3 de Cristina Villanueva Belmonte, investigadora d\u2019ISGlobal i coordinadora de l\u2019estudi sobre l\u2019exposici\u00f3 a nano i micropl\u00e0stics a trav\u00e9s de l\u2019aigua de consum de Barcelona, que ha destacat els efectes negatius d\u2019aquests contaminants, la seva pres\u00e8ncia generalitzada i creixent, aix\u00ed com les seves repercussions en la salut humana i el medi ambient.<\/p>\n\n\n\n<p class=\"wp-block-paragraph\">Per la seva banda, Ana Tudela Flores, periodista de Datadista i representant a Espanya del projecte internacional <em>The Forever Pollution Project<\/em>, ha abordat els PFAs \u2014qu\u00edmics persistents coneguts com a \u201ceterns\u201d\u2014 i ha explicat els seus efectes sobre la salut, el paper actual de les autoritats i les propostes per a la seva prohibici\u00f3 gradual.<\/p>\n\n\n\n<p class=\"wp-block-paragraph\">El seminari ha promogut un espai de di\u00e0leg i reflexi\u00f3 sobre aquesta problem\u00e0tica ambiental i el seu impacte directe en la vida de les persones. \u00c9s per aix\u00f2 que el CEI agraeix a totes les persones assistents la seva participaci\u00f3 i contribuci\u00f3 al debat.<\/p>\n\n\n\n<figure class=\"wp-block-gallery has-nested-images columns-default is-cropped wp-block-gallery-1 is-layout-flex wp-block-gallery-is-layout-flex\">\n<figure class=\"wp-block-image size-large\"><img fetchpriority=\"high\" decoding=\"async\" width=\"1600\" height=\"828\" data-id=\"32040\" src=\"https:\/\/www.ceibcn.com\/wp-content\/uploads\/2025\/11\/general-2-1600x828.jpg\" alt=\"\" class=\"wp-image-32040\"\/><\/figure>\n\n\n\n<figure class=\"wp-block-image size-large\"><img decoding=\"async\" width=\"1600\" height=\"828\" data-id=\"32046\" src=\"https:\/\/www.ceibcn.com\/wp-content\/uploads\/2025\/11\/ana-tudela-1600x828.jpg\" alt=\"\" class=\"wp-image-32046\"\/><\/figure>\n\n\n\n<figure class=\"wp-block-image size-large\"><img decoding=\"async\" width=\"1600\" height=\"828\" data-id=\"32045\" src=\"https:\/\/www.ceibcn.com\/wp-content\/uploads\/2025\/11\/ana-juanatey-1600x828.jpg\" alt=\"\" class=\"wp-image-32045\"\/><\/figure>\n\n\n\n<figure class=\"wp-block-image size-large\"><img loading=\"lazy\" decoding=\"async\" width=\"1600\" height=\"828\" data-id=\"32039\" src=\"https:\/\/www.ceibcn.com\/wp-content\/uploads\/2025\/11\/Foto-general-1600x828.jpg\" alt=\"\" class=\"wp-image-32039\"\/><\/figure>\n<\/figure>\n\n\n\n<p class=\"wp-block-paragraph\"><\/p>\n\n\n\n<p class=\"wp-block-paragraph\"><\/p>\n","protected":false},"excerpt":{"rendered":"<p>Seminario en el Palau Macaya centrado en los efectos de los micropl\u00e1sticos y los t\u00f3xicos persistentes en la salud global y los ecosistemas.<\/p>\n","protected":false},"author":11,"featured_media":32068,"comment_status":"open","ping_status":"closed","sticky":false,"template":"","format":"standard","meta":{"_acf_changed":false,"_crdt_document":"","inline_featured_image":false,"footnotes":""},"categories":[121],"tags":[],"class_list":["post-32051","post","type-post","status-publish","format-standard","has-post-thumbnail","hentry","category-noticies"],"acf":[],"yoast_head":"<!-- This site is optimized with the Yoast SEO plugin v27.0 - https:\/\/yoast.com\/product\/yoast-seo-wordpress\/ -->\n<title>Seminari: &quot;L\u2019amena\u00e7a dels micropl\u00e0stics i els t\u00f2xics persistents&quot; - CEI International Affairs<\/title>\n<meta name=\"robots\" content=\"index, follow, max-snippet:-1, max-image-preview:large, max-video-preview:-1\" \/>\n<link rel=\"canonical\" href=\"https:\/\/www.ceibcn.com\/ca\/2025\/11\/seminario-la-amenaza-de-los-microplasticos-y-los-toxicos-persistentes\/\" \/>\n<meta property=\"og:locale\" content=\"ca_ES\" \/>\n<meta property=\"og:type\" content=\"article\" \/>\n<meta property=\"og:title\" content=\"Seminari: &quot;L\u2019amena\u00e7a dels micropl\u00e0stics i els t\u00f2xics persistents&quot; - CEI International Affairs\" \/>\n<meta property=\"og:description\" content=\"Seminario en el Palau Macaya centrado en los efectos de los micropl\u00e1sticos y los t\u00f3xicos persistentes en la salud global y los ecosistemas.\" \/>\n<meta property=\"og:url\" content=\"https:\/\/www.ceibcn.com\/ca\/2025\/11\/seminario-la-amenaza-de-los-microplasticos-y-los-toxicos-persistentes\/\" \/>\n<meta property=\"og:site_name\" content=\"CEI International Affairs\" \/>\n<meta property=\"article:publisher\" content=\"https:\/\/www.facebook.com\/CEI.CentroDeEstudiosInternacionales\/\" \/>\n<meta property=\"article:published_time\" content=\"2025-11-26T19:06:37+00:00\" \/>\n<meta property=\"article:modified_time\" content=\"2025-11-27T13:33:57+00:00\" \/>\n<meta property=\"og:image\" content=\"https:\/\/www.ceibcn.com\/wp-content\/uploads\/2025\/11\/Foto-general.jpg\" \/>\n\t<meta property=\"og:image:width\" content=\"1600\" \/>\n\t<meta property=\"og:image:height\" content=\"1066\" \/>\n\t<meta property=\"og:image:type\" content=\"image\/jpeg\" \/>\n<meta name=\"author\" content=\"Carla V\u00e1zquez Moreno\" \/>\n<meta name=\"twitter:card\" content=\"summary_large_image\" \/>\n<meta name=\"twitter:creator\" content=\"@CEIbcn\" \/>\n<meta name=\"twitter:site\" content=\"@CEIbcn\" \/>\n<meta name=\"twitter:label1\" content=\"Escrit per\" \/>\n\t<meta name=\"twitter:data1\" content=\"Carla V\u00e1zquez Moreno\" \/>\n\t<meta name=\"twitter:label2\" content=\"Temps estimat de lectura\" \/>\n\t<meta name=\"twitter:data2\" content=\"2 minuts\" \/>\n<script type=\"application\/ld+json\" class=\"yoast-schema-graph\">{\"@context\":\"https:\/\/schema.org\",\"@graph\":[{\"@type\":\"Article\",\"@id\":\"https:\/\/www.ceibcn.com\/ca\/2025\/11\/seminario-la-amenaza-de-los-microplasticos-y-los-toxicos-persistentes\/#article\",\"isPartOf\":{\"@id\":\"https:\/\/www.ceibcn.com\/ca\/2025\/11\/seminario-la-amenaza-de-los-microplasticos-y-los-toxicos-persistentes\/\"},\"author\":{\"name\":\"Carla V\u00e1zquez Moreno\",\"@id\":\"https:\/\/www.ceibcn.com\/ca\/#\/schema\/person\/ade8c52628f010f149da9031432f538d\"},\"headline\":\"Seminari: &#8220;L\u2019amena\u00e7a dels micropl\u00e0stics i els t\u00f2xics persistents&#8221;\",\"datePublished\":\"2025-11-26T19:06:37+00:00\",\"dateModified\":\"2025-11-27T13:33:57+00:00\",\"mainEntityOfPage\":{\"@id\":\"https:\/\/www.ceibcn.com\/ca\/2025\/11\/seminario-la-amenaza-de-los-microplasticos-y-los-toxicos-persistentes\/\"},\"wordCount\":219,\"commentCount\":0,\"publisher\":{\"@id\":\"https:\/\/www.ceibcn.com\/ca\/#organization\"},\"image\":{\"@id\":\"https:\/\/www.ceibcn.com\/ca\/2025\/11\/seminario-la-amenaza-de-los-microplasticos-y-los-toxicos-persistentes\/#primaryimage\"},\"thumbnailUrl\":\"https:\/\/www.ceibcn.com\/wp-content\/uploads\/2025\/11\/Foto-general.jpg\",\"articleSection\":[\"Not\u00edcies\"],\"inLanguage\":\"ca\",\"potentialAction\":[{\"@type\":\"CommentAction\",\"name\":\"Comment\",\"target\":[\"https:\/\/www.ceibcn.com\/ca\/2025\/11\/seminario-la-amenaza-de-los-microplasticos-y-los-toxicos-persistentes\/#respond\"]}]},{\"@type\":\"WebPage\",\"@id\":\"https:\/\/www.ceibcn.com\/ca\/2025\/11\/seminario-la-amenaza-de-los-microplasticos-y-los-toxicos-persistentes\/\",\"url\":\"https:\/\/www.ceibcn.com\/ca\/2025\/11\/seminario-la-amenaza-de-los-microplasticos-y-los-toxicos-persistentes\/\",\"name\":\"Seminari: \\\"L\u2019amena\u00e7a dels micropl\u00e0stics i els t\u00f2xics persistents\\\" - CEI International Affairs\",\"isPartOf\":{\"@id\":\"https:\/\/www.ceibcn.com\/ca\/#website\"},\"primaryImageOfPage\":{\"@id\":\"https:\/\/www.ceibcn.com\/ca\/2025\/11\/seminario-la-amenaza-de-los-microplasticos-y-los-toxicos-persistentes\/#primaryimage\"},\"image\":{\"@id\":\"https:\/\/www.ceibcn.com\/ca\/2025\/11\/seminario-la-amenaza-de-los-microplasticos-y-los-toxicos-persistentes\/#primaryimage\"},\"thumbnailUrl\":\"https:\/\/www.ceibcn.com\/wp-content\/uploads\/2025\/11\/Foto-general.jpg\",\"datePublished\":\"2025-11-26T19:06:37+00:00\",\"dateModified\":\"2025-11-27T13:33:57+00:00\",\"breadcrumb\":{\"@id\":\"https:\/\/www.ceibcn.com\/ca\/2025\/11\/seminario-la-amenaza-de-los-microplasticos-y-los-toxicos-persistentes\/#breadcrumb\"},\"inLanguage\":\"ca\",\"potentialAction\":[{\"@type\":\"ReadAction\",\"target\":[\"https:\/\/www.ceibcn.com\/ca\/2025\/11\/seminario-la-amenaza-de-los-microplasticos-y-los-toxicos-persistentes\/\"]}]},{\"@type\":\"ImageObject\",\"inLanguage\":\"ca\",\"@id\":\"https:\/\/www.ceibcn.com\/ca\/2025\/11\/seminario-la-amenaza-de-los-microplasticos-y-los-toxicos-persistentes\/#primaryimage\",\"url\":\"https:\/\/www.ceibcn.com\/wp-content\/uploads\/2025\/11\/Foto-general.jpg\",\"contentUrl\":\"https:\/\/www.ceibcn.com\/wp-content\/uploads\/2025\/11\/Foto-general.jpg\",\"width\":1600,\"height\":1066},{\"@type\":\"BreadcrumbList\",\"@id\":\"https:\/\/www.ceibcn.com\/ca\/2025\/11\/seminario-la-amenaza-de-los-microplasticos-y-los-toxicos-persistentes\/#breadcrumb\",\"itemListElement\":[{\"@type\":\"ListItem\",\"position\":1,\"name\":\"Portada\",\"item\":\"https:\/\/www.ceibcn.com\/ca\/\"},{\"@type\":\"ListItem\",\"position\":2,\"name\":\"Seminari: &#8220;L\u2019amena\u00e7a dels micropl\u00e0stics i els t\u00f2xics persistents&#8221;\"}]},{\"@type\":\"WebSite\",\"@id\":\"https:\/\/www.ceibcn.com\/ca\/#website\",\"url\":\"https:\/\/www.ceibcn.com\/ca\/\",\"name\":\"CEI International Affairs\",\"description\":\"CEI International Affairs\",\"publisher\":{\"@id\":\"https:\/\/www.ceibcn.com\/ca\/#organization\"},\"alternateName\":\"CEI International Affairs\",\"potentialAction\":[{\"@type\":\"SearchAction\",\"target\":{\"@type\":\"EntryPoint\",\"urlTemplate\":\"https:\/\/www.ceibcn.com\/ca\/?s={search_term_string}\"},\"query-input\":{\"@type\":\"PropertyValueSpecification\",\"valueRequired\":true,\"valueName\":\"search_term_string\"}}],\"inLanguage\":\"ca\"},{\"@type\":\"Organization\",\"@id\":\"https:\/\/www.ceibcn.com\/ca\/#organization\",\"name\":\"CEI International Affairs\",\"url\":\"https:\/\/www.ceibcn.com\/ca\/\",\"logo\":{\"@type\":\"ImageObject\",\"inLanguage\":\"ca\",\"@id\":\"https:\/\/www.ceibcn.com\/ca\/#\/schema\/logo\/image\/\",\"url\":\"https:\/\/www.ceibcn.com\/wp-content\/uploads\/2021\/09\/CeiLogo_EscuelaDiploVectorized_vectorizedSIN_FONDO.png\",\"contentUrl\":\"https:\/\/www.ceibcn.com\/wp-content\/uploads\/2021\/09\/CeiLogo_EscuelaDiploVectorized_vectorizedSIN_FONDO.png\",\"width\":1591,\"height\":629,\"caption\":\"CEI International Affairs\"},\"image\":{\"@id\":\"https:\/\/www.ceibcn.com\/ca\/#\/schema\/logo\/image\/\"},\"sameAs\":[\"https:\/\/www.facebook.com\/CEI.CentroDeEstudiosInternacionales\/\",\"https:\/\/x.com\/CEIbcn\",\"https:\/\/www.instagram.com\/cei_international\/\"]},{\"@type\":\"Person\",\"@id\":\"https:\/\/www.ceibcn.com\/ca\/#\/schema\/person\/ade8c52628f010f149da9031432f538d\",\"name\":\"Carla V\u00e1zquez Moreno\",\"image\":{\"@type\":\"ImageObject\",\"inLanguage\":\"ca\",\"@id\":\"https:\/\/www.ceibcn.com\/ca\/#\/schema\/person\/image\/\",\"url\":\"https:\/\/secure.gravatar.com\/avatar\/07396995718186c2b1a2f071ca87cd80143e420274dfd37126595cdd5bbc2e0c?s=96&d=mm&r=g\",\"contentUrl\":\"https:\/\/secure.gravatar.com\/avatar\/07396995718186c2b1a2f071ca87cd80143e420274dfd37126595cdd5bbc2e0c?s=96&d=mm&r=g\",\"caption\":\"Carla V\u00e1zquez Moreno\"},\"url\":\"https:\/\/www.ceibcn.com\/ca\/author\/carla\/\"}]}<\/script>\n<!-- \/ Yoast SEO plugin. -->","yoast_head_json":{"title":"Seminari: \"L\u2019amena\u00e7a dels micropl\u00e0stics i els t\u00f2xics persistents\" - CEI International Affairs","robots":{"index":"index","follow":"follow","max-snippet":"max-snippet:-1","max-image-preview":"max-image-preview:large","max-video-preview":"max-video-preview:-1"},"canonical":"https:\/\/www.ceibcn.com\/ca\/2025\/11\/seminario-la-amenaza-de-los-microplasticos-y-los-toxicos-persistentes\/","og_locale":"ca_ES","og_type":"article","og_title":"Seminari: \"L\u2019amena\u00e7a dels micropl\u00e0stics i els t\u00f2xics persistents\" - CEI International Affairs","og_description":"Seminario en el Palau Macaya centrado en los efectos de los micropl\u00e1sticos y los t\u00f3xicos persistentes en la salud global y los ecosistemas.","og_url":"https:\/\/www.ceibcn.com\/ca\/2025\/11\/seminario-la-amenaza-de-los-microplasticos-y-los-toxicos-persistentes\/","og_site_name":"CEI International Affairs","article_publisher":"https:\/\/www.facebook.com\/CEI.CentroDeEstudiosInternacionales\/","article_published_time":"2025-11-26T19:06:37+00:00","article_modified_time":"2025-11-27T13:33:57+00:00","og_image":[{"width":1600,"height":1066,"url":"https:\/\/www.ceibcn.com\/wp-content\/uploads\/2025\/11\/Foto-general.jpg","type":"image\/jpeg"}],"author":"Carla V\u00e1zquez Moreno","twitter_card":"summary_large_image","twitter_creator":"@CEIbcn","twitter_site":"@CEIbcn","twitter_misc":{"Escrit per":"Carla V\u00e1zquez Moreno","Temps estimat de lectura":"2 minuts"},"schema":{"@context":"https:\/\/schema.org","@graph":[{"@type":"Article","@id":"https:\/\/www.ceibcn.com\/ca\/2025\/11\/seminario-la-amenaza-de-los-microplasticos-y-los-toxicos-persistentes\/#article","isPartOf":{"@id":"https:\/\/www.ceibcn.com\/ca\/2025\/11\/seminario-la-amenaza-de-los-microplasticos-y-los-toxicos-persistentes\/"},"author":{"name":"Carla V\u00e1zquez Moreno","@id":"https:\/\/www.ceibcn.com\/ca\/#\/schema\/person\/ade8c52628f010f149da9031432f538d"},"headline":"Seminari: &#8220;L\u2019amena\u00e7a dels micropl\u00e0stics i els t\u00f2xics persistents&#8221;","datePublished":"2025-11-26T19:06:37+00:00","dateModified":"2025-11-27T13:33:57+00:00","mainEntityOfPage":{"@id":"https:\/\/www.ceibcn.com\/ca\/2025\/11\/seminario-la-amenaza-de-los-microplasticos-y-los-toxicos-persistentes\/"},"wordCount":219,"commentCount":0,"publisher":{"@id":"https:\/\/www.ceibcn.com\/ca\/#organization"},"image":{"@id":"https:\/\/www.ceibcn.com\/ca\/2025\/11\/seminario-la-amenaza-de-los-microplasticos-y-los-toxicos-persistentes\/#primaryimage"},"thumbnailUrl":"https:\/\/www.ceibcn.com\/wp-content\/uploads\/2025\/11\/Foto-general.jpg","articleSection":["Not\u00edcies"],"inLanguage":"ca","potentialAction":[{"@type":"CommentAction","name":"Comment","target":["https:\/\/www.ceibcn.com\/ca\/2025\/11\/seminario-la-amenaza-de-los-microplasticos-y-los-toxicos-persistentes\/#respond"]}]},{"@type":"WebPage","@id":"https:\/\/www.ceibcn.com\/ca\/2025\/11\/seminario-la-amenaza-de-los-microplasticos-y-los-toxicos-persistentes\/","url":"https:\/\/www.ceibcn.com\/ca\/2025\/11\/seminario-la-amenaza-de-los-microplasticos-y-los-toxicos-persistentes\/","name":"Seminari: \"L\u2019amena\u00e7a dels micropl\u00e0stics i els t\u00f2xics persistents\" - CEI International Affairs","isPartOf":{"@id":"https:\/\/www.ceibcn.com\/ca\/#website"},"primaryImageOfPage":{"@id":"https:\/\/www.ceibcn.com\/ca\/2025\/11\/seminario-la-amenaza-de-los-microplasticos-y-los-toxicos-persistentes\/#primaryimage"},"image":{"@id":"https:\/\/www.ceibcn.com\/ca\/2025\/11\/seminario-la-amenaza-de-los-microplasticos-y-los-toxicos-persistentes\/#primaryimage"},"thumbnailUrl":"https:\/\/www.ceibcn.com\/wp-content\/uploads\/2025\/11\/Foto-general.jpg","datePublished":"2025-11-26T19:06:37+00:00","dateModified":"2025-11-27T13:33:57+00:00","breadcrumb":{"@id":"https:\/\/www.ceibcn.com\/ca\/2025\/11\/seminario-la-amenaza-de-los-microplasticos-y-los-toxicos-persistentes\/#breadcrumb"},"inLanguage":"ca","potentialAction":[{"@type":"ReadAction","target":["https:\/\/www.ceibcn.com\/ca\/2025\/11\/seminario-la-amenaza-de-los-microplasticos-y-los-toxicos-persistentes\/"]}]},{"@type":"ImageObject","inLanguage":"ca","@id":"https:\/\/www.ceibcn.com\/ca\/2025\/11\/seminario-la-amenaza-de-los-microplasticos-y-los-toxicos-persistentes\/#primaryimage","url":"https:\/\/www.ceibcn.com\/wp-content\/uploads\/2025\/11\/Foto-general.jpg","contentUrl":"https:\/\/www.ceibcn.com\/wp-content\/uploads\/2025\/11\/Foto-general.jpg","width":1600,"height":1066},{"@type":"BreadcrumbList","@id":"https:\/\/www.ceibcn.com\/ca\/2025\/11\/seminario-la-amenaza-de-los-microplasticos-y-los-toxicos-persistentes\/#breadcrumb","itemListElement":[{"@type":"ListItem","position":1,"name":"Portada","item":"https:\/\/www.ceibcn.com\/ca\/"},{"@type":"ListItem","position":2,"name":"Seminari: &#8220;L\u2019amena\u00e7a dels micropl\u00e0stics i els t\u00f2xics persistents&#8221;"}]},{"@type":"WebSite","@id":"https:\/\/www.ceibcn.com\/ca\/#website","url":"https:\/\/www.ceibcn.com\/ca\/","name":"CEI International Affairs","description":"CEI International Affairs","publisher":{"@id":"https:\/\/www.ceibcn.com\/ca\/#organization"},"alternateName":"CEI International Affairs","potentialAction":[{"@type":"SearchAction","target":{"@type":"EntryPoint","urlTemplate":"https:\/\/www.ceibcn.com\/ca\/?s={search_term_string}"},"query-input":{"@type":"PropertyValueSpecification","valueRequired":true,"valueName":"search_term_string"}}],"inLanguage":"ca"},{"@type":"Organization","@id":"https:\/\/www.ceibcn.com\/ca\/#organization","name":"CEI International Affairs","url":"https:\/\/www.ceibcn.com\/ca\/","logo":{"@type":"ImageObject","inLanguage":"ca","@id":"https:\/\/www.ceibcn.com\/ca\/#\/schema\/logo\/image\/","url":"https:\/\/www.ceibcn.com\/wp-content\/uploads\/2021\/09\/CeiLogo_EscuelaDiploVectorized_vectorizedSIN_FONDO.png","contentUrl":"https:\/\/www.ceibcn.com\/wp-content\/uploads\/2021\/09\/CeiLogo_EscuelaDiploVectorized_vectorizedSIN_FONDO.png","width":1591,"height":629,"caption":"CEI International Affairs"},"image":{"@id":"https:\/\/www.ceibcn.com\/ca\/#\/schema\/logo\/image\/"},"sameAs":["https:\/\/www.facebook.com\/CEI.CentroDeEstudiosInternacionales\/","https:\/\/x.com\/CEIbcn","https:\/\/www.instagram.com\/cei_international\/"]},{"@type":"Person","@id":"https:\/\/www.ceibcn.com\/ca\/#\/schema\/person\/ade8c52628f010f149da9031432f538d","name":"Carla V\u00e1zquez Moreno","image":{"@type":"ImageObject","inLanguage":"ca","@id":"https:\/\/www.ceibcn.com\/ca\/#\/schema\/person\/image\/","url":"https:\/\/secure.gravatar.com\/avatar\/07396995718186c2b1a2f071ca87cd80143e420274dfd37126595cdd5bbc2e0c?s=96&d=mm&r=g","contentUrl":"https:\/\/secure.gravatar.com\/avatar\/07396995718186c2b1a2f071ca87cd80143e420274dfd37126595cdd5bbc2e0c?s=96&d=mm&r=g","caption":"Carla V\u00e1zquez Moreno"},"url":"https:\/\/www.ceibcn.com\/ca\/author\/carla\/"}]}},"_links":{"self":[{"href":"https:\/\/www.ceibcn.com\/ca\/wp-json\/wp\/v2\/posts\/32051","targetHints":{"allow":["GET"]}}],"collection":[{"href":"https:\/\/www.ceibcn.com\/ca\/wp-json\/wp\/v2\/posts"}],"about":[{"href":"https:\/\/www.ceibcn.com\/ca\/wp-json\/wp\/v2\/types\/post"}],"author":[{"embeddable":true,"href":"https:\/\/www.ceibcn.com\/ca\/wp-json\/wp\/v2\/users\/11"}],"replies":[{"embeddable":true,"href":"https:\/\/www.ceibcn.com\/ca\/wp-json\/wp\/v2\/comments?post=32051"}],"version-history":[{"count":1,"href":"https:\/\/www.ceibcn.com\/ca\/wp-json\/wp\/v2\/posts\/32051\/revisions"}],"predecessor-version":[{"id":32059,"href":"https:\/\/www.ceibcn.com\/ca\/wp-json\/wp\/v2\/posts\/32051\/revisions\/32059"}],"wp:featuredmedia":[{"embeddable":true,"href":"https:\/\/www.ceibcn.com\/ca\/wp-json\/wp\/v2\/media\/32068"}],"wp:attachment":[{"href":"https:\/\/www.ceibcn.com\/ca\/wp-json\/wp\/v2\/media?parent=32051"}],"wp:term":[{"taxonomy":"category","embeddable":true,"href":"https:\/\/www.ceibcn.com\/ca\/wp-json\/wp\/v2\/categories?post=32051"},{"taxonomy":"post_tag","embeddable":true,"href":"https:\/\/www.ceibcn.com\/ca\/wp-json\/wp\/v2\/tags?post=32051"}],"curies":[{"name":"wp","href":"https:\/\/api.w.org\/{rel}","templated":true}]}}