{"id":32388,"date":"2025-12-05T16:52:54","date_gmt":"2025-12-05T15:52:54","guid":{"rendered":"https:\/\/www.ceibcn.com\/2025\/12\/el-alumnado-del-master-en-sostenibilidad-del-cei-visita-apocapoc-bcn\/"},"modified":"2026-04-21T13:30:07","modified_gmt":"2026-04-21T11:30:07","slug":"el-alumnado-del-master-en-sostenibilidad-del-cei-visita-apocapoc-bcn","status":"publish","type":"post","link":"https:\/\/www.ceibcn.com\/ca\/2025\/12\/el-alumnado-del-master-en-sostenibilidad-del-cei-visita-apocapoc-bcn\/","title":{"rendered":"L\u2019alumnat del M\u00e0ster en Sostenibilitat del CEI visita ApocaPoc BCN"},"content":{"rendered":"\n<p class=\"wp-block-paragraph\">L\u2019alumnat del <strong><a href=\"https:\/\/www.ceibcn.com\/ca\/masters\/mds\/\">M\u00e0ster de Formaci\u00f3 Permanent en Sostenibilitat. Medi Ambient, Societat i Economia<\/a><\/strong> (titulaci\u00f3 de la Universitat de Barcelona) ha tingut l\u2019oportunitat de visitar <strong>ApocaPoc BCN<\/strong>, una empresa que dissenya i ofereix espais sostenibles a Barcelona amb l\u2019objectiu de promoure un estil de vida i una activitat professional m\u00e9s respectuosos amb el medi ambient.<\/p>\n\n\n\n<p class=\"wp-block-paragraph\">En primer lloc, gr\u00e0cies a la xerrada d\u2019Evelien Moriau, fundadora d\u2019<strong>Ostras<\/strong>, l\u2019alumnat ha descobert aquesta plataforma que aspira a convertir-se en un \u201cnavegador\u201d per al consum responsable. Ostras connecta dades de consum en temps real, crea una comunitat d\u2019usuaris que obtenen recompenses per salvar menjar i proposa un nou model B2C\/B2B que converteix la sostenibilitat en un negoci escalable.<\/p>\n\n\n\n<p class=\"wp-block-paragraph\">Despr\u00e9s de la xerrada de l\u2019Evelien, l\u2019alumnat ha pogut participar en un joc interactiu per con\u00e8ixer m\u00e9s a fons l\u2019aplicaci\u00f3. En finalitzar l\u2019activitat, tamb\u00e9 han tingut l\u2019oportunitat de visitar les instal\u00b7lacions d\u2019Apocapoc.<\/p>\n\n\n\n<p class=\"wp-block-paragraph\"><\/p>\n\n\n\n<figure class=\"wp-block-gallery has-nested-images columns-default is-cropped wp-block-gallery-1 is-layout-flex wp-block-gallery-is-layout-flex\">\n<figure class=\"wp-block-image size-large\"><img fetchpriority=\"high\" decoding=\"async\" width=\"1600\" height=\"828\" data-id=\"32381\" src=\"https:\/\/www.ceibcn.com\/wp-content\/uploads\/2025\/12\/Foto-durante-sesion-en-APOCAPOC-1600x828.jpg\" alt=\"\" class=\"wp-image-32381\"\/><\/figure>\n\n\n\n<figure class=\"wp-block-image size-large\"><img decoding=\"async\" width=\"1600\" height=\"828\" data-id=\"32384\" src=\"https:\/\/www.ceibcn.com\/wp-content\/uploads\/2025\/12\/foto-de-delante-apocapoc-1600x828.jpg\" alt=\"\" class=\"wp-image-32384\"\/><\/figure>\n\n\n\n<figure class=\"wp-block-image size-large\"><img decoding=\"async\" width=\"1600\" height=\"828\" data-id=\"32380\" src=\"https:\/\/www.ceibcn.com\/wp-content\/uploads\/2025\/12\/Foto-de-espaldas-en-APOCAPOC-1600x828.jpg\" alt=\"\" class=\"wp-image-32380\"\/><\/figure>\n\n\n\n<figure class=\"wp-block-image size-large\"><img loading=\"lazy\" decoding=\"async\" width=\"1600\" height=\"828\" data-id=\"32382\" src=\"https:\/\/www.ceibcn.com\/wp-content\/uploads\/2025\/12\/Foto-grupo-APOCAPOC-1600x828.jpg\" alt=\"\" class=\"wp-image-32382\"\/><\/figure>\n<\/figure>\n\n\n\n<p class=\"wp-block-paragraph\"><\/p>\n\n\n\n<p class=\"wp-block-paragraph\">A continuaci\u00f3, Sarah Collmus, directora de l\u2019ONG WindPath, ha presentat aquesta iniciativa adre\u00e7ada a estudiants interessats en l\u2019energia e\u00f2lica marina. WindPath t\u00e9 com a objectiu proporcionar la informaci\u00f3, les habilitats i les xarxes professionals necess\u00e0ries per accedir a les primeres oportunitats laborals d\u2019aquest sector. Per aix\u00f2, analitza els objectius de cada estudiant, identifica les traject\u00f2ries m\u00e9s adequades i ofereix estrat\u00e8gies per trobar i connectar amb professionals de l\u2019\u00e0mbit.<\/p>\n\n\n\n<p class=\"wp-block-paragraph\">En conjunt, es tracta de dos projectes inspiradors que permeten a l\u2019alumnat con\u00e8ixer de prop iniciatives vinculades a l\u2019economia circular i a la transici\u00f3 sostenible, ajudant-los a orientar els seus interessos acad\u00e8mics i professionals cap als reptes actuals del sector.<\/p>\n\n\n\n<p class=\"wp-block-paragraph\"><\/p>\n","protected":false},"excerpt":{"rendered":"<p>Visita a les instal\u00b7lacions d&#8217;ApocaPoc per a con\u00e8ixer dues iniciatives relacionades amb la sostenibilitat: &#8220;Ostras&#8221; y &#8220;WindPath&#8221;.<\/p>\n","protected":false},"author":11,"featured_media":0,"comment_status":"open","ping_status":"closed","sticky":false,"template":"","format":"standard","meta":{"_acf_changed":false,"_crdt_document":"","inline_featured_image":false,"footnotes":""},"categories":[121],"tags":[],"class_list":["post-32388","post","type-post","status-publish","format-standard","hentry","category-noticies"],"acf":[],"yoast_head":"<!-- This site is optimized with the Yoast SEO plugin v27.0 - https:\/\/yoast.com\/product\/yoast-seo-wordpress\/ -->\n<title>L\u2019alumnat del M\u00e0ster en Sostenibilitat del CEI visita ApocaPoc BCN - CEI International Affairs<\/title>\n<meta name=\"robots\" content=\"index, follow, max-snippet:-1, max-image-preview:large, max-video-preview:-1\" \/>\n<link rel=\"canonical\" href=\"https:\/\/www.ceibcn.com\/ca\/2025\/12\/el-alumnado-del-master-en-sostenibilidad-del-cei-visita-apocapoc-bcn\/\" \/>\n<meta property=\"og:locale\" content=\"ca_ES\" \/>\n<meta property=\"og:type\" content=\"article\" \/>\n<meta property=\"og:title\" content=\"L\u2019alumnat del M\u00e0ster en Sostenibilitat del CEI visita ApocaPoc BCN - CEI International Affairs\" \/>\n<meta property=\"og:description\" content=\"Visita a les instal\u00b7lacions d&#039;ApocaPoc per a con\u00e8ixer dues iniciatives relacionades amb la sostenibilitat: &quot;Ostras&quot; y &quot;WindPath&quot;.\" \/>\n<meta property=\"og:url\" content=\"https:\/\/www.ceibcn.com\/ca\/2025\/12\/el-alumnado-del-master-en-sostenibilidad-del-cei-visita-apocapoc-bcn\/\" \/>\n<meta property=\"og:site_name\" content=\"CEI International Affairs\" \/>\n<meta property=\"article:publisher\" content=\"https:\/\/www.facebook.com\/CEI.CentroDeEstudiosInternacionales\/\" \/>\n<meta property=\"article:published_time\" content=\"2025-12-05T15:52:54+00:00\" \/>\n<meta property=\"article:modified_time\" content=\"2026-04-21T11:30:07+00:00\" \/>\n<meta property=\"og:image\" content=\"https:\/\/www.ceibcn.com\/wp-content\/uploads\/2025\/12\/Foto-grupo-APOCAPOC.jpg\" \/>\n\t<meta property=\"og:image:width\" content=\"1600\" \/>\n\t<meta property=\"og:image:height\" content=\"1200\" \/>\n\t<meta property=\"og:image:type\" content=\"image\/jpeg\" \/>\n<meta name=\"author\" content=\"Carla V\u00e1zquez Moreno\" \/>\n<meta name=\"twitter:card\" content=\"summary_large_image\" \/>\n<meta name=\"twitter:creator\" content=\"@CEIbcn\" \/>\n<meta name=\"twitter:site\" content=\"@CEIbcn\" \/>\n<meta name=\"twitter:label1\" content=\"Escrit per\" \/>\n\t<meta name=\"twitter:data1\" content=\"Carla V\u00e1zquez Moreno\" \/>\n\t<meta name=\"twitter:label2\" content=\"Temps estimat de lectura\" \/>\n\t<meta name=\"twitter:data2\" content=\"2 minuts\" \/>\n<script type=\"application\/ld+json\" class=\"yoast-schema-graph\">{\"@context\":\"https:\/\/schema.org\",\"@graph\":[{\"@type\":\"Article\",\"@id\":\"https:\/\/www.ceibcn.com\/ca\/2025\/12\/el-alumnado-del-master-en-sostenibilidad-del-cei-visita-apocapoc-bcn\/#article\",\"isPartOf\":{\"@id\":\"https:\/\/www.ceibcn.com\/ca\/2025\/12\/el-alumnado-del-master-en-sostenibilidad-del-cei-visita-apocapoc-bcn\/\"},\"author\":{\"name\":\"Carla V\u00e1zquez Moreno\",\"@id\":\"https:\/\/www.ceibcn.com\/ca\/#\/schema\/person\/ade8c52628f010f149da9031432f538d\"},\"headline\":\"L\u2019alumnat del M\u00e0ster en Sostenibilitat del CEI visita ApocaPoc BCN\",\"datePublished\":\"2025-12-05T15:52:54+00:00\",\"dateModified\":\"2026-04-21T11:30:07+00:00\",\"mainEntityOfPage\":{\"@id\":\"https:\/\/www.ceibcn.com\/ca\/2025\/12\/el-alumnado-del-master-en-sostenibilidad-del-cei-visita-apocapoc-bcn\/\"},\"wordCount\":302,\"commentCount\":0,\"publisher\":{\"@id\":\"https:\/\/www.ceibcn.com\/ca\/#organization\"},\"image\":{\"@id\":\"https:\/\/www.ceibcn.com\/ca\/2025\/12\/el-alumnado-del-master-en-sostenibilidad-del-cei-visita-apocapoc-bcn\/#primaryimage\"},\"thumbnailUrl\":\"https:\/\/www.ceibcn.com\/wp-content\/uploads\/2025\/12\/Foto-durante-sesion-en-APOCAPOC-1600x828.jpg\",\"articleSection\":[\"Not\u00edcies\"],\"inLanguage\":\"ca\",\"potentialAction\":[{\"@type\":\"CommentAction\",\"name\":\"Comment\",\"target\":[\"https:\/\/www.ceibcn.com\/ca\/2025\/12\/el-alumnado-del-master-en-sostenibilidad-del-cei-visita-apocapoc-bcn\/#respond\"]}]},{\"@type\":\"WebPage\",\"@id\":\"https:\/\/www.ceibcn.com\/ca\/2025\/12\/el-alumnado-del-master-en-sostenibilidad-del-cei-visita-apocapoc-bcn\/\",\"url\":\"https:\/\/www.ceibcn.com\/ca\/2025\/12\/el-alumnado-del-master-en-sostenibilidad-del-cei-visita-apocapoc-bcn\/\",\"name\":\"L\u2019alumnat del M\u00e0ster en Sostenibilitat del CEI visita ApocaPoc BCN - CEI International Affairs\",\"isPartOf\":{\"@id\":\"https:\/\/www.ceibcn.com\/ca\/#website\"},\"primaryImageOfPage\":{\"@id\":\"https:\/\/www.ceibcn.com\/ca\/2025\/12\/el-alumnado-del-master-en-sostenibilidad-del-cei-visita-apocapoc-bcn\/#primaryimage\"},\"image\":{\"@id\":\"https:\/\/www.ceibcn.com\/ca\/2025\/12\/el-alumnado-del-master-en-sostenibilidad-del-cei-visita-apocapoc-bcn\/#primaryimage\"},\"thumbnailUrl\":\"https:\/\/www.ceibcn.com\/wp-content\/uploads\/2025\/12\/Foto-durante-sesion-en-APOCAPOC-1600x828.jpg\",\"datePublished\":\"2025-12-05T15:52:54+00:00\",\"dateModified\":\"2026-04-21T11:30:07+00:00\",\"breadcrumb\":{\"@id\":\"https:\/\/www.ceibcn.com\/ca\/2025\/12\/el-alumnado-del-master-en-sostenibilidad-del-cei-visita-apocapoc-bcn\/#breadcrumb\"},\"inLanguage\":\"ca\",\"potentialAction\":[{\"@type\":\"ReadAction\",\"target\":[\"https:\/\/www.ceibcn.com\/ca\/2025\/12\/el-alumnado-del-master-en-sostenibilidad-del-cei-visita-apocapoc-bcn\/\"]}]},{\"@type\":\"ImageObject\",\"inLanguage\":\"ca\",\"@id\":\"https:\/\/www.ceibcn.com\/ca\/2025\/12\/el-alumnado-del-master-en-sostenibilidad-del-cei-visita-apocapoc-bcn\/#primaryimage\",\"url\":\"https:\/\/www.ceibcn.com\/wp-content\/uploads\/2025\/12\/Foto-durante-sesion-en-APOCAPOC-1600x828.jpg\",\"contentUrl\":\"https:\/\/www.ceibcn.com\/wp-content\/uploads\/2025\/12\/Foto-durante-sesion-en-APOCAPOC-1600x828.jpg\"},{\"@type\":\"BreadcrumbList\",\"@id\":\"https:\/\/www.ceibcn.com\/ca\/2025\/12\/el-alumnado-del-master-en-sostenibilidad-del-cei-visita-apocapoc-bcn\/#breadcrumb\",\"itemListElement\":[{\"@type\":\"ListItem\",\"position\":1,\"name\":\"Portada\",\"item\":\"https:\/\/www.ceibcn.com\/ca\/\"},{\"@type\":\"ListItem\",\"position\":2,\"name\":\"L\u2019alumnat del M\u00e0ster en Sostenibilitat del CEI visita ApocaPoc BCN\"}]},{\"@type\":\"WebSite\",\"@id\":\"https:\/\/www.ceibcn.com\/ca\/#website\",\"url\":\"https:\/\/www.ceibcn.com\/ca\/\",\"name\":\"CEI International Affairs\",\"description\":\"CEI International Affairs\",\"publisher\":{\"@id\":\"https:\/\/www.ceibcn.com\/ca\/#organization\"},\"alternateName\":\"CEI International Affairs\",\"potentialAction\":[{\"@type\":\"SearchAction\",\"target\":{\"@type\":\"EntryPoint\",\"urlTemplate\":\"https:\/\/www.ceibcn.com\/ca\/?s={search_term_string}\"},\"query-input\":{\"@type\":\"PropertyValueSpecification\",\"valueRequired\":true,\"valueName\":\"search_term_string\"}}],\"inLanguage\":\"ca\"},{\"@type\":\"Organization\",\"@id\":\"https:\/\/www.ceibcn.com\/ca\/#organization\",\"name\":\"CEI International Affairs\",\"url\":\"https:\/\/www.ceibcn.com\/ca\/\",\"logo\":{\"@type\":\"ImageObject\",\"inLanguage\":\"ca\",\"@id\":\"https:\/\/www.ceibcn.com\/ca\/#\/schema\/logo\/image\/\",\"url\":\"https:\/\/www.ceibcn.com\/wp-content\/uploads\/2021\/09\/CeiLogo_EscuelaDiploVectorized_vectorizedSIN_FONDO.png\",\"contentUrl\":\"https:\/\/www.ceibcn.com\/wp-content\/uploads\/2021\/09\/CeiLogo_EscuelaDiploVectorized_vectorizedSIN_FONDO.png\",\"width\":1591,\"height\":629,\"caption\":\"CEI International Affairs\"},\"image\":{\"@id\":\"https:\/\/www.ceibcn.com\/ca\/#\/schema\/logo\/image\/\"},\"sameAs\":[\"https:\/\/www.facebook.com\/CEI.CentroDeEstudiosInternacionales\/\",\"https:\/\/x.com\/CEIbcn\",\"https:\/\/www.instagram.com\/cei_international\/\"]},{\"@type\":\"Person\",\"@id\":\"https:\/\/www.ceibcn.com\/ca\/#\/schema\/person\/ade8c52628f010f149da9031432f538d\",\"name\":\"Carla V\u00e1zquez Moreno\",\"image\":{\"@type\":\"ImageObject\",\"inLanguage\":\"ca\",\"@id\":\"https:\/\/www.ceibcn.com\/ca\/#\/schema\/person\/image\/\",\"url\":\"https:\/\/secure.gravatar.com\/avatar\/07396995718186c2b1a2f071ca87cd80143e420274dfd37126595cdd5bbc2e0c?s=96&d=mm&r=g\",\"contentUrl\":\"https:\/\/secure.gravatar.com\/avatar\/07396995718186c2b1a2f071ca87cd80143e420274dfd37126595cdd5bbc2e0c?s=96&d=mm&r=g\",\"caption\":\"Carla V\u00e1zquez Moreno\"},\"url\":\"https:\/\/www.ceibcn.com\/ca\/author\/carla\/\"}]}<\/script>\n<!-- \/ Yoast SEO plugin. -->","yoast_head_json":{"title":"L\u2019alumnat del M\u00e0ster en Sostenibilitat del CEI visita ApocaPoc BCN - CEI International Affairs","robots":{"index":"index","follow":"follow","max-snippet":"max-snippet:-1","max-image-preview":"max-image-preview:large","max-video-preview":"max-video-preview:-1"},"canonical":"https:\/\/www.ceibcn.com\/ca\/2025\/12\/el-alumnado-del-master-en-sostenibilidad-del-cei-visita-apocapoc-bcn\/","og_locale":"ca_ES","og_type":"article","og_title":"L\u2019alumnat del M\u00e0ster en Sostenibilitat del CEI visita ApocaPoc BCN - CEI International Affairs","og_description":"Visita a les instal\u00b7lacions d'ApocaPoc per a con\u00e8ixer dues iniciatives relacionades amb la sostenibilitat: \"Ostras\" y \"WindPath\".","og_url":"https:\/\/www.ceibcn.com\/ca\/2025\/12\/el-alumnado-del-master-en-sostenibilidad-del-cei-visita-apocapoc-bcn\/","og_site_name":"CEI International Affairs","article_publisher":"https:\/\/www.facebook.com\/CEI.CentroDeEstudiosInternacionales\/","article_published_time":"2025-12-05T15:52:54+00:00","article_modified_time":"2026-04-21T11:30:07+00:00","og_image":[{"width":1600,"height":1200,"url":"https:\/\/www.ceibcn.com\/wp-content\/uploads\/2025\/12\/Foto-grupo-APOCAPOC.jpg","type":"image\/jpeg"}],"author":"Carla V\u00e1zquez Moreno","twitter_card":"summary_large_image","twitter_creator":"@CEIbcn","twitter_site":"@CEIbcn","twitter_misc":{"Escrit per":"Carla V\u00e1zquez Moreno","Temps estimat de lectura":"2 minuts"},"schema":{"@context":"https:\/\/schema.org","@graph":[{"@type":"Article","@id":"https:\/\/www.ceibcn.com\/ca\/2025\/12\/el-alumnado-del-master-en-sostenibilidad-del-cei-visita-apocapoc-bcn\/#article","isPartOf":{"@id":"https:\/\/www.ceibcn.com\/ca\/2025\/12\/el-alumnado-del-master-en-sostenibilidad-del-cei-visita-apocapoc-bcn\/"},"author":{"name":"Carla V\u00e1zquez Moreno","@id":"https:\/\/www.ceibcn.com\/ca\/#\/schema\/person\/ade8c52628f010f149da9031432f538d"},"headline":"L\u2019alumnat del M\u00e0ster en Sostenibilitat del CEI visita ApocaPoc BCN","datePublished":"2025-12-05T15:52:54+00:00","dateModified":"2026-04-21T11:30:07+00:00","mainEntityOfPage":{"@id":"https:\/\/www.ceibcn.com\/ca\/2025\/12\/el-alumnado-del-master-en-sostenibilidad-del-cei-visita-apocapoc-bcn\/"},"wordCount":302,"commentCount":0,"publisher":{"@id":"https:\/\/www.ceibcn.com\/ca\/#organization"},"image":{"@id":"https:\/\/www.ceibcn.com\/ca\/2025\/12\/el-alumnado-del-master-en-sostenibilidad-del-cei-visita-apocapoc-bcn\/#primaryimage"},"thumbnailUrl":"https:\/\/www.ceibcn.com\/wp-content\/uploads\/2025\/12\/Foto-durante-sesion-en-APOCAPOC-1600x828.jpg","articleSection":["Not\u00edcies"],"inLanguage":"ca","potentialAction":[{"@type":"CommentAction","name":"Comment","target":["https:\/\/www.ceibcn.com\/ca\/2025\/12\/el-alumnado-del-master-en-sostenibilidad-del-cei-visita-apocapoc-bcn\/#respond"]}]},{"@type":"WebPage","@id":"https:\/\/www.ceibcn.com\/ca\/2025\/12\/el-alumnado-del-master-en-sostenibilidad-del-cei-visita-apocapoc-bcn\/","url":"https:\/\/www.ceibcn.com\/ca\/2025\/12\/el-alumnado-del-master-en-sostenibilidad-del-cei-visita-apocapoc-bcn\/","name":"L\u2019alumnat del M\u00e0ster en Sostenibilitat del CEI visita ApocaPoc BCN - CEI International Affairs","isPartOf":{"@id":"https:\/\/www.ceibcn.com\/ca\/#website"},"primaryImageOfPage":{"@id":"https:\/\/www.ceibcn.com\/ca\/2025\/12\/el-alumnado-del-master-en-sostenibilidad-del-cei-visita-apocapoc-bcn\/#primaryimage"},"image":{"@id":"https:\/\/www.ceibcn.com\/ca\/2025\/12\/el-alumnado-del-master-en-sostenibilidad-del-cei-visita-apocapoc-bcn\/#primaryimage"},"thumbnailUrl":"https:\/\/www.ceibcn.com\/wp-content\/uploads\/2025\/12\/Foto-durante-sesion-en-APOCAPOC-1600x828.jpg","datePublished":"2025-12-05T15:52:54+00:00","dateModified":"2026-04-21T11:30:07+00:00","breadcrumb":{"@id":"https:\/\/www.ceibcn.com\/ca\/2025\/12\/el-alumnado-del-master-en-sostenibilidad-del-cei-visita-apocapoc-bcn\/#breadcrumb"},"inLanguage":"ca","potentialAction":[{"@type":"ReadAction","target":["https:\/\/www.ceibcn.com\/ca\/2025\/12\/el-alumnado-del-master-en-sostenibilidad-del-cei-visita-apocapoc-bcn\/"]}]},{"@type":"ImageObject","inLanguage":"ca","@id":"https:\/\/www.ceibcn.com\/ca\/2025\/12\/el-alumnado-del-master-en-sostenibilidad-del-cei-visita-apocapoc-bcn\/#primaryimage","url":"https:\/\/www.ceibcn.com\/wp-content\/uploads\/2025\/12\/Foto-durante-sesion-en-APOCAPOC-1600x828.jpg","contentUrl":"https:\/\/www.ceibcn.com\/wp-content\/uploads\/2025\/12\/Foto-durante-sesion-en-APOCAPOC-1600x828.jpg"},{"@type":"BreadcrumbList","@id":"https:\/\/www.ceibcn.com\/ca\/2025\/12\/el-alumnado-del-master-en-sostenibilidad-del-cei-visita-apocapoc-bcn\/#breadcrumb","itemListElement":[{"@type":"ListItem","position":1,"name":"Portada","item":"https:\/\/www.ceibcn.com\/ca\/"},{"@type":"ListItem","position":2,"name":"L\u2019alumnat del M\u00e0ster en Sostenibilitat del CEI visita ApocaPoc BCN"}]},{"@type":"WebSite","@id":"https:\/\/www.ceibcn.com\/ca\/#website","url":"https:\/\/www.ceibcn.com\/ca\/","name":"CEI International Affairs","description":"CEI International Affairs","publisher":{"@id":"https:\/\/www.ceibcn.com\/ca\/#organization"},"alternateName":"CEI International Affairs","potentialAction":[{"@type":"SearchAction","target":{"@type":"EntryPoint","urlTemplate":"https:\/\/www.ceibcn.com\/ca\/?s={search_term_string}"},"query-input":{"@type":"PropertyValueSpecification","valueRequired":true,"valueName":"search_term_string"}}],"inLanguage":"ca"},{"@type":"Organization","@id":"https:\/\/www.ceibcn.com\/ca\/#organization","name":"CEI International Affairs","url":"https:\/\/www.ceibcn.com\/ca\/","logo":{"@type":"ImageObject","inLanguage":"ca","@id":"https:\/\/www.ceibcn.com\/ca\/#\/schema\/logo\/image\/","url":"https:\/\/www.ceibcn.com\/wp-content\/uploads\/2021\/09\/CeiLogo_EscuelaDiploVectorized_vectorizedSIN_FONDO.png","contentUrl":"https:\/\/www.ceibcn.com\/wp-content\/uploads\/2021\/09\/CeiLogo_EscuelaDiploVectorized_vectorizedSIN_FONDO.png","width":1591,"height":629,"caption":"CEI International Affairs"},"image":{"@id":"https:\/\/www.ceibcn.com\/ca\/#\/schema\/logo\/image\/"},"sameAs":["https:\/\/www.facebook.com\/CEI.CentroDeEstudiosInternacionales\/","https:\/\/x.com\/CEIbcn","https:\/\/www.instagram.com\/cei_international\/"]},{"@type":"Person","@id":"https:\/\/www.ceibcn.com\/ca\/#\/schema\/person\/ade8c52628f010f149da9031432f538d","name":"Carla V\u00e1zquez Moreno","image":{"@type":"ImageObject","inLanguage":"ca","@id":"https:\/\/www.ceibcn.com\/ca\/#\/schema\/person\/image\/","url":"https:\/\/secure.gravatar.com\/avatar\/07396995718186c2b1a2f071ca87cd80143e420274dfd37126595cdd5bbc2e0c?s=96&d=mm&r=g","contentUrl":"https:\/\/secure.gravatar.com\/avatar\/07396995718186c2b1a2f071ca87cd80143e420274dfd37126595cdd5bbc2e0c?s=96&d=mm&r=g","caption":"Carla V\u00e1zquez Moreno"},"url":"https:\/\/www.ceibcn.com\/ca\/author\/carla\/"}]}},"_links":{"self":[{"href":"https:\/\/www.ceibcn.com\/ca\/wp-json\/wp\/v2\/posts\/32388","targetHints":{"allow":["GET"]}}],"collection":[{"href":"https:\/\/www.ceibcn.com\/ca\/wp-json\/wp\/v2\/posts"}],"about":[{"href":"https:\/\/www.ceibcn.com\/ca\/wp-json\/wp\/v2\/types\/post"}],"author":[{"embeddable":true,"href":"https:\/\/www.ceibcn.com\/ca\/wp-json\/wp\/v2\/users\/11"}],"replies":[{"embeddable":true,"href":"https:\/\/www.ceibcn.com\/ca\/wp-json\/wp\/v2\/comments?post=32388"}],"version-history":[{"count":2,"href":"https:\/\/www.ceibcn.com\/ca\/wp-json\/wp\/v2\/posts\/32388\/revisions"}],"predecessor-version":[{"id":32395,"href":"https:\/\/www.ceibcn.com\/ca\/wp-json\/wp\/v2\/posts\/32388\/revisions\/32395"}],"wp:attachment":[{"href":"https:\/\/www.ceibcn.com\/ca\/wp-json\/wp\/v2\/media?parent=32388"}],"wp:term":[{"taxonomy":"category","embeddable":true,"href":"https:\/\/www.ceibcn.com\/ca\/wp-json\/wp\/v2\/categories?post=32388"},{"taxonomy":"post_tag","embeddable":true,"href":"https:\/\/www.ceibcn.com\/ca\/wp-json\/wp\/v2\/tags?post=32388"}],"curies":[{"name":"wp","href":"https:\/\/api.w.org\/{rel}","templated":true}]}}