{"id":33812,"date":"2026-01-12T16:00:27","date_gmt":"2026-01-12T15:00:27","guid":{"rendered":"https:\/\/www.ceibcn.com\/2026\/01\/aula-internacional-con-el-embajador-de-espana-en-mexico\/"},"modified":"2026-01-13T15:56:26","modified_gmt":"2026-01-13T14:56:26","slug":"aula-internacional-con-el-embajador-de-espana-en-mexico","status":"publish","type":"post","link":"https:\/\/www.ceibcn.com\/ca\/2026\/01\/aula-internacional-con-el-embajador-de-espana-en-mexico\/","title":{"rendered":"Aula Internacional amb l&#8217;Ambaixador d&#8217;Espanya a M\u00e8xic"},"content":{"rendered":"\n<p class=\"wp-block-paragraph\">Aquest mat\u00ed s\u2019ha inaugurat el 2026 al CEI amb una nova sessi\u00f3 de l\u2019Aula Internacional, el programa adre\u00e7at als\/les socis\/es de l\u2019<a href=\"https:\/\/www.ceibcn.com\/ca\/executive-club\/\">Executive Club<\/a> del CEI, que ha comptat amb la pres\u00e8ncia de l\u2019Ambaixador Extraordinari i Plenipotenciari d\u2019Espanya a M\u00e8xic, l\u2019Excm. Sr. Juan Duarte Cuadrado. La sessi\u00f3, presentada i moderada pel director del CEI, el Sr. Joaquim Llimona, ha perm\u00e8s analitzar les oportunitats emergents a M\u00e8xic, aix\u00ed com els vincles hist\u00f2rics, culturals i estrat\u00e8gics que uneixen ambd\u00f3s pa\u00efsos.<\/p>\n\n\n\n<p class=\"wp-block-paragraph\"><\/p>\n\n\n\n<p class=\"wp-block-paragraph\"><\/p>\n\n\n\n<figure class=\"wp-block-gallery has-nested-images columns-default is-cropped wp-block-gallery-1 is-layout-flex wp-block-gallery-is-layout-flex\">\n<figure class=\"wp-block-image size-large\"><img fetchpriority=\"high\" decoding=\"async\" width=\"1800\" height=\"828\" data-id=\"33727\" src=\"https:\/\/www.ceibcn.com\/wp-content\/uploads\/2026\/01\/IMG_9328-1800x828.jpg\" alt=\"\" class=\"wp-image-33727\"\/><\/figure>\n\n\n\n<figure class=\"wp-block-image size-large\"><img decoding=\"async\" width=\"1800\" height=\"828\" data-id=\"33728\" src=\"https:\/\/www.ceibcn.com\/wp-content\/uploads\/2026\/01\/IMG_9336-1800x828.jpg\" alt=\"\" class=\"wp-image-33728\"\/><\/figure>\n\n\n\n<figure class=\"wp-block-image size-large\"><img decoding=\"async\" width=\"1800\" height=\"828\" data-id=\"33730\" src=\"https:\/\/www.ceibcn.com\/wp-content\/uploads\/2026\/01\/IMG_9357-1800x828.jpg\" alt=\"\" class=\"wp-image-33730\"\/><\/figure>\n\n\n\n<figure class=\"wp-block-image size-large\"><img loading=\"lazy\" decoding=\"async\" width=\"1800\" height=\"828\" data-id=\"33731\" src=\"https:\/\/www.ceibcn.com\/wp-content\/uploads\/2026\/01\/IMG_9352-1800x828.jpg\" alt=\"\" class=\"wp-image-33731\"\/><\/figure>\n\n\n\n<figure class=\"wp-block-image size-large\"><img loading=\"lazy\" decoding=\"async\" width=\"1600\" height=\"828\" data-id=\"33732\" src=\"https:\/\/www.ceibcn.com\/wp-content\/uploads\/2026\/01\/Plano-grande-1600x828.jpeg\" alt=\"\" class=\"wp-image-33732\"\/><\/figure>\n<\/figure>\n\n\n\n<p class=\"wp-block-paragraph\"><\/p>\n\n\n\n<p class=\"wp-block-paragraph\">Durant la trobada, l\u2019Ambaixador ha destacat la profunda relaci\u00f3 hist\u00f2rica i cultural entre Espanya i M\u00e8xic. Aix\u00ed mateix, ha subratllat el potencial econ\u00f2mic de l\u2019Estat mexic\u00e0, que es posiciona com la segona economia d\u2019Am\u00e8rica Llatina, i ha posat \u00e8mfasi en la import\u00e0ncia d\u2019invertir al pa\u00eds, tenint en compte el seu ampli i diversificat mercat intern i la seva funci\u00f3 com a plataforma d\u2019expansi\u00f3 a Iberoam\u00e8rica.<\/p>\n\n\n\n<p class=\"wp-block-paragraph\">La sessi\u00f3 d\u2019avui reafirma el comprom\u00eds del CEI de fomentar la col\u00b7laboraci\u00f3 i el di\u00e0leg entre empreses, institucions i representants diplom\u00e0tics, tot enfortint aix\u00ed els vincles bilaterals i les oportunitats de cooperaci\u00f3 en sectors estrat\u00e8gics.<\/p>\n","protected":false},"excerpt":{"rendered":"<p>Nova sessi\u00f3 d&#8217;Aula Internacional amb l&#8217;Ambaixador d&#8217;Espanya a M\u00e8xic, Excmo. Sr. Juan Duarte Cuadrado, amb l&#8217;objectiu d&#8217;analitzar les oportunitats espanyoles emergents a M\u00e8xic.<\/p>\n","protected":false},"author":11,"featured_media":33813,"comment_status":"open","ping_status":"closed","sticky":false,"template":"","format":"standard","meta":{"_acf_changed":false,"_crdt_document":"","inline_featured_image":false,"footnotes":""},"categories":[121],"tags":[],"class_list":["post-33812","post","type-post","status-publish","format-standard","has-post-thumbnail","hentry","category-noticies"],"acf":[],"yoast_head":"<!-- This site is optimized with the Yoast SEO plugin v27.0 - https:\/\/yoast.com\/product\/yoast-seo-wordpress\/ -->\n<title>Aula Internacional amb l&#039;Ambaixador d&#039;Espanya a M\u00e8xic - CEI International Affairs<\/title>\n<meta name=\"robots\" content=\"index, follow, max-snippet:-1, max-image-preview:large, max-video-preview:-1\" \/>\n<link rel=\"canonical\" href=\"https:\/\/www.ceibcn.com\/ca\/2026\/01\/aula-internacional-con-el-embajador-de-espana-en-mexico\/\" \/>\n<meta property=\"og:locale\" content=\"ca_ES\" \/>\n<meta property=\"og:type\" content=\"article\" \/>\n<meta property=\"og:title\" content=\"Aula Internacional amb l&#039;Ambaixador d&#039;Espanya a M\u00e8xic - CEI International Affairs\" \/>\n<meta property=\"og:description\" content=\"Nova sessi\u00f3 d&#039;Aula Internacional amb l&#039;Ambaixador d&#039;Espanya a M\u00e8xic, Excmo. Sr. Juan Duarte Cuadrado, amb l&#039;objectiu d&#039;analitzar les oportunitats espanyoles emergents a M\u00e8xic.\" \/>\n<meta property=\"og:url\" content=\"https:\/\/www.ceibcn.com\/ca\/2026\/01\/aula-internacional-con-el-embajador-de-espana-en-mexico\/\" \/>\n<meta property=\"og:site_name\" content=\"CEI International Affairs\" \/>\n<meta property=\"article:publisher\" content=\"https:\/\/www.facebook.com\/CEI.CentroDeEstudiosInternacionales\/\" \/>\n<meta property=\"article:published_time\" content=\"2026-01-12T15:00:27+00:00\" \/>\n<meta property=\"article:modified_time\" content=\"2026-01-13T14:56:26+00:00\" \/>\n<meta property=\"og:image\" content=\"https:\/\/www.ceibcn.com\/wp-content\/uploads\/2026\/01\/IMG_9328-scaled.jpg\" \/>\n\t<meta property=\"og:image:width\" content=\"2560\" \/>\n\t<meta property=\"og:image:height\" content=\"1707\" \/>\n\t<meta property=\"og:image:type\" content=\"image\/jpeg\" \/>\n<meta name=\"author\" content=\"Carla V\u00e1zquez Moreno\" \/>\n<meta name=\"twitter:card\" content=\"summary_large_image\" \/>\n<meta name=\"twitter:creator\" content=\"@CEIbcn\" \/>\n<meta name=\"twitter:site\" content=\"@CEIbcn\" \/>\n<meta name=\"twitter:label1\" content=\"Escrit per\" \/>\n\t<meta name=\"twitter:data1\" content=\"Carla V\u00e1zquez Moreno\" \/>\n\t<meta name=\"twitter:label2\" content=\"Temps estimat de lectura\" \/>\n\t<meta name=\"twitter:data2\" content=\"3 minuts\" \/>\n<script type=\"application\/ld+json\" class=\"yoast-schema-graph\">{\"@context\":\"https:\/\/schema.org\",\"@graph\":[{\"@type\":\"Article\",\"@id\":\"https:\/\/www.ceibcn.com\/ca\/2026\/01\/aula-internacional-con-el-embajador-de-espana-en-mexico\/#article\",\"isPartOf\":{\"@id\":\"https:\/\/www.ceibcn.com\/ca\/2026\/01\/aula-internacional-con-el-embajador-de-espana-en-mexico\/\"},\"author\":{\"name\":\"Carla V\u00e1zquez Moreno\",\"@id\":\"https:\/\/www.ceibcn.com\/ca\/#\/schema\/person\/ade8c52628f010f149da9031432f538d\"},\"headline\":\"Aula Internacional amb l&#8217;Ambaixador d&#8217;Espanya a M\u00e8xic\",\"datePublished\":\"2026-01-12T15:00:27+00:00\",\"dateModified\":\"2026-01-13T14:56:26+00:00\",\"mainEntityOfPage\":{\"@id\":\"https:\/\/www.ceibcn.com\/ca\/2026\/01\/aula-internacional-con-el-embajador-de-espana-en-mexico\/\"},\"wordCount\":221,\"commentCount\":0,\"publisher\":{\"@id\":\"https:\/\/www.ceibcn.com\/ca\/#organization\"},\"image\":{\"@id\":\"https:\/\/www.ceibcn.com\/ca\/2026\/01\/aula-internacional-con-el-embajador-de-espana-en-mexico\/#primaryimage\"},\"thumbnailUrl\":\"https:\/\/www.ceibcn.com\/wp-content\/uploads\/2026\/01\/IMG_9328-scaled.jpg\",\"articleSection\":[\"Not\u00edcies\"],\"inLanguage\":\"ca\",\"potentialAction\":[{\"@type\":\"CommentAction\",\"name\":\"Comment\",\"target\":[\"https:\/\/www.ceibcn.com\/ca\/2026\/01\/aula-internacional-con-el-embajador-de-espana-en-mexico\/#respond\"]}]},{\"@type\":\"WebPage\",\"@id\":\"https:\/\/www.ceibcn.com\/ca\/2026\/01\/aula-internacional-con-el-embajador-de-espana-en-mexico\/\",\"url\":\"https:\/\/www.ceibcn.com\/ca\/2026\/01\/aula-internacional-con-el-embajador-de-espana-en-mexico\/\",\"name\":\"Aula Internacional amb l'Ambaixador d'Espanya a M\u00e8xic - CEI International Affairs\",\"isPartOf\":{\"@id\":\"https:\/\/www.ceibcn.com\/ca\/#website\"},\"primaryImageOfPage\":{\"@id\":\"https:\/\/www.ceibcn.com\/ca\/2026\/01\/aula-internacional-con-el-embajador-de-espana-en-mexico\/#primaryimage\"},\"image\":{\"@id\":\"https:\/\/www.ceibcn.com\/ca\/2026\/01\/aula-internacional-con-el-embajador-de-espana-en-mexico\/#primaryimage\"},\"thumbnailUrl\":\"https:\/\/www.ceibcn.com\/wp-content\/uploads\/2026\/01\/IMG_9328-scaled.jpg\",\"datePublished\":\"2026-01-12T15:00:27+00:00\",\"dateModified\":\"2026-01-13T14:56:26+00:00\",\"breadcrumb\":{\"@id\":\"https:\/\/www.ceibcn.com\/ca\/2026\/01\/aula-internacional-con-el-embajador-de-espana-en-mexico\/#breadcrumb\"},\"inLanguage\":\"ca\",\"potentialAction\":[{\"@type\":\"ReadAction\",\"target\":[\"https:\/\/www.ceibcn.com\/ca\/2026\/01\/aula-internacional-con-el-embajador-de-espana-en-mexico\/\"]}]},{\"@type\":\"ImageObject\",\"inLanguage\":\"ca\",\"@id\":\"https:\/\/www.ceibcn.com\/ca\/2026\/01\/aula-internacional-con-el-embajador-de-espana-en-mexico\/#primaryimage\",\"url\":\"https:\/\/www.ceibcn.com\/wp-content\/uploads\/2026\/01\/IMG_9328-scaled.jpg\",\"contentUrl\":\"https:\/\/www.ceibcn.com\/wp-content\/uploads\/2026\/01\/IMG_9328-scaled.jpg\",\"width\":2560,\"height\":1707},{\"@type\":\"BreadcrumbList\",\"@id\":\"https:\/\/www.ceibcn.com\/ca\/2026\/01\/aula-internacional-con-el-embajador-de-espana-en-mexico\/#breadcrumb\",\"itemListElement\":[{\"@type\":\"ListItem\",\"position\":1,\"name\":\"Portada\",\"item\":\"https:\/\/www.ceibcn.com\/ca\/\"},{\"@type\":\"ListItem\",\"position\":2,\"name\":\"Aula Internacional amb l&#8217;Ambaixador d&#8217;Espanya a M\u00e8xic\"}]},{\"@type\":\"WebSite\",\"@id\":\"https:\/\/www.ceibcn.com\/ca\/#website\",\"url\":\"https:\/\/www.ceibcn.com\/ca\/\",\"name\":\"CEI International Affairs\",\"description\":\"CEI International Affairs\",\"publisher\":{\"@id\":\"https:\/\/www.ceibcn.com\/ca\/#organization\"},\"alternateName\":\"CEI International Affairs\",\"potentialAction\":[{\"@type\":\"SearchAction\",\"target\":{\"@type\":\"EntryPoint\",\"urlTemplate\":\"https:\/\/www.ceibcn.com\/ca\/?s={search_term_string}\"},\"query-input\":{\"@type\":\"PropertyValueSpecification\",\"valueRequired\":true,\"valueName\":\"search_term_string\"}}],\"inLanguage\":\"ca\"},{\"@type\":\"Organization\",\"@id\":\"https:\/\/www.ceibcn.com\/ca\/#organization\",\"name\":\"CEI International Affairs\",\"url\":\"https:\/\/www.ceibcn.com\/ca\/\",\"logo\":{\"@type\":\"ImageObject\",\"inLanguage\":\"ca\",\"@id\":\"https:\/\/www.ceibcn.com\/ca\/#\/schema\/logo\/image\/\",\"url\":\"https:\/\/www.ceibcn.com\/wp-content\/uploads\/2021\/09\/CeiLogo_EscuelaDiploVectorized_vectorizedSIN_FONDO.png\",\"contentUrl\":\"https:\/\/www.ceibcn.com\/wp-content\/uploads\/2021\/09\/CeiLogo_EscuelaDiploVectorized_vectorizedSIN_FONDO.png\",\"width\":1591,\"height\":629,\"caption\":\"CEI International Affairs\"},\"image\":{\"@id\":\"https:\/\/www.ceibcn.com\/ca\/#\/schema\/logo\/image\/\"},\"sameAs\":[\"https:\/\/www.facebook.com\/CEI.CentroDeEstudiosInternacionales\/\",\"https:\/\/x.com\/CEIbcn\",\"https:\/\/www.instagram.com\/cei_international\/\"]},{\"@type\":\"Person\",\"@id\":\"https:\/\/www.ceibcn.com\/ca\/#\/schema\/person\/ade8c52628f010f149da9031432f538d\",\"name\":\"Carla V\u00e1zquez Moreno\",\"image\":{\"@type\":\"ImageObject\",\"inLanguage\":\"ca\",\"@id\":\"https:\/\/www.ceibcn.com\/ca\/#\/schema\/person\/image\/\",\"url\":\"https:\/\/secure.gravatar.com\/avatar\/07396995718186c2b1a2f071ca87cd80143e420274dfd37126595cdd5bbc2e0c?s=96&d=mm&r=g\",\"contentUrl\":\"https:\/\/secure.gravatar.com\/avatar\/07396995718186c2b1a2f071ca87cd80143e420274dfd37126595cdd5bbc2e0c?s=96&d=mm&r=g\",\"caption\":\"Carla V\u00e1zquez Moreno\"},\"url\":\"https:\/\/www.ceibcn.com\/ca\/author\/carla\/\"}]}<\/script>\n<!-- \/ Yoast SEO plugin. -->","yoast_head_json":{"title":"Aula Internacional amb l'Ambaixador d'Espanya a M\u00e8xic - CEI International Affairs","robots":{"index":"index","follow":"follow","max-snippet":"max-snippet:-1","max-image-preview":"max-image-preview:large","max-video-preview":"max-video-preview:-1"},"canonical":"https:\/\/www.ceibcn.com\/ca\/2026\/01\/aula-internacional-con-el-embajador-de-espana-en-mexico\/","og_locale":"ca_ES","og_type":"article","og_title":"Aula Internacional amb l'Ambaixador d'Espanya a M\u00e8xic - CEI International Affairs","og_description":"Nova sessi\u00f3 d'Aula Internacional amb l'Ambaixador d'Espanya a M\u00e8xic, Excmo. Sr. Juan Duarte Cuadrado, amb l'objectiu d'analitzar les oportunitats espanyoles emergents a M\u00e8xic.","og_url":"https:\/\/www.ceibcn.com\/ca\/2026\/01\/aula-internacional-con-el-embajador-de-espana-en-mexico\/","og_site_name":"CEI International Affairs","article_publisher":"https:\/\/www.facebook.com\/CEI.CentroDeEstudiosInternacionales\/","article_published_time":"2026-01-12T15:00:27+00:00","article_modified_time":"2026-01-13T14:56:26+00:00","og_image":[{"width":2560,"height":1707,"url":"https:\/\/www.ceibcn.com\/wp-content\/uploads\/2026\/01\/IMG_9328-scaled.jpg","type":"image\/jpeg"}],"author":"Carla V\u00e1zquez Moreno","twitter_card":"summary_large_image","twitter_creator":"@CEIbcn","twitter_site":"@CEIbcn","twitter_misc":{"Escrit per":"Carla V\u00e1zquez Moreno","Temps estimat de lectura":"3 minuts"},"schema":{"@context":"https:\/\/schema.org","@graph":[{"@type":"Article","@id":"https:\/\/www.ceibcn.com\/ca\/2026\/01\/aula-internacional-con-el-embajador-de-espana-en-mexico\/#article","isPartOf":{"@id":"https:\/\/www.ceibcn.com\/ca\/2026\/01\/aula-internacional-con-el-embajador-de-espana-en-mexico\/"},"author":{"name":"Carla V\u00e1zquez Moreno","@id":"https:\/\/www.ceibcn.com\/ca\/#\/schema\/person\/ade8c52628f010f149da9031432f538d"},"headline":"Aula Internacional amb l&#8217;Ambaixador d&#8217;Espanya a M\u00e8xic","datePublished":"2026-01-12T15:00:27+00:00","dateModified":"2026-01-13T14:56:26+00:00","mainEntityOfPage":{"@id":"https:\/\/www.ceibcn.com\/ca\/2026\/01\/aula-internacional-con-el-embajador-de-espana-en-mexico\/"},"wordCount":221,"commentCount":0,"publisher":{"@id":"https:\/\/www.ceibcn.com\/ca\/#organization"},"image":{"@id":"https:\/\/www.ceibcn.com\/ca\/2026\/01\/aula-internacional-con-el-embajador-de-espana-en-mexico\/#primaryimage"},"thumbnailUrl":"https:\/\/www.ceibcn.com\/wp-content\/uploads\/2026\/01\/IMG_9328-scaled.jpg","articleSection":["Not\u00edcies"],"inLanguage":"ca","potentialAction":[{"@type":"CommentAction","name":"Comment","target":["https:\/\/www.ceibcn.com\/ca\/2026\/01\/aula-internacional-con-el-embajador-de-espana-en-mexico\/#respond"]}]},{"@type":"WebPage","@id":"https:\/\/www.ceibcn.com\/ca\/2026\/01\/aula-internacional-con-el-embajador-de-espana-en-mexico\/","url":"https:\/\/www.ceibcn.com\/ca\/2026\/01\/aula-internacional-con-el-embajador-de-espana-en-mexico\/","name":"Aula Internacional amb l'Ambaixador d'Espanya a M\u00e8xic - CEI International Affairs","isPartOf":{"@id":"https:\/\/www.ceibcn.com\/ca\/#website"},"primaryImageOfPage":{"@id":"https:\/\/www.ceibcn.com\/ca\/2026\/01\/aula-internacional-con-el-embajador-de-espana-en-mexico\/#primaryimage"},"image":{"@id":"https:\/\/www.ceibcn.com\/ca\/2026\/01\/aula-internacional-con-el-embajador-de-espana-en-mexico\/#primaryimage"},"thumbnailUrl":"https:\/\/www.ceibcn.com\/wp-content\/uploads\/2026\/01\/IMG_9328-scaled.jpg","datePublished":"2026-01-12T15:00:27+00:00","dateModified":"2026-01-13T14:56:26+00:00","breadcrumb":{"@id":"https:\/\/www.ceibcn.com\/ca\/2026\/01\/aula-internacional-con-el-embajador-de-espana-en-mexico\/#breadcrumb"},"inLanguage":"ca","potentialAction":[{"@type":"ReadAction","target":["https:\/\/www.ceibcn.com\/ca\/2026\/01\/aula-internacional-con-el-embajador-de-espana-en-mexico\/"]}]},{"@type":"ImageObject","inLanguage":"ca","@id":"https:\/\/www.ceibcn.com\/ca\/2026\/01\/aula-internacional-con-el-embajador-de-espana-en-mexico\/#primaryimage","url":"https:\/\/www.ceibcn.com\/wp-content\/uploads\/2026\/01\/IMG_9328-scaled.jpg","contentUrl":"https:\/\/www.ceibcn.com\/wp-content\/uploads\/2026\/01\/IMG_9328-scaled.jpg","width":2560,"height":1707},{"@type":"BreadcrumbList","@id":"https:\/\/www.ceibcn.com\/ca\/2026\/01\/aula-internacional-con-el-embajador-de-espana-en-mexico\/#breadcrumb","itemListElement":[{"@type":"ListItem","position":1,"name":"Portada","item":"https:\/\/www.ceibcn.com\/ca\/"},{"@type":"ListItem","position":2,"name":"Aula Internacional amb l&#8217;Ambaixador d&#8217;Espanya a M\u00e8xic"}]},{"@type":"WebSite","@id":"https:\/\/www.ceibcn.com\/ca\/#website","url":"https:\/\/www.ceibcn.com\/ca\/","name":"CEI International Affairs","description":"CEI International Affairs","publisher":{"@id":"https:\/\/www.ceibcn.com\/ca\/#organization"},"alternateName":"CEI International Affairs","potentialAction":[{"@type":"SearchAction","target":{"@type":"EntryPoint","urlTemplate":"https:\/\/www.ceibcn.com\/ca\/?s={search_term_string}"},"query-input":{"@type":"PropertyValueSpecification","valueRequired":true,"valueName":"search_term_string"}}],"inLanguage":"ca"},{"@type":"Organization","@id":"https:\/\/www.ceibcn.com\/ca\/#organization","name":"CEI International Affairs","url":"https:\/\/www.ceibcn.com\/ca\/","logo":{"@type":"ImageObject","inLanguage":"ca","@id":"https:\/\/www.ceibcn.com\/ca\/#\/schema\/logo\/image\/","url":"https:\/\/www.ceibcn.com\/wp-content\/uploads\/2021\/09\/CeiLogo_EscuelaDiploVectorized_vectorizedSIN_FONDO.png","contentUrl":"https:\/\/www.ceibcn.com\/wp-content\/uploads\/2021\/09\/CeiLogo_EscuelaDiploVectorized_vectorizedSIN_FONDO.png","width":1591,"height":629,"caption":"CEI International Affairs"},"image":{"@id":"https:\/\/www.ceibcn.com\/ca\/#\/schema\/logo\/image\/"},"sameAs":["https:\/\/www.facebook.com\/CEI.CentroDeEstudiosInternacionales\/","https:\/\/x.com\/CEIbcn","https:\/\/www.instagram.com\/cei_international\/"]},{"@type":"Person","@id":"https:\/\/www.ceibcn.com\/ca\/#\/schema\/person\/ade8c52628f010f149da9031432f538d","name":"Carla V\u00e1zquez Moreno","image":{"@type":"ImageObject","inLanguage":"ca","@id":"https:\/\/www.ceibcn.com\/ca\/#\/schema\/person\/image\/","url":"https:\/\/secure.gravatar.com\/avatar\/07396995718186c2b1a2f071ca87cd80143e420274dfd37126595cdd5bbc2e0c?s=96&d=mm&r=g","contentUrl":"https:\/\/secure.gravatar.com\/avatar\/07396995718186c2b1a2f071ca87cd80143e420274dfd37126595cdd5bbc2e0c?s=96&d=mm&r=g","caption":"Carla V\u00e1zquez Moreno"},"url":"https:\/\/www.ceibcn.com\/ca\/author\/carla\/"}]}},"_links":{"self":[{"href":"https:\/\/www.ceibcn.com\/ca\/wp-json\/wp\/v2\/posts\/33812","targetHints":{"allow":["GET"]}}],"collection":[{"href":"https:\/\/www.ceibcn.com\/ca\/wp-json\/wp\/v2\/posts"}],"about":[{"href":"https:\/\/www.ceibcn.com\/ca\/wp-json\/wp\/v2\/types\/post"}],"author":[{"embeddable":true,"href":"https:\/\/www.ceibcn.com\/ca\/wp-json\/wp\/v2\/users\/11"}],"replies":[{"embeddable":true,"href":"https:\/\/www.ceibcn.com\/ca\/wp-json\/wp\/v2\/comments?post=33812"}],"version-history":[{"count":3,"href":"https:\/\/www.ceibcn.com\/ca\/wp-json\/wp\/v2\/posts\/33812\/revisions"}],"predecessor-version":[{"id":33827,"href":"https:\/\/www.ceibcn.com\/ca\/wp-json\/wp\/v2\/posts\/33812\/revisions\/33827"}],"wp:featuredmedia":[{"embeddable":true,"href":"https:\/\/www.ceibcn.com\/ca\/wp-json\/wp\/v2\/media\/33813"}],"wp:attachment":[{"href":"https:\/\/www.ceibcn.com\/ca\/wp-json\/wp\/v2\/media?parent=33812"}],"wp:term":[{"taxonomy":"category","embeddable":true,"href":"https:\/\/www.ceibcn.com\/ca\/wp-json\/wp\/v2\/categories?post=33812"},{"taxonomy":"post_tag","embeddable":true,"href":"https:\/\/www.ceibcn.com\/ca\/wp-json\/wp\/v2\/tags?post=33812"}],"curies":[{"name":"wp","href":"https:\/\/api.w.org\/{rel}","templated":true}]}}