{"id":3455,"date":"2019-11-28T15:12:42","date_gmt":"2019-11-28T14:12:42","guid":{"rendered":"https:\/\/www.ceibcn.com\/2019\/11\/nou-curs-jornades-universitaries-de-borsa\/"},"modified":"2023-04-24T10:38:39","modified_gmt":"2023-04-24T08:38:39","slug":"nou-curs-jornades-universitaries-de-borsa","status":"publish","type":"post","link":"https:\/\/www.ceibcn.com\/ca\/2019\/11\/nou-curs-jornades-universitaries-de-borsa\/","title":{"rendered":"Jornades Universit\u00e0ries de Borsa"},"content":{"rendered":"<p>La segona edici\u00f3 de les Jornades de Borsa pret\u00e9n donar resposta a la seg\u00fcent pregunta:&nbsp;<\/p>\n<p>&nbsp;<\/p>\n<p><strong>Qu\u00e8 haur\u00edem de saber per gestionar el nostre patrimoni personal?<\/strong><\/p>\n<p>&nbsp;<\/p>\n<p>L&#8217;objectiu de les&nbsp;<strong>Jornades de Borsa<\/strong> \u00e9s respondre \u00e0mpliament l\u2019esmentada pregunta i oferir les eines necess\u00e0ries d\u2019an\u00e0lisi per comprendre el funcionament dels mercats financers.<\/p>\n<p>&nbsp;<\/p>\n<p>Les Jornades de Borsa&nbsp;s&#8217;enfoquen a<strong> reflexionar i donar una perspectiva eminentment pr\u00e0ctica de la borsa<\/strong>, aix\u00ed com una visi\u00f3 entenedora dels diferents productes financers i els seus riscos.<\/p>\n<p>&nbsp;<\/p>\n<p>La finalitat de <strong>les Jornades de Borsa<\/strong> \u00e9s aproximar els mercats financers als universitaris. Tanmateix, les jornades pretenen dotar a l\u2019alumne d\u2019eines que ajudin a tenir una capacitat cr\u00edtica en analitzar un entorn canviant. <em>&nbsp;<\/em><\/p>\n<p>&nbsp;<\/p>\n<p>&nbsp;<\/p>\n<h2>DURACI\u00d3 I DESENVOLUPAMENT:<\/h2>\n<p>&nbsp;<\/p>\n<p>El programa t\u00e9 una duraci\u00f3 de <strong>85 hores<\/strong>, distribu\u00efdes en set confer\u00e8ncies presencials, un <em>Trading Competition virtual <\/em>online i un <em>Practicum. <\/em>Consulta el&nbsp;<span style=\"background-color: inherit; color: inherit; font-family: inherit; font-size: 1rem;\"><a href=\"https:\/\/www.ceibcn.com\/wp-content\/uploads\/2019\/11\/Pla_docent_Jornades_II_ub.pdf\" target=\"_blank\" rel=\"noopener\">Pla Docent<\/a>&nbsp;complet.<\/span><\/p>\n<p><em>&nbsp;<\/em><\/p>\n<p>El <strong><em>Trading Competition<\/em><\/strong> virtual online vol apropar l\u2019operativa professional a l\u2019alumne, tenint en compte els coneixements adquirits en les Jornades Universit\u00e0ries, elaborant un diari d\u2019operacions que hauran d\u2019adjuntar amb una justificaci\u00f3 per a cada operaci\u00f3. L\u2019assistent haur\u00e0 de presentar un m\u00ednim de 5 operacions justificades.<\/p>\n<p>&nbsp;<\/p>\n<p>El <strong><em>Practicum<\/em> <\/strong>consistir\u00e0 en un an\u00e0lisi profund d\u2019una companyia espanyola del Mercat Continu espanyol. L\u2019activitat s\u2019entregar\u00e0 per parelles per tal de fomentar el treball en grup i la capacitat de discutir sobre diferents punts de vista en l\u2019an\u00e0lisi econ\u00f2mica i empresarial.&nbsp;&nbsp;cum busca posar en pr\u00e0ctica els conceptes d\u2019an\u00e0lisis apresos durant el curs. D\u2019aquesta manera, els assistents analitzaran profundament una companyia cotitzada.&nbsp;<\/p>\n<p>&nbsp;<\/p>\n<p>&nbsp;<\/p>\n<h2>PREU<\/h2>\n<p>&nbsp;<\/p>\n<p><strong>180 euros de inscripci\u00f3<\/strong>.&nbsp;<\/p>\n<p>&nbsp;<\/p>\n<ul>\n<li>Totes les persones que s\u2019inscriguin a les <strong>Jornades de Borsa<\/strong> tindran un descompte 160\u20ac de descompte per a la inscripci\u00f3 al&nbsp;<a href=\"ca\/presentaciocuro1-8\">Curs Pr\u00e0ctic de Borsa i An\u00e0lisi Econ\u00f2mic Internacional<\/a>, del CEI i de la Borsa de Barcelona.<\/li>\n<\/ul>\n<p>&nbsp;<\/p>\n<p>&nbsp;<\/p>\n<h2>DATES, DURADA I PROCEDIMENT D&#8217;ACC\u00c9S:&nbsp;<\/h2>\n<p>&nbsp;<\/p>\n<p><strong>Inscripci\u00f3 online:<\/strong> Del 1 d\u2019octubre de 2020 al 8 de mar\u00e7 de 2021<\/p>\n<p>&nbsp;<\/p>\n<p><strong>Duraci\u00f3 del curs:<\/strong> Del 9 de mar\u00e7 de 2020 al 23 d\u2019abril de 2021<\/p>\n<p>&nbsp;<\/p>\n<p>Poden formalitzar la inscripci\u00f3 enviant a <a href=\"mailto:drey@ceibcn.com\">drey@ceibcn.com<\/a>:&nbsp;<\/p>\n<p>&nbsp;<\/p>\n<ul>\n<li data-mce-word-list=\"1\"><a href=\"https:\/\/www.ceibcn.com\/wp-content\/uploads\/2019\/11\/Solicitud_Inscripcion_jornades_21.docx\">Formulari de inscripci\u00f3<\/a><\/li>\n<\/ul>\n<p>&nbsp;&nbsp;<\/p>\n<ul>\n<li>Comprovant de de pagament dels 180\u20ac.&nbsp;<\/li>\n<\/ul>\n<p><strong>&nbsp;<\/strong><\/p>\n<p>&nbsp;<\/p>\n<h2>AVALUACI\u00d3 I CERTIFICAT<\/h2>\n<p>&nbsp;<\/p>\n<p>Per tal d\u2019aprovar les <strong>Jornades de Borsa<\/strong> caldr\u00e0:<\/p>\n<p>&nbsp;<\/p>\n<ul>\n<li data-mce-word-list=\"1\">Assistir a un m\u00ednim del 80% de les sessions presencials (en cas que el curs sigui presencial).<\/li>\n<\/ul>\n<p>&nbsp;<\/p>\n<ul>\n<li data-mce-word-list=\"1\">Presentaci\u00f3 d\u2019un diari d\u2019ordres. (30%)<\/li>\n<\/ul>\n<p>&nbsp;<\/p>\n<ul>\n<li data-mce-word-list=\"1\">Presentaci\u00f3 d\u2019un <em>Practicum<\/em>. (70%)<\/li>\n<\/ul>\n<p>&nbsp;<\/p>\n<p>A la finalitzaci\u00f3 i superaci\u00f3 de les<strong> Jornades de Borsa<\/strong>, havent aprovat tot el programa, s\u2019entregar\u00e0 un <strong>Diploma Acreditatiu<\/strong> expedit pel Centre d\u2019Estudis Internacionals, Centre Adscrit a la Universitat de Barcelona.<\/p>\n<p>&nbsp;<\/p>\n<p>&nbsp;<\/p>\n<p>&nbsp;<\/p>\n<h2>M\u00c9S INFORMACI\u00d3:<\/h2>\n<p>&nbsp;<\/p>\n<p>Pots consultar el&nbsp;<span style=\"background-color: inherit; color: inherit; font-family: inherit; font-size: 1rem;\"><a href=\"https:\/\/www.ceibcn.com\/wp-content\/uploads\/2019\/11\/Pla_docent_Jornades_II_ub.pdf\" target=\"_blank\" rel=\"noopener\">Pla Docent<\/a>&nbsp;complet.<\/span><span style=\"background-color: inherit; color: inherit; font-family: inherit; font-size: 1rem;\"><\/span>Per qualsevol altre dubte: <strong>+34 677 404 098&nbsp;<\/strong>&#8211; <strong>drey@ceibcn.com.<\/strong>&nbsp;&nbsp;<\/p>\n","protected":false},"excerpt":{"rendered":"<p>La segona edici\u00f3 de les Jornades de Borsa pret\u00e9n donar resposta a la seg\u00fcent pregunta:&nbsp; &nbsp; Qu\u00e8 haur\u00edem de saber per gestionar el nostre patrimoni personal? &nbsp; L&#8217;objectiu de les&nbsp;Jornades de Borsa \u00e9s respondre \u00e0mpliament l\u2019esmentada pregunta i oferir les eines necess\u00e0ries d\u2019an\u00e0lisi per comprendre el funcionament dels mercats financers. &nbsp; Les Jornades de Borsa&nbsp;s&#8217;enfoquen [&hellip;]<\/p>\n","protected":false},"author":6,"featured_media":0,"comment_status":"closed","ping_status":"closed","sticky":false,"template":"","format":"standard","meta":{"_acf_changed":false,"_crdt_document":"","inline_featured_image":false,"footnotes":""},"categories":[121],"tags":[],"class_list":["post-3455","post","type-post","status-publish","format-standard","hentry","category-noticies"],"acf":[],"yoast_head":"<!-- This site is optimized with the Yoast SEO plugin v27.0 - https:\/\/yoast.com\/product\/yoast-seo-wordpress\/ -->\n<title>Jornades Universit\u00e0ries de Borsa - CEI International Affairs<\/title>\n<meta name=\"robots\" content=\"index, follow, max-snippet:-1, max-image-preview:large, max-video-preview:-1\" \/>\n<link rel=\"canonical\" href=\"https:\/\/www.ceibcn.com\/ca\/2019\/11\/nou-curs-jornades-universitaries-de-borsa\/\" \/>\n<meta property=\"og:locale\" content=\"ca_ES\" \/>\n<meta property=\"og:type\" content=\"article\" \/>\n<meta property=\"og:title\" content=\"Jornades Universit\u00e0ries de Borsa - CEI International Affairs\" \/>\n<meta property=\"og:description\" content=\"La segona edici\u00f3 de les Jornades de Borsa pret\u00e9n donar resposta a la seg\u00fcent pregunta:&nbsp; &nbsp; Qu\u00e8 haur\u00edem de saber per gestionar el nostre patrimoni personal? &nbsp; L&#8217;objectiu de les&nbsp;Jornades de Borsa \u00e9s respondre \u00e0mpliament l\u2019esmentada pregunta i oferir les eines necess\u00e0ries d\u2019an\u00e0lisi per comprendre el funcionament dels mercats financers. &nbsp; Les Jornades de Borsa&nbsp;s&#8217;enfoquen [&hellip;]\" \/>\n<meta property=\"og:url\" content=\"https:\/\/www.ceibcn.com\/ca\/2019\/11\/nou-curs-jornades-universitaries-de-borsa\/\" \/>\n<meta property=\"og:site_name\" content=\"CEI International Affairs\" \/>\n<meta property=\"article:publisher\" content=\"https:\/\/www.facebook.com\/CEI.CentroDeEstudiosInternacionales\/\" \/>\n<meta property=\"article:published_time\" content=\"2019-11-28T14:12:42+00:00\" \/>\n<meta property=\"article:modified_time\" content=\"2023-04-24T08:38:39+00:00\" \/>\n<meta property=\"og:image\" content=\"https:\/\/www.ceibcn.com\/wp-content\/uploads\/2023\/01\/Logo-CEI.png\" \/>\n\t<meta property=\"og:image:width\" content=\"500\" \/>\n\t<meta property=\"og:image:height\" content=\"500\" \/>\n\t<meta property=\"og:image:type\" content=\"image\/png\" \/>\n<meta name=\"author\" content=\"Cristian Romero Velasco\" \/>\n<meta name=\"twitter:card\" content=\"summary_large_image\" \/>\n<meta name=\"twitter:creator\" content=\"@CEIbcn\" \/>\n<meta name=\"twitter:site\" content=\"@CEIbcn\" \/>\n<meta name=\"twitter:label1\" content=\"Escrit per\" \/>\n\t<meta name=\"twitter:data1\" content=\"Cristian Romero Velasco\" \/>\n\t<meta name=\"twitter:label2\" content=\"Temps estimat de lectura\" \/>\n\t<meta name=\"twitter:data2\" content=\"3 minuts\" \/>\n<script type=\"application\/ld+json\" class=\"yoast-schema-graph\">{\"@context\":\"https:\/\/schema.org\",\"@graph\":[{\"@type\":\"Article\",\"@id\":\"https:\/\/www.ceibcn.com\/ca\/2019\/11\/nou-curs-jornades-universitaries-de-borsa\/#article\",\"isPartOf\":{\"@id\":\"https:\/\/www.ceibcn.com\/ca\/2019\/11\/nou-curs-jornades-universitaries-de-borsa\/\"},\"author\":{\"name\":\"Cristian Romero Velasco\",\"@id\":\"https:\/\/www.ceibcn.com\/ca\/#\/schema\/person\/4ef9992ee2fbd3987a5e1834e5d5808d\"},\"headline\":\"Jornades Universit\u00e0ries de Borsa\",\"datePublished\":\"2019-11-28T14:12:42+00:00\",\"dateModified\":\"2023-04-24T08:38:39+00:00\",\"mainEntityOfPage\":{\"@id\":\"https:\/\/www.ceibcn.com\/ca\/2019\/11\/nou-curs-jornades-universitaries-de-borsa\/\"},\"wordCount\":513,\"publisher\":{\"@id\":\"https:\/\/www.ceibcn.com\/ca\/#organization\"},\"articleSection\":[\"Not\u00edcies\"],\"inLanguage\":\"ca\"},{\"@type\":\"WebPage\",\"@id\":\"https:\/\/www.ceibcn.com\/ca\/2019\/11\/nou-curs-jornades-universitaries-de-borsa\/\",\"url\":\"https:\/\/www.ceibcn.com\/ca\/2019\/11\/nou-curs-jornades-universitaries-de-borsa\/\",\"name\":\"Jornades Universit\u00e0ries de Borsa - CEI International Affairs\",\"isPartOf\":{\"@id\":\"https:\/\/www.ceibcn.com\/ca\/#website\"},\"datePublished\":\"2019-11-28T14:12:42+00:00\",\"dateModified\":\"2023-04-24T08:38:39+00:00\",\"breadcrumb\":{\"@id\":\"https:\/\/www.ceibcn.com\/ca\/2019\/11\/nou-curs-jornades-universitaries-de-borsa\/#breadcrumb\"},\"inLanguage\":\"ca\",\"potentialAction\":[{\"@type\":\"ReadAction\",\"target\":[\"https:\/\/www.ceibcn.com\/ca\/2019\/11\/nou-curs-jornades-universitaries-de-borsa\/\"]}]},{\"@type\":\"BreadcrumbList\",\"@id\":\"https:\/\/www.ceibcn.com\/ca\/2019\/11\/nou-curs-jornades-universitaries-de-borsa\/#breadcrumb\",\"itemListElement\":[{\"@type\":\"ListItem\",\"position\":1,\"name\":\"Portada\",\"item\":\"https:\/\/www.ceibcn.com\/ca\/\"},{\"@type\":\"ListItem\",\"position\":2,\"name\":\"Jornades Universit\u00e0ries de Borsa\"}]},{\"@type\":\"WebSite\",\"@id\":\"https:\/\/www.ceibcn.com\/ca\/#website\",\"url\":\"https:\/\/www.ceibcn.com\/ca\/\",\"name\":\"CEI International Affairs\",\"description\":\"CEI International Affairs\",\"publisher\":{\"@id\":\"https:\/\/www.ceibcn.com\/ca\/#organization\"},\"alternateName\":\"CEI International Affairs\",\"potentialAction\":[{\"@type\":\"SearchAction\",\"target\":{\"@type\":\"EntryPoint\",\"urlTemplate\":\"https:\/\/www.ceibcn.com\/ca\/?s={search_term_string}\"},\"query-input\":{\"@type\":\"PropertyValueSpecification\",\"valueRequired\":true,\"valueName\":\"search_term_string\"}}],\"inLanguage\":\"ca\"},{\"@type\":\"Organization\",\"@id\":\"https:\/\/www.ceibcn.com\/ca\/#organization\",\"name\":\"CEI International Affairs\",\"url\":\"https:\/\/www.ceibcn.com\/ca\/\",\"logo\":{\"@type\":\"ImageObject\",\"inLanguage\":\"ca\",\"@id\":\"https:\/\/www.ceibcn.com\/ca\/#\/schema\/logo\/image\/\",\"url\":\"https:\/\/www.ceibcn.com\/wp-content\/uploads\/2021\/09\/CeiLogo_EscuelaDiploVectorized_vectorizedSIN_FONDO.png\",\"contentUrl\":\"https:\/\/www.ceibcn.com\/wp-content\/uploads\/2021\/09\/CeiLogo_EscuelaDiploVectorized_vectorizedSIN_FONDO.png\",\"width\":1591,\"height\":629,\"caption\":\"CEI International Affairs\"},\"image\":{\"@id\":\"https:\/\/www.ceibcn.com\/ca\/#\/schema\/logo\/image\/\"},\"sameAs\":[\"https:\/\/www.facebook.com\/CEI.CentroDeEstudiosInternacionales\/\",\"https:\/\/x.com\/CEIbcn\",\"https:\/\/www.instagram.com\/cei_international\/\"]},{\"@type\":\"Person\",\"@id\":\"https:\/\/www.ceibcn.com\/ca\/#\/schema\/person\/4ef9992ee2fbd3987a5e1834e5d5808d\",\"name\":\"Cristian Romero Velasco\",\"image\":{\"@type\":\"ImageObject\",\"inLanguage\":\"ca\",\"@id\":\"https:\/\/www.ceibcn.com\/ca\/#\/schema\/person\/image\/\",\"url\":\"https:\/\/secure.gravatar.com\/avatar\/d78c33ad7f1570635ae9c9cb6274fe682bd5872dfde7a5448127d7825dd90943?s=96&d=mm&r=g\",\"contentUrl\":\"https:\/\/secure.gravatar.com\/avatar\/d78c33ad7f1570635ae9c9cb6274fe682bd5872dfde7a5448127d7825dd90943?s=96&d=mm&r=g\",\"caption\":\"Cristian Romero Velasco\"},\"url\":\"https:\/\/www.ceibcn.com\/ca\/author\/cristian\/\"}]}<\/script>\n<!-- \/ Yoast SEO plugin. -->","yoast_head_json":{"title":"Jornades Universit\u00e0ries de Borsa - CEI International Affairs","robots":{"index":"index","follow":"follow","max-snippet":"max-snippet:-1","max-image-preview":"max-image-preview:large","max-video-preview":"max-video-preview:-1"},"canonical":"https:\/\/www.ceibcn.com\/ca\/2019\/11\/nou-curs-jornades-universitaries-de-borsa\/","og_locale":"ca_ES","og_type":"article","og_title":"Jornades Universit\u00e0ries de Borsa - CEI International Affairs","og_description":"La segona edici\u00f3 de les Jornades de Borsa pret\u00e9n donar resposta a la seg\u00fcent pregunta:&nbsp; &nbsp; Qu\u00e8 haur\u00edem de saber per gestionar el nostre patrimoni personal? &nbsp; L&#8217;objectiu de les&nbsp;Jornades de Borsa \u00e9s respondre \u00e0mpliament l\u2019esmentada pregunta i oferir les eines necess\u00e0ries d\u2019an\u00e0lisi per comprendre el funcionament dels mercats financers. &nbsp; Les Jornades de Borsa&nbsp;s&#8217;enfoquen [&hellip;]","og_url":"https:\/\/www.ceibcn.com\/ca\/2019\/11\/nou-curs-jornades-universitaries-de-borsa\/","og_site_name":"CEI International Affairs","article_publisher":"https:\/\/www.facebook.com\/CEI.CentroDeEstudiosInternacionales\/","article_published_time":"2019-11-28T14:12:42+00:00","article_modified_time":"2023-04-24T08:38:39+00:00","og_image":[{"width":500,"height":500,"url":"https:\/\/www.ceibcn.com\/wp-content\/uploads\/2023\/01\/Logo-CEI.png","type":"image\/png"}],"author":"Cristian Romero Velasco","twitter_card":"summary_large_image","twitter_creator":"@CEIbcn","twitter_site":"@CEIbcn","twitter_misc":{"Escrit per":"Cristian Romero Velasco","Temps estimat de lectura":"3 minuts"},"schema":{"@context":"https:\/\/schema.org","@graph":[{"@type":"Article","@id":"https:\/\/www.ceibcn.com\/ca\/2019\/11\/nou-curs-jornades-universitaries-de-borsa\/#article","isPartOf":{"@id":"https:\/\/www.ceibcn.com\/ca\/2019\/11\/nou-curs-jornades-universitaries-de-borsa\/"},"author":{"name":"Cristian Romero Velasco","@id":"https:\/\/www.ceibcn.com\/ca\/#\/schema\/person\/4ef9992ee2fbd3987a5e1834e5d5808d"},"headline":"Jornades Universit\u00e0ries de Borsa","datePublished":"2019-11-28T14:12:42+00:00","dateModified":"2023-04-24T08:38:39+00:00","mainEntityOfPage":{"@id":"https:\/\/www.ceibcn.com\/ca\/2019\/11\/nou-curs-jornades-universitaries-de-borsa\/"},"wordCount":513,"publisher":{"@id":"https:\/\/www.ceibcn.com\/ca\/#organization"},"articleSection":["Not\u00edcies"],"inLanguage":"ca"},{"@type":"WebPage","@id":"https:\/\/www.ceibcn.com\/ca\/2019\/11\/nou-curs-jornades-universitaries-de-borsa\/","url":"https:\/\/www.ceibcn.com\/ca\/2019\/11\/nou-curs-jornades-universitaries-de-borsa\/","name":"Jornades Universit\u00e0ries de Borsa - CEI International Affairs","isPartOf":{"@id":"https:\/\/www.ceibcn.com\/ca\/#website"},"datePublished":"2019-11-28T14:12:42+00:00","dateModified":"2023-04-24T08:38:39+00:00","breadcrumb":{"@id":"https:\/\/www.ceibcn.com\/ca\/2019\/11\/nou-curs-jornades-universitaries-de-borsa\/#breadcrumb"},"inLanguage":"ca","potentialAction":[{"@type":"ReadAction","target":["https:\/\/www.ceibcn.com\/ca\/2019\/11\/nou-curs-jornades-universitaries-de-borsa\/"]}]},{"@type":"BreadcrumbList","@id":"https:\/\/www.ceibcn.com\/ca\/2019\/11\/nou-curs-jornades-universitaries-de-borsa\/#breadcrumb","itemListElement":[{"@type":"ListItem","position":1,"name":"Portada","item":"https:\/\/www.ceibcn.com\/ca\/"},{"@type":"ListItem","position":2,"name":"Jornades Universit\u00e0ries de Borsa"}]},{"@type":"WebSite","@id":"https:\/\/www.ceibcn.com\/ca\/#website","url":"https:\/\/www.ceibcn.com\/ca\/","name":"CEI International Affairs","description":"CEI International Affairs","publisher":{"@id":"https:\/\/www.ceibcn.com\/ca\/#organization"},"alternateName":"CEI International Affairs","potentialAction":[{"@type":"SearchAction","target":{"@type":"EntryPoint","urlTemplate":"https:\/\/www.ceibcn.com\/ca\/?s={search_term_string}"},"query-input":{"@type":"PropertyValueSpecification","valueRequired":true,"valueName":"search_term_string"}}],"inLanguage":"ca"},{"@type":"Organization","@id":"https:\/\/www.ceibcn.com\/ca\/#organization","name":"CEI International Affairs","url":"https:\/\/www.ceibcn.com\/ca\/","logo":{"@type":"ImageObject","inLanguage":"ca","@id":"https:\/\/www.ceibcn.com\/ca\/#\/schema\/logo\/image\/","url":"https:\/\/www.ceibcn.com\/wp-content\/uploads\/2021\/09\/CeiLogo_EscuelaDiploVectorized_vectorizedSIN_FONDO.png","contentUrl":"https:\/\/www.ceibcn.com\/wp-content\/uploads\/2021\/09\/CeiLogo_EscuelaDiploVectorized_vectorizedSIN_FONDO.png","width":1591,"height":629,"caption":"CEI International Affairs"},"image":{"@id":"https:\/\/www.ceibcn.com\/ca\/#\/schema\/logo\/image\/"},"sameAs":["https:\/\/www.facebook.com\/CEI.CentroDeEstudiosInternacionales\/","https:\/\/x.com\/CEIbcn","https:\/\/www.instagram.com\/cei_international\/"]},{"@type":"Person","@id":"https:\/\/www.ceibcn.com\/ca\/#\/schema\/person\/4ef9992ee2fbd3987a5e1834e5d5808d","name":"Cristian Romero Velasco","image":{"@type":"ImageObject","inLanguage":"ca","@id":"https:\/\/www.ceibcn.com\/ca\/#\/schema\/person\/image\/","url":"https:\/\/secure.gravatar.com\/avatar\/d78c33ad7f1570635ae9c9cb6274fe682bd5872dfde7a5448127d7825dd90943?s=96&d=mm&r=g","contentUrl":"https:\/\/secure.gravatar.com\/avatar\/d78c33ad7f1570635ae9c9cb6274fe682bd5872dfde7a5448127d7825dd90943?s=96&d=mm&r=g","caption":"Cristian Romero Velasco"},"url":"https:\/\/www.ceibcn.com\/ca\/author\/cristian\/"}]}},"_links":{"self":[{"href":"https:\/\/www.ceibcn.com\/ca\/wp-json\/wp\/v2\/posts\/3455","targetHints":{"allow":["GET"]}}],"collection":[{"href":"https:\/\/www.ceibcn.com\/ca\/wp-json\/wp\/v2\/posts"}],"about":[{"href":"https:\/\/www.ceibcn.com\/ca\/wp-json\/wp\/v2\/types\/post"}],"author":[{"embeddable":true,"href":"https:\/\/www.ceibcn.com\/ca\/wp-json\/wp\/v2\/users\/6"}],"replies":[{"embeddable":true,"href":"https:\/\/www.ceibcn.com\/ca\/wp-json\/wp\/v2\/comments?post=3455"}],"version-history":[{"count":1,"href":"https:\/\/www.ceibcn.com\/ca\/wp-json\/wp\/v2\/posts\/3455\/revisions"}],"predecessor-version":[{"id":6068,"href":"https:\/\/www.ceibcn.com\/ca\/wp-json\/wp\/v2\/posts\/3455\/revisions\/6068"}],"wp:attachment":[{"href":"https:\/\/www.ceibcn.com\/ca\/wp-json\/wp\/v2\/media?parent=3455"}],"wp:term":[{"taxonomy":"category","embeddable":true,"href":"https:\/\/www.ceibcn.com\/ca\/wp-json\/wp\/v2\/categories?post=3455"},{"taxonomy":"post_tag","embeddable":true,"href":"https:\/\/www.ceibcn.com\/ca\/wp-json\/wp\/v2\/tags?post=3455"}],"curies":[{"name":"wp","href":"https:\/\/api.w.org\/{rel}","templated":true}]}}