{"id":3485,"date":"2020-01-15T08:15:11","date_gmt":"2020-01-15T07:15:11","guid":{"rendered":"https:\/\/www.ceibcn.com\/2020\/01\/seminari-la-des-proteccio-internacional-de-les-victimes-de-trafic\/"},"modified":"2023-04-24T10:38:19","modified_gmt":"2023-04-24T08:38:19","slug":"seminari-la-des-proteccio-internacional-de-les-victimes-de-trafic","status":"publish","type":"post","link":"https:\/\/www.ceibcn.com\/ca\/2020\/01\/seminari-la-des-proteccio-internacional-de-les-victimes-de-trafic\/","title":{"rendered":"SEMINARI: \u201cLa (des)protecci\u00f3 internacional de les v\u00edctimes de tr\u00e0fic\u201d"},"content":{"rendered":"<p style=\"text-align: center;\">SEMINARI<\/p>\n<p style=\"text-align: center;\"><strong>\u201cLa (des)protecci\u00f3 internacional de les v\u00edctimes de tr\u00e0fic\u201d<\/strong><\/p>\n<p style=\"text-align: center;\"><strong>&nbsp;<\/strong><\/p>\n<p style=\"text-align: center;\"><strong>Organitzaci\u00f3<\/strong>: CEI International Affairs<\/p>\n<p style=\"text-align: center;\"><strong>Amb la col\u00b7laboraci\u00f3 de: <\/strong>\u201dla Caixa\u201d<em>&nbsp;i CIMCETT (Grup de Investigaci\u00f3 de la UAB i la UdG sobre La cooperaci\u00f3 internacional com a mitj\u00e0 imprescindible per a la lluita contra el tr\u00e0fic d&#8217;\u00e9ssers humans)&nbsp;<\/em><\/p>\n<p style=\"text-align: center;\"><strong>&nbsp;<\/strong><strong>&nbsp;<\/strong><\/p>\n<p style=\"margin-bottom: 0.0001pt; text-align: center;\"><b><span style=\"color: #1f497d;\">Data: Dijous, 20 de febrer de 2020&nbsp;<\/span><\/b><\/p>\n<p style=\"margin-bottom: 0.0001pt; text-align: center;\"><b><span style=\"color: #1f497d;\">Lloc: Palau Macaya (Passeig Sant Joan, 108 &#8211; Barcelona)<\/span><\/b><\/p>\n<p>&nbsp;<\/p>\n<p>&#8220;Les v\u00edctimes de tr\u00e0fic, explotades per aquells que les \u201ccosifiquen\u201d per a benefici propi, s\u00f3n abordades en la normativa encarregada de lluitar contra aquesta xacra m\u00e9s com a objectes que com a subjectes d&#8217;aquesta. La falta de resultats que aquesta perspectiva ofereix exigeix reflexionar sobre la necessitat d&#8217;un canvi de paradigma, q\u00fcesti\u00f3 que ser\u00e0 l&#8217;eix central d&#8217;aquest seminari.&#8221;<\/p>\n<p>&nbsp;<\/p>\n<p><strong><span style=\"text-decoration: underline;\">PROGRAMA<\/span><\/strong><\/p>\n<p>&nbsp;<\/p>\n<p><b><span style=\"color: #1f497d;\">17h. INAUGURACI\u00d3 DEL SEMINARI&nbsp;<\/span><\/b><\/p>\n<p>&nbsp;<strong>&#8211; Representant del CEI International Affairs<\/strong><\/p>\n<p><strong>&#8211; Montserrat Pi Llorens<\/strong>, Directora del Seminari<\/p>\n<p><strong>&nbsp;<\/strong><\/p>\n<p><strong>&nbsp;<\/strong><\/p>\n<p><b><span style=\"color: #1f497d;\">17:15 h.- 19h. TAULA RODONA:&nbsp;<\/span><\/b>&nbsp;<\/p>\n<p>&#8211;&nbsp;<strong>Dr. Jorge Cardona<\/strong>, Catedr\u00e0tic de Dret Internacional P\u00fablic, Universitat de Val\u00e8ncia&nbsp;<\/p>\n<p><strong>&#8211;&nbsp; Sra. Judith Carreras<\/strong>, Consellera a l&#8217;Oficina de la OIT per Espanya &nbsp;<\/p>\n<p>&#8211;&nbsp;<strong>Sra. Valentina Milano<\/strong>, Professora de Dret Internacional P\u00fablic, Universitat de les Illes Balears<\/p>\n<p>&#8211;&nbsp;<strong>Sra. Rosa Cend\u00f3n<\/strong>, Coordinadora del programa SICAR Cat, Barcelona<\/p>\n<p><strong>&nbsp;<\/strong><\/p>\n<p><strong>Modera: Dra. Esther Zapater<\/strong>, Professora de Dret Internacional P\u00fablic UAB, membre de CIMCETT&nbsp;<\/p>\n<p><strong>&nbsp;<\/strong><\/p>\n<p><b><span style=\"color: #1f497d;\">19h. &#8211; 19:30h.<\/span><\/b> <b><span style=\"color: #1f497d;\">Debat i preguntes&nbsp;<\/span><\/b><\/p>\n<p><strong>&nbsp;<\/strong><\/p>\n<p><b><span style=\"color: #1f497d;\">19:30 h.- 19:45h.<\/span><\/b> <b><span style=\"color: #1f497d;\">CLOENDA DEL SEMINARI&nbsp;<\/span><\/b><\/p>\n<p>&nbsp;<\/p>\n<p>&nbsp;<\/p>\n<p><span style=\"color: #118ec9; font-weight: bold;\">Informaci\u00f3 General<\/span><\/p>\n<p>&nbsp;<\/p>\n<p><strong>Data<\/strong>: 20 de febrer de 2020<\/p>\n<p>&nbsp;<\/p>\n<p><strong>Lloc<\/strong>:&nbsp;Palau Macaya (Passeig Sant Joan, 108, Barcelona)&nbsp;<\/p>\n<p>&nbsp;<\/p>\n<p><strong>Inscripci\u00f3<\/strong>: Per a assistir al Seminari \u00e9s imprescindible inscriure&#8217;s&nbsp;<a href=\"http:\/\/bit.ly\/InscripcionTrata\" target=\"_blank\" rel=\"noopener\">aqu\u00ed<\/a>.&nbsp;&nbsp;&nbsp;<\/p>\n","protected":false},"excerpt":{"rendered":"<p>SEMINARI \u201cLa (des)protecci\u00f3 internacional de les v\u00edctimes de tr\u00e0fic\u201d &nbsp; Organitzaci\u00f3: CEI International Affairs Amb la col\u00b7laboraci\u00f3 de: \u201dla Caixa\u201d&nbsp;i CIMCETT (Grup de Investigaci\u00f3 de la UAB i la UdG sobre La cooperaci\u00f3 internacional com a mitj\u00e0 imprescindible per a la lluita contra el tr\u00e0fic d&#8217;\u00e9ssers humans)&nbsp; &nbsp;&nbsp; Data: Dijous, 20 de febrer de 2020&nbsp; [&hellip;]<\/p>\n","protected":false},"author":6,"featured_media":0,"comment_status":"closed","ping_status":"closed","sticky":false,"template":"","format":"standard","meta":{"_acf_changed":false,"_crdt_document":"","inline_featured_image":false,"footnotes":""},"categories":[25],"tags":[],"class_list":["post-3485","post","type-post","status-publish","format-standard","hentry","category-aula-internacional"],"acf":[],"yoast_head":"<!-- This site is optimized with the Yoast SEO plugin v27.0 - https:\/\/yoast.com\/product\/yoast-seo-wordpress\/ -->\n<title>SEMINARI: \u201cLa (des)protecci\u00f3 internacional de les v\u00edctimes de tr\u00e0fic\u201d - CEI International Affairs<\/title>\n<meta name=\"robots\" content=\"index, follow, max-snippet:-1, max-image-preview:large, max-video-preview:-1\" \/>\n<link rel=\"canonical\" href=\"https:\/\/www.ceibcn.com\/ca\/2020\/01\/seminari-la-des-proteccio-internacional-de-les-victimes-de-trafic\/\" \/>\n<meta property=\"og:locale\" content=\"ca_ES\" \/>\n<meta property=\"og:type\" content=\"article\" \/>\n<meta property=\"og:title\" content=\"SEMINARI: \u201cLa (des)protecci\u00f3 internacional de les v\u00edctimes de tr\u00e0fic\u201d - CEI International Affairs\" \/>\n<meta property=\"og:description\" content=\"SEMINARI \u201cLa (des)protecci\u00f3 internacional de les v\u00edctimes de tr\u00e0fic\u201d &nbsp; Organitzaci\u00f3: CEI International Affairs Amb la col\u00b7laboraci\u00f3 de: \u201dla Caixa\u201d&nbsp;i CIMCETT (Grup de Investigaci\u00f3 de la UAB i la UdG sobre La cooperaci\u00f3 internacional com a mitj\u00e0 imprescindible per a la lluita contra el tr\u00e0fic d&#8217;\u00e9ssers humans)&nbsp; &nbsp;&nbsp; Data: Dijous, 20 de febrer de 2020&nbsp; [&hellip;]\" \/>\n<meta property=\"og:url\" content=\"https:\/\/www.ceibcn.com\/ca\/2020\/01\/seminari-la-des-proteccio-internacional-de-les-victimes-de-trafic\/\" \/>\n<meta property=\"og:site_name\" content=\"CEI International Affairs\" \/>\n<meta property=\"article:publisher\" content=\"https:\/\/www.facebook.com\/CEI.CentroDeEstudiosInternacionales\/\" \/>\n<meta property=\"article:published_time\" content=\"2020-01-15T07:15:11+00:00\" \/>\n<meta property=\"article:modified_time\" content=\"2023-04-24T08:38:19+00:00\" \/>\n<meta property=\"og:image\" content=\"https:\/\/www.ceibcn.com\/wp-content\/uploads\/2023\/01\/Logo-CEI.png\" \/>\n\t<meta property=\"og:image:width\" content=\"500\" \/>\n\t<meta property=\"og:image:height\" content=\"500\" \/>\n\t<meta property=\"og:image:type\" content=\"image\/png\" \/>\n<meta name=\"author\" content=\"Cristian Romero Velasco\" \/>\n<meta name=\"twitter:card\" content=\"summary_large_image\" \/>\n<meta name=\"twitter:creator\" content=\"@CEIbcn\" \/>\n<meta name=\"twitter:site\" content=\"@CEIbcn\" \/>\n<meta name=\"twitter:label1\" content=\"Escrit per\" \/>\n\t<meta name=\"twitter:data1\" content=\"Cristian Romero Velasco\" \/>\n\t<meta name=\"twitter:label2\" content=\"Temps estimat de lectura\" \/>\n\t<meta name=\"twitter:data2\" content=\"1 minut\" \/>\n<script type=\"application\/ld+json\" class=\"yoast-schema-graph\">{\"@context\":\"https:\/\/schema.org\",\"@graph\":[{\"@type\":\"Article\",\"@id\":\"https:\/\/www.ceibcn.com\/ca\/2020\/01\/seminari-la-des-proteccio-internacional-de-les-victimes-de-trafic\/#article\",\"isPartOf\":{\"@id\":\"https:\/\/www.ceibcn.com\/ca\/2020\/01\/seminari-la-des-proteccio-internacional-de-les-victimes-de-trafic\/\"},\"author\":{\"name\":\"Cristian Romero Velasco\",\"@id\":\"https:\/\/www.ceibcn.com\/ca\/#\/schema\/person\/4ef9992ee2fbd3987a5e1834e5d5808d\"},\"headline\":\"SEMINARI: \u201cLa (des)protecci\u00f3 internacional de les v\u00edctimes de tr\u00e0fic\u201d\",\"datePublished\":\"2020-01-15T07:15:11+00:00\",\"dateModified\":\"2023-04-24T08:38:19+00:00\",\"mainEntityOfPage\":{\"@id\":\"https:\/\/www.ceibcn.com\/ca\/2020\/01\/seminari-la-des-proteccio-internacional-de-les-victimes-de-trafic\/\"},\"wordCount\":310,\"publisher\":{\"@id\":\"https:\/\/www.ceibcn.com\/ca\/#organization\"},\"articleSection\":[\"Aula Internacional\"],\"inLanguage\":\"ca\"},{\"@type\":\"WebPage\",\"@id\":\"https:\/\/www.ceibcn.com\/ca\/2020\/01\/seminari-la-des-proteccio-internacional-de-les-victimes-de-trafic\/\",\"url\":\"https:\/\/www.ceibcn.com\/ca\/2020\/01\/seminari-la-des-proteccio-internacional-de-les-victimes-de-trafic\/\",\"name\":\"SEMINARI: \u201cLa (des)protecci\u00f3 internacional de les v\u00edctimes de tr\u00e0fic\u201d - CEI International Affairs\",\"isPartOf\":{\"@id\":\"https:\/\/www.ceibcn.com\/ca\/#website\"},\"datePublished\":\"2020-01-15T07:15:11+00:00\",\"dateModified\":\"2023-04-24T08:38:19+00:00\",\"breadcrumb\":{\"@id\":\"https:\/\/www.ceibcn.com\/ca\/2020\/01\/seminari-la-des-proteccio-internacional-de-les-victimes-de-trafic\/#breadcrumb\"},\"inLanguage\":\"ca\",\"potentialAction\":[{\"@type\":\"ReadAction\",\"target\":[\"https:\/\/www.ceibcn.com\/ca\/2020\/01\/seminari-la-des-proteccio-internacional-de-les-victimes-de-trafic\/\"]}]},{\"@type\":\"BreadcrumbList\",\"@id\":\"https:\/\/www.ceibcn.com\/ca\/2020\/01\/seminari-la-des-proteccio-internacional-de-les-victimes-de-trafic\/#breadcrumb\",\"itemListElement\":[{\"@type\":\"ListItem\",\"position\":1,\"name\":\"Portada\",\"item\":\"https:\/\/www.ceibcn.com\/ca\/\"},{\"@type\":\"ListItem\",\"position\":2,\"name\":\"SEMINARI: \u201cLa (des)protecci\u00f3 internacional de les v\u00edctimes de tr\u00e0fic\u201d\"}]},{\"@type\":\"WebSite\",\"@id\":\"https:\/\/www.ceibcn.com\/ca\/#website\",\"url\":\"https:\/\/www.ceibcn.com\/ca\/\",\"name\":\"CEI International Affairs\",\"description\":\"CEI International Affairs\",\"publisher\":{\"@id\":\"https:\/\/www.ceibcn.com\/ca\/#organization\"},\"alternateName\":\"CEI International Affairs\",\"potentialAction\":[{\"@type\":\"SearchAction\",\"target\":{\"@type\":\"EntryPoint\",\"urlTemplate\":\"https:\/\/www.ceibcn.com\/ca\/?s={search_term_string}\"},\"query-input\":{\"@type\":\"PropertyValueSpecification\",\"valueRequired\":true,\"valueName\":\"search_term_string\"}}],\"inLanguage\":\"ca\"},{\"@type\":\"Organization\",\"@id\":\"https:\/\/www.ceibcn.com\/ca\/#organization\",\"name\":\"CEI International Affairs\",\"url\":\"https:\/\/www.ceibcn.com\/ca\/\",\"logo\":{\"@type\":\"ImageObject\",\"inLanguage\":\"ca\",\"@id\":\"https:\/\/www.ceibcn.com\/ca\/#\/schema\/logo\/image\/\",\"url\":\"https:\/\/www.ceibcn.com\/wp-content\/uploads\/2021\/09\/CeiLogo_EscuelaDiploVectorized_vectorizedSIN_FONDO.png\",\"contentUrl\":\"https:\/\/www.ceibcn.com\/wp-content\/uploads\/2021\/09\/CeiLogo_EscuelaDiploVectorized_vectorizedSIN_FONDO.png\",\"width\":1591,\"height\":629,\"caption\":\"CEI International Affairs\"},\"image\":{\"@id\":\"https:\/\/www.ceibcn.com\/ca\/#\/schema\/logo\/image\/\"},\"sameAs\":[\"https:\/\/www.facebook.com\/CEI.CentroDeEstudiosInternacionales\/\",\"https:\/\/x.com\/CEIbcn\",\"https:\/\/www.instagram.com\/cei_international\/\"]},{\"@type\":\"Person\",\"@id\":\"https:\/\/www.ceibcn.com\/ca\/#\/schema\/person\/4ef9992ee2fbd3987a5e1834e5d5808d\",\"name\":\"Cristian Romero Velasco\",\"image\":{\"@type\":\"ImageObject\",\"inLanguage\":\"ca\",\"@id\":\"https:\/\/www.ceibcn.com\/ca\/#\/schema\/person\/image\/\",\"url\":\"https:\/\/secure.gravatar.com\/avatar\/d78c33ad7f1570635ae9c9cb6274fe682bd5872dfde7a5448127d7825dd90943?s=96&d=mm&r=g\",\"contentUrl\":\"https:\/\/secure.gravatar.com\/avatar\/d78c33ad7f1570635ae9c9cb6274fe682bd5872dfde7a5448127d7825dd90943?s=96&d=mm&r=g\",\"caption\":\"Cristian Romero Velasco\"},\"url\":\"https:\/\/www.ceibcn.com\/ca\/author\/cristian\/\"}]}<\/script>\n<!-- \/ Yoast SEO plugin. -->","yoast_head_json":{"title":"SEMINARI: \u201cLa (des)protecci\u00f3 internacional de les v\u00edctimes de tr\u00e0fic\u201d - CEI International Affairs","robots":{"index":"index","follow":"follow","max-snippet":"max-snippet:-1","max-image-preview":"max-image-preview:large","max-video-preview":"max-video-preview:-1"},"canonical":"https:\/\/www.ceibcn.com\/ca\/2020\/01\/seminari-la-des-proteccio-internacional-de-les-victimes-de-trafic\/","og_locale":"ca_ES","og_type":"article","og_title":"SEMINARI: \u201cLa (des)protecci\u00f3 internacional de les v\u00edctimes de tr\u00e0fic\u201d - CEI International Affairs","og_description":"SEMINARI \u201cLa (des)protecci\u00f3 internacional de les v\u00edctimes de tr\u00e0fic\u201d &nbsp; Organitzaci\u00f3: CEI International Affairs Amb la col\u00b7laboraci\u00f3 de: \u201dla Caixa\u201d&nbsp;i CIMCETT (Grup de Investigaci\u00f3 de la UAB i la UdG sobre La cooperaci\u00f3 internacional com a mitj\u00e0 imprescindible per a la lluita contra el tr\u00e0fic d&#8217;\u00e9ssers humans)&nbsp; &nbsp;&nbsp; Data: Dijous, 20 de febrer de 2020&nbsp; [&hellip;]","og_url":"https:\/\/www.ceibcn.com\/ca\/2020\/01\/seminari-la-des-proteccio-internacional-de-les-victimes-de-trafic\/","og_site_name":"CEI International Affairs","article_publisher":"https:\/\/www.facebook.com\/CEI.CentroDeEstudiosInternacionales\/","article_published_time":"2020-01-15T07:15:11+00:00","article_modified_time":"2023-04-24T08:38:19+00:00","og_image":[{"width":500,"height":500,"url":"https:\/\/www.ceibcn.com\/wp-content\/uploads\/2023\/01\/Logo-CEI.png","type":"image\/png"}],"author":"Cristian Romero Velasco","twitter_card":"summary_large_image","twitter_creator":"@CEIbcn","twitter_site":"@CEIbcn","twitter_misc":{"Escrit per":"Cristian Romero Velasco","Temps estimat de lectura":"1 minut"},"schema":{"@context":"https:\/\/schema.org","@graph":[{"@type":"Article","@id":"https:\/\/www.ceibcn.com\/ca\/2020\/01\/seminari-la-des-proteccio-internacional-de-les-victimes-de-trafic\/#article","isPartOf":{"@id":"https:\/\/www.ceibcn.com\/ca\/2020\/01\/seminari-la-des-proteccio-internacional-de-les-victimes-de-trafic\/"},"author":{"name":"Cristian Romero Velasco","@id":"https:\/\/www.ceibcn.com\/ca\/#\/schema\/person\/4ef9992ee2fbd3987a5e1834e5d5808d"},"headline":"SEMINARI: \u201cLa (des)protecci\u00f3 internacional de les v\u00edctimes de tr\u00e0fic\u201d","datePublished":"2020-01-15T07:15:11+00:00","dateModified":"2023-04-24T08:38:19+00:00","mainEntityOfPage":{"@id":"https:\/\/www.ceibcn.com\/ca\/2020\/01\/seminari-la-des-proteccio-internacional-de-les-victimes-de-trafic\/"},"wordCount":310,"publisher":{"@id":"https:\/\/www.ceibcn.com\/ca\/#organization"},"articleSection":["Aula Internacional"],"inLanguage":"ca"},{"@type":"WebPage","@id":"https:\/\/www.ceibcn.com\/ca\/2020\/01\/seminari-la-des-proteccio-internacional-de-les-victimes-de-trafic\/","url":"https:\/\/www.ceibcn.com\/ca\/2020\/01\/seminari-la-des-proteccio-internacional-de-les-victimes-de-trafic\/","name":"SEMINARI: \u201cLa (des)protecci\u00f3 internacional de les v\u00edctimes de tr\u00e0fic\u201d - CEI International Affairs","isPartOf":{"@id":"https:\/\/www.ceibcn.com\/ca\/#website"},"datePublished":"2020-01-15T07:15:11+00:00","dateModified":"2023-04-24T08:38:19+00:00","breadcrumb":{"@id":"https:\/\/www.ceibcn.com\/ca\/2020\/01\/seminari-la-des-proteccio-internacional-de-les-victimes-de-trafic\/#breadcrumb"},"inLanguage":"ca","potentialAction":[{"@type":"ReadAction","target":["https:\/\/www.ceibcn.com\/ca\/2020\/01\/seminari-la-des-proteccio-internacional-de-les-victimes-de-trafic\/"]}]},{"@type":"BreadcrumbList","@id":"https:\/\/www.ceibcn.com\/ca\/2020\/01\/seminari-la-des-proteccio-internacional-de-les-victimes-de-trafic\/#breadcrumb","itemListElement":[{"@type":"ListItem","position":1,"name":"Portada","item":"https:\/\/www.ceibcn.com\/ca\/"},{"@type":"ListItem","position":2,"name":"SEMINARI: \u201cLa (des)protecci\u00f3 internacional de les v\u00edctimes de tr\u00e0fic\u201d"}]},{"@type":"WebSite","@id":"https:\/\/www.ceibcn.com\/ca\/#website","url":"https:\/\/www.ceibcn.com\/ca\/","name":"CEI International Affairs","description":"CEI International Affairs","publisher":{"@id":"https:\/\/www.ceibcn.com\/ca\/#organization"},"alternateName":"CEI International Affairs","potentialAction":[{"@type":"SearchAction","target":{"@type":"EntryPoint","urlTemplate":"https:\/\/www.ceibcn.com\/ca\/?s={search_term_string}"},"query-input":{"@type":"PropertyValueSpecification","valueRequired":true,"valueName":"search_term_string"}}],"inLanguage":"ca"},{"@type":"Organization","@id":"https:\/\/www.ceibcn.com\/ca\/#organization","name":"CEI International Affairs","url":"https:\/\/www.ceibcn.com\/ca\/","logo":{"@type":"ImageObject","inLanguage":"ca","@id":"https:\/\/www.ceibcn.com\/ca\/#\/schema\/logo\/image\/","url":"https:\/\/www.ceibcn.com\/wp-content\/uploads\/2021\/09\/CeiLogo_EscuelaDiploVectorized_vectorizedSIN_FONDO.png","contentUrl":"https:\/\/www.ceibcn.com\/wp-content\/uploads\/2021\/09\/CeiLogo_EscuelaDiploVectorized_vectorizedSIN_FONDO.png","width":1591,"height":629,"caption":"CEI International Affairs"},"image":{"@id":"https:\/\/www.ceibcn.com\/ca\/#\/schema\/logo\/image\/"},"sameAs":["https:\/\/www.facebook.com\/CEI.CentroDeEstudiosInternacionales\/","https:\/\/x.com\/CEIbcn","https:\/\/www.instagram.com\/cei_international\/"]},{"@type":"Person","@id":"https:\/\/www.ceibcn.com\/ca\/#\/schema\/person\/4ef9992ee2fbd3987a5e1834e5d5808d","name":"Cristian Romero Velasco","image":{"@type":"ImageObject","inLanguage":"ca","@id":"https:\/\/www.ceibcn.com\/ca\/#\/schema\/person\/image\/","url":"https:\/\/secure.gravatar.com\/avatar\/d78c33ad7f1570635ae9c9cb6274fe682bd5872dfde7a5448127d7825dd90943?s=96&d=mm&r=g","contentUrl":"https:\/\/secure.gravatar.com\/avatar\/d78c33ad7f1570635ae9c9cb6274fe682bd5872dfde7a5448127d7825dd90943?s=96&d=mm&r=g","caption":"Cristian Romero Velasco"},"url":"https:\/\/www.ceibcn.com\/ca\/author\/cristian\/"}]}},"_links":{"self":[{"href":"https:\/\/www.ceibcn.com\/ca\/wp-json\/wp\/v2\/posts\/3485","targetHints":{"allow":["GET"]}}],"collection":[{"href":"https:\/\/www.ceibcn.com\/ca\/wp-json\/wp\/v2\/posts"}],"about":[{"href":"https:\/\/www.ceibcn.com\/ca\/wp-json\/wp\/v2\/types\/post"}],"author":[{"embeddable":true,"href":"https:\/\/www.ceibcn.com\/ca\/wp-json\/wp\/v2\/users\/6"}],"replies":[{"embeddable":true,"href":"https:\/\/www.ceibcn.com\/ca\/wp-json\/wp\/v2\/comments?post=3485"}],"version-history":[{"count":1,"href":"https:\/\/www.ceibcn.com\/ca\/wp-json\/wp\/v2\/posts\/3485\/revisions"}],"predecessor-version":[{"id":6060,"href":"https:\/\/www.ceibcn.com\/ca\/wp-json\/wp\/v2\/posts\/3485\/revisions\/6060"}],"wp:attachment":[{"href":"https:\/\/www.ceibcn.com\/ca\/wp-json\/wp\/v2\/media?parent=3485"}],"wp:term":[{"taxonomy":"category","embeddable":true,"href":"https:\/\/www.ceibcn.com\/ca\/wp-json\/wp\/v2\/categories?post=3485"},{"taxonomy":"post_tag","embeddable":true,"href":"https:\/\/www.ceibcn.com\/ca\/wp-json\/wp\/v2\/tags?post=3485"}],"curies":[{"name":"wp","href":"https:\/\/api.w.org\/{rel}","templated":true}]}}