{"id":3491,"date":"2020-07-24T11:12:44","date_gmt":"2020-07-24T09:12:44","guid":{"rendered":"https:\/\/www.ceibcn.com\/2020\/07\/seminari-fragilitats-i-friccions-a-l-economia-global-diagnostic-i-implicacions\/"},"modified":"2023-04-24T10:37:08","modified_gmt":"2023-04-24T08:37:08","slug":"seminari-fragilitats-i-friccions-a-l-economia-global-diagnostic-i-implicacions","status":"publish","type":"post","link":"https:\/\/www.ceibcn.com\/ca\/2020\/07\/seminari-fragilitats-i-friccions-a-l-economia-global-diagnostic-i-implicacions\/","title":{"rendered":"Seminari  \u201cFragilitats i friccions a l&#8217;Economia global: Diagn\u00f2stic i implicacions&#8221;"},"content":{"rendered":"<p style=\"text-align: center;\">SEMINARI<\/p>\n<p style=\"text-align: center;\"><strong>\u201cFRAGILITATS I FRICCIONS A L&#8217;ECONOMIA GLOBAL:<\/strong><\/p>\n<p style=\"text-align: center;\"><strong>DIAGN\u00d2STIC I IMPLICACIONS\u201d<\/strong><\/p>\n<p>&nbsp;<\/p>\n<p style=\"text-align: center;\">Organitzaci\u00f3: CEI International Affairs<\/p>\n<p style=\"text-align: center;\">Amb la col\u00b7laboraci\u00f3 de: &#8220;la Caixa&#8221;, el M\u00e0ster en Internacionalitzaci\u00f3 UB i el M\u00e0ster Mercats Financers UB<\/p>\n<p>&nbsp;<\/p>\n<p style=\"color: #103f89; text-align: center;\"><strong>Data: 2 d&#8217;octubre de 2020<br \/>\n<\/strong><\/p>\n<p style=\"text-align: center;\">Disponible al complet<\/p>\n<p>&nbsp;<\/p>\n<p>\u201cEls riscos que planegen sobre l&#8217;economia mundial s\u00f3n tan diversos com rellevants i les seves eventuals implicacions m\u00e9s molt m\u00e9s all\u00e0 dels \u00e0mbits estrictament econ\u00f2mics o empresarials. D&#8217;una banda, el creixement econ\u00f2mic ha estat al 2019 el m\u00e9s baix des de 2009, reobrint els debats sobre un \u00abestancament secular\u00bb. El comer\u00e7 internacional i l&#8217;expansi\u00f3 de les cadenes globals de valor experimentaven un alentiment fins i tot abans de l&#8217;escalada de tensions comercials des de principis de 2018. Els dubtes sobre el grau en qu\u00e8 s&#8217;havien \u00abreparat\u00bb les fragilitats financeres que van conduir fa una d\u00e8cada a la crisi s&#8217;han reobert a la vista de l&#8217;evoluci\u00f3 del volum i qualitat del deute, plantejant-se escenaris inimaginables fa pocs anys com la persist\u00e8ncia de tipus d&#8217;inter\u00e8s negatius o l&#8217;aparici\u00f3 de monedes digitals globals privades. Els avan\u00e7os cient\u00edfic-tecnol\u00f2gics plantegen tantes esperances de progr\u00e9s com recels respecte a la forma en qu\u00e8 es distribuiran els seus \u00abdividends\u00bb i les relacions persones-m\u00e0quines, la qual cosa accentua temors i recels sociopol\u00edtics. Al temps, les preocupacions per les dimensions de sostenibilitat avancen en les preocupacions de les opinions p\u00fabliques i en les agendes. Tenir diagn\u00f2stics clars \u00e9s especialment important davant realitats tan complexes com les que ara s&#8217;afronten, aix\u00ed com avaluar els poli\u00e8drics abastos de les seves implicacions, com a base per a proposar l\u00ednies d&#8217;adequaci\u00f3 i actuaci\u00f3. Aquest \u00e9s l&#8217;ambici\u00f3s objectiu de la Jornada al Palau Macaya 2020.\u201d<\/p>\n<p>&nbsp;<\/p>\n<p>&nbsp;<\/p>\n<p><strong style=\"color: #103f89;\">PROGRAMA<\/strong><\/p>\n<p>&nbsp;<\/p>\n<p><strong style=\"color: #103f89;\">10:30 h.- 11:00h. <\/strong><strong>INAUGURACI\u00d3 DEL SEMINARI<\/strong><\/p>\n<p><strong>&#8211; Laura Mas, Subdirectora del CEI International Affairs<\/strong><\/p>\n<p><strong>&#8211; Juan Tugores, Director de la Jornada<\/strong><\/p>\n<p><strong>&nbsp;<\/strong><\/p>\n<p><strong style=\"color: #103f89;\">11.00 h. \u2013 12.30 h. <\/strong><strong>TAULA RODONA: \u201cFragilitats i friccions en l&#8217;economia global: Diagn\u00f2stic i implicacions\u201d<\/strong><\/p>\n<p><strong>&#8211; Federico Steinberg<\/strong>, investigador principal del Real Institut Elcano.<\/p>\n<p><strong>&#8211; Joan Tristany<\/strong>, director general d\u2019AMEC.<\/p>\n<p><strong>&#8211; Aur\u00e8lia Ma\u00f1\u00e9<\/strong>, delegada del rector de relacions internacionals i experta en energia i pa\u00efsos \u00e0rabs.<\/p>\n<p><strong>&nbsp;<\/strong><\/p>\n<p><strong>Modera: Juan Tugores<\/strong>, Catedr\u00e0tic d&#8217;Economia en la Universitat de Barcelona.<\/p>\n<p><strong>&nbsp;<\/strong><\/p>\n<p><strong style=\"color: #103f89;\">12.30 h. \u2013 13.30 h. <\/strong><strong>DEBAT I CLOENDA DEL SEMINARI<\/strong><\/p>\n<p>&nbsp;<\/p>\n<p>&nbsp;<\/p>\n<p><strong style=\"color: #103f89;\">INFORMACI\u00d3 GENERAL<\/strong><\/p>\n<p>&nbsp;<\/p>\n<p><strong>Data<\/strong>: 2 d&#8217;octubre de 2020<\/p>\n<p>&nbsp;<\/p>\n<p><strong>Modalitat<\/strong>: Online &#8211; Streaming Palau Macaya<\/p>\n<p>&nbsp;<\/p>\n<p><strong>Inscripci\u00f3<\/strong>: Per a assistir al Seminari \u00e9s imprescindible inscriure&#8217;s&nbsp;<a href=\"https:\/\/docs.google.com\/forms\/d\/e\/1FAIpQLSeUth1aGbiwu8ZG-4ZMQqkz7RegQmOzqFS6l4i1YkWpfJ0H5g\/viewform\" target=\"_blank\" rel=\"noopener\">aqu\u00ed.&nbsp;<\/a>&nbsp;&nbsp;<\/p>\n","protected":false},"excerpt":{"rendered":"<p>SEMINARI \u201cFRAGILITATS I FRICCIONS A L&#8217;ECONOMIA GLOBAL: DIAGN\u00d2STIC I IMPLICACIONS\u201d &nbsp; Organitzaci\u00f3: CEI International Affairs Amb la col\u00b7laboraci\u00f3 de: &#8220;la Caixa&#8221;, el M\u00e0ster en Internacionalitzaci\u00f3 UB i el M\u00e0ster Mercats Financers UB &nbsp; Data: 2 d&#8217;octubre de 2020 Disponible al complet &nbsp; \u201cEls riscos que planegen sobre l&#8217;economia mundial s\u00f3n tan diversos com rellevants i [&hellip;]<\/p>\n","protected":false},"author":6,"featured_media":0,"comment_status":"closed","ping_status":"closed","sticky":false,"template":"","format":"standard","meta":{"_acf_changed":false,"_crdt_document":"","inline_featured_image":false,"footnotes":""},"categories":[25],"tags":[],"class_list":["post-3491","post","type-post","status-publish","format-standard","hentry","category-aula-internacional"],"acf":[],"yoast_head":"<!-- This site is optimized with the Yoast SEO plugin v27.0 - https:\/\/yoast.com\/product\/yoast-seo-wordpress\/ -->\n<title>Seminari \u201cFragilitats i friccions a l&#039;Economia global: Diagn\u00f2stic i implicacions&quot; - CEI International Affairs<\/title>\n<meta name=\"robots\" content=\"index, follow, max-snippet:-1, max-image-preview:large, max-video-preview:-1\" \/>\n<link rel=\"canonical\" href=\"https:\/\/www.ceibcn.com\/ca\/2020\/07\/seminari-fragilitats-i-friccions-a-l-economia-global-diagnostic-i-implicacions\/\" \/>\n<meta property=\"og:locale\" content=\"ca_ES\" \/>\n<meta property=\"og:type\" content=\"article\" \/>\n<meta property=\"og:title\" content=\"Seminari \u201cFragilitats i friccions a l&#039;Economia global: Diagn\u00f2stic i implicacions&quot; - CEI International Affairs\" \/>\n<meta property=\"og:description\" content=\"SEMINARI \u201cFRAGILITATS I FRICCIONS A L&#8217;ECONOMIA GLOBAL: DIAGN\u00d2STIC I IMPLICACIONS\u201d &nbsp; Organitzaci\u00f3: CEI International Affairs Amb la col\u00b7laboraci\u00f3 de: &#8220;la Caixa&#8221;, el M\u00e0ster en Internacionalitzaci\u00f3 UB i el M\u00e0ster Mercats Financers UB &nbsp; Data: 2 d&#8217;octubre de 2020 Disponible al complet &nbsp; \u201cEls riscos que planegen sobre l&#8217;economia mundial s\u00f3n tan diversos com rellevants i [&hellip;]\" \/>\n<meta property=\"og:url\" content=\"https:\/\/www.ceibcn.com\/ca\/2020\/07\/seminari-fragilitats-i-friccions-a-l-economia-global-diagnostic-i-implicacions\/\" \/>\n<meta property=\"og:site_name\" content=\"CEI International Affairs\" \/>\n<meta property=\"article:publisher\" content=\"https:\/\/www.facebook.com\/CEI.CentroDeEstudiosInternacionales\/\" \/>\n<meta property=\"article:published_time\" content=\"2020-07-24T09:12:44+00:00\" \/>\n<meta property=\"article:modified_time\" content=\"2023-04-24T08:37:08+00:00\" \/>\n<meta property=\"og:image\" content=\"https:\/\/www.ceibcn.com\/wp-content\/uploads\/2023\/01\/Logo-CEI.png\" \/>\n\t<meta property=\"og:image:width\" content=\"500\" \/>\n\t<meta property=\"og:image:height\" content=\"500\" \/>\n\t<meta property=\"og:image:type\" content=\"image\/png\" \/>\n<meta name=\"author\" content=\"Cristian Romero Velasco\" \/>\n<meta name=\"twitter:card\" content=\"summary_large_image\" \/>\n<meta name=\"twitter:creator\" content=\"@CEIbcn\" \/>\n<meta name=\"twitter:site\" content=\"@CEIbcn\" \/>\n<meta name=\"twitter:label1\" content=\"Escrit per\" \/>\n\t<meta name=\"twitter:data1\" content=\"Cristian Romero Velasco\" \/>\n\t<meta name=\"twitter:label2\" content=\"Temps estimat de lectura\" \/>\n\t<meta name=\"twitter:data2\" content=\"2 minuts\" \/>\n<script type=\"application\/ld+json\" class=\"yoast-schema-graph\">{\"@context\":\"https:\/\/schema.org\",\"@graph\":[{\"@type\":\"Article\",\"@id\":\"https:\/\/www.ceibcn.com\/ca\/2020\/07\/seminari-fragilitats-i-friccions-a-l-economia-global-diagnostic-i-implicacions\/#article\",\"isPartOf\":{\"@id\":\"https:\/\/www.ceibcn.com\/ca\/2020\/07\/seminari-fragilitats-i-friccions-a-l-economia-global-diagnostic-i-implicacions\/\"},\"author\":{\"name\":\"Cristian Romero Velasco\",\"@id\":\"https:\/\/www.ceibcn.com\/ca\/#\/schema\/person\/4ef9992ee2fbd3987a5e1834e5d5808d\"},\"headline\":\"Seminari \u201cFragilitats i friccions a l&#8217;Economia global: Diagn\u00f2stic i implicacions&#8221;\",\"datePublished\":\"2020-07-24T09:12:44+00:00\",\"dateModified\":\"2023-04-24T08:37:08+00:00\",\"mainEntityOfPage\":{\"@id\":\"https:\/\/www.ceibcn.com\/ca\/2020\/07\/seminari-fragilitats-i-friccions-a-l-economia-global-diagnostic-i-implicacions\/\"},\"wordCount\":445,\"publisher\":{\"@id\":\"https:\/\/www.ceibcn.com\/ca\/#organization\"},\"articleSection\":[\"Aula Internacional\"],\"inLanguage\":\"ca\"},{\"@type\":\"WebPage\",\"@id\":\"https:\/\/www.ceibcn.com\/ca\/2020\/07\/seminari-fragilitats-i-friccions-a-l-economia-global-diagnostic-i-implicacions\/\",\"url\":\"https:\/\/www.ceibcn.com\/ca\/2020\/07\/seminari-fragilitats-i-friccions-a-l-economia-global-diagnostic-i-implicacions\/\",\"name\":\"Seminari \u201cFragilitats i friccions a l'Economia global: Diagn\u00f2stic i implicacions\\\" - CEI International Affairs\",\"isPartOf\":{\"@id\":\"https:\/\/www.ceibcn.com\/ca\/#website\"},\"datePublished\":\"2020-07-24T09:12:44+00:00\",\"dateModified\":\"2023-04-24T08:37:08+00:00\",\"breadcrumb\":{\"@id\":\"https:\/\/www.ceibcn.com\/ca\/2020\/07\/seminari-fragilitats-i-friccions-a-l-economia-global-diagnostic-i-implicacions\/#breadcrumb\"},\"inLanguage\":\"ca\",\"potentialAction\":[{\"@type\":\"ReadAction\",\"target\":[\"https:\/\/www.ceibcn.com\/ca\/2020\/07\/seminari-fragilitats-i-friccions-a-l-economia-global-diagnostic-i-implicacions\/\"]}]},{\"@type\":\"BreadcrumbList\",\"@id\":\"https:\/\/www.ceibcn.com\/ca\/2020\/07\/seminari-fragilitats-i-friccions-a-l-economia-global-diagnostic-i-implicacions\/#breadcrumb\",\"itemListElement\":[{\"@type\":\"ListItem\",\"position\":1,\"name\":\"Portada\",\"item\":\"https:\/\/www.ceibcn.com\/ca\/\"},{\"@type\":\"ListItem\",\"position\":2,\"name\":\"Seminari \u201cFragilitats i friccions a l&#8217;Economia global: Diagn\u00f2stic i implicacions&#8221;\"}]},{\"@type\":\"WebSite\",\"@id\":\"https:\/\/www.ceibcn.com\/ca\/#website\",\"url\":\"https:\/\/www.ceibcn.com\/ca\/\",\"name\":\"CEI International Affairs\",\"description\":\"CEI International Affairs\",\"publisher\":{\"@id\":\"https:\/\/www.ceibcn.com\/ca\/#organization\"},\"alternateName\":\"CEI International Affairs\",\"potentialAction\":[{\"@type\":\"SearchAction\",\"target\":{\"@type\":\"EntryPoint\",\"urlTemplate\":\"https:\/\/www.ceibcn.com\/ca\/?s={search_term_string}\"},\"query-input\":{\"@type\":\"PropertyValueSpecification\",\"valueRequired\":true,\"valueName\":\"search_term_string\"}}],\"inLanguage\":\"ca\"},{\"@type\":\"Organization\",\"@id\":\"https:\/\/www.ceibcn.com\/ca\/#organization\",\"name\":\"CEI International Affairs\",\"url\":\"https:\/\/www.ceibcn.com\/ca\/\",\"logo\":{\"@type\":\"ImageObject\",\"inLanguage\":\"ca\",\"@id\":\"https:\/\/www.ceibcn.com\/ca\/#\/schema\/logo\/image\/\",\"url\":\"https:\/\/www.ceibcn.com\/wp-content\/uploads\/2021\/09\/CeiLogo_EscuelaDiploVectorized_vectorizedSIN_FONDO.png\",\"contentUrl\":\"https:\/\/www.ceibcn.com\/wp-content\/uploads\/2021\/09\/CeiLogo_EscuelaDiploVectorized_vectorizedSIN_FONDO.png\",\"width\":1591,\"height\":629,\"caption\":\"CEI International Affairs\"},\"image\":{\"@id\":\"https:\/\/www.ceibcn.com\/ca\/#\/schema\/logo\/image\/\"},\"sameAs\":[\"https:\/\/www.facebook.com\/CEI.CentroDeEstudiosInternacionales\/\",\"https:\/\/x.com\/CEIbcn\",\"https:\/\/www.instagram.com\/cei_international\/\"]},{\"@type\":\"Person\",\"@id\":\"https:\/\/www.ceibcn.com\/ca\/#\/schema\/person\/4ef9992ee2fbd3987a5e1834e5d5808d\",\"name\":\"Cristian Romero Velasco\",\"image\":{\"@type\":\"ImageObject\",\"inLanguage\":\"ca\",\"@id\":\"https:\/\/www.ceibcn.com\/ca\/#\/schema\/person\/image\/\",\"url\":\"https:\/\/secure.gravatar.com\/avatar\/d78c33ad7f1570635ae9c9cb6274fe682bd5872dfde7a5448127d7825dd90943?s=96&d=mm&r=g\",\"contentUrl\":\"https:\/\/secure.gravatar.com\/avatar\/d78c33ad7f1570635ae9c9cb6274fe682bd5872dfde7a5448127d7825dd90943?s=96&d=mm&r=g\",\"caption\":\"Cristian Romero Velasco\"},\"url\":\"https:\/\/www.ceibcn.com\/ca\/author\/cristian\/\"}]}<\/script>\n<!-- \/ Yoast SEO plugin. -->","yoast_head_json":{"title":"Seminari \u201cFragilitats i friccions a l'Economia global: Diagn\u00f2stic i implicacions\" - CEI International Affairs","robots":{"index":"index","follow":"follow","max-snippet":"max-snippet:-1","max-image-preview":"max-image-preview:large","max-video-preview":"max-video-preview:-1"},"canonical":"https:\/\/www.ceibcn.com\/ca\/2020\/07\/seminari-fragilitats-i-friccions-a-l-economia-global-diagnostic-i-implicacions\/","og_locale":"ca_ES","og_type":"article","og_title":"Seminari \u201cFragilitats i friccions a l'Economia global: Diagn\u00f2stic i implicacions\" - CEI International Affairs","og_description":"SEMINARI \u201cFRAGILITATS I FRICCIONS A L&#8217;ECONOMIA GLOBAL: DIAGN\u00d2STIC I IMPLICACIONS\u201d &nbsp; Organitzaci\u00f3: CEI International Affairs Amb la col\u00b7laboraci\u00f3 de: &#8220;la Caixa&#8221;, el M\u00e0ster en Internacionalitzaci\u00f3 UB i el M\u00e0ster Mercats Financers UB &nbsp; Data: 2 d&#8217;octubre de 2020 Disponible al complet &nbsp; \u201cEls riscos que planegen sobre l&#8217;economia mundial s\u00f3n tan diversos com rellevants i [&hellip;]","og_url":"https:\/\/www.ceibcn.com\/ca\/2020\/07\/seminari-fragilitats-i-friccions-a-l-economia-global-diagnostic-i-implicacions\/","og_site_name":"CEI International Affairs","article_publisher":"https:\/\/www.facebook.com\/CEI.CentroDeEstudiosInternacionales\/","article_published_time":"2020-07-24T09:12:44+00:00","article_modified_time":"2023-04-24T08:37:08+00:00","og_image":[{"width":500,"height":500,"url":"https:\/\/www.ceibcn.com\/wp-content\/uploads\/2023\/01\/Logo-CEI.png","type":"image\/png"}],"author":"Cristian Romero Velasco","twitter_card":"summary_large_image","twitter_creator":"@CEIbcn","twitter_site":"@CEIbcn","twitter_misc":{"Escrit per":"Cristian Romero Velasco","Temps estimat de lectura":"2 minuts"},"schema":{"@context":"https:\/\/schema.org","@graph":[{"@type":"Article","@id":"https:\/\/www.ceibcn.com\/ca\/2020\/07\/seminari-fragilitats-i-friccions-a-l-economia-global-diagnostic-i-implicacions\/#article","isPartOf":{"@id":"https:\/\/www.ceibcn.com\/ca\/2020\/07\/seminari-fragilitats-i-friccions-a-l-economia-global-diagnostic-i-implicacions\/"},"author":{"name":"Cristian Romero Velasco","@id":"https:\/\/www.ceibcn.com\/ca\/#\/schema\/person\/4ef9992ee2fbd3987a5e1834e5d5808d"},"headline":"Seminari \u201cFragilitats i friccions a l&#8217;Economia global: Diagn\u00f2stic i implicacions&#8221;","datePublished":"2020-07-24T09:12:44+00:00","dateModified":"2023-04-24T08:37:08+00:00","mainEntityOfPage":{"@id":"https:\/\/www.ceibcn.com\/ca\/2020\/07\/seminari-fragilitats-i-friccions-a-l-economia-global-diagnostic-i-implicacions\/"},"wordCount":445,"publisher":{"@id":"https:\/\/www.ceibcn.com\/ca\/#organization"},"articleSection":["Aula Internacional"],"inLanguage":"ca"},{"@type":"WebPage","@id":"https:\/\/www.ceibcn.com\/ca\/2020\/07\/seminari-fragilitats-i-friccions-a-l-economia-global-diagnostic-i-implicacions\/","url":"https:\/\/www.ceibcn.com\/ca\/2020\/07\/seminari-fragilitats-i-friccions-a-l-economia-global-diagnostic-i-implicacions\/","name":"Seminari \u201cFragilitats i friccions a l'Economia global: Diagn\u00f2stic i implicacions\" - CEI International Affairs","isPartOf":{"@id":"https:\/\/www.ceibcn.com\/ca\/#website"},"datePublished":"2020-07-24T09:12:44+00:00","dateModified":"2023-04-24T08:37:08+00:00","breadcrumb":{"@id":"https:\/\/www.ceibcn.com\/ca\/2020\/07\/seminari-fragilitats-i-friccions-a-l-economia-global-diagnostic-i-implicacions\/#breadcrumb"},"inLanguage":"ca","potentialAction":[{"@type":"ReadAction","target":["https:\/\/www.ceibcn.com\/ca\/2020\/07\/seminari-fragilitats-i-friccions-a-l-economia-global-diagnostic-i-implicacions\/"]}]},{"@type":"BreadcrumbList","@id":"https:\/\/www.ceibcn.com\/ca\/2020\/07\/seminari-fragilitats-i-friccions-a-l-economia-global-diagnostic-i-implicacions\/#breadcrumb","itemListElement":[{"@type":"ListItem","position":1,"name":"Portada","item":"https:\/\/www.ceibcn.com\/ca\/"},{"@type":"ListItem","position":2,"name":"Seminari \u201cFragilitats i friccions a l&#8217;Economia global: Diagn\u00f2stic i implicacions&#8221;"}]},{"@type":"WebSite","@id":"https:\/\/www.ceibcn.com\/ca\/#website","url":"https:\/\/www.ceibcn.com\/ca\/","name":"CEI International Affairs","description":"CEI International Affairs","publisher":{"@id":"https:\/\/www.ceibcn.com\/ca\/#organization"},"alternateName":"CEI International Affairs","potentialAction":[{"@type":"SearchAction","target":{"@type":"EntryPoint","urlTemplate":"https:\/\/www.ceibcn.com\/ca\/?s={search_term_string}"},"query-input":{"@type":"PropertyValueSpecification","valueRequired":true,"valueName":"search_term_string"}}],"inLanguage":"ca"},{"@type":"Organization","@id":"https:\/\/www.ceibcn.com\/ca\/#organization","name":"CEI International Affairs","url":"https:\/\/www.ceibcn.com\/ca\/","logo":{"@type":"ImageObject","inLanguage":"ca","@id":"https:\/\/www.ceibcn.com\/ca\/#\/schema\/logo\/image\/","url":"https:\/\/www.ceibcn.com\/wp-content\/uploads\/2021\/09\/CeiLogo_EscuelaDiploVectorized_vectorizedSIN_FONDO.png","contentUrl":"https:\/\/www.ceibcn.com\/wp-content\/uploads\/2021\/09\/CeiLogo_EscuelaDiploVectorized_vectorizedSIN_FONDO.png","width":1591,"height":629,"caption":"CEI International Affairs"},"image":{"@id":"https:\/\/www.ceibcn.com\/ca\/#\/schema\/logo\/image\/"},"sameAs":["https:\/\/www.facebook.com\/CEI.CentroDeEstudiosInternacionales\/","https:\/\/x.com\/CEIbcn","https:\/\/www.instagram.com\/cei_international\/"]},{"@type":"Person","@id":"https:\/\/www.ceibcn.com\/ca\/#\/schema\/person\/4ef9992ee2fbd3987a5e1834e5d5808d","name":"Cristian Romero Velasco","image":{"@type":"ImageObject","inLanguage":"ca","@id":"https:\/\/www.ceibcn.com\/ca\/#\/schema\/person\/image\/","url":"https:\/\/secure.gravatar.com\/avatar\/d78c33ad7f1570635ae9c9cb6274fe682bd5872dfde7a5448127d7825dd90943?s=96&d=mm&r=g","contentUrl":"https:\/\/secure.gravatar.com\/avatar\/d78c33ad7f1570635ae9c9cb6274fe682bd5872dfde7a5448127d7825dd90943?s=96&d=mm&r=g","caption":"Cristian Romero Velasco"},"url":"https:\/\/www.ceibcn.com\/ca\/author\/cristian\/"}]}},"_links":{"self":[{"href":"https:\/\/www.ceibcn.com\/ca\/wp-json\/wp\/v2\/posts\/3491","targetHints":{"allow":["GET"]}}],"collection":[{"href":"https:\/\/www.ceibcn.com\/ca\/wp-json\/wp\/v2\/posts"}],"about":[{"href":"https:\/\/www.ceibcn.com\/ca\/wp-json\/wp\/v2\/types\/post"}],"author":[{"embeddable":true,"href":"https:\/\/www.ceibcn.com\/ca\/wp-json\/wp\/v2\/users\/6"}],"replies":[{"embeddable":true,"href":"https:\/\/www.ceibcn.com\/ca\/wp-json\/wp\/v2\/comments?post=3491"}],"version-history":[{"count":1,"href":"https:\/\/www.ceibcn.com\/ca\/wp-json\/wp\/v2\/posts\/3491\/revisions"}],"predecessor-version":[{"id":5832,"href":"https:\/\/www.ceibcn.com\/ca\/wp-json\/wp\/v2\/posts\/3491\/revisions\/5832"}],"wp:attachment":[{"href":"https:\/\/www.ceibcn.com\/ca\/wp-json\/wp\/v2\/media?parent=3491"}],"wp:term":[{"taxonomy":"category","embeddable":true,"href":"https:\/\/www.ceibcn.com\/ca\/wp-json\/wp\/v2\/categories?post=3491"},{"taxonomy":"post_tag","embeddable":true,"href":"https:\/\/www.ceibcn.com\/ca\/wp-json\/wp\/v2\/tags?post=3491"}],"curies":[{"name":"wp","href":"https:\/\/api.w.org\/{rel}","templated":true}]}}