{"id":3577,"date":"2020-03-03T10:46:05","date_gmt":"2020-03-03T09:46:05","guid":{"rendered":"https:\/\/www.ceibcn.com\/2020\/03\/relatoria-trobada-amb-l-excm-sr-dezcallar-de-mazarredo-ambaixador-d-espanya-a-la-xina\/"},"modified":"2023-05-08T11:00:09","modified_gmt":"2023-05-08T09:00:09","slug":"relatoria-trobada-amb-l-excm-sr-dezcallar-de-mazarredo-ambaixador-d-espanya-a-la-xina","status":"publish","type":"post","link":"https:\/\/www.ceibcn.com\/ca\/2020\/03\/relatoria-trobada-amb-l-excm-sr-dezcallar-de-mazarredo-ambaixador-d-espanya-a-la-xina\/","title":{"rendered":"Relatoria: Trobada amb l&#8217;Excm. Sr. Dezcallar de Mazarredo, Ambaixador d&#8217;Espanya a la Xina"},"content":{"rendered":"<p>La trobada va comen\u00e7ar amb una breu introducci\u00f3 per part de la <strong>Dra. Ana G. Juanatey,<\/strong> en la qual va parlar sobre el desenvolupament sostenible en temps de <strong>COVID-19<\/strong>. En aquesta, l&#8217;acad\u00e8mica va comentar el preu que les economies hauran de pagar per a accelerar la recuperaci\u00f3 econ\u00f2mica: la prioritzaci\u00f3 dels objectius de creixement davant altres reptes globals, sobretot els ambientals que estan codificats en projectes com l&#8217;<strong>Agenda 2030 o els Objectius de Desenvolupament Sostenible (ODS)<\/strong>. En la mateixa l\u00ednia, la Dra. Juanatey va esmentar que actualment diverses administracions p\u00fabliques estan desmantellant moltes de les regulacions ambientals aprovades en el passat. Abans de cedir la paraula a l&#8217;ambaixador, la Dra. Garc\u00eda Juanatey va preguntar a l&#8217;ambaixador com seria, segons la seva opini\u00f3, la posici\u00f3 xinesa davant aquest dilema.<\/p>\n<p>&nbsp;<\/p>\n<p>L&#8217;<strong>Excm. Sr. Rafael Dezcallar de Mazarredo<\/strong> va comen\u00e7ar la seva intervenci\u00f3 amb una breu contextualitzaci\u00f3 sobre el creixement de l&#8217;economia xinesa, en la qual va posar l&#8217;accent en la seva rapidesa. El pa\u00eds asi\u00e0tic ha estat capa\u00e7, en un per\u00edode de temps relativament curt, d&#8217;eliminar grans bosses de pobresa dins del seu territori.<\/p>\n<p>&nbsp;<\/p>\n<p><img fetchpriority=\"high\" decoding=\"async\" class=\" size-full wp-image-3569\" style=\"display: block; margin-left: auto; margin-right: auto;\" src=\"https:\/\/www.ceibcn.com\/wp-content\/uploads\/2020\/03\/PortFinal.China_.png\" alt=\"PortFinal.China\" width=\"600\" height=\"300\" srcset=\"https:\/\/www.ceibcn.com\/wp-content\/uploads\/2020\/03\/PortFinal.China_.png 900w, https:\/\/www.ceibcn.com\/wp-content\/uploads\/2020\/03\/PortFinal.China_-300x150.png 300w, https:\/\/www.ceibcn.com\/wp-content\/uploads\/2020\/03\/PortFinal.China_-768x384.png 768w, https:\/\/www.ceibcn.com\/wp-content\/uploads\/2020\/03\/PortFinal.China_-150x75.png 150w\" sizes=\"(max-width: 600px) 100vw, 600px\" \/><\/p>\n<p>&nbsp;<\/p>\n<p>Aquest <strong>creixement econ\u00f2mic,<\/strong> naturalment, s&#8217;ha tradu\u00eft en influ\u00e8ncia pol\u00edtica en la Comunitat Internacional. Per exemple mitjan\u00e7ant la Iniciativa de la Franja i la Ruta (IFR, BRI en les seves sigles angleses), que ha dut a terme moltes inversions en infraestructures a tot el m\u00f3n, amb especial atenci\u00f3 a \u00c0sia i \u00c0frica. Si b\u00e9 l&#8217;ambaixador va destacar els reptes que la naci\u00f3 asi\u00e0tica t\u00e9 per davant avui dia (alt endeutament p\u00fablic i privat, els dubtes generats pel desenvolupament del seu sistema financer, etc.) una de les prioritats del gran pa\u00eds asi\u00e0tic a llarg termini \u00e9s el desenvolupament tecnol\u00f2gic i la transici\u00f3 cap a l&#8217;economia digital com a catalitzador per a desenvolupar projectes basats en la intel\u00b7lig\u00e8ncia artificial (IA). La Xina ha desenvolupat un entorn digital paral\u00b7lel i competitiu al dels Estats Units, i desitja crear unes forces armades modernes amb l&#8217;objectiu de poder fer front a la influ\u00e8ncia dels Estats Units a Hong Kong, Taiwan i la zona de la mar del sud de la Xina.<\/p>\n<p>&nbsp;<\/p>\n<p>La relaci\u00f3 entre la <strong>Xina i els Estats Units<\/strong> va ser un dels aspectes que l&#8217;ambaixador va analitzar en profunditat. En concret, va parlar de l&#8217;objectiu que ha perseguit EUA des que el pa\u00eds asi\u00e0tic va comen\u00e7ar a desenvolupar-se: canviar les regles del joc de la globalitzaci\u00f3, que en la seva opini\u00f3 han afavorit a la Xina. En alguns casos aix\u00f2 es tradueix a buscar un <em>decoupling<\/em>, que consisteix a eliminar les cadenes de valor globals que considera favorables a la Xina. Tanmateix, aix\u00f2 comporta un elevat grau de dificultat, ja que moltes grans multinacionals dels Estats Units depenen de prove\u00efdors xinesos. Una altra complicaci\u00f3 que t\u00e9 el govern americ\u00e0 amb aquesta estrat\u00e8gia s\u00f3n els avantatges comparatius que, avui dia, t\u00e9 l&#8217;economia xinesa: produeix a un cost menor, compta amb grans infraestructures i prove\u00efdors competitius a m\u00e9s de m\u00e0 d&#8217;obra abundant i qualificada i, finalment, compta amb el major mercat interior del m\u00f3n.<\/p>\n<p>&nbsp;<\/p>\n<p>Despr\u00e9s d&#8217;aquesta explicaci\u00f3, l&#8217;ambaixador va descriure com <strong>l&#8217;economia xinesa havia reaccionat davant la pand\u00e8mia provocada pel COVID-19.<\/strong> En concret, va mencionar que el virus va afectar les cadenes de valor globals i va causar l&#8217;augment de la desocupaci\u00f3 i el tancament de moltes petites i mitjanes empreses. Aix\u00f2 va succeir a l&#8217;inici de la crisi, perqu\u00e8 el pa\u00eds era el focus de la pand\u00e8mia, i m\u00e9s tard perqu\u00e8 els mercats internacionals van quedar molt afectats. Si b\u00e9 el cop inicial va ser dur, ja que el brot va sorgir dins de les seves fronteres, la Xina ha estat la primera que ha pogut controlar la pand\u00e8mia, a m\u00e9s de convertir-se en el subministrador global de material sanitari com a m\u00e0scares o respiradors. Aix\u00f2 ha provocat un creixement encara major de la rivalitat amb els Estats Units, que s&#8217;ha tradu\u00eft en una lluita per la narrativa sobre la pand\u00e8mia, amb conseq\u00fc\u00e8ncies com la retirada dels EUA de l&#8217;OMS, que respon a l&#8217;estrat\u00e8gia dels EUA d&#8217;apuntar a la Xina com a culpable de la seva extensi\u00f3.<\/p>\n<p>&nbsp;<\/p>\n<blockquote><p><strong>En aquest context, quin ha de ser la pol\u00edtica exterior de la UE?<\/strong><\/p><\/blockquote>\n<p>&nbsp;<\/p>\n<p>La soluci\u00f3, per a l&#8217;ambaixador, resideix en la<strong> cerca per part de la Uni\u00f3 Europea d&#8217;un espai pol\u00edtic i econ\u00f2mic propi,<\/strong> no en un alineament autom\u00e0tic ni amb la Xina ni amb els EUA. La UE disposa del pes econ\u00f2mic i pol\u00edtic per a poder fer-lo. Si b\u00e9 la Uni\u00f3 Europea coincideix amb els EUA en els valors pol\u00edtics fonamentals que defensa i en qu\u00e8 la Xina ha d&#8217;obrir m\u00e9s la seva economia, incloent el sector financer, no comparteix la postura americana de dur a terme una guerra comercial amb la Xina ni d&#8217;acabar amb la globalitzaci\u00f3, les cadenes globals de valor i el sistema multilateral. A m\u00e9s, la Xina, malgrat la seva creixent influ\u00e8ncia en l&#8217;Est d&#8217;Europa, veu a la UE com un possible aliat, que pot ser un contrap\u00e8s efectiu a la influ\u00e8ncia nord-americana. Un exemple de tot aix\u00f2 \u00e9s l&#8217;acord general d&#8217;inversions que s&#8217;est\u00e0 negociant actualment amb la UE. Mitjan\u00e7ant aquest acord, la UE tracta de conv\u00e8ncer a la Xina perqu\u00e8 obri m\u00e9s la seva economia a empreses estrangeres, per\u00f2 a partir d&#8217;una estrat\u00e8gia de col\u00b7laboraci\u00f3 i no de confrontaci\u00f3.<\/p>\n<p>&nbsp;<\/p>\n<p><img decoding=\"async\" class=\" size-full wp-image-3572\" style=\"display: block; margin-left: auto; margin-right: auto;\" src=\"https:\/\/www.ceibcn.com\/wp-content\/uploads\/2020\/03\/Captura_de_pantalla_2020-06-08_a_las_12.09.33.png\" alt=\"Embajador de Espa\u00f1a en China\" width=\"400\" height=\"362\" srcset=\"https:\/\/www.ceibcn.com\/wp-content\/uploads\/2020\/03\/Captura_de_pantalla_2020-06-08_a_las_12.09.33.png 487w, https:\/\/www.ceibcn.com\/wp-content\/uploads\/2020\/03\/Captura_de_pantalla_2020-06-08_a_las_12.09.33-300x272.png 300w, https:\/\/www.ceibcn.com\/wp-content\/uploads\/2020\/03\/Captura_de_pantalla_2020-06-08_a_las_12.09.33-150x136.png 150w\" sizes=\"(max-width: 400px) 100vw, 400px\" \/><\/p>\n<p>&nbsp;<\/p>\n<p>En el cas d&#8217;<strong>Espanya<\/strong>, l&#8217;Excm. Senyor Dezcallar va qualificar les relacions entre tots dos pa\u00efsos com a bones. Va destacar que, a ulls de la Xina, Espanya no \u00e9s un pa\u00eds secundari, donada la seva influ\u00e8ncia a Europa, el Mediterrani i Am\u00e8rica Llatina. No obstant aix\u00f2 no s&#8217;ha aconseguit aprofitar tot el potencial econ\u00f2mic d&#8217;aquesta cooperaci\u00f3. Malgrat tenir una balan\u00e7a de pagaments negativa amb la Xina (amb una taxa de cobertura del 23%), hi ha moltes possibilitats de desenvolupar una bona col\u00b7laboraci\u00f3 en diferents \u00e0mbits com el comer\u00e7, les inversions, la tecnologia, el turisme, la moda, etc. No obstant aix\u00f2, diferents factors en la situaci\u00f3 recent de tots dos pa\u00efsos, aix\u00ed com com la situaci\u00f3 creada per la pand\u00e8mia des del comen\u00e7ament de 2020, han dificultat fins ara que es puguin dur a terme projectes a curt termini. En el futur existeixen perspectives molt positives per a desenvolupar plenament els diferents camps de cooperaci\u00f3 inclosos en la Declaraci\u00f3 aprovada en ocasi\u00f3 de la visita a Espanya del President Xi Jinping al novembre de 2018. A m\u00e9s, en aquest moment Xina ha col\u00b7locat com a objectiu per a sortir de l&#8217;aturada econ\u00f2mica provocada pel COVID-19 desenvolupar el mercat interior -a difer\u00e8ncia de l&#8217;estrat\u00e8gia seguida per a sortir de la recessi\u00f3 del 2008, basada en la construcci\u00f3 i les infraestructures-, i aqu\u00ed les empreses espanyoles, sobretot les del sector serveis, poden desenvolupar projectes interessants al pa\u00eds asi\u00e0tic.<\/p>\n<p>&nbsp;<\/p>\n<p>En definitiva, la <strong>Xina est\u00e0 clarament en un proc\u00e9s de creixement i desenvolupament,<\/strong> si b\u00e9 encara hi ha sectors en els quals est\u00e0 per darrere dels EUA No obstant aix\u00f2, l&#8217;ambaixador va destacar en diverses ocasions que l&#8217;inter\u00e8s de la Xina en aquests moments \u00e9s evitar la depend\u00e8ncia de pa\u00efsos tercers en \u00e0mbits clau com la tecnologia, l&#8217;economia o la defensa, m\u00e9s que reempla\u00e7ar als EUA com a superpot\u00e8ncia en la comunitat internacional.<\/p>\n<p>&nbsp;<\/p>\n<p>&nbsp;<\/p>\n<blockquote><p><strong>Relatoria elaborada per Luis Tort-Martorell<\/strong><\/p>\n<p><strong>Alumne del <a href=\"ca\/master-diplomacia\">M\u00e0ster en Diplom\u00e0cia i Organitzacions Internacionals<\/a><\/strong><\/p><\/blockquote>\n","protected":false},"excerpt":{"rendered":"<p>La trobada va comen\u00e7ar amb una breu introducci\u00f3 per part de la Dra. Ana G. Juanatey, en la qual va parlar sobre el desenvolupament sostenible en temps de COVID-19. En aquesta, l&#8217;acad\u00e8mica va comentar el preu que les economies hauran de pagar per a accelerar la recuperaci\u00f3 econ\u00f2mica: la prioritzaci\u00f3 dels objectius de creixement davant [&hellip;]<\/p>\n","protected":false},"author":6,"featured_media":3569,"comment_status":"open","ping_status":"closed","sticky":false,"template":"","format":"standard","meta":{"_acf_changed":false,"_crdt_document":"","inline_featured_image":false,"footnotes":""},"categories":[121],"tags":[],"class_list":["post-3577","post","type-post","status-publish","format-standard","has-post-thumbnail","hentry","category-noticies"],"acf":[],"yoast_head":"<!-- This site is optimized with the Yoast SEO plugin v27.0 - https:\/\/yoast.com\/product\/yoast-seo-wordpress\/ -->\n<title>Relatoria: Trobada amb l&#039;Excm. Sr. Dezcallar de Mazarredo, Ambaixador d&#039;Espanya a la Xina - CEI International Affairs<\/title>\n<meta name=\"robots\" content=\"index, follow, max-snippet:-1, max-image-preview:large, max-video-preview:-1\" \/>\n<link rel=\"canonical\" href=\"https:\/\/www.ceibcn.com\/ca\/2020\/03\/relatoria-trobada-amb-l-excm-sr-dezcallar-de-mazarredo-ambaixador-d-espanya-a-la-xina\/\" \/>\n<meta property=\"og:locale\" content=\"ca_ES\" \/>\n<meta property=\"og:type\" content=\"article\" \/>\n<meta property=\"og:title\" content=\"Relatoria: Trobada amb l&#039;Excm. Sr. Dezcallar de Mazarredo, Ambaixador d&#039;Espanya a la Xina - CEI International Affairs\" \/>\n<meta property=\"og:description\" content=\"La trobada va comen\u00e7ar amb una breu introducci\u00f3 per part de la Dra. Ana G. Juanatey, en la qual va parlar sobre el desenvolupament sostenible en temps de COVID-19. En aquesta, l&#8217;acad\u00e8mica va comentar el preu que les economies hauran de pagar per a accelerar la recuperaci\u00f3 econ\u00f2mica: la prioritzaci\u00f3 dels objectius de creixement davant [&hellip;]\" \/>\n<meta property=\"og:url\" content=\"https:\/\/www.ceibcn.com\/ca\/2020\/03\/relatoria-trobada-amb-l-excm-sr-dezcallar-de-mazarredo-ambaixador-d-espanya-a-la-xina\/\" \/>\n<meta property=\"og:site_name\" content=\"CEI International Affairs\" \/>\n<meta property=\"article:publisher\" content=\"https:\/\/www.facebook.com\/CEI.CentroDeEstudiosInternacionales\/\" \/>\n<meta property=\"article:published_time\" content=\"2020-03-03T09:46:05+00:00\" \/>\n<meta property=\"article:modified_time\" content=\"2023-05-08T09:00:09+00:00\" \/>\n<meta property=\"og:image\" content=\"https:\/\/www.ceibcn.com\/wp-content\/uploads\/2020\/03\/PortFinal.China_.png\" \/>\n\t<meta property=\"og:image:width\" content=\"900\" \/>\n\t<meta property=\"og:image:height\" content=\"450\" \/>\n\t<meta property=\"og:image:type\" content=\"image\/png\" \/>\n<meta name=\"author\" content=\"Cristian Romero Velasco\" \/>\n<meta name=\"twitter:card\" content=\"summary_large_image\" \/>\n<meta name=\"twitter:creator\" content=\"@CEIbcn\" \/>\n<meta name=\"twitter:site\" content=\"@CEIbcn\" \/>\n<meta name=\"twitter:label1\" content=\"Escrit per\" \/>\n\t<meta name=\"twitter:data1\" content=\"Cristian Romero Velasco\" \/>\n\t<meta name=\"twitter:label2\" content=\"Temps estimat de lectura\" \/>\n\t<meta name=\"twitter:data2\" content=\"6 minuts\" \/>\n<script type=\"application\/ld+json\" class=\"yoast-schema-graph\">{\"@context\":\"https:\/\/schema.org\",\"@graph\":[{\"@type\":\"Article\",\"@id\":\"https:\/\/www.ceibcn.com\/ca\/2020\/03\/relatoria-trobada-amb-l-excm-sr-dezcallar-de-mazarredo-ambaixador-d-espanya-a-la-xina\/#article\",\"isPartOf\":{\"@id\":\"https:\/\/www.ceibcn.com\/ca\/2020\/03\/relatoria-trobada-amb-l-excm-sr-dezcallar-de-mazarredo-ambaixador-d-espanya-a-la-xina\/\"},\"author\":{\"name\":\"Cristian Romero Velasco\",\"@id\":\"https:\/\/www.ceibcn.com\/ca\/#\/schema\/person\/4ef9992ee2fbd3987a5e1834e5d5808d\"},\"headline\":\"Relatoria: Trobada amb l&#8217;Excm. Sr. Dezcallar de Mazarredo, Ambaixador d&#8217;Espanya a la Xina\",\"datePublished\":\"2020-03-03T09:46:05+00:00\",\"dateModified\":\"2023-05-08T09:00:09+00:00\",\"mainEntityOfPage\":{\"@id\":\"https:\/\/www.ceibcn.com\/ca\/2020\/03\/relatoria-trobada-amb-l-excm-sr-dezcallar-de-mazarredo-ambaixador-d-espanya-a-la-xina\/\"},\"wordCount\":1345,\"commentCount\":0,\"publisher\":{\"@id\":\"https:\/\/www.ceibcn.com\/ca\/#organization\"},\"image\":{\"@id\":\"https:\/\/www.ceibcn.com\/ca\/2020\/03\/relatoria-trobada-amb-l-excm-sr-dezcallar-de-mazarredo-ambaixador-d-espanya-a-la-xina\/#primaryimage\"},\"thumbnailUrl\":\"https:\/\/www.ceibcn.com\/wp-content\/uploads\/2020\/03\/PortFinal.China_.png\",\"articleSection\":[\"Not\u00edcies\"],\"inLanguage\":\"ca\",\"potentialAction\":[{\"@type\":\"CommentAction\",\"name\":\"Comment\",\"target\":[\"https:\/\/www.ceibcn.com\/ca\/2020\/03\/relatoria-trobada-amb-l-excm-sr-dezcallar-de-mazarredo-ambaixador-d-espanya-a-la-xina\/#respond\"]}]},{\"@type\":\"WebPage\",\"@id\":\"https:\/\/www.ceibcn.com\/ca\/2020\/03\/relatoria-trobada-amb-l-excm-sr-dezcallar-de-mazarredo-ambaixador-d-espanya-a-la-xina\/\",\"url\":\"https:\/\/www.ceibcn.com\/ca\/2020\/03\/relatoria-trobada-amb-l-excm-sr-dezcallar-de-mazarredo-ambaixador-d-espanya-a-la-xina\/\",\"name\":\"Relatoria: Trobada amb l'Excm. Sr. Dezcallar de Mazarredo, Ambaixador d'Espanya a la Xina - CEI International Affairs\",\"isPartOf\":{\"@id\":\"https:\/\/www.ceibcn.com\/ca\/#website\"},\"primaryImageOfPage\":{\"@id\":\"https:\/\/www.ceibcn.com\/ca\/2020\/03\/relatoria-trobada-amb-l-excm-sr-dezcallar-de-mazarredo-ambaixador-d-espanya-a-la-xina\/#primaryimage\"},\"image\":{\"@id\":\"https:\/\/www.ceibcn.com\/ca\/2020\/03\/relatoria-trobada-amb-l-excm-sr-dezcallar-de-mazarredo-ambaixador-d-espanya-a-la-xina\/#primaryimage\"},\"thumbnailUrl\":\"https:\/\/www.ceibcn.com\/wp-content\/uploads\/2020\/03\/PortFinal.China_.png\",\"datePublished\":\"2020-03-03T09:46:05+00:00\",\"dateModified\":\"2023-05-08T09:00:09+00:00\",\"breadcrumb\":{\"@id\":\"https:\/\/www.ceibcn.com\/ca\/2020\/03\/relatoria-trobada-amb-l-excm-sr-dezcallar-de-mazarredo-ambaixador-d-espanya-a-la-xina\/#breadcrumb\"},\"inLanguage\":\"ca\",\"potentialAction\":[{\"@type\":\"ReadAction\",\"target\":[\"https:\/\/www.ceibcn.com\/ca\/2020\/03\/relatoria-trobada-amb-l-excm-sr-dezcallar-de-mazarredo-ambaixador-d-espanya-a-la-xina\/\"]}]},{\"@type\":\"ImageObject\",\"inLanguage\":\"ca\",\"@id\":\"https:\/\/www.ceibcn.com\/ca\/2020\/03\/relatoria-trobada-amb-l-excm-sr-dezcallar-de-mazarredo-ambaixador-d-espanya-a-la-xina\/#primaryimage\",\"url\":\"https:\/\/www.ceibcn.com\/wp-content\/uploads\/2020\/03\/PortFinal.China_.png\",\"contentUrl\":\"https:\/\/www.ceibcn.com\/wp-content\/uploads\/2020\/03\/PortFinal.China_.png\",\"width\":900,\"height\":450,\"caption\":\"PortFinal.China\"},{\"@type\":\"BreadcrumbList\",\"@id\":\"https:\/\/www.ceibcn.com\/ca\/2020\/03\/relatoria-trobada-amb-l-excm-sr-dezcallar-de-mazarredo-ambaixador-d-espanya-a-la-xina\/#breadcrumb\",\"itemListElement\":[{\"@type\":\"ListItem\",\"position\":1,\"name\":\"Portada\",\"item\":\"https:\/\/www.ceibcn.com\/ca\/\"},{\"@type\":\"ListItem\",\"position\":2,\"name\":\"Relatoria: Trobada amb l&#8217;Excm. Sr. Dezcallar de Mazarredo, Ambaixador d&#8217;Espanya a la Xina\"}]},{\"@type\":\"WebSite\",\"@id\":\"https:\/\/www.ceibcn.com\/ca\/#website\",\"url\":\"https:\/\/www.ceibcn.com\/ca\/\",\"name\":\"CEI International Affairs\",\"description\":\"CEI International Affairs\",\"publisher\":{\"@id\":\"https:\/\/www.ceibcn.com\/ca\/#organization\"},\"alternateName\":\"CEI International Affairs\",\"potentialAction\":[{\"@type\":\"SearchAction\",\"target\":{\"@type\":\"EntryPoint\",\"urlTemplate\":\"https:\/\/www.ceibcn.com\/ca\/?s={search_term_string}\"},\"query-input\":{\"@type\":\"PropertyValueSpecification\",\"valueRequired\":true,\"valueName\":\"search_term_string\"}}],\"inLanguage\":\"ca\"},{\"@type\":\"Organization\",\"@id\":\"https:\/\/www.ceibcn.com\/ca\/#organization\",\"name\":\"CEI International Affairs\",\"url\":\"https:\/\/www.ceibcn.com\/ca\/\",\"logo\":{\"@type\":\"ImageObject\",\"inLanguage\":\"ca\",\"@id\":\"https:\/\/www.ceibcn.com\/ca\/#\/schema\/logo\/image\/\",\"url\":\"https:\/\/www.ceibcn.com\/wp-content\/uploads\/2021\/09\/CeiLogo_EscuelaDiploVectorized_vectorizedSIN_FONDO.png\",\"contentUrl\":\"https:\/\/www.ceibcn.com\/wp-content\/uploads\/2021\/09\/CeiLogo_EscuelaDiploVectorized_vectorizedSIN_FONDO.png\",\"width\":1591,\"height\":629,\"caption\":\"CEI International Affairs\"},\"image\":{\"@id\":\"https:\/\/www.ceibcn.com\/ca\/#\/schema\/logo\/image\/\"},\"sameAs\":[\"https:\/\/www.facebook.com\/CEI.CentroDeEstudiosInternacionales\/\",\"https:\/\/x.com\/CEIbcn\",\"https:\/\/www.instagram.com\/cei_international\/\"]},{\"@type\":\"Person\",\"@id\":\"https:\/\/www.ceibcn.com\/ca\/#\/schema\/person\/4ef9992ee2fbd3987a5e1834e5d5808d\",\"name\":\"Cristian Romero Velasco\",\"image\":{\"@type\":\"ImageObject\",\"inLanguage\":\"ca\",\"@id\":\"https:\/\/www.ceibcn.com\/ca\/#\/schema\/person\/image\/\",\"url\":\"https:\/\/secure.gravatar.com\/avatar\/d78c33ad7f1570635ae9c9cb6274fe682bd5872dfde7a5448127d7825dd90943?s=96&d=mm&r=g\",\"contentUrl\":\"https:\/\/secure.gravatar.com\/avatar\/d78c33ad7f1570635ae9c9cb6274fe682bd5872dfde7a5448127d7825dd90943?s=96&d=mm&r=g\",\"caption\":\"Cristian Romero Velasco\"},\"url\":\"https:\/\/www.ceibcn.com\/ca\/author\/cristian\/\"}]}<\/script>\n<!-- \/ Yoast SEO plugin. -->","yoast_head_json":{"title":"Relatoria: Trobada amb l'Excm. Sr. Dezcallar de Mazarredo, Ambaixador d'Espanya a la Xina - CEI International Affairs","robots":{"index":"index","follow":"follow","max-snippet":"max-snippet:-1","max-image-preview":"max-image-preview:large","max-video-preview":"max-video-preview:-1"},"canonical":"https:\/\/www.ceibcn.com\/ca\/2020\/03\/relatoria-trobada-amb-l-excm-sr-dezcallar-de-mazarredo-ambaixador-d-espanya-a-la-xina\/","og_locale":"ca_ES","og_type":"article","og_title":"Relatoria: Trobada amb l'Excm. Sr. Dezcallar de Mazarredo, Ambaixador d'Espanya a la Xina - CEI International Affairs","og_description":"La trobada va comen\u00e7ar amb una breu introducci\u00f3 per part de la Dra. Ana G. Juanatey, en la qual va parlar sobre el desenvolupament sostenible en temps de COVID-19. En aquesta, l&#8217;acad\u00e8mica va comentar el preu que les economies hauran de pagar per a accelerar la recuperaci\u00f3 econ\u00f2mica: la prioritzaci\u00f3 dels objectius de creixement davant [&hellip;]","og_url":"https:\/\/www.ceibcn.com\/ca\/2020\/03\/relatoria-trobada-amb-l-excm-sr-dezcallar-de-mazarredo-ambaixador-d-espanya-a-la-xina\/","og_site_name":"CEI International Affairs","article_publisher":"https:\/\/www.facebook.com\/CEI.CentroDeEstudiosInternacionales\/","article_published_time":"2020-03-03T09:46:05+00:00","article_modified_time":"2023-05-08T09:00:09+00:00","og_image":[{"width":900,"height":450,"url":"https:\/\/www.ceibcn.com\/wp-content\/uploads\/2020\/03\/PortFinal.China_.png","type":"image\/png"}],"author":"Cristian Romero Velasco","twitter_card":"summary_large_image","twitter_creator":"@CEIbcn","twitter_site":"@CEIbcn","twitter_misc":{"Escrit per":"Cristian Romero Velasco","Temps estimat de lectura":"6 minuts"},"schema":{"@context":"https:\/\/schema.org","@graph":[{"@type":"Article","@id":"https:\/\/www.ceibcn.com\/ca\/2020\/03\/relatoria-trobada-amb-l-excm-sr-dezcallar-de-mazarredo-ambaixador-d-espanya-a-la-xina\/#article","isPartOf":{"@id":"https:\/\/www.ceibcn.com\/ca\/2020\/03\/relatoria-trobada-amb-l-excm-sr-dezcallar-de-mazarredo-ambaixador-d-espanya-a-la-xina\/"},"author":{"name":"Cristian Romero Velasco","@id":"https:\/\/www.ceibcn.com\/ca\/#\/schema\/person\/4ef9992ee2fbd3987a5e1834e5d5808d"},"headline":"Relatoria: Trobada amb l&#8217;Excm. Sr. Dezcallar de Mazarredo, Ambaixador d&#8217;Espanya a la Xina","datePublished":"2020-03-03T09:46:05+00:00","dateModified":"2023-05-08T09:00:09+00:00","mainEntityOfPage":{"@id":"https:\/\/www.ceibcn.com\/ca\/2020\/03\/relatoria-trobada-amb-l-excm-sr-dezcallar-de-mazarredo-ambaixador-d-espanya-a-la-xina\/"},"wordCount":1345,"commentCount":0,"publisher":{"@id":"https:\/\/www.ceibcn.com\/ca\/#organization"},"image":{"@id":"https:\/\/www.ceibcn.com\/ca\/2020\/03\/relatoria-trobada-amb-l-excm-sr-dezcallar-de-mazarredo-ambaixador-d-espanya-a-la-xina\/#primaryimage"},"thumbnailUrl":"https:\/\/www.ceibcn.com\/wp-content\/uploads\/2020\/03\/PortFinal.China_.png","articleSection":["Not\u00edcies"],"inLanguage":"ca","potentialAction":[{"@type":"CommentAction","name":"Comment","target":["https:\/\/www.ceibcn.com\/ca\/2020\/03\/relatoria-trobada-amb-l-excm-sr-dezcallar-de-mazarredo-ambaixador-d-espanya-a-la-xina\/#respond"]}]},{"@type":"WebPage","@id":"https:\/\/www.ceibcn.com\/ca\/2020\/03\/relatoria-trobada-amb-l-excm-sr-dezcallar-de-mazarredo-ambaixador-d-espanya-a-la-xina\/","url":"https:\/\/www.ceibcn.com\/ca\/2020\/03\/relatoria-trobada-amb-l-excm-sr-dezcallar-de-mazarredo-ambaixador-d-espanya-a-la-xina\/","name":"Relatoria: Trobada amb l'Excm. Sr. Dezcallar de Mazarredo, Ambaixador d'Espanya a la Xina - CEI International Affairs","isPartOf":{"@id":"https:\/\/www.ceibcn.com\/ca\/#website"},"primaryImageOfPage":{"@id":"https:\/\/www.ceibcn.com\/ca\/2020\/03\/relatoria-trobada-amb-l-excm-sr-dezcallar-de-mazarredo-ambaixador-d-espanya-a-la-xina\/#primaryimage"},"image":{"@id":"https:\/\/www.ceibcn.com\/ca\/2020\/03\/relatoria-trobada-amb-l-excm-sr-dezcallar-de-mazarredo-ambaixador-d-espanya-a-la-xina\/#primaryimage"},"thumbnailUrl":"https:\/\/www.ceibcn.com\/wp-content\/uploads\/2020\/03\/PortFinal.China_.png","datePublished":"2020-03-03T09:46:05+00:00","dateModified":"2023-05-08T09:00:09+00:00","breadcrumb":{"@id":"https:\/\/www.ceibcn.com\/ca\/2020\/03\/relatoria-trobada-amb-l-excm-sr-dezcallar-de-mazarredo-ambaixador-d-espanya-a-la-xina\/#breadcrumb"},"inLanguage":"ca","potentialAction":[{"@type":"ReadAction","target":["https:\/\/www.ceibcn.com\/ca\/2020\/03\/relatoria-trobada-amb-l-excm-sr-dezcallar-de-mazarredo-ambaixador-d-espanya-a-la-xina\/"]}]},{"@type":"ImageObject","inLanguage":"ca","@id":"https:\/\/www.ceibcn.com\/ca\/2020\/03\/relatoria-trobada-amb-l-excm-sr-dezcallar-de-mazarredo-ambaixador-d-espanya-a-la-xina\/#primaryimage","url":"https:\/\/www.ceibcn.com\/wp-content\/uploads\/2020\/03\/PortFinal.China_.png","contentUrl":"https:\/\/www.ceibcn.com\/wp-content\/uploads\/2020\/03\/PortFinal.China_.png","width":900,"height":450,"caption":"PortFinal.China"},{"@type":"BreadcrumbList","@id":"https:\/\/www.ceibcn.com\/ca\/2020\/03\/relatoria-trobada-amb-l-excm-sr-dezcallar-de-mazarredo-ambaixador-d-espanya-a-la-xina\/#breadcrumb","itemListElement":[{"@type":"ListItem","position":1,"name":"Portada","item":"https:\/\/www.ceibcn.com\/ca\/"},{"@type":"ListItem","position":2,"name":"Relatoria: Trobada amb l&#8217;Excm. Sr. Dezcallar de Mazarredo, Ambaixador d&#8217;Espanya a la Xina"}]},{"@type":"WebSite","@id":"https:\/\/www.ceibcn.com\/ca\/#website","url":"https:\/\/www.ceibcn.com\/ca\/","name":"CEI International Affairs","description":"CEI International Affairs","publisher":{"@id":"https:\/\/www.ceibcn.com\/ca\/#organization"},"alternateName":"CEI International Affairs","potentialAction":[{"@type":"SearchAction","target":{"@type":"EntryPoint","urlTemplate":"https:\/\/www.ceibcn.com\/ca\/?s={search_term_string}"},"query-input":{"@type":"PropertyValueSpecification","valueRequired":true,"valueName":"search_term_string"}}],"inLanguage":"ca"},{"@type":"Organization","@id":"https:\/\/www.ceibcn.com\/ca\/#organization","name":"CEI International Affairs","url":"https:\/\/www.ceibcn.com\/ca\/","logo":{"@type":"ImageObject","inLanguage":"ca","@id":"https:\/\/www.ceibcn.com\/ca\/#\/schema\/logo\/image\/","url":"https:\/\/www.ceibcn.com\/wp-content\/uploads\/2021\/09\/CeiLogo_EscuelaDiploVectorized_vectorizedSIN_FONDO.png","contentUrl":"https:\/\/www.ceibcn.com\/wp-content\/uploads\/2021\/09\/CeiLogo_EscuelaDiploVectorized_vectorizedSIN_FONDO.png","width":1591,"height":629,"caption":"CEI International Affairs"},"image":{"@id":"https:\/\/www.ceibcn.com\/ca\/#\/schema\/logo\/image\/"},"sameAs":["https:\/\/www.facebook.com\/CEI.CentroDeEstudiosInternacionales\/","https:\/\/x.com\/CEIbcn","https:\/\/www.instagram.com\/cei_international\/"]},{"@type":"Person","@id":"https:\/\/www.ceibcn.com\/ca\/#\/schema\/person\/4ef9992ee2fbd3987a5e1834e5d5808d","name":"Cristian Romero Velasco","image":{"@type":"ImageObject","inLanguage":"ca","@id":"https:\/\/www.ceibcn.com\/ca\/#\/schema\/person\/image\/","url":"https:\/\/secure.gravatar.com\/avatar\/d78c33ad7f1570635ae9c9cb6274fe682bd5872dfde7a5448127d7825dd90943?s=96&d=mm&r=g","contentUrl":"https:\/\/secure.gravatar.com\/avatar\/d78c33ad7f1570635ae9c9cb6274fe682bd5872dfde7a5448127d7825dd90943?s=96&d=mm&r=g","caption":"Cristian Romero Velasco"},"url":"https:\/\/www.ceibcn.com\/ca\/author\/cristian\/"}]}},"_links":{"self":[{"href":"https:\/\/www.ceibcn.com\/ca\/wp-json\/wp\/v2\/posts\/3577","targetHints":{"allow":["GET"]}}],"collection":[{"href":"https:\/\/www.ceibcn.com\/ca\/wp-json\/wp\/v2\/posts"}],"about":[{"href":"https:\/\/www.ceibcn.com\/ca\/wp-json\/wp\/v2\/types\/post"}],"author":[{"embeddable":true,"href":"https:\/\/www.ceibcn.com\/ca\/wp-json\/wp\/v2\/users\/6"}],"replies":[{"embeddable":true,"href":"https:\/\/www.ceibcn.com\/ca\/wp-json\/wp\/v2\/comments?post=3577"}],"version-history":[{"count":1,"href":"https:\/\/www.ceibcn.com\/ca\/wp-json\/wp\/v2\/posts\/3577\/revisions"}],"predecessor-version":[{"id":6051,"href":"https:\/\/www.ceibcn.com\/ca\/wp-json\/wp\/v2\/posts\/3577\/revisions\/6051"}],"wp:featuredmedia":[{"embeddable":true,"href":"https:\/\/www.ceibcn.com\/ca\/wp-json\/wp\/v2\/media\/3569"}],"wp:attachment":[{"href":"https:\/\/www.ceibcn.com\/ca\/wp-json\/wp\/v2\/media?parent=3577"}],"wp:term":[{"taxonomy":"category","embeddable":true,"href":"https:\/\/www.ceibcn.com\/ca\/wp-json\/wp\/v2\/categories?post=3577"},{"taxonomy":"post_tag","embeddable":true,"href":"https:\/\/www.ceibcn.com\/ca\/wp-json\/wp\/v2\/tags?post=3577"}],"curies":[{"name":"wp","href":"https:\/\/api.w.org\/{rel}","templated":true}]}}