{"id":3594,"date":"2020-07-27T10:48:52","date_gmt":"2020-07-27T08:48:52","guid":{"rendered":"https:\/\/www.ceibcn.com\/2020\/07\/la-cloenda-mes-esperada-del-master-universitari-en-diplomacia-i-organitzacions-internacionals\/"},"modified":"2023-04-24T10:37:00","modified_gmt":"2023-04-24T08:37:00","slug":"la-cloenda-mes-esperada-del-master-universitari-en-diplomacia-i-organitzacions-internacionals","status":"publish","type":"post","link":"https:\/\/www.ceibcn.com\/ca\/2020\/07\/la-cloenda-mes-esperada-del-master-universitari-en-diplomacia-i-organitzacions-internacionals\/","title":{"rendered":"La Cloenda m\u00e9s esperada del M\u00e0ster Universitari en Diplom\u00e0cia i Organitzacions Internacionals!"},"content":{"rendered":"<p>La Promoci\u00f3 2019-2020 del <a href=\"ca\/master-diplomacia\">M\u00e0ster Universitari en Diplom\u00e0cia i Organitzacions Internacionals<\/a> ha tingut l&#8217;honor de ser la primera en molts aspectes: La primera promoci\u00f3 de <strong>M\u00e0ster Oficial<\/strong>, el primer arbre <em>Liriodendron tulipifera<\/em> plantat al CEI\u2026 per\u00f2, sobretot, la primera en experimentar molts canvis deguts a una pand\u00e8mia mundial.<\/p>\n<p>&nbsp;<\/p>\n<p>La <strong>Promoci\u00f3 2019-2020<\/strong> ha acabat les seves classes de M\u00e0ster en plena crisi del <strong>COVID-19,<\/strong> adaptant-se a la perfecci\u00f3 a la metodologia de doc\u00e8ncia 100% online.<\/p>\n<p>&nbsp;<\/p>\n<p>No es van resignar i van demanar celebrar la seva <strong>graduaci\u00f3<\/strong>, com es pogu\u00e9s i quan es pogu\u00e9s: Amb mascareta, reducci\u00f3 d&#8217;aforament, sense c\u00e0tering, amb arribada esglaonada\u2026 i ho van aconseguir!<\/p>\n<p>&nbsp;<\/p>\n<p>{2jtoolbox gallery id:27}<\/p>\n<p>&nbsp;<\/p>\n<p>Amb el consentiment del<a href=\"https:\/\/www.ub.edu\/web\/ub\/ca\/universitat\/organitzacio\/unitats_administratives\/r\/unitatsR\/relacionsinstprot.html?\" target=\"_blank\" rel=\"noopener\"> Departament de Relacions Institucionals i Protocol de la Universitat de Barcelona<\/a> es va poder celebrar una graduaci\u00f3 d&#8217;all\u00f2 m\u00e9s especial i emotiva, seguint les <strong>estrictes normes de seguretat protocol\u00b7l\u00e0ries.<\/strong><\/p>\n<p>&nbsp;<\/p>\n<p>La graduaci\u00f3 va comptar amb els parlaments de:<\/p>\n<p>&nbsp;<\/p>\n<ul>\n<li><strong>Dr. \u00c0ngel Pes,<\/strong> Director del CEI International Affairs.<\/li>\n<\/ul>\n<p>&nbsp;<\/p>\n<ul>\n<li><strong>Dra. Helena Torroja,<\/strong> Directora Acad\u00e8mica del CEI.<\/li>\n<\/ul>\n<p>&nbsp;<\/p>\n<ul>\n<li><strong>Dr. Miguel \u00c1ngel Elizalde<\/strong>, Director Executiu del M\u00e0ster 2019-2020.<\/li>\n<\/ul>\n<p>&nbsp;<\/p>\n<ul>\n<li>La confer\u00e8ncia de clausura a c\u00e0rrec de l<strong>&#8216;Excm. Sr. Grammenos Mastrojeni,<\/strong> Diplom\u00e0tic itali\u00e0 i Secretari General Adjunt de la Uni\u00f3 pel Mediterrani.<\/li>\n<\/ul>\n<p>&nbsp;<\/p>\n<ul>\n<li>El discurs dels estudiants per part de la <strong>Sra. N\u00faria Iglesias Oll\u00e9<\/strong>, Delegada per a l&#8217;Itinerari de Seguretat Humana dins del M\u00e0ster en Diplom\u00e0cia i Organitzacions Internacionals.<\/li>\n<\/ul>\n<p>&nbsp;<\/p>\n<p>&nbsp;<\/p>\n<p>El CEI ser\u00e0 sempre casa vostra, molta sort, i \u00e0nims amb les vostres pr\u00e0ctiques!<\/p>\n<p>&nbsp;<\/p>\n<p><strong>Sereu una promoci\u00f3 que mai oblidarem!<\/strong><\/p>\n<p>&nbsp;<\/p>\n<p>{2jtoolbox gallery id:26}<\/p>\n","protected":false},"excerpt":{"rendered":"<p>La Promoci\u00f3 2019-2020 del M\u00e0ster Universitari en Diplom\u00e0cia i Organitzacions Internacionals ha tingut l&#8217;honor de ser la primera en molts aspectes: La primera promoci\u00f3 de M\u00e0ster Oficial, el primer arbre Liriodendron tulipifera plantat al CEI\u2026 per\u00f2, sobretot, la primera en experimentar molts canvis deguts a una pand\u00e8mia mundial. &nbsp; La Promoci\u00f3 2019-2020 ha acabat les [&hellip;]<\/p>\n","protected":false},"author":6,"featured_media":0,"comment_status":"closed","ping_status":"closed","sticky":false,"template":"","format":"standard","meta":{"_acf_changed":false,"_crdt_document":"","inline_featured_image":false,"footnotes":""},"categories":[121],"tags":[],"class_list":["post-3594","post","type-post","status-publish","format-standard","hentry","category-noticies"],"acf":[],"yoast_head":"<!-- This site is optimized with the Yoast SEO plugin v27.0 - https:\/\/yoast.com\/product\/yoast-seo-wordpress\/ -->\n<title>La Cloenda m\u00e9s esperada del M\u00e0ster Universitari en Diplom\u00e0cia i Organitzacions Internacionals! - CEI International Affairs<\/title>\n<meta name=\"robots\" content=\"index, follow, max-snippet:-1, max-image-preview:large, max-video-preview:-1\" \/>\n<link rel=\"canonical\" href=\"https:\/\/www.ceibcn.com\/ca\/2020\/07\/la-cloenda-mes-esperada-del-master-universitari-en-diplomacia-i-organitzacions-internacionals\/\" \/>\n<meta property=\"og:locale\" content=\"ca_ES\" \/>\n<meta property=\"og:type\" content=\"article\" \/>\n<meta property=\"og:title\" content=\"La Cloenda m\u00e9s esperada del M\u00e0ster Universitari en Diplom\u00e0cia i Organitzacions Internacionals! - CEI International Affairs\" \/>\n<meta property=\"og:description\" content=\"La Promoci\u00f3 2019-2020 del M\u00e0ster Universitari en Diplom\u00e0cia i Organitzacions Internacionals ha tingut l&#8217;honor de ser la primera en molts aspectes: La primera promoci\u00f3 de M\u00e0ster Oficial, el primer arbre Liriodendron tulipifera plantat al CEI\u2026 per\u00f2, sobretot, la primera en experimentar molts canvis deguts a una pand\u00e8mia mundial. &nbsp; La Promoci\u00f3 2019-2020 ha acabat les [&hellip;]\" \/>\n<meta property=\"og:url\" content=\"https:\/\/www.ceibcn.com\/ca\/2020\/07\/la-cloenda-mes-esperada-del-master-universitari-en-diplomacia-i-organitzacions-internacionals\/\" \/>\n<meta property=\"og:site_name\" content=\"CEI International Affairs\" \/>\n<meta property=\"article:publisher\" content=\"https:\/\/www.facebook.com\/CEI.CentroDeEstudiosInternacionales\/\" \/>\n<meta property=\"article:published_time\" content=\"2020-07-27T08:48:52+00:00\" \/>\n<meta property=\"article:modified_time\" content=\"2023-04-24T08:37:00+00:00\" \/>\n<meta property=\"og:image\" content=\"https:\/\/www.ceibcn.com\/wp-content\/uploads\/2023\/01\/Logo-CEI.png\" \/>\n\t<meta property=\"og:image:width\" content=\"500\" \/>\n\t<meta property=\"og:image:height\" content=\"500\" \/>\n\t<meta property=\"og:image:type\" content=\"image\/png\" \/>\n<meta name=\"author\" content=\"Cristian Romero Velasco\" \/>\n<meta name=\"twitter:card\" content=\"summary_large_image\" \/>\n<meta name=\"twitter:creator\" content=\"@CEIbcn\" \/>\n<meta name=\"twitter:site\" content=\"@CEIbcn\" \/>\n<meta name=\"twitter:label1\" content=\"Escrit per\" \/>\n\t<meta name=\"twitter:data1\" content=\"Cristian Romero Velasco\" \/>\n\t<meta name=\"twitter:label2\" content=\"Temps estimat de lectura\" \/>\n\t<meta name=\"twitter:data2\" content=\"1 minut\" \/>\n<script type=\"application\/ld+json\" class=\"yoast-schema-graph\">{\"@context\":\"https:\/\/schema.org\",\"@graph\":[{\"@type\":\"Article\",\"@id\":\"https:\/\/www.ceibcn.com\/ca\/2020\/07\/la-cloenda-mes-esperada-del-master-universitari-en-diplomacia-i-organitzacions-internacionals\/#article\",\"isPartOf\":{\"@id\":\"https:\/\/www.ceibcn.com\/ca\/2020\/07\/la-cloenda-mes-esperada-del-master-universitari-en-diplomacia-i-organitzacions-internacionals\/\"},\"author\":{\"name\":\"Cristian Romero Velasco\",\"@id\":\"https:\/\/www.ceibcn.com\/ca\/#\/schema\/person\/4ef9992ee2fbd3987a5e1834e5d5808d\"},\"headline\":\"La Cloenda m\u00e9s esperada del M\u00e0ster Universitari en Diplom\u00e0cia i Organitzacions Internacionals!\",\"datePublished\":\"2020-07-27T08:48:52+00:00\",\"dateModified\":\"2023-04-24T08:37:00+00:00\",\"mainEntityOfPage\":{\"@id\":\"https:\/\/www.ceibcn.com\/ca\/2020\/07\/la-cloenda-mes-esperada-del-master-universitari-en-diplomacia-i-organitzacions-internacionals\/\"},\"wordCount\":299,\"publisher\":{\"@id\":\"https:\/\/www.ceibcn.com\/ca\/#organization\"},\"articleSection\":[\"Not\u00edcies\"],\"inLanguage\":\"ca\"},{\"@type\":\"WebPage\",\"@id\":\"https:\/\/www.ceibcn.com\/ca\/2020\/07\/la-cloenda-mes-esperada-del-master-universitari-en-diplomacia-i-organitzacions-internacionals\/\",\"url\":\"https:\/\/www.ceibcn.com\/ca\/2020\/07\/la-cloenda-mes-esperada-del-master-universitari-en-diplomacia-i-organitzacions-internacionals\/\",\"name\":\"La Cloenda m\u00e9s esperada del M\u00e0ster Universitari en Diplom\u00e0cia i Organitzacions Internacionals! - CEI International Affairs\",\"isPartOf\":{\"@id\":\"https:\/\/www.ceibcn.com\/ca\/#website\"},\"datePublished\":\"2020-07-27T08:48:52+00:00\",\"dateModified\":\"2023-04-24T08:37:00+00:00\",\"breadcrumb\":{\"@id\":\"https:\/\/www.ceibcn.com\/ca\/2020\/07\/la-cloenda-mes-esperada-del-master-universitari-en-diplomacia-i-organitzacions-internacionals\/#breadcrumb\"},\"inLanguage\":\"ca\",\"potentialAction\":[{\"@type\":\"ReadAction\",\"target\":[\"https:\/\/www.ceibcn.com\/ca\/2020\/07\/la-cloenda-mes-esperada-del-master-universitari-en-diplomacia-i-organitzacions-internacionals\/\"]}]},{\"@type\":\"BreadcrumbList\",\"@id\":\"https:\/\/www.ceibcn.com\/ca\/2020\/07\/la-cloenda-mes-esperada-del-master-universitari-en-diplomacia-i-organitzacions-internacionals\/#breadcrumb\",\"itemListElement\":[{\"@type\":\"ListItem\",\"position\":1,\"name\":\"Portada\",\"item\":\"https:\/\/www.ceibcn.com\/ca\/\"},{\"@type\":\"ListItem\",\"position\":2,\"name\":\"La Cloenda m\u00e9s esperada del M\u00e0ster Universitari en Diplom\u00e0cia i Organitzacions Internacionals!\"}]},{\"@type\":\"WebSite\",\"@id\":\"https:\/\/www.ceibcn.com\/ca\/#website\",\"url\":\"https:\/\/www.ceibcn.com\/ca\/\",\"name\":\"CEI International Affairs\",\"description\":\"CEI International Affairs\",\"publisher\":{\"@id\":\"https:\/\/www.ceibcn.com\/ca\/#organization\"},\"alternateName\":\"CEI International Affairs\",\"potentialAction\":[{\"@type\":\"SearchAction\",\"target\":{\"@type\":\"EntryPoint\",\"urlTemplate\":\"https:\/\/www.ceibcn.com\/ca\/?s={search_term_string}\"},\"query-input\":{\"@type\":\"PropertyValueSpecification\",\"valueRequired\":true,\"valueName\":\"search_term_string\"}}],\"inLanguage\":\"ca\"},{\"@type\":\"Organization\",\"@id\":\"https:\/\/www.ceibcn.com\/ca\/#organization\",\"name\":\"CEI International Affairs\",\"url\":\"https:\/\/www.ceibcn.com\/ca\/\",\"logo\":{\"@type\":\"ImageObject\",\"inLanguage\":\"ca\",\"@id\":\"https:\/\/www.ceibcn.com\/ca\/#\/schema\/logo\/image\/\",\"url\":\"https:\/\/www.ceibcn.com\/wp-content\/uploads\/2021\/09\/CeiLogo_EscuelaDiploVectorized_vectorizedSIN_FONDO.png\",\"contentUrl\":\"https:\/\/www.ceibcn.com\/wp-content\/uploads\/2021\/09\/CeiLogo_EscuelaDiploVectorized_vectorizedSIN_FONDO.png\",\"width\":1591,\"height\":629,\"caption\":\"CEI International Affairs\"},\"image\":{\"@id\":\"https:\/\/www.ceibcn.com\/ca\/#\/schema\/logo\/image\/\"},\"sameAs\":[\"https:\/\/www.facebook.com\/CEI.CentroDeEstudiosInternacionales\/\",\"https:\/\/x.com\/CEIbcn\",\"https:\/\/www.instagram.com\/cei_international\/\"]},{\"@type\":\"Person\",\"@id\":\"https:\/\/www.ceibcn.com\/ca\/#\/schema\/person\/4ef9992ee2fbd3987a5e1834e5d5808d\",\"name\":\"Cristian Romero Velasco\",\"image\":{\"@type\":\"ImageObject\",\"inLanguage\":\"ca\",\"@id\":\"https:\/\/www.ceibcn.com\/ca\/#\/schema\/person\/image\/\",\"url\":\"https:\/\/secure.gravatar.com\/avatar\/d78c33ad7f1570635ae9c9cb6274fe682bd5872dfde7a5448127d7825dd90943?s=96&d=mm&r=g\",\"contentUrl\":\"https:\/\/secure.gravatar.com\/avatar\/d78c33ad7f1570635ae9c9cb6274fe682bd5872dfde7a5448127d7825dd90943?s=96&d=mm&r=g\",\"caption\":\"Cristian Romero Velasco\"},\"url\":\"https:\/\/www.ceibcn.com\/ca\/author\/cristian\/\"}]}<\/script>\n<!-- \/ Yoast SEO plugin. -->","yoast_head_json":{"title":"La Cloenda m\u00e9s esperada del M\u00e0ster Universitari en Diplom\u00e0cia i Organitzacions Internacionals! - CEI International Affairs","robots":{"index":"index","follow":"follow","max-snippet":"max-snippet:-1","max-image-preview":"max-image-preview:large","max-video-preview":"max-video-preview:-1"},"canonical":"https:\/\/www.ceibcn.com\/ca\/2020\/07\/la-cloenda-mes-esperada-del-master-universitari-en-diplomacia-i-organitzacions-internacionals\/","og_locale":"ca_ES","og_type":"article","og_title":"La Cloenda m\u00e9s esperada del M\u00e0ster Universitari en Diplom\u00e0cia i Organitzacions Internacionals! - CEI International Affairs","og_description":"La Promoci\u00f3 2019-2020 del M\u00e0ster Universitari en Diplom\u00e0cia i Organitzacions Internacionals ha tingut l&#8217;honor de ser la primera en molts aspectes: La primera promoci\u00f3 de M\u00e0ster Oficial, el primer arbre Liriodendron tulipifera plantat al CEI\u2026 per\u00f2, sobretot, la primera en experimentar molts canvis deguts a una pand\u00e8mia mundial. &nbsp; La Promoci\u00f3 2019-2020 ha acabat les [&hellip;]","og_url":"https:\/\/www.ceibcn.com\/ca\/2020\/07\/la-cloenda-mes-esperada-del-master-universitari-en-diplomacia-i-organitzacions-internacionals\/","og_site_name":"CEI International Affairs","article_publisher":"https:\/\/www.facebook.com\/CEI.CentroDeEstudiosInternacionales\/","article_published_time":"2020-07-27T08:48:52+00:00","article_modified_time":"2023-04-24T08:37:00+00:00","og_image":[{"width":500,"height":500,"url":"https:\/\/www.ceibcn.com\/wp-content\/uploads\/2023\/01\/Logo-CEI.png","type":"image\/png"}],"author":"Cristian Romero Velasco","twitter_card":"summary_large_image","twitter_creator":"@CEIbcn","twitter_site":"@CEIbcn","twitter_misc":{"Escrit per":"Cristian Romero Velasco","Temps estimat de lectura":"1 minut"},"schema":{"@context":"https:\/\/schema.org","@graph":[{"@type":"Article","@id":"https:\/\/www.ceibcn.com\/ca\/2020\/07\/la-cloenda-mes-esperada-del-master-universitari-en-diplomacia-i-organitzacions-internacionals\/#article","isPartOf":{"@id":"https:\/\/www.ceibcn.com\/ca\/2020\/07\/la-cloenda-mes-esperada-del-master-universitari-en-diplomacia-i-organitzacions-internacionals\/"},"author":{"name":"Cristian Romero Velasco","@id":"https:\/\/www.ceibcn.com\/ca\/#\/schema\/person\/4ef9992ee2fbd3987a5e1834e5d5808d"},"headline":"La Cloenda m\u00e9s esperada del M\u00e0ster Universitari en Diplom\u00e0cia i Organitzacions Internacionals!","datePublished":"2020-07-27T08:48:52+00:00","dateModified":"2023-04-24T08:37:00+00:00","mainEntityOfPage":{"@id":"https:\/\/www.ceibcn.com\/ca\/2020\/07\/la-cloenda-mes-esperada-del-master-universitari-en-diplomacia-i-organitzacions-internacionals\/"},"wordCount":299,"publisher":{"@id":"https:\/\/www.ceibcn.com\/ca\/#organization"},"articleSection":["Not\u00edcies"],"inLanguage":"ca"},{"@type":"WebPage","@id":"https:\/\/www.ceibcn.com\/ca\/2020\/07\/la-cloenda-mes-esperada-del-master-universitari-en-diplomacia-i-organitzacions-internacionals\/","url":"https:\/\/www.ceibcn.com\/ca\/2020\/07\/la-cloenda-mes-esperada-del-master-universitari-en-diplomacia-i-organitzacions-internacionals\/","name":"La Cloenda m\u00e9s esperada del M\u00e0ster Universitari en Diplom\u00e0cia i Organitzacions Internacionals! - CEI International Affairs","isPartOf":{"@id":"https:\/\/www.ceibcn.com\/ca\/#website"},"datePublished":"2020-07-27T08:48:52+00:00","dateModified":"2023-04-24T08:37:00+00:00","breadcrumb":{"@id":"https:\/\/www.ceibcn.com\/ca\/2020\/07\/la-cloenda-mes-esperada-del-master-universitari-en-diplomacia-i-organitzacions-internacionals\/#breadcrumb"},"inLanguage":"ca","potentialAction":[{"@type":"ReadAction","target":["https:\/\/www.ceibcn.com\/ca\/2020\/07\/la-cloenda-mes-esperada-del-master-universitari-en-diplomacia-i-organitzacions-internacionals\/"]}]},{"@type":"BreadcrumbList","@id":"https:\/\/www.ceibcn.com\/ca\/2020\/07\/la-cloenda-mes-esperada-del-master-universitari-en-diplomacia-i-organitzacions-internacionals\/#breadcrumb","itemListElement":[{"@type":"ListItem","position":1,"name":"Portada","item":"https:\/\/www.ceibcn.com\/ca\/"},{"@type":"ListItem","position":2,"name":"La Cloenda m\u00e9s esperada del M\u00e0ster Universitari en Diplom\u00e0cia i Organitzacions Internacionals!"}]},{"@type":"WebSite","@id":"https:\/\/www.ceibcn.com\/ca\/#website","url":"https:\/\/www.ceibcn.com\/ca\/","name":"CEI International Affairs","description":"CEI International Affairs","publisher":{"@id":"https:\/\/www.ceibcn.com\/ca\/#organization"},"alternateName":"CEI International Affairs","potentialAction":[{"@type":"SearchAction","target":{"@type":"EntryPoint","urlTemplate":"https:\/\/www.ceibcn.com\/ca\/?s={search_term_string}"},"query-input":{"@type":"PropertyValueSpecification","valueRequired":true,"valueName":"search_term_string"}}],"inLanguage":"ca"},{"@type":"Organization","@id":"https:\/\/www.ceibcn.com\/ca\/#organization","name":"CEI International Affairs","url":"https:\/\/www.ceibcn.com\/ca\/","logo":{"@type":"ImageObject","inLanguage":"ca","@id":"https:\/\/www.ceibcn.com\/ca\/#\/schema\/logo\/image\/","url":"https:\/\/www.ceibcn.com\/wp-content\/uploads\/2021\/09\/CeiLogo_EscuelaDiploVectorized_vectorizedSIN_FONDO.png","contentUrl":"https:\/\/www.ceibcn.com\/wp-content\/uploads\/2021\/09\/CeiLogo_EscuelaDiploVectorized_vectorizedSIN_FONDO.png","width":1591,"height":629,"caption":"CEI International Affairs"},"image":{"@id":"https:\/\/www.ceibcn.com\/ca\/#\/schema\/logo\/image\/"},"sameAs":["https:\/\/www.facebook.com\/CEI.CentroDeEstudiosInternacionales\/","https:\/\/x.com\/CEIbcn","https:\/\/www.instagram.com\/cei_international\/"]},{"@type":"Person","@id":"https:\/\/www.ceibcn.com\/ca\/#\/schema\/person\/4ef9992ee2fbd3987a5e1834e5d5808d","name":"Cristian Romero Velasco","image":{"@type":"ImageObject","inLanguage":"ca","@id":"https:\/\/www.ceibcn.com\/ca\/#\/schema\/person\/image\/","url":"https:\/\/secure.gravatar.com\/avatar\/d78c33ad7f1570635ae9c9cb6274fe682bd5872dfde7a5448127d7825dd90943?s=96&d=mm&r=g","contentUrl":"https:\/\/secure.gravatar.com\/avatar\/d78c33ad7f1570635ae9c9cb6274fe682bd5872dfde7a5448127d7825dd90943?s=96&d=mm&r=g","caption":"Cristian Romero Velasco"},"url":"https:\/\/www.ceibcn.com\/ca\/author\/cristian\/"}]}},"_links":{"self":[{"href":"https:\/\/www.ceibcn.com\/ca\/wp-json\/wp\/v2\/posts\/3594","targetHints":{"allow":["GET"]}}],"collection":[{"href":"https:\/\/www.ceibcn.com\/ca\/wp-json\/wp\/v2\/posts"}],"about":[{"href":"https:\/\/www.ceibcn.com\/ca\/wp-json\/wp\/v2\/types\/post"}],"author":[{"embeddable":true,"href":"https:\/\/www.ceibcn.com\/ca\/wp-json\/wp\/v2\/users\/6"}],"replies":[{"embeddable":true,"href":"https:\/\/www.ceibcn.com\/ca\/wp-json\/wp\/v2\/comments?post=3594"}],"version-history":[{"count":1,"href":"https:\/\/www.ceibcn.com\/ca\/wp-json\/wp\/v2\/posts\/3594\/revisions"}],"predecessor-version":[{"id":5829,"href":"https:\/\/www.ceibcn.com\/ca\/wp-json\/wp\/v2\/posts\/3594\/revisions\/5829"}],"wp:attachment":[{"href":"https:\/\/www.ceibcn.com\/ca\/wp-json\/wp\/v2\/media?parent=3594"}],"wp:term":[{"taxonomy":"category","embeddable":true,"href":"https:\/\/www.ceibcn.com\/ca\/wp-json\/wp\/v2\/categories?post=3594"},{"taxonomy":"post_tag","embeddable":true,"href":"https:\/\/www.ceibcn.com\/ca\/wp-json\/wp\/v2\/tags?post=3594"}],"curies":[{"name":"wp","href":"https:\/\/api.w.org\/{rel}","templated":true}]}}