{"id":3606,"date":"2020-07-24T09:05:12","date_gmt":"2020-07-24T07:05:12","guid":{"rendered":"https:\/\/www.ceibcn.com\/2020\/07\/relatoria-trobada-amb-l-ambaixador-d-espanya-a-polonia\/"},"modified":"2023-04-24T10:37:21","modified_gmt":"2023-04-24T08:37:21","slug":"relatoria-trobada-amb-l-ambaixador-d-espanya-a-polonia","status":"publish","type":"post","link":"https:\/\/www.ceibcn.com\/ca\/2020\/07\/relatoria-trobada-amb-l-ambaixador-d-espanya-a-polonia\/","title":{"rendered":"Relatoria Trobada amb l\u2019Ambaixador d\u2019Espanya a Pol\u00f2nia"},"content":{"rendered":"<p data-mce-word-list=\"1\">Dimarts 14 de juliol va tenir lloc l&#8217;<a href=\"ca\/aula-internacional\">Aula Internacional del CEI<\/a> amb l&#8217;<strong>Ambaixador d&#8217;Espanya a Pol\u00f2nia, l&#8217;Excm. Sr. Francisco Javier Sanabria Valderrama<\/strong>. La sessi\u00f3 es va organitzar en col\u00b7laboraci\u00f3 amb el <a href=\"https:\/\/cercledeconomia.com\/\" target=\"_blank\" rel=\"noopener\">Cercle d\u2019Economia<\/a>.<\/p>\n<p>&nbsp;<\/p>\n<p data-mce-word-list=\"1\">L&#8217;Ambaixador va comen\u00e7ar analitzant la <strong>situaci\u00f3 pol\u00edtica a Pol\u00f2nia<\/strong>. Despr\u00e9s de les recents eleccions presidencials d&#8217;aquest 12 de juliol, acaba un cicle electoral que va comen\u00e7ar a la tardor del 2018 amb les eleccions regionals i locals, seguides al maig de 2019 per les europees i les legislatives d&#8217;octubre del 2019. Un cicle que no es reprendr\u00e0 fins dins de 3 anys i que ha deixat com a clar vencedor al partit Llei i Just\u00edcia (PiS), si b\u00e9 \u00e9s cert que les grans ciutats, el Senat i la majoria de regions es troben sota el control de Plataforma C\u00edvica, principal partit de l&#8217;oposici\u00f3.<\/p>\n<p>&nbsp;<\/p>\n<p data-mce-word-list=\"1\">En aquest context, l&#8217;Ambaixador va emfatitzar la import\u00e0ncia de les <strong>eleccions presidencials.<\/strong> El president \u00e9s una pe\u00e7a fonamental en el marc institucional polon\u00e8s. No sols ostenta la prefectura de l&#8217;Estat i, en tant que tal, la m\u00e9s alta representaci\u00f3 del mateix en l&#8217;exterior, sin\u00f3 que tamb\u00e9 t\u00e9 atorgada iniciativa legislativa, sanciona les lleis, t\u00e9 poder de veto que ha de ser superat per una majoria qualificada de la Cambra Baixa i pot sotmetre al Tribunal Constitucional aquells projectes de llei que estimi contraris a la Constituci\u00f3. Aquesta import\u00e0ncia, al costat de la polaritzaci\u00f3 pol\u00edtica regnant, es va traduir en una forta mobilitzaci\u00f3 de l&#8217;electorat i en una participaci\u00f3 hist\u00f2ricament alta d&#8217;un 68,18% que va donar una ajustada vict\u00f2ria a l&#8217;actual president Andrzej Duda.<\/p>\n<p>&nbsp;<\/p>\n<p data-mce-word-list=\"1\">Aquestes eleccions han reprodu\u00eft el mapa pol\u00edtic que s&#8217;ha repetit els darrers anys. El PiS t\u00e9 preemin\u00e8ncia a l&#8217;est del pa\u00eds i a les petites poblacions, mentre que l&#8217;oposici\u00f3 guanya a l&#8217;oest i a les grans ciutats. La divisi\u00f3 pol\u00edtica no es reflecteix a la vida social. Pol\u00f2nia no pateix viol\u00e8ncia pol\u00edtica cr\u00f2nica. Les diverg\u00e8ncies se centren en l&#8217;orientaci\u00f3 que ha de donar-se al futur de Pol\u00f2nia: mentre el PiS defensa una pol\u00edtica conservadora tendent a la preservaci\u00f3 dels valors, tradicions i homogene\u00eftat nacionals, Plataforma C\u00edvica opta per una visi\u00f3 liberal de la societat pr\u00f2xima a Brussel\u00b7les i Berl\u00edn. No hi ha discrep\u00e0ncies sobre els fets hist\u00f2rics fonamentals de la Segona Guerra Mundial i el r\u00e8gim comunista ni b\u00e0sicament tampoc sobre la necessitat d&#8217;una relaci\u00f3 estreta amb els EUA&nbsp; i una Alian\u00e7a Atl\u00e0ntica forta.<\/p>\n<p>&nbsp;<\/p>\n<p><img fetchpriority=\"high\" decoding=\"async\" class=\" size-full wp-image-3596\" style=\"display: block; margin-left: auto; margin-right: auto;\" src=\"https:\/\/www.ceibcn.com\/wp-content\/uploads\/2020\/07\/PoloniaPort.png\" alt=\"PoloniaPort\" width=\"600\" height=\"300\" srcset=\"https:\/\/www.ceibcn.com\/wp-content\/uploads\/2020\/07\/PoloniaPort.png 900w, https:\/\/www.ceibcn.com\/wp-content\/uploads\/2020\/07\/PoloniaPort-300x150.png 300w, https:\/\/www.ceibcn.com\/wp-content\/uploads\/2020\/07\/PoloniaPort-768x384.png 768w, https:\/\/www.ceibcn.com\/wp-content\/uploads\/2020\/07\/PoloniaPort-150x75.png 150w\" sizes=\"(max-width: 600px) 100vw, 600px\" \/><\/p>\n<p>&nbsp;<\/p>\n<p data-mce-word-list=\"1\">En el pla social, l&#8217;Ambaixador va destacar que <strong>la polonesa \u00e9s una societat molt din\u00e0mica.<\/strong> La gent t\u00e9 feina (l&#8217;atur \u00e9s friccional, d&#8217;un 6%), plans de vida, iniciatives d&#8217;emprenedoria i afany de superaci\u00f3. Les enquestes mostren invariablement que els polonesos encaren el futur amb confian\u00e7a. Aix\u00f2 pot respondre a la hist\u00f2ria recent del pa\u00eds, que ha portat a les noves generacions a voler rendir tribut a la gent gran que va patir la guerra i el comunisme treballant per un pa\u00eds millor. No obstant aix\u00f2, existeix un tamb\u00e9 un important debat cultural que, encara que divideix a la societat, tamb\u00e9 pot enriquir-la, ent\u00e9n l&#8217;Ambaixador, si s&#8217;aconsegueix una s\u00edntesi que sigui bona per al conjunt. Una de les pol\u00edtiques del Govern que ha provocat major fricci\u00f3 ha estat la reforma de la just\u00edcia. La reforma est\u00e0 sent analitzada per les diferents institucions europees i, d&#8217;acord amb l&#8217;Excm. Sr. Sanabria, nom\u00e9s es reconduir\u00e0 a trav\u00e9s de les resolucions que dicti el Tribunal de Just\u00edcia de la Uni\u00f3 Europea.<\/p>\n<p>&nbsp;<\/p>\n<p data-mce-word-list=\"1\">Igual que a d&#8217; altres pa\u00efsos europeus, el <strong>coronavirus<\/strong> tamb\u00e9 ha afectat a a Pol\u00f2nia. Amb un primer diagnosticat el dia 4 de mar\u00e7 i la primera v\u00edctima comptabilitzada el dia 12, a mitjans juliol els diagnosticats ascendeixen a 38.000 i els morts a 1.600. Per a fer front a aquesta situaci\u00f3 el govern va prendre mesures molt dr\u00e0stiques al principi, que es van ser progressivament atenuat fins a arribar a ser menors que les actuals a Espanya. La crisi sanit\u00e0ria no s&#8217;ha superat.<\/p>\n<p>&nbsp;<\/p>\n<p data-mce-word-list=\"1\">L&#8217;<strong>economia<\/strong>, sobre la base d&#8217;un fort sector agr\u00edcola i industrial, ha <strong>experimentat un creixement ininterromput durant els \u00faltims 30 anys<\/strong>, la qual cosa permet parlar d&#8217;un \u201cmiracle polon\u00e8s\u201d. No obstant aix\u00f2, igual que les altres economies europees, Pol\u00f2nia experimentar\u00e0 una recessi\u00f3 aquest 2020 per causa de la pand\u00e8mia. Recessi\u00f3 de la qual s&#8217;espera que es recuperi en forma de V al 2021.<\/p>\n<p>&nbsp;<\/p>\n<p data-mce-word-list=\"1\">En xifres, Pol\u00f2nia va rebre una inversi\u00f3 estrangera de 11.818M\u20ac al 2018, creixent un 45% amb respecte 2017. Aix\u00f2 ha estat possible, en part, gr\u00e0cies a la creaci\u00f3 de les denominades zones econ\u00f2miques especials, que es caracteritzen per un r\u00e8gim fiscal privilegiat que, des del present any, abastaran pr\u00e0cticament la totalitat del territori nacional polon\u00e8s.<\/p>\n<p>&nbsp;<\/p>\n<p><img decoding=\"async\" class=\" size-full wp-image-3599\" style=\"display: block; margin-left: auto; margin-right: auto;\" src=\"https:\/\/www.ceibcn.com\/wp-content\/uploads\/2020\/07\/EMbPolonia.png\" alt=\"EMbPolonia\" width=\"424\" height=\"446\" srcset=\"https:\/\/www.ceibcn.com\/wp-content\/uploads\/2020\/07\/EMbPolonia.png 424w, https:\/\/www.ceibcn.com\/wp-content\/uploads\/2020\/07\/EMbPolonia-285x300.png 285w, https:\/\/www.ceibcn.com\/wp-content\/uploads\/2020\/07\/EMbPolonia-143x150.png 143w\" sizes=\"(max-width: 424px) 100vw, 424px\" \/><\/p>\n<p>&nbsp;<\/p>\n<p data-mce-word-list=\"1\">En mat\u00e8ria d&#8217;<strong>obres p\u00fabliques<\/strong> Pol\u00f2nia es troben en un per\u00edode d&#8217;expansi\u00f3 i desenvolupament de la seva infraestructura vi\u00e0ria i ferrovi\u00e0ria. Cal destacar el projecte del Gran Aeroport Central; un canal en l&#8217;estuari del Odra que desemboca a la ciutat de Szczecin; i un gasoducte per a portar gas noruec a trav\u00e9s de Dinamarca i del B\u00e0ltic. En termes energ\u00e8tics Pol\u00f2nia est\u00e0 apostant decididament per l&#8217;energia e\u00f2lica offshore. Apunten tamb\u00e9 cap a l&#8217;energia nuclear a fi d&#8217;avan\u00e7ar en la descarbonitzaci\u00f3 de la seva economia. Finalment, \u00e9s de destacar la r\u00e0pida digitalitzaci\u00f3 de l&#8217;economia polonesa. Aquesta es troba molt avan\u00e7ada a les ciutats i ha donat lloc a importants empreses com Allegro, dedicada al comer\u00e7 electr\u00f2nic, amb una facturaci\u00f3 superior a Amazon a Espanya.<\/p>\n<p>&nbsp;<\/p>\n<p data-mce-word-list=\"1\">Pol\u00f2nia \u00e9s un dels pa\u00efsos els <strong>ciutadans dels quals s\u00f3n m\u00e9s europeistes (88%), fins i tot m\u00e9s que els espanyols<\/strong>. A la UE, Pol\u00f2nia est\u00e0 especialment interessada en el desenvolupament del mercat com\u00fa, en la pol\u00edtica agr\u00e0ria comuna i en la pol\u00edtica de cohesi\u00f3. De fet, \u00e9s el principal receptor de fons i el continuar\u00e0 sent en el pr\u00f2xim marc financer 2021-2027.<\/p>\n<p>&nbsp;<\/p>\n<p data-mce-word-list=\"1\">No obstant aix\u00f2, Pol\u00f2nia no ent\u00e9n que s&#8217;hagi d&#8217;aprofundir m\u00e9s en la uni\u00f3 pol\u00edtica. Aix\u00ed, \u00e9s capdavanter de l&#8217;ampliaci\u00f3, especialment pel que fa a la integraci\u00f3 dels Balcans occidentals. La participaci\u00f3 en la moneda comuna, l&#8217;euro, no est\u00e0 a l&#8217;agenda, ja que s&#8217;ent\u00e9n que la converg\u00e8ncia amb la mitjana UE \u00e9s encara massa baixa (un 72%). La q\u00fcesti\u00f3 es plantejar\u00e0 quan Pol\u00f2nia s&#8217;aproximi a aquesta mitjana, la qual cosa podria oc\u00f3rrer en els propers anys.<\/p>\n<p>&nbsp;<\/p>\n<p data-mce-word-list=\"1\">L&#8217;Excm. Sr. <strong>Sanabria<\/strong> va considerar que les <strong>relacions entre Espanya i Pol\u00f2nia s\u00f3n excel\u00b7lents.<\/strong> Des d&#8217;un punt de vista econ\u00f2mic el comer\u00e7 en totes dues direccions al 2019 va ser de prop de 12.000M\u20ac, 1M\u20ac de polonesos han visitat Espanya cadascun dels els \u00faltims tres anys i Espanya \u00e9s el cinqu\u00e8 inversor al pa\u00eds en termes d&#8217;estoc acumulat amb una important pres\u00e8ncia del Banc Santander, CAF, Ferrovial o Acciona. S\u00f3n m\u00e9s de 500 les empreses espanyoles instal\u00b7lades en territori polon\u00e8s. L&#8217;Ambaixador va destacar al seu torn, els esfor\u00e7os legislatius duts a terme pel govern per a facilitar l&#8217;establiment de noves empreses i procurar millorar l&#8217;entorn dels negocis.<\/p>\n<p>&nbsp;<\/p>\n<p><img decoding=\"async\" class=\" size-full wp-image-3602\" style=\"display: block; margin-left: auto; margin-right: auto;\" src=\"https:\/\/www.ceibcn.com\/wp-content\/uploads\/2020\/07\/Participantes.png\" alt=\"Participantes\" width=\"550\" height=\"273\" srcset=\"https:\/\/www.ceibcn.com\/wp-content\/uploads\/2020\/07\/Participantes.png 784w, https:\/\/www.ceibcn.com\/wp-content\/uploads\/2020\/07\/Participantes-300x149.png 300w, https:\/\/www.ceibcn.com\/wp-content\/uploads\/2020\/07\/Participantes-768x381.png 768w, https:\/\/www.ceibcn.com\/wp-content\/uploads\/2020\/07\/Participantes-150x74.png 150w\" sizes=\"(max-width: 550px) 100vw, 550px\" \/><\/p>\n<p>&nbsp;<\/p>\n<p data-mce-word-list=\"1\">Al <strong>pla cultural<\/strong>, hi ha m\u00e9s de 60 instituts que ofereixen ensenyament en espanyol, dos instituts Cervantes (a Vars\u00f2via i&nbsp; Crac\u00f2via) i una notable demanda i simpatia cap a la llengua i cultures espanyoles. Tot aix\u00f2 fa que Pol\u00f2nia sigui un pa\u00eds propici per als espanyols tamb\u00e9 per als negocis.<\/p>\n<p>&nbsp;<\/p>\n<p data-mce-word-list=\"1\">Quant a les <strong>relacions pol\u00edtiques,<\/strong> aquestes van ser considerades per l&#8217;Ambaixador com a fluides, per\u00f2 susceptibles de major intensitat. En els \u00faltims dos anys s&#8217;han dut a terme quatre reunions bilaterals entre ministres d&#8217;exteriors. S&#8217;espera que els f\u00f2rums parlamentaris i les cimeres de govern es reprenguin en 2021. Aquestes \u00faltimes s&#8217;han realitzat pr\u00e0cticament de manera anual des de 2003 per\u00f2 van quedar aparcades en 2017 a causa de la interinitat pol\u00edtica a Espanya.<\/p>\n<p>&nbsp;<\/p>\n<p data-mce-word-list=\"1\">Finalment, l&#8217;Ambaixador Sanabria va concloure que<strong> Pol\u00f2nia veu a Espanya com un soci d&#8217;inter\u00e8s<\/strong>, que mostra respecte pel que Espanya representa, per la seva hist\u00f2ria i per la seva projecci\u00f3 en el m\u00f3n. L&#8217;Ambaixador va assenyalar que a Pol\u00f2nia es guarda un bon record de la \u201clluna de mel\u201d en les relacions amb Espanya viscuda en els anys previs a l&#8217;adhesi\u00f3 de Pol\u00f2nia a la Uni\u00f3 Europea, en 2004, la qual cosa serveix d&#8217;esper\u00f3 per a desenvolupar m\u00e9s si cap la present relaci\u00f3 bilateral.<\/p>\n<p>&nbsp;<\/p>\n<p>&nbsp;<\/p>\n<blockquote>\n<p data-mce-word-list=\"1\"><strong>Relatoria elaborada per Hip\u00f2lit Gabald\u00e0<\/strong><\/p>\n<p data-mce-word-list=\"1\">Alumne de la <a href=\"ca\/carreradiplomaticacat\">Preparaci\u00f3 de l&#8217;Oposici\u00f3 a la Carrera Diplom\u00e0tica<\/a><\/p>\n<\/blockquote>\n","protected":false},"excerpt":{"rendered":"<p>Dimarts 14 de juliol va tenir lloc l&#8217;Aula Internacional del CEI amb l&#8217;Ambaixador d&#8217;Espanya a Pol\u00f2nia, l&#8217;Excm. Sr. Francisco Javier Sanabria Valderrama. La sessi\u00f3 es va organitzar en col\u00b7laboraci\u00f3 amb el Cercle d\u2019Economia. &nbsp; L&#8217;Ambaixador va comen\u00e7ar analitzant la situaci\u00f3 pol\u00edtica a Pol\u00f2nia. Despr\u00e9s de les recents eleccions presidencials d&#8217;aquest 12 de juliol, acaba un [&hellip;]<\/p>\n","protected":false},"author":6,"featured_media":3596,"comment_status":"closed","ping_status":"closed","sticky":false,"template":"","format":"standard","meta":{"_acf_changed":false,"_crdt_document":"","inline_featured_image":false,"footnotes":""},"categories":[121],"tags":[],"class_list":["post-3606","post","type-post","status-publish","format-standard","has-post-thumbnail","hentry","category-noticies"],"acf":[],"yoast_head":"<!-- This site is optimized with the Yoast SEO plugin v27.0 - https:\/\/yoast.com\/product\/yoast-seo-wordpress\/ -->\n<title>Relatoria Trobada amb l\u2019Ambaixador d\u2019Espanya a Pol\u00f2nia - CEI International Affairs<\/title>\n<meta name=\"robots\" content=\"index, follow, max-snippet:-1, max-image-preview:large, max-video-preview:-1\" \/>\n<link rel=\"canonical\" href=\"https:\/\/www.ceibcn.com\/ca\/2020\/07\/relatoria-trobada-amb-l-ambaixador-d-espanya-a-polonia\/\" \/>\n<meta property=\"og:locale\" content=\"ca_ES\" \/>\n<meta property=\"og:type\" content=\"article\" \/>\n<meta property=\"og:title\" content=\"Relatoria Trobada amb l\u2019Ambaixador d\u2019Espanya a Pol\u00f2nia - CEI International Affairs\" \/>\n<meta property=\"og:description\" content=\"Dimarts 14 de juliol va tenir lloc l&#8217;Aula Internacional del CEI amb l&#8217;Ambaixador d&#8217;Espanya a Pol\u00f2nia, l&#8217;Excm. Sr. Francisco Javier Sanabria Valderrama. La sessi\u00f3 es va organitzar en col\u00b7laboraci\u00f3 amb el Cercle d\u2019Economia. &nbsp; L&#8217;Ambaixador va comen\u00e7ar analitzant la situaci\u00f3 pol\u00edtica a Pol\u00f2nia. Despr\u00e9s de les recents eleccions presidencials d&#8217;aquest 12 de juliol, acaba un [&hellip;]\" \/>\n<meta property=\"og:url\" content=\"https:\/\/www.ceibcn.com\/ca\/2020\/07\/relatoria-trobada-amb-l-ambaixador-d-espanya-a-polonia\/\" \/>\n<meta property=\"og:site_name\" content=\"CEI International Affairs\" \/>\n<meta property=\"article:publisher\" content=\"https:\/\/www.facebook.com\/CEI.CentroDeEstudiosInternacionales\/\" \/>\n<meta property=\"article:published_time\" content=\"2020-07-24T07:05:12+00:00\" \/>\n<meta property=\"article:modified_time\" content=\"2023-04-24T08:37:21+00:00\" \/>\n<meta property=\"og:image\" content=\"https:\/\/www.ceibcn.com\/wp-content\/uploads\/2020\/07\/PoloniaPort.png\" \/>\n\t<meta property=\"og:image:width\" content=\"900\" \/>\n\t<meta property=\"og:image:height\" content=\"450\" \/>\n\t<meta property=\"og:image:type\" content=\"image\/png\" \/>\n<meta name=\"author\" content=\"Cristian Romero Velasco\" \/>\n<meta name=\"twitter:card\" content=\"summary_large_image\" \/>\n<meta name=\"twitter:creator\" content=\"@CEIbcn\" \/>\n<meta name=\"twitter:site\" content=\"@CEIbcn\" \/>\n<meta name=\"twitter:label1\" content=\"Escrit per\" \/>\n\t<meta name=\"twitter:data1\" content=\"Cristian Romero Velasco\" \/>\n\t<meta name=\"twitter:label2\" content=\"Temps estimat de lectura\" \/>\n\t<meta name=\"twitter:data2\" content=\"7 minuts\" \/>\n<script type=\"application\/ld+json\" class=\"yoast-schema-graph\">{\"@context\":\"https:\/\/schema.org\",\"@graph\":[{\"@type\":\"Article\",\"@id\":\"https:\/\/www.ceibcn.com\/ca\/2020\/07\/relatoria-trobada-amb-l-ambaixador-d-espanya-a-polonia\/#article\",\"isPartOf\":{\"@id\":\"https:\/\/www.ceibcn.com\/ca\/2020\/07\/relatoria-trobada-amb-l-ambaixador-d-espanya-a-polonia\/\"},\"author\":{\"name\":\"Cristian Romero Velasco\",\"@id\":\"https:\/\/www.ceibcn.com\/ca\/#\/schema\/person\/4ef9992ee2fbd3987a5e1834e5d5808d\"},\"headline\":\"Relatoria Trobada amb l\u2019Ambaixador d\u2019Espanya a Pol\u00f2nia\",\"datePublished\":\"2020-07-24T07:05:12+00:00\",\"dateModified\":\"2023-04-24T08:37:21+00:00\",\"mainEntityOfPage\":{\"@id\":\"https:\/\/www.ceibcn.com\/ca\/2020\/07\/relatoria-trobada-amb-l-ambaixador-d-espanya-a-polonia\/\"},\"wordCount\":1547,\"publisher\":{\"@id\":\"https:\/\/www.ceibcn.com\/ca\/#organization\"},\"image\":{\"@id\":\"https:\/\/www.ceibcn.com\/ca\/2020\/07\/relatoria-trobada-amb-l-ambaixador-d-espanya-a-polonia\/#primaryimage\"},\"thumbnailUrl\":\"https:\/\/www.ceibcn.com\/wp-content\/uploads\/2020\/07\/PoloniaPort.png\",\"articleSection\":[\"Not\u00edcies\"],\"inLanguage\":\"ca\"},{\"@type\":\"WebPage\",\"@id\":\"https:\/\/www.ceibcn.com\/ca\/2020\/07\/relatoria-trobada-amb-l-ambaixador-d-espanya-a-polonia\/\",\"url\":\"https:\/\/www.ceibcn.com\/ca\/2020\/07\/relatoria-trobada-amb-l-ambaixador-d-espanya-a-polonia\/\",\"name\":\"Relatoria Trobada amb l\u2019Ambaixador d\u2019Espanya a Pol\u00f2nia - CEI International Affairs\",\"isPartOf\":{\"@id\":\"https:\/\/www.ceibcn.com\/ca\/#website\"},\"primaryImageOfPage\":{\"@id\":\"https:\/\/www.ceibcn.com\/ca\/2020\/07\/relatoria-trobada-amb-l-ambaixador-d-espanya-a-polonia\/#primaryimage\"},\"image\":{\"@id\":\"https:\/\/www.ceibcn.com\/ca\/2020\/07\/relatoria-trobada-amb-l-ambaixador-d-espanya-a-polonia\/#primaryimage\"},\"thumbnailUrl\":\"https:\/\/www.ceibcn.com\/wp-content\/uploads\/2020\/07\/PoloniaPort.png\",\"datePublished\":\"2020-07-24T07:05:12+00:00\",\"dateModified\":\"2023-04-24T08:37:21+00:00\",\"breadcrumb\":{\"@id\":\"https:\/\/www.ceibcn.com\/ca\/2020\/07\/relatoria-trobada-amb-l-ambaixador-d-espanya-a-polonia\/#breadcrumb\"},\"inLanguage\":\"ca\",\"potentialAction\":[{\"@type\":\"ReadAction\",\"target\":[\"https:\/\/www.ceibcn.com\/ca\/2020\/07\/relatoria-trobada-amb-l-ambaixador-d-espanya-a-polonia\/\"]}]},{\"@type\":\"ImageObject\",\"inLanguage\":\"ca\",\"@id\":\"https:\/\/www.ceibcn.com\/ca\/2020\/07\/relatoria-trobada-amb-l-ambaixador-d-espanya-a-polonia\/#primaryimage\",\"url\":\"https:\/\/www.ceibcn.com\/wp-content\/uploads\/2020\/07\/PoloniaPort.png\",\"contentUrl\":\"https:\/\/www.ceibcn.com\/wp-content\/uploads\/2020\/07\/PoloniaPort.png\",\"width\":900,\"height\":450,\"caption\":\"PoloniaPort\"},{\"@type\":\"BreadcrumbList\",\"@id\":\"https:\/\/www.ceibcn.com\/ca\/2020\/07\/relatoria-trobada-amb-l-ambaixador-d-espanya-a-polonia\/#breadcrumb\",\"itemListElement\":[{\"@type\":\"ListItem\",\"position\":1,\"name\":\"Portada\",\"item\":\"https:\/\/www.ceibcn.com\/ca\/\"},{\"@type\":\"ListItem\",\"position\":2,\"name\":\"Relatoria Trobada amb l\u2019Ambaixador d\u2019Espanya a Pol\u00f2nia\"}]},{\"@type\":\"WebSite\",\"@id\":\"https:\/\/www.ceibcn.com\/ca\/#website\",\"url\":\"https:\/\/www.ceibcn.com\/ca\/\",\"name\":\"CEI International Affairs\",\"description\":\"CEI International Affairs\",\"publisher\":{\"@id\":\"https:\/\/www.ceibcn.com\/ca\/#organization\"},\"alternateName\":\"CEI International Affairs\",\"potentialAction\":[{\"@type\":\"SearchAction\",\"target\":{\"@type\":\"EntryPoint\",\"urlTemplate\":\"https:\/\/www.ceibcn.com\/ca\/?s={search_term_string}\"},\"query-input\":{\"@type\":\"PropertyValueSpecification\",\"valueRequired\":true,\"valueName\":\"search_term_string\"}}],\"inLanguage\":\"ca\"},{\"@type\":\"Organization\",\"@id\":\"https:\/\/www.ceibcn.com\/ca\/#organization\",\"name\":\"CEI International Affairs\",\"url\":\"https:\/\/www.ceibcn.com\/ca\/\",\"logo\":{\"@type\":\"ImageObject\",\"inLanguage\":\"ca\",\"@id\":\"https:\/\/www.ceibcn.com\/ca\/#\/schema\/logo\/image\/\",\"url\":\"https:\/\/www.ceibcn.com\/wp-content\/uploads\/2021\/09\/CeiLogo_EscuelaDiploVectorized_vectorizedSIN_FONDO.png\",\"contentUrl\":\"https:\/\/www.ceibcn.com\/wp-content\/uploads\/2021\/09\/CeiLogo_EscuelaDiploVectorized_vectorizedSIN_FONDO.png\",\"width\":1591,\"height\":629,\"caption\":\"CEI International Affairs\"},\"image\":{\"@id\":\"https:\/\/www.ceibcn.com\/ca\/#\/schema\/logo\/image\/\"},\"sameAs\":[\"https:\/\/www.facebook.com\/CEI.CentroDeEstudiosInternacionales\/\",\"https:\/\/x.com\/CEIbcn\",\"https:\/\/www.instagram.com\/cei_international\/\"]},{\"@type\":\"Person\",\"@id\":\"https:\/\/www.ceibcn.com\/ca\/#\/schema\/person\/4ef9992ee2fbd3987a5e1834e5d5808d\",\"name\":\"Cristian Romero Velasco\",\"image\":{\"@type\":\"ImageObject\",\"inLanguage\":\"ca\",\"@id\":\"https:\/\/www.ceibcn.com\/ca\/#\/schema\/person\/image\/\",\"url\":\"https:\/\/secure.gravatar.com\/avatar\/d78c33ad7f1570635ae9c9cb6274fe682bd5872dfde7a5448127d7825dd90943?s=96&d=mm&r=g\",\"contentUrl\":\"https:\/\/secure.gravatar.com\/avatar\/d78c33ad7f1570635ae9c9cb6274fe682bd5872dfde7a5448127d7825dd90943?s=96&d=mm&r=g\",\"caption\":\"Cristian Romero Velasco\"},\"url\":\"https:\/\/www.ceibcn.com\/ca\/author\/cristian\/\"}]}<\/script>\n<!-- \/ Yoast SEO plugin. -->","yoast_head_json":{"title":"Relatoria Trobada amb l\u2019Ambaixador d\u2019Espanya a Pol\u00f2nia - CEI International Affairs","robots":{"index":"index","follow":"follow","max-snippet":"max-snippet:-1","max-image-preview":"max-image-preview:large","max-video-preview":"max-video-preview:-1"},"canonical":"https:\/\/www.ceibcn.com\/ca\/2020\/07\/relatoria-trobada-amb-l-ambaixador-d-espanya-a-polonia\/","og_locale":"ca_ES","og_type":"article","og_title":"Relatoria Trobada amb l\u2019Ambaixador d\u2019Espanya a Pol\u00f2nia - CEI International Affairs","og_description":"Dimarts 14 de juliol va tenir lloc l&#8217;Aula Internacional del CEI amb l&#8217;Ambaixador d&#8217;Espanya a Pol\u00f2nia, l&#8217;Excm. Sr. Francisco Javier Sanabria Valderrama. La sessi\u00f3 es va organitzar en col\u00b7laboraci\u00f3 amb el Cercle d\u2019Economia. &nbsp; L&#8217;Ambaixador va comen\u00e7ar analitzant la situaci\u00f3 pol\u00edtica a Pol\u00f2nia. Despr\u00e9s de les recents eleccions presidencials d&#8217;aquest 12 de juliol, acaba un [&hellip;]","og_url":"https:\/\/www.ceibcn.com\/ca\/2020\/07\/relatoria-trobada-amb-l-ambaixador-d-espanya-a-polonia\/","og_site_name":"CEI International Affairs","article_publisher":"https:\/\/www.facebook.com\/CEI.CentroDeEstudiosInternacionales\/","article_published_time":"2020-07-24T07:05:12+00:00","article_modified_time":"2023-04-24T08:37:21+00:00","og_image":[{"width":900,"height":450,"url":"https:\/\/www.ceibcn.com\/wp-content\/uploads\/2020\/07\/PoloniaPort.png","type":"image\/png"}],"author":"Cristian Romero Velasco","twitter_card":"summary_large_image","twitter_creator":"@CEIbcn","twitter_site":"@CEIbcn","twitter_misc":{"Escrit per":"Cristian Romero Velasco","Temps estimat de lectura":"7 minuts"},"schema":{"@context":"https:\/\/schema.org","@graph":[{"@type":"Article","@id":"https:\/\/www.ceibcn.com\/ca\/2020\/07\/relatoria-trobada-amb-l-ambaixador-d-espanya-a-polonia\/#article","isPartOf":{"@id":"https:\/\/www.ceibcn.com\/ca\/2020\/07\/relatoria-trobada-amb-l-ambaixador-d-espanya-a-polonia\/"},"author":{"name":"Cristian Romero Velasco","@id":"https:\/\/www.ceibcn.com\/ca\/#\/schema\/person\/4ef9992ee2fbd3987a5e1834e5d5808d"},"headline":"Relatoria Trobada amb l\u2019Ambaixador d\u2019Espanya a Pol\u00f2nia","datePublished":"2020-07-24T07:05:12+00:00","dateModified":"2023-04-24T08:37:21+00:00","mainEntityOfPage":{"@id":"https:\/\/www.ceibcn.com\/ca\/2020\/07\/relatoria-trobada-amb-l-ambaixador-d-espanya-a-polonia\/"},"wordCount":1547,"publisher":{"@id":"https:\/\/www.ceibcn.com\/ca\/#organization"},"image":{"@id":"https:\/\/www.ceibcn.com\/ca\/2020\/07\/relatoria-trobada-amb-l-ambaixador-d-espanya-a-polonia\/#primaryimage"},"thumbnailUrl":"https:\/\/www.ceibcn.com\/wp-content\/uploads\/2020\/07\/PoloniaPort.png","articleSection":["Not\u00edcies"],"inLanguage":"ca"},{"@type":"WebPage","@id":"https:\/\/www.ceibcn.com\/ca\/2020\/07\/relatoria-trobada-amb-l-ambaixador-d-espanya-a-polonia\/","url":"https:\/\/www.ceibcn.com\/ca\/2020\/07\/relatoria-trobada-amb-l-ambaixador-d-espanya-a-polonia\/","name":"Relatoria Trobada amb l\u2019Ambaixador d\u2019Espanya a Pol\u00f2nia - CEI International Affairs","isPartOf":{"@id":"https:\/\/www.ceibcn.com\/ca\/#website"},"primaryImageOfPage":{"@id":"https:\/\/www.ceibcn.com\/ca\/2020\/07\/relatoria-trobada-amb-l-ambaixador-d-espanya-a-polonia\/#primaryimage"},"image":{"@id":"https:\/\/www.ceibcn.com\/ca\/2020\/07\/relatoria-trobada-amb-l-ambaixador-d-espanya-a-polonia\/#primaryimage"},"thumbnailUrl":"https:\/\/www.ceibcn.com\/wp-content\/uploads\/2020\/07\/PoloniaPort.png","datePublished":"2020-07-24T07:05:12+00:00","dateModified":"2023-04-24T08:37:21+00:00","breadcrumb":{"@id":"https:\/\/www.ceibcn.com\/ca\/2020\/07\/relatoria-trobada-amb-l-ambaixador-d-espanya-a-polonia\/#breadcrumb"},"inLanguage":"ca","potentialAction":[{"@type":"ReadAction","target":["https:\/\/www.ceibcn.com\/ca\/2020\/07\/relatoria-trobada-amb-l-ambaixador-d-espanya-a-polonia\/"]}]},{"@type":"ImageObject","inLanguage":"ca","@id":"https:\/\/www.ceibcn.com\/ca\/2020\/07\/relatoria-trobada-amb-l-ambaixador-d-espanya-a-polonia\/#primaryimage","url":"https:\/\/www.ceibcn.com\/wp-content\/uploads\/2020\/07\/PoloniaPort.png","contentUrl":"https:\/\/www.ceibcn.com\/wp-content\/uploads\/2020\/07\/PoloniaPort.png","width":900,"height":450,"caption":"PoloniaPort"},{"@type":"BreadcrumbList","@id":"https:\/\/www.ceibcn.com\/ca\/2020\/07\/relatoria-trobada-amb-l-ambaixador-d-espanya-a-polonia\/#breadcrumb","itemListElement":[{"@type":"ListItem","position":1,"name":"Portada","item":"https:\/\/www.ceibcn.com\/ca\/"},{"@type":"ListItem","position":2,"name":"Relatoria Trobada amb l\u2019Ambaixador d\u2019Espanya a Pol\u00f2nia"}]},{"@type":"WebSite","@id":"https:\/\/www.ceibcn.com\/ca\/#website","url":"https:\/\/www.ceibcn.com\/ca\/","name":"CEI International Affairs","description":"CEI International Affairs","publisher":{"@id":"https:\/\/www.ceibcn.com\/ca\/#organization"},"alternateName":"CEI International Affairs","potentialAction":[{"@type":"SearchAction","target":{"@type":"EntryPoint","urlTemplate":"https:\/\/www.ceibcn.com\/ca\/?s={search_term_string}"},"query-input":{"@type":"PropertyValueSpecification","valueRequired":true,"valueName":"search_term_string"}}],"inLanguage":"ca"},{"@type":"Organization","@id":"https:\/\/www.ceibcn.com\/ca\/#organization","name":"CEI International Affairs","url":"https:\/\/www.ceibcn.com\/ca\/","logo":{"@type":"ImageObject","inLanguage":"ca","@id":"https:\/\/www.ceibcn.com\/ca\/#\/schema\/logo\/image\/","url":"https:\/\/www.ceibcn.com\/wp-content\/uploads\/2021\/09\/CeiLogo_EscuelaDiploVectorized_vectorizedSIN_FONDO.png","contentUrl":"https:\/\/www.ceibcn.com\/wp-content\/uploads\/2021\/09\/CeiLogo_EscuelaDiploVectorized_vectorizedSIN_FONDO.png","width":1591,"height":629,"caption":"CEI International Affairs"},"image":{"@id":"https:\/\/www.ceibcn.com\/ca\/#\/schema\/logo\/image\/"},"sameAs":["https:\/\/www.facebook.com\/CEI.CentroDeEstudiosInternacionales\/","https:\/\/x.com\/CEIbcn","https:\/\/www.instagram.com\/cei_international\/"]},{"@type":"Person","@id":"https:\/\/www.ceibcn.com\/ca\/#\/schema\/person\/4ef9992ee2fbd3987a5e1834e5d5808d","name":"Cristian Romero Velasco","image":{"@type":"ImageObject","inLanguage":"ca","@id":"https:\/\/www.ceibcn.com\/ca\/#\/schema\/person\/image\/","url":"https:\/\/secure.gravatar.com\/avatar\/d78c33ad7f1570635ae9c9cb6274fe682bd5872dfde7a5448127d7825dd90943?s=96&d=mm&r=g","contentUrl":"https:\/\/secure.gravatar.com\/avatar\/d78c33ad7f1570635ae9c9cb6274fe682bd5872dfde7a5448127d7825dd90943?s=96&d=mm&r=g","caption":"Cristian Romero Velasco"},"url":"https:\/\/www.ceibcn.com\/ca\/author\/cristian\/"}]}},"_links":{"self":[{"href":"https:\/\/www.ceibcn.com\/ca\/wp-json\/wp\/v2\/posts\/3606","targetHints":{"allow":["GET"]}}],"collection":[{"href":"https:\/\/www.ceibcn.com\/ca\/wp-json\/wp\/v2\/posts"}],"about":[{"href":"https:\/\/www.ceibcn.com\/ca\/wp-json\/wp\/v2\/types\/post"}],"author":[{"embeddable":true,"href":"https:\/\/www.ceibcn.com\/ca\/wp-json\/wp\/v2\/users\/6"}],"replies":[{"embeddable":true,"href":"https:\/\/www.ceibcn.com\/ca\/wp-json\/wp\/v2\/comments?post=3606"}],"version-history":[{"count":1,"href":"https:\/\/www.ceibcn.com\/ca\/wp-json\/wp\/v2\/posts\/3606\/revisions"}],"predecessor-version":[{"id":5834,"href":"https:\/\/www.ceibcn.com\/ca\/wp-json\/wp\/v2\/posts\/3606\/revisions\/5834"}],"wp:featuredmedia":[{"embeddable":true,"href":"https:\/\/www.ceibcn.com\/ca\/wp-json\/wp\/v2\/media\/3596"}],"wp:attachment":[{"href":"https:\/\/www.ceibcn.com\/ca\/wp-json\/wp\/v2\/media?parent=3606"}],"wp:term":[{"taxonomy":"category","embeddable":true,"href":"https:\/\/www.ceibcn.com\/ca\/wp-json\/wp\/v2\/categories?post=3606"},{"taxonomy":"post_tag","embeddable":true,"href":"https:\/\/www.ceibcn.com\/ca\/wp-json\/wp\/v2\/tags?post=3606"}],"curies":[{"name":"wp","href":"https:\/\/api.w.org\/{rel}","templated":true}]}}