{"id":3619,"date":"2020-11-23T10:07:47","date_gmt":"2020-11-23T09:07:47","guid":{"rendered":"https:\/\/www.ceibcn.com\/2020\/11\/3-alumnes-cei-a-la-nova-promocio-de-diplomatics\/"},"modified":"2023-04-24T10:36:19","modified_gmt":"2023-04-24T08:36:19","slug":"3-alumnes-cei-a-la-nova-promocio-de-diplomatics","status":"publish","type":"post","link":"https:\/\/www.ceibcn.com\/ca\/2020\/11\/3-alumnes-cei-a-la-nova-promocio-de-diplomatics\/","title":{"rendered":"3 alumnes CEI entre els 37 nous Diplom\u00e0tics! Els alumnes CEI presentats eren el 4,8% i han obtingut el 8,1% de les places"},"content":{"rendered":"<p>Orgullosos de tots els nostres alumnes!<\/p>\n<p>Ja s&#8217;han fet p\u00fabliques les <a href=\"http:\/\/www.exteriores.gob.es\/Portal\/es\/Ministerio\/EscuelaDiplomatica\/Documents\/oposiciones%20CD\/Convocatoria_2019\/Resoluci%c3%b3n%20Escalafon%20y%20Notas.pdf\">llistes d&#8217;aprovats<\/a> en els 4 exercicis de les <strong>oposicions a la Carrera Diplom\u00e0tica<\/strong>, i 3 dels nostres alumnes estan entre els aprovats: <strong>Guillem Manso Garc\u00eda, Andr\u00e9s de Zulueta de la Riba i Tom\u00e1s Miquel Riba N\u00fa\u00f1ez.<\/strong> Tots ells formats en el CEI, han aconseguit aprovar l&#8217;Oposici\u00f3, despr\u00e9s d&#8217;entre 2 i 3 anys de preparaci\u00f3 en el CEI.<\/p>\n<p>&nbsp;<\/p>\n<blockquote><p><strong>8,1% de Diplom\u00e0tics CEI a la 72a Promoci\u00f3 de la Carrera Diplom\u00e0tica:<\/strong><\/p><\/blockquote>\n<p>&nbsp;<\/p>\n<p><img fetchpriority=\"high\" decoding=\"async\" class=\" size-full wp-image-3609\" style=\"display: block; margin-left: auto; margin-right: auto;\" src=\"https:\/\/www.ceibcn.com\/wp-content\/uploads\/2020\/11\/VisualCD.png\" alt=\"VisualCD\" width=\"650\" height=\"265\" srcset=\"https:\/\/www.ceibcn.com\/wp-content\/uploads\/2020\/11\/VisualCD.png 895w, https:\/\/www.ceibcn.com\/wp-content\/uploads\/2020\/11\/VisualCD-300x122.png 300w, https:\/\/www.ceibcn.com\/wp-content\/uploads\/2020\/11\/VisualCD-768x313.png 768w, https:\/\/www.ceibcn.com\/wp-content\/uploads\/2020\/11\/VisualCD-150x61.png 150w\" sizes=\"(max-width: 650px) 100vw, 650px\" \/><\/p>\n<p>&nbsp;<\/p>\n<p>En un any tan complex, amb la <strong>pand\u00e8mia del COVID-19<\/strong> en plenes oposicions, que no es van poder reprendre fins a finals de Juny, els nostres alumnes han demostrat la seva gran entrega i comprom\u00eds amb l&#8217;Oposici\u00f3.<\/p>\n<p>Despr\u00e9s de preparar <a href=\"ca\/continguts-academicscuso1-4\">totes les proves de l&#8217;Oposici\u00f3<\/a> al CEI els nostres alumnes es van presentar a les proves: test de preguntes; comentari de text i entrevista; examen d&#8217;idiomes; i exposici\u00f3 oral del temari.<\/p>\n<p>&nbsp;<\/p>\n<blockquote><p><strong>Evoluci\u00f3 dels candidats CEI i generals a l&#8217;Oposici\u00f3:<\/strong><\/p><\/blockquote>\n<p>&nbsp;<\/p>\n<p><img decoding=\"async\" class=\" size-full wp-image-3612\" style=\"display: block; margin-left: auto; margin-right: auto;\" src=\"https:\/\/www.ceibcn.com\/wp-content\/uploads\/2020\/11\/GrafCD.png\" alt=\"GrafCD\" width=\"650\" height=\"278\" srcset=\"https:\/\/www.ceibcn.com\/wp-content\/uploads\/2020\/11\/GrafCD.png 898w, https:\/\/www.ceibcn.com\/wp-content\/uploads\/2020\/11\/GrafCD-300x128.png 300w, https:\/\/www.ceibcn.com\/wp-content\/uploads\/2020\/11\/GrafCD-768x328.png 768w, https:\/\/www.ceibcn.com\/wp-content\/uploads\/2020\/11\/GrafCD-150x64.png 150w\" sizes=\"(max-width: 650px) 100vw, 650px\" \/><\/p>\n<p>&nbsp;<\/p>\n<p>Estem molt orgullosos de poder dir que el <strong>percentatge d&#8217;alumnes del CEI presentats a l&#8217;Oposici\u00f3 \u00e9s d&#8217;un 4,83% i el percentatge d&#8217;aprovats CEI d&#8217;un 8,1%:<\/strong><\/p>\n<p>&nbsp;<\/p>\n<p><img decoding=\"async\" class=\" size-full wp-image-3615\" style=\"display: block; margin-left: auto; margin-right: auto;\" src=\"https:\/\/www.ceibcn.com\/wp-content\/uploads\/2020\/11\/porcentCD.png\" alt=\"porcentCD\" width=\"650\" height=\"280\" srcset=\"https:\/\/www.ceibcn.com\/wp-content\/uploads\/2020\/11\/porcentCD.png 873w, https:\/\/www.ceibcn.com\/wp-content\/uploads\/2020\/11\/porcentCD-300x129.png 300w, https:\/\/www.ceibcn.com\/wp-content\/uploads\/2020\/11\/porcentCD-768x331.png 768w, https:\/\/www.ceibcn.com\/wp-content\/uploads\/2020\/11\/porcentCD-150x65.png 150w\" sizes=\"(max-width: 650px) 100vw, 650px\" \/><\/p>\n<p>&nbsp;<\/p>\n<p>Les <strong>Oposicions a la Carrera Diplom\u00e0tica<\/strong> funcionen segons el que s&#8217;estableix en el BOE, per a enguany, la convocat\u00f2ria era de 37 places, 2 d&#8217;elles reservades a persones que tinguin reconegut un grau de discapacitat general igual o superior al 33%. Aquestes 37 places s\u00f3n les que s&#8217;han disputat en una primera fase, que consta de 4 proves, que s\u00f3n les que han portat a <strong>3 dels nostres alumnes a superar aquesta part de l&#8217;oposici\u00f3.<\/strong><\/p>\n<p>Ara, la seg\u00fcent fase consisteix en un curs selectiu de car\u00e0cter eminentment pr\u00e0ctic a l&#8217;<a href=\"http:\/\/www.exteriores.gob.es\/Portal\/es\/Ministerio\/EscuelaDiplomatica\/Paginas\/Inicio.aspx\" target=\"_blank\" rel=\"noopener\">Escuela Diplom\u00e1tica<\/a> del Ministeri d&#8217;Afers exteriors, Uni\u00f3 Europea i Cooperaci\u00f3.<\/p>\n<p>La nostra m\u00e9s sincera enhorabona a <strong>Guillem, Andr\u00e9s i Tom\u00e1s per la seva gran feina!<\/strong><\/p>\n<p>No ens oblidem de la resta d&#8217;alumnes CEI que es van presentar i no han arribat a superar les 4 proves: Teniu un meravell\u00f3s futur per davant, i amb preparaci\u00f3 exhaustiva segur ho aconseguireu en les seg\u00fcents ocasions!<\/p>\n<p>Si tu tamb\u00e9 vols iniciar-te en el m\u00f3n de la <strong>Diplom\u00e0cia<\/strong> no dubtis a consultar la informaci\u00f3 sobre la <a href=\"ca\/carreradiplomaticacat\">Preparaci\u00f3 de l&#8217;Oposici\u00f3 a la Carrera Diplom\u00e0tica.<\/a><\/p>\n","protected":false},"excerpt":{"rendered":"<p>Orgullosos de tots els nostres alumnes! Ja s&#8217;han fet p\u00fabliques les llistes d&#8217;aprovats en els 4 exercicis de les oposicions a la Carrera Diplom\u00e0tica, i 3 dels nostres alumnes estan entre els aprovats: Guillem Manso Garc\u00eda, Andr\u00e9s de Zulueta de la Riba i Tom\u00e1s Miquel Riba N\u00fa\u00f1ez. Tots ells formats en el CEI, han aconseguit [&hellip;]<\/p>\n","protected":false},"author":6,"featured_media":3609,"comment_status":"closed","ping_status":"closed","sticky":false,"template":"","format":"standard","meta":{"_acf_changed":false,"_crdt_document":"","inline_featured_image":false,"footnotes":""},"categories":[121],"tags":[],"class_list":["post-3619","post","type-post","status-publish","format-standard","has-post-thumbnail","hentry","category-noticies"],"acf":[],"yoast_head":"<!-- This site is optimized with the Yoast SEO plugin v27.0 - https:\/\/yoast.com\/product\/yoast-seo-wordpress\/ -->\n<title>3 alumnes CEI entre els 37 nous Diplom\u00e0tics! Els alumnes CEI presentats eren el 4,8% i han obtingut el 8,1% de les places - CEI International Affairs<\/title>\n<meta name=\"robots\" content=\"index, follow, max-snippet:-1, max-image-preview:large, max-video-preview:-1\" \/>\n<link rel=\"canonical\" href=\"https:\/\/www.ceibcn.com\/ca\/2020\/11\/3-alumnes-cei-a-la-nova-promocio-de-diplomatics\/\" \/>\n<meta property=\"og:locale\" content=\"ca_ES\" \/>\n<meta property=\"og:type\" content=\"article\" \/>\n<meta property=\"og:title\" content=\"3 alumnes CEI entre els 37 nous Diplom\u00e0tics! Els alumnes CEI presentats eren el 4,8% i han obtingut el 8,1% de les places - CEI International Affairs\" \/>\n<meta property=\"og:description\" content=\"Orgullosos de tots els nostres alumnes! Ja s&#8217;han fet p\u00fabliques les llistes d&#8217;aprovats en els 4 exercicis de les oposicions a la Carrera Diplom\u00e0tica, i 3 dels nostres alumnes estan entre els aprovats: Guillem Manso Garc\u00eda, Andr\u00e9s de Zulueta de la Riba i Tom\u00e1s Miquel Riba N\u00fa\u00f1ez. Tots ells formats en el CEI, han aconseguit [&hellip;]\" \/>\n<meta property=\"og:url\" content=\"https:\/\/www.ceibcn.com\/ca\/2020\/11\/3-alumnes-cei-a-la-nova-promocio-de-diplomatics\/\" \/>\n<meta property=\"og:site_name\" content=\"CEI International Affairs\" \/>\n<meta property=\"article:publisher\" content=\"https:\/\/www.facebook.com\/CEI.CentroDeEstudiosInternacionales\/\" \/>\n<meta property=\"article:published_time\" content=\"2020-11-23T09:07:47+00:00\" \/>\n<meta property=\"article:modified_time\" content=\"2023-04-24T08:36:19+00:00\" \/>\n<meta property=\"og:image\" content=\"https:\/\/www.ceibcn.com\/wp-content\/uploads\/2020\/11\/VisualCD.png\" \/>\n\t<meta property=\"og:image:width\" content=\"895\" \/>\n\t<meta property=\"og:image:height\" content=\"365\" \/>\n\t<meta property=\"og:image:type\" content=\"image\/png\" \/>\n<meta name=\"author\" content=\"Cristian Romero Velasco\" \/>\n<meta name=\"twitter:card\" content=\"summary_large_image\" \/>\n<meta name=\"twitter:creator\" content=\"@CEIbcn\" \/>\n<meta name=\"twitter:site\" content=\"@CEIbcn\" \/>\n<meta name=\"twitter:label1\" content=\"Escrit per\" \/>\n\t<meta name=\"twitter:data1\" content=\"Cristian Romero Velasco\" \/>\n\t<meta name=\"twitter:label2\" content=\"Temps estimat de lectura\" \/>\n\t<meta name=\"twitter:data2\" content=\"2 minuts\" \/>\n<script type=\"application\/ld+json\" class=\"yoast-schema-graph\">{\"@context\":\"https:\/\/schema.org\",\"@graph\":[{\"@type\":\"Article\",\"@id\":\"https:\/\/www.ceibcn.com\/ca\/2020\/11\/3-alumnes-cei-a-la-nova-promocio-de-diplomatics\/#article\",\"isPartOf\":{\"@id\":\"https:\/\/www.ceibcn.com\/ca\/2020\/11\/3-alumnes-cei-a-la-nova-promocio-de-diplomatics\/\"},\"author\":{\"name\":\"Cristian Romero Velasco\",\"@id\":\"https:\/\/www.ceibcn.com\/ca\/#\/schema\/person\/4ef9992ee2fbd3987a5e1834e5d5808d\"},\"headline\":\"3 alumnes CEI entre els 37 nous Diplom\u00e0tics! Els alumnes CEI presentats eren el 4,8% i han obtingut el 8,1% de les places\",\"datePublished\":\"2020-11-23T09:07:47+00:00\",\"dateModified\":\"2023-04-24T08:36:19+00:00\",\"mainEntityOfPage\":{\"@id\":\"https:\/\/www.ceibcn.com\/ca\/2020\/11\/3-alumnes-cei-a-la-nova-promocio-de-diplomatics\/\"},\"wordCount\":425,\"publisher\":{\"@id\":\"https:\/\/www.ceibcn.com\/ca\/#organization\"},\"image\":{\"@id\":\"https:\/\/www.ceibcn.com\/ca\/2020\/11\/3-alumnes-cei-a-la-nova-promocio-de-diplomatics\/#primaryimage\"},\"thumbnailUrl\":\"https:\/\/www.ceibcn.com\/wp-content\/uploads\/2020\/11\/VisualCD.png\",\"articleSection\":[\"Not\u00edcies\"],\"inLanguage\":\"ca\"},{\"@type\":\"WebPage\",\"@id\":\"https:\/\/www.ceibcn.com\/ca\/2020\/11\/3-alumnes-cei-a-la-nova-promocio-de-diplomatics\/\",\"url\":\"https:\/\/www.ceibcn.com\/ca\/2020\/11\/3-alumnes-cei-a-la-nova-promocio-de-diplomatics\/\",\"name\":\"3 alumnes CEI entre els 37 nous Diplom\u00e0tics! Els alumnes CEI presentats eren el 4,8% i han obtingut el 8,1% de les places - CEI International Affairs\",\"isPartOf\":{\"@id\":\"https:\/\/www.ceibcn.com\/ca\/#website\"},\"primaryImageOfPage\":{\"@id\":\"https:\/\/www.ceibcn.com\/ca\/2020\/11\/3-alumnes-cei-a-la-nova-promocio-de-diplomatics\/#primaryimage\"},\"image\":{\"@id\":\"https:\/\/www.ceibcn.com\/ca\/2020\/11\/3-alumnes-cei-a-la-nova-promocio-de-diplomatics\/#primaryimage\"},\"thumbnailUrl\":\"https:\/\/www.ceibcn.com\/wp-content\/uploads\/2020\/11\/VisualCD.png\",\"datePublished\":\"2020-11-23T09:07:47+00:00\",\"dateModified\":\"2023-04-24T08:36:19+00:00\",\"breadcrumb\":{\"@id\":\"https:\/\/www.ceibcn.com\/ca\/2020\/11\/3-alumnes-cei-a-la-nova-promocio-de-diplomatics\/#breadcrumb\"},\"inLanguage\":\"ca\",\"potentialAction\":[{\"@type\":\"ReadAction\",\"target\":[\"https:\/\/www.ceibcn.com\/ca\/2020\/11\/3-alumnes-cei-a-la-nova-promocio-de-diplomatics\/\"]}]},{\"@type\":\"ImageObject\",\"inLanguage\":\"ca\",\"@id\":\"https:\/\/www.ceibcn.com\/ca\/2020\/11\/3-alumnes-cei-a-la-nova-promocio-de-diplomatics\/#primaryimage\",\"url\":\"https:\/\/www.ceibcn.com\/wp-content\/uploads\/2020\/11\/VisualCD.png\",\"contentUrl\":\"https:\/\/www.ceibcn.com\/wp-content\/uploads\/2020\/11\/VisualCD.png\",\"width\":895,\"height\":365,\"caption\":\"VisualCD\"},{\"@type\":\"BreadcrumbList\",\"@id\":\"https:\/\/www.ceibcn.com\/ca\/2020\/11\/3-alumnes-cei-a-la-nova-promocio-de-diplomatics\/#breadcrumb\",\"itemListElement\":[{\"@type\":\"ListItem\",\"position\":1,\"name\":\"Portada\",\"item\":\"https:\/\/www.ceibcn.com\/ca\/\"},{\"@type\":\"ListItem\",\"position\":2,\"name\":\"3 alumnes CEI entre els 37 nous Diplom\u00e0tics! Els alumnes CEI presentats eren el 4,8% i han obtingut el 8,1% de les places\"}]},{\"@type\":\"WebSite\",\"@id\":\"https:\/\/www.ceibcn.com\/ca\/#website\",\"url\":\"https:\/\/www.ceibcn.com\/ca\/\",\"name\":\"CEI International Affairs\",\"description\":\"CEI International Affairs\",\"publisher\":{\"@id\":\"https:\/\/www.ceibcn.com\/ca\/#organization\"},\"alternateName\":\"CEI International Affairs\",\"potentialAction\":[{\"@type\":\"SearchAction\",\"target\":{\"@type\":\"EntryPoint\",\"urlTemplate\":\"https:\/\/www.ceibcn.com\/ca\/?s={search_term_string}\"},\"query-input\":{\"@type\":\"PropertyValueSpecification\",\"valueRequired\":true,\"valueName\":\"search_term_string\"}}],\"inLanguage\":\"ca\"},{\"@type\":\"Organization\",\"@id\":\"https:\/\/www.ceibcn.com\/ca\/#organization\",\"name\":\"CEI International Affairs\",\"url\":\"https:\/\/www.ceibcn.com\/ca\/\",\"logo\":{\"@type\":\"ImageObject\",\"inLanguage\":\"ca\",\"@id\":\"https:\/\/www.ceibcn.com\/ca\/#\/schema\/logo\/image\/\",\"url\":\"https:\/\/www.ceibcn.com\/wp-content\/uploads\/2021\/09\/CeiLogo_EscuelaDiploVectorized_vectorizedSIN_FONDO.png\",\"contentUrl\":\"https:\/\/www.ceibcn.com\/wp-content\/uploads\/2021\/09\/CeiLogo_EscuelaDiploVectorized_vectorizedSIN_FONDO.png\",\"width\":1591,\"height\":629,\"caption\":\"CEI International Affairs\"},\"image\":{\"@id\":\"https:\/\/www.ceibcn.com\/ca\/#\/schema\/logo\/image\/\"},\"sameAs\":[\"https:\/\/www.facebook.com\/CEI.CentroDeEstudiosInternacionales\/\",\"https:\/\/x.com\/CEIbcn\",\"https:\/\/www.instagram.com\/cei_international\/\"]},{\"@type\":\"Person\",\"@id\":\"https:\/\/www.ceibcn.com\/ca\/#\/schema\/person\/4ef9992ee2fbd3987a5e1834e5d5808d\",\"name\":\"Cristian Romero Velasco\",\"image\":{\"@type\":\"ImageObject\",\"inLanguage\":\"ca\",\"@id\":\"https:\/\/www.ceibcn.com\/ca\/#\/schema\/person\/image\/\",\"url\":\"https:\/\/secure.gravatar.com\/avatar\/d78c33ad7f1570635ae9c9cb6274fe682bd5872dfde7a5448127d7825dd90943?s=96&d=mm&r=g\",\"contentUrl\":\"https:\/\/secure.gravatar.com\/avatar\/d78c33ad7f1570635ae9c9cb6274fe682bd5872dfde7a5448127d7825dd90943?s=96&d=mm&r=g\",\"caption\":\"Cristian Romero Velasco\"},\"url\":\"https:\/\/www.ceibcn.com\/ca\/author\/cristian\/\"}]}<\/script>\n<!-- \/ Yoast SEO plugin. -->","yoast_head_json":{"title":"3 alumnes CEI entre els 37 nous Diplom\u00e0tics! Els alumnes CEI presentats eren el 4,8% i han obtingut el 8,1% de les places - CEI International Affairs","robots":{"index":"index","follow":"follow","max-snippet":"max-snippet:-1","max-image-preview":"max-image-preview:large","max-video-preview":"max-video-preview:-1"},"canonical":"https:\/\/www.ceibcn.com\/ca\/2020\/11\/3-alumnes-cei-a-la-nova-promocio-de-diplomatics\/","og_locale":"ca_ES","og_type":"article","og_title":"3 alumnes CEI entre els 37 nous Diplom\u00e0tics! Els alumnes CEI presentats eren el 4,8% i han obtingut el 8,1% de les places - CEI International Affairs","og_description":"Orgullosos de tots els nostres alumnes! Ja s&#8217;han fet p\u00fabliques les llistes d&#8217;aprovats en els 4 exercicis de les oposicions a la Carrera Diplom\u00e0tica, i 3 dels nostres alumnes estan entre els aprovats: Guillem Manso Garc\u00eda, Andr\u00e9s de Zulueta de la Riba i Tom\u00e1s Miquel Riba N\u00fa\u00f1ez. Tots ells formats en el CEI, han aconseguit [&hellip;]","og_url":"https:\/\/www.ceibcn.com\/ca\/2020\/11\/3-alumnes-cei-a-la-nova-promocio-de-diplomatics\/","og_site_name":"CEI International Affairs","article_publisher":"https:\/\/www.facebook.com\/CEI.CentroDeEstudiosInternacionales\/","article_published_time":"2020-11-23T09:07:47+00:00","article_modified_time":"2023-04-24T08:36:19+00:00","og_image":[{"width":895,"height":365,"url":"https:\/\/www.ceibcn.com\/wp-content\/uploads\/2020\/11\/VisualCD.png","type":"image\/png"}],"author":"Cristian Romero Velasco","twitter_card":"summary_large_image","twitter_creator":"@CEIbcn","twitter_site":"@CEIbcn","twitter_misc":{"Escrit per":"Cristian Romero Velasco","Temps estimat de lectura":"2 minuts"},"schema":{"@context":"https:\/\/schema.org","@graph":[{"@type":"Article","@id":"https:\/\/www.ceibcn.com\/ca\/2020\/11\/3-alumnes-cei-a-la-nova-promocio-de-diplomatics\/#article","isPartOf":{"@id":"https:\/\/www.ceibcn.com\/ca\/2020\/11\/3-alumnes-cei-a-la-nova-promocio-de-diplomatics\/"},"author":{"name":"Cristian Romero Velasco","@id":"https:\/\/www.ceibcn.com\/ca\/#\/schema\/person\/4ef9992ee2fbd3987a5e1834e5d5808d"},"headline":"3 alumnes CEI entre els 37 nous Diplom\u00e0tics! Els alumnes CEI presentats eren el 4,8% i han obtingut el 8,1% de les places","datePublished":"2020-11-23T09:07:47+00:00","dateModified":"2023-04-24T08:36:19+00:00","mainEntityOfPage":{"@id":"https:\/\/www.ceibcn.com\/ca\/2020\/11\/3-alumnes-cei-a-la-nova-promocio-de-diplomatics\/"},"wordCount":425,"publisher":{"@id":"https:\/\/www.ceibcn.com\/ca\/#organization"},"image":{"@id":"https:\/\/www.ceibcn.com\/ca\/2020\/11\/3-alumnes-cei-a-la-nova-promocio-de-diplomatics\/#primaryimage"},"thumbnailUrl":"https:\/\/www.ceibcn.com\/wp-content\/uploads\/2020\/11\/VisualCD.png","articleSection":["Not\u00edcies"],"inLanguage":"ca"},{"@type":"WebPage","@id":"https:\/\/www.ceibcn.com\/ca\/2020\/11\/3-alumnes-cei-a-la-nova-promocio-de-diplomatics\/","url":"https:\/\/www.ceibcn.com\/ca\/2020\/11\/3-alumnes-cei-a-la-nova-promocio-de-diplomatics\/","name":"3 alumnes CEI entre els 37 nous Diplom\u00e0tics! Els alumnes CEI presentats eren el 4,8% i han obtingut el 8,1% de les places - CEI International Affairs","isPartOf":{"@id":"https:\/\/www.ceibcn.com\/ca\/#website"},"primaryImageOfPage":{"@id":"https:\/\/www.ceibcn.com\/ca\/2020\/11\/3-alumnes-cei-a-la-nova-promocio-de-diplomatics\/#primaryimage"},"image":{"@id":"https:\/\/www.ceibcn.com\/ca\/2020\/11\/3-alumnes-cei-a-la-nova-promocio-de-diplomatics\/#primaryimage"},"thumbnailUrl":"https:\/\/www.ceibcn.com\/wp-content\/uploads\/2020\/11\/VisualCD.png","datePublished":"2020-11-23T09:07:47+00:00","dateModified":"2023-04-24T08:36:19+00:00","breadcrumb":{"@id":"https:\/\/www.ceibcn.com\/ca\/2020\/11\/3-alumnes-cei-a-la-nova-promocio-de-diplomatics\/#breadcrumb"},"inLanguage":"ca","potentialAction":[{"@type":"ReadAction","target":["https:\/\/www.ceibcn.com\/ca\/2020\/11\/3-alumnes-cei-a-la-nova-promocio-de-diplomatics\/"]}]},{"@type":"ImageObject","inLanguage":"ca","@id":"https:\/\/www.ceibcn.com\/ca\/2020\/11\/3-alumnes-cei-a-la-nova-promocio-de-diplomatics\/#primaryimage","url":"https:\/\/www.ceibcn.com\/wp-content\/uploads\/2020\/11\/VisualCD.png","contentUrl":"https:\/\/www.ceibcn.com\/wp-content\/uploads\/2020\/11\/VisualCD.png","width":895,"height":365,"caption":"VisualCD"},{"@type":"BreadcrumbList","@id":"https:\/\/www.ceibcn.com\/ca\/2020\/11\/3-alumnes-cei-a-la-nova-promocio-de-diplomatics\/#breadcrumb","itemListElement":[{"@type":"ListItem","position":1,"name":"Portada","item":"https:\/\/www.ceibcn.com\/ca\/"},{"@type":"ListItem","position":2,"name":"3 alumnes CEI entre els 37 nous Diplom\u00e0tics! Els alumnes CEI presentats eren el 4,8% i han obtingut el 8,1% de les places"}]},{"@type":"WebSite","@id":"https:\/\/www.ceibcn.com\/ca\/#website","url":"https:\/\/www.ceibcn.com\/ca\/","name":"CEI International Affairs","description":"CEI International Affairs","publisher":{"@id":"https:\/\/www.ceibcn.com\/ca\/#organization"},"alternateName":"CEI International Affairs","potentialAction":[{"@type":"SearchAction","target":{"@type":"EntryPoint","urlTemplate":"https:\/\/www.ceibcn.com\/ca\/?s={search_term_string}"},"query-input":{"@type":"PropertyValueSpecification","valueRequired":true,"valueName":"search_term_string"}}],"inLanguage":"ca"},{"@type":"Organization","@id":"https:\/\/www.ceibcn.com\/ca\/#organization","name":"CEI International Affairs","url":"https:\/\/www.ceibcn.com\/ca\/","logo":{"@type":"ImageObject","inLanguage":"ca","@id":"https:\/\/www.ceibcn.com\/ca\/#\/schema\/logo\/image\/","url":"https:\/\/www.ceibcn.com\/wp-content\/uploads\/2021\/09\/CeiLogo_EscuelaDiploVectorized_vectorizedSIN_FONDO.png","contentUrl":"https:\/\/www.ceibcn.com\/wp-content\/uploads\/2021\/09\/CeiLogo_EscuelaDiploVectorized_vectorizedSIN_FONDO.png","width":1591,"height":629,"caption":"CEI International Affairs"},"image":{"@id":"https:\/\/www.ceibcn.com\/ca\/#\/schema\/logo\/image\/"},"sameAs":["https:\/\/www.facebook.com\/CEI.CentroDeEstudiosInternacionales\/","https:\/\/x.com\/CEIbcn","https:\/\/www.instagram.com\/cei_international\/"]},{"@type":"Person","@id":"https:\/\/www.ceibcn.com\/ca\/#\/schema\/person\/4ef9992ee2fbd3987a5e1834e5d5808d","name":"Cristian Romero Velasco","image":{"@type":"ImageObject","inLanguage":"ca","@id":"https:\/\/www.ceibcn.com\/ca\/#\/schema\/person\/image\/","url":"https:\/\/secure.gravatar.com\/avatar\/d78c33ad7f1570635ae9c9cb6274fe682bd5872dfde7a5448127d7825dd90943?s=96&d=mm&r=g","contentUrl":"https:\/\/secure.gravatar.com\/avatar\/d78c33ad7f1570635ae9c9cb6274fe682bd5872dfde7a5448127d7825dd90943?s=96&d=mm&r=g","caption":"Cristian Romero Velasco"},"url":"https:\/\/www.ceibcn.com\/ca\/author\/cristian\/"}]}},"_links":{"self":[{"href":"https:\/\/www.ceibcn.com\/ca\/wp-json\/wp\/v2\/posts\/3619","targetHints":{"allow":["GET"]}}],"collection":[{"href":"https:\/\/www.ceibcn.com\/ca\/wp-json\/wp\/v2\/posts"}],"about":[{"href":"https:\/\/www.ceibcn.com\/ca\/wp-json\/wp\/v2\/types\/post"}],"author":[{"embeddable":true,"href":"https:\/\/www.ceibcn.com\/ca\/wp-json\/wp\/v2\/users\/6"}],"replies":[{"embeddable":true,"href":"https:\/\/www.ceibcn.com\/ca\/wp-json\/wp\/v2\/comments?post=3619"}],"version-history":[{"count":1,"href":"https:\/\/www.ceibcn.com\/ca\/wp-json\/wp\/v2\/posts\/3619\/revisions"}],"predecessor-version":[{"id":5817,"href":"https:\/\/www.ceibcn.com\/ca\/wp-json\/wp\/v2\/posts\/3619\/revisions\/5817"}],"wp:featuredmedia":[{"embeddable":true,"href":"https:\/\/www.ceibcn.com\/ca\/wp-json\/wp\/v2\/media\/3609"}],"wp:attachment":[{"href":"https:\/\/www.ceibcn.com\/ca\/wp-json\/wp\/v2\/media?parent=3619"}],"wp:term":[{"taxonomy":"category","embeddable":true,"href":"https:\/\/www.ceibcn.com\/ca\/wp-json\/wp\/v2\/categories?post=3619"},{"taxonomy":"post_tag","embeddable":true,"href":"https:\/\/www.ceibcn.com\/ca\/wp-json\/wp\/v2\/tags?post=3619"}],"curies":[{"name":"wp","href":"https:\/\/api.w.org\/{rel}","templated":true}]}}