{"id":3720,"date":"2021-01-08T10:51:09","date_gmt":"2021-01-08T09:51:09","guid":{"rendered":"https:\/\/www.ceibcn.com\/2021\/01\/l-esperanca-de-que-mes-empreses-espanyoles-inverteixin-a-argelia-realtoria-de-la-trobada-amb-l-ambaixador-d-espanya-a-alger\/"},"modified":"2023-04-24T10:35:12","modified_gmt":"2023-04-24T08:35:12","slug":"l-esperanca-de-que-mes-empreses-espanyoles-inverteixin-a-argelia-realtoria-de-la-trobada-amb-l-ambaixador-d-espanya-a-alger","status":"publish","type":"post","link":"https:\/\/www.ceibcn.com\/ca\/2021\/01\/l-esperanca-de-que-mes-empreses-espanyoles-inverteixin-a-argelia-realtoria-de-la-trobada-amb-l-ambaixador-d-espanya-a-alger\/","title":{"rendered":"&#8220;L&#8217;esperan\u00e7a de que m\u00e9s empreses espanyoles inverteixin a Alg\u00e8ria&#8221; Realtoria de la Trobada amb l&#8217;Ambaixador d&#8217;Espanya a Alger"},"content":{"rendered":"<p>El dimarts 23 de febrer del 2021 es va celebrar una trobada virtual amb l<strong>&#8216;Ambaixador d&#8217;Espanya a Alg\u00e8ria, l&#8217;Excel\u00b7lent\u00edssim Senyor Fernando Mor\u00e1n<\/strong>. L&#8217;esdeveniment, organitzat pel Centre d&#8217;Estudis Internacionals, en col\u00b7laboraci\u00f3 amb el <em>Cercle d\u2019Economia<\/em>, va comptar amb assistents de distintes empreses i membres de l&#8217;<a href=\"ca\/executive-club-cei\">Executive Club<\/a> CEI.<\/p>\n<p>&nbsp;<\/p>\n<p>La confer\u00e8ncia va comen\u00e7ar amb una introducci\u00f3 de l&#8217;<strong>Ambaixador Sen\u00e9n Florensa<\/strong>, funcionari diplom\u00e0tic amb gran experi\u00e8ncia, i actual president de la Comissi\u00f3 Delegada del <a href=\"https:\/\/www.iemed.org\/\" target=\"_blank\" rel=\"noopener\">IEMed<\/a>. L\u2019&#8217;Ambaixador Florensa va comen\u00e7ar destacant que es viu una \u00e8poca important per a la relaci\u00f3 entre Alg\u00e8ria i Espanya, i amb els altres pa\u00efsos del Mediterrani, ja que es compleixen 25 anys de l&#8217;inici del Proc\u00e9s de Barcelona i 15 anys des de la firma del tractat d&#8217;associaci\u00f3 d&#8217;Alg\u00e8ria amb la Uni\u00f3 Europea. Florensa va fer un breu an\u00e0lisi de <strong>com ha evolucionat el Proc\u00e9s de Barcelona<\/strong> des del seu establiment, destacant en primer lloc que en l&#8217;\u00e0mbit pol\u00edtic hi ha hagut certes dificultats per les diverses guerres que han ocorregut en l&#8217;Orient. Despr\u00e9s va explicar que a nivell econ\u00f2mic hi ha hagut grans avan\u00e7os de modernitzaci\u00f3, i que, a nivell cultural, els canvis han sigut significatius pels canvis de mentalitat que van oc\u00f3rrer i van portar al q\u00fcestionament de l&#8217;estat \u00e0rab tradicional, i van tenir com a desenlla\u00e7 la coneguda Primavera \u00c0rab.<\/p>\n<p>&nbsp;<\/p>\n<p>A continuaci\u00f3, va prendre la paraula l&#8217;<strong>Ambaixador Fernando Mor\u00e1n,<\/strong> el qual va comen\u00e7ar fent un rep\u00e0s general de la situaci\u00f3 pol\u00edtica algeriana. Va destacar l&#8217;important proc\u00e9s de transformaci\u00f3 que ha tingut el pa\u00eds des del 2019 amb l&#8217;arribada del president <strong>Abdelmadjid Tebboune<\/strong>. L&#8217;arribada d\u2019aquest president al pa\u00eds va ser turbulenta, ja que previ al seu ingr\u00e9s a la presid\u00e8ncia, el moviment opositor Hirak va mobilitzar milers d&#8217;algerians als carrers, en protestes que van durar prop de 10 mesos i que van donar lloc a les eleccions del 12 de desembre del 2019. Al guanyar les eleccions i prendre el comandament, el president Tebboune va dur a terme una reforma pol\u00edtica important que va incloure una nova constituci\u00f3, una nova llei electoral i una convocat\u00f2ria per a eleccions parlament\u00e0ries. Aquestes eleccions, segons l&#8217;Ambaixador, ocorreran abans del 19 de maig, per\u00f2 es tem que, per tenir lloc en ple mes de Ramad\u00e0, el proc\u00e9s de campanya sigui complicat.<\/p>\n<p>&nbsp;<\/p>\n<p><img fetchpriority=\"high\" decoding=\"async\" class=\" size-full wp-image-3713\" style=\"display: block; margin-left: auto; margin-right: auto;\" src=\"https:\/\/www.ceibcn.com\/wp-content\/uploads\/2021\/01\/AulaArgelia.jpeg\" alt=\"AulaArgelia\" width=\"500\" height=\"281\" srcset=\"https:\/\/www.ceibcn.com\/wp-content\/uploads\/2021\/01\/AulaArgelia.jpeg 1366w, https:\/\/www.ceibcn.com\/wp-content\/uploads\/2021\/01\/AulaArgelia-300x169.jpeg 300w, https:\/\/www.ceibcn.com\/wp-content\/uploads\/2021\/01\/AulaArgelia-768x432.jpeg 768w, https:\/\/www.ceibcn.com\/wp-content\/uploads\/2021\/01\/AulaArgelia-150x84.jpeg 150w\" sizes=\"(max-width: 500px) 100vw, 500px\" \/><\/p>\n<p>&nbsp;<\/p>\n<p>Despr\u00e9s, l&#8217;Ambaixador va passar a discutir la <strong>relaci\u00f3 bilateral entre Espanya i Alg\u00e8ria.<\/strong> Va fer \u00e8mfasi en qu\u00e8 <strong>Alg\u00e8ria \u00e9s el pa\u00eds amb qu\u00e8 s&#8217;han tingut m\u00e9s reunions d&#8217;alt nivell,<\/strong> set fins al moment. Va destacar a m\u00e9s les significatives relacions culturals, dins de les que existeixen m\u00e9s de 100 acords entre universitats espanyoles i algerianes, i on l&#8217;Institut Cervantes \u00e9s el tercer del m\u00f3n per nombre d&#8217;alumnes, demostrant aix\u00ed un gran inter\u00e8s en la llengua i la cultura espanyola per part dels algerians.<\/p>\n<p>&nbsp;<\/p>\n<p>Finalment, l&#8217;Ambaixador va presentar la situaci\u00f3 de les <strong>relacions econ\u00f2miques bilaterals amb Espanya.<\/strong> Alg\u00e8ria \u00e9s un pa\u00eds dependent de les seves <strong>exportacions de gas i petroli,<\/strong> i per aix\u00f2 la relaci\u00f3 econ\u00f2mica amb Espanya se centra en aquest sector. L&#8217;Ambaixador va comentar que, de manera general, hi ha hagut una disminuci\u00f3 d&#8217;importacions i exportacions entre ambd\u00f3s pa\u00efsos en els \u00faltims 2 anys, ja que per un costat Espanya va exportar 3,300 milions d&#8217;euros en 2018 i tan sols 1,700 milions en el 2020, i per l&#8217;altre les importacions espanyoles van ser de 4,666 milions d&#8217;euros en 2018 i en 2020, va haver-hi una reducci\u00f3 a 2,258 milions. Amb estes xifres, per tant, l&#8217;Ambaixador va recalcar la reducci\u00f3 significativa del flux comercial. Addicionalment va afegir que, en el 2019 el flux d&#8217;inversions va ser nul, ja que cap empresa espanyola va invertir a Alg\u00e8ria. Malgrat tot, l&#8217;Ambaixador va fer \u00e8mfasi en qu\u00e8 Alg\u00e8ria \u00e9s un mercat prioritari per a Espanya, ja que constitueixen el 1% de les vendes espanyoles, i s\u00f3n el segon client del continent afric\u00e0 darrere del Marroc, i tercer prove\u00efdor afric\u00e0 tamb\u00e9 despr\u00e9s del Marroc i de Nig\u00e8ria. Finalment, va relatar que des de l&#8217;Ambaixada s&#8217;est\u00e0 treballant amb gran esfor\u00e7 este tema per a aix\u00ed poder obrir cam\u00ed a m\u00e9s empreses espanyoles per a aprofitar els avantatges del mercat algeri\u00e0.<\/p>\n<p>&nbsp;<\/p>\n<p>En el torn de preguntes, l&#8217;Ambaixador Sen\u00e9n Florensa va prendre novament la paraula, preguntant-li a l&#8217;Ambaixador Mor\u00e1n sobre com pot explicar-se el poc inter\u00e8s de les empreses espanyoles a invertir a Alg\u00e8ria. A aix\u00f2, l&#8217;Ambaixador Mor\u00e1n va contestar que,<strong> fins a juny del 2020, existia una llei que obligava que el 51% del capital de qualsevol societat que invertia, qued\u00e9s en mans algeriane<\/strong>s. <strong>Aquesta llei ja va ser derogada, per la qual cosa l&#8217;Ambaixador va expressar la seva esperan\u00e7a que m\u00e9s empreses invertissin a Alg\u00e8ria,<\/strong> en especial despr\u00e9s de l&#8217;\u00faltima visita del president del govern Pedro S\u00e1nchez, el qual va estar acompanyat per representants d&#8217;unes quantes empreses. Despr\u00e9s, el director del CEI, el Dr. \u00c1ngel Pes, va preguntar sobre la percepci\u00f3 que existeix de que nom\u00e9s \u00e9s possible invertir a Alg\u00e8ria per mitj\u00e0 del sector p\u00fablic, i sobre quines possibilitats existeixen perqu\u00e8 el sector privat inverteixi sense haver de rec\u00f3rrer al sector p\u00fablic. L&#8217;Ambaixador va comentar que, encara que no est\u00e0 molt desenvolupat el tema, ha tingut creixent import\u00e0ncia. Va afegir que hi ha grups empresarials espanyols que han executat projectes amb empreses privades, i que en l&#8217;\u00e0mbit de l&#8217;agricultura aix\u00f2 ha sigut m\u00e9s evident. L&#8217;Ambaixador va apuntar que \u00e9s un tema que cal continuar treballant perqu\u00e8 hi ha experi\u00e8ncies positives.<\/p>\n<p>&nbsp;<\/p>\n<p><img decoding=\"async\" class=\" size-full wp-image-3716\" style=\"display: block; margin-left: auto; margin-right: auto;\" src=\"https:\/\/www.ceibcn.com\/wp-content\/uploads\/2021\/01\/AulaArgelia2.jpeg\" alt=\"AulaArgelia2\" width=\"500\" height=\"281\" srcset=\"https:\/\/www.ceibcn.com\/wp-content\/uploads\/2021\/01\/AulaArgelia2.jpeg 1366w, https:\/\/www.ceibcn.com\/wp-content\/uploads\/2021\/01\/AulaArgelia2-300x169.jpeg 300w, https:\/\/www.ceibcn.com\/wp-content\/uploads\/2021\/01\/AulaArgelia2-768x432.jpeg 768w, https:\/\/www.ceibcn.com\/wp-content\/uploads\/2021\/01\/AulaArgelia2-150x84.jpeg 150w\" sizes=\"(max-width: 500px) 100vw, 500px\" \/><\/p>\n<p>&nbsp;<\/p>\n<p>Finalment, l&#8217;audi\u00e8ncia va realitzar preguntes relacionades a l&#8217;<strong>emerg\u00e8ncia causada per la pand\u00e8mia del COVID19<\/strong> i els seus impactes a Alg\u00e8ria. L&#8217;Ambaixador Mor\u00e1n va destacar que, en l&#8217;\u00e0mbit econ\u00f2mic, el govern est\u00e0 tractant d&#8217;aprovar un nou full de ruta per a diversificar la seua economia i ampliar altres sectors com l&#8217;automotriu, el d&#8217;agricultura, i el d&#8217;energies renovables, en el que Espanya pot tindre una important oportunitat d&#8217;inversi\u00f3. En termes generals l&#8217;Ambaixador va relatar que Alg\u00e8ria ha implementat mesures semblants per a combatre la pand\u00e8mia, com a tocs de queda i tancaments de certs sectors econ\u00f2mics. Actualment, s&#8217;ha comen\u00e7at el pla de vacunaci\u00f3, per\u00f2 les autoritats temen que, en el mes del ramad\u00e0, que normalment es compon de moltes festivitats en els carrers i amb grans aglomeracions, els casos augmentin significativament.<\/p>\n<p>&nbsp;<\/p>\n<p>En definitiva, l&#8217;esdeveniment virtual va ser de gran inter\u00e8s per a tots els convidats i l&#8217;exposici\u00f3 d&#8217;ambd\u00f3s ponents va deixar clar que la relaci\u00f3 bilateral amb Alg\u00e8ria s&#8217;ha treballat i es continua treballant per al b\u00e9 col\u00b7lectiu d&#8217;ambd\u00f3s nacions.<\/p>\n<p>&nbsp;<\/p>\n<p>&nbsp;<\/p>\n<blockquote><p>Relatoria elaborada per: Lupita Prada Jim\u00e9nez<\/p>\n<p>Alumna del <a href=\"ca\/master-diplomacia\">M\u00e0ster en Diplom\u00e0cia i Organitzacions Internacionals<\/a><\/p><\/blockquote>\n","protected":false},"excerpt":{"rendered":"<p>El dimarts 23 de febrer del 2021 es va celebrar una trobada virtual amb l&#8216;Ambaixador d&#8217;Espanya a Alg\u00e8ria, l&#8217;Excel\u00b7lent\u00edssim Senyor Fernando Mor\u00e1n. L&#8217;esdeveniment, organitzat pel Centre d&#8217;Estudis Internacionals, en col\u00b7laboraci\u00f3 amb el Cercle d\u2019Economia, va comptar amb assistents de distintes empreses i membres de l&#8217;Executive Club CEI. &nbsp; La confer\u00e8ncia va comen\u00e7ar amb una introducci\u00f3 [&hellip;]<\/p>\n","protected":false},"author":6,"featured_media":3713,"comment_status":"closed","ping_status":"closed","sticky":false,"template":"","format":"standard","meta":{"_acf_changed":false,"_crdt_document":"","inline_featured_image":false,"footnotes":""},"categories":[121],"tags":[],"class_list":["post-3720","post","type-post","status-publish","format-standard","has-post-thumbnail","hentry","category-noticies"],"acf":[],"yoast_head":"<!-- This site is optimized with the Yoast SEO plugin v27.0 - https:\/\/yoast.com\/product\/yoast-seo-wordpress\/ -->\n<title>&quot;L&#039;esperan\u00e7a de que m\u00e9s empreses espanyoles inverteixin a Alg\u00e8ria&quot; Realtoria de la Trobada amb l&#039;Ambaixador d&#039;Espanya a Alger - CEI International Affairs<\/title>\n<meta name=\"robots\" content=\"index, follow, max-snippet:-1, max-image-preview:large, max-video-preview:-1\" \/>\n<link rel=\"canonical\" href=\"https:\/\/www.ceibcn.com\/ca\/2021\/01\/l-esperanca-de-que-mes-empreses-espanyoles-inverteixin-a-argelia-realtoria-de-la-trobada-amb-l-ambaixador-d-espanya-a-alger\/\" \/>\n<meta property=\"og:locale\" content=\"ca_ES\" \/>\n<meta property=\"og:type\" content=\"article\" \/>\n<meta property=\"og:title\" content=\"&quot;L&#039;esperan\u00e7a de que m\u00e9s empreses espanyoles inverteixin a Alg\u00e8ria&quot; Realtoria de la Trobada amb l&#039;Ambaixador d&#039;Espanya a Alger - CEI International Affairs\" \/>\n<meta property=\"og:description\" content=\"El dimarts 23 de febrer del 2021 es va celebrar una trobada virtual amb l&#8216;Ambaixador d&#8217;Espanya a Alg\u00e8ria, l&#8217;Excel\u00b7lent\u00edssim Senyor Fernando Mor\u00e1n. L&#8217;esdeveniment, organitzat pel Centre d&#8217;Estudis Internacionals, en col\u00b7laboraci\u00f3 amb el Cercle d\u2019Economia, va comptar amb assistents de distintes empreses i membres de l&#8217;Executive Club CEI. &nbsp; La confer\u00e8ncia va comen\u00e7ar amb una introducci\u00f3 [&hellip;]\" \/>\n<meta property=\"og:url\" content=\"https:\/\/www.ceibcn.com\/ca\/2021\/01\/l-esperanca-de-que-mes-empreses-espanyoles-inverteixin-a-argelia-realtoria-de-la-trobada-amb-l-ambaixador-d-espanya-a-alger\/\" \/>\n<meta property=\"og:site_name\" content=\"CEI International Affairs\" \/>\n<meta property=\"article:publisher\" content=\"https:\/\/www.facebook.com\/CEI.CentroDeEstudiosInternacionales\/\" \/>\n<meta property=\"article:published_time\" content=\"2021-01-08T09:51:09+00:00\" \/>\n<meta property=\"article:modified_time\" content=\"2023-04-24T08:35:12+00:00\" \/>\n<meta property=\"og:image\" content=\"https:\/\/www.ceibcn.com\/wp-content\/uploads\/2021\/01\/AulaArgelia.jpeg\" \/>\n\t<meta property=\"og:image:width\" content=\"1366\" \/>\n\t<meta property=\"og:image:height\" content=\"768\" \/>\n\t<meta property=\"og:image:type\" content=\"image\/jpeg\" \/>\n<meta name=\"author\" content=\"Cristian Romero Velasco\" \/>\n<meta name=\"twitter:card\" content=\"summary_large_image\" \/>\n<meta name=\"twitter:creator\" content=\"@CEIbcn\" \/>\n<meta name=\"twitter:site\" content=\"@CEIbcn\" \/>\n<meta name=\"twitter:label1\" content=\"Escrit per\" \/>\n\t<meta name=\"twitter:data1\" content=\"Cristian Romero Velasco\" \/>\n\t<meta name=\"twitter:label2\" content=\"Temps estimat de lectura\" \/>\n\t<meta name=\"twitter:data2\" content=\"6 minuts\" \/>\n<script type=\"application\/ld+json\" class=\"yoast-schema-graph\">{\"@context\":\"https:\/\/schema.org\",\"@graph\":[{\"@type\":\"Article\",\"@id\":\"https:\/\/www.ceibcn.com\/ca\/2021\/01\/l-esperanca-de-que-mes-empreses-espanyoles-inverteixin-a-argelia-realtoria-de-la-trobada-amb-l-ambaixador-d-espanya-a-alger\/#article\",\"isPartOf\":{\"@id\":\"https:\/\/www.ceibcn.com\/ca\/2021\/01\/l-esperanca-de-que-mes-empreses-espanyoles-inverteixin-a-argelia-realtoria-de-la-trobada-amb-l-ambaixador-d-espanya-a-alger\/\"},\"author\":{\"name\":\"Cristian Romero Velasco\",\"@id\":\"https:\/\/www.ceibcn.com\/ca\/#\/schema\/person\/4ef9992ee2fbd3987a5e1834e5d5808d\"},\"headline\":\"&#8220;L&#8217;esperan\u00e7a de que m\u00e9s empreses espanyoles inverteixin a Alg\u00e8ria&#8221; Realtoria de la Trobada amb l&#8217;Ambaixador d&#8217;Espanya a Alger\",\"datePublished\":\"2021-01-08T09:51:09+00:00\",\"dateModified\":\"2023-04-24T08:35:12+00:00\",\"mainEntityOfPage\":{\"@id\":\"https:\/\/www.ceibcn.com\/ca\/2021\/01\/l-esperanca-de-que-mes-empreses-espanyoles-inverteixin-a-argelia-realtoria-de-la-trobada-amb-l-ambaixador-d-espanya-a-alger\/\"},\"wordCount\":1242,\"publisher\":{\"@id\":\"https:\/\/www.ceibcn.com\/ca\/#organization\"},\"image\":{\"@id\":\"https:\/\/www.ceibcn.com\/ca\/2021\/01\/l-esperanca-de-que-mes-empreses-espanyoles-inverteixin-a-argelia-realtoria-de-la-trobada-amb-l-ambaixador-d-espanya-a-alger\/#primaryimage\"},\"thumbnailUrl\":\"https:\/\/www.ceibcn.com\/wp-content\/uploads\/2021\/01\/AulaArgelia.jpeg\",\"articleSection\":[\"Not\u00edcies\"],\"inLanguage\":\"ca\"},{\"@type\":\"WebPage\",\"@id\":\"https:\/\/www.ceibcn.com\/ca\/2021\/01\/l-esperanca-de-que-mes-empreses-espanyoles-inverteixin-a-argelia-realtoria-de-la-trobada-amb-l-ambaixador-d-espanya-a-alger\/\",\"url\":\"https:\/\/www.ceibcn.com\/ca\/2021\/01\/l-esperanca-de-que-mes-empreses-espanyoles-inverteixin-a-argelia-realtoria-de-la-trobada-amb-l-ambaixador-d-espanya-a-alger\/\",\"name\":\"\\\"L'esperan\u00e7a de que m\u00e9s empreses espanyoles inverteixin a Alg\u00e8ria\\\" Realtoria de la Trobada amb l'Ambaixador d'Espanya a Alger - CEI International Affairs\",\"isPartOf\":{\"@id\":\"https:\/\/www.ceibcn.com\/ca\/#website\"},\"primaryImageOfPage\":{\"@id\":\"https:\/\/www.ceibcn.com\/ca\/2021\/01\/l-esperanca-de-que-mes-empreses-espanyoles-inverteixin-a-argelia-realtoria-de-la-trobada-amb-l-ambaixador-d-espanya-a-alger\/#primaryimage\"},\"image\":{\"@id\":\"https:\/\/www.ceibcn.com\/ca\/2021\/01\/l-esperanca-de-que-mes-empreses-espanyoles-inverteixin-a-argelia-realtoria-de-la-trobada-amb-l-ambaixador-d-espanya-a-alger\/#primaryimage\"},\"thumbnailUrl\":\"https:\/\/www.ceibcn.com\/wp-content\/uploads\/2021\/01\/AulaArgelia.jpeg\",\"datePublished\":\"2021-01-08T09:51:09+00:00\",\"dateModified\":\"2023-04-24T08:35:12+00:00\",\"breadcrumb\":{\"@id\":\"https:\/\/www.ceibcn.com\/ca\/2021\/01\/l-esperanca-de-que-mes-empreses-espanyoles-inverteixin-a-argelia-realtoria-de-la-trobada-amb-l-ambaixador-d-espanya-a-alger\/#breadcrumb\"},\"inLanguage\":\"ca\",\"potentialAction\":[{\"@type\":\"ReadAction\",\"target\":[\"https:\/\/www.ceibcn.com\/ca\/2021\/01\/l-esperanca-de-que-mes-empreses-espanyoles-inverteixin-a-argelia-realtoria-de-la-trobada-amb-l-ambaixador-d-espanya-a-alger\/\"]}]},{\"@type\":\"ImageObject\",\"inLanguage\":\"ca\",\"@id\":\"https:\/\/www.ceibcn.com\/ca\/2021\/01\/l-esperanca-de-que-mes-empreses-espanyoles-inverteixin-a-argelia-realtoria-de-la-trobada-amb-l-ambaixador-d-espanya-a-alger\/#primaryimage\",\"url\":\"https:\/\/www.ceibcn.com\/wp-content\/uploads\/2021\/01\/AulaArgelia.jpeg\",\"contentUrl\":\"https:\/\/www.ceibcn.com\/wp-content\/uploads\/2021\/01\/AulaArgelia.jpeg\",\"width\":1366,\"height\":768,\"caption\":\"AulaArgelia\"},{\"@type\":\"BreadcrumbList\",\"@id\":\"https:\/\/www.ceibcn.com\/ca\/2021\/01\/l-esperanca-de-que-mes-empreses-espanyoles-inverteixin-a-argelia-realtoria-de-la-trobada-amb-l-ambaixador-d-espanya-a-alger\/#breadcrumb\",\"itemListElement\":[{\"@type\":\"ListItem\",\"position\":1,\"name\":\"Portada\",\"item\":\"https:\/\/www.ceibcn.com\/ca\/\"},{\"@type\":\"ListItem\",\"position\":2,\"name\":\"&#8220;L&#8217;esperan\u00e7a de que m\u00e9s empreses espanyoles inverteixin a Alg\u00e8ria&#8221; Realtoria de la Trobada amb l&#8217;Ambaixador d&#8217;Espanya a Alger\"}]},{\"@type\":\"WebSite\",\"@id\":\"https:\/\/www.ceibcn.com\/ca\/#website\",\"url\":\"https:\/\/www.ceibcn.com\/ca\/\",\"name\":\"CEI International Affairs\",\"description\":\"CEI International Affairs\",\"publisher\":{\"@id\":\"https:\/\/www.ceibcn.com\/ca\/#organization\"},\"alternateName\":\"CEI International Affairs\",\"potentialAction\":[{\"@type\":\"SearchAction\",\"target\":{\"@type\":\"EntryPoint\",\"urlTemplate\":\"https:\/\/www.ceibcn.com\/ca\/?s={search_term_string}\"},\"query-input\":{\"@type\":\"PropertyValueSpecification\",\"valueRequired\":true,\"valueName\":\"search_term_string\"}}],\"inLanguage\":\"ca\"},{\"@type\":\"Organization\",\"@id\":\"https:\/\/www.ceibcn.com\/ca\/#organization\",\"name\":\"CEI International Affairs\",\"url\":\"https:\/\/www.ceibcn.com\/ca\/\",\"logo\":{\"@type\":\"ImageObject\",\"inLanguage\":\"ca\",\"@id\":\"https:\/\/www.ceibcn.com\/ca\/#\/schema\/logo\/image\/\",\"url\":\"https:\/\/www.ceibcn.com\/wp-content\/uploads\/2021\/09\/CeiLogo_EscuelaDiploVectorized_vectorizedSIN_FONDO.png\",\"contentUrl\":\"https:\/\/www.ceibcn.com\/wp-content\/uploads\/2021\/09\/CeiLogo_EscuelaDiploVectorized_vectorizedSIN_FONDO.png\",\"width\":1591,\"height\":629,\"caption\":\"CEI International Affairs\"},\"image\":{\"@id\":\"https:\/\/www.ceibcn.com\/ca\/#\/schema\/logo\/image\/\"},\"sameAs\":[\"https:\/\/www.facebook.com\/CEI.CentroDeEstudiosInternacionales\/\",\"https:\/\/x.com\/CEIbcn\",\"https:\/\/www.instagram.com\/cei_international\/\"]},{\"@type\":\"Person\",\"@id\":\"https:\/\/www.ceibcn.com\/ca\/#\/schema\/person\/4ef9992ee2fbd3987a5e1834e5d5808d\",\"name\":\"Cristian Romero Velasco\",\"image\":{\"@type\":\"ImageObject\",\"inLanguage\":\"ca\",\"@id\":\"https:\/\/www.ceibcn.com\/ca\/#\/schema\/person\/image\/\",\"url\":\"https:\/\/secure.gravatar.com\/avatar\/d78c33ad7f1570635ae9c9cb6274fe682bd5872dfde7a5448127d7825dd90943?s=96&d=mm&r=g\",\"contentUrl\":\"https:\/\/secure.gravatar.com\/avatar\/d78c33ad7f1570635ae9c9cb6274fe682bd5872dfde7a5448127d7825dd90943?s=96&d=mm&r=g\",\"caption\":\"Cristian Romero Velasco\"},\"url\":\"https:\/\/www.ceibcn.com\/ca\/author\/cristian\/\"}]}<\/script>\n<!-- \/ Yoast SEO plugin. -->","yoast_head_json":{"title":"\"L'esperan\u00e7a de que m\u00e9s empreses espanyoles inverteixin a Alg\u00e8ria\" Realtoria de la Trobada amb l'Ambaixador d'Espanya a Alger - CEI International Affairs","robots":{"index":"index","follow":"follow","max-snippet":"max-snippet:-1","max-image-preview":"max-image-preview:large","max-video-preview":"max-video-preview:-1"},"canonical":"https:\/\/www.ceibcn.com\/ca\/2021\/01\/l-esperanca-de-que-mes-empreses-espanyoles-inverteixin-a-argelia-realtoria-de-la-trobada-amb-l-ambaixador-d-espanya-a-alger\/","og_locale":"ca_ES","og_type":"article","og_title":"\"L'esperan\u00e7a de que m\u00e9s empreses espanyoles inverteixin a Alg\u00e8ria\" Realtoria de la Trobada amb l'Ambaixador d'Espanya a Alger - CEI International Affairs","og_description":"El dimarts 23 de febrer del 2021 es va celebrar una trobada virtual amb l&#8216;Ambaixador d&#8217;Espanya a Alg\u00e8ria, l&#8217;Excel\u00b7lent\u00edssim Senyor Fernando Mor\u00e1n. L&#8217;esdeveniment, organitzat pel Centre d&#8217;Estudis Internacionals, en col\u00b7laboraci\u00f3 amb el Cercle d\u2019Economia, va comptar amb assistents de distintes empreses i membres de l&#8217;Executive Club CEI. &nbsp; La confer\u00e8ncia va comen\u00e7ar amb una introducci\u00f3 [&hellip;]","og_url":"https:\/\/www.ceibcn.com\/ca\/2021\/01\/l-esperanca-de-que-mes-empreses-espanyoles-inverteixin-a-argelia-realtoria-de-la-trobada-amb-l-ambaixador-d-espanya-a-alger\/","og_site_name":"CEI International Affairs","article_publisher":"https:\/\/www.facebook.com\/CEI.CentroDeEstudiosInternacionales\/","article_published_time":"2021-01-08T09:51:09+00:00","article_modified_time":"2023-04-24T08:35:12+00:00","og_image":[{"width":1366,"height":768,"url":"https:\/\/www.ceibcn.com\/wp-content\/uploads\/2021\/01\/AulaArgelia.jpeg","type":"image\/jpeg"}],"author":"Cristian Romero Velasco","twitter_card":"summary_large_image","twitter_creator":"@CEIbcn","twitter_site":"@CEIbcn","twitter_misc":{"Escrit per":"Cristian Romero Velasco","Temps estimat de lectura":"6 minuts"},"schema":{"@context":"https:\/\/schema.org","@graph":[{"@type":"Article","@id":"https:\/\/www.ceibcn.com\/ca\/2021\/01\/l-esperanca-de-que-mes-empreses-espanyoles-inverteixin-a-argelia-realtoria-de-la-trobada-amb-l-ambaixador-d-espanya-a-alger\/#article","isPartOf":{"@id":"https:\/\/www.ceibcn.com\/ca\/2021\/01\/l-esperanca-de-que-mes-empreses-espanyoles-inverteixin-a-argelia-realtoria-de-la-trobada-amb-l-ambaixador-d-espanya-a-alger\/"},"author":{"name":"Cristian Romero Velasco","@id":"https:\/\/www.ceibcn.com\/ca\/#\/schema\/person\/4ef9992ee2fbd3987a5e1834e5d5808d"},"headline":"&#8220;L&#8217;esperan\u00e7a de que m\u00e9s empreses espanyoles inverteixin a Alg\u00e8ria&#8221; Realtoria de la Trobada amb l&#8217;Ambaixador d&#8217;Espanya a Alger","datePublished":"2021-01-08T09:51:09+00:00","dateModified":"2023-04-24T08:35:12+00:00","mainEntityOfPage":{"@id":"https:\/\/www.ceibcn.com\/ca\/2021\/01\/l-esperanca-de-que-mes-empreses-espanyoles-inverteixin-a-argelia-realtoria-de-la-trobada-amb-l-ambaixador-d-espanya-a-alger\/"},"wordCount":1242,"publisher":{"@id":"https:\/\/www.ceibcn.com\/ca\/#organization"},"image":{"@id":"https:\/\/www.ceibcn.com\/ca\/2021\/01\/l-esperanca-de-que-mes-empreses-espanyoles-inverteixin-a-argelia-realtoria-de-la-trobada-amb-l-ambaixador-d-espanya-a-alger\/#primaryimage"},"thumbnailUrl":"https:\/\/www.ceibcn.com\/wp-content\/uploads\/2021\/01\/AulaArgelia.jpeg","articleSection":["Not\u00edcies"],"inLanguage":"ca"},{"@type":"WebPage","@id":"https:\/\/www.ceibcn.com\/ca\/2021\/01\/l-esperanca-de-que-mes-empreses-espanyoles-inverteixin-a-argelia-realtoria-de-la-trobada-amb-l-ambaixador-d-espanya-a-alger\/","url":"https:\/\/www.ceibcn.com\/ca\/2021\/01\/l-esperanca-de-que-mes-empreses-espanyoles-inverteixin-a-argelia-realtoria-de-la-trobada-amb-l-ambaixador-d-espanya-a-alger\/","name":"\"L'esperan\u00e7a de que m\u00e9s empreses espanyoles inverteixin a Alg\u00e8ria\" Realtoria de la Trobada amb l'Ambaixador d'Espanya a Alger - CEI International Affairs","isPartOf":{"@id":"https:\/\/www.ceibcn.com\/ca\/#website"},"primaryImageOfPage":{"@id":"https:\/\/www.ceibcn.com\/ca\/2021\/01\/l-esperanca-de-que-mes-empreses-espanyoles-inverteixin-a-argelia-realtoria-de-la-trobada-amb-l-ambaixador-d-espanya-a-alger\/#primaryimage"},"image":{"@id":"https:\/\/www.ceibcn.com\/ca\/2021\/01\/l-esperanca-de-que-mes-empreses-espanyoles-inverteixin-a-argelia-realtoria-de-la-trobada-amb-l-ambaixador-d-espanya-a-alger\/#primaryimage"},"thumbnailUrl":"https:\/\/www.ceibcn.com\/wp-content\/uploads\/2021\/01\/AulaArgelia.jpeg","datePublished":"2021-01-08T09:51:09+00:00","dateModified":"2023-04-24T08:35:12+00:00","breadcrumb":{"@id":"https:\/\/www.ceibcn.com\/ca\/2021\/01\/l-esperanca-de-que-mes-empreses-espanyoles-inverteixin-a-argelia-realtoria-de-la-trobada-amb-l-ambaixador-d-espanya-a-alger\/#breadcrumb"},"inLanguage":"ca","potentialAction":[{"@type":"ReadAction","target":["https:\/\/www.ceibcn.com\/ca\/2021\/01\/l-esperanca-de-que-mes-empreses-espanyoles-inverteixin-a-argelia-realtoria-de-la-trobada-amb-l-ambaixador-d-espanya-a-alger\/"]}]},{"@type":"ImageObject","inLanguage":"ca","@id":"https:\/\/www.ceibcn.com\/ca\/2021\/01\/l-esperanca-de-que-mes-empreses-espanyoles-inverteixin-a-argelia-realtoria-de-la-trobada-amb-l-ambaixador-d-espanya-a-alger\/#primaryimage","url":"https:\/\/www.ceibcn.com\/wp-content\/uploads\/2021\/01\/AulaArgelia.jpeg","contentUrl":"https:\/\/www.ceibcn.com\/wp-content\/uploads\/2021\/01\/AulaArgelia.jpeg","width":1366,"height":768,"caption":"AulaArgelia"},{"@type":"BreadcrumbList","@id":"https:\/\/www.ceibcn.com\/ca\/2021\/01\/l-esperanca-de-que-mes-empreses-espanyoles-inverteixin-a-argelia-realtoria-de-la-trobada-amb-l-ambaixador-d-espanya-a-alger\/#breadcrumb","itemListElement":[{"@type":"ListItem","position":1,"name":"Portada","item":"https:\/\/www.ceibcn.com\/ca\/"},{"@type":"ListItem","position":2,"name":"&#8220;L&#8217;esperan\u00e7a de que m\u00e9s empreses espanyoles inverteixin a Alg\u00e8ria&#8221; Realtoria de la Trobada amb l&#8217;Ambaixador d&#8217;Espanya a Alger"}]},{"@type":"WebSite","@id":"https:\/\/www.ceibcn.com\/ca\/#website","url":"https:\/\/www.ceibcn.com\/ca\/","name":"CEI International Affairs","description":"CEI International Affairs","publisher":{"@id":"https:\/\/www.ceibcn.com\/ca\/#organization"},"alternateName":"CEI International Affairs","potentialAction":[{"@type":"SearchAction","target":{"@type":"EntryPoint","urlTemplate":"https:\/\/www.ceibcn.com\/ca\/?s={search_term_string}"},"query-input":{"@type":"PropertyValueSpecification","valueRequired":true,"valueName":"search_term_string"}}],"inLanguage":"ca"},{"@type":"Organization","@id":"https:\/\/www.ceibcn.com\/ca\/#organization","name":"CEI International Affairs","url":"https:\/\/www.ceibcn.com\/ca\/","logo":{"@type":"ImageObject","inLanguage":"ca","@id":"https:\/\/www.ceibcn.com\/ca\/#\/schema\/logo\/image\/","url":"https:\/\/www.ceibcn.com\/wp-content\/uploads\/2021\/09\/CeiLogo_EscuelaDiploVectorized_vectorizedSIN_FONDO.png","contentUrl":"https:\/\/www.ceibcn.com\/wp-content\/uploads\/2021\/09\/CeiLogo_EscuelaDiploVectorized_vectorizedSIN_FONDO.png","width":1591,"height":629,"caption":"CEI International Affairs"},"image":{"@id":"https:\/\/www.ceibcn.com\/ca\/#\/schema\/logo\/image\/"},"sameAs":["https:\/\/www.facebook.com\/CEI.CentroDeEstudiosInternacionales\/","https:\/\/x.com\/CEIbcn","https:\/\/www.instagram.com\/cei_international\/"]},{"@type":"Person","@id":"https:\/\/www.ceibcn.com\/ca\/#\/schema\/person\/4ef9992ee2fbd3987a5e1834e5d5808d","name":"Cristian Romero Velasco","image":{"@type":"ImageObject","inLanguage":"ca","@id":"https:\/\/www.ceibcn.com\/ca\/#\/schema\/person\/image\/","url":"https:\/\/secure.gravatar.com\/avatar\/d78c33ad7f1570635ae9c9cb6274fe682bd5872dfde7a5448127d7825dd90943?s=96&d=mm&r=g","contentUrl":"https:\/\/secure.gravatar.com\/avatar\/d78c33ad7f1570635ae9c9cb6274fe682bd5872dfde7a5448127d7825dd90943?s=96&d=mm&r=g","caption":"Cristian Romero Velasco"},"url":"https:\/\/www.ceibcn.com\/ca\/author\/cristian\/"}]}},"_links":{"self":[{"href":"https:\/\/www.ceibcn.com\/ca\/wp-json\/wp\/v2\/posts\/3720","targetHints":{"allow":["GET"]}}],"collection":[{"href":"https:\/\/www.ceibcn.com\/ca\/wp-json\/wp\/v2\/posts"}],"about":[{"href":"https:\/\/www.ceibcn.com\/ca\/wp-json\/wp\/v2\/types\/post"}],"author":[{"embeddable":true,"href":"https:\/\/www.ceibcn.com\/ca\/wp-json\/wp\/v2\/users\/6"}],"replies":[{"embeddable":true,"href":"https:\/\/www.ceibcn.com\/ca\/wp-json\/wp\/v2\/comments?post=3720"}],"version-history":[{"count":1,"href":"https:\/\/www.ceibcn.com\/ca\/wp-json\/wp\/v2\/posts\/3720\/revisions"}],"predecessor-version":[{"id":5792,"href":"https:\/\/www.ceibcn.com\/ca\/wp-json\/wp\/v2\/posts\/3720\/revisions\/5792"}],"wp:featuredmedia":[{"embeddable":true,"href":"https:\/\/www.ceibcn.com\/ca\/wp-json\/wp\/v2\/media\/3713"}],"wp:attachment":[{"href":"https:\/\/www.ceibcn.com\/ca\/wp-json\/wp\/v2\/media?parent=3720"}],"wp:term":[{"taxonomy":"category","embeddable":true,"href":"https:\/\/www.ceibcn.com\/ca\/wp-json\/wp\/v2\/categories?post=3720"},{"taxonomy":"post_tag","embeddable":true,"href":"https:\/\/www.ceibcn.com\/ca\/wp-json\/wp\/v2\/tags?post=3720"}],"curies":[{"name":"wp","href":"https:\/\/api.w.org\/{rel}","templated":true}]}}