{"id":3723,"date":"2021-03-11T10:28:28","date_gmt":"2021-03-11T09:28:28","guid":{"rendered":"https:\/\/www.ceibcn.com\/2021\/03\/seminari-online-el-programa-next-generation-eu-una-via-fertil-per-a-una-europa-mes-inclusiva\/"},"modified":"2023-04-24T10:34:43","modified_gmt":"2023-04-24T08:34:43","slug":"seminari-online-el-programa-next-generation-eu-una-via-fertil-per-a-una-europa-mes-inclusiva","status":"publish","type":"post","link":"https:\/\/www.ceibcn.com\/ca\/2021\/03\/seminari-online-el-programa-next-generation-eu-una-via-fertil-per-a-una-europa-mes-inclusiva\/","title":{"rendered":"Seminari online: \u201cEl programa Next Generation EU: una via f\u00e8rtil per a una Europa m\u00e9s inclusiva?\u201d"},"content":{"rendered":"<p style=\"text-align: center;\">SEMINARI ONLINE&nbsp;<\/p>\n<p style=\"color: #000080; text-align: center;\"><strong>\u201cEl programa Next Generation EU: una via f\u00e8rtil per a una Europa m\u00e9s inclusiva?\u201d<\/strong><\/p>\n<p style=\"color: #000080; text-align: center;\">&nbsp;<\/p>\n<p style=\"text-align: center;\">&nbsp;Organitzaci\u00f3: CEI International Affairs<\/p>\n<p style=\"text-align: center;\">Amb la col\u00b7laboraci\u00f3 de: Fundaci\u00f3 \u201cla Caixa\u201d<\/p>\n<p>&nbsp;<\/p>\n<p style=\"text-align: center;\"><strong>Data: dimecres, 21 d&#8217;abril, de 17:30h a 19h <\/strong><\/p>\n<p style=\"text-align: center;\"><strong>Modalitat online<\/strong><\/p>\n<p>&nbsp;<\/p>\n<p>Un dels prop\u00f2sits de la UE \u00e9s refor\u00e7ar la cohesi\u00f3 econ\u00f2mica, social i territorial i la solidaritat entre els Estats membre. No obstant aix\u00f2, la crisi econ\u00f2mica iniciada al 2008 va comportar un augment de la desigualtat, allunyant l&#8217;horitz\u00f3 d&#8217;una major converg\u00e8ncia. En aquest proc\u00e9s, les principals institucions de la UE van propugnar un model de rescat condicionat en els Estats m\u00e9s afectats basat en l&#8217;austeritat pressupost\u00e0ria, la qual cosa va implicar un empitjorament substancial de les condicions de vida als pa\u00efsos del Sud d&#8217;Europa, en particular a Espanya, Portugal i Gr\u00e8cia.<\/p>\n<p>&nbsp;<\/p>\n<p>Davant de la pand\u00e8mia del COVID-19, una nova crisi econ\u00f2mica est\u00e0 deixant a milions de persones sense ingressos, de nou especialment en els pa\u00efsos del Sud, altament dependents de sectors molt afectats com el turisme. No obstant aix\u00f2, davant d&#8217;aquesta crisi, i malgrat les retic\u00e8ncies inicials d&#8217;alguns pa\u00efsos del Nord d&#8217;Europa, aquesta vegada la UE ha plantejat una ruta alternativa: un paquet d&#8217;est\u00edmul fiscal sense precedents, el Next Generation EU. \u00c9s un programa que presenta una via clarament diferent de la seguida durant la crisi anterior, amb importants ajudes directes a les economies nacionals.<\/p>\n<p>&nbsp;<\/p>\n<p>En aquest escenari, \u00e9s rellevant preguntar-se sobre l&#8217;abast de les ajudes, que arribaran a uns pa\u00efsos amb alts nivells de desigualtat econ\u00f2mica heretats de la crisi precedent: quina incid\u00e8ncia tindran aquests fons en la desigualtat dins i entre els Estats Europeus? Seran suficients per a pal\u00b7liar els efectes diferencials de la crisi en els diferents pa\u00efsos i regions europees? Quins s\u00f3n els principals desafiaments a la implementaci\u00f3 dels fons i de quins mecanismes dep\u00e8n la seva rellev\u00e0ncia per a pal\u00b7liar la desigualtat econ\u00f2mica? I, per a acabar: signifiquen aquests fons de recuperaci\u00f3 el final de l&#8217;etapa basada en l&#8217;austeritat o \u00e9s nom\u00e9s un par\u00e8ntesi que es tancar\u00e0 quan s&#8217;hagi superat la pitjor part de la pand\u00e8mia?<\/p>\n<p>&nbsp;<\/p>\n<p>&nbsp;<\/p>\n<p style=\"color: #000080;\"><strong>PROGRAMA<\/strong><\/p>\n<p style=\"color: #000080;\">&nbsp;<\/p>\n<p style=\"color: #000080;\"><strong>17:30 h.- 17:40 h.<\/strong><strong> INAUGURACI\u00d3 DEL SEMINARI <\/strong><\/p>\n<p>&#8211;&nbsp;&nbsp;&nbsp;&nbsp;&nbsp;&nbsp;&nbsp;<strong> Dr. \u00c0ngel Pes,<\/strong> director del CEI International Affairs<\/p>\n<p>&#8211;&nbsp;&nbsp;&nbsp;&nbsp;&nbsp;<strong>&nbsp; &nbsp;<strong>Dr. Andrea Noferini<\/strong><\/strong>, investigador de l&#8217;Institut Universitari d&#8217;Estudis Europeus de la Universitat Aut\u00f2noma de Barcelona i professor associat de la Universitat Pompeu Fabra.<\/p>\n<p>&nbsp;<\/p>\n<p style=\"color: #000080;\"><strong>17:40 h. &#8211; 19:00 h.<\/strong> <strong>TAULA RODONA: \u201cEl programa Next Generation EU: una via f\u00e8rtil per a una Europa m\u00e9s inclusiva?\u201d<\/strong><\/p>\n<p>&#8211;&nbsp; &nbsp; &nbsp; &nbsp; <strong>Sr. Ferran Tarradellas,<\/strong>&nbsp;<em>Head of Communication<\/em> a la Representaci\u00f3 de la Comissi\u00f3 Europea a Fran\u00e7a.<\/p>\n<p>&#8211;&nbsp;&nbsp;&nbsp;&nbsp;&nbsp;&nbsp;&nbsp; <strong>Dr. Steven Forti,<\/strong>&nbsp;investigador de l&#8217;IHC de la Universidade Nova de Lisboa, professor associat de la Universitat Aut\u00f2noma de Barcelona i analista d&#8217;actualitat pol\u00edtica.<\/p>\n<p>&#8211;&nbsp;&nbsp;&nbsp;&nbsp;&nbsp;&nbsp;&nbsp;<strong> Sra. Eug\u00e8nia Lleal<\/strong>, analista de pol\u00edtiques europees a la Confer\u00e8ncia de Regions Perif\u00e8riques i Mar\u00edtimes d&#8217;Europa en l&#8217;\u00e0rea de fons europeus i pol\u00edtiques de cohesi\u00f3.<\/p>\n<p>&nbsp;<\/p>\n<p><strong>Modera:<\/strong> <strong>Dr. Andrea Noferini<\/strong>, investigador de l&#8217;Institut Universitari d&#8217;Estudis Europeus de la Universitat Aut\u00f2noma de Barcelona i professor associat de la Universitat Pompeu Fabra.<\/p>\n<p>&nbsp;<\/p>\n<p>&nbsp;<\/p>\n<p><strong style=\"color: #000080;\">INFORMACI\u00d3 GENERAL<\/strong><\/p>\n<p><strong>Data i hora: <\/strong>21 d&#8217; abril del 2021 a les 17.30h.<\/p>\n<p><strong>Modalitat:<\/strong>&nbsp;Online<\/p>\n<p><strong>Inscripci\u00f3<\/strong>: Per assistir al Seminari \u00e9s imprescindible inscriure&#8217;s&nbsp;<a href=\"https:\/\/docs.google.com\/forms\/d\/e\/1FAIpQLSe3tContImCwkdQ73Fh4XEmI9_XPdCpZ9tKmphVyYre7BbvtA\/viewform\" target=\"_blank\" rel=\"noopener\">aqu\u00ed.<\/a><\/p>\n","protected":false},"excerpt":{"rendered":"<p>SEMINARI ONLINE&nbsp; \u201cEl programa Next Generation EU: una via f\u00e8rtil per a una Europa m\u00e9s inclusiva?\u201d &nbsp; &nbsp;Organitzaci\u00f3: CEI International Affairs Amb la col\u00b7laboraci\u00f3 de: Fundaci\u00f3 \u201cla Caixa\u201d &nbsp; Data: dimecres, 21 d&#8217;abril, de 17:30h a 19h Modalitat online &nbsp; Un dels prop\u00f2sits de la UE \u00e9s refor\u00e7ar la cohesi\u00f3 econ\u00f2mica, social i territorial i [&hellip;]<\/p>\n","protected":false},"author":6,"featured_media":0,"comment_status":"closed","ping_status":"closed","sticky":false,"template":"","format":"standard","meta":{"_acf_changed":false,"_crdt_document":"","inline_featured_image":false,"footnotes":""},"categories":[25,121,11],"tags":[],"class_list":["post-3723","post","type-post","status-publish","format-standard","hentry","category-aula-internacional","category-noticies","category-uncategorized-ca"],"acf":[],"yoast_head":"<!-- This site is optimized with the Yoast SEO plugin v27.0 - https:\/\/yoast.com\/product\/yoast-seo-wordpress\/ -->\n<title>Seminari online: \u201cEl programa Next Generation EU: una via f\u00e8rtil per a una Europa m\u00e9s inclusiva?\u201d - CEI International Affairs<\/title>\n<meta name=\"robots\" content=\"index, follow, max-snippet:-1, max-image-preview:large, max-video-preview:-1\" \/>\n<link rel=\"canonical\" href=\"https:\/\/www.ceibcn.com\/ca\/2021\/03\/seminari-online-el-programa-next-generation-eu-una-via-fertil-per-a-una-europa-mes-inclusiva\/\" \/>\n<meta property=\"og:locale\" content=\"ca_ES\" \/>\n<meta property=\"og:type\" content=\"article\" \/>\n<meta property=\"og:title\" content=\"Seminari online: \u201cEl programa Next Generation EU: una via f\u00e8rtil per a una Europa m\u00e9s inclusiva?\u201d - CEI International Affairs\" \/>\n<meta property=\"og:description\" content=\"SEMINARI ONLINE&nbsp; \u201cEl programa Next Generation EU: una via f\u00e8rtil per a una Europa m\u00e9s inclusiva?\u201d &nbsp; &nbsp;Organitzaci\u00f3: CEI International Affairs Amb la col\u00b7laboraci\u00f3 de: Fundaci\u00f3 \u201cla Caixa\u201d &nbsp; Data: dimecres, 21 d&#8217;abril, de 17:30h a 19h Modalitat online &nbsp; Un dels prop\u00f2sits de la UE \u00e9s refor\u00e7ar la cohesi\u00f3 econ\u00f2mica, social i territorial i [&hellip;]\" \/>\n<meta property=\"og:url\" content=\"https:\/\/www.ceibcn.com\/ca\/2021\/03\/seminari-online-el-programa-next-generation-eu-una-via-fertil-per-a-una-europa-mes-inclusiva\/\" \/>\n<meta property=\"og:site_name\" content=\"CEI International Affairs\" \/>\n<meta property=\"article:publisher\" content=\"https:\/\/www.facebook.com\/CEI.CentroDeEstudiosInternacionales\/\" \/>\n<meta property=\"article:published_time\" content=\"2021-03-11T09:28:28+00:00\" \/>\n<meta property=\"article:modified_time\" content=\"2023-04-24T08:34:43+00:00\" \/>\n<meta property=\"og:image\" content=\"https:\/\/www.ceibcn.com\/wp-content\/uploads\/2023\/01\/Logo-CEI.png\" \/>\n\t<meta property=\"og:image:width\" content=\"500\" \/>\n\t<meta property=\"og:image:height\" content=\"500\" \/>\n\t<meta property=\"og:image:type\" content=\"image\/png\" \/>\n<meta name=\"author\" content=\"Cristian Romero Velasco\" \/>\n<meta name=\"twitter:card\" content=\"summary_large_image\" \/>\n<meta name=\"twitter:creator\" content=\"@CEIbcn\" \/>\n<meta name=\"twitter:site\" content=\"@CEIbcn\" \/>\n<meta name=\"twitter:label1\" content=\"Escrit per\" \/>\n\t<meta name=\"twitter:data1\" content=\"Cristian Romero Velasco\" \/>\n\t<meta name=\"twitter:label2\" content=\"Temps estimat de lectura\" \/>\n\t<meta name=\"twitter:data2\" content=\"3 minuts\" \/>\n<script type=\"application\/ld+json\" class=\"yoast-schema-graph\">{\"@context\":\"https:\/\/schema.org\",\"@graph\":[{\"@type\":\"Article\",\"@id\":\"https:\/\/www.ceibcn.com\/ca\/2021\/03\/seminari-online-el-programa-next-generation-eu-una-via-fertil-per-a-una-europa-mes-inclusiva\/#article\",\"isPartOf\":{\"@id\":\"https:\/\/www.ceibcn.com\/ca\/2021\/03\/seminari-online-el-programa-next-generation-eu-una-via-fertil-per-a-una-europa-mes-inclusiva\/\"},\"author\":{\"name\":\"Cristian Romero Velasco\",\"@id\":\"https:\/\/www.ceibcn.com\/ca\/#\/schema\/person\/4ef9992ee2fbd3987a5e1834e5d5808d\"},\"headline\":\"Seminari online: \u201cEl programa Next Generation EU: una via f\u00e8rtil per a una Europa m\u00e9s inclusiva?\u201d\",\"datePublished\":\"2021-03-11T09:28:28+00:00\",\"dateModified\":\"2023-04-24T08:34:43+00:00\",\"mainEntityOfPage\":{\"@id\":\"https:\/\/www.ceibcn.com\/ca\/2021\/03\/seminari-online-el-programa-next-generation-eu-una-via-fertil-per-a-una-europa-mes-inclusiva\/\"},\"wordCount\":644,\"publisher\":{\"@id\":\"https:\/\/www.ceibcn.com\/ca\/#organization\"},\"articleSection\":[\"Aula Internacional\",\"Not\u00edcies\",\"Uncategorized @ca\"],\"inLanguage\":\"ca\"},{\"@type\":\"WebPage\",\"@id\":\"https:\/\/www.ceibcn.com\/ca\/2021\/03\/seminari-online-el-programa-next-generation-eu-una-via-fertil-per-a-una-europa-mes-inclusiva\/\",\"url\":\"https:\/\/www.ceibcn.com\/ca\/2021\/03\/seminari-online-el-programa-next-generation-eu-una-via-fertil-per-a-una-europa-mes-inclusiva\/\",\"name\":\"Seminari online: \u201cEl programa Next Generation EU: una via f\u00e8rtil per a una Europa m\u00e9s inclusiva?\u201d - CEI International Affairs\",\"isPartOf\":{\"@id\":\"https:\/\/www.ceibcn.com\/ca\/#website\"},\"datePublished\":\"2021-03-11T09:28:28+00:00\",\"dateModified\":\"2023-04-24T08:34:43+00:00\",\"breadcrumb\":{\"@id\":\"https:\/\/www.ceibcn.com\/ca\/2021\/03\/seminari-online-el-programa-next-generation-eu-una-via-fertil-per-a-una-europa-mes-inclusiva\/#breadcrumb\"},\"inLanguage\":\"ca\",\"potentialAction\":[{\"@type\":\"ReadAction\",\"target\":[\"https:\/\/www.ceibcn.com\/ca\/2021\/03\/seminari-online-el-programa-next-generation-eu-una-via-fertil-per-a-una-europa-mes-inclusiva\/\"]}]},{\"@type\":\"BreadcrumbList\",\"@id\":\"https:\/\/www.ceibcn.com\/ca\/2021\/03\/seminari-online-el-programa-next-generation-eu-una-via-fertil-per-a-una-europa-mes-inclusiva\/#breadcrumb\",\"itemListElement\":[{\"@type\":\"ListItem\",\"position\":1,\"name\":\"Portada\",\"item\":\"https:\/\/www.ceibcn.com\/ca\/\"},{\"@type\":\"ListItem\",\"position\":2,\"name\":\"Seminari online: \u201cEl programa Next Generation EU: una via f\u00e8rtil per a una Europa m\u00e9s inclusiva?\u201d\"}]},{\"@type\":\"WebSite\",\"@id\":\"https:\/\/www.ceibcn.com\/ca\/#website\",\"url\":\"https:\/\/www.ceibcn.com\/ca\/\",\"name\":\"CEI International Affairs\",\"description\":\"CEI International Affairs\",\"publisher\":{\"@id\":\"https:\/\/www.ceibcn.com\/ca\/#organization\"},\"alternateName\":\"CEI International Affairs\",\"potentialAction\":[{\"@type\":\"SearchAction\",\"target\":{\"@type\":\"EntryPoint\",\"urlTemplate\":\"https:\/\/www.ceibcn.com\/ca\/?s={search_term_string}\"},\"query-input\":{\"@type\":\"PropertyValueSpecification\",\"valueRequired\":true,\"valueName\":\"search_term_string\"}}],\"inLanguage\":\"ca\"},{\"@type\":\"Organization\",\"@id\":\"https:\/\/www.ceibcn.com\/ca\/#organization\",\"name\":\"CEI International Affairs\",\"url\":\"https:\/\/www.ceibcn.com\/ca\/\",\"logo\":{\"@type\":\"ImageObject\",\"inLanguage\":\"ca\",\"@id\":\"https:\/\/www.ceibcn.com\/ca\/#\/schema\/logo\/image\/\",\"url\":\"https:\/\/www.ceibcn.com\/wp-content\/uploads\/2021\/09\/CeiLogo_EscuelaDiploVectorized_vectorizedSIN_FONDO.png\",\"contentUrl\":\"https:\/\/www.ceibcn.com\/wp-content\/uploads\/2021\/09\/CeiLogo_EscuelaDiploVectorized_vectorizedSIN_FONDO.png\",\"width\":1591,\"height\":629,\"caption\":\"CEI International Affairs\"},\"image\":{\"@id\":\"https:\/\/www.ceibcn.com\/ca\/#\/schema\/logo\/image\/\"},\"sameAs\":[\"https:\/\/www.facebook.com\/CEI.CentroDeEstudiosInternacionales\/\",\"https:\/\/x.com\/CEIbcn\",\"https:\/\/www.instagram.com\/cei_international\/\"]},{\"@type\":\"Person\",\"@id\":\"https:\/\/www.ceibcn.com\/ca\/#\/schema\/person\/4ef9992ee2fbd3987a5e1834e5d5808d\",\"name\":\"Cristian Romero Velasco\",\"image\":{\"@type\":\"ImageObject\",\"inLanguage\":\"ca\",\"@id\":\"https:\/\/www.ceibcn.com\/ca\/#\/schema\/person\/image\/\",\"url\":\"https:\/\/secure.gravatar.com\/avatar\/d78c33ad7f1570635ae9c9cb6274fe682bd5872dfde7a5448127d7825dd90943?s=96&d=mm&r=g\",\"contentUrl\":\"https:\/\/secure.gravatar.com\/avatar\/d78c33ad7f1570635ae9c9cb6274fe682bd5872dfde7a5448127d7825dd90943?s=96&d=mm&r=g\",\"caption\":\"Cristian Romero Velasco\"},\"url\":\"https:\/\/www.ceibcn.com\/ca\/author\/cristian\/\"}]}<\/script>\n<!-- \/ Yoast SEO plugin. -->","yoast_head_json":{"title":"Seminari online: \u201cEl programa Next Generation EU: una via f\u00e8rtil per a una Europa m\u00e9s inclusiva?\u201d - CEI International Affairs","robots":{"index":"index","follow":"follow","max-snippet":"max-snippet:-1","max-image-preview":"max-image-preview:large","max-video-preview":"max-video-preview:-1"},"canonical":"https:\/\/www.ceibcn.com\/ca\/2021\/03\/seminari-online-el-programa-next-generation-eu-una-via-fertil-per-a-una-europa-mes-inclusiva\/","og_locale":"ca_ES","og_type":"article","og_title":"Seminari online: \u201cEl programa Next Generation EU: una via f\u00e8rtil per a una Europa m\u00e9s inclusiva?\u201d - CEI International Affairs","og_description":"SEMINARI ONLINE&nbsp; \u201cEl programa Next Generation EU: una via f\u00e8rtil per a una Europa m\u00e9s inclusiva?\u201d &nbsp; &nbsp;Organitzaci\u00f3: CEI International Affairs Amb la col\u00b7laboraci\u00f3 de: Fundaci\u00f3 \u201cla Caixa\u201d &nbsp; Data: dimecres, 21 d&#8217;abril, de 17:30h a 19h Modalitat online &nbsp; Un dels prop\u00f2sits de la UE \u00e9s refor\u00e7ar la cohesi\u00f3 econ\u00f2mica, social i territorial i [&hellip;]","og_url":"https:\/\/www.ceibcn.com\/ca\/2021\/03\/seminari-online-el-programa-next-generation-eu-una-via-fertil-per-a-una-europa-mes-inclusiva\/","og_site_name":"CEI International Affairs","article_publisher":"https:\/\/www.facebook.com\/CEI.CentroDeEstudiosInternacionales\/","article_published_time":"2021-03-11T09:28:28+00:00","article_modified_time":"2023-04-24T08:34:43+00:00","og_image":[{"width":500,"height":500,"url":"https:\/\/www.ceibcn.com\/wp-content\/uploads\/2023\/01\/Logo-CEI.png","type":"image\/png"}],"author":"Cristian Romero Velasco","twitter_card":"summary_large_image","twitter_creator":"@CEIbcn","twitter_site":"@CEIbcn","twitter_misc":{"Escrit per":"Cristian Romero Velasco","Temps estimat de lectura":"3 minuts"},"schema":{"@context":"https:\/\/schema.org","@graph":[{"@type":"Article","@id":"https:\/\/www.ceibcn.com\/ca\/2021\/03\/seminari-online-el-programa-next-generation-eu-una-via-fertil-per-a-una-europa-mes-inclusiva\/#article","isPartOf":{"@id":"https:\/\/www.ceibcn.com\/ca\/2021\/03\/seminari-online-el-programa-next-generation-eu-una-via-fertil-per-a-una-europa-mes-inclusiva\/"},"author":{"name":"Cristian Romero Velasco","@id":"https:\/\/www.ceibcn.com\/ca\/#\/schema\/person\/4ef9992ee2fbd3987a5e1834e5d5808d"},"headline":"Seminari online: \u201cEl programa Next Generation EU: una via f\u00e8rtil per a una Europa m\u00e9s inclusiva?\u201d","datePublished":"2021-03-11T09:28:28+00:00","dateModified":"2023-04-24T08:34:43+00:00","mainEntityOfPage":{"@id":"https:\/\/www.ceibcn.com\/ca\/2021\/03\/seminari-online-el-programa-next-generation-eu-una-via-fertil-per-a-una-europa-mes-inclusiva\/"},"wordCount":644,"publisher":{"@id":"https:\/\/www.ceibcn.com\/ca\/#organization"},"articleSection":["Aula Internacional","Not\u00edcies","Uncategorized @ca"],"inLanguage":"ca"},{"@type":"WebPage","@id":"https:\/\/www.ceibcn.com\/ca\/2021\/03\/seminari-online-el-programa-next-generation-eu-una-via-fertil-per-a-una-europa-mes-inclusiva\/","url":"https:\/\/www.ceibcn.com\/ca\/2021\/03\/seminari-online-el-programa-next-generation-eu-una-via-fertil-per-a-una-europa-mes-inclusiva\/","name":"Seminari online: \u201cEl programa Next Generation EU: una via f\u00e8rtil per a una Europa m\u00e9s inclusiva?\u201d - CEI International Affairs","isPartOf":{"@id":"https:\/\/www.ceibcn.com\/ca\/#website"},"datePublished":"2021-03-11T09:28:28+00:00","dateModified":"2023-04-24T08:34:43+00:00","breadcrumb":{"@id":"https:\/\/www.ceibcn.com\/ca\/2021\/03\/seminari-online-el-programa-next-generation-eu-una-via-fertil-per-a-una-europa-mes-inclusiva\/#breadcrumb"},"inLanguage":"ca","potentialAction":[{"@type":"ReadAction","target":["https:\/\/www.ceibcn.com\/ca\/2021\/03\/seminari-online-el-programa-next-generation-eu-una-via-fertil-per-a-una-europa-mes-inclusiva\/"]}]},{"@type":"BreadcrumbList","@id":"https:\/\/www.ceibcn.com\/ca\/2021\/03\/seminari-online-el-programa-next-generation-eu-una-via-fertil-per-a-una-europa-mes-inclusiva\/#breadcrumb","itemListElement":[{"@type":"ListItem","position":1,"name":"Portada","item":"https:\/\/www.ceibcn.com\/ca\/"},{"@type":"ListItem","position":2,"name":"Seminari online: \u201cEl programa Next Generation EU: una via f\u00e8rtil per a una Europa m\u00e9s inclusiva?\u201d"}]},{"@type":"WebSite","@id":"https:\/\/www.ceibcn.com\/ca\/#website","url":"https:\/\/www.ceibcn.com\/ca\/","name":"CEI International Affairs","description":"CEI International Affairs","publisher":{"@id":"https:\/\/www.ceibcn.com\/ca\/#organization"},"alternateName":"CEI International Affairs","potentialAction":[{"@type":"SearchAction","target":{"@type":"EntryPoint","urlTemplate":"https:\/\/www.ceibcn.com\/ca\/?s={search_term_string}"},"query-input":{"@type":"PropertyValueSpecification","valueRequired":true,"valueName":"search_term_string"}}],"inLanguage":"ca"},{"@type":"Organization","@id":"https:\/\/www.ceibcn.com\/ca\/#organization","name":"CEI International Affairs","url":"https:\/\/www.ceibcn.com\/ca\/","logo":{"@type":"ImageObject","inLanguage":"ca","@id":"https:\/\/www.ceibcn.com\/ca\/#\/schema\/logo\/image\/","url":"https:\/\/www.ceibcn.com\/wp-content\/uploads\/2021\/09\/CeiLogo_EscuelaDiploVectorized_vectorizedSIN_FONDO.png","contentUrl":"https:\/\/www.ceibcn.com\/wp-content\/uploads\/2021\/09\/CeiLogo_EscuelaDiploVectorized_vectorizedSIN_FONDO.png","width":1591,"height":629,"caption":"CEI International Affairs"},"image":{"@id":"https:\/\/www.ceibcn.com\/ca\/#\/schema\/logo\/image\/"},"sameAs":["https:\/\/www.facebook.com\/CEI.CentroDeEstudiosInternacionales\/","https:\/\/x.com\/CEIbcn","https:\/\/www.instagram.com\/cei_international\/"]},{"@type":"Person","@id":"https:\/\/www.ceibcn.com\/ca\/#\/schema\/person\/4ef9992ee2fbd3987a5e1834e5d5808d","name":"Cristian Romero Velasco","image":{"@type":"ImageObject","inLanguage":"ca","@id":"https:\/\/www.ceibcn.com\/ca\/#\/schema\/person\/image\/","url":"https:\/\/secure.gravatar.com\/avatar\/d78c33ad7f1570635ae9c9cb6274fe682bd5872dfde7a5448127d7825dd90943?s=96&d=mm&r=g","contentUrl":"https:\/\/secure.gravatar.com\/avatar\/d78c33ad7f1570635ae9c9cb6274fe682bd5872dfde7a5448127d7825dd90943?s=96&d=mm&r=g","caption":"Cristian Romero Velasco"},"url":"https:\/\/www.ceibcn.com\/ca\/author\/cristian\/"}]}},"_links":{"self":[{"href":"https:\/\/www.ceibcn.com\/ca\/wp-json\/wp\/v2\/posts\/3723","targetHints":{"allow":["GET"]}}],"collection":[{"href":"https:\/\/www.ceibcn.com\/ca\/wp-json\/wp\/v2\/posts"}],"about":[{"href":"https:\/\/www.ceibcn.com\/ca\/wp-json\/wp\/v2\/types\/post"}],"author":[{"embeddable":true,"href":"https:\/\/www.ceibcn.com\/ca\/wp-json\/wp\/v2\/users\/6"}],"replies":[{"embeddable":true,"href":"https:\/\/www.ceibcn.com\/ca\/wp-json\/wp\/v2\/comments?post=3723"}],"version-history":[{"count":1,"href":"https:\/\/www.ceibcn.com\/ca\/wp-json\/wp\/v2\/posts\/3723\/revisions"}],"predecessor-version":[{"id":5785,"href":"https:\/\/www.ceibcn.com\/ca\/wp-json\/wp\/v2\/posts\/3723\/revisions\/5785"}],"wp:attachment":[{"href":"https:\/\/www.ceibcn.com\/ca\/wp-json\/wp\/v2\/media?parent=3723"}],"wp:term":[{"taxonomy":"category","embeddable":true,"href":"https:\/\/www.ceibcn.com\/ca\/wp-json\/wp\/v2\/categories?post=3723"},{"taxonomy":"post_tag","embeddable":true,"href":"https:\/\/www.ceibcn.com\/ca\/wp-json\/wp\/v2\/tags?post=3723"}],"curies":[{"name":"wp","href":"https:\/\/api.w.org\/{rel}","templated":true}]}}