{"id":37415,"date":"2026-03-17T10:17:57","date_gmt":"2026-03-17T09:17:57","guid":{"rendered":"https:\/\/www.ceibcn.com\/2026\/03\/estudiantes-del-master-en-sostenibilidad-participan-en-una-sesion-en-el-iemed-sobre-adaptacion-climatica\/"},"modified":"2026-03-17T10:53:56","modified_gmt":"2026-03-17T09:53:56","slug":"estudiantes-del-master-en-sostenibilidad-participan-en-una-sesion-en-el-iemed-sobre-adaptacion-climatica","status":"publish","type":"post","link":"https:\/\/www.ceibcn.com\/ca\/2026\/03\/estudiantes-del-master-en-sostenibilidad-participan-en-una-sesion-en-el-iemed-sobre-adaptacion-climatica\/","title":{"rendered":"Estudiants del M\u00e0ster en Sostenibilitat participen a una sessi\u00f3 de l\u2019IEMed sobre adaptaci\u00f3 clim\u00e0tica"},"content":{"rendered":"\n<p class=\"wp-block-paragraph\">El CEI, en col\u00b7laboraci\u00f3 amb l\u2019<strong>European Institute of the Mediterranean<\/strong> (IEMed), va organitzar una sessi\u00f3 adre\u00e7ada a l\u2019alumnat del M\u00e0ster de formaci\u00f3 permanent en Sostenibilitat: Medi ambient, societat i economia, amb l\u2019objectiu d\u2019analitzar les <strong>implicacions dels drets humans<\/strong> en la governan\u00e7a clim\u00e0tica, aix\u00ed com el paper de les societats en l\u2019adaptaci\u00f3 als impactes de l\u2019escalfament global. <\/p>\n\n\n\n<div style=\"height:31px\" aria-hidden=\"true\" class=\"wp-block-spacer\"><\/div>\n\n\n\n<p class=\"wp-block-paragraph\">L\u2019activitat va comptar amb la participaci\u00f3 de l\u2019investigador en Dret Internacional del Geneva Graduate Institute, Michiel Hoornick, i va ser moderada pel doctor en Dret Internacional i director de recerca del CEI, <strong><a href=\"https:\/\/www.ceibcn.com\/ca\/team\/didac-amat\/\">Didac Amat i Puigsech<\/a><\/strong>.<\/p>\n\n\n\n<div style=\"height:31px\" aria-hidden=\"true\" class=\"wp-block-spacer\"><\/div>\n\n\n\n<figure class=\"wp-block-gallery has-nested-images columns-default is-cropped wp-block-gallery-1 is-layout-flex wp-block-gallery-is-layout-flex\">\n<figure class=\"wp-block-image size-large\"><img fetchpriority=\"high\" decoding=\"async\" width=\"1800\" height=\"828\" data-id=\"37459\" src=\"https:\/\/www.ceibcn.com\/wp-content\/uploads\/2026\/03\/IEMED_Barcelona_arenaigualati-1-2-1800x828.jpg\" alt=\"\" class=\"wp-image-37459\"\/><figcaption class=\"wp-element-caption\">Macarena Iglesias (IEMed)<\/figcaption><\/figure>\n\n\n\n<figure class=\"wp-block-image size-large\"><img decoding=\"async\" width=\"1800\" height=\"828\" data-id=\"37463\" src=\"https:\/\/www.ceibcn.com\/wp-content\/uploads\/2026\/03\/IEMED_Barcelona_arenaigualati-5-1-1800x828.jpg\" alt=\"\" class=\"wp-image-37463\"\/><figcaption class=\"wp-element-caption\">Macarena Iglesias (IEMed)<\/figcaption><\/figure>\n\n\n\n<figure class=\"wp-block-image size-large\"><img decoding=\"async\" width=\"1800\" height=\"828\" data-id=\"37461\" src=\"https:\/\/www.ceibcn.com\/wp-content\/uploads\/2026\/03\/IEMED_Barcelona_arenaigualati-13-2-1800x828.jpg\" alt=\"\" class=\"wp-image-37461\"\/><figcaption class=\"wp-element-caption\">Macarena Iglesias (IEMed)<\/figcaption><\/figure>\n<\/figure>\n\n\n\n<div style=\"height:31px\" aria-hidden=\"true\" class=\"wp-block-spacer\"><\/div>\n\n\n\n<p class=\"wp-block-paragraph\">Durant la confer\u00e8ncia es van analitzar els principals <strong>reptes de l\u2019adaptaci\u00f3 al canvi clim\u00e0tic<\/strong> i els efectes de l\u2019escalfament global sobre els drets humans, tot posant de relleu el paper cada vegada m\u00e9s rellevant dels marcs jur\u00eddics internacionals en el disseny i la implementaci\u00f3 de pol\u00edtiques clim\u00e0tiques. <\/p>\n\n\n\n<div style=\"height:31px\" aria-hidden=\"true\" class=\"wp-block-spacer\"><\/div>\n\n\n\n<p class=\"wp-block-paragraph\">Aquesta iniciativa, desenvolupada en el marc del cicle de confer\u00e8ncies <strong>\u201cAula Mediterr\u00e0nia\u201d<\/strong>, refor\u00e7a el comprom\u00eds del CEI amb una formaci\u00f3 interdisciplin\u00e0ria orientada a fomentar el pensament cr\u00edtic de l\u2019alumnat i a dotar-lo d\u2019eines per afrontar els desafiaments socials, jur\u00eddics i ambientals derivats de la crisi clim\u00e0tica.<\/p>\n\n\n\n<div style=\"height:49px\" aria-hidden=\"true\" class=\"wp-block-spacer\"><\/div>\n\n\n\n<p class=\"wp-block-paragraph\"><\/p>\n","protected":false},"excerpt":{"rendered":"<p>Sessi\u00f3 per a l\u2019alumnat del M\u00e0ster en Sostenibilitat del CEI sobre les implicacions dels drets humans en la governan\u00e7a clim\u00e0tica.<\/p>\n","protected":false},"author":11,"featured_media":37416,"comment_status":"open","ping_status":"closed","sticky":false,"template":"","format":"standard","meta":{"_acf_changed":false,"_crdt_document":"","inline_featured_image":false,"footnotes":""},"categories":[121],"tags":[],"class_list":["post-37415","post","type-post","status-publish","format-standard","has-post-thumbnail","hentry","category-noticies"],"acf":[],"yoast_head":"<!-- This site is optimized with the Yoast SEO plugin v27.0 - https:\/\/yoast.com\/product\/yoast-seo-wordpress\/ -->\n<title>Estudiants del M\u00e0ster en Sostenibilitat participen a una sessi\u00f3 de l\u2019IEMed sobre adaptaci\u00f3 clim\u00e0tica - CEI International Affairs<\/title>\n<meta name=\"robots\" content=\"index, follow, max-snippet:-1, max-image-preview:large, max-video-preview:-1\" \/>\n<link rel=\"canonical\" href=\"https:\/\/www.ceibcn.com\/ca\/2026\/03\/estudiantes-del-master-en-sostenibilidad-participan-en-una-sesion-en-el-iemed-sobre-adaptacion-climatica\/\" \/>\n<meta property=\"og:locale\" content=\"ca_ES\" \/>\n<meta property=\"og:type\" content=\"article\" \/>\n<meta property=\"og:title\" content=\"Estudiants del M\u00e0ster en Sostenibilitat participen a una sessi\u00f3 de l\u2019IEMed sobre adaptaci\u00f3 clim\u00e0tica - CEI International Affairs\" \/>\n<meta property=\"og:description\" content=\"Sessi\u00f3 per a l\u2019alumnat del M\u00e0ster en Sostenibilitat del CEI sobre les implicacions dels drets humans en la governan\u00e7a clim\u00e0tica.\" \/>\n<meta property=\"og:url\" content=\"https:\/\/www.ceibcn.com\/ca\/2026\/03\/estudiantes-del-master-en-sostenibilidad-participan-en-una-sesion-en-el-iemed-sobre-adaptacion-climatica\/\" \/>\n<meta property=\"og:site_name\" content=\"CEI International Affairs\" \/>\n<meta property=\"article:publisher\" content=\"https:\/\/www.facebook.com\/CEI.CentroDeEstudiosInternacionales\/\" \/>\n<meta property=\"article:published_time\" content=\"2026-03-17T09:17:57+00:00\" \/>\n<meta property=\"article:modified_time\" content=\"2026-03-17T09:53:56+00:00\" \/>\n<meta property=\"og:image\" content=\"https:\/\/www.ceibcn.com\/wp-content\/uploads\/2026\/03\/IEMED_Barcelona_arenaigualati-14-scaled.jpg\" \/>\n\t<meta property=\"og:image:width\" content=\"2560\" \/>\n\t<meta property=\"og:image:height\" content=\"1707\" \/>\n\t<meta property=\"og:image:type\" content=\"image\/jpeg\" \/>\n<meta name=\"author\" content=\"Carla V\u00e1zquez Moreno\" \/>\n<meta name=\"twitter:card\" content=\"summary_large_image\" \/>\n<meta name=\"twitter:creator\" content=\"@CEIbcn\" \/>\n<meta name=\"twitter:site\" content=\"@CEIbcn\" \/>\n<meta name=\"twitter:label1\" content=\"Escrit per\" \/>\n\t<meta name=\"twitter:data1\" content=\"Carla V\u00e1zquez Moreno\" \/>\n\t<meta name=\"twitter:label2\" content=\"Temps estimat de lectura\" \/>\n\t<meta name=\"twitter:data2\" content=\"2 minuts\" \/>\n<script type=\"application\/ld+json\" class=\"yoast-schema-graph\">{\"@context\":\"https:\/\/schema.org\",\"@graph\":[{\"@type\":\"Article\",\"@id\":\"https:\/\/www.ceibcn.com\/ca\/2026\/03\/estudiantes-del-master-en-sostenibilidad-participan-en-una-sesion-en-el-iemed-sobre-adaptacion-climatica\/#article\",\"isPartOf\":{\"@id\":\"https:\/\/www.ceibcn.com\/ca\/2026\/03\/estudiantes-del-master-en-sostenibilidad-participan-en-una-sesion-en-el-iemed-sobre-adaptacion-climatica\/\"},\"author\":{\"name\":\"Carla V\u00e1zquez Moreno\",\"@id\":\"https:\/\/www.ceibcn.com\/ca\/#\/schema\/person\/ade8c52628f010f149da9031432f538d\"},\"headline\":\"Estudiants del M\u00e0ster en Sostenibilitat participen a una sessi\u00f3 de l\u2019IEMed sobre adaptaci\u00f3 clim\u00e0tica\",\"datePublished\":\"2026-03-17T09:17:57+00:00\",\"dateModified\":\"2026-03-17T09:53:56+00:00\",\"mainEntityOfPage\":{\"@id\":\"https:\/\/www.ceibcn.com\/ca\/2026\/03\/estudiantes-del-master-en-sostenibilidad-participan-en-una-sesion-en-el-iemed-sobre-adaptacion-climatica\/\"},\"wordCount\":242,\"commentCount\":0,\"publisher\":{\"@id\":\"https:\/\/www.ceibcn.com\/ca\/#organization\"},\"image\":{\"@id\":\"https:\/\/www.ceibcn.com\/ca\/2026\/03\/estudiantes-del-master-en-sostenibilidad-participan-en-una-sesion-en-el-iemed-sobre-adaptacion-climatica\/#primaryimage\"},\"thumbnailUrl\":\"https:\/\/www.ceibcn.com\/wp-content\/uploads\/2026\/03\/IEMED_Barcelona_arenaigualati-14-scaled.jpg\",\"articleSection\":[\"Not\u00edcies\"],\"inLanguage\":\"ca\",\"potentialAction\":[{\"@type\":\"CommentAction\",\"name\":\"Comment\",\"target\":[\"https:\/\/www.ceibcn.com\/ca\/2026\/03\/estudiantes-del-master-en-sostenibilidad-participan-en-una-sesion-en-el-iemed-sobre-adaptacion-climatica\/#respond\"]}]},{\"@type\":\"WebPage\",\"@id\":\"https:\/\/www.ceibcn.com\/ca\/2026\/03\/estudiantes-del-master-en-sostenibilidad-participan-en-una-sesion-en-el-iemed-sobre-adaptacion-climatica\/\",\"url\":\"https:\/\/www.ceibcn.com\/ca\/2026\/03\/estudiantes-del-master-en-sostenibilidad-participan-en-una-sesion-en-el-iemed-sobre-adaptacion-climatica\/\",\"name\":\"Estudiants del M\u00e0ster en Sostenibilitat participen a una sessi\u00f3 de l\u2019IEMed sobre adaptaci\u00f3 clim\u00e0tica - CEI International Affairs\",\"isPartOf\":{\"@id\":\"https:\/\/www.ceibcn.com\/ca\/#website\"},\"primaryImageOfPage\":{\"@id\":\"https:\/\/www.ceibcn.com\/ca\/2026\/03\/estudiantes-del-master-en-sostenibilidad-participan-en-una-sesion-en-el-iemed-sobre-adaptacion-climatica\/#primaryimage\"},\"image\":{\"@id\":\"https:\/\/www.ceibcn.com\/ca\/2026\/03\/estudiantes-del-master-en-sostenibilidad-participan-en-una-sesion-en-el-iemed-sobre-adaptacion-climatica\/#primaryimage\"},\"thumbnailUrl\":\"https:\/\/www.ceibcn.com\/wp-content\/uploads\/2026\/03\/IEMED_Barcelona_arenaigualati-14-scaled.jpg\",\"datePublished\":\"2026-03-17T09:17:57+00:00\",\"dateModified\":\"2026-03-17T09:53:56+00:00\",\"breadcrumb\":{\"@id\":\"https:\/\/www.ceibcn.com\/ca\/2026\/03\/estudiantes-del-master-en-sostenibilidad-participan-en-una-sesion-en-el-iemed-sobre-adaptacion-climatica\/#breadcrumb\"},\"inLanguage\":\"ca\",\"potentialAction\":[{\"@type\":\"ReadAction\",\"target\":[\"https:\/\/www.ceibcn.com\/ca\/2026\/03\/estudiantes-del-master-en-sostenibilidad-participan-en-una-sesion-en-el-iemed-sobre-adaptacion-climatica\/\"]}]},{\"@type\":\"ImageObject\",\"inLanguage\":\"ca\",\"@id\":\"https:\/\/www.ceibcn.com\/ca\/2026\/03\/estudiantes-del-master-en-sostenibilidad-participan-en-una-sesion-en-el-iemed-sobre-adaptacion-climatica\/#primaryimage\",\"url\":\"https:\/\/www.ceibcn.com\/wp-content\/uploads\/2026\/03\/IEMED_Barcelona_arenaigualati-14-scaled.jpg\",\"contentUrl\":\"https:\/\/www.ceibcn.com\/wp-content\/uploads\/2026\/03\/IEMED_Barcelona_arenaigualati-14-scaled.jpg\",\"width\":2560,\"height\":1707,\"caption\":\"Macarena Iglesias (IEMED)\"},{\"@type\":\"BreadcrumbList\",\"@id\":\"https:\/\/www.ceibcn.com\/ca\/2026\/03\/estudiantes-del-master-en-sostenibilidad-participan-en-una-sesion-en-el-iemed-sobre-adaptacion-climatica\/#breadcrumb\",\"itemListElement\":[{\"@type\":\"ListItem\",\"position\":1,\"name\":\"Portada\",\"item\":\"https:\/\/www.ceibcn.com\/ca\/\"},{\"@type\":\"ListItem\",\"position\":2,\"name\":\"Estudiants del M\u00e0ster en Sostenibilitat participen a una sessi\u00f3 de l\u2019IEMed sobre adaptaci\u00f3 clim\u00e0tica\"}]},{\"@type\":\"WebSite\",\"@id\":\"https:\/\/www.ceibcn.com\/ca\/#website\",\"url\":\"https:\/\/www.ceibcn.com\/ca\/\",\"name\":\"CEI International Affairs\",\"description\":\"CEI International Affairs\",\"publisher\":{\"@id\":\"https:\/\/www.ceibcn.com\/ca\/#organization\"},\"alternateName\":\"CEI International Affairs\",\"potentialAction\":[{\"@type\":\"SearchAction\",\"target\":{\"@type\":\"EntryPoint\",\"urlTemplate\":\"https:\/\/www.ceibcn.com\/ca\/?s={search_term_string}\"},\"query-input\":{\"@type\":\"PropertyValueSpecification\",\"valueRequired\":true,\"valueName\":\"search_term_string\"}}],\"inLanguage\":\"ca\"},{\"@type\":\"Organization\",\"@id\":\"https:\/\/www.ceibcn.com\/ca\/#organization\",\"name\":\"CEI International Affairs\",\"url\":\"https:\/\/www.ceibcn.com\/ca\/\",\"logo\":{\"@type\":\"ImageObject\",\"inLanguage\":\"ca\",\"@id\":\"https:\/\/www.ceibcn.com\/ca\/#\/schema\/logo\/image\/\",\"url\":\"https:\/\/www.ceibcn.com\/wp-content\/uploads\/2021\/09\/CeiLogo_EscuelaDiploVectorized_vectorizedSIN_FONDO.png\",\"contentUrl\":\"https:\/\/www.ceibcn.com\/wp-content\/uploads\/2021\/09\/CeiLogo_EscuelaDiploVectorized_vectorizedSIN_FONDO.png\",\"width\":1591,\"height\":629,\"caption\":\"CEI International Affairs\"},\"image\":{\"@id\":\"https:\/\/www.ceibcn.com\/ca\/#\/schema\/logo\/image\/\"},\"sameAs\":[\"https:\/\/www.facebook.com\/CEI.CentroDeEstudiosInternacionales\/\",\"https:\/\/x.com\/CEIbcn\",\"https:\/\/www.instagram.com\/cei_international\/\"]},{\"@type\":\"Person\",\"@id\":\"https:\/\/www.ceibcn.com\/ca\/#\/schema\/person\/ade8c52628f010f149da9031432f538d\",\"name\":\"Carla V\u00e1zquez Moreno\",\"image\":{\"@type\":\"ImageObject\",\"inLanguage\":\"ca\",\"@id\":\"https:\/\/www.ceibcn.com\/ca\/#\/schema\/person\/image\/\",\"url\":\"https:\/\/secure.gravatar.com\/avatar\/07396995718186c2b1a2f071ca87cd80143e420274dfd37126595cdd5bbc2e0c?s=96&d=mm&r=g\",\"contentUrl\":\"https:\/\/secure.gravatar.com\/avatar\/07396995718186c2b1a2f071ca87cd80143e420274dfd37126595cdd5bbc2e0c?s=96&d=mm&r=g\",\"caption\":\"Carla V\u00e1zquez Moreno\"},\"url\":\"https:\/\/www.ceibcn.com\/ca\/author\/carla\/\"}]}<\/script>\n<!-- \/ Yoast SEO plugin. -->","yoast_head_json":{"title":"Estudiants del M\u00e0ster en Sostenibilitat participen a una sessi\u00f3 de l\u2019IEMed sobre adaptaci\u00f3 clim\u00e0tica - CEI International Affairs","robots":{"index":"index","follow":"follow","max-snippet":"max-snippet:-1","max-image-preview":"max-image-preview:large","max-video-preview":"max-video-preview:-1"},"canonical":"https:\/\/www.ceibcn.com\/ca\/2026\/03\/estudiantes-del-master-en-sostenibilidad-participan-en-una-sesion-en-el-iemed-sobre-adaptacion-climatica\/","og_locale":"ca_ES","og_type":"article","og_title":"Estudiants del M\u00e0ster en Sostenibilitat participen a una sessi\u00f3 de l\u2019IEMed sobre adaptaci\u00f3 clim\u00e0tica - CEI International Affairs","og_description":"Sessi\u00f3 per a l\u2019alumnat del M\u00e0ster en Sostenibilitat del CEI sobre les implicacions dels drets humans en la governan\u00e7a clim\u00e0tica.","og_url":"https:\/\/www.ceibcn.com\/ca\/2026\/03\/estudiantes-del-master-en-sostenibilidad-participan-en-una-sesion-en-el-iemed-sobre-adaptacion-climatica\/","og_site_name":"CEI International Affairs","article_publisher":"https:\/\/www.facebook.com\/CEI.CentroDeEstudiosInternacionales\/","article_published_time":"2026-03-17T09:17:57+00:00","article_modified_time":"2026-03-17T09:53:56+00:00","og_image":[{"width":2560,"height":1707,"url":"https:\/\/www.ceibcn.com\/wp-content\/uploads\/2026\/03\/IEMED_Barcelona_arenaigualati-14-scaled.jpg","type":"image\/jpeg"}],"author":"Carla V\u00e1zquez Moreno","twitter_card":"summary_large_image","twitter_creator":"@CEIbcn","twitter_site":"@CEIbcn","twitter_misc":{"Escrit per":"Carla V\u00e1zquez Moreno","Temps estimat de lectura":"2 minuts"},"schema":{"@context":"https:\/\/schema.org","@graph":[{"@type":"Article","@id":"https:\/\/www.ceibcn.com\/ca\/2026\/03\/estudiantes-del-master-en-sostenibilidad-participan-en-una-sesion-en-el-iemed-sobre-adaptacion-climatica\/#article","isPartOf":{"@id":"https:\/\/www.ceibcn.com\/ca\/2026\/03\/estudiantes-del-master-en-sostenibilidad-participan-en-una-sesion-en-el-iemed-sobre-adaptacion-climatica\/"},"author":{"name":"Carla V\u00e1zquez Moreno","@id":"https:\/\/www.ceibcn.com\/ca\/#\/schema\/person\/ade8c52628f010f149da9031432f538d"},"headline":"Estudiants del M\u00e0ster en Sostenibilitat participen a una sessi\u00f3 de l\u2019IEMed sobre adaptaci\u00f3 clim\u00e0tica","datePublished":"2026-03-17T09:17:57+00:00","dateModified":"2026-03-17T09:53:56+00:00","mainEntityOfPage":{"@id":"https:\/\/www.ceibcn.com\/ca\/2026\/03\/estudiantes-del-master-en-sostenibilidad-participan-en-una-sesion-en-el-iemed-sobre-adaptacion-climatica\/"},"wordCount":242,"commentCount":0,"publisher":{"@id":"https:\/\/www.ceibcn.com\/ca\/#organization"},"image":{"@id":"https:\/\/www.ceibcn.com\/ca\/2026\/03\/estudiantes-del-master-en-sostenibilidad-participan-en-una-sesion-en-el-iemed-sobre-adaptacion-climatica\/#primaryimage"},"thumbnailUrl":"https:\/\/www.ceibcn.com\/wp-content\/uploads\/2026\/03\/IEMED_Barcelona_arenaigualati-14-scaled.jpg","articleSection":["Not\u00edcies"],"inLanguage":"ca","potentialAction":[{"@type":"CommentAction","name":"Comment","target":["https:\/\/www.ceibcn.com\/ca\/2026\/03\/estudiantes-del-master-en-sostenibilidad-participan-en-una-sesion-en-el-iemed-sobre-adaptacion-climatica\/#respond"]}]},{"@type":"WebPage","@id":"https:\/\/www.ceibcn.com\/ca\/2026\/03\/estudiantes-del-master-en-sostenibilidad-participan-en-una-sesion-en-el-iemed-sobre-adaptacion-climatica\/","url":"https:\/\/www.ceibcn.com\/ca\/2026\/03\/estudiantes-del-master-en-sostenibilidad-participan-en-una-sesion-en-el-iemed-sobre-adaptacion-climatica\/","name":"Estudiants del M\u00e0ster en Sostenibilitat participen a una sessi\u00f3 de l\u2019IEMed sobre adaptaci\u00f3 clim\u00e0tica - CEI International Affairs","isPartOf":{"@id":"https:\/\/www.ceibcn.com\/ca\/#website"},"primaryImageOfPage":{"@id":"https:\/\/www.ceibcn.com\/ca\/2026\/03\/estudiantes-del-master-en-sostenibilidad-participan-en-una-sesion-en-el-iemed-sobre-adaptacion-climatica\/#primaryimage"},"image":{"@id":"https:\/\/www.ceibcn.com\/ca\/2026\/03\/estudiantes-del-master-en-sostenibilidad-participan-en-una-sesion-en-el-iemed-sobre-adaptacion-climatica\/#primaryimage"},"thumbnailUrl":"https:\/\/www.ceibcn.com\/wp-content\/uploads\/2026\/03\/IEMED_Barcelona_arenaigualati-14-scaled.jpg","datePublished":"2026-03-17T09:17:57+00:00","dateModified":"2026-03-17T09:53:56+00:00","breadcrumb":{"@id":"https:\/\/www.ceibcn.com\/ca\/2026\/03\/estudiantes-del-master-en-sostenibilidad-participan-en-una-sesion-en-el-iemed-sobre-adaptacion-climatica\/#breadcrumb"},"inLanguage":"ca","potentialAction":[{"@type":"ReadAction","target":["https:\/\/www.ceibcn.com\/ca\/2026\/03\/estudiantes-del-master-en-sostenibilidad-participan-en-una-sesion-en-el-iemed-sobre-adaptacion-climatica\/"]}]},{"@type":"ImageObject","inLanguage":"ca","@id":"https:\/\/www.ceibcn.com\/ca\/2026\/03\/estudiantes-del-master-en-sostenibilidad-participan-en-una-sesion-en-el-iemed-sobre-adaptacion-climatica\/#primaryimage","url":"https:\/\/www.ceibcn.com\/wp-content\/uploads\/2026\/03\/IEMED_Barcelona_arenaigualati-14-scaled.jpg","contentUrl":"https:\/\/www.ceibcn.com\/wp-content\/uploads\/2026\/03\/IEMED_Barcelona_arenaigualati-14-scaled.jpg","width":2560,"height":1707,"caption":"Macarena Iglesias (IEMED)"},{"@type":"BreadcrumbList","@id":"https:\/\/www.ceibcn.com\/ca\/2026\/03\/estudiantes-del-master-en-sostenibilidad-participan-en-una-sesion-en-el-iemed-sobre-adaptacion-climatica\/#breadcrumb","itemListElement":[{"@type":"ListItem","position":1,"name":"Portada","item":"https:\/\/www.ceibcn.com\/ca\/"},{"@type":"ListItem","position":2,"name":"Estudiants del M\u00e0ster en Sostenibilitat participen a una sessi\u00f3 de l\u2019IEMed sobre adaptaci\u00f3 clim\u00e0tica"}]},{"@type":"WebSite","@id":"https:\/\/www.ceibcn.com\/ca\/#website","url":"https:\/\/www.ceibcn.com\/ca\/","name":"CEI International Affairs","description":"CEI International Affairs","publisher":{"@id":"https:\/\/www.ceibcn.com\/ca\/#organization"},"alternateName":"CEI International Affairs","potentialAction":[{"@type":"SearchAction","target":{"@type":"EntryPoint","urlTemplate":"https:\/\/www.ceibcn.com\/ca\/?s={search_term_string}"},"query-input":{"@type":"PropertyValueSpecification","valueRequired":true,"valueName":"search_term_string"}}],"inLanguage":"ca"},{"@type":"Organization","@id":"https:\/\/www.ceibcn.com\/ca\/#organization","name":"CEI International Affairs","url":"https:\/\/www.ceibcn.com\/ca\/","logo":{"@type":"ImageObject","inLanguage":"ca","@id":"https:\/\/www.ceibcn.com\/ca\/#\/schema\/logo\/image\/","url":"https:\/\/www.ceibcn.com\/wp-content\/uploads\/2021\/09\/CeiLogo_EscuelaDiploVectorized_vectorizedSIN_FONDO.png","contentUrl":"https:\/\/www.ceibcn.com\/wp-content\/uploads\/2021\/09\/CeiLogo_EscuelaDiploVectorized_vectorizedSIN_FONDO.png","width":1591,"height":629,"caption":"CEI International Affairs"},"image":{"@id":"https:\/\/www.ceibcn.com\/ca\/#\/schema\/logo\/image\/"},"sameAs":["https:\/\/www.facebook.com\/CEI.CentroDeEstudiosInternacionales\/","https:\/\/x.com\/CEIbcn","https:\/\/www.instagram.com\/cei_international\/"]},{"@type":"Person","@id":"https:\/\/www.ceibcn.com\/ca\/#\/schema\/person\/ade8c52628f010f149da9031432f538d","name":"Carla V\u00e1zquez Moreno","image":{"@type":"ImageObject","inLanguage":"ca","@id":"https:\/\/www.ceibcn.com\/ca\/#\/schema\/person\/image\/","url":"https:\/\/secure.gravatar.com\/avatar\/07396995718186c2b1a2f071ca87cd80143e420274dfd37126595cdd5bbc2e0c?s=96&d=mm&r=g","contentUrl":"https:\/\/secure.gravatar.com\/avatar\/07396995718186c2b1a2f071ca87cd80143e420274dfd37126595cdd5bbc2e0c?s=96&d=mm&r=g","caption":"Carla V\u00e1zquez Moreno"},"url":"https:\/\/www.ceibcn.com\/ca\/author\/carla\/"}]}},"_links":{"self":[{"href":"https:\/\/www.ceibcn.com\/ca\/wp-json\/wp\/v2\/posts\/37415","targetHints":{"allow":["GET"]}}],"collection":[{"href":"https:\/\/www.ceibcn.com\/ca\/wp-json\/wp\/v2\/posts"}],"about":[{"href":"https:\/\/www.ceibcn.com\/ca\/wp-json\/wp\/v2\/types\/post"}],"author":[{"embeddable":true,"href":"https:\/\/www.ceibcn.com\/ca\/wp-json\/wp\/v2\/users\/11"}],"replies":[{"embeddable":true,"href":"https:\/\/www.ceibcn.com\/ca\/wp-json\/wp\/v2\/comments?post=37415"}],"version-history":[{"count":4,"href":"https:\/\/www.ceibcn.com\/ca\/wp-json\/wp\/v2\/posts\/37415\/revisions"}],"predecessor-version":[{"id":37467,"href":"https:\/\/www.ceibcn.com\/ca\/wp-json\/wp\/v2\/posts\/37415\/revisions\/37467"}],"wp:featuredmedia":[{"embeddable":true,"href":"https:\/\/www.ceibcn.com\/ca\/wp-json\/wp\/v2\/media\/37416"}],"wp:attachment":[{"href":"https:\/\/www.ceibcn.com\/ca\/wp-json\/wp\/v2\/media?parent=37415"}],"wp:term":[{"taxonomy":"category","embeddable":true,"href":"https:\/\/www.ceibcn.com\/ca\/wp-json\/wp\/v2\/categories?post=37415"},{"taxonomy":"post_tag","embeddable":true,"href":"https:\/\/www.ceibcn.com\/ca\/wp-json\/wp\/v2\/tags?post=37415"}],"curies":[{"name":"wp","href":"https:\/\/api.w.org\/{rel}","templated":true}]}}