{"id":3750,"date":"2021-05-06T09:41:00","date_gmt":"2021-05-06T07:41:00","guid":{"rendered":"https:\/\/www.ceibcn.com\/2021\/05\/indonesia-el-motor-economic-de-la-regio-relatoria-de-la-trobada-amb-l-ambaixador-d-espanya-a-indonesia\/"},"modified":"2023-04-24T10:34:13","modified_gmt":"2023-04-24T08:34:13","slug":"indonesia-el-motor-economic-de-la-regio-relatoria-de-la-trobada-amb-l-ambaixador-d-espanya-a-indonesia","status":"publish","type":"post","link":"https:\/\/www.ceibcn.com\/ca\/2021\/05\/indonesia-el-motor-economic-de-la-regio-relatoria-de-la-trobada-amb-l-ambaixador-d-espanya-a-indonesia\/","title":{"rendered":"Indon\u00e8sia &#8220;el motor econ\u00f2mic de la regi\u00f3&#8221; Relatoria de la Trobada amb l&#8217;Ambaixador d&#8217;Espanya a Indon\u00e8sia"},"content":{"rendered":"<p>El passat 27 d&#8217;abril de 2021 es va celebrar la <strong>trobada online amb l&#8217;Ambaixador d&#8217;Espanya a Indon\u00e8sia, l&#8217;Excm. Sr. Jos\u00e9 Mar\u00eda Matres Manso.<\/strong> L&#8217;esdeveniment del programa <a href=\"ca\/aula-internacional\/trobades\">Aula Internacional<\/a>, organitzat pel Centre d&#8217;Estudis Internacionals en col\u00b7laboraci\u00f3 amb el <em>Cercle d\u2019Economia<\/em>, va comptar amb l&#8217;assist\u00e8ncia d&#8217;unes quantes empreses i membres del CEI.<\/p>\n<p>&nbsp;<\/p>\n<p>El Dr. \u00c0ngel Pes, director del CEI, va donar inici a l&#8217;acte destacant que Indon\u00e8sia \u00e9s un dels pa\u00efsos m\u00e9s poblats del M\u00f3n, el seu sistema pol\u00edtic \u00e9s la democr\u00e0cia i la religi\u00f3 majorit\u00e0ria d&#8217;eixe pa\u00eds \u00e9s l&#8217;islam. De fet, Indon\u00e8sia \u00e9s una de les democr\u00e0cies m\u00e9s poblades del m\u00f3n i l&#8217;estat on viuen m\u00e9s musulmans. A m\u00e9s, va mencionar que est\u00e0<strong> experimentant un gran desenvolupament econ\u00f2mic<\/strong> que ha perm\u00e8s la consolidaci\u00f3 d&#8217;una important classe mitjana. A pesar del gran potencial i la creixent influ\u00e8ncia d&#8217;eixe pa\u00eds a \u00c0sia, el Dr. Pes va lamentar que les relacions econ\u00f2miques entre Espanya i Indon\u00e8sia siguin molt redu\u00efdes.<\/p>\n<p>&nbsp;<\/p>\n<p><img fetchpriority=\"high\" decoding=\"async\" class=\" size-full wp-image-3740\" style=\"display: block; margin-left: auto; margin-right: auto;\" src=\"https:\/\/www.ceibcn.com\/wp-content\/uploads\/2021\/05\/AulaInd2.png\" alt=\"AulaInd2\" width=\"600\" height=\"444\" srcset=\"https:\/\/www.ceibcn.com\/wp-content\/uploads\/2021\/05\/AulaInd2.png 1142w, https:\/\/www.ceibcn.com\/wp-content\/uploads\/2021\/05\/AulaInd2-300x222.png 300w, https:\/\/www.ceibcn.com\/wp-content\/uploads\/2021\/05\/AulaInd2-768x568.png 768w, https:\/\/www.ceibcn.com\/wp-content\/uploads\/2021\/05\/AulaInd2-150x111.png 150w\" sizes=\"(max-width: 600px) 100vw, 600px\" \/><\/p>\n<p>&nbsp;<\/p>\n<p>L&#8217;ambaixador va iniciar la seva pon\u00e8ncia confirmant el gran potencial econ\u00f2mic i demogr\u00e0fic d&#8217;Indon\u00e8sia i la seva creixent influ\u00e8ncia tant al sud-est asi\u00e0tic com sobre el conjunt del continent. De fet, <strong>va qualificar Indon\u00e8sia com el \u201cmotor econ\u00f2mic\u201d<\/strong>; de la regi\u00f3 i va recordar que es tracta de la principal pot\u00e8ncia de la ASEAN i \u00e9s un membre permanent de ple dret del G20. Tamb\u00e9 va destacar que la classe mitjana est\u00e0 formada per aproximadament 70 milions de persones que cada vegada exigeixen productes de major qualitat, que la renda mitjana est\u00e0 en constant expansi\u00f3 i que les autoritats indon\u00e8sies, en especial el president Joko Widodo <em>Jokowi<\/em>, han adoptat un pla estrat\u00e8gic a futur que preveu multiplicar la renda per capita per sis i que inclou un extens desenrotllament de les infraestructures del pa\u00eds. A m\u00e9s, va mencionar que, per la seva ubicaci\u00f3 geogr\u00e0fica en l&#8217;Anell de foc del Pac\u00edfic, l&#8217;arxip\u00e8lag es veu afectat per tot tipus de desastres naturals, des de moviments s\u00edsmics a tsunamis, passant per pluges torrencials i erupcions de volcans. Aix\u00f2 comporta un gran desafiament per al Govern indonesi i ha de tenir-se en compte analitzant el context econ\u00f2mic, social i pol\u00edtic del pa\u00eds. Durant la seva introducci\u00f3 va mencionar que Indon\u00e8sia \u00e9s un Estat socialment modern i no confessional, encara que generalment es cregui que s\u00ed ho \u00e9s.<\/p>\n<p>&nbsp;<\/p>\n<p>La pres\u00e8ncia empresarial espanyola a Indon\u00e8sia \u00e9s certament escassa, aix\u00ed com ho s\u00f3n les nostres exportacions al pa\u00eds i les inversions bilaterals. D&#8217;acord amb l&#8217;ambaixador, si b\u00e9 \u00e9s cert que Indon\u00e8sia es caracteritza per tenir un sistema burocr\u00e0tic especialment complicat i un mercat particularment opac i complex, aix\u00f2 no ha estat un impediment per a l&#8217;empresariat espanyol en altres pa\u00efsos i no hauria d&#8217;impedir a les companyies nacionals explorar les possibilitats que el pa\u00eds asi\u00e0tic ofereix. Per aix\u00f2, el diplom\u00e0tic va<strong> convidar els empresaris a aventurar-se al mercat indonesi i va donar tres consells per a tindre majors probabilitats d&#8217;\u00e8xi<\/strong>t. En primer lloc, va destacar que els asi\u00e0tics en general, i els indonesis en particular, valoren molt positivament el contacte personal, per la qual cosa el mercat indonesi exigeix una pres\u00e8ncia f\u00edsica continuada. \u00c9s a dir, l&#8217;empresari estranger ha d&#8217;estar a Indon\u00e8sia i fonamentar relacions de confian\u00e7a amb socis nacionals. En segon lloc, l&#8217;ambaixador va declarar que \u00e9s necessari comptar amb un m\u00fascul financer important per a resistir els costos d&#8217;establir-se a Indon\u00e8sia fins a obtindre els resultats, que generalment es produeixen a mig o llarg termini. En definitiva, \u00e9s necessari tenir paci\u00e8ncia. En darrer lloc, \u00e9s molt recomanable comptar amb un soci indonesi de confian\u00e7a ja que, d&#8217;una banda, la legislaci\u00f3 del pa\u00eds exigeix tenir un soci nacional i, d&#8217;altra banda, es requereix comptar amb un bon professional que conegui el mercat i pugui establir relacions comercials fruct\u00edferes. Aquest punt \u00e9s el m\u00e9s dif\u00edcil d&#8217;aconseguir, per\u00f2 el diplom\u00e0tic va destacar que des de l&#8217;Ambaixada d&#8217;Espanya s&#8217;assessora i ajuda especialment en este sentit i s&#8217;estan realitzant iniciatives rellevants per a poder comptar amb bons socis indonesis. Amb aquest fi i el d&#8217;augmentar la pres\u00e8ncia espanyola, l&#8217;Ambaixada est\u00e0 intentant posar en marxa una cambra de comer\u00e7 bilateral.<\/p>\n<p>&nbsp;<\/p>\n<p><img decoding=\"async\" class=\" size-full wp-image-3743\" style=\"display: block; margin-left: auto; margin-right: auto;\" src=\"https:\/\/www.ceibcn.com\/wp-content\/uploads\/2021\/05\/Aula4.jpg\" alt=\"Aula4\" width=\"600\" height=\"330\" srcset=\"https:\/\/www.ceibcn.com\/wp-content\/uploads\/2021\/05\/Aula4.jpg 1532w, https:\/\/www.ceibcn.com\/wp-content\/uploads\/2021\/05\/Aula4-300x165.jpg 300w, https:\/\/www.ceibcn.com\/wp-content\/uploads\/2021\/05\/Aula4-768x422.jpg 768w, https:\/\/www.ceibcn.com\/wp-content\/uploads\/2021\/05\/Aula4-150x82.jpg 150w\" sizes=\"(max-width: 600px) 100vw, 600px\" \/><\/p>\n<p>&nbsp;<\/p>\n<p>Una cop l&#8217;ambaixador va explicar el context social, pol\u00edtic i econ\u00f2mic d&#8217;Indon\u00e8sia, va passar a repassar algunes de les <strong>oportunitats econ\u00f2miques<\/strong> m\u00e9s destacables per a l&#8217;empresariat espanyol. Atenent a la seva exposici\u00f3, hi ha dos sectors declarats com a claus pel Govern indonesi que ofereixen multitud d&#8217;oportunitats per a les empreses espanyoles: <strong>el desenvolupament de recursos humans i la transformaci\u00f3 econ\u00f2mica<\/strong> del pa\u00eds, que consisteix principalment en el desenvolupament d&#8217;infraestructures a l&#8217;Est d&#8217;Indon\u00e8sia. Ha de mencionar-se que el pla estrat\u00e8gic del Govern indonesi \u00e9s especialment ambici\u00f3s, perqu\u00e8 s&#8217;han pressupostat 380 bilions d&#8217;euros per a desenrotllar 233 projectes d&#8217;infraestructura. De tots els projectes previstos, hi ha 37 declarats prioritaris en els que les empreses espanyoles s\u00f3n molt competitives i podrien licitar per a obtindre el concurs amb altes probabilitats d&#8217;\u00e8xit. Per exemple, es preveu la construcci\u00f3 de set refineries de petroli i gas, de cinc plantes de sanejament d&#8217;aigua, de quatre ports mar\u00edtims, la millora de la xarxa el\u00e8ctrica i de telefonia en tot el pa\u00eds, etc. Aix\u00f2 sense mencionar les possibilitats que neixen de la construcci\u00f3 de la nova capital, els futurs plans previstos a partir de 2030, el creixent mercat Halal o el desenvolupament del turisme en diverses illes de l&#8217;arxip\u00e8lag. Hi ha grans oportunitats per a les empreses espanyoles, per\u00f2 \u00e9s necessari que aquestes facin una aposta decidida per aquest mercat.<\/p>\n<p>&nbsp;<\/p>\n<p>Respecte al <strong>canvi clim\u00e0tic<\/strong>, l&#8217;ambaixador va destacar que Indon\u00e8sia \u00e9s molt cauta a l&#8217;hora de definir la seva pol\u00edtica ambiental, malgrat del perill que suposa este repte per a l&#8217;arxip\u00e8lag. Aix\u00f2 es deu a diversos factors: El consum d&#8217;energia f\u00f2ssil continua sent molt important; milions de llocs de treball depenen del sector miner i energ\u00e8tic; gran part de la poblaci\u00f3 subsisteix gr\u00e0cies a les plantacions d&#8217;oli de palma; les fam\u00edlies amb major poder pol\u00edtic controlen la majoria de sectors contaminants i s&#8217;oposen a l&#8217;adopci\u00f3 de mesures contr\u00e0ries als seus interessos; i la construcci\u00f3 de la nova capital, aix\u00ed com molts dels projectes de desenvolupament, podrien ser incompatibles amb una pol\u00edtica mediambiental responsable. A m\u00e9s, considerant que el descontentament popular pot ser explotat pels partits islamistes de base radical, El Govern d&#8217;Indon\u00e8sia evita posar en risc els llocs de treball associats a les activitats contaminants.<\/p>\n<p>&nbsp;<\/p>\n<p><img decoding=\"async\" class=\" size-full wp-image-3746\" style=\"display: block; margin-left: auto; margin-right: auto;\" src=\"https:\/\/www.ceibcn.com\/wp-content\/uploads\/2021\/05\/Aula2.jpg\" alt=\"Aula2\" width=\"600\" height=\"272\" srcset=\"https:\/\/www.ceibcn.com\/wp-content\/uploads\/2021\/05\/Aula2.jpg 1790w, https:\/\/www.ceibcn.com\/wp-content\/uploads\/2021\/05\/Aula2-300x136.jpg 300w, https:\/\/www.ceibcn.com\/wp-content\/uploads\/2021\/05\/Aula2-768x348.jpg 768w, https:\/\/www.ceibcn.com\/wp-content\/uploads\/2021\/05\/Aula2-1536x695.jpg 1536w, https:\/\/www.ceibcn.com\/wp-content\/uploads\/2021\/05\/Aula2-150x68.jpg 150w\" sizes=\"(max-width: 600px) 100vw, 600px\" \/><\/p>\n<p>&nbsp;<\/p>\n<p>A continuaci\u00f3, l&#8217;ambaixador va citar algunes de les principals operacions comercials espanyoles realitzades a Indon\u00e8sia. Va mencionar l&#8217;important paper d&#8217;<em>Airbus Defense<\/em> en el sector aeron\u00e0utic indonesi, mercat anteriorment explorat amb \u00e8xit per <em>CASA<\/em> fins a la seva integraci\u00f3 en el consorci europeu. En aquest mateix sector opera activament <em>Indra.<\/em> En el sector energ\u00e8tic, <em>Siemens Gamesa<\/em> despunta per haver constru\u00eft recentment el primer parc e\u00f2lic del pa\u00eds. El diplom\u00e0tic va recalcar la pres\u00e8ncia de <em>Repsol<\/em>, <em>Roca<\/em>, <em>Inditex<\/em>, <em>Meli\u00e1<\/em>, <em>T\u00e8cniques Reunides<\/em>, <em>M\u00e0nec<\/em> i<em> Loewe<\/em> a Indon\u00e8sia; va destacar la fabricaci\u00f3 del vaixell escola de l&#8217;armada d&#8217;Indon\u00e8sia, el <em>Bima Suci<\/em>, per la drassana gallega <em>Freire<\/em>; i va citar el projecte conjunt entre l&#8217;empresa espanyola <em>CEPSA<\/em> i la indon\u00e8sia <em>Sinar Mes<\/em>. El diplom\u00e0tic va destacar estos casos que exemplifiquen com amb paci\u00e8ncia, const\u00e0ncia i aud\u00e0cia les empreses espanyoles poden obtenir grans r\u00e8dits a Indon\u00e8sia.<\/p>\n<p>&nbsp;<\/p>\n<p>L&#8217;ambaixador va voler acabar la seva pon\u00e8ncia recordant que Indon\u00e8sia ofereix <strong>grans oportunitats a l&#8217;empresariat espanyol<\/strong>, per\u00f2 que cal assumir un risc important i tenir la clara voluntat d&#8217;accedir al mercat. Finalment, el diplom\u00e0tic va destacar la predisposici\u00f3 de tot el personal de l&#8217;Ambaixada d&#8217;Espanya a recolzar a les empreses espanyoles i va assegurar que per a ell \u00e9s una gran satisfacci\u00f3 treballar per a augmentar la pres\u00e8ncia espanyola a Indon\u00e8sia.<\/p>\n<p>&nbsp;<\/p>\n<p>&nbsp;<\/p>\n<blockquote><p>Relatoria elaborada per:<\/p>\n<p>Miquel V\u00e1zquez Escolano<\/p>\n<p>Alumne del <a href=\"ca\/master-diplomacia\">M\u00e0ster Universitari en Diplom\u00e0cia i Organitzacions internacionals<\/a> i de l\u2019itinerari de la <a href=\"ca\/carreradiplomaticacat\">Preparaci\u00f3 de l&#8217;Oposici\u00f3 a la Carrera Diplom\u00e0tica.<\/a><\/p><\/blockquote>\n","protected":false},"excerpt":{"rendered":"<p>El passat 27 d&#8217;abril de 2021 es va celebrar la trobada online amb l&#8217;Ambaixador d&#8217;Espanya a Indon\u00e8sia, l&#8217;Excm. Sr. Jos\u00e9 Mar\u00eda Matres Manso. L&#8217;esdeveniment del programa Aula Internacional, organitzat pel Centre d&#8217;Estudis Internacionals en col\u00b7laboraci\u00f3 amb el Cercle d\u2019Economia, va comptar amb l&#8217;assist\u00e8ncia d&#8217;unes quantes empreses i membres del CEI. &nbsp; El Dr. \u00c0ngel Pes, [&hellip;]<\/p>\n","protected":false},"author":6,"featured_media":3740,"comment_status":"closed","ping_status":"closed","sticky":false,"template":"","format":"standard","meta":{"_acf_changed":false,"_crdt_document":"","inline_featured_image":false,"footnotes":""},"categories":[121],"tags":[],"class_list":["post-3750","post","type-post","status-publish","format-standard","has-post-thumbnail","hentry","category-noticies"],"acf":[],"yoast_head":"<!-- This site is optimized with the Yoast SEO plugin v27.0 - https:\/\/yoast.com\/product\/yoast-seo-wordpress\/ -->\n<title>Indon\u00e8sia &quot;el motor econ\u00f2mic de la regi\u00f3&quot; Relatoria de la Trobada amb l&#039;Ambaixador d&#039;Espanya a Indon\u00e8sia - CEI International Affairs<\/title>\n<meta name=\"robots\" content=\"index, follow, max-snippet:-1, max-image-preview:large, max-video-preview:-1\" \/>\n<link rel=\"canonical\" href=\"https:\/\/www.ceibcn.com\/ca\/2021\/05\/indonesia-el-motor-economic-de-la-regio-relatoria-de-la-trobada-amb-l-ambaixador-d-espanya-a-indonesia\/\" \/>\n<meta property=\"og:locale\" content=\"ca_ES\" \/>\n<meta property=\"og:type\" content=\"article\" \/>\n<meta property=\"og:title\" content=\"Indon\u00e8sia &quot;el motor econ\u00f2mic de la regi\u00f3&quot; Relatoria de la Trobada amb l&#039;Ambaixador d&#039;Espanya a Indon\u00e8sia - CEI International Affairs\" \/>\n<meta property=\"og:description\" content=\"El passat 27 d&#8217;abril de 2021 es va celebrar la trobada online amb l&#8217;Ambaixador d&#8217;Espanya a Indon\u00e8sia, l&#8217;Excm. Sr. Jos\u00e9 Mar\u00eda Matres Manso. L&#8217;esdeveniment del programa Aula Internacional, organitzat pel Centre d&#8217;Estudis Internacionals en col\u00b7laboraci\u00f3 amb el Cercle d\u2019Economia, va comptar amb l&#8217;assist\u00e8ncia d&#8217;unes quantes empreses i membres del CEI. &nbsp; El Dr. \u00c0ngel Pes, [&hellip;]\" \/>\n<meta property=\"og:url\" content=\"https:\/\/www.ceibcn.com\/ca\/2021\/05\/indonesia-el-motor-economic-de-la-regio-relatoria-de-la-trobada-amb-l-ambaixador-d-espanya-a-indonesia\/\" \/>\n<meta property=\"og:site_name\" content=\"CEI International Affairs\" \/>\n<meta property=\"article:publisher\" content=\"https:\/\/www.facebook.com\/CEI.CentroDeEstudiosInternacionales\/\" \/>\n<meta property=\"article:published_time\" content=\"2021-05-06T07:41:00+00:00\" \/>\n<meta property=\"article:modified_time\" content=\"2023-04-24T08:34:13+00:00\" \/>\n<meta property=\"og:image\" content=\"https:\/\/www.ceibcn.com\/wp-content\/uploads\/2021\/05\/AulaInd2.png\" \/>\n\t<meta property=\"og:image:width\" content=\"1142\" \/>\n\t<meta property=\"og:image:height\" content=\"845\" \/>\n\t<meta property=\"og:image:type\" content=\"image\/png\" \/>\n<meta name=\"author\" content=\"Cristian Romero Velasco\" \/>\n<meta name=\"twitter:card\" content=\"summary_large_image\" \/>\n<meta name=\"twitter:creator\" content=\"@CEIbcn\" \/>\n<meta name=\"twitter:site\" content=\"@CEIbcn\" \/>\n<meta name=\"twitter:label1\" content=\"Escrit per\" \/>\n\t<meta name=\"twitter:data1\" content=\"Cristian Romero Velasco\" \/>\n\t<meta name=\"twitter:label2\" content=\"Temps estimat de lectura\" \/>\n\t<meta name=\"twitter:data2\" content=\"7 minuts\" \/>\n<script type=\"application\/ld+json\" class=\"yoast-schema-graph\">{\"@context\":\"https:\/\/schema.org\",\"@graph\":[{\"@type\":\"Article\",\"@id\":\"https:\/\/www.ceibcn.com\/ca\/2021\/05\/indonesia-el-motor-economic-de-la-regio-relatoria-de-la-trobada-amb-l-ambaixador-d-espanya-a-indonesia\/#article\",\"isPartOf\":{\"@id\":\"https:\/\/www.ceibcn.com\/ca\/2021\/05\/indonesia-el-motor-economic-de-la-regio-relatoria-de-la-trobada-amb-l-ambaixador-d-espanya-a-indonesia\/\"},\"author\":{\"name\":\"Cristian Romero Velasco\",\"@id\":\"https:\/\/www.ceibcn.com\/ca\/#\/schema\/person\/4ef9992ee2fbd3987a5e1834e5d5808d\"},\"headline\":\"Indon\u00e8sia &#8220;el motor econ\u00f2mic de la regi\u00f3&#8221; Relatoria de la Trobada amb l&#8217;Ambaixador d&#8217;Espanya a Indon\u00e8sia\",\"datePublished\":\"2021-05-06T07:41:00+00:00\",\"dateModified\":\"2023-04-24T08:34:13+00:00\",\"mainEntityOfPage\":{\"@id\":\"https:\/\/www.ceibcn.com\/ca\/2021\/05\/indonesia-el-motor-economic-de-la-regio-relatoria-de-la-trobada-amb-l-ambaixador-d-espanya-a-indonesia\/\"},\"wordCount\":1503,\"publisher\":{\"@id\":\"https:\/\/www.ceibcn.com\/ca\/#organization\"},\"image\":{\"@id\":\"https:\/\/www.ceibcn.com\/ca\/2021\/05\/indonesia-el-motor-economic-de-la-regio-relatoria-de-la-trobada-amb-l-ambaixador-d-espanya-a-indonesia\/#primaryimage\"},\"thumbnailUrl\":\"https:\/\/www.ceibcn.com\/wp-content\/uploads\/2021\/05\/AulaInd2.png\",\"articleSection\":[\"Not\u00edcies\"],\"inLanguage\":\"ca\"},{\"@type\":\"WebPage\",\"@id\":\"https:\/\/www.ceibcn.com\/ca\/2021\/05\/indonesia-el-motor-economic-de-la-regio-relatoria-de-la-trobada-amb-l-ambaixador-d-espanya-a-indonesia\/\",\"url\":\"https:\/\/www.ceibcn.com\/ca\/2021\/05\/indonesia-el-motor-economic-de-la-regio-relatoria-de-la-trobada-amb-l-ambaixador-d-espanya-a-indonesia\/\",\"name\":\"Indon\u00e8sia \\\"el motor econ\u00f2mic de la regi\u00f3\\\" Relatoria de la Trobada amb l'Ambaixador d'Espanya a Indon\u00e8sia - CEI International Affairs\",\"isPartOf\":{\"@id\":\"https:\/\/www.ceibcn.com\/ca\/#website\"},\"primaryImageOfPage\":{\"@id\":\"https:\/\/www.ceibcn.com\/ca\/2021\/05\/indonesia-el-motor-economic-de-la-regio-relatoria-de-la-trobada-amb-l-ambaixador-d-espanya-a-indonesia\/#primaryimage\"},\"image\":{\"@id\":\"https:\/\/www.ceibcn.com\/ca\/2021\/05\/indonesia-el-motor-economic-de-la-regio-relatoria-de-la-trobada-amb-l-ambaixador-d-espanya-a-indonesia\/#primaryimage\"},\"thumbnailUrl\":\"https:\/\/www.ceibcn.com\/wp-content\/uploads\/2021\/05\/AulaInd2.png\",\"datePublished\":\"2021-05-06T07:41:00+00:00\",\"dateModified\":\"2023-04-24T08:34:13+00:00\",\"breadcrumb\":{\"@id\":\"https:\/\/www.ceibcn.com\/ca\/2021\/05\/indonesia-el-motor-economic-de-la-regio-relatoria-de-la-trobada-amb-l-ambaixador-d-espanya-a-indonesia\/#breadcrumb\"},\"inLanguage\":\"ca\",\"potentialAction\":[{\"@type\":\"ReadAction\",\"target\":[\"https:\/\/www.ceibcn.com\/ca\/2021\/05\/indonesia-el-motor-economic-de-la-regio-relatoria-de-la-trobada-amb-l-ambaixador-d-espanya-a-indonesia\/\"]}]},{\"@type\":\"ImageObject\",\"inLanguage\":\"ca\",\"@id\":\"https:\/\/www.ceibcn.com\/ca\/2021\/05\/indonesia-el-motor-economic-de-la-regio-relatoria-de-la-trobada-amb-l-ambaixador-d-espanya-a-indonesia\/#primaryimage\",\"url\":\"https:\/\/www.ceibcn.com\/wp-content\/uploads\/2021\/05\/AulaInd2.png\",\"contentUrl\":\"https:\/\/www.ceibcn.com\/wp-content\/uploads\/2021\/05\/AulaInd2.png\",\"width\":1142,\"height\":845,\"caption\":\"AulaInd2\"},{\"@type\":\"BreadcrumbList\",\"@id\":\"https:\/\/www.ceibcn.com\/ca\/2021\/05\/indonesia-el-motor-economic-de-la-regio-relatoria-de-la-trobada-amb-l-ambaixador-d-espanya-a-indonesia\/#breadcrumb\",\"itemListElement\":[{\"@type\":\"ListItem\",\"position\":1,\"name\":\"Portada\",\"item\":\"https:\/\/www.ceibcn.com\/ca\/\"},{\"@type\":\"ListItem\",\"position\":2,\"name\":\"Indon\u00e8sia &#8220;el motor econ\u00f2mic de la regi\u00f3&#8221; Relatoria de la Trobada amb l&#8217;Ambaixador d&#8217;Espanya a Indon\u00e8sia\"}]},{\"@type\":\"WebSite\",\"@id\":\"https:\/\/www.ceibcn.com\/ca\/#website\",\"url\":\"https:\/\/www.ceibcn.com\/ca\/\",\"name\":\"CEI International Affairs\",\"description\":\"CEI International Affairs\",\"publisher\":{\"@id\":\"https:\/\/www.ceibcn.com\/ca\/#organization\"},\"alternateName\":\"CEI International Affairs\",\"potentialAction\":[{\"@type\":\"SearchAction\",\"target\":{\"@type\":\"EntryPoint\",\"urlTemplate\":\"https:\/\/www.ceibcn.com\/ca\/?s={search_term_string}\"},\"query-input\":{\"@type\":\"PropertyValueSpecification\",\"valueRequired\":true,\"valueName\":\"search_term_string\"}}],\"inLanguage\":\"ca\"},{\"@type\":\"Organization\",\"@id\":\"https:\/\/www.ceibcn.com\/ca\/#organization\",\"name\":\"CEI International Affairs\",\"url\":\"https:\/\/www.ceibcn.com\/ca\/\",\"logo\":{\"@type\":\"ImageObject\",\"inLanguage\":\"ca\",\"@id\":\"https:\/\/www.ceibcn.com\/ca\/#\/schema\/logo\/image\/\",\"url\":\"https:\/\/www.ceibcn.com\/wp-content\/uploads\/2021\/09\/CeiLogo_EscuelaDiploVectorized_vectorizedSIN_FONDO.png\",\"contentUrl\":\"https:\/\/www.ceibcn.com\/wp-content\/uploads\/2021\/09\/CeiLogo_EscuelaDiploVectorized_vectorizedSIN_FONDO.png\",\"width\":1591,\"height\":629,\"caption\":\"CEI International Affairs\"},\"image\":{\"@id\":\"https:\/\/www.ceibcn.com\/ca\/#\/schema\/logo\/image\/\"},\"sameAs\":[\"https:\/\/www.facebook.com\/CEI.CentroDeEstudiosInternacionales\/\",\"https:\/\/x.com\/CEIbcn\",\"https:\/\/www.instagram.com\/cei_international\/\"]},{\"@type\":\"Person\",\"@id\":\"https:\/\/www.ceibcn.com\/ca\/#\/schema\/person\/4ef9992ee2fbd3987a5e1834e5d5808d\",\"name\":\"Cristian Romero Velasco\",\"image\":{\"@type\":\"ImageObject\",\"inLanguage\":\"ca\",\"@id\":\"https:\/\/www.ceibcn.com\/ca\/#\/schema\/person\/image\/\",\"url\":\"https:\/\/secure.gravatar.com\/avatar\/d78c33ad7f1570635ae9c9cb6274fe682bd5872dfde7a5448127d7825dd90943?s=96&d=mm&r=g\",\"contentUrl\":\"https:\/\/secure.gravatar.com\/avatar\/d78c33ad7f1570635ae9c9cb6274fe682bd5872dfde7a5448127d7825dd90943?s=96&d=mm&r=g\",\"caption\":\"Cristian Romero Velasco\"},\"url\":\"https:\/\/www.ceibcn.com\/ca\/author\/cristian\/\"}]}<\/script>\n<!-- \/ Yoast SEO plugin. -->","yoast_head_json":{"title":"Indon\u00e8sia \"el motor econ\u00f2mic de la regi\u00f3\" Relatoria de la Trobada amb l'Ambaixador d'Espanya a Indon\u00e8sia - CEI International Affairs","robots":{"index":"index","follow":"follow","max-snippet":"max-snippet:-1","max-image-preview":"max-image-preview:large","max-video-preview":"max-video-preview:-1"},"canonical":"https:\/\/www.ceibcn.com\/ca\/2021\/05\/indonesia-el-motor-economic-de-la-regio-relatoria-de-la-trobada-amb-l-ambaixador-d-espanya-a-indonesia\/","og_locale":"ca_ES","og_type":"article","og_title":"Indon\u00e8sia \"el motor econ\u00f2mic de la regi\u00f3\" Relatoria de la Trobada amb l'Ambaixador d'Espanya a Indon\u00e8sia - CEI International Affairs","og_description":"El passat 27 d&#8217;abril de 2021 es va celebrar la trobada online amb l&#8217;Ambaixador d&#8217;Espanya a Indon\u00e8sia, l&#8217;Excm. Sr. Jos\u00e9 Mar\u00eda Matres Manso. L&#8217;esdeveniment del programa Aula Internacional, organitzat pel Centre d&#8217;Estudis Internacionals en col\u00b7laboraci\u00f3 amb el Cercle d\u2019Economia, va comptar amb l&#8217;assist\u00e8ncia d&#8217;unes quantes empreses i membres del CEI. &nbsp; El Dr. \u00c0ngel Pes, [&hellip;]","og_url":"https:\/\/www.ceibcn.com\/ca\/2021\/05\/indonesia-el-motor-economic-de-la-regio-relatoria-de-la-trobada-amb-l-ambaixador-d-espanya-a-indonesia\/","og_site_name":"CEI International Affairs","article_publisher":"https:\/\/www.facebook.com\/CEI.CentroDeEstudiosInternacionales\/","article_published_time":"2021-05-06T07:41:00+00:00","article_modified_time":"2023-04-24T08:34:13+00:00","og_image":[{"width":1142,"height":845,"url":"https:\/\/www.ceibcn.com\/wp-content\/uploads\/2021\/05\/AulaInd2.png","type":"image\/png"}],"author":"Cristian Romero Velasco","twitter_card":"summary_large_image","twitter_creator":"@CEIbcn","twitter_site":"@CEIbcn","twitter_misc":{"Escrit per":"Cristian Romero Velasco","Temps estimat de lectura":"7 minuts"},"schema":{"@context":"https:\/\/schema.org","@graph":[{"@type":"Article","@id":"https:\/\/www.ceibcn.com\/ca\/2021\/05\/indonesia-el-motor-economic-de-la-regio-relatoria-de-la-trobada-amb-l-ambaixador-d-espanya-a-indonesia\/#article","isPartOf":{"@id":"https:\/\/www.ceibcn.com\/ca\/2021\/05\/indonesia-el-motor-economic-de-la-regio-relatoria-de-la-trobada-amb-l-ambaixador-d-espanya-a-indonesia\/"},"author":{"name":"Cristian Romero Velasco","@id":"https:\/\/www.ceibcn.com\/ca\/#\/schema\/person\/4ef9992ee2fbd3987a5e1834e5d5808d"},"headline":"Indon\u00e8sia &#8220;el motor econ\u00f2mic de la regi\u00f3&#8221; Relatoria de la Trobada amb l&#8217;Ambaixador d&#8217;Espanya a Indon\u00e8sia","datePublished":"2021-05-06T07:41:00+00:00","dateModified":"2023-04-24T08:34:13+00:00","mainEntityOfPage":{"@id":"https:\/\/www.ceibcn.com\/ca\/2021\/05\/indonesia-el-motor-economic-de-la-regio-relatoria-de-la-trobada-amb-l-ambaixador-d-espanya-a-indonesia\/"},"wordCount":1503,"publisher":{"@id":"https:\/\/www.ceibcn.com\/ca\/#organization"},"image":{"@id":"https:\/\/www.ceibcn.com\/ca\/2021\/05\/indonesia-el-motor-economic-de-la-regio-relatoria-de-la-trobada-amb-l-ambaixador-d-espanya-a-indonesia\/#primaryimage"},"thumbnailUrl":"https:\/\/www.ceibcn.com\/wp-content\/uploads\/2021\/05\/AulaInd2.png","articleSection":["Not\u00edcies"],"inLanguage":"ca"},{"@type":"WebPage","@id":"https:\/\/www.ceibcn.com\/ca\/2021\/05\/indonesia-el-motor-economic-de-la-regio-relatoria-de-la-trobada-amb-l-ambaixador-d-espanya-a-indonesia\/","url":"https:\/\/www.ceibcn.com\/ca\/2021\/05\/indonesia-el-motor-economic-de-la-regio-relatoria-de-la-trobada-amb-l-ambaixador-d-espanya-a-indonesia\/","name":"Indon\u00e8sia \"el motor econ\u00f2mic de la regi\u00f3\" Relatoria de la Trobada amb l'Ambaixador d'Espanya a Indon\u00e8sia - CEI International Affairs","isPartOf":{"@id":"https:\/\/www.ceibcn.com\/ca\/#website"},"primaryImageOfPage":{"@id":"https:\/\/www.ceibcn.com\/ca\/2021\/05\/indonesia-el-motor-economic-de-la-regio-relatoria-de-la-trobada-amb-l-ambaixador-d-espanya-a-indonesia\/#primaryimage"},"image":{"@id":"https:\/\/www.ceibcn.com\/ca\/2021\/05\/indonesia-el-motor-economic-de-la-regio-relatoria-de-la-trobada-amb-l-ambaixador-d-espanya-a-indonesia\/#primaryimage"},"thumbnailUrl":"https:\/\/www.ceibcn.com\/wp-content\/uploads\/2021\/05\/AulaInd2.png","datePublished":"2021-05-06T07:41:00+00:00","dateModified":"2023-04-24T08:34:13+00:00","breadcrumb":{"@id":"https:\/\/www.ceibcn.com\/ca\/2021\/05\/indonesia-el-motor-economic-de-la-regio-relatoria-de-la-trobada-amb-l-ambaixador-d-espanya-a-indonesia\/#breadcrumb"},"inLanguage":"ca","potentialAction":[{"@type":"ReadAction","target":["https:\/\/www.ceibcn.com\/ca\/2021\/05\/indonesia-el-motor-economic-de-la-regio-relatoria-de-la-trobada-amb-l-ambaixador-d-espanya-a-indonesia\/"]}]},{"@type":"ImageObject","inLanguage":"ca","@id":"https:\/\/www.ceibcn.com\/ca\/2021\/05\/indonesia-el-motor-economic-de-la-regio-relatoria-de-la-trobada-amb-l-ambaixador-d-espanya-a-indonesia\/#primaryimage","url":"https:\/\/www.ceibcn.com\/wp-content\/uploads\/2021\/05\/AulaInd2.png","contentUrl":"https:\/\/www.ceibcn.com\/wp-content\/uploads\/2021\/05\/AulaInd2.png","width":1142,"height":845,"caption":"AulaInd2"},{"@type":"BreadcrumbList","@id":"https:\/\/www.ceibcn.com\/ca\/2021\/05\/indonesia-el-motor-economic-de-la-regio-relatoria-de-la-trobada-amb-l-ambaixador-d-espanya-a-indonesia\/#breadcrumb","itemListElement":[{"@type":"ListItem","position":1,"name":"Portada","item":"https:\/\/www.ceibcn.com\/ca\/"},{"@type":"ListItem","position":2,"name":"Indon\u00e8sia &#8220;el motor econ\u00f2mic de la regi\u00f3&#8221; Relatoria de la Trobada amb l&#8217;Ambaixador d&#8217;Espanya a Indon\u00e8sia"}]},{"@type":"WebSite","@id":"https:\/\/www.ceibcn.com\/ca\/#website","url":"https:\/\/www.ceibcn.com\/ca\/","name":"CEI International Affairs","description":"CEI International Affairs","publisher":{"@id":"https:\/\/www.ceibcn.com\/ca\/#organization"},"alternateName":"CEI International Affairs","potentialAction":[{"@type":"SearchAction","target":{"@type":"EntryPoint","urlTemplate":"https:\/\/www.ceibcn.com\/ca\/?s={search_term_string}"},"query-input":{"@type":"PropertyValueSpecification","valueRequired":true,"valueName":"search_term_string"}}],"inLanguage":"ca"},{"@type":"Organization","@id":"https:\/\/www.ceibcn.com\/ca\/#organization","name":"CEI International Affairs","url":"https:\/\/www.ceibcn.com\/ca\/","logo":{"@type":"ImageObject","inLanguage":"ca","@id":"https:\/\/www.ceibcn.com\/ca\/#\/schema\/logo\/image\/","url":"https:\/\/www.ceibcn.com\/wp-content\/uploads\/2021\/09\/CeiLogo_EscuelaDiploVectorized_vectorizedSIN_FONDO.png","contentUrl":"https:\/\/www.ceibcn.com\/wp-content\/uploads\/2021\/09\/CeiLogo_EscuelaDiploVectorized_vectorizedSIN_FONDO.png","width":1591,"height":629,"caption":"CEI International Affairs"},"image":{"@id":"https:\/\/www.ceibcn.com\/ca\/#\/schema\/logo\/image\/"},"sameAs":["https:\/\/www.facebook.com\/CEI.CentroDeEstudiosInternacionales\/","https:\/\/x.com\/CEIbcn","https:\/\/www.instagram.com\/cei_international\/"]},{"@type":"Person","@id":"https:\/\/www.ceibcn.com\/ca\/#\/schema\/person\/4ef9992ee2fbd3987a5e1834e5d5808d","name":"Cristian Romero Velasco","image":{"@type":"ImageObject","inLanguage":"ca","@id":"https:\/\/www.ceibcn.com\/ca\/#\/schema\/person\/image\/","url":"https:\/\/secure.gravatar.com\/avatar\/d78c33ad7f1570635ae9c9cb6274fe682bd5872dfde7a5448127d7825dd90943?s=96&d=mm&r=g","contentUrl":"https:\/\/secure.gravatar.com\/avatar\/d78c33ad7f1570635ae9c9cb6274fe682bd5872dfde7a5448127d7825dd90943?s=96&d=mm&r=g","caption":"Cristian Romero Velasco"},"url":"https:\/\/www.ceibcn.com\/ca\/author\/cristian\/"}]}},"_links":{"self":[{"href":"https:\/\/www.ceibcn.com\/ca\/wp-json\/wp\/v2\/posts\/3750","targetHints":{"allow":["GET"]}}],"collection":[{"href":"https:\/\/www.ceibcn.com\/ca\/wp-json\/wp\/v2\/posts"}],"about":[{"href":"https:\/\/www.ceibcn.com\/ca\/wp-json\/wp\/v2\/types\/post"}],"author":[{"embeddable":true,"href":"https:\/\/www.ceibcn.com\/ca\/wp-json\/wp\/v2\/users\/6"}],"replies":[{"embeddable":true,"href":"https:\/\/www.ceibcn.com\/ca\/wp-json\/wp\/v2\/comments?post=3750"}],"version-history":[{"count":1,"href":"https:\/\/www.ceibcn.com\/ca\/wp-json\/wp\/v2\/posts\/3750\/revisions"}],"predecessor-version":[{"id":4505,"href":"https:\/\/www.ceibcn.com\/ca\/wp-json\/wp\/v2\/posts\/3750\/revisions\/4505"}],"wp:featuredmedia":[{"embeddable":true,"href":"https:\/\/www.ceibcn.com\/ca\/wp-json\/wp\/v2\/media\/3740"}],"wp:attachment":[{"href":"https:\/\/www.ceibcn.com\/ca\/wp-json\/wp\/v2\/media?parent=3750"}],"wp:term":[{"taxonomy":"category","embeddable":true,"href":"https:\/\/www.ceibcn.com\/ca\/wp-json\/wp\/v2\/categories?post=3750"},{"taxonomy":"post_tag","embeddable":true,"href":"https:\/\/www.ceibcn.com\/ca\/wp-json\/wp\/v2\/tags?post=3750"}],"curies":[{"name":"wp","href":"https:\/\/api.w.org\/{rel}","templated":true}]}}