{"id":3771,"date":"2021-05-10T12:32:54","date_gmt":"2021-05-10T10:32:54","guid":{"rendered":"https:\/\/www.ceibcn.com\/2021\/05\/que-us-ha-aportat-el-master-en-desenvolupament-sostenible-parlem-amb-la-1a-promocio\/"},"modified":"2023-05-08T10:58:59","modified_gmt":"2023-05-08T08:58:59","slug":"que-us-ha-aportat-el-master-en-desenvolupament-sostenible-parlem-amb-la-1a-promocio","status":"publish","type":"post","link":"https:\/\/www.ceibcn.com\/ca\/2021\/05\/que-us-ha-aportat-el-master-en-desenvolupament-sostenible-parlem-amb-la-1a-promocio\/","title":{"rendered":"Qu\u00e8 us ha aportat el M\u00e0ster en Desenvolupament Sostenible? Parlem amb la 1a promoci\u00f3"},"content":{"rendered":"<p>El primer curs del <a href=\"es\/presentacion-mds\">M\u00e0ster en Desenvolupament Sostenible UB-CEI<\/a> est\u00e0 acabant i hem <strong>conversat amb l&#8217;alumnat de la primera promoci\u00f3 per con\u00e8ixer les seves opinions<\/strong> sobre aquesta formacio:&nbsp;<\/p>\n<p>&nbsp;<\/p>\n<p>&nbsp;<\/p>\n<table>\n<tbody>\n<tr>\n<td colspan=\"2\">\n<p>&nbsp;&#8220;Aquest M\u00e0ster de Desenvolupament Sostenible del CEI-UB m&#8217;ha donat les bases que em faltaven a nivell jur\u00eddic, social i econ\u00f2mic per a poder desenvolupar-me a nivell professional en l&#8217;\u00e0mbit. El seu contingut \u00e9s complet, detallat i comprensible per a aquells que venim d&#8217;altres \u00e0mbits acad\u00e8mics, per la qual cosa est\u00e0 completament adaptat a les nostres necessitats. A m\u00e9s, busquen les sinergies entre els estudiants per a aix\u00ed enriquir els coneixements aportats. L&#8217;atenci\u00f3 rebuda en relaci\u00f3 al TFM \u00e9s molt pr\u00f2xima i els professors s\u00f3n accessibles, el que sempre ajuda a sentir-te acompanyat i obrir possibilitats de futur laboral. Sens dubte trobar\u00e9 a faltar les classes, els moments de discussi\u00f3 i l&#8217;aprenentatge mutu, per\u00f2 acabo el M\u00e0ster sense tenir cap dubte de que ha complert les meves expectatives. Ara comen\u00e7a una nova etapa. Desitjant, doncs, posar en pr\u00e0ctica els coneixements adquirits.&#8221;&nbsp;&nbsp;&nbsp;<\/p>\n<\/td>\n<\/tr>\n<tr>\n<td style=\"text-align: center;\">\n<blockquote><p>Joanna Riera<\/p><\/blockquote>\n<\/td>\n<td><img fetchpriority=\"high\" decoding=\"async\" class=\" size-full wp-image-3752\" style=\"width: 150px; height: auto; display: block; margin-left: auto; margin-right: auto;\" src=\"https:\/\/www.ceibcn.com\/wp-content\/uploads\/2021\/05\/6Joanna.png\" alt=\"6Joanna\" width=\"250\" height=\"250\" srcset=\"https:\/\/www.ceibcn.com\/wp-content\/uploads\/2021\/05\/6Joanna.png 250w, https:\/\/www.ceibcn.com\/wp-content\/uploads\/2021\/05\/6Joanna-150x150.png 150w\" sizes=\"(max-width: 250px) 100vw, 250px\" \/>&nbsp;<\/td>\n<\/tr>\n<\/tbody>\n<\/table>\n<p>&nbsp;<\/p>\n<p>&nbsp;<\/p>\n<table>\n<tbody>\n<tr>\n<td colspan=\"2\">\n<p>&#8220;El M\u00e0ster en Desenvolupament Sostenible ha superat amb escreix totes les meves expectatives, ja que ha aconseguit, d&#8217;una manera magistral, abordar els aspectes rellevants dels tres pilars fonamentals que ho componen: Desenvolupament Econ\u00f2mic, Social i Mediambiental. Ha estat capa\u00e7 d&#8217;integrar la teoria actual del Dret Internacional amb els diferents \u00e0mbits i r\u00e8gims relatius al medi ambient, passant per una formaci\u00f3 en Economia Circular, entre altres \u00e0rees rellevants i d&#8217;actualitat, sense deixar de costat l&#8217;aspecte pr\u00e0ctic del com des del sector privat es poden dissenyar pol\u00edtiques i estrat\u00e8gies rellevants basades en els principis b\u00e0sics del Desenvolupament Sostenible per a la consecuci\u00f3 dels objectius de l&#8217;Agenda 2030 de l&#8217;ONU. Tot l&#8217;anterior, m&#8217;ha perm\u00e8s consolidar el coneixement necessari per a desenvolupar el meu TFM en modalitat de projecte, dins de la companyia en la qual treballo, afegint valor a les accions darrere de la consecuci\u00f3 dels objectius estrat\u00e8gics sobre sostenibilitat.<\/p>\n<p>Vull agrair al CEI per oferir aquest programa, que s&#8217;ha caracteritzat per la qualitat i exig\u00e8ncia que li precedeixen, a m\u00e9s de comptar amb un professorat dotat d&#8217;un vast coneixement en la mat\u00e8ria, i amb convidats de luxe, tant del sector privat com p\u00fablic, experts en la pr\u00e0ctica del Desenvolupament Sostenible.&#8221;<\/p>\n<\/td>\n<\/tr>\n<tr>\n<td>\n<blockquote>\n<p class=\"v1msonormal\" style=\"text-align: center;\">Andr\u00e9s F. Ballesteros<\/p>\n<\/blockquote>\n<\/td>\n<td><img decoding=\"async\" class=\" size-full wp-image-3755\" style=\"width: 150px; height: auto; display: block; margin-left: auto; margin-right: auto;\" src=\"https:\/\/www.ceibcn.com\/wp-content\/uploads\/2021\/05\/5Andres.png\" alt=\"5Andres\" width=\"250\" height=\"250\" srcset=\"https:\/\/www.ceibcn.com\/wp-content\/uploads\/2021\/05\/5Andres.png 250w, https:\/\/www.ceibcn.com\/wp-content\/uploads\/2021\/05\/5Andres-150x150.png 150w\" sizes=\"(max-width: 250px) 100vw, 250px\" \/>&nbsp;<\/td>\n<\/tr>\n<\/tbody>\n<\/table>\n<p>&nbsp;<\/p>\n<p>&nbsp;<\/p>\n<table>\n<tbody>\n<tr>\n<td colspan=\"2\">\n<p class=\"v1msonormal\">&#8220;Soc de S\u00edria, on la majoria de les persones lluiten simplement per sobreviure i no es poden permetre pensar com viure d&#8217;una manera sostenible. Quan vaig comen\u00e7ar a estudiar els conceptes de sostenibilitat, em vaig sentir frustrada per les diferents condicions que enfronten els pa\u00efsos desenvolupats i en desenvolupament i la difer\u00e8ncia de recursos entre ells. No podia veure com les solucions pr\u00e0ctiques que estava aprenent podrien funcionar en les dures condicions a les quals s&#8217;enfronta la gent al meu pa\u00eds tots els dies. No obstant aix\u00f2, quan vaig comen\u00e7ar a comprendre m\u00e9s detalls sobre com podem salvar el nostre planeta, vaig ser m\u00e9s optimista sobre el que \u00e9s possible per a tots els pa\u00efsos, inclosa S\u00edria. Una vegada que vaig comprendre completament la necessitat de canviar la forma en qu\u00e8 vivim i la forma en qu\u00e8 usem els recursos del planeta, vaig comen\u00e7ar a canviar el meu propi estil de vida. Ara soc conscient de cada decisi\u00f3 que prenc quan vull comprar alguna cosa. Tamb\u00e9 soc m\u00e9s sensible als problemes que enfronten moltes persones a tot el m\u00f3n, com l&#8217;acc\u00e9s a l&#8217;aigua potable, l&#8217;educaci\u00f3, el treball decent i l&#8217;atenci\u00f3 m\u00e8dica. Gr\u00e0cies a aquest programa, em comprometo a trobar una carrera en la qual pugui participar activament per a aconseguir els 17 ODS. Quan vaig comen\u00e7ar el m\u00e0ster no entenia completament la import\u00e0ncia del desenvolupament sostenible. Ara en soc una apassionada defensora.&#8221;&nbsp;&nbsp;&nbsp;&nbsp;&nbsp;&nbsp;<\/p>\n<\/td>\n<\/tr>\n<tr>\n<td style=\"text-align: center;\">\n<blockquote><p>Rand Al Chamaa<\/p><\/blockquote>\n<\/td>\n<td><img decoding=\"async\" class=\" size-full wp-image-3758\" style=\"width: 150px; height: auto; display: block; margin-left: auto; margin-right: auto;\" src=\"https:\/\/www.ceibcn.com\/wp-content\/uploads\/2021\/05\/1Rand.png\" alt=\"1Rand\" width=\"250\" height=\"250\" srcset=\"https:\/\/www.ceibcn.com\/wp-content\/uploads\/2021\/05\/1Rand.png 250w, https:\/\/www.ceibcn.com\/wp-content\/uploads\/2021\/05\/1Rand-150x150.png 150w\" sizes=\"(max-width: 250px) 100vw, 250px\" \/>&nbsp;<\/td>\n<\/tr>\n<\/tbody>\n<\/table>\n<p>&nbsp;<\/p>\n<p>&nbsp;<\/p>\n<table>\n<tbody>\n<tr>\n<td colspan=\"2\">\n<p>&#8220;El M\u00e0ster en Desenvolupament Sostenible m&#8217;ha semblat una oportunitat fant\u00e0stica per a con\u00e8ixer m\u00e9s en profunditat el que suposa la sostenibilitat en si. Ens ha proporcionat els coneixements necessaris per a entendre la gravetat de la crisi clim\u00e0tica actual, aix\u00ed com donar-nos les eines oportunes per a fer front a ella amb una visi\u00f3 sist\u00e8mica i multidisciplin\u00e0ria. Les pr\u00e0ctiques em semblen un gran complement per a finalitzar aquesta formaci\u00f3, la qual cosa ens ha perm\u00e8s poder aplicar i visualitzar les oportunitats que ens oferir\u00e0 el m\u00f3n laboral una vegada acabat el M\u00e0ster.&#8221;&nbsp;&nbsp;&nbsp;&nbsp;&nbsp;&nbsp;&nbsp;&nbsp;&nbsp;&nbsp;&nbsp;&nbsp;&nbsp;<\/p>\n<\/td>\n<\/tr>\n<tr>\n<td style=\"text-align: center;\">\n<blockquote><p>Ana Ochoa<\/p><\/blockquote>\n<\/td>\n<td><img loading=\"lazy\" decoding=\"async\" class=\" size-full wp-image-3761\" style=\"width: 150px; height: auto; display: block; margin-left: auto; margin-right: auto;\" src=\"https:\/\/www.ceibcn.com\/wp-content\/uploads\/2021\/05\/3Ochoa.png\" alt=\"3Ochoa\" width=\"250\" height=\"250\" srcset=\"https:\/\/www.ceibcn.com\/wp-content\/uploads\/2021\/05\/3Ochoa.png 250w, https:\/\/www.ceibcn.com\/wp-content\/uploads\/2021\/05\/3Ochoa-150x150.png 150w\" sizes=\"(max-width: 250px) 100vw, 250px\" \/>&nbsp;<\/td>\n<\/tr>\n<\/tbody>\n<\/table>\n<p>&nbsp;<\/p>\n<p>&nbsp;<\/p>\n<table>\n<tbody>\n<tr>\n<td colspan=\"2\">\n<p>&#8220;Magn\u00edfics professors, convidats de luxe, i una qualitat i precisi\u00f3 acad\u00e8mica molt dif\u00edcil de superar; tot aix\u00f2 fa que els alumnes acabem sent experts en la mat\u00e8ria. Hem analitzat el desenvolupament sostenible a partir d&#8217;un enfocament hol\u00edstic, des de la perspectiva jur\u00eddica, pol\u00edtica, econ\u00f2mica i social, incloent el paper de les empreses. Personalment, venint de les Relacions Internacionals, he trobat el meu cam\u00ed aqu\u00ed. Ha estat un viatge que repetiria mil vegades&#8221;.&nbsp;&nbsp;&nbsp;&nbsp;&nbsp;&nbsp;&nbsp;&nbsp;&nbsp;<\/p>\n<\/td>\n<\/tr>\n<tr>\n<td style=\"text-align: center;\">\n<blockquote><p>Lorena G. Alberte<\/p><\/blockquote>\n<\/td>\n<td><img loading=\"lazy\" decoding=\"async\" class=\" size-full wp-image-3764\" style=\"width: 150px; height: auto; display: block; margin-left: auto; margin-right: auto;\" src=\"https:\/\/www.ceibcn.com\/wp-content\/uploads\/2021\/05\/4Lorena.png\" alt=\"4Lorena\" width=\"250\" height=\"250\" srcset=\"https:\/\/www.ceibcn.com\/wp-content\/uploads\/2021\/05\/4Lorena.png 250w, https:\/\/www.ceibcn.com\/wp-content\/uploads\/2021\/05\/4Lorena-150x150.png 150w\" sizes=\"(max-width: 250px) 100vw, 250px\" \/>&nbsp;<\/td>\n<\/tr>\n<\/tbody>\n<\/table>\n<p>&nbsp;<\/p>\n<p>&nbsp;<\/p>\n<table>\n<tbody>\n<tr>\n<td colspan=\"2\">\n<p>&nbsp;&#8220;El M\u00e0ster en Desenvolupament Sostenible m&#8217;ha perm\u00e8s familiaritzar-me amb tots els aspectes i elements transcendentals de la crisi clim\u00e0tica i el paper que la sostenibilitat ha de desenvolupar en la comunitat internacional durant els anys esdevenidors. D&#8217;altra banda, les pr\u00e0ctiques a Viscofan m&#8217;han ajudat a veure de primera m\u00e0 com pot contribuir el sector privat als objectius de desenvolupament sostenible mitjan\u00e7ant la transici\u00f3 energ\u00e8tica, la bona governabilitat i la responsabilitat social corporativa.&#8221;<\/p>\n<\/td>\n<\/tr>\n<tr>\n<td style=\"text-align: center;\">\n<blockquote><p>Nicolau Mil\u00e0<\/p><\/blockquote>\n<\/td>\n<td><img loading=\"lazy\" decoding=\"async\" class=\" size-full wp-image-3767\" style=\"width: 150px; height: auto; display: block; margin-left: auto; margin-right: auto;\" src=\"https:\/\/www.ceibcn.com\/wp-content\/uploads\/2021\/05\/2Mia.png\" alt=\"2Mia\" width=\"250\" height=\"250\" srcset=\"https:\/\/www.ceibcn.com\/wp-content\/uploads\/2021\/05\/2Mia.png 250w, https:\/\/www.ceibcn.com\/wp-content\/uploads\/2021\/05\/2Mia-150x150.png 150w\" sizes=\"(max-width: 250px) 100vw, 250px\" \/>&nbsp;<\/td>\n<\/tr>\n<\/tbody>\n<\/table>\n","protected":false},"excerpt":{"rendered":"<p>El primer curs del M\u00e0ster en Desenvolupament Sostenible UB-CEI est\u00e0 acabant i hem conversat amb l&#8217;alumnat de la primera promoci\u00f3 per con\u00e8ixer les seves opinions sobre aquesta formacio:&nbsp; &nbsp; &nbsp; &nbsp;&#8220;Aquest M\u00e0ster de Desenvolupament Sostenible del CEI-UB m&#8217;ha donat les bases que em faltaven a nivell jur\u00eddic, social i econ\u00f2mic per a poder desenvolupar-me a [&hellip;]<\/p>\n","protected":false},"author":6,"featured_media":3752,"comment_status":"open","ping_status":"closed","sticky":false,"template":"","format":"standard","meta":{"_acf_changed":false,"_crdt_document":"","inline_featured_image":false,"footnotes":""},"categories":[121],"tags":[],"class_list":["post-3771","post","type-post","status-publish","format-standard","has-post-thumbnail","hentry","category-noticies"],"acf":[],"yoast_head":"<!-- This site is optimized with the Yoast SEO plugin v27.0 - https:\/\/yoast.com\/product\/yoast-seo-wordpress\/ -->\n<title>Qu\u00e8 us ha aportat el M\u00e0ster en Desenvolupament Sostenible? Parlem amb la 1a promoci\u00f3 - CEI International Affairs<\/title>\n<meta name=\"robots\" content=\"index, follow, max-snippet:-1, max-image-preview:large, max-video-preview:-1\" \/>\n<link rel=\"canonical\" href=\"https:\/\/www.ceibcn.com\/ca\/2021\/05\/que-us-ha-aportat-el-master-en-desenvolupament-sostenible-parlem-amb-la-1a-promocio\/\" \/>\n<meta property=\"og:locale\" content=\"ca_ES\" \/>\n<meta property=\"og:type\" content=\"article\" \/>\n<meta property=\"og:title\" content=\"Qu\u00e8 us ha aportat el M\u00e0ster en Desenvolupament Sostenible? Parlem amb la 1a promoci\u00f3 - CEI International Affairs\" \/>\n<meta property=\"og:description\" content=\"El primer curs del M\u00e0ster en Desenvolupament Sostenible UB-CEI est\u00e0 acabant i hem conversat amb l&#8217;alumnat de la primera promoci\u00f3 per con\u00e8ixer les seves opinions sobre aquesta formacio:&nbsp; &nbsp; &nbsp; &nbsp;&#8220;Aquest M\u00e0ster de Desenvolupament Sostenible del CEI-UB m&#8217;ha donat les bases que em faltaven a nivell jur\u00eddic, social i econ\u00f2mic per a poder desenvolupar-me a [&hellip;]\" \/>\n<meta property=\"og:url\" content=\"https:\/\/www.ceibcn.com\/ca\/2021\/05\/que-us-ha-aportat-el-master-en-desenvolupament-sostenible-parlem-amb-la-1a-promocio\/\" \/>\n<meta property=\"og:site_name\" content=\"CEI International Affairs\" \/>\n<meta property=\"article:publisher\" content=\"https:\/\/www.facebook.com\/CEI.CentroDeEstudiosInternacionales\/\" \/>\n<meta property=\"article:published_time\" content=\"2021-05-10T10:32:54+00:00\" \/>\n<meta property=\"article:modified_time\" content=\"2023-05-08T08:58:59+00:00\" \/>\n<meta property=\"og:image\" content=\"https:\/\/www.ceibcn.com\/wp-content\/uploads\/2021\/05\/6Joanna.png\" \/>\n\t<meta property=\"og:image:width\" content=\"250\" \/>\n\t<meta property=\"og:image:height\" content=\"250\" \/>\n\t<meta property=\"og:image:type\" content=\"image\/png\" \/>\n<meta name=\"author\" content=\"Cristian Romero Velasco\" \/>\n<meta name=\"twitter:card\" content=\"summary_large_image\" \/>\n<meta name=\"twitter:creator\" content=\"@CEIbcn\" \/>\n<meta name=\"twitter:site\" content=\"@CEIbcn\" \/>\n<meta name=\"twitter:label1\" content=\"Escrit per\" \/>\n\t<meta name=\"twitter:data1\" content=\"Cristian Romero Velasco\" \/>\n\t<meta name=\"twitter:label2\" content=\"Temps estimat de lectura\" \/>\n\t<meta name=\"twitter:data2\" content=\"5 minuts\" \/>\n<script type=\"application\/ld+json\" class=\"yoast-schema-graph\">{\"@context\":\"https:\/\/schema.org\",\"@graph\":[{\"@type\":\"Article\",\"@id\":\"https:\/\/www.ceibcn.com\/ca\/2021\/05\/que-us-ha-aportat-el-master-en-desenvolupament-sostenible-parlem-amb-la-1a-promocio\/#article\",\"isPartOf\":{\"@id\":\"https:\/\/www.ceibcn.com\/ca\/2021\/05\/que-us-ha-aportat-el-master-en-desenvolupament-sostenible-parlem-amb-la-1a-promocio\/\"},\"author\":{\"name\":\"Cristian Romero Velasco\",\"@id\":\"https:\/\/www.ceibcn.com\/ca\/#\/schema\/person\/4ef9992ee2fbd3987a5e1834e5d5808d\"},\"headline\":\"Qu\u00e8 us ha aportat el M\u00e0ster en Desenvolupament Sostenible? Parlem amb la 1a promoci\u00f3\",\"datePublished\":\"2021-05-10T10:32:54+00:00\",\"dateModified\":\"2023-05-08T08:58:59+00:00\",\"mainEntityOfPage\":{\"@id\":\"https:\/\/www.ceibcn.com\/ca\/2021\/05\/que-us-ha-aportat-el-master-en-desenvolupament-sostenible-parlem-amb-la-1a-promocio\/\"},\"wordCount\":1013,\"commentCount\":0,\"publisher\":{\"@id\":\"https:\/\/www.ceibcn.com\/ca\/#organization\"},\"image\":{\"@id\":\"https:\/\/www.ceibcn.com\/ca\/2021\/05\/que-us-ha-aportat-el-master-en-desenvolupament-sostenible-parlem-amb-la-1a-promocio\/#primaryimage\"},\"thumbnailUrl\":\"https:\/\/www.ceibcn.com\/wp-content\/uploads\/2021\/05\/6Joanna.png\",\"articleSection\":[\"Not\u00edcies\"],\"inLanguage\":\"ca\",\"potentialAction\":[{\"@type\":\"CommentAction\",\"name\":\"Comment\",\"target\":[\"https:\/\/www.ceibcn.com\/ca\/2021\/05\/que-us-ha-aportat-el-master-en-desenvolupament-sostenible-parlem-amb-la-1a-promocio\/#respond\"]}]},{\"@type\":\"WebPage\",\"@id\":\"https:\/\/www.ceibcn.com\/ca\/2021\/05\/que-us-ha-aportat-el-master-en-desenvolupament-sostenible-parlem-amb-la-1a-promocio\/\",\"url\":\"https:\/\/www.ceibcn.com\/ca\/2021\/05\/que-us-ha-aportat-el-master-en-desenvolupament-sostenible-parlem-amb-la-1a-promocio\/\",\"name\":\"Qu\u00e8 us ha aportat el M\u00e0ster en Desenvolupament Sostenible? Parlem amb la 1a promoci\u00f3 - CEI International Affairs\",\"isPartOf\":{\"@id\":\"https:\/\/www.ceibcn.com\/ca\/#website\"},\"primaryImageOfPage\":{\"@id\":\"https:\/\/www.ceibcn.com\/ca\/2021\/05\/que-us-ha-aportat-el-master-en-desenvolupament-sostenible-parlem-amb-la-1a-promocio\/#primaryimage\"},\"image\":{\"@id\":\"https:\/\/www.ceibcn.com\/ca\/2021\/05\/que-us-ha-aportat-el-master-en-desenvolupament-sostenible-parlem-amb-la-1a-promocio\/#primaryimage\"},\"thumbnailUrl\":\"https:\/\/www.ceibcn.com\/wp-content\/uploads\/2021\/05\/6Joanna.png\",\"datePublished\":\"2021-05-10T10:32:54+00:00\",\"dateModified\":\"2023-05-08T08:58:59+00:00\",\"breadcrumb\":{\"@id\":\"https:\/\/www.ceibcn.com\/ca\/2021\/05\/que-us-ha-aportat-el-master-en-desenvolupament-sostenible-parlem-amb-la-1a-promocio\/#breadcrumb\"},\"inLanguage\":\"ca\",\"potentialAction\":[{\"@type\":\"ReadAction\",\"target\":[\"https:\/\/www.ceibcn.com\/ca\/2021\/05\/que-us-ha-aportat-el-master-en-desenvolupament-sostenible-parlem-amb-la-1a-promocio\/\"]}]},{\"@type\":\"ImageObject\",\"inLanguage\":\"ca\",\"@id\":\"https:\/\/www.ceibcn.com\/ca\/2021\/05\/que-us-ha-aportat-el-master-en-desenvolupament-sostenible-parlem-amb-la-1a-promocio\/#primaryimage\",\"url\":\"https:\/\/www.ceibcn.com\/wp-content\/uploads\/2021\/05\/6Joanna.png\",\"contentUrl\":\"https:\/\/www.ceibcn.com\/wp-content\/uploads\/2021\/05\/6Joanna.png\",\"width\":250,\"height\":250,\"caption\":\"6Joanna\"},{\"@type\":\"BreadcrumbList\",\"@id\":\"https:\/\/www.ceibcn.com\/ca\/2021\/05\/que-us-ha-aportat-el-master-en-desenvolupament-sostenible-parlem-amb-la-1a-promocio\/#breadcrumb\",\"itemListElement\":[{\"@type\":\"ListItem\",\"position\":1,\"name\":\"Portada\",\"item\":\"https:\/\/www.ceibcn.com\/ca\/\"},{\"@type\":\"ListItem\",\"position\":2,\"name\":\"Qu\u00e8 us ha aportat el M\u00e0ster en Desenvolupament Sostenible? Parlem amb la 1a promoci\u00f3\"}]},{\"@type\":\"WebSite\",\"@id\":\"https:\/\/www.ceibcn.com\/ca\/#website\",\"url\":\"https:\/\/www.ceibcn.com\/ca\/\",\"name\":\"CEI International Affairs\",\"description\":\"CEI International Affairs\",\"publisher\":{\"@id\":\"https:\/\/www.ceibcn.com\/ca\/#organization\"},\"alternateName\":\"CEI International Affairs\",\"potentialAction\":[{\"@type\":\"SearchAction\",\"target\":{\"@type\":\"EntryPoint\",\"urlTemplate\":\"https:\/\/www.ceibcn.com\/ca\/?s={search_term_string}\"},\"query-input\":{\"@type\":\"PropertyValueSpecification\",\"valueRequired\":true,\"valueName\":\"search_term_string\"}}],\"inLanguage\":\"ca\"},{\"@type\":\"Organization\",\"@id\":\"https:\/\/www.ceibcn.com\/ca\/#organization\",\"name\":\"CEI International Affairs\",\"url\":\"https:\/\/www.ceibcn.com\/ca\/\",\"logo\":{\"@type\":\"ImageObject\",\"inLanguage\":\"ca\",\"@id\":\"https:\/\/www.ceibcn.com\/ca\/#\/schema\/logo\/image\/\",\"url\":\"https:\/\/www.ceibcn.com\/wp-content\/uploads\/2021\/09\/CeiLogo_EscuelaDiploVectorized_vectorizedSIN_FONDO.png\",\"contentUrl\":\"https:\/\/www.ceibcn.com\/wp-content\/uploads\/2021\/09\/CeiLogo_EscuelaDiploVectorized_vectorizedSIN_FONDO.png\",\"width\":1591,\"height\":629,\"caption\":\"CEI International Affairs\"},\"image\":{\"@id\":\"https:\/\/www.ceibcn.com\/ca\/#\/schema\/logo\/image\/\"},\"sameAs\":[\"https:\/\/www.facebook.com\/CEI.CentroDeEstudiosInternacionales\/\",\"https:\/\/x.com\/CEIbcn\",\"https:\/\/www.instagram.com\/cei_international\/\"]},{\"@type\":\"Person\",\"@id\":\"https:\/\/www.ceibcn.com\/ca\/#\/schema\/person\/4ef9992ee2fbd3987a5e1834e5d5808d\",\"name\":\"Cristian Romero Velasco\",\"image\":{\"@type\":\"ImageObject\",\"inLanguage\":\"ca\",\"@id\":\"https:\/\/www.ceibcn.com\/ca\/#\/schema\/person\/image\/\",\"url\":\"https:\/\/secure.gravatar.com\/avatar\/d78c33ad7f1570635ae9c9cb6274fe682bd5872dfde7a5448127d7825dd90943?s=96&d=mm&r=g\",\"contentUrl\":\"https:\/\/secure.gravatar.com\/avatar\/d78c33ad7f1570635ae9c9cb6274fe682bd5872dfde7a5448127d7825dd90943?s=96&d=mm&r=g\",\"caption\":\"Cristian Romero Velasco\"},\"url\":\"https:\/\/www.ceibcn.com\/ca\/author\/cristian\/\"}]}<\/script>\n<!-- \/ Yoast SEO plugin. -->","yoast_head_json":{"title":"Qu\u00e8 us ha aportat el M\u00e0ster en Desenvolupament Sostenible? Parlem amb la 1a promoci\u00f3 - CEI International Affairs","robots":{"index":"index","follow":"follow","max-snippet":"max-snippet:-1","max-image-preview":"max-image-preview:large","max-video-preview":"max-video-preview:-1"},"canonical":"https:\/\/www.ceibcn.com\/ca\/2021\/05\/que-us-ha-aportat-el-master-en-desenvolupament-sostenible-parlem-amb-la-1a-promocio\/","og_locale":"ca_ES","og_type":"article","og_title":"Qu\u00e8 us ha aportat el M\u00e0ster en Desenvolupament Sostenible? Parlem amb la 1a promoci\u00f3 - CEI International Affairs","og_description":"El primer curs del M\u00e0ster en Desenvolupament Sostenible UB-CEI est\u00e0 acabant i hem conversat amb l&#8217;alumnat de la primera promoci\u00f3 per con\u00e8ixer les seves opinions sobre aquesta formacio:&nbsp; &nbsp; &nbsp; &nbsp;&#8220;Aquest M\u00e0ster de Desenvolupament Sostenible del CEI-UB m&#8217;ha donat les bases que em faltaven a nivell jur\u00eddic, social i econ\u00f2mic per a poder desenvolupar-me a [&hellip;]","og_url":"https:\/\/www.ceibcn.com\/ca\/2021\/05\/que-us-ha-aportat-el-master-en-desenvolupament-sostenible-parlem-amb-la-1a-promocio\/","og_site_name":"CEI International Affairs","article_publisher":"https:\/\/www.facebook.com\/CEI.CentroDeEstudiosInternacionales\/","article_published_time":"2021-05-10T10:32:54+00:00","article_modified_time":"2023-05-08T08:58:59+00:00","og_image":[{"width":250,"height":250,"url":"https:\/\/www.ceibcn.com\/wp-content\/uploads\/2021\/05\/6Joanna.png","type":"image\/png"}],"author":"Cristian Romero Velasco","twitter_card":"summary_large_image","twitter_creator":"@CEIbcn","twitter_site":"@CEIbcn","twitter_misc":{"Escrit per":"Cristian Romero Velasco","Temps estimat de lectura":"5 minuts"},"schema":{"@context":"https:\/\/schema.org","@graph":[{"@type":"Article","@id":"https:\/\/www.ceibcn.com\/ca\/2021\/05\/que-us-ha-aportat-el-master-en-desenvolupament-sostenible-parlem-amb-la-1a-promocio\/#article","isPartOf":{"@id":"https:\/\/www.ceibcn.com\/ca\/2021\/05\/que-us-ha-aportat-el-master-en-desenvolupament-sostenible-parlem-amb-la-1a-promocio\/"},"author":{"name":"Cristian Romero Velasco","@id":"https:\/\/www.ceibcn.com\/ca\/#\/schema\/person\/4ef9992ee2fbd3987a5e1834e5d5808d"},"headline":"Qu\u00e8 us ha aportat el M\u00e0ster en Desenvolupament Sostenible? Parlem amb la 1a promoci\u00f3","datePublished":"2021-05-10T10:32:54+00:00","dateModified":"2023-05-08T08:58:59+00:00","mainEntityOfPage":{"@id":"https:\/\/www.ceibcn.com\/ca\/2021\/05\/que-us-ha-aportat-el-master-en-desenvolupament-sostenible-parlem-amb-la-1a-promocio\/"},"wordCount":1013,"commentCount":0,"publisher":{"@id":"https:\/\/www.ceibcn.com\/ca\/#organization"},"image":{"@id":"https:\/\/www.ceibcn.com\/ca\/2021\/05\/que-us-ha-aportat-el-master-en-desenvolupament-sostenible-parlem-amb-la-1a-promocio\/#primaryimage"},"thumbnailUrl":"https:\/\/www.ceibcn.com\/wp-content\/uploads\/2021\/05\/6Joanna.png","articleSection":["Not\u00edcies"],"inLanguage":"ca","potentialAction":[{"@type":"CommentAction","name":"Comment","target":["https:\/\/www.ceibcn.com\/ca\/2021\/05\/que-us-ha-aportat-el-master-en-desenvolupament-sostenible-parlem-amb-la-1a-promocio\/#respond"]}]},{"@type":"WebPage","@id":"https:\/\/www.ceibcn.com\/ca\/2021\/05\/que-us-ha-aportat-el-master-en-desenvolupament-sostenible-parlem-amb-la-1a-promocio\/","url":"https:\/\/www.ceibcn.com\/ca\/2021\/05\/que-us-ha-aportat-el-master-en-desenvolupament-sostenible-parlem-amb-la-1a-promocio\/","name":"Qu\u00e8 us ha aportat el M\u00e0ster en Desenvolupament Sostenible? Parlem amb la 1a promoci\u00f3 - CEI International Affairs","isPartOf":{"@id":"https:\/\/www.ceibcn.com\/ca\/#website"},"primaryImageOfPage":{"@id":"https:\/\/www.ceibcn.com\/ca\/2021\/05\/que-us-ha-aportat-el-master-en-desenvolupament-sostenible-parlem-amb-la-1a-promocio\/#primaryimage"},"image":{"@id":"https:\/\/www.ceibcn.com\/ca\/2021\/05\/que-us-ha-aportat-el-master-en-desenvolupament-sostenible-parlem-amb-la-1a-promocio\/#primaryimage"},"thumbnailUrl":"https:\/\/www.ceibcn.com\/wp-content\/uploads\/2021\/05\/6Joanna.png","datePublished":"2021-05-10T10:32:54+00:00","dateModified":"2023-05-08T08:58:59+00:00","breadcrumb":{"@id":"https:\/\/www.ceibcn.com\/ca\/2021\/05\/que-us-ha-aportat-el-master-en-desenvolupament-sostenible-parlem-amb-la-1a-promocio\/#breadcrumb"},"inLanguage":"ca","potentialAction":[{"@type":"ReadAction","target":["https:\/\/www.ceibcn.com\/ca\/2021\/05\/que-us-ha-aportat-el-master-en-desenvolupament-sostenible-parlem-amb-la-1a-promocio\/"]}]},{"@type":"ImageObject","inLanguage":"ca","@id":"https:\/\/www.ceibcn.com\/ca\/2021\/05\/que-us-ha-aportat-el-master-en-desenvolupament-sostenible-parlem-amb-la-1a-promocio\/#primaryimage","url":"https:\/\/www.ceibcn.com\/wp-content\/uploads\/2021\/05\/6Joanna.png","contentUrl":"https:\/\/www.ceibcn.com\/wp-content\/uploads\/2021\/05\/6Joanna.png","width":250,"height":250,"caption":"6Joanna"},{"@type":"BreadcrumbList","@id":"https:\/\/www.ceibcn.com\/ca\/2021\/05\/que-us-ha-aportat-el-master-en-desenvolupament-sostenible-parlem-amb-la-1a-promocio\/#breadcrumb","itemListElement":[{"@type":"ListItem","position":1,"name":"Portada","item":"https:\/\/www.ceibcn.com\/ca\/"},{"@type":"ListItem","position":2,"name":"Qu\u00e8 us ha aportat el M\u00e0ster en Desenvolupament Sostenible? Parlem amb la 1a promoci\u00f3"}]},{"@type":"WebSite","@id":"https:\/\/www.ceibcn.com\/ca\/#website","url":"https:\/\/www.ceibcn.com\/ca\/","name":"CEI International Affairs","description":"CEI International Affairs","publisher":{"@id":"https:\/\/www.ceibcn.com\/ca\/#organization"},"alternateName":"CEI International Affairs","potentialAction":[{"@type":"SearchAction","target":{"@type":"EntryPoint","urlTemplate":"https:\/\/www.ceibcn.com\/ca\/?s={search_term_string}"},"query-input":{"@type":"PropertyValueSpecification","valueRequired":true,"valueName":"search_term_string"}}],"inLanguage":"ca"},{"@type":"Organization","@id":"https:\/\/www.ceibcn.com\/ca\/#organization","name":"CEI International Affairs","url":"https:\/\/www.ceibcn.com\/ca\/","logo":{"@type":"ImageObject","inLanguage":"ca","@id":"https:\/\/www.ceibcn.com\/ca\/#\/schema\/logo\/image\/","url":"https:\/\/www.ceibcn.com\/wp-content\/uploads\/2021\/09\/CeiLogo_EscuelaDiploVectorized_vectorizedSIN_FONDO.png","contentUrl":"https:\/\/www.ceibcn.com\/wp-content\/uploads\/2021\/09\/CeiLogo_EscuelaDiploVectorized_vectorizedSIN_FONDO.png","width":1591,"height":629,"caption":"CEI International Affairs"},"image":{"@id":"https:\/\/www.ceibcn.com\/ca\/#\/schema\/logo\/image\/"},"sameAs":["https:\/\/www.facebook.com\/CEI.CentroDeEstudiosInternacionales\/","https:\/\/x.com\/CEIbcn","https:\/\/www.instagram.com\/cei_international\/"]},{"@type":"Person","@id":"https:\/\/www.ceibcn.com\/ca\/#\/schema\/person\/4ef9992ee2fbd3987a5e1834e5d5808d","name":"Cristian Romero Velasco","image":{"@type":"ImageObject","inLanguage":"ca","@id":"https:\/\/www.ceibcn.com\/ca\/#\/schema\/person\/image\/","url":"https:\/\/secure.gravatar.com\/avatar\/d78c33ad7f1570635ae9c9cb6274fe682bd5872dfde7a5448127d7825dd90943?s=96&d=mm&r=g","contentUrl":"https:\/\/secure.gravatar.com\/avatar\/d78c33ad7f1570635ae9c9cb6274fe682bd5872dfde7a5448127d7825dd90943?s=96&d=mm&r=g","caption":"Cristian Romero Velasco"},"url":"https:\/\/www.ceibcn.com\/ca\/author\/cristian\/"}]}},"_links":{"self":[{"href":"https:\/\/www.ceibcn.com\/ca\/wp-json\/wp\/v2\/posts\/3771","targetHints":{"allow":["GET"]}}],"collection":[{"href":"https:\/\/www.ceibcn.com\/ca\/wp-json\/wp\/v2\/posts"}],"about":[{"href":"https:\/\/www.ceibcn.com\/ca\/wp-json\/wp\/v2\/types\/post"}],"author":[{"embeddable":true,"href":"https:\/\/www.ceibcn.com\/ca\/wp-json\/wp\/v2\/users\/6"}],"replies":[{"embeddable":true,"href":"https:\/\/www.ceibcn.com\/ca\/wp-json\/wp\/v2\/comments?post=3771"}],"version-history":[{"count":1,"href":"https:\/\/www.ceibcn.com\/ca\/wp-json\/wp\/v2\/posts\/3771\/revisions"}],"predecessor-version":[{"id":14798,"href":"https:\/\/www.ceibcn.com\/ca\/wp-json\/wp\/v2\/posts\/3771\/revisions\/14798"}],"wp:featuredmedia":[{"embeddable":true,"href":"https:\/\/www.ceibcn.com\/ca\/wp-json\/wp\/v2\/media\/3752"}],"wp:attachment":[{"href":"https:\/\/www.ceibcn.com\/ca\/wp-json\/wp\/v2\/media?parent=3771"}],"wp:term":[{"taxonomy":"category","embeddable":true,"href":"https:\/\/www.ceibcn.com\/ca\/wp-json\/wp\/v2\/categories?post=3771"},{"taxonomy":"post_tag","embeddable":true,"href":"https:\/\/www.ceibcn.com\/ca\/wp-json\/wp\/v2\/tags?post=3771"}],"curies":[{"name":"wp","href":"https:\/\/api.w.org\/{rel}","templated":true}]}}