{"id":38078,"date":"2026-04-16T17:00:07","date_gmt":"2026-04-16T15:00:07","guid":{"rendered":"https:\/\/www.ceibcn.com\/2026\/04\/aula-internacional-con-el-embajador-de-espana-en-kenia\/"},"modified":"2026-04-21T13:27:02","modified_gmt":"2026-04-21T11:27:02","slug":"aula-internacional-con-el-embajador-de-espana-en-kenia","status":"publish","type":"post","link":"https:\/\/www.ceibcn.com\/ca\/2026\/04\/aula-internacional-con-el-embajador-de-espana-en-kenia\/","title":{"rendered":"Aula Internacional amb l\u2019Ambaixador d\u2019Espanya a Kenya"},"content":{"rendered":"\n<p class=\"wp-block-paragraph\">Aquest mat\u00ed, el CEI ha acollit una nova sessi\u00f3 d\u2019<strong>Aula Internacional<\/strong>, l\u2019espai de refer\u00e8ncia per impulsar la col\u00b7laboraci\u00f3, el di\u00e0leg i la generaci\u00f3 d\u2019oportunitats entre representants diplom\u00e0tics, empreses i institucions municipals.<\/p>\n\n\n\n<div style=\"height:21px\" aria-hidden=\"true\" class=\"wp-block-spacer\"><\/div>\n\n\n\n<p class=\"wp-block-paragraph\">En aquesta ocasi\u00f3, la trobada ha adoptat el format d\u2019esmorzar-col\u00b7loqui amb el Sr. <strong>Jaime Moreno Bau<\/strong>, ambaixador d\u2019Espanya a Kenya \u2014amb acreditaci\u00f3 tamb\u00e9 a Uganda i Som\u00e0lia\u2014. La sessi\u00f3 ha estat inaugurada pel Sr. <strong>Joaquim Llimona<\/strong>, director del CEI, i el Sr. <strong>Jordi Colgan<\/strong>, director general de Diplom\u00e0cia Econ\u00f2mica del Ministeri d\u2019Afers Exteriors, Uni\u00f3 Europea i Cooperaci\u00f3.<\/p>\n\n\n\n<div style=\"height:23px\" aria-hidden=\"true\" class=\"wp-block-spacer\"><\/div>\n\n\n\n<figure class=\"wp-block-gallery has-nested-images columns-default is-cropped wp-block-gallery-1 is-layout-flex wp-block-gallery-is-layout-flex\">\n<figure class=\"wp-block-image size-large\"><img fetchpriority=\"high\" decoding=\"async\" width=\"1800\" height=\"828\" data-id=\"38071\" src=\"https:\/\/www.ceibcn.com\/wp-content\/uploads\/2026\/04\/Diseno-sin-titulo-1800x828.jpg\" alt=\"\" class=\"wp-image-38071\"\/><\/figure>\n\n\n\n<figure class=\"wp-block-image size-large\"><img decoding=\"async\" width=\"1800\" height=\"828\" data-id=\"38067\" src=\"https:\/\/www.ceibcn.com\/wp-content\/uploads\/2026\/04\/correcta-3-1800x828.jpg\" alt=\"\" class=\"wp-image-38067\"\/><\/figure>\n\n\n\n<figure class=\"wp-block-image size-large\"><img decoding=\"async\" width=\"1800\" height=\"828\" data-id=\"38069\" src=\"https:\/\/www.ceibcn.com\/wp-content\/uploads\/2026\/04\/correcta-2-1800x828.jpg\" alt=\"\" class=\"wp-image-38069\"\/><\/figure>\n<\/figure>\n\n\n\n<div style=\"height:23px\" aria-hidden=\"true\" class=\"wp-block-spacer\"><\/div>\n\n\n\n<p class=\"wp-block-paragraph\">Durant el col\u00b7loqui, els membres de l\u2019<a href=\"https:\/\/www.ceibcn.com\/ca\/executive-club\/\">Executive Club<\/a> han pogut con\u00e8ixer de primera m\u00e0 la <strong>creixent rellev\u00e0ncia de Nairobi<\/strong> com a hub estrat\u00e8gic a l\u2019\u00c0frica Oriental, aix\u00ed com les principals claus per enfortir les <strong>relacions comercials <\/strong>i<strong> institucionals<\/strong> entre Espanya i Kenya.<\/p>\n\n\n\n<div style=\"height:23px\" aria-hidden=\"true\" class=\"wp-block-spacer\"><\/div>\n\n\n\n<p class=\"wp-block-paragraph\">Aix\u00ed mateix, s\u2019ha posat en valor el paper de Kenya com a <strong>soci prioritari<\/strong> tant per a la Uni\u00f3 Europea com per a Espanya, destacant la seva estabilitat pol\u00edtica i el seu dinamisme econ\u00f2mic com a factors clau en el desenvolupament de la regi\u00f3.<\/p>\n\n\n\n<div style=\"height:23px\" aria-hidden=\"true\" class=\"wp-block-spacer\"><\/div>\n\n\n\n<p class=\"wp-block-paragraph\">La trobada ha perm\u00e8s apropar a l\u2019Executive Club les <strong>oportunitats <\/strong>que ofereix el pa\u00eds, especialment en sectors com les infraestructures, la tecnologia agroaliment\u00e0ria i l\u2019energia.<\/p>\n\n\n\n<div style=\"height:61px\" aria-hidden=\"true\" class=\"wp-block-spacer\"><\/div>\n","protected":false},"excerpt":{"rendered":"<p>Aula Internacional amb el Sr. Jaime Moreno Bau, Ambaixador d&#8217;Espanya a Kenya, per a con\u00e8ixer la rellev\u00e0ncia de Nairobi com a hub estrat\u00e8gic.<\/p>\n","protected":false},"author":11,"featured_media":0,"comment_status":"open","ping_status":"closed","sticky":false,"template":"","format":"standard","meta":{"_acf_changed":false,"_crdt_document":"","inline_featured_image":false,"footnotes":""},"categories":[121],"tags":[2088],"class_list":["post-38078","post","type-post","status-publish","format-standard","hentry","category-noticies","tag-aula-internacional"],"acf":[],"yoast_head":"<!-- This site is optimized with the Yoast SEO plugin v27.0 - https:\/\/yoast.com\/product\/yoast-seo-wordpress\/ -->\n<title>Aula Internacional amb l\u2019Ambaixador d\u2019Espanya a Kenya - CEI International Affairs<\/title>\n<meta name=\"robots\" content=\"index, follow, max-snippet:-1, max-image-preview:large, max-video-preview:-1\" \/>\n<link rel=\"canonical\" href=\"https:\/\/www.ceibcn.com\/ca\/2026\/04\/aula-internacional-con-el-embajador-de-espana-en-kenia\/\" \/>\n<meta property=\"og:locale\" content=\"ca_ES\" \/>\n<meta property=\"og:type\" content=\"article\" \/>\n<meta property=\"og:title\" content=\"Aula Internacional amb l\u2019Ambaixador d\u2019Espanya a Kenya - CEI International Affairs\" \/>\n<meta property=\"og:description\" content=\"Aula Internacional amb el Sr. Jaime Moreno Bau, Ambaixador d&#039;Espanya a Kenya, per a con\u00e8ixer la rellev\u00e0ncia de Nairobi com a hub estrat\u00e8gic.\" \/>\n<meta property=\"og:url\" content=\"https:\/\/www.ceibcn.com\/ca\/2026\/04\/aula-internacional-con-el-embajador-de-espana-en-kenia\/\" \/>\n<meta property=\"og:site_name\" content=\"CEI International Affairs\" \/>\n<meta property=\"article:publisher\" content=\"https:\/\/www.facebook.com\/CEI.CentroDeEstudiosInternacionales\/\" \/>\n<meta property=\"article:published_time\" content=\"2026-04-16T15:00:07+00:00\" \/>\n<meta property=\"article:modified_time\" content=\"2026-04-21T11:27:02+00:00\" \/>\n<meta property=\"og:image\" content=\"https:\/\/www.ceibcn.com\/wp-content\/uploads\/2026\/04\/Diseno-sin-titulo.jpg\" \/>\n\t<meta property=\"og:image:width\" content=\"1920\" \/>\n\t<meta property=\"og:image:height\" content=\"1080\" \/>\n\t<meta property=\"og:image:type\" content=\"image\/jpeg\" \/>\n<meta name=\"author\" content=\"Carla V\u00e1zquez Moreno\" \/>\n<meta name=\"twitter:card\" content=\"summary_large_image\" \/>\n<meta name=\"twitter:creator\" content=\"@CEIbcn\" \/>\n<meta name=\"twitter:site\" content=\"@CEIbcn\" \/>\n<meta name=\"twitter:label1\" content=\"Escrit per\" \/>\n\t<meta name=\"twitter:data1\" content=\"Carla V\u00e1zquez Moreno\" \/>\n\t<meta name=\"twitter:label2\" content=\"Temps estimat de lectura\" \/>\n\t<meta name=\"twitter:data2\" content=\"2 minuts\" \/>\n<script type=\"application\/ld+json\" class=\"yoast-schema-graph\">{\"@context\":\"https:\/\/schema.org\",\"@graph\":[{\"@type\":\"Article\",\"@id\":\"https:\/\/www.ceibcn.com\/ca\/2026\/04\/aula-internacional-con-el-embajador-de-espana-en-kenia\/#article\",\"isPartOf\":{\"@id\":\"https:\/\/www.ceibcn.com\/ca\/2026\/04\/aula-internacional-con-el-embajador-de-espana-en-kenia\/\"},\"author\":{\"name\":\"Carla V\u00e1zquez Moreno\",\"@id\":\"https:\/\/www.ceibcn.com\/ca\/#\/schema\/person\/ade8c52628f010f149da9031432f538d\"},\"headline\":\"Aula Internacional amb l\u2019Ambaixador d\u2019Espanya a Kenya\",\"datePublished\":\"2026-04-16T15:00:07+00:00\",\"dateModified\":\"2026-04-21T11:27:02+00:00\",\"mainEntityOfPage\":{\"@id\":\"https:\/\/www.ceibcn.com\/ca\/2026\/04\/aula-internacional-con-el-embajador-de-espana-en-kenia\/\"},\"wordCount\":236,\"commentCount\":0,\"publisher\":{\"@id\":\"https:\/\/www.ceibcn.com\/ca\/#organization\"},\"image\":{\"@id\":\"https:\/\/www.ceibcn.com\/ca\/2026\/04\/aula-internacional-con-el-embajador-de-espana-en-kenia\/#primaryimage\"},\"thumbnailUrl\":\"https:\/\/www.ceibcn.com\/wp-content\/uploads\/2026\/04\/Diseno-sin-titulo-1800x828.jpg\",\"keywords\":[\"Aula internacional\"],\"articleSection\":[\"Not\u00edcies\"],\"inLanguage\":\"ca\",\"potentialAction\":[{\"@type\":\"CommentAction\",\"name\":\"Comment\",\"target\":[\"https:\/\/www.ceibcn.com\/ca\/2026\/04\/aula-internacional-con-el-embajador-de-espana-en-kenia\/#respond\"]}]},{\"@type\":\"WebPage\",\"@id\":\"https:\/\/www.ceibcn.com\/ca\/2026\/04\/aula-internacional-con-el-embajador-de-espana-en-kenia\/\",\"url\":\"https:\/\/www.ceibcn.com\/ca\/2026\/04\/aula-internacional-con-el-embajador-de-espana-en-kenia\/\",\"name\":\"Aula Internacional amb l\u2019Ambaixador d\u2019Espanya a Kenya - CEI International Affairs\",\"isPartOf\":{\"@id\":\"https:\/\/www.ceibcn.com\/ca\/#website\"},\"primaryImageOfPage\":{\"@id\":\"https:\/\/www.ceibcn.com\/ca\/2026\/04\/aula-internacional-con-el-embajador-de-espana-en-kenia\/#primaryimage\"},\"image\":{\"@id\":\"https:\/\/www.ceibcn.com\/ca\/2026\/04\/aula-internacional-con-el-embajador-de-espana-en-kenia\/#primaryimage\"},\"thumbnailUrl\":\"https:\/\/www.ceibcn.com\/wp-content\/uploads\/2026\/04\/Diseno-sin-titulo-1800x828.jpg\",\"datePublished\":\"2026-04-16T15:00:07+00:00\",\"dateModified\":\"2026-04-21T11:27:02+00:00\",\"breadcrumb\":{\"@id\":\"https:\/\/www.ceibcn.com\/ca\/2026\/04\/aula-internacional-con-el-embajador-de-espana-en-kenia\/#breadcrumb\"},\"inLanguage\":\"ca\",\"potentialAction\":[{\"@type\":\"ReadAction\",\"target\":[\"https:\/\/www.ceibcn.com\/ca\/2026\/04\/aula-internacional-con-el-embajador-de-espana-en-kenia\/\"]}]},{\"@type\":\"ImageObject\",\"inLanguage\":\"ca\",\"@id\":\"https:\/\/www.ceibcn.com\/ca\/2026\/04\/aula-internacional-con-el-embajador-de-espana-en-kenia\/#primaryimage\",\"url\":\"https:\/\/www.ceibcn.com\/wp-content\/uploads\/2026\/04\/Diseno-sin-titulo-1800x828.jpg\",\"contentUrl\":\"https:\/\/www.ceibcn.com\/wp-content\/uploads\/2026\/04\/Diseno-sin-titulo-1800x828.jpg\"},{\"@type\":\"BreadcrumbList\",\"@id\":\"https:\/\/www.ceibcn.com\/ca\/2026\/04\/aula-internacional-con-el-embajador-de-espana-en-kenia\/#breadcrumb\",\"itemListElement\":[{\"@type\":\"ListItem\",\"position\":1,\"name\":\"Portada\",\"item\":\"https:\/\/www.ceibcn.com\/ca\/\"},{\"@type\":\"ListItem\",\"position\":2,\"name\":\"Aula Internacional amb l\u2019Ambaixador d\u2019Espanya a Kenya\"}]},{\"@type\":\"WebSite\",\"@id\":\"https:\/\/www.ceibcn.com\/ca\/#website\",\"url\":\"https:\/\/www.ceibcn.com\/ca\/\",\"name\":\"CEI International Affairs\",\"description\":\"CEI International Affairs\",\"publisher\":{\"@id\":\"https:\/\/www.ceibcn.com\/ca\/#organization\"},\"alternateName\":\"CEI International Affairs\",\"potentialAction\":[{\"@type\":\"SearchAction\",\"target\":{\"@type\":\"EntryPoint\",\"urlTemplate\":\"https:\/\/www.ceibcn.com\/ca\/?s={search_term_string}\"},\"query-input\":{\"@type\":\"PropertyValueSpecification\",\"valueRequired\":true,\"valueName\":\"search_term_string\"}}],\"inLanguage\":\"ca\"},{\"@type\":\"Organization\",\"@id\":\"https:\/\/www.ceibcn.com\/ca\/#organization\",\"name\":\"CEI International Affairs\",\"url\":\"https:\/\/www.ceibcn.com\/ca\/\",\"logo\":{\"@type\":\"ImageObject\",\"inLanguage\":\"ca\",\"@id\":\"https:\/\/www.ceibcn.com\/ca\/#\/schema\/logo\/image\/\",\"url\":\"https:\/\/www.ceibcn.com\/wp-content\/uploads\/2021\/09\/CeiLogo_EscuelaDiploVectorized_vectorizedSIN_FONDO.png\",\"contentUrl\":\"https:\/\/www.ceibcn.com\/wp-content\/uploads\/2021\/09\/CeiLogo_EscuelaDiploVectorized_vectorizedSIN_FONDO.png\",\"width\":1591,\"height\":629,\"caption\":\"CEI International Affairs\"},\"image\":{\"@id\":\"https:\/\/www.ceibcn.com\/ca\/#\/schema\/logo\/image\/\"},\"sameAs\":[\"https:\/\/www.facebook.com\/CEI.CentroDeEstudiosInternacionales\/\",\"https:\/\/x.com\/CEIbcn\",\"https:\/\/www.instagram.com\/cei_international\/\"]},{\"@type\":\"Person\",\"@id\":\"https:\/\/www.ceibcn.com\/ca\/#\/schema\/person\/ade8c52628f010f149da9031432f538d\",\"name\":\"Carla V\u00e1zquez Moreno\",\"image\":{\"@type\":\"ImageObject\",\"inLanguage\":\"ca\",\"@id\":\"https:\/\/www.ceibcn.com\/ca\/#\/schema\/person\/image\/\",\"url\":\"https:\/\/secure.gravatar.com\/avatar\/07396995718186c2b1a2f071ca87cd80143e420274dfd37126595cdd5bbc2e0c?s=96&d=mm&r=g\",\"contentUrl\":\"https:\/\/secure.gravatar.com\/avatar\/07396995718186c2b1a2f071ca87cd80143e420274dfd37126595cdd5bbc2e0c?s=96&d=mm&r=g\",\"caption\":\"Carla V\u00e1zquez Moreno\"},\"url\":\"https:\/\/www.ceibcn.com\/ca\/author\/carla\/\"}]}<\/script>\n<!-- \/ Yoast SEO plugin. -->","yoast_head_json":{"title":"Aula Internacional amb l\u2019Ambaixador d\u2019Espanya a Kenya - CEI International Affairs","robots":{"index":"index","follow":"follow","max-snippet":"max-snippet:-1","max-image-preview":"max-image-preview:large","max-video-preview":"max-video-preview:-1"},"canonical":"https:\/\/www.ceibcn.com\/ca\/2026\/04\/aula-internacional-con-el-embajador-de-espana-en-kenia\/","og_locale":"ca_ES","og_type":"article","og_title":"Aula Internacional amb l\u2019Ambaixador d\u2019Espanya a Kenya - CEI International Affairs","og_description":"Aula Internacional amb el Sr. Jaime Moreno Bau, Ambaixador d'Espanya a Kenya, per a con\u00e8ixer la rellev\u00e0ncia de Nairobi com a hub estrat\u00e8gic.","og_url":"https:\/\/www.ceibcn.com\/ca\/2026\/04\/aula-internacional-con-el-embajador-de-espana-en-kenia\/","og_site_name":"CEI International Affairs","article_publisher":"https:\/\/www.facebook.com\/CEI.CentroDeEstudiosInternacionales\/","article_published_time":"2026-04-16T15:00:07+00:00","article_modified_time":"2026-04-21T11:27:02+00:00","og_image":[{"width":1920,"height":1080,"url":"https:\/\/www.ceibcn.com\/wp-content\/uploads\/2026\/04\/Diseno-sin-titulo.jpg","type":"image\/jpeg"}],"author":"Carla V\u00e1zquez Moreno","twitter_card":"summary_large_image","twitter_creator":"@CEIbcn","twitter_site":"@CEIbcn","twitter_misc":{"Escrit per":"Carla V\u00e1zquez Moreno","Temps estimat de lectura":"2 minuts"},"schema":{"@context":"https:\/\/schema.org","@graph":[{"@type":"Article","@id":"https:\/\/www.ceibcn.com\/ca\/2026\/04\/aula-internacional-con-el-embajador-de-espana-en-kenia\/#article","isPartOf":{"@id":"https:\/\/www.ceibcn.com\/ca\/2026\/04\/aula-internacional-con-el-embajador-de-espana-en-kenia\/"},"author":{"name":"Carla V\u00e1zquez Moreno","@id":"https:\/\/www.ceibcn.com\/ca\/#\/schema\/person\/ade8c52628f010f149da9031432f538d"},"headline":"Aula Internacional amb l\u2019Ambaixador d\u2019Espanya a Kenya","datePublished":"2026-04-16T15:00:07+00:00","dateModified":"2026-04-21T11:27:02+00:00","mainEntityOfPage":{"@id":"https:\/\/www.ceibcn.com\/ca\/2026\/04\/aula-internacional-con-el-embajador-de-espana-en-kenia\/"},"wordCount":236,"commentCount":0,"publisher":{"@id":"https:\/\/www.ceibcn.com\/ca\/#organization"},"image":{"@id":"https:\/\/www.ceibcn.com\/ca\/2026\/04\/aula-internacional-con-el-embajador-de-espana-en-kenia\/#primaryimage"},"thumbnailUrl":"https:\/\/www.ceibcn.com\/wp-content\/uploads\/2026\/04\/Diseno-sin-titulo-1800x828.jpg","keywords":["Aula internacional"],"articleSection":["Not\u00edcies"],"inLanguage":"ca","potentialAction":[{"@type":"CommentAction","name":"Comment","target":["https:\/\/www.ceibcn.com\/ca\/2026\/04\/aula-internacional-con-el-embajador-de-espana-en-kenia\/#respond"]}]},{"@type":"WebPage","@id":"https:\/\/www.ceibcn.com\/ca\/2026\/04\/aula-internacional-con-el-embajador-de-espana-en-kenia\/","url":"https:\/\/www.ceibcn.com\/ca\/2026\/04\/aula-internacional-con-el-embajador-de-espana-en-kenia\/","name":"Aula Internacional amb l\u2019Ambaixador d\u2019Espanya a Kenya - CEI International Affairs","isPartOf":{"@id":"https:\/\/www.ceibcn.com\/ca\/#website"},"primaryImageOfPage":{"@id":"https:\/\/www.ceibcn.com\/ca\/2026\/04\/aula-internacional-con-el-embajador-de-espana-en-kenia\/#primaryimage"},"image":{"@id":"https:\/\/www.ceibcn.com\/ca\/2026\/04\/aula-internacional-con-el-embajador-de-espana-en-kenia\/#primaryimage"},"thumbnailUrl":"https:\/\/www.ceibcn.com\/wp-content\/uploads\/2026\/04\/Diseno-sin-titulo-1800x828.jpg","datePublished":"2026-04-16T15:00:07+00:00","dateModified":"2026-04-21T11:27:02+00:00","breadcrumb":{"@id":"https:\/\/www.ceibcn.com\/ca\/2026\/04\/aula-internacional-con-el-embajador-de-espana-en-kenia\/#breadcrumb"},"inLanguage":"ca","potentialAction":[{"@type":"ReadAction","target":["https:\/\/www.ceibcn.com\/ca\/2026\/04\/aula-internacional-con-el-embajador-de-espana-en-kenia\/"]}]},{"@type":"ImageObject","inLanguage":"ca","@id":"https:\/\/www.ceibcn.com\/ca\/2026\/04\/aula-internacional-con-el-embajador-de-espana-en-kenia\/#primaryimage","url":"https:\/\/www.ceibcn.com\/wp-content\/uploads\/2026\/04\/Diseno-sin-titulo-1800x828.jpg","contentUrl":"https:\/\/www.ceibcn.com\/wp-content\/uploads\/2026\/04\/Diseno-sin-titulo-1800x828.jpg"},{"@type":"BreadcrumbList","@id":"https:\/\/www.ceibcn.com\/ca\/2026\/04\/aula-internacional-con-el-embajador-de-espana-en-kenia\/#breadcrumb","itemListElement":[{"@type":"ListItem","position":1,"name":"Portada","item":"https:\/\/www.ceibcn.com\/ca\/"},{"@type":"ListItem","position":2,"name":"Aula Internacional amb l\u2019Ambaixador d\u2019Espanya a Kenya"}]},{"@type":"WebSite","@id":"https:\/\/www.ceibcn.com\/ca\/#website","url":"https:\/\/www.ceibcn.com\/ca\/","name":"CEI International Affairs","description":"CEI International Affairs","publisher":{"@id":"https:\/\/www.ceibcn.com\/ca\/#organization"},"alternateName":"CEI International Affairs","potentialAction":[{"@type":"SearchAction","target":{"@type":"EntryPoint","urlTemplate":"https:\/\/www.ceibcn.com\/ca\/?s={search_term_string}"},"query-input":{"@type":"PropertyValueSpecification","valueRequired":true,"valueName":"search_term_string"}}],"inLanguage":"ca"},{"@type":"Organization","@id":"https:\/\/www.ceibcn.com\/ca\/#organization","name":"CEI International Affairs","url":"https:\/\/www.ceibcn.com\/ca\/","logo":{"@type":"ImageObject","inLanguage":"ca","@id":"https:\/\/www.ceibcn.com\/ca\/#\/schema\/logo\/image\/","url":"https:\/\/www.ceibcn.com\/wp-content\/uploads\/2021\/09\/CeiLogo_EscuelaDiploVectorized_vectorizedSIN_FONDO.png","contentUrl":"https:\/\/www.ceibcn.com\/wp-content\/uploads\/2021\/09\/CeiLogo_EscuelaDiploVectorized_vectorizedSIN_FONDO.png","width":1591,"height":629,"caption":"CEI International Affairs"},"image":{"@id":"https:\/\/www.ceibcn.com\/ca\/#\/schema\/logo\/image\/"},"sameAs":["https:\/\/www.facebook.com\/CEI.CentroDeEstudiosInternacionales\/","https:\/\/x.com\/CEIbcn","https:\/\/www.instagram.com\/cei_international\/"]},{"@type":"Person","@id":"https:\/\/www.ceibcn.com\/ca\/#\/schema\/person\/ade8c52628f010f149da9031432f538d","name":"Carla V\u00e1zquez Moreno","image":{"@type":"ImageObject","inLanguage":"ca","@id":"https:\/\/www.ceibcn.com\/ca\/#\/schema\/person\/image\/","url":"https:\/\/secure.gravatar.com\/avatar\/07396995718186c2b1a2f071ca87cd80143e420274dfd37126595cdd5bbc2e0c?s=96&d=mm&r=g","contentUrl":"https:\/\/secure.gravatar.com\/avatar\/07396995718186c2b1a2f071ca87cd80143e420274dfd37126595cdd5bbc2e0c?s=96&d=mm&r=g","caption":"Carla V\u00e1zquez Moreno"},"url":"https:\/\/www.ceibcn.com\/ca\/author\/carla\/"}]}},"_links":{"self":[{"href":"https:\/\/www.ceibcn.com\/ca\/wp-json\/wp\/v2\/posts\/38078","targetHints":{"allow":["GET"]}}],"collection":[{"href":"https:\/\/www.ceibcn.com\/ca\/wp-json\/wp\/v2\/posts"}],"about":[{"href":"https:\/\/www.ceibcn.com\/ca\/wp-json\/wp\/v2\/types\/post"}],"author":[{"embeddable":true,"href":"https:\/\/www.ceibcn.com\/ca\/wp-json\/wp\/v2\/users\/11"}],"replies":[{"embeddable":true,"href":"https:\/\/www.ceibcn.com\/ca\/wp-json\/wp\/v2\/comments?post=38078"}],"version-history":[{"count":1,"href":"https:\/\/www.ceibcn.com\/ca\/wp-json\/wp\/v2\/posts\/38078\/revisions"}],"predecessor-version":[{"id":38084,"href":"https:\/\/www.ceibcn.com\/ca\/wp-json\/wp\/v2\/posts\/38078\/revisions\/38084"}],"wp:attachment":[{"href":"https:\/\/www.ceibcn.com\/ca\/wp-json\/wp\/v2\/media?parent=38078"}],"wp:term":[{"taxonomy":"category","embeddable":true,"href":"https:\/\/www.ceibcn.com\/ca\/wp-json\/wp\/v2\/categories?post=38078"},{"taxonomy":"post_tag","embeddable":true,"href":"https:\/\/www.ceibcn.com\/ca\/wp-json\/wp\/v2\/tags?post=38078"}],"curies":[{"name":"wp","href":"https:\/\/api.w.org\/{rel}","templated":true}]}}