{"id":3825,"date":"2021-09-14T14:22:09","date_gmt":"2021-09-14T12:22:09","guid":{"rendered":"https:\/\/www.ceibcn.com\/2021\/09\/seminari-desigualtat-i-globalitzacio-a-l-era-post-covid\/"},"modified":"2023-04-24T10:32:33","modified_gmt":"2023-04-24T08:32:33","slug":"seminari-desigualtat-i-globalitzacio-a-l-era-post-covid","status":"publish","type":"post","link":"https:\/\/www.ceibcn.com\/ca\/2021\/09\/seminari-desigualtat-i-globalitzacio-a-l-era-post-covid\/","title":{"rendered":"SEMINARI &#8220;Desigualtat i Globalitzaci\u00f3 a l&#8217;era post-covid&#8221;"},"content":{"rendered":"<p style=\"text-align: center;\">SEMINARI&nbsp;<\/p>\n<p style=\"text-align: center;\"><strong>DESIGUALTAT I GLOBALITZACI\u00d3 A L&#8217;ERA POST-COVID&nbsp;<\/strong><\/p>\n<p style=\"text-align: center;\"><strong>Organitzaci\u00f3: CEI International Affairs&nbsp;<\/strong><\/p>\n<p style=\"text-align: center;\"><strong>Amb la col\u00b7laboraci\u00f3 de: M\u00e0ster Internacionalitzaci\u00f3 UB &#8211; M\u00e0ster Mercats Financers UB, Fundaci\u00f3 \u201cla Caixa\u201d<\/strong><\/p>\n<p style=\"text-align: center;\"><strong>Data: Divendres, 15 d&#8217;octubre de 2021&nbsp;<\/strong><\/p>\n<p style=\"text-align: center;\"><strong>Lloc: Palau Macaya (Passeig Sant Joan, 108 &#8211; Barcelona)<\/strong><\/p>\n<p>La crisi del coronavirus ha catalitzat tensions pr\u00e8viament existents, que inclouen els reptes interconnectats entre recels cap a la globalitzaci\u00f3, desigualtats amb impacte sobre friccions socials i creixents evid\u00e8ncies de la magnitud dels problemes mediambientals, tot aix\u00f2 en un entorn de profunds canvis tecnol\u00f2gics a qu\u00e8 s&#8217;han d&#8217;afegir ara, en primer pla, els relatius a salut. La Covid-19 ha generat din\u00e0miques que amplien desigualtats, relacionades amb la desigual capacitat d&#8217;adaptaci\u00f3 a noves formes de treball, alhora que els poders p\u00fablics tracten d&#8217;estar a l&#8217;al\u00e7ada d&#8217;unes augmentades responsabilitats. Les din\u00e0miques &#8211; nacionals, regionals i globals &#8211; es veuen afectades per estes noves dimensions. S\u00f3n les refer\u00e8ncies a la necessitat d&#8217;un \u201cnou contracte social\u201d que sigui inclusiu, sostenible i global plantejaments voluntaristes o una via tan dif\u00edcil com necess\u00e0ria? \u00bfEn qu\u00e8 l\u00ednies i amb quin abast s&#8217;est\u00e0 avan\u00e7ant\u2026 o no?<\/p>\n<p><strong>PROGRAMA&nbsp;<\/strong><\/p>\n<p><strong>11 h.- 11:15 h.<\/strong> <strong>INAUGURACI\u00d3 DEL SEMINARI <\/strong><\/p>\n<p>&#8211;<strong> \u00c0ngel Pes<\/strong>, director del CEI International Affairs&nbsp;<\/p>\n<p>&#8211; <strong>Juan Tugores i Patricia Garc\u00eda-Dur\u00e1n<\/strong>, directors del Seminari<\/p>\n<p><strong>11:15 h. &#8211; 12:15 h. <\/strong><strong>TAULA REDONA: Desigualtat i globalitzaci\u00f3 a l&#8217;era postcovid<\/strong>&nbsp;<\/p>\n<p>&#8211; <strong>Margarita Delgado<\/strong>, subgovernadora del Banc d&#8217;Espanya&nbsp;<\/p>\n<p>&#8211;<strong> Robert Kissack<\/strong>, Cap d&#8217;Estudis i professor agregat de l&#8217;IBEI&nbsp;<\/p>\n<p>&#8211; <strong>N\u00faria Casamitjana<\/strong>, Directora de Formaci\u00f3 de l&#8217;Institut de Salut Global de Barcelona&nbsp;<\/p>\n<p><strong>Modera:<\/strong> Patricia Garc\u00eda-Dur\u00e1n i Juan Tugores&nbsp;<\/p>\n<p><strong>12:15 h. &#8211; 12:30 h.<\/strong><strong> DEBAT I CLOENDA DEL SEMINARI <\/strong><\/p>\n<p><strong>&nbsp;<\/strong><\/p>\n<p><strong>***<\/strong><\/p>\n<p>&nbsp;<\/p>\n<p><strong>INFORMACI\u00d3 GENERAL<\/strong><\/p>\n<p>&nbsp;<\/p>\n<p><strong>Data<\/strong>: 15 d&#8217;octubre de 2021<\/p>\n<p><strong>Modalitat<\/strong>: Presencial&nbsp; &#8211;&nbsp; Palau Macaya<\/p>\n<p><strong>Inscripci\u00f3<\/strong>: Per a assistir al Seminari \u00e9s imprescindible<a href=\"https:\/\/proticketing.com\/palaumacaya\/es_ES\/entradas\/evento\/23528\/session\/1340062\/select\"> inscriure&#8217;s aqu\u00ed.&nbsp;<\/a><\/p>\n<p><strong>&nbsp;<\/strong><\/p>\n<p><strong>&nbsp;<\/strong><\/p>\n<p><strong>&nbsp;<\/strong><\/p>\n","protected":false},"excerpt":{"rendered":"<p>SEMINARI&nbsp; DESIGUALTAT I GLOBALITZACI\u00d3 A L&#8217;ERA POST-COVID&nbsp; Organitzaci\u00f3: CEI International Affairs&nbsp; Amb la col\u00b7laboraci\u00f3 de: M\u00e0ster Internacionalitzaci\u00f3 UB &#8211; M\u00e0ster Mercats Financers UB, Fundaci\u00f3 \u201cla Caixa\u201d Data: Divendres, 15 d&#8217;octubre de 2021&nbsp; Lloc: Palau Macaya (Passeig Sant Joan, 108 &#8211; Barcelona) La crisi del coronavirus ha catalitzat tensions pr\u00e8viament existents, que inclouen els reptes interconnectats [&hellip;]<\/p>\n","protected":false},"author":6,"featured_media":0,"comment_status":"closed","ping_status":"closed","sticky":false,"template":"","format":"standard","meta":{"_acf_changed":false,"_crdt_document":"","inline_featured_image":false,"footnotes":""},"categories":[121],"tags":[],"class_list":["post-3825","post","type-post","status-publish","format-standard","hentry","category-noticies"],"acf":[],"yoast_head":"<!-- This site is optimized with the Yoast SEO plugin v27.0 - https:\/\/yoast.com\/product\/yoast-seo-wordpress\/ -->\n<title>SEMINARI &quot;Desigualtat i Globalitzaci\u00f3 a l&#039;era post-covid&quot; - CEI International Affairs<\/title>\n<meta name=\"robots\" content=\"index, follow, max-snippet:-1, max-image-preview:large, max-video-preview:-1\" \/>\n<link rel=\"canonical\" href=\"https:\/\/www.ceibcn.com\/ca\/2021\/09\/seminari-desigualtat-i-globalitzacio-a-l-era-post-covid\/\" \/>\n<meta property=\"og:locale\" content=\"ca_ES\" \/>\n<meta property=\"og:type\" content=\"article\" \/>\n<meta property=\"og:title\" content=\"SEMINARI &quot;Desigualtat i Globalitzaci\u00f3 a l&#039;era post-covid&quot; - CEI International Affairs\" \/>\n<meta property=\"og:description\" content=\"SEMINARI&nbsp; DESIGUALTAT I GLOBALITZACI\u00d3 A L&#8217;ERA POST-COVID&nbsp; Organitzaci\u00f3: CEI International Affairs&nbsp; Amb la col\u00b7laboraci\u00f3 de: M\u00e0ster Internacionalitzaci\u00f3 UB &#8211; M\u00e0ster Mercats Financers UB, Fundaci\u00f3 \u201cla Caixa\u201d Data: Divendres, 15 d&#8217;octubre de 2021&nbsp; Lloc: Palau Macaya (Passeig Sant Joan, 108 &#8211; Barcelona) La crisi del coronavirus ha catalitzat tensions pr\u00e8viament existents, que inclouen els reptes interconnectats [&hellip;]\" \/>\n<meta property=\"og:url\" content=\"https:\/\/www.ceibcn.com\/ca\/2021\/09\/seminari-desigualtat-i-globalitzacio-a-l-era-post-covid\/\" \/>\n<meta property=\"og:site_name\" content=\"CEI International Affairs\" \/>\n<meta property=\"article:publisher\" content=\"https:\/\/www.facebook.com\/CEI.CentroDeEstudiosInternacionales\/\" \/>\n<meta property=\"article:published_time\" content=\"2021-09-14T12:22:09+00:00\" \/>\n<meta property=\"article:modified_time\" content=\"2023-04-24T08:32:33+00:00\" \/>\n<meta property=\"og:image\" content=\"https:\/\/www.ceibcn.com\/wp-content\/uploads\/2023\/01\/Logo-CEI.png\" \/>\n\t<meta property=\"og:image:width\" content=\"500\" \/>\n\t<meta property=\"og:image:height\" content=\"500\" \/>\n\t<meta property=\"og:image:type\" content=\"image\/png\" \/>\n<meta name=\"author\" content=\"Cristian Romero Velasco\" \/>\n<meta name=\"twitter:card\" content=\"summary_large_image\" \/>\n<meta name=\"twitter:creator\" content=\"@CEIbcn\" \/>\n<meta name=\"twitter:site\" content=\"@CEIbcn\" \/>\n<meta name=\"twitter:label1\" content=\"Escrit per\" \/>\n\t<meta name=\"twitter:data1\" content=\"Cristian Romero Velasco\" \/>\n\t<meta name=\"twitter:label2\" content=\"Temps estimat de lectura\" \/>\n\t<meta name=\"twitter:data2\" content=\"2 minuts\" \/>\n<script type=\"application\/ld+json\" class=\"yoast-schema-graph\">{\"@context\":\"https:\/\/schema.org\",\"@graph\":[{\"@type\":\"Article\",\"@id\":\"https:\/\/www.ceibcn.com\/ca\/2021\/09\/seminari-desigualtat-i-globalitzacio-a-l-era-post-covid\/#article\",\"isPartOf\":{\"@id\":\"https:\/\/www.ceibcn.com\/ca\/2021\/09\/seminari-desigualtat-i-globalitzacio-a-l-era-post-covid\/\"},\"author\":{\"name\":\"Cristian Romero Velasco\",\"@id\":\"https:\/\/www.ceibcn.com\/ca\/#\/schema\/person\/4ef9992ee2fbd3987a5e1834e5d5808d\"},\"headline\":\"SEMINARI &#8220;Desigualtat i Globalitzaci\u00f3 a l&#8217;era post-covid&#8221;\",\"datePublished\":\"2021-09-14T12:22:09+00:00\",\"dateModified\":\"2023-04-24T08:32:33+00:00\",\"mainEntityOfPage\":{\"@id\":\"https:\/\/www.ceibcn.com\/ca\/2021\/09\/seminari-desigualtat-i-globalitzacio-a-l-era-post-covid\/\"},\"wordCount\":341,\"publisher\":{\"@id\":\"https:\/\/www.ceibcn.com\/ca\/#organization\"},\"articleSection\":[\"Not\u00edcies\"],\"inLanguage\":\"ca\"},{\"@type\":\"WebPage\",\"@id\":\"https:\/\/www.ceibcn.com\/ca\/2021\/09\/seminari-desigualtat-i-globalitzacio-a-l-era-post-covid\/\",\"url\":\"https:\/\/www.ceibcn.com\/ca\/2021\/09\/seminari-desigualtat-i-globalitzacio-a-l-era-post-covid\/\",\"name\":\"SEMINARI \\\"Desigualtat i Globalitzaci\u00f3 a l'era post-covid\\\" - CEI International Affairs\",\"isPartOf\":{\"@id\":\"https:\/\/www.ceibcn.com\/ca\/#website\"},\"datePublished\":\"2021-09-14T12:22:09+00:00\",\"dateModified\":\"2023-04-24T08:32:33+00:00\",\"breadcrumb\":{\"@id\":\"https:\/\/www.ceibcn.com\/ca\/2021\/09\/seminari-desigualtat-i-globalitzacio-a-l-era-post-covid\/#breadcrumb\"},\"inLanguage\":\"ca\",\"potentialAction\":[{\"@type\":\"ReadAction\",\"target\":[\"https:\/\/www.ceibcn.com\/ca\/2021\/09\/seminari-desigualtat-i-globalitzacio-a-l-era-post-covid\/\"]}]},{\"@type\":\"BreadcrumbList\",\"@id\":\"https:\/\/www.ceibcn.com\/ca\/2021\/09\/seminari-desigualtat-i-globalitzacio-a-l-era-post-covid\/#breadcrumb\",\"itemListElement\":[{\"@type\":\"ListItem\",\"position\":1,\"name\":\"Portada\",\"item\":\"https:\/\/www.ceibcn.com\/ca\/\"},{\"@type\":\"ListItem\",\"position\":2,\"name\":\"SEMINARI &#8220;Desigualtat i Globalitzaci\u00f3 a l&#8217;era post-covid&#8221;\"}]},{\"@type\":\"WebSite\",\"@id\":\"https:\/\/www.ceibcn.com\/ca\/#website\",\"url\":\"https:\/\/www.ceibcn.com\/ca\/\",\"name\":\"CEI International Affairs\",\"description\":\"CEI International Affairs\",\"publisher\":{\"@id\":\"https:\/\/www.ceibcn.com\/ca\/#organization\"},\"alternateName\":\"CEI International Affairs\",\"potentialAction\":[{\"@type\":\"SearchAction\",\"target\":{\"@type\":\"EntryPoint\",\"urlTemplate\":\"https:\/\/www.ceibcn.com\/ca\/?s={search_term_string}\"},\"query-input\":{\"@type\":\"PropertyValueSpecification\",\"valueRequired\":true,\"valueName\":\"search_term_string\"}}],\"inLanguage\":\"ca\"},{\"@type\":\"Organization\",\"@id\":\"https:\/\/www.ceibcn.com\/ca\/#organization\",\"name\":\"CEI International Affairs\",\"url\":\"https:\/\/www.ceibcn.com\/ca\/\",\"logo\":{\"@type\":\"ImageObject\",\"inLanguage\":\"ca\",\"@id\":\"https:\/\/www.ceibcn.com\/ca\/#\/schema\/logo\/image\/\",\"url\":\"https:\/\/www.ceibcn.com\/wp-content\/uploads\/2021\/09\/CeiLogo_EscuelaDiploVectorized_vectorizedSIN_FONDO.png\",\"contentUrl\":\"https:\/\/www.ceibcn.com\/wp-content\/uploads\/2021\/09\/CeiLogo_EscuelaDiploVectorized_vectorizedSIN_FONDO.png\",\"width\":1591,\"height\":629,\"caption\":\"CEI International Affairs\"},\"image\":{\"@id\":\"https:\/\/www.ceibcn.com\/ca\/#\/schema\/logo\/image\/\"},\"sameAs\":[\"https:\/\/www.facebook.com\/CEI.CentroDeEstudiosInternacionales\/\",\"https:\/\/x.com\/CEIbcn\",\"https:\/\/www.instagram.com\/cei_international\/\"]},{\"@type\":\"Person\",\"@id\":\"https:\/\/www.ceibcn.com\/ca\/#\/schema\/person\/4ef9992ee2fbd3987a5e1834e5d5808d\",\"name\":\"Cristian Romero Velasco\",\"image\":{\"@type\":\"ImageObject\",\"inLanguage\":\"ca\",\"@id\":\"https:\/\/www.ceibcn.com\/ca\/#\/schema\/person\/image\/\",\"url\":\"https:\/\/secure.gravatar.com\/avatar\/d78c33ad7f1570635ae9c9cb6274fe682bd5872dfde7a5448127d7825dd90943?s=96&d=mm&r=g\",\"contentUrl\":\"https:\/\/secure.gravatar.com\/avatar\/d78c33ad7f1570635ae9c9cb6274fe682bd5872dfde7a5448127d7825dd90943?s=96&d=mm&r=g\",\"caption\":\"Cristian Romero Velasco\"},\"url\":\"https:\/\/www.ceibcn.com\/ca\/author\/cristian\/\"}]}<\/script>\n<!-- \/ Yoast SEO plugin. -->","yoast_head_json":{"title":"SEMINARI \"Desigualtat i Globalitzaci\u00f3 a l'era post-covid\" - CEI International Affairs","robots":{"index":"index","follow":"follow","max-snippet":"max-snippet:-1","max-image-preview":"max-image-preview:large","max-video-preview":"max-video-preview:-1"},"canonical":"https:\/\/www.ceibcn.com\/ca\/2021\/09\/seminari-desigualtat-i-globalitzacio-a-l-era-post-covid\/","og_locale":"ca_ES","og_type":"article","og_title":"SEMINARI \"Desigualtat i Globalitzaci\u00f3 a l'era post-covid\" - CEI International Affairs","og_description":"SEMINARI&nbsp; DESIGUALTAT I GLOBALITZACI\u00d3 A L&#8217;ERA POST-COVID&nbsp; Organitzaci\u00f3: CEI International Affairs&nbsp; Amb la col\u00b7laboraci\u00f3 de: M\u00e0ster Internacionalitzaci\u00f3 UB &#8211; M\u00e0ster Mercats Financers UB, Fundaci\u00f3 \u201cla Caixa\u201d Data: Divendres, 15 d&#8217;octubre de 2021&nbsp; Lloc: Palau Macaya (Passeig Sant Joan, 108 &#8211; Barcelona) La crisi del coronavirus ha catalitzat tensions pr\u00e8viament existents, que inclouen els reptes interconnectats [&hellip;]","og_url":"https:\/\/www.ceibcn.com\/ca\/2021\/09\/seminari-desigualtat-i-globalitzacio-a-l-era-post-covid\/","og_site_name":"CEI International Affairs","article_publisher":"https:\/\/www.facebook.com\/CEI.CentroDeEstudiosInternacionales\/","article_published_time":"2021-09-14T12:22:09+00:00","article_modified_time":"2023-04-24T08:32:33+00:00","og_image":[{"width":500,"height":500,"url":"https:\/\/www.ceibcn.com\/wp-content\/uploads\/2023\/01\/Logo-CEI.png","type":"image\/png"}],"author":"Cristian Romero Velasco","twitter_card":"summary_large_image","twitter_creator":"@CEIbcn","twitter_site":"@CEIbcn","twitter_misc":{"Escrit per":"Cristian Romero Velasco","Temps estimat de lectura":"2 minuts"},"schema":{"@context":"https:\/\/schema.org","@graph":[{"@type":"Article","@id":"https:\/\/www.ceibcn.com\/ca\/2021\/09\/seminari-desigualtat-i-globalitzacio-a-l-era-post-covid\/#article","isPartOf":{"@id":"https:\/\/www.ceibcn.com\/ca\/2021\/09\/seminari-desigualtat-i-globalitzacio-a-l-era-post-covid\/"},"author":{"name":"Cristian Romero Velasco","@id":"https:\/\/www.ceibcn.com\/ca\/#\/schema\/person\/4ef9992ee2fbd3987a5e1834e5d5808d"},"headline":"SEMINARI &#8220;Desigualtat i Globalitzaci\u00f3 a l&#8217;era post-covid&#8221;","datePublished":"2021-09-14T12:22:09+00:00","dateModified":"2023-04-24T08:32:33+00:00","mainEntityOfPage":{"@id":"https:\/\/www.ceibcn.com\/ca\/2021\/09\/seminari-desigualtat-i-globalitzacio-a-l-era-post-covid\/"},"wordCount":341,"publisher":{"@id":"https:\/\/www.ceibcn.com\/ca\/#organization"},"articleSection":["Not\u00edcies"],"inLanguage":"ca"},{"@type":"WebPage","@id":"https:\/\/www.ceibcn.com\/ca\/2021\/09\/seminari-desigualtat-i-globalitzacio-a-l-era-post-covid\/","url":"https:\/\/www.ceibcn.com\/ca\/2021\/09\/seminari-desigualtat-i-globalitzacio-a-l-era-post-covid\/","name":"SEMINARI \"Desigualtat i Globalitzaci\u00f3 a l'era post-covid\" - CEI International Affairs","isPartOf":{"@id":"https:\/\/www.ceibcn.com\/ca\/#website"},"datePublished":"2021-09-14T12:22:09+00:00","dateModified":"2023-04-24T08:32:33+00:00","breadcrumb":{"@id":"https:\/\/www.ceibcn.com\/ca\/2021\/09\/seminari-desigualtat-i-globalitzacio-a-l-era-post-covid\/#breadcrumb"},"inLanguage":"ca","potentialAction":[{"@type":"ReadAction","target":["https:\/\/www.ceibcn.com\/ca\/2021\/09\/seminari-desigualtat-i-globalitzacio-a-l-era-post-covid\/"]}]},{"@type":"BreadcrumbList","@id":"https:\/\/www.ceibcn.com\/ca\/2021\/09\/seminari-desigualtat-i-globalitzacio-a-l-era-post-covid\/#breadcrumb","itemListElement":[{"@type":"ListItem","position":1,"name":"Portada","item":"https:\/\/www.ceibcn.com\/ca\/"},{"@type":"ListItem","position":2,"name":"SEMINARI &#8220;Desigualtat i Globalitzaci\u00f3 a l&#8217;era post-covid&#8221;"}]},{"@type":"WebSite","@id":"https:\/\/www.ceibcn.com\/ca\/#website","url":"https:\/\/www.ceibcn.com\/ca\/","name":"CEI International Affairs","description":"CEI International Affairs","publisher":{"@id":"https:\/\/www.ceibcn.com\/ca\/#organization"},"alternateName":"CEI International Affairs","potentialAction":[{"@type":"SearchAction","target":{"@type":"EntryPoint","urlTemplate":"https:\/\/www.ceibcn.com\/ca\/?s={search_term_string}"},"query-input":{"@type":"PropertyValueSpecification","valueRequired":true,"valueName":"search_term_string"}}],"inLanguage":"ca"},{"@type":"Organization","@id":"https:\/\/www.ceibcn.com\/ca\/#organization","name":"CEI International Affairs","url":"https:\/\/www.ceibcn.com\/ca\/","logo":{"@type":"ImageObject","inLanguage":"ca","@id":"https:\/\/www.ceibcn.com\/ca\/#\/schema\/logo\/image\/","url":"https:\/\/www.ceibcn.com\/wp-content\/uploads\/2021\/09\/CeiLogo_EscuelaDiploVectorized_vectorizedSIN_FONDO.png","contentUrl":"https:\/\/www.ceibcn.com\/wp-content\/uploads\/2021\/09\/CeiLogo_EscuelaDiploVectorized_vectorizedSIN_FONDO.png","width":1591,"height":629,"caption":"CEI International Affairs"},"image":{"@id":"https:\/\/www.ceibcn.com\/ca\/#\/schema\/logo\/image\/"},"sameAs":["https:\/\/www.facebook.com\/CEI.CentroDeEstudiosInternacionales\/","https:\/\/x.com\/CEIbcn","https:\/\/www.instagram.com\/cei_international\/"]},{"@type":"Person","@id":"https:\/\/www.ceibcn.com\/ca\/#\/schema\/person\/4ef9992ee2fbd3987a5e1834e5d5808d","name":"Cristian Romero Velasco","image":{"@type":"ImageObject","inLanguage":"ca","@id":"https:\/\/www.ceibcn.com\/ca\/#\/schema\/person\/image\/","url":"https:\/\/secure.gravatar.com\/avatar\/d78c33ad7f1570635ae9c9cb6274fe682bd5872dfde7a5448127d7825dd90943?s=96&d=mm&r=g","contentUrl":"https:\/\/secure.gravatar.com\/avatar\/d78c33ad7f1570635ae9c9cb6274fe682bd5872dfde7a5448127d7825dd90943?s=96&d=mm&r=g","caption":"Cristian Romero Velasco"},"url":"https:\/\/www.ceibcn.com\/ca\/author\/cristian\/"}]}},"_links":{"self":[{"href":"https:\/\/www.ceibcn.com\/ca\/wp-json\/wp\/v2\/posts\/3825","targetHints":{"allow":["GET"]}}],"collection":[{"href":"https:\/\/www.ceibcn.com\/ca\/wp-json\/wp\/v2\/posts"}],"about":[{"href":"https:\/\/www.ceibcn.com\/ca\/wp-json\/wp\/v2\/types\/post"}],"author":[{"embeddable":true,"href":"https:\/\/www.ceibcn.com\/ca\/wp-json\/wp\/v2\/users\/6"}],"replies":[{"embeddable":true,"href":"https:\/\/www.ceibcn.com\/ca\/wp-json\/wp\/v2\/comments?post=3825"}],"version-history":[{"count":1,"href":"https:\/\/www.ceibcn.com\/ca\/wp-json\/wp\/v2\/posts\/3825\/revisions"}],"predecessor-version":[{"id":4514,"href":"https:\/\/www.ceibcn.com\/ca\/wp-json\/wp\/v2\/posts\/3825\/revisions\/4514"}],"wp:attachment":[{"href":"https:\/\/www.ceibcn.com\/ca\/wp-json\/wp\/v2\/media?parent=3825"}],"wp:term":[{"taxonomy":"category","embeddable":true,"href":"https:\/\/www.ceibcn.com\/ca\/wp-json\/wp\/v2\/categories?post=3825"},{"taxonomy":"post_tag","embeddable":true,"href":"https:\/\/www.ceibcn.com\/ca\/wp-json\/wp\/v2\/tags?post=3825"}],"curies":[{"name":"wp","href":"https:\/\/api.w.org\/{rel}","templated":true}]}}