{"id":1041,"date":"2013-07-01T10:24:57","date_gmt":"2013-07-01T10:24:57","guid":{"rendered":"https:\/\/www.ceibcn.com\/2013\/07\/prova-11-3\/"},"modified":"2013-07-01T10:24:57","modified_gmt":"2013-07-01T10:24:57","slug":"prova-11-3","status":"publish","type":"post","link":"https:\/\/www.ceibcn.com\/en\/2013\/07\/prova-11-3\/","title":{"rendered":"Seminaris"},"content":{"rendered":"<h2><span>Seminaris sobre Seguretat i Defensa<\/span><\/h2>\n<p><span><\/span>Des del curs 2011-2012, cada tardor s\u2019organitza un <strong>Seminari sobre temes d\u2019actualitat en mat\u00e8ria de seguretat i defensa<\/strong> amb la participaci\u00f3 d\u2019experts i professionals del sector. Estan dirigits a estudiants i professionals (periodistes, investigadors&#8230;) i al p\u00fablic en general.<\/p>\n<p>&nbsp;<\/p>\n<p><a href=\"coneix-nos\/noticies\/1231-seminaris-sobre-seguretat-i-defensa\" target=\"_blank\" rel=\"noopener\">Consulta anteriors edicions<\/a><\/p>\n<p>&nbsp;<\/p>\n<p>&nbsp;<\/p>\n<h2>Propers seminaris CEI:<\/h2>\n<p>&nbsp;<\/p>\n<p><a href=\"ca\/coneix-nos\/noticies\/1650-seminari-desigualtat-i-globalitzacio-a-l-era-post-covid\">15-10-2021: SEMINARI &#8220;Desigualtat i Globalitzaci\u00f3 a l&#8217;era post-covid&#8221; <\/a> Inscripcions obertes!<\/p>\n<p>&nbsp;<\/p>\n<p>&nbsp;&nbsp;<\/p>\n<h2>Anteriors edicions:<\/h2>\n<p><a href=\"https:\/\/www.youtube.com\/watch?v=iKDtyL2AXTU\" target=\"_blank\" rel=\"noopener\">Seminari online &#8220;El programa Next Generation EU: una via f\u00e8rtil per a una Europa m\u00e9s inclusiva?&#8221;<\/a><\/p>\n<p>21\/04\/2021<\/p>\n<p>&nbsp;<\/p>\n<p><a href=\"https:\/\/www.youtube.com\/watch?v=CZkHSSbekMc\" target=\"_blank\" rel=\"noopener\">Seminari \u201cJoe Biden i el m\u00f3n: l&#8217;agenda exterior de la nova Administraci\u00f3 estatunidenca\u201d<\/a><\/p>\n<p>22\/01\/2021<\/p>\n<p>&nbsp;<\/p>\n<p><a href=\"coneix-nos\/noticies\/1500-seminari-fragilitats-i-friccions-a-l-economia-global-diagnostic-i-implicacions\">SEMINARI&nbsp;\u201cFRAGILITATS I FRICCIONS A L&#8217;ECONOMIA GLOBAL:&nbsp;DIAGN\u00d2STIC I IMPLICACIONS\u201d<\/a><strong><br \/><\/strong><\/p>\n<p>02\/10\/2020<\/p>\n<p>&nbsp;<\/p>\n<p>&nbsp;<a style=\"background-color: inherit; font-family: inherit; font-size: 1rem;\" href=\"coneix-nos\/noticies\/1494-seminari-la-des-proteccio-internacional-de-les-victimes-de-trafic\">Seminari La (des)protecci\u00f3 internacional de les v\u00edctimes de tr\u00e0fic d&#8217;\u00e9ssers humans<\/a>&nbsp;<\/p>\n<p>&nbsp;20\/02\/2020<\/p>\n<p>&nbsp;<\/p>\n<p><a href=\"ca\/coneix-nos\/noticies\/1371-seminari-la-diplomacia-economica-en-temps-de-guerra-comercial-la-fi-de-la-multilateralitat\">&#8220;La diplom\u00e0cia econ\u00f2mica en temps de guerra comercial: la fi de la multilateralitat?&#8221;<\/a><\/p>\n<p>6\/06\/2019<\/p>\n<p>&nbsp;<\/p>\n<p><a href=\"ca\/coneix-nos\/noticies\/1357-seminari-ceta-oportunitat-a-l-actual-context-geopolitic-i-economic-internacional\">Seminari: CETA, oportunitat a l&#8217;actual context geopol\u00edtic i econ\u00f2mic internacional<\/a><\/p>\n<p>12\/12\/2018<\/p>\n<p>&nbsp;<\/p>\n<p><a href=\"coneix-nos\/noticies\/1396-seminari-reconfiguracio-de-l-ordre-mundial-tecnologies-politiques-empreses-societats\"><span style=\"text-decoration: underline;\">Reconfiguraci\u00f3 de l&#8217;ordre mundial: Tecnologies, Pol\u00edtiques, Empreses, Societats<\/span><\/a><\/p>\n<p>16\/05\/2019<\/p>\n<p>&nbsp;<\/p>\n<p><a style=\"background-color: inherit; font-family: inherit; font-size: 1rem;\" href=\"coneix-nos\/noticies\/1258-seminari-2018-consolidacio-i-o-riscs-noves-realitats-economiques-i-geopolitiques\">Seminari: &#8220;2018. Consolidaci\u00f3 i\/o riscs. Noves realitats econ\u00f2miques i geopol\u00edtiques&#8221;<\/a><\/p>\n<p>10\/05\/2018<\/p>\n<p>&nbsp;<\/p>\n<p><a href=\"ca\/cei\/noticies\/1225-jornada-treballar-a-la-unio-europea\" target=\"_blank\" rel=\"noopener\">Jornada: &#8220;Treballar a la Uni\u00f3 Europea&#8221;<\/a><\/p>\n<p>28\/02\/2018<\/p>\n<p>&nbsp;<\/p>\n<p>&nbsp;<a href=\"coneix-nos\/noticies\/1243-la-diplomacia-economica-al-servei-de-les-noves-necessitats-globals\">II Seminari de Diplom\u00e0cia Econ\u00f2mica<\/a>&nbsp;(2018)<\/p>\n<p>&nbsp;<\/p>\n<p><a href=\"ca\/coneix-nos\/noticies\/1185-seminari-refugiats-la-crisis-d-europa-front-el-repte-de-les-persones-refugiades\" target=\"_blank\" rel=\"noopener\">Seminari Refugiats: \u201cLa crisis d&#8217;Europa front el repte de les persones refugiades\u201d<\/a><\/p>\n<p>15\/12\/2017<\/p>\n<p>&nbsp;<\/p>\n<p><a href=\"ca\/coneix-nos\/noticies\/1146-seminarib-canvis-geopolitics\" target=\"_blank\" rel=\"noopener\">Seminari canvis geopol\u00edtics: Noves realitats pol\u00edtiques i econ\u00f2miques globals<\/a>&nbsp;&nbsp;<\/p>\n<p>11\/05\/2017<\/p>\n<p>&nbsp;<\/p>\n<p><a href=\"ca\/coneix-nos\/noticies\/1137-seminari-drets-humans-i-noves-formes-de-mercenarisme\" target=\"_blank\" rel=\"noopener\">Seminari Internacional: Drets Humans i noves formes de mercenarisme<\/a><\/p>\n<p>21\/04\/2017<\/p>\n<p>&nbsp;<\/p>\n<p><a href=\"coneix-nos\/noticies\/1048-seminari-de-diplomacia-economica\">I Seminari de Diplom\u00e0cia Econ\u00f2mica<\/a> (2017)<\/p>\n<p>&nbsp;<\/p>\n<p><a href=\"index.php?option=com_content&amp;view=article&amp;id=822&amp;Itemid=685\">Seminari Internacional: &#8220;Noves iniciatives financeres i d&#8217;inversi\u00f3 als BRICS: Implicacions Econ\u00f2miques i Geopol\u00edtiques&#8221;<\/a><\/p>\n<p>5 i 6 de maig de 2016<\/p>\n<p>&nbsp;<\/p>\n<p><a href=\"index.php?option=com_content&amp;view=article&amp;id=718&amp;Itemid=664\">Jornada &#8220;L&#8217;Islam vist des d&#8217;Europa&#8221;<\/a><\/p>\n<p>25 de febrer de 2016<\/p>\n<p>&nbsp;<\/p>\n<p><a href=\"index.php?option=com_content&amp;view=article&amp;id=723&amp;Itemid=666\">II Jornada &#8220;EU Careers: Feina i pr\u00e0ctiques a les institucions europees&#8221;<\/a><\/p>\n<p>18 de febrer de 2016<\/p>\n<p>&nbsp;<\/p>\n<p><a href=\"index.php?option=com_content&amp;view=article&amp;id=676&amp;Itemid=633\">Jornada &#8220;Les relacions exteriors de la Xina: nous reptes i inestabilitat financera&#8221;<\/a><\/p>\n<p>12 de novembre de 2015<\/p>\n<p>&nbsp;<\/p>\n<p><a href=\"index.php?option=com_content&amp;view=article&amp;id=654&amp;Itemid=0\"><span>Catalunya i la Uni\u00f3 Europea<\/span><\/a><\/p>\n<p><span>8 de setembre de 2015<\/span><\/p>\n<p>&nbsp;<\/p>\n<p><a href=\"index.php?option=com_content&amp;view=article&amp;id=626&amp;Itemid=605\">Finances i societat a l&#8217;era d&#8217;Internet<\/a><\/p>\n<p>28 d&#8217;abril de 2015<\/p>\n<p>&nbsp;<\/p>\n<p><a href=\"index.php?option=com_content&amp;view=article&amp;id=512&amp;Itemid=518\">L&#8217;estrat\u00e8gia Xina cap al lideratge econ\u00f2mic i pol\u00edtic mundial<\/a><\/p>\n<p>27 de mar\u00e7 de 2014&nbsp;<\/p>\n","protected":false},"excerpt":{"rendered":"<p>Seminaris sobre Seguretat i Defensa Des del curs 2011-2012, cada tardor s\u2019organitza un Seminari sobre temes d\u2019actualitat en mat\u00e8ria de seguretat i defensa amb la participaci\u00f3 d\u2019experts i professionals del sector. Estan dirigits a estudiants i professionals (periodistes, investigadors&#8230;) i al p\u00fablic en general. &nbsp; Consulta anteriors edicions &nbsp; &nbsp; Propers seminaris CEI: &nbsp; 15-10-2021: [&hellip;]<\/p>\n","protected":false},"author":6,"featured_media":0,"comment_status":"open","ping_status":"closed","sticky":false,"template":"","format":"standard","meta":{"_acf_changed":false,"_crdt_document":"","inline_featured_image":false,"footnotes":""},"categories":[25],"tags":[],"class_list":["post-1041","post","type-post","status-publish","format-standard","hentry","category-aula-internacional"],"acf":[],"yoast_head":"<!-- This site is optimized with the Yoast SEO plugin v27.0 - https:\/\/yoast.com\/product\/yoast-seo-wordpress\/ -->\n<title>Seminaris - CEI International Affairs<\/title>\n<meta name=\"robots\" content=\"index, follow, max-snippet:-1, max-image-preview:large, max-video-preview:-1\" \/>\n<link rel=\"canonical\" href=\"https:\/\/www.ceibcn.com\/en\/2013\/07\/prova-11-3\/\" \/>\n<meta property=\"og:locale\" content=\"en_US\" \/>\n<meta property=\"og:type\" content=\"article\" \/>\n<meta property=\"og:title\" content=\"Seminaris - CEI International Affairs\" \/>\n<meta property=\"og:description\" content=\"Seminaris sobre Seguretat i Defensa Des del curs 2011-2012, cada tardor s\u2019organitza un Seminari sobre temes d\u2019actualitat en mat\u00e8ria de seguretat i defensa amb la participaci\u00f3 d\u2019experts i professionals del sector. Estan dirigits a estudiants i professionals (periodistes, investigadors&#8230;) i al p\u00fablic en general. &nbsp; Consulta anteriors edicions &nbsp; &nbsp; Propers seminaris CEI: &nbsp; 15-10-2021: [&hellip;]\" \/>\n<meta property=\"og:url\" content=\"https:\/\/www.ceibcn.com\/en\/2013\/07\/prova-11-3\/\" \/>\n<meta property=\"og:site_name\" content=\"CEI International Affairs\" \/>\n<meta property=\"article:publisher\" content=\"https:\/\/www.facebook.com\/CEI.CentroDeEstudiosInternacionales\/\" \/>\n<meta property=\"article:published_time\" content=\"2013-07-01T10:24:57+00:00\" \/>\n<meta property=\"og:image\" content=\"https:\/\/www.ceibcn.com\/wp-content\/uploads\/2023\/01\/Logo-CEI.png\" \/>\n\t<meta property=\"og:image:width\" content=\"500\" \/>\n\t<meta property=\"og:image:height\" content=\"500\" \/>\n\t<meta property=\"og:image:type\" content=\"image\/png\" \/>\n<meta name=\"author\" content=\"Cristian Romero Velasco\" \/>\n<meta name=\"twitter:card\" content=\"summary_large_image\" \/>\n<meta name=\"twitter:creator\" content=\"@CEIbcn\" \/>\n<meta name=\"twitter:site\" content=\"@CEIbcn\" \/>\n<meta name=\"twitter:label1\" content=\"Written by\" \/>\n\t<meta name=\"twitter:data1\" content=\"Cristian Romero Velasco\" \/>\n\t<meta name=\"twitter:label2\" content=\"Est. reading time\" \/>\n\t<meta name=\"twitter:data2\" content=\"2 minutes\" \/>\n<script type=\"application\/ld+json\" class=\"yoast-schema-graph\">{\"@context\":\"https:\/\/schema.org\",\"@graph\":[{\"@type\":\"Article\",\"@id\":\"https:\/\/www.ceibcn.com\/en\/2013\/07\/prova-11-3\/#article\",\"isPartOf\":{\"@id\":\"https:\/\/www.ceibcn.com\/en\/2013\/07\/prova-11-3\/\"},\"author\":{\"name\":\"Cristian Romero Velasco\",\"@id\":\"https:\/\/www.ceibcn.com\/en\/#\/schema\/person\/4ef9992ee2fbd3987a5e1834e5d5808d\"},\"headline\":\"Seminaris\",\"datePublished\":\"2013-07-01T10:24:57+00:00\",\"mainEntityOfPage\":{\"@id\":\"https:\/\/www.ceibcn.com\/en\/2013\/07\/prova-11-3\/\"},\"wordCount\":366,\"commentCount\":0,\"publisher\":{\"@id\":\"https:\/\/www.ceibcn.com\/en\/#organization\"},\"articleSection\":[\"Aula Internacional\"],\"inLanguage\":\"en-US\",\"potentialAction\":[{\"@type\":\"CommentAction\",\"name\":\"Comment\",\"target\":[\"https:\/\/www.ceibcn.com\/en\/2013\/07\/prova-11-3\/#respond\"]}]},{\"@type\":\"WebPage\",\"@id\":\"https:\/\/www.ceibcn.com\/en\/2013\/07\/prova-11-3\/\",\"url\":\"https:\/\/www.ceibcn.com\/en\/2013\/07\/prova-11-3\/\",\"name\":\"Seminaris - CEI International Affairs\",\"isPartOf\":{\"@id\":\"https:\/\/www.ceibcn.com\/en\/#website\"},\"datePublished\":\"2013-07-01T10:24:57+00:00\",\"breadcrumb\":{\"@id\":\"https:\/\/www.ceibcn.com\/en\/2013\/07\/prova-11-3\/#breadcrumb\"},\"inLanguage\":\"en-US\",\"potentialAction\":[{\"@type\":\"ReadAction\",\"target\":[\"https:\/\/www.ceibcn.com\/en\/2013\/07\/prova-11-3\/\"]}]},{\"@type\":\"BreadcrumbList\",\"@id\":\"https:\/\/www.ceibcn.com\/en\/2013\/07\/prova-11-3\/#breadcrumb\",\"itemListElement\":[{\"@type\":\"ListItem\",\"position\":1,\"name\":\"Portada\",\"item\":\"https:\/\/www.ceibcn.com\/en\/\"},{\"@type\":\"ListItem\",\"position\":2,\"name\":\"Seminaris\"}]},{\"@type\":\"WebSite\",\"@id\":\"https:\/\/www.ceibcn.com\/en\/#website\",\"url\":\"https:\/\/www.ceibcn.com\/en\/\",\"name\":\"CEI International Affairs\",\"description\":\"CEI International Affairs\",\"publisher\":{\"@id\":\"https:\/\/www.ceibcn.com\/en\/#organization\"},\"alternateName\":\"CEI International Affairs\",\"potentialAction\":[{\"@type\":\"SearchAction\",\"target\":{\"@type\":\"EntryPoint\",\"urlTemplate\":\"https:\/\/www.ceibcn.com\/en\/?s={search_term_string}\"},\"query-input\":{\"@type\":\"PropertyValueSpecification\",\"valueRequired\":true,\"valueName\":\"search_term_string\"}}],\"inLanguage\":\"en-US\"},{\"@type\":\"Organization\",\"@id\":\"https:\/\/www.ceibcn.com\/en\/#organization\",\"name\":\"CEI International Affairs\",\"url\":\"https:\/\/www.ceibcn.com\/en\/\",\"logo\":{\"@type\":\"ImageObject\",\"inLanguage\":\"en-US\",\"@id\":\"https:\/\/www.ceibcn.com\/en\/#\/schema\/logo\/image\/\",\"url\":\"https:\/\/www.ceibcn.com\/wp-content\/uploads\/2021\/09\/CeiLogo_EscuelaDiploVectorized_vectorizedSIN_FONDO.png\",\"contentUrl\":\"https:\/\/www.ceibcn.com\/wp-content\/uploads\/2021\/09\/CeiLogo_EscuelaDiploVectorized_vectorizedSIN_FONDO.png\",\"width\":1591,\"height\":629,\"caption\":\"CEI International Affairs\"},\"image\":{\"@id\":\"https:\/\/www.ceibcn.com\/en\/#\/schema\/logo\/image\/\"},\"sameAs\":[\"https:\/\/www.facebook.com\/CEI.CentroDeEstudiosInternacionales\/\",\"https:\/\/x.com\/CEIbcn\",\"https:\/\/www.instagram.com\/cei_international\/\"]},{\"@type\":\"Person\",\"@id\":\"https:\/\/www.ceibcn.com\/en\/#\/schema\/person\/4ef9992ee2fbd3987a5e1834e5d5808d\",\"name\":\"Cristian Romero Velasco\",\"image\":{\"@type\":\"ImageObject\",\"inLanguage\":\"en-US\",\"@id\":\"https:\/\/www.ceibcn.com\/en\/#\/schema\/person\/image\/\",\"url\":\"https:\/\/secure.gravatar.com\/avatar\/d78c33ad7f1570635ae9c9cb6274fe682bd5872dfde7a5448127d7825dd90943?s=96&d=mm&r=g\",\"contentUrl\":\"https:\/\/secure.gravatar.com\/avatar\/d78c33ad7f1570635ae9c9cb6274fe682bd5872dfde7a5448127d7825dd90943?s=96&d=mm&r=g\",\"caption\":\"Cristian Romero Velasco\"},\"url\":\"https:\/\/www.ceibcn.com\/en\/author\/cristian\/\"}]}<\/script>\n<!-- \/ Yoast SEO plugin. -->","yoast_head_json":{"title":"Seminaris - CEI International Affairs","robots":{"index":"index","follow":"follow","max-snippet":"max-snippet:-1","max-image-preview":"max-image-preview:large","max-video-preview":"max-video-preview:-1"},"canonical":"https:\/\/www.ceibcn.com\/en\/2013\/07\/prova-11-3\/","og_locale":"en_US","og_type":"article","og_title":"Seminaris - CEI International Affairs","og_description":"Seminaris sobre Seguretat i Defensa Des del curs 2011-2012, cada tardor s\u2019organitza un Seminari sobre temes d\u2019actualitat en mat\u00e8ria de seguretat i defensa amb la participaci\u00f3 d\u2019experts i professionals del sector. Estan dirigits a estudiants i professionals (periodistes, investigadors&#8230;) i al p\u00fablic en general. &nbsp; Consulta anteriors edicions &nbsp; &nbsp; Propers seminaris CEI: &nbsp; 15-10-2021: [&hellip;]","og_url":"https:\/\/www.ceibcn.com\/en\/2013\/07\/prova-11-3\/","og_site_name":"CEI International Affairs","article_publisher":"https:\/\/www.facebook.com\/CEI.CentroDeEstudiosInternacionales\/","article_published_time":"2013-07-01T10:24:57+00:00","og_image":[{"width":500,"height":500,"url":"https:\/\/www.ceibcn.com\/wp-content\/uploads\/2023\/01\/Logo-CEI.png","type":"image\/png"}],"author":"Cristian Romero Velasco","twitter_card":"summary_large_image","twitter_creator":"@CEIbcn","twitter_site":"@CEIbcn","twitter_misc":{"Written by":"Cristian Romero Velasco","Est. reading time":"2 minutes"},"schema":{"@context":"https:\/\/schema.org","@graph":[{"@type":"Article","@id":"https:\/\/www.ceibcn.com\/en\/2013\/07\/prova-11-3\/#article","isPartOf":{"@id":"https:\/\/www.ceibcn.com\/en\/2013\/07\/prova-11-3\/"},"author":{"name":"Cristian Romero Velasco","@id":"https:\/\/www.ceibcn.com\/en\/#\/schema\/person\/4ef9992ee2fbd3987a5e1834e5d5808d"},"headline":"Seminaris","datePublished":"2013-07-01T10:24:57+00:00","mainEntityOfPage":{"@id":"https:\/\/www.ceibcn.com\/en\/2013\/07\/prova-11-3\/"},"wordCount":366,"commentCount":0,"publisher":{"@id":"https:\/\/www.ceibcn.com\/en\/#organization"},"articleSection":["Aula Internacional"],"inLanguage":"en-US","potentialAction":[{"@type":"CommentAction","name":"Comment","target":["https:\/\/www.ceibcn.com\/en\/2013\/07\/prova-11-3\/#respond"]}]},{"@type":"WebPage","@id":"https:\/\/www.ceibcn.com\/en\/2013\/07\/prova-11-3\/","url":"https:\/\/www.ceibcn.com\/en\/2013\/07\/prova-11-3\/","name":"Seminaris - CEI International Affairs","isPartOf":{"@id":"https:\/\/www.ceibcn.com\/en\/#website"},"datePublished":"2013-07-01T10:24:57+00:00","breadcrumb":{"@id":"https:\/\/www.ceibcn.com\/en\/2013\/07\/prova-11-3\/#breadcrumb"},"inLanguage":"en-US","potentialAction":[{"@type":"ReadAction","target":["https:\/\/www.ceibcn.com\/en\/2013\/07\/prova-11-3\/"]}]},{"@type":"BreadcrumbList","@id":"https:\/\/www.ceibcn.com\/en\/2013\/07\/prova-11-3\/#breadcrumb","itemListElement":[{"@type":"ListItem","position":1,"name":"Portada","item":"https:\/\/www.ceibcn.com\/en\/"},{"@type":"ListItem","position":2,"name":"Seminaris"}]},{"@type":"WebSite","@id":"https:\/\/www.ceibcn.com\/en\/#website","url":"https:\/\/www.ceibcn.com\/en\/","name":"CEI International Affairs","description":"CEI International Affairs","publisher":{"@id":"https:\/\/www.ceibcn.com\/en\/#organization"},"alternateName":"CEI International Affairs","potentialAction":[{"@type":"SearchAction","target":{"@type":"EntryPoint","urlTemplate":"https:\/\/www.ceibcn.com\/en\/?s={search_term_string}"},"query-input":{"@type":"PropertyValueSpecification","valueRequired":true,"valueName":"search_term_string"}}],"inLanguage":"en-US"},{"@type":"Organization","@id":"https:\/\/www.ceibcn.com\/en\/#organization","name":"CEI International Affairs","url":"https:\/\/www.ceibcn.com\/en\/","logo":{"@type":"ImageObject","inLanguage":"en-US","@id":"https:\/\/www.ceibcn.com\/en\/#\/schema\/logo\/image\/","url":"https:\/\/www.ceibcn.com\/wp-content\/uploads\/2021\/09\/CeiLogo_EscuelaDiploVectorized_vectorizedSIN_FONDO.png","contentUrl":"https:\/\/www.ceibcn.com\/wp-content\/uploads\/2021\/09\/CeiLogo_EscuelaDiploVectorized_vectorizedSIN_FONDO.png","width":1591,"height":629,"caption":"CEI International Affairs"},"image":{"@id":"https:\/\/www.ceibcn.com\/en\/#\/schema\/logo\/image\/"},"sameAs":["https:\/\/www.facebook.com\/CEI.CentroDeEstudiosInternacionales\/","https:\/\/x.com\/CEIbcn","https:\/\/www.instagram.com\/cei_international\/"]},{"@type":"Person","@id":"https:\/\/www.ceibcn.com\/en\/#\/schema\/person\/4ef9992ee2fbd3987a5e1834e5d5808d","name":"Cristian Romero Velasco","image":{"@type":"ImageObject","inLanguage":"en-US","@id":"https:\/\/www.ceibcn.com\/en\/#\/schema\/person\/image\/","url":"https:\/\/secure.gravatar.com\/avatar\/d78c33ad7f1570635ae9c9cb6274fe682bd5872dfde7a5448127d7825dd90943?s=96&d=mm&r=g","contentUrl":"https:\/\/secure.gravatar.com\/avatar\/d78c33ad7f1570635ae9c9cb6274fe682bd5872dfde7a5448127d7825dd90943?s=96&d=mm&r=g","caption":"Cristian Romero Velasco"},"url":"https:\/\/www.ceibcn.com\/en\/author\/cristian\/"}]}},"_links":{"self":[{"href":"https:\/\/www.ceibcn.com\/en\/wp-json\/wp\/v2\/posts\/1041","targetHints":{"allow":["GET"]}}],"collection":[{"href":"https:\/\/www.ceibcn.com\/en\/wp-json\/wp\/v2\/posts"}],"about":[{"href":"https:\/\/www.ceibcn.com\/en\/wp-json\/wp\/v2\/types\/post"}],"author":[{"embeddable":true,"href":"https:\/\/www.ceibcn.com\/en\/wp-json\/wp\/v2\/users\/6"}],"replies":[{"embeddable":true,"href":"https:\/\/www.ceibcn.com\/en\/wp-json\/wp\/v2\/comments?post=1041"}],"version-history":[{"count":0,"href":"https:\/\/www.ceibcn.com\/en\/wp-json\/wp\/v2\/posts\/1041\/revisions"}],"wp:attachment":[{"href":"https:\/\/www.ceibcn.com\/en\/wp-json\/wp\/v2\/media?parent=1041"}],"wp:term":[{"taxonomy":"category","embeddable":true,"href":"https:\/\/www.ceibcn.com\/en\/wp-json\/wp\/v2\/categories?post=1041"},{"taxonomy":"post_tag","embeddable":true,"href":"https:\/\/www.ceibcn.com\/en\/wp-json\/wp\/v2\/tags?post=1041"}],"curies":[{"name":"wp","href":"https:\/\/api.w.org\/{rel}","templated":true}]}}