{"id":1089,"date":"2013-12-04T07:30:50","date_gmt":"2013-12-04T07:30:50","guid":{"rendered":"https:\/\/www.ceibcn.com\/2013\/12\/obertelperiodedesol-licitudpertreballaral-onu\/"},"modified":"2013-12-04T07:30:50","modified_gmt":"2013-12-04T07:30:50","slug":"obertelperiodedesol-licitudpertreballaral-onu","status":"publish","type":"post","link":"https:\/\/www.ceibcn.com\/en\/2013\/12\/obertelperiodedesol-licitudpertreballaral-onu\/","title":{"rendered":"EL CEI CUMPLE 25 A\u00d1OS"},"content":{"rendered":"<p><span id=\"result_box\" lang=\"es\"><span class=\"hps\">Con<\/span> <span class=\"hps\">motivo de su 25<\/span> <span class=\"hps\">aniversario, el<\/span> <span class=\"hps\">Centro de Estudios Internacionales<\/span> <span class=\"hps atn\">(<\/span>CEI International Affairs) organiz\u00f3 el pasado 21 de octubre de 2013 <span class=\"hps\">un acto<\/span> <span class=\"hps\">de<\/span> <span class=\"hps\">celebraci\u00f3n<\/span> <span class=\"hps\">coincidiendo<\/span> <span class=\"hps\">con el inicio del<\/span> <span class=\"hps\">curso<\/span> <span class=\"hps\">acad\u00e9mico<\/span> <span id=\"result_box\" class=\"hps\" lang=\"es\">2013-2014.<\/span><\/span><\/p>\n<p><!--more--><\/p>\n<p><span id=\"result_box\" lang=\"es\"><span class=\"hps\">Con<\/span> <span class=\"hps\">motivo de su 25<\/span> <span class=\"hps\">aniversario, el<\/span> <span class=\"hps\">Centro de Estudios Internacionales<\/span> <span class=\"hps atn\">(<\/span>CEI International Affairs) organiz\u00f3 el pasado 21 de octubre de 2013 <span class=\"hps\">un acto<\/span> <span class=\"hps\">de<\/span> <span class=\"hps\">celebraci\u00f3n<\/span> <span class=\"hps\">coincidiendo<\/span> <span class=\"hps\">con el inicio del<\/span> <span class=\"hps\">curso<\/span> <span class=\"hps\">acad\u00e9mico<\/span> <span class=\"hps\">2013-2014.<\/span> <span class=\"hps\">El acto fue <\/span><span class=\"hps\">presidido<\/span> <span class=\"hps\">por el rector<\/span> <span class=\"hps\">de la Universidad<\/span> <span class=\"hps\">de Barcelona, \u200b\u200bDr.<\/span> <span class=\"hps\">D\u00eddac<\/span> <span class=\"hps\">Ram\u00edrez<\/span>, <span class=\"hps\">y asistieron<\/span> <span class=\"hps\">Rafael<\/span> <span class=\"hps\">Mend\u00edvil<\/span>, subsecretario <span class=\"hps\">de Asuntos<\/span> <span class=\"hps\">Exteriores y<\/span> <span class=\"hps\">de Cooperaci\u00f3n<\/span> <span class=\"hps\">del Ministerio de Asuntos<\/span> <span class=\"hps\">Exteriores y<\/span> <span class=\"hps\">de Cooperaci\u00f3n;<\/span> <span class=\"hps\">Ignacio<\/span> <span class=\"hps atn\">\u00c1lvarez-<\/span>Rendueles, director <span class=\"hps\">general adjunto<\/span> <span class=\"hps\">de CaixaBank<\/span>, <span class=\"hps\">responsable<\/span> <span class=\"hps\">de Banca<\/span> <span class=\"hps\">Internacional<\/span>, <span class=\"hps\">y Antoni<\/span> <span class=\"hps\">Millet<\/span>, <span class=\"hps\">director del<\/span> <span class=\"hps\">CEI<\/span> International Affairs.<\/span><\/p>\n<p>&nbsp;<\/p>\n<p><span lang=\"es\"><span>M\u00e1s informaci\u00f3n:<br \/><\/span><\/span><\/p>\n<p><a href=\"http:\/\/www.ub.edu\/web\/ub\/ca\/menu_eines\/noticies\/2013\/10\/056.html\"><span lang=\"es\"><span>La noticia en la UB<\/span><\/span><\/a><\/p>\n<p><a href=\"https:\/\/www.ceibcn.com\/wp-content\/uploads\/2013\/07\/22.10.13_cei_la_vanguardia.pdf\"><span lang=\"es\"><span>La noticia en La Vanguardia<\/span><\/span><\/a><\/p>\n<p><a href=\"http:\/\/www.europapress.es\/catalunya\/noticia-cei-impulsara-investigacion-diplomacia-grupo-propio-xxv-aniversario-20131021173829.html\"><span lang=\"es\"><span>La noticia en Europa Press<\/span><\/span><\/a><\/p>\n","protected":false},"excerpt":{"rendered":"<p>Con motivo de su 25 aniversario, el Centro de Estudios Internacionales (CEI International Affairs) organiz\u00f3 el pasado 21 de octubre de 2013 un acto de celebraci\u00f3n coincidiendo con el inicio del curso acad\u00e9mico 2013-2014.<\/p>\n","protected":false},"author":6,"featured_media":0,"comment_status":"open","ping_status":"closed","sticky":false,"template":"","format":"standard","meta":{"_acf_changed":false,"_crdt_document":"","inline_featured_image":false,"footnotes":""},"categories":[1],"tags":[],"class_list":["post-1089","post","type-post","status-publish","format-standard","hentry","category-sin-categoria"],"acf":[],"yoast_head":"<!-- This site is optimized with the Yoast SEO plugin v27.0 - https:\/\/yoast.com\/product\/yoast-seo-wordpress\/ -->\n<title>EL CEI CUMPLE 25 A\u00d1OS - CEI International Affairs<\/title>\n<meta name=\"robots\" content=\"index, follow, max-snippet:-1, max-image-preview:large, max-video-preview:-1\" \/>\n<link rel=\"canonical\" href=\"https:\/\/www.ceibcn.com\/en\/2013\/12\/obertelperiodedesol-licitudpertreballaral-onu\/\" \/>\n<meta property=\"og:locale\" content=\"en_US\" \/>\n<meta property=\"og:type\" content=\"article\" \/>\n<meta property=\"og:title\" content=\"EL CEI CUMPLE 25 A\u00d1OS - CEI International Affairs\" \/>\n<meta property=\"og:description\" content=\"Con motivo de su 25 aniversario, el Centro de Estudios Internacionales (CEI International Affairs) organiz\u00f3 el pasado 21 de octubre de 2013 un acto de celebraci\u00f3n coincidiendo con el inicio del curso acad\u00e9mico 2013-2014.\" \/>\n<meta property=\"og:url\" content=\"https:\/\/www.ceibcn.com\/en\/2013\/12\/obertelperiodedesol-licitudpertreballaral-onu\/\" \/>\n<meta property=\"og:site_name\" content=\"CEI International Affairs\" \/>\n<meta property=\"article:publisher\" content=\"https:\/\/www.facebook.com\/CEI.CentroDeEstudiosInternacionales\/\" \/>\n<meta property=\"article:published_time\" content=\"2013-12-04T07:30:50+00:00\" \/>\n<meta property=\"og:image\" content=\"https:\/\/www.ceibcn.com\/wp-content\/uploads\/2023\/01\/Logo-CEI.png\" \/>\n\t<meta property=\"og:image:width\" content=\"500\" \/>\n\t<meta property=\"og:image:height\" content=\"500\" \/>\n\t<meta property=\"og:image:type\" content=\"image\/png\" \/>\n<meta name=\"author\" content=\"Cristian Romero Velasco\" \/>\n<meta name=\"twitter:card\" content=\"summary_large_image\" \/>\n<meta name=\"twitter:creator\" content=\"@CEIbcn\" \/>\n<meta name=\"twitter:site\" content=\"@CEIbcn\" \/>\n<meta name=\"twitter:label1\" content=\"Written by\" \/>\n\t<meta name=\"twitter:data1\" content=\"Cristian Romero Velasco\" \/>\n\t<meta name=\"twitter:label2\" content=\"Est. reading time\" \/>\n\t<meta name=\"twitter:data2\" content=\"1 minute\" \/>\n<script type=\"application\/ld+json\" class=\"yoast-schema-graph\">{\"@context\":\"https:\/\/schema.org\",\"@graph\":[{\"@type\":\"Article\",\"@id\":\"https:\/\/www.ceibcn.com\/en\/2013\/12\/obertelperiodedesol-licitudpertreballaral-onu\/#article\",\"isPartOf\":{\"@id\":\"https:\/\/www.ceibcn.com\/en\/2013\/12\/obertelperiodedesol-licitudpertreballaral-onu\/\"},\"author\":{\"name\":\"Cristian Romero Velasco\",\"@id\":\"https:\/\/www.ceibcn.com\/en\/#\/schema\/person\/4ef9992ee2fbd3987a5e1834e5d5808d\"},\"headline\":\"EL CEI CUMPLE 25 A\u00d1OS\",\"datePublished\":\"2013-12-04T07:30:50+00:00\",\"mainEntityOfPage\":{\"@id\":\"https:\/\/www.ceibcn.com\/en\/2013\/12\/obertelperiodedesol-licitudpertreballaral-onu\/\"},\"wordCount\":149,\"commentCount\":0,\"publisher\":{\"@id\":\"https:\/\/www.ceibcn.com\/en\/#organization\"},\"articleSection\":[\"Sin categor\u00eda\"],\"inLanguage\":\"en-US\",\"potentialAction\":[{\"@type\":\"CommentAction\",\"name\":\"Comment\",\"target\":[\"https:\/\/www.ceibcn.com\/en\/2013\/12\/obertelperiodedesol-licitudpertreballaral-onu\/#respond\"]}]},{\"@type\":\"WebPage\",\"@id\":\"https:\/\/www.ceibcn.com\/en\/2013\/12\/obertelperiodedesol-licitudpertreballaral-onu\/\",\"url\":\"https:\/\/www.ceibcn.com\/en\/2013\/12\/obertelperiodedesol-licitudpertreballaral-onu\/\",\"name\":\"EL CEI CUMPLE 25 A\u00d1OS - CEI International Affairs\",\"isPartOf\":{\"@id\":\"https:\/\/www.ceibcn.com\/en\/#website\"},\"datePublished\":\"2013-12-04T07:30:50+00:00\",\"breadcrumb\":{\"@id\":\"https:\/\/www.ceibcn.com\/en\/2013\/12\/obertelperiodedesol-licitudpertreballaral-onu\/#breadcrumb\"},\"inLanguage\":\"en-US\",\"potentialAction\":[{\"@type\":\"ReadAction\",\"target\":[\"https:\/\/www.ceibcn.com\/en\/2013\/12\/obertelperiodedesol-licitudpertreballaral-onu\/\"]}]},{\"@type\":\"BreadcrumbList\",\"@id\":\"https:\/\/www.ceibcn.com\/en\/2013\/12\/obertelperiodedesol-licitudpertreballaral-onu\/#breadcrumb\",\"itemListElement\":[{\"@type\":\"ListItem\",\"position\":1,\"name\":\"Portada\",\"item\":\"https:\/\/www.ceibcn.com\/en\/\"},{\"@type\":\"ListItem\",\"position\":2,\"name\":\"EL CEI CUMPLE 25 A\u00d1OS\"}]},{\"@type\":\"WebSite\",\"@id\":\"https:\/\/www.ceibcn.com\/en\/#website\",\"url\":\"https:\/\/www.ceibcn.com\/en\/\",\"name\":\"CEI International Affairs\",\"description\":\"CEI International Affairs\",\"publisher\":{\"@id\":\"https:\/\/www.ceibcn.com\/en\/#organization\"},\"alternateName\":\"CEI International Affairs\",\"potentialAction\":[{\"@type\":\"SearchAction\",\"target\":{\"@type\":\"EntryPoint\",\"urlTemplate\":\"https:\/\/www.ceibcn.com\/en\/?s={search_term_string}\"},\"query-input\":{\"@type\":\"PropertyValueSpecification\",\"valueRequired\":true,\"valueName\":\"search_term_string\"}}],\"inLanguage\":\"en-US\"},{\"@type\":\"Organization\",\"@id\":\"https:\/\/www.ceibcn.com\/en\/#organization\",\"name\":\"CEI International Affairs\",\"url\":\"https:\/\/www.ceibcn.com\/en\/\",\"logo\":{\"@type\":\"ImageObject\",\"inLanguage\":\"en-US\",\"@id\":\"https:\/\/www.ceibcn.com\/en\/#\/schema\/logo\/image\/\",\"url\":\"https:\/\/www.ceibcn.com\/wp-content\/uploads\/2021\/09\/CeiLogo_EscuelaDiploVectorized_vectorizedSIN_FONDO.png\",\"contentUrl\":\"https:\/\/www.ceibcn.com\/wp-content\/uploads\/2021\/09\/CeiLogo_EscuelaDiploVectorized_vectorizedSIN_FONDO.png\",\"width\":1591,\"height\":629,\"caption\":\"CEI International Affairs\"},\"image\":{\"@id\":\"https:\/\/www.ceibcn.com\/en\/#\/schema\/logo\/image\/\"},\"sameAs\":[\"https:\/\/www.facebook.com\/CEI.CentroDeEstudiosInternacionales\/\",\"https:\/\/x.com\/CEIbcn\",\"https:\/\/www.instagram.com\/cei_international\/\"]},{\"@type\":\"Person\",\"@id\":\"https:\/\/www.ceibcn.com\/en\/#\/schema\/person\/4ef9992ee2fbd3987a5e1834e5d5808d\",\"name\":\"Cristian Romero Velasco\",\"image\":{\"@type\":\"ImageObject\",\"inLanguage\":\"en-US\",\"@id\":\"https:\/\/www.ceibcn.com\/en\/#\/schema\/person\/image\/\",\"url\":\"https:\/\/secure.gravatar.com\/avatar\/d78c33ad7f1570635ae9c9cb6274fe682bd5872dfde7a5448127d7825dd90943?s=96&d=mm&r=g\",\"contentUrl\":\"https:\/\/secure.gravatar.com\/avatar\/d78c33ad7f1570635ae9c9cb6274fe682bd5872dfde7a5448127d7825dd90943?s=96&d=mm&r=g\",\"caption\":\"Cristian Romero Velasco\"},\"url\":\"https:\/\/www.ceibcn.com\/en\/author\/cristian\/\"}]}<\/script>\n<!-- \/ Yoast SEO plugin. -->","yoast_head_json":{"title":"EL CEI CUMPLE 25 A\u00d1OS - CEI International Affairs","robots":{"index":"index","follow":"follow","max-snippet":"max-snippet:-1","max-image-preview":"max-image-preview:large","max-video-preview":"max-video-preview:-1"},"canonical":"https:\/\/www.ceibcn.com\/en\/2013\/12\/obertelperiodedesol-licitudpertreballaral-onu\/","og_locale":"en_US","og_type":"article","og_title":"EL CEI CUMPLE 25 A\u00d1OS - CEI International Affairs","og_description":"Con motivo de su 25 aniversario, el Centro de Estudios Internacionales (CEI International Affairs) organiz\u00f3 el pasado 21 de octubre de 2013 un acto de celebraci\u00f3n coincidiendo con el inicio del curso acad\u00e9mico 2013-2014.","og_url":"https:\/\/www.ceibcn.com\/en\/2013\/12\/obertelperiodedesol-licitudpertreballaral-onu\/","og_site_name":"CEI International Affairs","article_publisher":"https:\/\/www.facebook.com\/CEI.CentroDeEstudiosInternacionales\/","article_published_time":"2013-12-04T07:30:50+00:00","og_image":[{"width":500,"height":500,"url":"https:\/\/www.ceibcn.com\/wp-content\/uploads\/2023\/01\/Logo-CEI.png","type":"image\/png"}],"author":"Cristian Romero Velasco","twitter_card":"summary_large_image","twitter_creator":"@CEIbcn","twitter_site":"@CEIbcn","twitter_misc":{"Written by":"Cristian Romero Velasco","Est. reading time":"1 minute"},"schema":{"@context":"https:\/\/schema.org","@graph":[{"@type":"Article","@id":"https:\/\/www.ceibcn.com\/en\/2013\/12\/obertelperiodedesol-licitudpertreballaral-onu\/#article","isPartOf":{"@id":"https:\/\/www.ceibcn.com\/en\/2013\/12\/obertelperiodedesol-licitudpertreballaral-onu\/"},"author":{"name":"Cristian Romero Velasco","@id":"https:\/\/www.ceibcn.com\/en\/#\/schema\/person\/4ef9992ee2fbd3987a5e1834e5d5808d"},"headline":"EL CEI CUMPLE 25 A\u00d1OS","datePublished":"2013-12-04T07:30:50+00:00","mainEntityOfPage":{"@id":"https:\/\/www.ceibcn.com\/en\/2013\/12\/obertelperiodedesol-licitudpertreballaral-onu\/"},"wordCount":149,"commentCount":0,"publisher":{"@id":"https:\/\/www.ceibcn.com\/en\/#organization"},"articleSection":["Sin categor\u00eda"],"inLanguage":"en-US","potentialAction":[{"@type":"CommentAction","name":"Comment","target":["https:\/\/www.ceibcn.com\/en\/2013\/12\/obertelperiodedesol-licitudpertreballaral-onu\/#respond"]}]},{"@type":"WebPage","@id":"https:\/\/www.ceibcn.com\/en\/2013\/12\/obertelperiodedesol-licitudpertreballaral-onu\/","url":"https:\/\/www.ceibcn.com\/en\/2013\/12\/obertelperiodedesol-licitudpertreballaral-onu\/","name":"EL CEI CUMPLE 25 A\u00d1OS - CEI International Affairs","isPartOf":{"@id":"https:\/\/www.ceibcn.com\/en\/#website"},"datePublished":"2013-12-04T07:30:50+00:00","breadcrumb":{"@id":"https:\/\/www.ceibcn.com\/en\/2013\/12\/obertelperiodedesol-licitudpertreballaral-onu\/#breadcrumb"},"inLanguage":"en-US","potentialAction":[{"@type":"ReadAction","target":["https:\/\/www.ceibcn.com\/en\/2013\/12\/obertelperiodedesol-licitudpertreballaral-onu\/"]}]},{"@type":"BreadcrumbList","@id":"https:\/\/www.ceibcn.com\/en\/2013\/12\/obertelperiodedesol-licitudpertreballaral-onu\/#breadcrumb","itemListElement":[{"@type":"ListItem","position":1,"name":"Portada","item":"https:\/\/www.ceibcn.com\/en\/"},{"@type":"ListItem","position":2,"name":"EL CEI CUMPLE 25 A\u00d1OS"}]},{"@type":"WebSite","@id":"https:\/\/www.ceibcn.com\/en\/#website","url":"https:\/\/www.ceibcn.com\/en\/","name":"CEI International Affairs","description":"CEI International Affairs","publisher":{"@id":"https:\/\/www.ceibcn.com\/en\/#organization"},"alternateName":"CEI International Affairs","potentialAction":[{"@type":"SearchAction","target":{"@type":"EntryPoint","urlTemplate":"https:\/\/www.ceibcn.com\/en\/?s={search_term_string}"},"query-input":{"@type":"PropertyValueSpecification","valueRequired":true,"valueName":"search_term_string"}}],"inLanguage":"en-US"},{"@type":"Organization","@id":"https:\/\/www.ceibcn.com\/en\/#organization","name":"CEI International Affairs","url":"https:\/\/www.ceibcn.com\/en\/","logo":{"@type":"ImageObject","inLanguage":"en-US","@id":"https:\/\/www.ceibcn.com\/en\/#\/schema\/logo\/image\/","url":"https:\/\/www.ceibcn.com\/wp-content\/uploads\/2021\/09\/CeiLogo_EscuelaDiploVectorized_vectorizedSIN_FONDO.png","contentUrl":"https:\/\/www.ceibcn.com\/wp-content\/uploads\/2021\/09\/CeiLogo_EscuelaDiploVectorized_vectorizedSIN_FONDO.png","width":1591,"height":629,"caption":"CEI International Affairs"},"image":{"@id":"https:\/\/www.ceibcn.com\/en\/#\/schema\/logo\/image\/"},"sameAs":["https:\/\/www.facebook.com\/CEI.CentroDeEstudiosInternacionales\/","https:\/\/x.com\/CEIbcn","https:\/\/www.instagram.com\/cei_international\/"]},{"@type":"Person","@id":"https:\/\/www.ceibcn.com\/en\/#\/schema\/person\/4ef9992ee2fbd3987a5e1834e5d5808d","name":"Cristian Romero Velasco","image":{"@type":"ImageObject","inLanguage":"en-US","@id":"https:\/\/www.ceibcn.com\/en\/#\/schema\/person\/image\/","url":"https:\/\/secure.gravatar.com\/avatar\/d78c33ad7f1570635ae9c9cb6274fe682bd5872dfde7a5448127d7825dd90943?s=96&d=mm&r=g","contentUrl":"https:\/\/secure.gravatar.com\/avatar\/d78c33ad7f1570635ae9c9cb6274fe682bd5872dfde7a5448127d7825dd90943?s=96&d=mm&r=g","caption":"Cristian Romero Velasco"},"url":"https:\/\/www.ceibcn.com\/en\/author\/cristian\/"}]}},"_links":{"self":[{"href":"https:\/\/www.ceibcn.com\/en\/wp-json\/wp\/v2\/posts\/1089","targetHints":{"allow":["GET"]}}],"collection":[{"href":"https:\/\/www.ceibcn.com\/en\/wp-json\/wp\/v2\/posts"}],"about":[{"href":"https:\/\/www.ceibcn.com\/en\/wp-json\/wp\/v2\/types\/post"}],"author":[{"embeddable":true,"href":"https:\/\/www.ceibcn.com\/en\/wp-json\/wp\/v2\/users\/6"}],"replies":[{"embeddable":true,"href":"https:\/\/www.ceibcn.com\/en\/wp-json\/wp\/v2\/comments?post=1089"}],"version-history":[{"count":0,"href":"https:\/\/www.ceibcn.com\/en\/wp-json\/wp\/v2\/posts\/1089\/revisions"}],"wp:attachment":[{"href":"https:\/\/www.ceibcn.com\/en\/wp-json\/wp\/v2\/media?parent=1089"}],"wp:term":[{"taxonomy":"category","embeddable":true,"href":"https:\/\/www.ceibcn.com\/en\/wp-json\/wp\/v2\/categories?post=1089"},{"taxonomy":"post_tag","embeddable":true,"href":"https:\/\/www.ceibcn.com\/en\/wp-json\/wp\/v2\/tags?post=1089"}],"curies":[{"name":"wp","href":"https:\/\/api.w.org\/{rel}","templated":true}]}}