{"id":1104,"date":"2013-12-05T06:03:19","date_gmt":"2013-12-05T06:03:19","guid":{"rendered":"https:\/\/www.ceibcn.com\/2013\/12\/ciclo-de-encuentros-con-embajadores\/"},"modified":"2013-12-05T06:03:19","modified_gmt":"2013-12-05T06:03:19","slug":"ciclo-de-encuentros-con-embajadores","status":"publish","type":"post","link":"https:\/\/www.ceibcn.com\/en\/2013\/12\/ciclo-de-encuentros-con-embajadores\/","title":{"rendered":"Encuentros"},"content":{"rendered":"<p>El&nbsp;<strong>Aula Internacional<\/strong>&nbsp;programa una serie de actividades de informaci\u00f3n y debate, de las cuales las m\u00e1s destacadas son los <strong>Encuentros con Embajadores de Espa\u00f1a en el mundo<\/strong> o Embajadores acreditados en Espa\u00f1a tienen por objetivo presentar con detalle la coyuntura pol\u00edtica, econ\u00f3mica y jur\u00eddica del pa\u00eds respectivo. Se eligen aquellos pa\u00edses que tienen un atractivo especial para la inversi\u00f3n y comercializaci\u00f3n de los empresarios asistentes.<\/p>\n<p>&nbsp;<\/p>\n<p>Este programa se consolid\u00f3 durante el curso 1997-1998. Hoy continuamos con este proyecto gracias al apoyo y la colaboraci\u00f3n de la Direcci\u00f3n General de Relaciones Econ\u00f3micas Internacionales del <a href=\"http:\/\/www.exteriores.gob.es\/Portal\/es\/Paginas\/inicio.aspx\" target=\"_blank\" rel=\"noopener\">Ministerio de Asuntos Exteriores, Uni\u00f3n Europea y Cooperaci\u00f3n<\/a>.&nbsp;<\/p>\n<p>&nbsp;<\/p>\n<p>Los encuentros con embajadores se desarrollan en dos partes: la primera, al mediod\u00eda, en formato de coloquio entre todos los asistentes y el embajador, en la segunda, se contin\u00faa dialogando durante una comida. La asistencia a estos Encuentros es exclusiva para miembros del <a href=\"es\/executive-club-cei\">Executive Club CEI<\/a> y sus invitados.<\/p>\n<p>&nbsp;<\/p>\n<p>&nbsp;<\/p>\n<blockquote>\n<p><strong>PR\u00d3XIMOS ENCUENTROS<\/strong><\/p>\n<p>30\/11\/2021: <a href=\"es\/conocenos\/agenda\/322\/event_details\">WEBINAR Encuentro con el Embajador de Espa\u00f1a en&nbsp;T\u00fanez&nbsp;<\/a><\/p>\n<\/blockquote>\n<p>&nbsp;<\/p>\n<p><span><\/span><strong>Encuentros anteriores:<\/strong><\/p>\n<p>26\/10\/2021: <a href=\"es\/conocenos\/agenda\/317\/event_details\">WEBINAR Encuentro con el Embajador de Espa\u00f1a en&nbsp;Bolivia&nbsp;<\/a><\/p>\n<p>&nbsp;<\/p>\n<p>21\/09\/2021: <a href=\"es\/conocenos\/agenda\/317\/event_details\">WEBINAR Encuentro con el Embajador de Espa\u00f1a en Bangladesh<\/a><\/p>\n<p>&nbsp;<\/p>\n<p>14\/07\/2021: <a href=\"es\/conocenos\/agenda\/308-encuentro-executive-club-reunion-con-el-embajador-de-espana-en-sudan\/event_details\">WEBINAR Encuentro con el C\u00f3nsul General de Jap\u00f3n en Barcelona<\/a><\/p>\n<p>&nbsp;<\/p>\n<p>27\/04\/2021: <a href=\"es\/conocenos\/agenda\/296-apertura-plazo-para-presentar-candidaturas-becas-carrera-diplomatica\/event_details\">WEBINAR Encuentro con el Embajador de Espa\u00f1a en Indonesia<\/a><\/p>\n<p>&nbsp;<\/p>\n<p>16\/03\/2021: <a href=\"es\/conocenos\/agenda\/304-encuentro-executive-club-reunion-con-el-ministro-de-la-embajada-de-la-republica-federal-de-alemania-en-espana\/event_details\">WEBINAR Encuentro con el&nbsp;<span class=\"JsGRdQ\">Ministro de la Embajada de la Rep\u00fablica&nbsp;<\/span><span class=\"JsGRdQ\">Federal de Alemania en Espa\u00f1a<\/span><\/a><\/p>\n<p>&nbsp;<\/p>\n<p>23\/02\/2021:&nbsp;<a href=\"es\/cei\/noticias\/1591-la-esperanza-de-que-mas-empresas-espanolas-inviertan-en-argelia-relatoria-del-encuentro-con-el-embajador-de-espana-en-argel\">WEBINAR Encuentro con el Embajador de Espa\u00f1a en Argelia<\/a>&nbsp;<\/p>\n<p>&nbsp;<\/p>\n<p>21\/01\/2021: <a href=\"\/es\/cei\/noticias\/1579-optimismo-ante-los-desafios-de-la-nueva-administracion-biden-relatoria-del-encuentro-con-robert-riley-consul-general-de-ee-uu-en-bcn\">WEBINAR Encuentro con el C\u00f3nsul General de EE.UU. en Barcelona<\/a><\/p>\n<p>&nbsp;<\/p>\n<p>24\/11\/2020: <a href=\"es\/cei\/noticias\/1558-encuentro-con-la-embajadora-en-jordania-el-milagro-historico-de-la-region-moderador-y-estabilizador\">WEBINAR Encuentro con la Embajadora de Espa\u00f1a en Jordania<\/a><\/p>\n<p>&nbsp;<\/p>\n<p>29\/09\/2020: <a href=\"es\/cei\/noticias\/1552-malasia-un-muy-buen-destino-de-inversion-para-las-empresas-espanolas\">WEBINAR Encuentro con el Embajador de Espa\u00f1a en Malasia<\/a><\/p>\n<p>&nbsp;<\/p>\n<p>14\/07\/2020: <a href=\"es\/cei\/noticias\/1545-relatoria-encuentro-con-el-embajador-de-espana-en-polonia\">WEBINAR Encuentro con el Embajador de Espa\u00f1a en Polonia<\/a><\/p>\n<p>&nbsp;<\/p>\n<p>25\/06\/2020: <a href=\"es\/conocenos\/agenda\/264\/event_details\">WEBINAR Encuentro con el Embajador de Espa\u00f1a en Kenia<\/a><\/p>\n<p>&nbsp;<\/p>\n<p>28\/05\/2020: <a href=\"es\/conocenos\/agenda\/261-webinar-executive-club-encuentro-con-el-embajador-de-espana-en-china\/event_details\">WEBINAR Encuentro con el Embajador de Espa\u00f1a en China<\/a><\/p>\n<p>&nbsp;<\/p>\n<p>19\/05\/2020: <a href=\"es\/conocenos\/agenda\/255\/event_details\">WEBINAR La respuesta de la UE ante la crisis del COVID-19<\/a><\/p>\n<p>&nbsp;<\/p>\n<p>25\/02\/2020: <a style=\"background-color: inherit; font-family: inherit; font-size: 1rem;\" href=\"es\/cei\/noticias\/1503-relatoria-encuentro-con-el-embajador-de-peru-peru-su-economia-y-las-relaciones-bilaterales-con-espana\">Encuentro con el Embajador de Espa\u00f1a en Per\u00fa<\/a><\/p>\n<p>&nbsp;<\/p>\n<p>26\/11\/2019: <a href=\"\/conocenos\/noticias\/1471-encuentro-con-el-embajador-de-espana-en-brasil\">Encuentro con el Embajador de Espa\u00f1a en Brasil<\/a><\/p>\n<p>&nbsp;<\/p>\n<p>22\/10\/2019:&nbsp;<a href=\"\/conocenos\/noticias\/1461-encuentro-con-el-embajador-de-espana-en-los-emiratos-arabes-unidos\">Encuentro con el Embajador de Espa\u00f1a en los Emiratos \u00c1rabes Unidos<\/a><\/p>\n<p>&nbsp;<\/p>\n<p>25\/06\/2019: <a href=\"conocenos\/noticias\/1434-encuentro-con-el-embajador-de-espana-en-la-india\">Encuentro con el Embajador de Espa\u00f1a en India<\/a><\/p>\n<p>&nbsp;<\/p>\n<p>28\/05\/2019:&nbsp;<a href=\"\/conocenos\/noticias\/1418-encuentro-con-el-embajador-de-espana-en-senegal\">Encuentro con el Embajador de Espa\u00f1a en la Rep\u00fablica de Senegal<\/a><\/p>\n<p>&nbsp;<\/p>\n<p>02\/04\/2019:&nbsp;<a href=\"conocenos\/noticias\/1391-encuentro-con-el-embajador-de-espana-en-ecuador\">Encuentro con el Embajador de Espa\u00f1a en Ecuador<\/a><\/p>\n<p>&nbsp;<\/p>\n<p>27\/03\/2019:&nbsp;<a href=\"\/conocenos\/noticias\/1386-encuentro-con-el-embajador-de-espana-en-marruecos\">Encuentro con el Embajador de Espa\u00f1a en Marruecos<\/a><\/p>\n<p>&nbsp;<\/p>\n<p>20\/11\/2018:&nbsp;<a href=\"es\/conocenos\/noticias\/1346-encuentro-con-el-embajador-de-espana-en-francia\">Encuentro con el Embajador de Espa\u00f1a en Francia<\/a><\/p>\n<p>&nbsp;<\/p>\n<p>16\/10\/2018:&nbsp;<a href=\"conocenos\/noticias\/1328-encuentro-con-el-secretario-general-de-la-union-por-el-mediterraneo\">Encuentro con el Secretario General de la Uni\u00f3n por el Mediterr\u00e1neo:&nbsp;\u201cPotencial de crecimiento econ\u00f3mico en los pa\u00edses del sur del Mediterr\u00e1neo\u201d&nbsp;<\/a><\/p>\n<p>&nbsp;<\/p>\n<p>20\/03\/2018:&nbsp;<a href=\"conocenos\/noticias\/1252-encuentro-con-el-embajador-de-espana-en-estados-unidos\">Encuentro con el Embajador de Espa\u00f1a en Estados Unidos<\/a>&nbsp;<\/p>\n<p>&nbsp;<\/p>\n<p>06\/03\/2018:&nbsp;<a href=\"es\/conocenos\/noticias\/1239-aula-internacional-encuentro-con-el-embajador-de-espana-en-arabia-saudi\">Encuentro con el Embajador de Espa\u00f1a en Arabia Saud\u00ed<\/a><\/p>\n<p>&nbsp;<\/p>\n<p>30\/01\/2018:&nbsp;<a href=\"es\/conocenos\/noticias\/1226-aula-internacional-encuentro-con-el-embajador-de-espana-en-andorra\">Encuentro con el Embajador de Espa\u00f1a en Andorra<\/a><\/p>\n<p>&nbsp;<\/p>\n<p>12\/12\/2017:&nbsp;<a href=\"conocenos\/noticias\/1204-encuentro-con-el-embajador-de-espana-en-rusia\">Encuentro con el Embajador de Espa\u00f1a en Rusia&nbsp;<\/a><\/p>\n<p>&nbsp;<\/p>\n<p>24\/10\/2017:&nbsp;<a href=\"es\/conocenos\/noticias\/1178-encuentro-con-el-embajador-de-espana-en-chile\">Encuentro con el Embajador de Espa\u00f1a en Chile<\/a><\/p>\n<p>&nbsp;<\/p>\n<p>30\/05\/2017:&nbsp;<a href=\"es\/conocenos\/noticias\/1149-encuentro-con-el-embajador-de-espana-en-costa-de-marfil\">Encuentro con el Embajador de Espa\u00f1a en Costa de Marfil<\/a><\/p>\n<p>&nbsp;<\/p>\n<p>25\/04\/2017:&nbsp;<a href=\"es\/conocenos\/noticias\/1142-encuentro-con-el-embajador-de-espana-en-corea-del-sur\">Encuentro con el Embajador de Espa\u00f1a en Corea del Sur<\/a><\/p>\n<p>&nbsp;<\/p>\n<p>14\/02\/2017:&nbsp;<a href=\"es\/conocenos\/noticias\/1072-encuentro-en-con-embajador-de-espana-en-iran\">Encuentro con Embajador de Espa\u00f1a en Ir\u00e1n<\/a><\/p>\n<p>&nbsp;<\/p>\n<p>29\/11\/16:&nbsp;<a href=\"es\/conocenos\/noticias\/1053-encuentro-con-el-embajador-de-espana-en-egipto\">Encuentro con el Embajador de Espa\u00f1a en&nbsp;Egipto<\/a><\/p>\n<p>&nbsp;<\/p>\n<p>31\/05\/16:&nbsp;<a href=\"index.php?option=com_content&amp;view=article&amp;id=828&amp;Itemid=690\">Encuentro con el Embajador de Espa\u00f1a en&nbsp;Jap\u00f3n<\/a><\/p>\n<p>&nbsp;<\/p>\n<p>26\/04\/16:&nbsp;<a href=\"index.php?option=com_content&amp;view=article&amp;id=824&amp;Itemid=687\">Encuentro con el Embajador de Espa\u00f1a en&nbsp;M\u00e9xico<\/a><\/p>\n<p>&nbsp;<\/p>\n<p>23\/02\/16:&nbsp;<a href=\"index.php?option=com_content&amp;view=article&amp;id=728&amp;Itemid=669\">Encuentro con el Sr. Alfredo Bonet, Director de la C\u00e1mara de Comercio Internacional<\/a><\/p>\n<p>&nbsp;<\/p>\n<p>26\/01\/16:&nbsp;<a href=\"index.php?option=com_content&amp;view=article&amp;id=717&amp;Itemid=662\">Encuentro con el C\u00f3nsul General de Estados Unidos en Barcelona<\/a><\/p>\n<p>&nbsp;<\/p>\n<p>15\/12\/15:&nbsp;<a href=\"index.php?option=com_content&amp;view=article&amp;id=684&amp;Itemid=636\">Encuentro con el Embajador de Espa\u00f1a en China<\/a><\/p>\n<p>&nbsp;<\/p>\n<p>01\/12\/15:&nbsp;<a href=\"index.php?option=com_content&amp;view=article&amp;id=672&amp;Itemid=630\">Encuentro con el Embajador de Espa\u00f1a en Cuba<\/a><\/p>\n<p>&nbsp;<\/p>\n<p>20\/10\/2015:&nbsp;<a href=\"index.php?option=com_content&amp;view=article&amp;id=664&amp;Itemid=625\">Encuentro con el Embajador de Espa\u00f1a en Israel<\/a><\/p>\n<p>&nbsp;<\/p>\n<p>16\/07\/2015:&nbsp;<a href=\"index.php?option=com_content&amp;view=article&amp;id=647&amp;Itemid=618\">Encuentro con el Vicepresidente de la CEOE y Presidente de&nbsp;<em>Foment del Treball Nacional<\/em>, el Sr. Joaquim Gay de Montell\u00e0<\/a><\/p>\n<p>&nbsp;<\/p>\n<p>26\/05\/2015:&nbsp;<a href=\"index.php?option=com_content&amp;view=article&amp;id=633&amp;Itemid=606\">Encuentro con el Embajador de Espa\u00f1a en la Rep\u00fablica de Colombia<\/a><\/p>\n<p>&nbsp;<\/p>\n<p>13\/04\/2015:&nbsp;<a href=\"index.php?option=com_content&amp;view=article&amp;id=623&amp;Itemid=601\">Encuentro con el Director General de Relaciones Econ\u00f3micas Internacionales<\/a><\/p>\n<p>&nbsp;<\/p>\n<p>24\/03\/2015:&nbsp;<a href=\"index.php?option=com_content&amp;view=article&amp;id=612&amp;Itemid=592\">Encuentro con el Embajador de Espa\u00f1a en Santo Domingo, Rep\u00fablica Dominicana<\/a><\/p>\n<p>&nbsp;<\/p>\n<p>17\/02\/2015:&nbsp;<a href=\"index.php?option=com_content&amp;view=article&amp;id=608&amp;Itemid=587\">Encuentro con el Profesor Garc\u00eda Padilla, Puerto Rico<\/a><\/p>\n<p>&nbsp;<\/p>\n<p>16\/12\/2014:&nbsp;<a href=\"index.php?option=com_content&amp;view=article&amp;id=595&amp;Itemid=581\">Encuentro con el Embajador de Espa\u00f1a en Lima, Per\u00fa<\/a><\/p>\n<p>&nbsp;<\/p>\n<p>18\/11\/2014:&nbsp;<a href=\"index.php?option=com_content&amp;view=article&amp;id=589&amp;Itemid=575\">Encuentro con el Embajador de Espa\u00f1a en Berl\u00edn, Alemania<\/a><\/p>\n<p>&nbsp;<\/p>\n<p>22\/10\/2014:&nbsp;<a href=\"index.php?option=com_content&amp;view=article&amp;id=581;aula-internacional-encuentro-con-el-embajador-de-espana-en-quito-ecuador&amp;catid=11;aula-internacional&amp;Itemid=569\">Encuentro con el Embajador de Espa\u00f1a en Quito, Ecuador<\/a><\/p>\n<p>&nbsp;<\/p>\n<p>30\/09\/2014:&nbsp;<a href=\"index.php?option=com_content&amp;view=article&amp;id=571&amp;Itemid=564\">Encuentro con el Embajador de Espa\u00f1a en Addis Abeba, Etiopia<\/a><\/p>\n<p>&nbsp;<\/p>\n<p>10\/06\/2014:&nbsp;<a href=\"index.php?option=com_content&amp;view=article&amp;id=551&amp;Itemid=556\">Encuentro con el Embajador de Espa\u00f1a en Nueva Delhi, India<\/a><\/p>\n<p>&nbsp;<\/p>\n<p>31\/03\/2014:&nbsp;<a href=\"index.php?option=com_content&amp;view=article&amp;id=530&amp;Itemid=529\">Encuentro con el Sr. D. Fernando Eguidazu, Director General de Relaciones Econ\u00f3micas Internacionales<\/a><\/p>\n<p>&nbsp;<\/p>\n<p>30\/01\/2014:&nbsp;<a href=\"index.php?option=com_content&amp;view=article&amp;id=495&amp;Itemid=502\">Encuentro con el Presidente Ricardo Lagos, sesi\u00f3n Chile<\/a><\/p>\n<p>&nbsp;<\/p>\n<p>26\/11\/2013:&nbsp;<a href=\"index.php?option=com_content&amp;view=article&amp;id=181&amp;Itemid=430\">Encuentro con el Embajador de Bangladesh, Excmo. Sr. Luis Tejada Chac\u00f3n.<\/a><\/p>\n<p>&nbsp;<\/p>\n<p>10\/12\/2013:&nbsp;<a href=\"index.php?option=com_content&amp;view=article&amp;id=237&amp;Itemid=439\">Encuentro con el Embajador de Australia, Excmo. Sr. Carlos S\u00e1nchez de Boado y de la V\u00e1lgoma.<\/a><\/p>\n","protected":false},"excerpt":{"rendered":"<p>El&nbsp;Aula Internacional&nbsp;programa una serie de actividades de informaci\u00f3n y debate, de las cuales las m\u00e1s destacadas son los Encuentros con Embajadores de Espa\u00f1a en el mundo o Embajadores acreditados en Espa\u00f1a tienen por objetivo presentar con detalle la coyuntura pol\u00edtica, econ\u00f3mica y jur\u00eddica del pa\u00eds respectivo. Se eligen aquellos pa\u00edses que tienen un atractivo especial [&hellip;]<\/p>\n","protected":false},"author":6,"featured_media":0,"comment_status":"open","ping_status":"closed","sticky":false,"template":"","format":"standard","meta":{"_acf_changed":false,"_crdt_document":"","inline_featured_image":false,"footnotes":""},"categories":[25],"tags":[],"class_list":["post-1104","post","type-post","status-publish","format-standard","hentry","category-aula-internacional"],"acf":[],"yoast_head":"<!-- This site is optimized with the Yoast SEO plugin v27.0 - https:\/\/yoast.com\/product\/yoast-seo-wordpress\/ -->\n<title>Encuentros - CEI International Affairs<\/title>\n<meta name=\"robots\" content=\"index, follow, max-snippet:-1, max-image-preview:large, max-video-preview:-1\" \/>\n<link rel=\"canonical\" href=\"https:\/\/www.ceibcn.com\/en\/2013\/12\/ciclo-de-encuentros-con-embajadores\/\" \/>\n<meta property=\"og:locale\" content=\"en_US\" \/>\n<meta property=\"og:type\" content=\"article\" \/>\n<meta property=\"og:title\" content=\"Encuentros - CEI International Affairs\" \/>\n<meta property=\"og:description\" content=\"El&nbsp;Aula Internacional&nbsp;programa una serie de actividades de informaci\u00f3n y debate, de las cuales las m\u00e1s destacadas son los Encuentros con Embajadores de Espa\u00f1a en el mundo o Embajadores acreditados en Espa\u00f1a tienen por objetivo presentar con detalle la coyuntura pol\u00edtica, econ\u00f3mica y jur\u00eddica del pa\u00eds respectivo. Se eligen aquellos pa\u00edses que tienen un atractivo especial [&hellip;]\" \/>\n<meta property=\"og:url\" content=\"https:\/\/www.ceibcn.com\/en\/2013\/12\/ciclo-de-encuentros-con-embajadores\/\" \/>\n<meta property=\"og:site_name\" content=\"CEI International Affairs\" \/>\n<meta property=\"article:publisher\" content=\"https:\/\/www.facebook.com\/CEI.CentroDeEstudiosInternacionales\/\" \/>\n<meta property=\"article:published_time\" content=\"2013-12-05T06:03:19+00:00\" \/>\n<meta property=\"og:image\" content=\"https:\/\/www.ceibcn.com\/wp-content\/uploads\/2023\/01\/Logo-CEI.png\" \/>\n\t<meta property=\"og:image:width\" content=\"500\" \/>\n\t<meta property=\"og:image:height\" content=\"500\" \/>\n\t<meta property=\"og:image:type\" content=\"image\/png\" \/>\n<meta name=\"author\" content=\"Cristian Romero Velasco\" \/>\n<meta name=\"twitter:card\" content=\"summary_large_image\" \/>\n<meta name=\"twitter:creator\" content=\"@CEIbcn\" \/>\n<meta name=\"twitter:site\" content=\"@CEIbcn\" \/>\n<meta name=\"twitter:label1\" content=\"Written by\" \/>\n\t<meta name=\"twitter:data1\" content=\"Cristian Romero Velasco\" \/>\n\t<meta name=\"twitter:label2\" content=\"Est. reading time\" \/>\n\t<meta name=\"twitter:data2\" content=\"4 minutes\" \/>\n<script type=\"application\/ld+json\" class=\"yoast-schema-graph\">{\"@context\":\"https:\/\/schema.org\",\"@graph\":[{\"@type\":\"Article\",\"@id\":\"https:\/\/www.ceibcn.com\/en\/2013\/12\/ciclo-de-encuentros-con-embajadores\/#article\",\"isPartOf\":{\"@id\":\"https:\/\/www.ceibcn.com\/en\/2013\/12\/ciclo-de-encuentros-con-embajadores\/\"},\"author\":{\"name\":\"Cristian Romero Velasco\",\"@id\":\"https:\/\/www.ceibcn.com\/en\/#\/schema\/person\/4ef9992ee2fbd3987a5e1834e5d5808d\"},\"headline\":\"Encuentros\",\"datePublished\":\"2013-12-05T06:03:19+00:00\",\"mainEntityOfPage\":{\"@id\":\"https:\/\/www.ceibcn.com\/en\/2013\/12\/ciclo-de-encuentros-con-embajadores\/\"},\"wordCount\":876,\"commentCount\":0,\"publisher\":{\"@id\":\"https:\/\/www.ceibcn.com\/en\/#organization\"},\"articleSection\":[\"Aula Internacional\"],\"inLanguage\":\"en-US\",\"potentialAction\":[{\"@type\":\"CommentAction\",\"name\":\"Comment\",\"target\":[\"https:\/\/www.ceibcn.com\/en\/2013\/12\/ciclo-de-encuentros-con-embajadores\/#respond\"]}]},{\"@type\":\"WebPage\",\"@id\":\"https:\/\/www.ceibcn.com\/en\/2013\/12\/ciclo-de-encuentros-con-embajadores\/\",\"url\":\"https:\/\/www.ceibcn.com\/en\/2013\/12\/ciclo-de-encuentros-con-embajadores\/\",\"name\":\"Encuentros - CEI International Affairs\",\"isPartOf\":{\"@id\":\"https:\/\/www.ceibcn.com\/en\/#website\"},\"datePublished\":\"2013-12-05T06:03:19+00:00\",\"breadcrumb\":{\"@id\":\"https:\/\/www.ceibcn.com\/en\/2013\/12\/ciclo-de-encuentros-con-embajadores\/#breadcrumb\"},\"inLanguage\":\"en-US\",\"potentialAction\":[{\"@type\":\"ReadAction\",\"target\":[\"https:\/\/www.ceibcn.com\/en\/2013\/12\/ciclo-de-encuentros-con-embajadores\/\"]}]},{\"@type\":\"BreadcrumbList\",\"@id\":\"https:\/\/www.ceibcn.com\/en\/2013\/12\/ciclo-de-encuentros-con-embajadores\/#breadcrumb\",\"itemListElement\":[{\"@type\":\"ListItem\",\"position\":1,\"name\":\"Portada\",\"item\":\"https:\/\/www.ceibcn.com\/en\/\"},{\"@type\":\"ListItem\",\"position\":2,\"name\":\"Encuentros\"}]},{\"@type\":\"WebSite\",\"@id\":\"https:\/\/www.ceibcn.com\/en\/#website\",\"url\":\"https:\/\/www.ceibcn.com\/en\/\",\"name\":\"CEI International Affairs\",\"description\":\"CEI International Affairs\",\"publisher\":{\"@id\":\"https:\/\/www.ceibcn.com\/en\/#organization\"},\"alternateName\":\"CEI International Affairs\",\"potentialAction\":[{\"@type\":\"SearchAction\",\"target\":{\"@type\":\"EntryPoint\",\"urlTemplate\":\"https:\/\/www.ceibcn.com\/en\/?s={search_term_string}\"},\"query-input\":{\"@type\":\"PropertyValueSpecification\",\"valueRequired\":true,\"valueName\":\"search_term_string\"}}],\"inLanguage\":\"en-US\"},{\"@type\":\"Organization\",\"@id\":\"https:\/\/www.ceibcn.com\/en\/#organization\",\"name\":\"CEI International Affairs\",\"url\":\"https:\/\/www.ceibcn.com\/en\/\",\"logo\":{\"@type\":\"ImageObject\",\"inLanguage\":\"en-US\",\"@id\":\"https:\/\/www.ceibcn.com\/en\/#\/schema\/logo\/image\/\",\"url\":\"https:\/\/www.ceibcn.com\/wp-content\/uploads\/2021\/09\/CeiLogo_EscuelaDiploVectorized_vectorizedSIN_FONDO.png\",\"contentUrl\":\"https:\/\/www.ceibcn.com\/wp-content\/uploads\/2021\/09\/CeiLogo_EscuelaDiploVectorized_vectorizedSIN_FONDO.png\",\"width\":1591,\"height\":629,\"caption\":\"CEI International Affairs\"},\"image\":{\"@id\":\"https:\/\/www.ceibcn.com\/en\/#\/schema\/logo\/image\/\"},\"sameAs\":[\"https:\/\/www.facebook.com\/CEI.CentroDeEstudiosInternacionales\/\",\"https:\/\/x.com\/CEIbcn\",\"https:\/\/www.instagram.com\/cei_international\/\"]},{\"@type\":\"Person\",\"@id\":\"https:\/\/www.ceibcn.com\/en\/#\/schema\/person\/4ef9992ee2fbd3987a5e1834e5d5808d\",\"name\":\"Cristian Romero Velasco\",\"image\":{\"@type\":\"ImageObject\",\"inLanguage\":\"en-US\",\"@id\":\"https:\/\/www.ceibcn.com\/en\/#\/schema\/person\/image\/\",\"url\":\"https:\/\/secure.gravatar.com\/avatar\/d78c33ad7f1570635ae9c9cb6274fe682bd5872dfde7a5448127d7825dd90943?s=96&d=mm&r=g\",\"contentUrl\":\"https:\/\/secure.gravatar.com\/avatar\/d78c33ad7f1570635ae9c9cb6274fe682bd5872dfde7a5448127d7825dd90943?s=96&d=mm&r=g\",\"caption\":\"Cristian Romero Velasco\"},\"url\":\"https:\/\/www.ceibcn.com\/en\/author\/cristian\/\"}]}<\/script>\n<!-- \/ Yoast SEO plugin. -->","yoast_head_json":{"title":"Encuentros - CEI International Affairs","robots":{"index":"index","follow":"follow","max-snippet":"max-snippet:-1","max-image-preview":"max-image-preview:large","max-video-preview":"max-video-preview:-1"},"canonical":"https:\/\/www.ceibcn.com\/en\/2013\/12\/ciclo-de-encuentros-con-embajadores\/","og_locale":"en_US","og_type":"article","og_title":"Encuentros - CEI International Affairs","og_description":"El&nbsp;Aula Internacional&nbsp;programa una serie de actividades de informaci\u00f3n y debate, de las cuales las m\u00e1s destacadas son los Encuentros con Embajadores de Espa\u00f1a en el mundo o Embajadores acreditados en Espa\u00f1a tienen por objetivo presentar con detalle la coyuntura pol\u00edtica, econ\u00f3mica y jur\u00eddica del pa\u00eds respectivo. Se eligen aquellos pa\u00edses que tienen un atractivo especial [&hellip;]","og_url":"https:\/\/www.ceibcn.com\/en\/2013\/12\/ciclo-de-encuentros-con-embajadores\/","og_site_name":"CEI International Affairs","article_publisher":"https:\/\/www.facebook.com\/CEI.CentroDeEstudiosInternacionales\/","article_published_time":"2013-12-05T06:03:19+00:00","og_image":[{"width":500,"height":500,"url":"https:\/\/www.ceibcn.com\/wp-content\/uploads\/2023\/01\/Logo-CEI.png","type":"image\/png"}],"author":"Cristian Romero Velasco","twitter_card":"summary_large_image","twitter_creator":"@CEIbcn","twitter_site":"@CEIbcn","twitter_misc":{"Written by":"Cristian Romero Velasco","Est. reading time":"4 minutes"},"schema":{"@context":"https:\/\/schema.org","@graph":[{"@type":"Article","@id":"https:\/\/www.ceibcn.com\/en\/2013\/12\/ciclo-de-encuentros-con-embajadores\/#article","isPartOf":{"@id":"https:\/\/www.ceibcn.com\/en\/2013\/12\/ciclo-de-encuentros-con-embajadores\/"},"author":{"name":"Cristian Romero Velasco","@id":"https:\/\/www.ceibcn.com\/en\/#\/schema\/person\/4ef9992ee2fbd3987a5e1834e5d5808d"},"headline":"Encuentros","datePublished":"2013-12-05T06:03:19+00:00","mainEntityOfPage":{"@id":"https:\/\/www.ceibcn.com\/en\/2013\/12\/ciclo-de-encuentros-con-embajadores\/"},"wordCount":876,"commentCount":0,"publisher":{"@id":"https:\/\/www.ceibcn.com\/en\/#organization"},"articleSection":["Aula Internacional"],"inLanguage":"en-US","potentialAction":[{"@type":"CommentAction","name":"Comment","target":["https:\/\/www.ceibcn.com\/en\/2013\/12\/ciclo-de-encuentros-con-embajadores\/#respond"]}]},{"@type":"WebPage","@id":"https:\/\/www.ceibcn.com\/en\/2013\/12\/ciclo-de-encuentros-con-embajadores\/","url":"https:\/\/www.ceibcn.com\/en\/2013\/12\/ciclo-de-encuentros-con-embajadores\/","name":"Encuentros - CEI International Affairs","isPartOf":{"@id":"https:\/\/www.ceibcn.com\/en\/#website"},"datePublished":"2013-12-05T06:03:19+00:00","breadcrumb":{"@id":"https:\/\/www.ceibcn.com\/en\/2013\/12\/ciclo-de-encuentros-con-embajadores\/#breadcrumb"},"inLanguage":"en-US","potentialAction":[{"@type":"ReadAction","target":["https:\/\/www.ceibcn.com\/en\/2013\/12\/ciclo-de-encuentros-con-embajadores\/"]}]},{"@type":"BreadcrumbList","@id":"https:\/\/www.ceibcn.com\/en\/2013\/12\/ciclo-de-encuentros-con-embajadores\/#breadcrumb","itemListElement":[{"@type":"ListItem","position":1,"name":"Portada","item":"https:\/\/www.ceibcn.com\/en\/"},{"@type":"ListItem","position":2,"name":"Encuentros"}]},{"@type":"WebSite","@id":"https:\/\/www.ceibcn.com\/en\/#website","url":"https:\/\/www.ceibcn.com\/en\/","name":"CEI International Affairs","description":"CEI International Affairs","publisher":{"@id":"https:\/\/www.ceibcn.com\/en\/#organization"},"alternateName":"CEI International Affairs","potentialAction":[{"@type":"SearchAction","target":{"@type":"EntryPoint","urlTemplate":"https:\/\/www.ceibcn.com\/en\/?s={search_term_string}"},"query-input":{"@type":"PropertyValueSpecification","valueRequired":true,"valueName":"search_term_string"}}],"inLanguage":"en-US"},{"@type":"Organization","@id":"https:\/\/www.ceibcn.com\/en\/#organization","name":"CEI International Affairs","url":"https:\/\/www.ceibcn.com\/en\/","logo":{"@type":"ImageObject","inLanguage":"en-US","@id":"https:\/\/www.ceibcn.com\/en\/#\/schema\/logo\/image\/","url":"https:\/\/www.ceibcn.com\/wp-content\/uploads\/2021\/09\/CeiLogo_EscuelaDiploVectorized_vectorizedSIN_FONDO.png","contentUrl":"https:\/\/www.ceibcn.com\/wp-content\/uploads\/2021\/09\/CeiLogo_EscuelaDiploVectorized_vectorizedSIN_FONDO.png","width":1591,"height":629,"caption":"CEI International Affairs"},"image":{"@id":"https:\/\/www.ceibcn.com\/en\/#\/schema\/logo\/image\/"},"sameAs":["https:\/\/www.facebook.com\/CEI.CentroDeEstudiosInternacionales\/","https:\/\/x.com\/CEIbcn","https:\/\/www.instagram.com\/cei_international\/"]},{"@type":"Person","@id":"https:\/\/www.ceibcn.com\/en\/#\/schema\/person\/4ef9992ee2fbd3987a5e1834e5d5808d","name":"Cristian Romero Velasco","image":{"@type":"ImageObject","inLanguage":"en-US","@id":"https:\/\/www.ceibcn.com\/en\/#\/schema\/person\/image\/","url":"https:\/\/secure.gravatar.com\/avatar\/d78c33ad7f1570635ae9c9cb6274fe682bd5872dfde7a5448127d7825dd90943?s=96&d=mm&r=g","contentUrl":"https:\/\/secure.gravatar.com\/avatar\/d78c33ad7f1570635ae9c9cb6274fe682bd5872dfde7a5448127d7825dd90943?s=96&d=mm&r=g","caption":"Cristian Romero Velasco"},"url":"https:\/\/www.ceibcn.com\/en\/author\/cristian\/"}]}},"_links":{"self":[{"href":"https:\/\/www.ceibcn.com\/en\/wp-json\/wp\/v2\/posts\/1104","targetHints":{"allow":["GET"]}}],"collection":[{"href":"https:\/\/www.ceibcn.com\/en\/wp-json\/wp\/v2\/posts"}],"about":[{"href":"https:\/\/www.ceibcn.com\/en\/wp-json\/wp\/v2\/types\/post"}],"author":[{"embeddable":true,"href":"https:\/\/www.ceibcn.com\/en\/wp-json\/wp\/v2\/users\/6"}],"replies":[{"embeddable":true,"href":"https:\/\/www.ceibcn.com\/en\/wp-json\/wp\/v2\/comments?post=1104"}],"version-history":[{"count":0,"href":"https:\/\/www.ceibcn.com\/en\/wp-json\/wp\/v2\/posts\/1104\/revisions"}],"wp:attachment":[{"href":"https:\/\/www.ceibcn.com\/en\/wp-json\/wp\/v2\/media?parent=1104"}],"wp:term":[{"taxonomy":"category","embeddable":true,"href":"https:\/\/www.ceibcn.com\/en\/wp-json\/wp\/v2\/categories?post=1104"},{"taxonomy":"post_tag","embeddable":true,"href":"https:\/\/www.ceibcn.com\/en\/wp-json\/wp\/v2\/tags?post=1104"}],"curies":[{"name":"wp","href":"https:\/\/api.w.org\/{rel}","templated":true}]}}