{"id":1139,"date":"2013-12-05T07:33:16","date_gmt":"2013-12-05T07:33:16","guid":{"rendered":"https:\/\/www.ceibcn.com\/2013\/12\/contenidos-academicos-2\/"},"modified":"2013-12-05T07:33:16","modified_gmt":"2013-12-05T07:33:16","slug":"contenidos-academicos-2","status":"publish","type":"post","link":"https:\/\/www.ceibcn.com\/en\/2013\/12\/contenidos-academicos-2\/","title":{"rendered":"Programa"},"content":{"rendered":"<p>El M\u00e1ster se divide en dos partes: la formaci\u00f3n acad\u00e9mica y la formaci\u00f3n mediante pr\u00e1cticas profesionales.<\/p>\n<p>&nbsp;El M\u00e1ster se compone de 60 cr\u00e9ditos ECTS:<\/p>\n<ul>\n<li>Formaci\u00f3n acad\u00e9mica: 36 cr\u00e9ditos ECTS.<\/li>\n<li>Trabajo de fin de M\u00e1ster: 6 cr\u00e9ditos ECTS.<\/li>\n<li data-mce-word-list=\"1\">Pr\u00e1cticas profesionales: 18 cr\u00e9ditos ECTS.<\/li>\n<\/ul>\n<h2>&nbsp;<\/h2>\n<h2>Formaci\u00f3n Acad\u00e9mica (36 ECTS)<\/h2>\n<p>(duraci\u00f3n de 7-8 meses)<\/p>\n<p>&nbsp;<\/p>\n<p><strong>4 M\u00f3dulos Comunes Obligatorios<br \/><\/strong><\/p>\n<p><em>Orden Jur\u00eddico e Institucional Internacional (6 ECTS)<\/em><\/p>\n<ul>\n<li>El ordenamiento jur\u00eddico de la comunidad internacional (3 ECTS)\n<ul>\n<li>Consulta el <a href=\"https:\/\/www.ceibcn.com\/wp-content\/uploads\/2013\/07\/Plan-Docente_Ordenamiento-juri%CC%81dico_CEI1.pdf\">plan docente<\/a> para el curso&nbsp;2022-2023.<\/li>\n<\/ul>\n<\/li>\n<li>Derecho Internacional Institucional. La funci\u00f3n p\u00fablica internacional (3 ECTS)\n<ul>\n<li>Consulta el <a href=\"https:\/\/www.ceibcn.com\/wp-content\/uploads\/2013\/07\/Plan-Docente_DerInstitucion_CEI1.pdf\">plan docente<\/a> para el curso 2022-2023.<\/li>\n<\/ul>\n<\/li>\n<\/ul>\n<p>&nbsp;<\/p>\n<p><em>Pol\u00edtica y Econom\u00eda Internacionales (6 ECTS)<\/em><\/p>\n<ul>\n<li>La gobernanza pol\u00edtica de la globalizaci\u00f3n (3 ECTS)\n<ul>\n<li>Consulta el <a href=\"https:\/\/www.ceibcn.com\/wp-content\/uploads\/2013\/07\/Plan-Docente_GobPol_CEI1.pdf\">plan docente<\/a> para el curso 2022-2023.&nbsp;<\/li>\n<\/ul>\n<\/li>\n<li>La gobernanza econ\u00f3mica de la globalizaci\u00f3n (3 ECTS)\n<ul>\n<li>Consulta el <a href=\"https:\/\/www.ceibcn.com\/wp-content\/uploads\/2013\/07\/Plan-Docente-GobEcon_CEI1.pdf\">plan docente<\/a> para el curso 2022-2023.&nbsp;<\/li>\n<\/ul>\n<\/li>\n<\/ul>\n<p>&nbsp;<\/p>\n<p><em>Diplomacia y Paz (6 ECTS)<\/em><\/p>\n<ul>\n<li>Derecho diplom\u00e1tico y consular. Paradiplomacia (3 ECTS)\n<ul>\n<li>Consulta el <a href=\"https:\/\/www.ceibcn.com\/wp-content\/uploads\/2013\/07\/Plan-Docente_DerechoDiploma%CC%81tico_CEI1.pdf\">plan docente<\/a> para el curso 2022-2023.&nbsp;<\/li>\n<\/ul>\n<\/li>\n<li>Instituciones para el mantenimiento de la paz y la seguridad (3 ECTS)\n<ul>\n<li>Consulta el<a href=\"https:\/\/www.ceibcn.com\/wp-content\/uploads\/2013\/07\/Plan-Docente_PAX_CEI1.pdf\"> plan docente <\/a>para el curso 2022-2023.&nbsp;<\/li>\n<\/ul>\n<\/li>\n<\/ul>\n<p>&nbsp;<\/p>\n<p><em>Skills (6 ECTS)<\/em><\/p>\n<ul style=\"list-style-type: disc;\">\n<li>Skills I (3 ECTS) y Skills II (3 ECTS)\n<ul>\n<li>Consulta el <a href=\"https:\/\/www.ceibcn.com\/wp-content\/uploads\/2013\/07\/Plan-Docente-Skills_CEI1.pdf\">plan docente<\/a> para el curso 2022-2023.&nbsp;<\/li>\n<\/ul>\n<\/li>\n<\/ul>\n<h2>&nbsp;<\/h2>\n<h2>Especialidades<\/h2>\n<p>(En cada especialidad es necesario cursar un total de 2 m\u00f3dulos de 6 ECTS cada uno)<\/p>\n<p>&nbsp;<\/p>\n<p><strong>Especialidad en Seguridad Humana (Derechos Humanos y Cooperaci\u00f3n al Desarrollo)<br \/><\/strong><\/p>\n<p><em>Protecci\u00f3n internacional del individuo (6 ECTS)<\/em><\/p>\n<ul>\n<li>Instituciones para la protecci\u00f3n internacional de los derechos humanos (3 ECTS)\n<ul>\n<li>Consulta el <a href=\"https:\/\/www.ceibcn.com\/wp-content\/uploads\/2013\/07\/Plan-Docente-Instituciones-DDHH_CEI1.pdf\">plan docente<\/a> para el curso 2022-2023.<\/li>\n<\/ul>\n<\/li>\n<li>Derecho internacional humanitario. Derecho internacional penal (3 ECTS)\n<ul>\n<li>Consulta el <a href=\"https:\/\/www.ceibcn.com\/wp-content\/uploads\/2013\/07\/Plan-Docente-IHL-ICL_CEI1.pdf\">plan docente<\/a> para el curos 2022-2023.&nbsp;<\/li>\n<\/ul>\n<\/li>\n<\/ul>\n<p>&nbsp;<\/p>\n<p><em>Cooperaci\u00f3n y desarrollo sostenible (6 ECTS)<\/em><\/p>\n<ul>\n<li>Cooperaci\u00f3n al desarrollo (3 ECTS)\n<ul>\n<li>Consulta el <a href=\"https:\/\/www.ceibcn.com\/wp-content\/uploads\/2013\/07\/Plan-Docente-Development-Cooperation_CEI1.pdf\">plan docente<\/a> para el curso 2022-2023.&nbsp;<\/li>\n<\/ul>\n<\/li>\n<li>Desarrollo sostenible y protecci\u00f3n del medio ambiente (3 ECTS)\n<ul>\n<li>Consulta el <a href=\"https:\/\/www.ceibcn.com\/wp-content\/uploads\/2013\/07\/Plan-Docente_DesarrolloSostenible_CEI1.pdf\">plan docente<\/a> para el curso 2022-2023.&nbsp;<\/li>\n<\/ul>\n<\/li>\n<\/ul>\n<p>&nbsp;<\/p>\n<p><strong>Especialidad en Relaciones Econ\u00f3micas Europeas e Internacionales<br \/><\/strong><\/p>\n<p><em>La Uni\u00f3n Europea como actor internacional (6 ECTS)<\/em><\/p>\n<ul>\n<li>Instituciones y toma de decisiones en la Uni\u00f3n Europea. La funci\u00f3n p\u00fablica europea (3 ECTS)\n<ul>\n<li>Consulta el <a href=\"https:\/\/www.ceibcn.com\/wp-content\/uploads\/2013\/07\/Plan-Docente_InstitucionesUE_CEI1.pdf\">plan docente<\/a> para el curso 2022-2023.&nbsp;<\/li>\n<\/ul>\n<\/li>\n<li>Relaciones exteriores y pol\u00edtica exterior de la Uni\u00f3n Europea (3 ECTS)\n<ul>\n<li>Consulta el <a href=\"https:\/\/www.ceibcn.com\/wp-content\/uploads\/2013\/07\/Plan-Docente_UEPEX_CEI1.pdf\">plan docente<\/a> para el curso 2022-2023.&nbsp;<\/li>\n<\/ul>\n<\/li>\n<\/ul>\n<p>&nbsp;<\/p>\n<p><em>Comercio Internacional y Europeo (6 ECTS)<\/em><\/p>\n<ul>\n<li>Derecho internacional del comercio y las inversiones extranjeras (3 ECTS)\n<ul>\n<li>Consulta el <a href=\"https:\/\/www.ceibcn.com\/wp-content\/uploads\/2013\/07\/Plan-Docente-Intl-Trade-Law-Foreign-Investmen_CEI1.pdf\">plan docente<\/a> para el curso 2022-2023.<\/li>\n<\/ul>\n<\/li>\n<li>Mercado interior y competencia en la Uni\u00f3n Europea (3 ECTS)\n<ul>\n<li>Consulta el <a href=\"https:\/\/www.ceibcn.com\/wp-content\/uploads\/2013\/07\/Plan-Docente-Mercado-Interior_CEI1.pdf\">plan docente<\/a> para el curso 2022-2023.&nbsp;&nbsp;<\/li>\n<\/ul>\n<\/li>\n<\/ul>\n<p>&nbsp;<\/p>\n<p>&nbsp;<\/p>\n<p>&nbsp;<\/p>\n<h2>Trabajo Fin de M\u00e1ster (6 ECTS)<\/h2>\n<p>La elecci\u00f3n del tema del TFM ser\u00e1 llevada a cabo por cada estudiante, con el asesoramiento de la coordinaci\u00f3n del M\u00e1ster, teniendo en cuenta que guarde relaci\u00f3n con la especialidad que el\/la estudiante est\u00e9 cursando, las pr\u00e1cticas que quiera realizar y la carrera profesional que quiera emprender. Se le asignar\u00e1 un\/a tutor\/a que le guiar\u00e1 en su investigaci\u00f3n y redacci\u00f3n. Para ser evaluado, el TFM deber\u00e1 ser defendido p\u00fablicamente ante un tribunal de evaluaci\u00f3n.<\/p>\n<p>&nbsp;<\/p>\n<p>&nbsp;<\/p>\n<p>&nbsp;<\/p>\n<h2>Pr\u00e1cticas profesionales obligatorias (18 ECTS)<\/h2>\n<p>Las pr\u00e1cticas tienen una duraci\u00f3n de 450 horas (18 ECTS), a desarrollar en un periodo de 3 a 6 meses. Estas son curriculares, lo que significa que el estudiante debe realizarlas para la obtenci\u00f3n del t\u00edtulo de M\u00e1ster. El <em>CEI International Affairs<\/em> asiste, facilita y promueve la realizaci\u00f3n de las pr\u00e1cticas obligatorias en instituciones del \u00e1mbito internacional, tras un proceso de selecci\u00f3n por la persona gestora de las pr\u00e1cticas del M\u00e1ster y siempre sometido a la aceptaci\u00f3n final por parte de la instituci\u00f3n de destino. En caso de no superar este proceso, la coordinaci\u00f3n del M\u00e1ster podr\u00e1 reemplazar la realizaci\u00f3n de las pr\u00e1cticas por un trabajo de investigaci\u00f3n tutorizado a fin de obtener los 18 cr\u00e9ditos exigidos, siguiendo las indicaciones provistas por el equipo docente del <em>CEI International Affairs<\/em>. En caso de no superar la parte acad\u00e9mica, no existe posibilidad de optar a las pr\u00e1cticas ni al trabajo de investigaci\u00f3n mencionado.<\/p>\n<p>&nbsp;<\/p>\n<p>&nbsp;<\/p>\n<p>&nbsp;<\/p>\n<h2>Complementos formativos (6 ECTS)<\/h2>\n<p>En la prueba de admisi\u00f3n la coordinaci\u00f3n del M\u00e1ster valorar\u00e1 qu\u00e9 estudiantes deben cursar los <a href=\"es\/contenidos-academicos\">6 ECTS de complementos formativos obligatorios<\/a>, que se realizar\u00e1n en las semanas previas al inicio del curso:<\/p>\n<ul>\n<li data-mce-word-list=\"1\">Introducci\u00f3n al derecho internacional p\u00fablico y las organizaciones internacionales.<\/li>\n<li data-mce-word-list=\"1\">Introducci\u00f3n a las relaciones internacionales y pol\u00edtica internacional.<\/li>\n<li data-mce-word-list=\"1\">Introducci\u00f3n a la econom\u00eda y al comercio internacional.<\/li>\n<\/ul>\n<p>Estos cr\u00e9ditos se impartir\u00e1n a trav\u00e9s de sendos cursos intensivos presenciales en las aulas del <em>CEI International Affairs.<\/em><\/p>\n<p>&nbsp;<\/p>\n","protected":false},"excerpt":{"rendered":"<p>El M\u00e1ster se divide en dos partes: la formaci\u00f3n acad\u00e9mica y la formaci\u00f3n mediante pr\u00e1cticas profesionales. &nbsp;El M\u00e1ster se compone de 60 cr\u00e9ditos ECTS: Formaci\u00f3n acad\u00e9mica: 36 cr\u00e9ditos ECTS. Trabajo de fin de M\u00e1ster: 6 cr\u00e9ditos ECTS. Pr\u00e1cticas profesionales: 18 cr\u00e9ditos ECTS. &nbsp; Formaci\u00f3n Acad\u00e9mica (36 ECTS) (duraci\u00f3n de 7-8 meses) &nbsp; 4 M\u00f3dulos Comunes [&hellip;]<\/p>\n","protected":false},"author":6,"featured_media":0,"comment_status":"open","ping_status":"closed","sticky":false,"template":"","format":"standard","meta":{"_acf_changed":false,"_crdt_document":"","inline_featured_image":false,"footnotes":""},"categories":[1],"tags":[],"class_list":["post-1139","post","type-post","status-publish","format-standard","hentry","category-sin-categoria"],"acf":[],"yoast_head":"<!-- This site is optimized with the Yoast SEO plugin v27.0 - https:\/\/yoast.com\/product\/yoast-seo-wordpress\/ -->\n<title>Programa - CEI International Affairs<\/title>\n<meta name=\"robots\" content=\"index, follow, max-snippet:-1, max-image-preview:large, max-video-preview:-1\" \/>\n<link rel=\"canonical\" href=\"https:\/\/www.ceibcn.com\/en\/2013\/12\/contenidos-academicos-2\/\" \/>\n<meta property=\"og:locale\" content=\"en_US\" \/>\n<meta property=\"og:type\" content=\"article\" \/>\n<meta property=\"og:title\" content=\"Programa - CEI International Affairs\" \/>\n<meta property=\"og:description\" content=\"El M\u00e1ster se divide en dos partes: la formaci\u00f3n acad\u00e9mica y la formaci\u00f3n mediante pr\u00e1cticas profesionales. &nbsp;El M\u00e1ster se compone de 60 cr\u00e9ditos ECTS: Formaci\u00f3n acad\u00e9mica: 36 cr\u00e9ditos ECTS. Trabajo de fin de M\u00e1ster: 6 cr\u00e9ditos ECTS. Pr\u00e1cticas profesionales: 18 cr\u00e9ditos ECTS. &nbsp; Formaci\u00f3n Acad\u00e9mica (36 ECTS) (duraci\u00f3n de 7-8 meses) &nbsp; 4 M\u00f3dulos Comunes [&hellip;]\" \/>\n<meta property=\"og:url\" content=\"https:\/\/www.ceibcn.com\/en\/2013\/12\/contenidos-academicos-2\/\" \/>\n<meta property=\"og:site_name\" content=\"CEI International Affairs\" \/>\n<meta property=\"article:publisher\" content=\"https:\/\/www.facebook.com\/CEI.CentroDeEstudiosInternacionales\/\" \/>\n<meta property=\"article:published_time\" content=\"2013-12-05T07:33:16+00:00\" \/>\n<meta property=\"og:image\" content=\"https:\/\/www.ceibcn.com\/wp-content\/uploads\/2023\/01\/Logo-CEI.png\" \/>\n\t<meta property=\"og:image:width\" content=\"500\" \/>\n\t<meta property=\"og:image:height\" content=\"500\" \/>\n\t<meta property=\"og:image:type\" content=\"image\/png\" \/>\n<meta name=\"author\" content=\"Cristian Romero Velasco\" \/>\n<meta name=\"twitter:card\" content=\"summary_large_image\" \/>\n<meta name=\"twitter:creator\" content=\"@CEIbcn\" \/>\n<meta name=\"twitter:site\" content=\"@CEIbcn\" \/>\n<meta name=\"twitter:label1\" content=\"Written by\" \/>\n\t<meta name=\"twitter:data1\" content=\"Cristian Romero Velasco\" \/>\n\t<meta name=\"twitter:label2\" content=\"Est. reading time\" \/>\n\t<meta name=\"twitter:data2\" content=\"4 minutes\" \/>\n<script type=\"application\/ld+json\" class=\"yoast-schema-graph\">{\"@context\":\"https:\/\/schema.org\",\"@graph\":[{\"@type\":\"Article\",\"@id\":\"https:\/\/www.ceibcn.com\/en\/2013\/12\/contenidos-academicos-2\/#article\",\"isPartOf\":{\"@id\":\"https:\/\/www.ceibcn.com\/en\/2013\/12\/contenidos-academicos-2\/\"},\"author\":{\"name\":\"Cristian Romero Velasco\",\"@id\":\"https:\/\/www.ceibcn.com\/en\/#\/schema\/person\/4ef9992ee2fbd3987a5e1834e5d5808d\"},\"headline\":\"Programa\",\"datePublished\":\"2013-12-05T07:33:16+00:00\",\"mainEntityOfPage\":{\"@id\":\"https:\/\/www.ceibcn.com\/en\/2013\/12\/contenidos-academicos-2\/\"},\"wordCount\":797,\"commentCount\":0,\"publisher\":{\"@id\":\"https:\/\/www.ceibcn.com\/en\/#organization\"},\"articleSection\":[\"Sin categor\u00eda\"],\"inLanguage\":\"en-US\",\"potentialAction\":[{\"@type\":\"CommentAction\",\"name\":\"Comment\",\"target\":[\"https:\/\/www.ceibcn.com\/en\/2013\/12\/contenidos-academicos-2\/#respond\"]}]},{\"@type\":\"WebPage\",\"@id\":\"https:\/\/www.ceibcn.com\/en\/2013\/12\/contenidos-academicos-2\/\",\"url\":\"https:\/\/www.ceibcn.com\/en\/2013\/12\/contenidos-academicos-2\/\",\"name\":\"Programa - CEI International Affairs\",\"isPartOf\":{\"@id\":\"https:\/\/www.ceibcn.com\/en\/#website\"},\"datePublished\":\"2013-12-05T07:33:16+00:00\",\"breadcrumb\":{\"@id\":\"https:\/\/www.ceibcn.com\/en\/2013\/12\/contenidos-academicos-2\/#breadcrumb\"},\"inLanguage\":\"en-US\",\"potentialAction\":[{\"@type\":\"ReadAction\",\"target\":[\"https:\/\/www.ceibcn.com\/en\/2013\/12\/contenidos-academicos-2\/\"]}]},{\"@type\":\"BreadcrumbList\",\"@id\":\"https:\/\/www.ceibcn.com\/en\/2013\/12\/contenidos-academicos-2\/#breadcrumb\",\"itemListElement\":[{\"@type\":\"ListItem\",\"position\":1,\"name\":\"Portada\",\"item\":\"https:\/\/www.ceibcn.com\/en\/\"},{\"@type\":\"ListItem\",\"position\":2,\"name\":\"Programa\"}]},{\"@type\":\"WebSite\",\"@id\":\"https:\/\/www.ceibcn.com\/en\/#website\",\"url\":\"https:\/\/www.ceibcn.com\/en\/\",\"name\":\"CEI International Affairs\",\"description\":\"CEI International Affairs\",\"publisher\":{\"@id\":\"https:\/\/www.ceibcn.com\/en\/#organization\"},\"alternateName\":\"CEI International Affairs\",\"potentialAction\":[{\"@type\":\"SearchAction\",\"target\":{\"@type\":\"EntryPoint\",\"urlTemplate\":\"https:\/\/www.ceibcn.com\/en\/?s={search_term_string}\"},\"query-input\":{\"@type\":\"PropertyValueSpecification\",\"valueRequired\":true,\"valueName\":\"search_term_string\"}}],\"inLanguage\":\"en-US\"},{\"@type\":\"Organization\",\"@id\":\"https:\/\/www.ceibcn.com\/en\/#organization\",\"name\":\"CEI International Affairs\",\"url\":\"https:\/\/www.ceibcn.com\/en\/\",\"logo\":{\"@type\":\"ImageObject\",\"inLanguage\":\"en-US\",\"@id\":\"https:\/\/www.ceibcn.com\/en\/#\/schema\/logo\/image\/\",\"url\":\"https:\/\/www.ceibcn.com\/wp-content\/uploads\/2021\/09\/CeiLogo_EscuelaDiploVectorized_vectorizedSIN_FONDO.png\",\"contentUrl\":\"https:\/\/www.ceibcn.com\/wp-content\/uploads\/2021\/09\/CeiLogo_EscuelaDiploVectorized_vectorizedSIN_FONDO.png\",\"width\":1591,\"height\":629,\"caption\":\"CEI International Affairs\"},\"image\":{\"@id\":\"https:\/\/www.ceibcn.com\/en\/#\/schema\/logo\/image\/\"},\"sameAs\":[\"https:\/\/www.facebook.com\/CEI.CentroDeEstudiosInternacionales\/\",\"https:\/\/x.com\/CEIbcn\",\"https:\/\/www.instagram.com\/cei_international\/\"]},{\"@type\":\"Person\",\"@id\":\"https:\/\/www.ceibcn.com\/en\/#\/schema\/person\/4ef9992ee2fbd3987a5e1834e5d5808d\",\"name\":\"Cristian Romero Velasco\",\"image\":{\"@type\":\"ImageObject\",\"inLanguage\":\"en-US\",\"@id\":\"https:\/\/www.ceibcn.com\/en\/#\/schema\/person\/image\/\",\"url\":\"https:\/\/secure.gravatar.com\/avatar\/d78c33ad7f1570635ae9c9cb6274fe682bd5872dfde7a5448127d7825dd90943?s=96&d=mm&r=g\",\"contentUrl\":\"https:\/\/secure.gravatar.com\/avatar\/d78c33ad7f1570635ae9c9cb6274fe682bd5872dfde7a5448127d7825dd90943?s=96&d=mm&r=g\",\"caption\":\"Cristian Romero Velasco\"},\"url\":\"https:\/\/www.ceibcn.com\/en\/author\/cristian\/\"}]}<\/script>\n<!-- \/ Yoast SEO plugin. -->","yoast_head_json":{"title":"Programa - CEI International Affairs","robots":{"index":"index","follow":"follow","max-snippet":"max-snippet:-1","max-image-preview":"max-image-preview:large","max-video-preview":"max-video-preview:-1"},"canonical":"https:\/\/www.ceibcn.com\/en\/2013\/12\/contenidos-academicos-2\/","og_locale":"en_US","og_type":"article","og_title":"Programa - CEI International Affairs","og_description":"El M\u00e1ster se divide en dos partes: la formaci\u00f3n acad\u00e9mica y la formaci\u00f3n mediante pr\u00e1cticas profesionales. &nbsp;El M\u00e1ster se compone de 60 cr\u00e9ditos ECTS: Formaci\u00f3n acad\u00e9mica: 36 cr\u00e9ditos ECTS. Trabajo de fin de M\u00e1ster: 6 cr\u00e9ditos ECTS. Pr\u00e1cticas profesionales: 18 cr\u00e9ditos ECTS. &nbsp; Formaci\u00f3n Acad\u00e9mica (36 ECTS) (duraci\u00f3n de 7-8 meses) &nbsp; 4 M\u00f3dulos Comunes [&hellip;]","og_url":"https:\/\/www.ceibcn.com\/en\/2013\/12\/contenidos-academicos-2\/","og_site_name":"CEI International Affairs","article_publisher":"https:\/\/www.facebook.com\/CEI.CentroDeEstudiosInternacionales\/","article_published_time":"2013-12-05T07:33:16+00:00","og_image":[{"width":500,"height":500,"url":"https:\/\/www.ceibcn.com\/wp-content\/uploads\/2023\/01\/Logo-CEI.png","type":"image\/png"}],"author":"Cristian Romero Velasco","twitter_card":"summary_large_image","twitter_creator":"@CEIbcn","twitter_site":"@CEIbcn","twitter_misc":{"Written by":"Cristian Romero Velasco","Est. reading time":"4 minutes"},"schema":{"@context":"https:\/\/schema.org","@graph":[{"@type":"Article","@id":"https:\/\/www.ceibcn.com\/en\/2013\/12\/contenidos-academicos-2\/#article","isPartOf":{"@id":"https:\/\/www.ceibcn.com\/en\/2013\/12\/contenidos-academicos-2\/"},"author":{"name":"Cristian Romero Velasco","@id":"https:\/\/www.ceibcn.com\/en\/#\/schema\/person\/4ef9992ee2fbd3987a5e1834e5d5808d"},"headline":"Programa","datePublished":"2013-12-05T07:33:16+00:00","mainEntityOfPage":{"@id":"https:\/\/www.ceibcn.com\/en\/2013\/12\/contenidos-academicos-2\/"},"wordCount":797,"commentCount":0,"publisher":{"@id":"https:\/\/www.ceibcn.com\/en\/#organization"},"articleSection":["Sin categor\u00eda"],"inLanguage":"en-US","potentialAction":[{"@type":"CommentAction","name":"Comment","target":["https:\/\/www.ceibcn.com\/en\/2013\/12\/contenidos-academicos-2\/#respond"]}]},{"@type":"WebPage","@id":"https:\/\/www.ceibcn.com\/en\/2013\/12\/contenidos-academicos-2\/","url":"https:\/\/www.ceibcn.com\/en\/2013\/12\/contenidos-academicos-2\/","name":"Programa - CEI International Affairs","isPartOf":{"@id":"https:\/\/www.ceibcn.com\/en\/#website"},"datePublished":"2013-12-05T07:33:16+00:00","breadcrumb":{"@id":"https:\/\/www.ceibcn.com\/en\/2013\/12\/contenidos-academicos-2\/#breadcrumb"},"inLanguage":"en-US","potentialAction":[{"@type":"ReadAction","target":["https:\/\/www.ceibcn.com\/en\/2013\/12\/contenidos-academicos-2\/"]}]},{"@type":"BreadcrumbList","@id":"https:\/\/www.ceibcn.com\/en\/2013\/12\/contenidos-academicos-2\/#breadcrumb","itemListElement":[{"@type":"ListItem","position":1,"name":"Portada","item":"https:\/\/www.ceibcn.com\/en\/"},{"@type":"ListItem","position":2,"name":"Programa"}]},{"@type":"WebSite","@id":"https:\/\/www.ceibcn.com\/en\/#website","url":"https:\/\/www.ceibcn.com\/en\/","name":"CEI International Affairs","description":"CEI International Affairs","publisher":{"@id":"https:\/\/www.ceibcn.com\/en\/#organization"},"alternateName":"CEI International Affairs","potentialAction":[{"@type":"SearchAction","target":{"@type":"EntryPoint","urlTemplate":"https:\/\/www.ceibcn.com\/en\/?s={search_term_string}"},"query-input":{"@type":"PropertyValueSpecification","valueRequired":true,"valueName":"search_term_string"}}],"inLanguage":"en-US"},{"@type":"Organization","@id":"https:\/\/www.ceibcn.com\/en\/#organization","name":"CEI International Affairs","url":"https:\/\/www.ceibcn.com\/en\/","logo":{"@type":"ImageObject","inLanguage":"en-US","@id":"https:\/\/www.ceibcn.com\/en\/#\/schema\/logo\/image\/","url":"https:\/\/www.ceibcn.com\/wp-content\/uploads\/2021\/09\/CeiLogo_EscuelaDiploVectorized_vectorizedSIN_FONDO.png","contentUrl":"https:\/\/www.ceibcn.com\/wp-content\/uploads\/2021\/09\/CeiLogo_EscuelaDiploVectorized_vectorizedSIN_FONDO.png","width":1591,"height":629,"caption":"CEI International Affairs"},"image":{"@id":"https:\/\/www.ceibcn.com\/en\/#\/schema\/logo\/image\/"},"sameAs":["https:\/\/www.facebook.com\/CEI.CentroDeEstudiosInternacionales\/","https:\/\/x.com\/CEIbcn","https:\/\/www.instagram.com\/cei_international\/"]},{"@type":"Person","@id":"https:\/\/www.ceibcn.com\/en\/#\/schema\/person\/4ef9992ee2fbd3987a5e1834e5d5808d","name":"Cristian Romero Velasco","image":{"@type":"ImageObject","inLanguage":"en-US","@id":"https:\/\/www.ceibcn.com\/en\/#\/schema\/person\/image\/","url":"https:\/\/secure.gravatar.com\/avatar\/d78c33ad7f1570635ae9c9cb6274fe682bd5872dfde7a5448127d7825dd90943?s=96&d=mm&r=g","contentUrl":"https:\/\/secure.gravatar.com\/avatar\/d78c33ad7f1570635ae9c9cb6274fe682bd5872dfde7a5448127d7825dd90943?s=96&d=mm&r=g","caption":"Cristian Romero Velasco"},"url":"https:\/\/www.ceibcn.com\/en\/author\/cristian\/"}]}},"_links":{"self":[{"href":"https:\/\/www.ceibcn.com\/en\/wp-json\/wp\/v2\/posts\/1139","targetHints":{"allow":["GET"]}}],"collection":[{"href":"https:\/\/www.ceibcn.com\/en\/wp-json\/wp\/v2\/posts"}],"about":[{"href":"https:\/\/www.ceibcn.com\/en\/wp-json\/wp\/v2\/types\/post"}],"author":[{"embeddable":true,"href":"https:\/\/www.ceibcn.com\/en\/wp-json\/wp\/v2\/users\/6"}],"replies":[{"embeddable":true,"href":"https:\/\/www.ceibcn.com\/en\/wp-json\/wp\/v2\/comments?post=1139"}],"version-history":[{"count":0,"href":"https:\/\/www.ceibcn.com\/en\/wp-json\/wp\/v2\/posts\/1139\/revisions"}],"wp:attachment":[{"href":"https:\/\/www.ceibcn.com\/en\/wp-json\/wp\/v2\/media?parent=1139"}],"wp:term":[{"taxonomy":"category","embeddable":true,"href":"https:\/\/www.ceibcn.com\/en\/wp-json\/wp\/v2\/categories?post=1139"},{"taxonomy":"post_tag","embeddable":true,"href":"https:\/\/www.ceibcn.com\/en\/wp-json\/wp\/v2\/tags?post=1139"}],"curies":[{"name":"wp","href":"https:\/\/api.w.org\/{rel}","templated":true}]}}