{"id":1144,"date":"2013-12-05T07:49:34","date_gmt":"2013-12-05T07:49:34","guid":{"rendered":"https:\/\/www.ceibcn.com\/2013\/12\/curso-de-actualidad-de-la-politica-exterior\/"},"modified":"2013-12-05T07:49:34","modified_gmt":"2013-12-05T07:49:34","slug":"curso-de-actualidad-de-la-politica-exterior","status":"publish","type":"post","link":"https:\/\/www.ceibcn.com\/en\/2013\/12\/curso-de-actualidad-de-la-politica-exterior\/","title":{"rendered":"Curso sobre la Actualidad de la Pol\u00edtica Exterior Espa\u00f1ola"},"content":{"rendered":"<p>&nbsp;<\/p>\n<p>&nbsp;<\/p>\n<h2 style=\"font-size: 22px; margin: 12px 0px; line-height: 24px; color: #333333;\">PRESENTACI\u00d3N:<\/h2>\n<p>La XX Edici\u00f3n del <strong>Curso sobre la Actualidad de la Pol\u00edtica Exterior Espa\u00f1ola (Edici\u00f3n 2022)<\/strong> se propone hacer un repaso desde una doble perspectiva pr\u00e1ctica y acad\u00e9mica, de las distintas dimensiones que constituyen la pol\u00edtica exterior espa\u00f1ola en la actualidad.<\/p>\n<p>El curso presenta una estructura din\u00e1mica basada en <strong>mesas redondas<\/strong> abiertas a la participaci\u00f3n de acad\u00e9micos y diplom\u00e1ticos, as\u00ed como de los asistentes. Se analiza la pol\u00edtica exterior espa\u00f1ola en relaci\u00f3n con Estados Unidos de Am\u00e9rica -y, por extensi\u00f3n, con la Organizaci\u00f3n del Tratado del Atl\u00e1ntico Norte-, con la Rep\u00fablica Popular de China, con Rusia, con India y con las <strong>potencias europeas<\/strong> como Francia, Alemania o el Reino Unido.<\/p>\n<p>Todo ello teniendo presente en todo momento el estado actual y las l\u00edneas directrices generales que han de marcar la<strong> agenda exterior del Estado<\/strong> en los pr\u00f3ximos a\u00f1os.<\/p>\n<p>Anualmente, este curso cuenta con el reconocimiento de <strong>2 cr\u00e9ditos ECTS<\/strong> por parte de la <a href=\"http:\/\/www.ub.edu\/web\/ub\/ca\/\">Universidad de Barcelona<\/a>, en concreto por la Facultad de Derecho.&nbsp;<\/p>\n<p>&nbsp;<\/p>\n<p>&nbsp;<\/p>\n<h2 style=\"font-size: 22px; margin: 12px 0px; line-height: 24px; color: #333333;\">DIRIGIDO A:<\/h2>\n<p style=\"margin: 0px 0px 9px; color: #333333; line-height: normal;\">Todas aquellas personas y profesionales interesados en conocer la situaci\u00f3n actual de la pol\u00edtica exterior espa\u00f1ola desde una perspectiva regional, multilateral y sectorial.<\/p>\n<p>&nbsp;<\/p>\n<p>&nbsp;<\/p>\n<h2 style=\"font-size: 22px; margin: 12px 0px; line-height: normal; color: #333333;\">TIMING Y HORARIO:<\/h2>\n<p>El <strong>Curso sobre la Actualidad de la Pol\u00edtica Exterior Espa\u00f1ola<\/strong> tendr\u00e1 lugar del<strong> 25 al 29 de abril de 2022.<\/strong> <\/p>\n<p>Las sesiones ser\u00e1n de lunes a viernes de 16.30h-18.30h. La modalidad del curso ser\u00e1 <strong>presencial<\/strong>. <\/p>\n<p>Si lo desea, tambi\u00e9n puede solicitar su inscripci\u00f3n para 1 solo d\u00eda a una tem\u00e1tica en concreto.<\/p>\n<p>&nbsp;<\/p>\n<p>&nbsp;<\/p>\n<h2 style=\"font-size: 14px; margin: 20px 0px 10px; font-family: Arial, Helvetica, sans-serif; color: #118ec9; padding: 0px;\">PRECIO:<\/h2>\n<p><strong>&nbsp;95,00 \u20ac<\/strong> para exalumnos y alumnos del CEI, estudiantes de cualquier facultad y personas en paro.<br \/>Para acceder al descuento se debe adjuntar, el formulario de matr\u00edcula del curso vigente o de situaci\u00f3n de paro. <\/p>\n<p><strong>120,00\u20ac<\/strong> (Curso completo, exento de descuento)<\/p>\n<p><strong>30,00\u20ac<\/strong> (Sesiones individuales)<\/p>\n<p>&nbsp;<\/p>\n<p>&nbsp;<\/p>\n<h2 style=\"font-size: 14px; margin: 20px 0px 10px; font-family: Arial, Helvetica, sans-serif; color: #118ec9; padding: 0px;\">INSCRIPCI\u00d3N:&nbsp;<\/h2>\n<p>La inscripci\u00f3n ya est\u00e1 abierta.<\/p>\n<p>Rellene el&nbsp;<a href=\"https:\/\/www.ceibcn.com\/wp-content\/uploads\/2013\/07\/Formulario-Inscripcion_XX.docx\">formulario de inscripci\u00f3n,<\/a>&nbsp;en la parte inferior del mismo, se indica c\u00f3mo proceder.<\/p>\n<p>Las plazas son limitadas y se cubrir\u00e1n por riguroso orden de inscripci\u00f3n.<\/p>\n<p>&nbsp;<\/p>\n<p>&nbsp;<\/p>\n<h2 style=\"font-size: 14px; margin: 20px 0px 10px; font-family: Arial, Helvetica, sans-serif; color: #118ec9; padding: 0px;\">TITULACI\u00d3N:<\/h2>\n<p>Diploma acreditativo de asistencia del<strong>&nbsp;CEI International Affairs<\/strong>&nbsp;y la&nbsp;<a href=\"https:\/\/www.exteriores.gob.es\/es\/Ministerio\/EscuelaDiplomatica\/Paginas\/index.aspx\" target=\"_blank\" rel=\"noopener\">Escuela Diplom\u00e1tica<\/a>&nbsp;del Ministerio de Asuntos Exteriores, Uni\u00f3n Europea y Cooperaci\u00f3n.<\/p>\n<p>&nbsp;<\/p>\n<h2 style=\"font-size: 14px; margin: 20px 0px 10px; font-family: Arial, Helvetica, sans-serif; color: #118ec9; padding: 0px;\">IDIOMA:&nbsp;<\/h2>\n<p style=\"margin: 0px 0px 9px; color: #333333; line-height: normal;\">Espa\u00f1ol<\/p>\n<p>&nbsp;<\/p>\n<h2 style=\"font-size: 22px; margin: 12px 0px; line-height: normal; color: #333333;\">&nbsp;<\/h2>\n<h2 style=\"font-size: 22px; margin: 12px 0px; line-height: normal; color: #333333;\">PROGRAMA DEL CURSO 2022:<\/h2>\n<p>&nbsp;&nbsp;<\/p>\n<p><strong>25 de abril, lunes <\/strong><\/p>\n<p>&nbsp;<\/p>\n<p>16:30h.<strong> Presentaci\u00f3n:<\/strong><\/p>\n<p><strong>&nbsp;<\/strong><strong>\u00c0ngel Pes, <\/strong><strong>director del <em>CEI International Affairs.<\/em><\/strong><\/p>\n<p><strong>Jordi Quero, <\/strong><strong>director del curso, <\/strong>Profesor de Relaciones Internacionales, <em>CEI International Affairs.<\/em><\/p>\n<p>&nbsp;<\/p>\n<p>16:45h. <strong>Mesa redonda y debate: <\/strong><\/p>\n<p><strong>Espa\u00f1a y los Estados Unidos de Am\u00e9rica en el contexto de la Cumbre de la OTAN en Madrid.<\/strong><\/p>\n<p><em>&nbsp;<\/em><strong>\u00c1ngeles Moreno, <\/strong><strong>secretaria de Estado de Asuntos Exteriores y Globales<\/strong>, Ministerio de Asuntos Exteriores, Uni\u00f3n Europea y Cooperaci\u00f3n.<\/p>\n<p><strong>Pere Vilanova, <\/strong><strong>catedr\u00e1tico de Ciencia Pol\u00edtica y de la Adminstraci\u00f3n, <\/strong>Universitat de Barcelona.<\/p>\n<p><strong>&nbsp;&nbsp;&nbsp;&nbsp;&nbsp;&nbsp;&nbsp;&nbsp;&nbsp;&nbsp;&nbsp; <\/strong><\/p>\n<p><strong>26 de abril, martes<\/strong>&nbsp;<\/p>\n<p>&nbsp;<\/p>\n<p>16:30h. <strong>Mesa redonda y debate<\/strong><strong>:<\/strong><\/p>\n<p>&nbsp;<strong>Espa\u00f1a y sus relaciones con la Rep\u00fablica Popular de China.<\/strong><\/p>\n<p><strong>Carmen Cano, <\/strong><strong>subdirectora general de Asia Meridional y Oriental<\/strong>, Ministerio de Asuntos Exteriores, Uni\u00f3n Europea y Cooperaci\u00f3n.<\/p>\n<p><strong>Carles Prado, <\/strong><strong>profesor en Estudios de China, <\/strong>Universitat Oberta de Catalunya.<\/p>\n<p>&nbsp;<\/p>\n<p><strong>27 de abril, mi\u00e9rcoles<\/strong><\/p>\n<p>&nbsp;<\/p>\n<p>16:30h. <strong>Mesa redonda y debate:<\/strong><\/p>\n<p><strong>Espa\u00f1a y sus relaciones con India.<\/strong><\/p>\n<p><strong>Javier Salido<\/strong>, <strong>director general para Am\u00e9rica del Norte, Europa Oriental, Asia y Pac\u00edfico<\/strong>, Ministerio de Asuntos Exteriores, Uni\u00f3n Europea y Cooperaci\u00f3n.<\/p>\n<p><strong>Rub\u00e9n Campos, <\/strong><strong>investigador senior asociado, <\/strong>Real Instituto Elcano.<\/p>\n<p><strong>&nbsp;<\/strong><\/p>\n<p><strong>28 de abril, jueves <\/strong><\/p>\n<p><strong>&nbsp;<\/strong><\/p>\n<p>16:30h. <strong>Mesa redonda y debate: <\/strong><\/p>\n<p><strong>Espa\u00f1a y sus relaciones con Rusia.<\/strong><\/p>\n<p><strong>Gabriel Cremades<\/strong>, <strong>subdirector general de Europa Oriental y Asia Central<\/strong>, Ministerio de Asuntos Exteriores, Uni\u00f3n Europea y Cooperaci\u00f3n.<\/p>\n<p><strong>Antonio S\u00e1nchez, <\/strong><strong>profesor de Relaciones Internacionales, <\/strong>Universidad de Granada.<\/p>\n<p><strong>&nbsp;<\/strong><\/p>\n<p><strong>29 de abril, viernes&nbsp;<\/strong><\/p>\n<p>&nbsp;<\/p>\n<p>16:30h. <strong>Mesa redonda y debate:<\/strong><\/p>\n<p><strong>Espa\u00f1a y sus relaciones con las potencias europeas: Francia, Alemania y Reino Unido.<\/strong><\/p>\n<p><strong>Mar\u00eda Teresa Orjales, <\/strong><strong>subdirectora general de Pa\u00edses de la Uni\u00f3n Europea<\/strong>, Ministerio de Asuntos Exteriores, Uni\u00f3n Europea y Cooperaci\u00f3n.<\/p>\n<p><strong>Esther Zapater, <\/strong><strong>profesora de Derecho internacional p\u00fablico, <\/strong>Universitat Aut\u00f2noma de Barcelona.<\/p>\n<p>&nbsp;<\/p>\n<p><sup><em>En caso de cancelar la inscripci\u00f3n antes de que se inicie el curso, solo se reembolsar\u00e1 el importe de inscripci\u00f3n en casos de fuerza mayor. No se devolver\u00e1 el importe del&nbsp;curso, en ning\u00fan caso, cuando este ya se haya iniciado.<\/em><\/sup><\/p>\n","protected":false},"excerpt":{"rendered":"<p>&nbsp; &nbsp; PRESENTACI\u00d3N: La XX Edici\u00f3n del Curso sobre la Actualidad de la Pol\u00edtica Exterior Espa\u00f1ola (Edici\u00f3n 2022) se propone hacer un repaso desde una doble perspectiva pr\u00e1ctica y acad\u00e9mica, de las distintas dimensiones que constituyen la pol\u00edtica exterior espa\u00f1ola en la actualidad. El curso presenta una estructura din\u00e1mica basada en mesas redondas abiertas a [&hellip;]<\/p>\n","protected":false},"author":6,"featured_media":0,"comment_status":"open","ping_status":"closed","sticky":false,"template":"","format":"standard","meta":{"_acf_changed":false,"_crdt_document":"","inline_featured_image":false,"footnotes":""},"categories":[1],"tags":[],"class_list":["post-1144","post","type-post","status-publish","format-standard","hentry","category-sin-categoria"],"acf":[],"yoast_head":"<!-- This site is optimized with the Yoast SEO plugin v27.0 - https:\/\/yoast.com\/product\/yoast-seo-wordpress\/ -->\n<title>Curso sobre la Actualidad de la Pol\u00edtica Exterior Espa\u00f1ola - CEI International Affairs<\/title>\n<meta name=\"robots\" content=\"index, follow, max-snippet:-1, max-image-preview:large, max-video-preview:-1\" \/>\n<link rel=\"canonical\" href=\"https:\/\/www.ceibcn.com\/en\/2013\/12\/curso-de-actualidad-de-la-politica-exterior\/\" \/>\n<meta property=\"og:locale\" content=\"en_US\" \/>\n<meta property=\"og:type\" content=\"article\" \/>\n<meta property=\"og:title\" content=\"Curso sobre la Actualidad de la Pol\u00edtica Exterior Espa\u00f1ola - CEI International Affairs\" \/>\n<meta property=\"og:description\" content=\"&nbsp; &nbsp; PRESENTACI\u00d3N: La XX Edici\u00f3n del Curso sobre la Actualidad de la Pol\u00edtica Exterior Espa\u00f1ola (Edici\u00f3n 2022) se propone hacer un repaso desde una doble perspectiva pr\u00e1ctica y acad\u00e9mica, de las distintas dimensiones que constituyen la pol\u00edtica exterior espa\u00f1ola en la actualidad. El curso presenta una estructura din\u00e1mica basada en mesas redondas abiertas a [&hellip;]\" \/>\n<meta property=\"og:url\" content=\"https:\/\/www.ceibcn.com\/en\/2013\/12\/curso-de-actualidad-de-la-politica-exterior\/\" \/>\n<meta property=\"og:site_name\" content=\"CEI International Affairs\" \/>\n<meta property=\"article:publisher\" content=\"https:\/\/www.facebook.com\/CEI.CentroDeEstudiosInternacionales\/\" \/>\n<meta property=\"article:published_time\" content=\"2013-12-05T07:49:34+00:00\" \/>\n<meta property=\"og:image\" content=\"https:\/\/www.ceibcn.com\/wp-content\/uploads\/2023\/01\/Logo-CEI.png\" \/>\n\t<meta property=\"og:image:width\" content=\"500\" \/>\n\t<meta property=\"og:image:height\" content=\"500\" \/>\n\t<meta property=\"og:image:type\" content=\"image\/png\" \/>\n<meta name=\"author\" content=\"Cristian Romero Velasco\" \/>\n<meta name=\"twitter:card\" content=\"summary_large_image\" \/>\n<meta name=\"twitter:creator\" content=\"@CEIbcn\" \/>\n<meta name=\"twitter:site\" content=\"@CEIbcn\" \/>\n<meta name=\"twitter:label1\" content=\"Written by\" \/>\n\t<meta name=\"twitter:data1\" content=\"Cristian Romero Velasco\" \/>\n\t<meta name=\"twitter:label2\" content=\"Est. reading time\" \/>\n\t<meta name=\"twitter:data2\" content=\"4 minutes\" \/>\n<script type=\"application\/ld+json\" class=\"yoast-schema-graph\">{\"@context\":\"https:\/\/schema.org\",\"@graph\":[{\"@type\":\"Article\",\"@id\":\"https:\/\/www.ceibcn.com\/en\/2013\/12\/curso-de-actualidad-de-la-politica-exterior\/#article\",\"isPartOf\":{\"@id\":\"https:\/\/www.ceibcn.com\/en\/2013\/12\/curso-de-actualidad-de-la-politica-exterior\/\"},\"author\":{\"name\":\"Cristian Romero Velasco\",\"@id\":\"https:\/\/www.ceibcn.com\/en\/#\/schema\/person\/4ef9992ee2fbd3987a5e1834e5d5808d\"},\"headline\":\"Curso sobre la Actualidad de la Pol\u00edtica Exterior Espa\u00f1ola\",\"datePublished\":\"2013-12-05T07:49:34+00:00\",\"mainEntityOfPage\":{\"@id\":\"https:\/\/www.ceibcn.com\/en\/2013\/12\/curso-de-actualidad-de-la-politica-exterior\/\"},\"wordCount\":786,\"commentCount\":0,\"publisher\":{\"@id\":\"https:\/\/www.ceibcn.com\/en\/#organization\"},\"articleSection\":[\"Sin categor\u00eda\"],\"inLanguage\":\"en-US\",\"potentialAction\":[{\"@type\":\"CommentAction\",\"name\":\"Comment\",\"target\":[\"https:\/\/www.ceibcn.com\/en\/2013\/12\/curso-de-actualidad-de-la-politica-exterior\/#respond\"]}]},{\"@type\":\"WebPage\",\"@id\":\"https:\/\/www.ceibcn.com\/en\/2013\/12\/curso-de-actualidad-de-la-politica-exterior\/\",\"url\":\"https:\/\/www.ceibcn.com\/en\/2013\/12\/curso-de-actualidad-de-la-politica-exterior\/\",\"name\":\"Curso sobre la Actualidad de la Pol\u00edtica Exterior Espa\u00f1ola - CEI International Affairs\",\"isPartOf\":{\"@id\":\"https:\/\/www.ceibcn.com\/en\/#website\"},\"datePublished\":\"2013-12-05T07:49:34+00:00\",\"breadcrumb\":{\"@id\":\"https:\/\/www.ceibcn.com\/en\/2013\/12\/curso-de-actualidad-de-la-politica-exterior\/#breadcrumb\"},\"inLanguage\":\"en-US\",\"potentialAction\":[{\"@type\":\"ReadAction\",\"target\":[\"https:\/\/www.ceibcn.com\/en\/2013\/12\/curso-de-actualidad-de-la-politica-exterior\/\"]}]},{\"@type\":\"BreadcrumbList\",\"@id\":\"https:\/\/www.ceibcn.com\/en\/2013\/12\/curso-de-actualidad-de-la-politica-exterior\/#breadcrumb\",\"itemListElement\":[{\"@type\":\"ListItem\",\"position\":1,\"name\":\"Portada\",\"item\":\"https:\/\/www.ceibcn.com\/en\/\"},{\"@type\":\"ListItem\",\"position\":2,\"name\":\"Curso sobre la Actualidad de la Pol\u00edtica Exterior Espa\u00f1ola\"}]},{\"@type\":\"WebSite\",\"@id\":\"https:\/\/www.ceibcn.com\/en\/#website\",\"url\":\"https:\/\/www.ceibcn.com\/en\/\",\"name\":\"CEI International Affairs\",\"description\":\"CEI International Affairs\",\"publisher\":{\"@id\":\"https:\/\/www.ceibcn.com\/en\/#organization\"},\"alternateName\":\"CEI International Affairs\",\"potentialAction\":[{\"@type\":\"SearchAction\",\"target\":{\"@type\":\"EntryPoint\",\"urlTemplate\":\"https:\/\/www.ceibcn.com\/en\/?s={search_term_string}\"},\"query-input\":{\"@type\":\"PropertyValueSpecification\",\"valueRequired\":true,\"valueName\":\"search_term_string\"}}],\"inLanguage\":\"en-US\"},{\"@type\":\"Organization\",\"@id\":\"https:\/\/www.ceibcn.com\/en\/#organization\",\"name\":\"CEI International Affairs\",\"url\":\"https:\/\/www.ceibcn.com\/en\/\",\"logo\":{\"@type\":\"ImageObject\",\"inLanguage\":\"en-US\",\"@id\":\"https:\/\/www.ceibcn.com\/en\/#\/schema\/logo\/image\/\",\"url\":\"https:\/\/www.ceibcn.com\/wp-content\/uploads\/2021\/09\/CeiLogo_EscuelaDiploVectorized_vectorizedSIN_FONDO.png\",\"contentUrl\":\"https:\/\/www.ceibcn.com\/wp-content\/uploads\/2021\/09\/CeiLogo_EscuelaDiploVectorized_vectorizedSIN_FONDO.png\",\"width\":1591,\"height\":629,\"caption\":\"CEI International Affairs\"},\"image\":{\"@id\":\"https:\/\/www.ceibcn.com\/en\/#\/schema\/logo\/image\/\"},\"sameAs\":[\"https:\/\/www.facebook.com\/CEI.CentroDeEstudiosInternacionales\/\",\"https:\/\/x.com\/CEIbcn\",\"https:\/\/www.instagram.com\/cei_international\/\"]},{\"@type\":\"Person\",\"@id\":\"https:\/\/www.ceibcn.com\/en\/#\/schema\/person\/4ef9992ee2fbd3987a5e1834e5d5808d\",\"name\":\"Cristian Romero Velasco\",\"image\":{\"@type\":\"ImageObject\",\"inLanguage\":\"en-US\",\"@id\":\"https:\/\/www.ceibcn.com\/en\/#\/schema\/person\/image\/\",\"url\":\"https:\/\/secure.gravatar.com\/avatar\/d78c33ad7f1570635ae9c9cb6274fe682bd5872dfde7a5448127d7825dd90943?s=96&d=mm&r=g\",\"contentUrl\":\"https:\/\/secure.gravatar.com\/avatar\/d78c33ad7f1570635ae9c9cb6274fe682bd5872dfde7a5448127d7825dd90943?s=96&d=mm&r=g\",\"caption\":\"Cristian Romero Velasco\"},\"url\":\"https:\/\/www.ceibcn.com\/en\/author\/cristian\/\"}]}<\/script>\n<!-- \/ Yoast SEO plugin. -->","yoast_head_json":{"title":"Curso sobre la Actualidad de la Pol\u00edtica Exterior Espa\u00f1ola - CEI International Affairs","robots":{"index":"index","follow":"follow","max-snippet":"max-snippet:-1","max-image-preview":"max-image-preview:large","max-video-preview":"max-video-preview:-1"},"canonical":"https:\/\/www.ceibcn.com\/en\/2013\/12\/curso-de-actualidad-de-la-politica-exterior\/","og_locale":"en_US","og_type":"article","og_title":"Curso sobre la Actualidad de la Pol\u00edtica Exterior Espa\u00f1ola - CEI International Affairs","og_description":"&nbsp; &nbsp; PRESENTACI\u00d3N: La XX Edici\u00f3n del Curso sobre la Actualidad de la Pol\u00edtica Exterior Espa\u00f1ola (Edici\u00f3n 2022) se propone hacer un repaso desde una doble perspectiva pr\u00e1ctica y acad\u00e9mica, de las distintas dimensiones que constituyen la pol\u00edtica exterior espa\u00f1ola en la actualidad. El curso presenta una estructura din\u00e1mica basada en mesas redondas abiertas a [&hellip;]","og_url":"https:\/\/www.ceibcn.com\/en\/2013\/12\/curso-de-actualidad-de-la-politica-exterior\/","og_site_name":"CEI International Affairs","article_publisher":"https:\/\/www.facebook.com\/CEI.CentroDeEstudiosInternacionales\/","article_published_time":"2013-12-05T07:49:34+00:00","og_image":[{"width":500,"height":500,"url":"https:\/\/www.ceibcn.com\/wp-content\/uploads\/2023\/01\/Logo-CEI.png","type":"image\/png"}],"author":"Cristian Romero Velasco","twitter_card":"summary_large_image","twitter_creator":"@CEIbcn","twitter_site":"@CEIbcn","twitter_misc":{"Written by":"Cristian Romero Velasco","Est. reading time":"4 minutes"},"schema":{"@context":"https:\/\/schema.org","@graph":[{"@type":"Article","@id":"https:\/\/www.ceibcn.com\/en\/2013\/12\/curso-de-actualidad-de-la-politica-exterior\/#article","isPartOf":{"@id":"https:\/\/www.ceibcn.com\/en\/2013\/12\/curso-de-actualidad-de-la-politica-exterior\/"},"author":{"name":"Cristian Romero Velasco","@id":"https:\/\/www.ceibcn.com\/en\/#\/schema\/person\/4ef9992ee2fbd3987a5e1834e5d5808d"},"headline":"Curso sobre la Actualidad de la Pol\u00edtica Exterior Espa\u00f1ola","datePublished":"2013-12-05T07:49:34+00:00","mainEntityOfPage":{"@id":"https:\/\/www.ceibcn.com\/en\/2013\/12\/curso-de-actualidad-de-la-politica-exterior\/"},"wordCount":786,"commentCount":0,"publisher":{"@id":"https:\/\/www.ceibcn.com\/en\/#organization"},"articleSection":["Sin categor\u00eda"],"inLanguage":"en-US","potentialAction":[{"@type":"CommentAction","name":"Comment","target":["https:\/\/www.ceibcn.com\/en\/2013\/12\/curso-de-actualidad-de-la-politica-exterior\/#respond"]}]},{"@type":"WebPage","@id":"https:\/\/www.ceibcn.com\/en\/2013\/12\/curso-de-actualidad-de-la-politica-exterior\/","url":"https:\/\/www.ceibcn.com\/en\/2013\/12\/curso-de-actualidad-de-la-politica-exterior\/","name":"Curso sobre la Actualidad de la Pol\u00edtica Exterior Espa\u00f1ola - CEI International Affairs","isPartOf":{"@id":"https:\/\/www.ceibcn.com\/en\/#website"},"datePublished":"2013-12-05T07:49:34+00:00","breadcrumb":{"@id":"https:\/\/www.ceibcn.com\/en\/2013\/12\/curso-de-actualidad-de-la-politica-exterior\/#breadcrumb"},"inLanguage":"en-US","potentialAction":[{"@type":"ReadAction","target":["https:\/\/www.ceibcn.com\/en\/2013\/12\/curso-de-actualidad-de-la-politica-exterior\/"]}]},{"@type":"BreadcrumbList","@id":"https:\/\/www.ceibcn.com\/en\/2013\/12\/curso-de-actualidad-de-la-politica-exterior\/#breadcrumb","itemListElement":[{"@type":"ListItem","position":1,"name":"Portada","item":"https:\/\/www.ceibcn.com\/en\/"},{"@type":"ListItem","position":2,"name":"Curso sobre la Actualidad de la Pol\u00edtica Exterior Espa\u00f1ola"}]},{"@type":"WebSite","@id":"https:\/\/www.ceibcn.com\/en\/#website","url":"https:\/\/www.ceibcn.com\/en\/","name":"CEI International Affairs","description":"CEI International Affairs","publisher":{"@id":"https:\/\/www.ceibcn.com\/en\/#organization"},"alternateName":"CEI International Affairs","potentialAction":[{"@type":"SearchAction","target":{"@type":"EntryPoint","urlTemplate":"https:\/\/www.ceibcn.com\/en\/?s={search_term_string}"},"query-input":{"@type":"PropertyValueSpecification","valueRequired":true,"valueName":"search_term_string"}}],"inLanguage":"en-US"},{"@type":"Organization","@id":"https:\/\/www.ceibcn.com\/en\/#organization","name":"CEI International Affairs","url":"https:\/\/www.ceibcn.com\/en\/","logo":{"@type":"ImageObject","inLanguage":"en-US","@id":"https:\/\/www.ceibcn.com\/en\/#\/schema\/logo\/image\/","url":"https:\/\/www.ceibcn.com\/wp-content\/uploads\/2021\/09\/CeiLogo_EscuelaDiploVectorized_vectorizedSIN_FONDO.png","contentUrl":"https:\/\/www.ceibcn.com\/wp-content\/uploads\/2021\/09\/CeiLogo_EscuelaDiploVectorized_vectorizedSIN_FONDO.png","width":1591,"height":629,"caption":"CEI International Affairs"},"image":{"@id":"https:\/\/www.ceibcn.com\/en\/#\/schema\/logo\/image\/"},"sameAs":["https:\/\/www.facebook.com\/CEI.CentroDeEstudiosInternacionales\/","https:\/\/x.com\/CEIbcn","https:\/\/www.instagram.com\/cei_international\/"]},{"@type":"Person","@id":"https:\/\/www.ceibcn.com\/en\/#\/schema\/person\/4ef9992ee2fbd3987a5e1834e5d5808d","name":"Cristian Romero Velasco","image":{"@type":"ImageObject","inLanguage":"en-US","@id":"https:\/\/www.ceibcn.com\/en\/#\/schema\/person\/image\/","url":"https:\/\/secure.gravatar.com\/avatar\/d78c33ad7f1570635ae9c9cb6274fe682bd5872dfde7a5448127d7825dd90943?s=96&d=mm&r=g","contentUrl":"https:\/\/secure.gravatar.com\/avatar\/d78c33ad7f1570635ae9c9cb6274fe682bd5872dfde7a5448127d7825dd90943?s=96&d=mm&r=g","caption":"Cristian Romero Velasco"},"url":"https:\/\/www.ceibcn.com\/en\/author\/cristian\/"}]}},"_links":{"self":[{"href":"https:\/\/www.ceibcn.com\/en\/wp-json\/wp\/v2\/posts\/1144","targetHints":{"allow":["GET"]}}],"collection":[{"href":"https:\/\/www.ceibcn.com\/en\/wp-json\/wp\/v2\/posts"}],"about":[{"href":"https:\/\/www.ceibcn.com\/en\/wp-json\/wp\/v2\/types\/post"}],"author":[{"embeddable":true,"href":"https:\/\/www.ceibcn.com\/en\/wp-json\/wp\/v2\/users\/6"}],"replies":[{"embeddable":true,"href":"https:\/\/www.ceibcn.com\/en\/wp-json\/wp\/v2\/comments?post=1144"}],"version-history":[{"count":0,"href":"https:\/\/www.ceibcn.com\/en\/wp-json\/wp\/v2\/posts\/1144\/revisions"}],"wp:attachment":[{"href":"https:\/\/www.ceibcn.com\/en\/wp-json\/wp\/v2\/media?parent=1144"}],"wp:term":[{"taxonomy":"category","embeddable":true,"href":"https:\/\/www.ceibcn.com\/en\/wp-json\/wp\/v2\/categories?post=1144"},{"taxonomy":"post_tag","embeddable":true,"href":"https:\/\/www.ceibcn.com\/en\/wp-json\/wp\/v2\/tags?post=1144"}],"curies":[{"name":"wp","href":"https:\/\/api.w.org\/{rel}","templated":true}]}}