{"id":1165,"date":"2013-12-05T08:22:23","date_gmt":"2013-12-05T08:22:23","guid":{"rendered":"https:\/\/www.ceibcn.com\/2013\/12\/direccion-y-profesorado-8\/"},"modified":"2013-12-05T08:22:23","modified_gmt":"2013-12-05T08:22:23","slug":"direccion-y-profesorado-8","status":"publish","type":"post","link":"https:\/\/www.ceibcn.com\/en\/2013\/12\/direccion-y-profesorado-8\/","title":{"rendered":"Direcci\u00f3n y profesorado"},"content":{"rendered":"<p>&nbsp;<\/p>\n<h2>Coordinador honorario<\/h2>\n<p><strong>Sr. Fernando Perpi\u00f1\u00e1-Robert<\/strong><\/p>\n<p>Embajador de Espa\u00f1a<\/p>\n<p>Tutor del CEI International Affairs<\/p>\n<p>&nbsp;<\/p>\n<h2>Coordinador<\/h2>\n<p><strong>Dr. Jordi Quero <br \/><\/strong><\/p>\n<p>Profesor del CEI International Affairs.<\/p>\n<p>&nbsp;<\/p>\n<p>&nbsp;<\/p>\n<h2>Profesorado CEI<\/h2>\n<p>&nbsp;<\/p>\n<table class=\"egt\">\n<tbody>\n<tr>\n<th><img decoding=\"async\" class=\" size-full wp-image-878\" src=\"https:\/\/www.ceibcn.com\/wp-content\/uploads\/2013\/07\/Quero_mini.png\" alt=\"Jordi Quero\" width=\"150\" height=\"150\" \/><\/th>\n<th>&nbsp;<\/th>\n<th>\n<p>Jordi Quero es Doctor en Derecho Internacional P\u00fablico y Relaciones Internacionales (septiembre 2020), profesor del CEI International Affairs. Ha trabajado como investigador en CIDOB y como profesor en la Universitat Pompeu Fabra y el Institut Barcelona d&#8217;Estudis Internacionals. Fue investigador visitante de la Universidad Americana de Beirut. Tiene un M\u00e1ster en Historia de las Relaciones Internacionales por la London School of Economics y un M\u00e1ster en Asuntos Internacionales por la Universidad de Columbia. Sus \u00e1reas de investigaci\u00f3n incluyen las relaciones internacionales de Oriente Medio y la Teor\u00eda de Relaciones Internacionales.<\/p>\n<p>Es actualmente Coordinador Ejecutivo del M\u00e1ster Universitario en Diplomacia y Organizaciones Internacionales.<\/p>\n<\/th>\n<\/tr>\n<tr>\n<td><strong>JORDI QUERO<\/strong><\/td>\n<td><img decoding=\"async\" class=\" alignright size-full wp-image-881\" style=\"margin-top: 10px; margin-bottom: 10px; float: right;\" src=\"https:\/\/www.ceibcn.com\/wp-content\/uploads\/2013\/07\/Mail_WEB_CEI.png\" alt=\"Mail WEB CEI\" width=\"36\" height=\"34\" \/><\/td>\n<td>&nbsp;<a href=\"mailto:jordi.quero@ceibcn.com\">jordi.quero@ceibcn.com<\/a><\/td>\n<\/tr>\n<tr>\n<td>&nbsp;<\/td>\n<td>&nbsp;<\/td>\n<td>&nbsp;<\/td>\n<\/tr>\n<\/tbody>\n<\/table>\n<table class=\"egt\">\n<tbody>\n<tr>\n<th><img decoding=\"async\" class=\" size-full wp-image-884\" src=\"https:\/\/www.ceibcn.com\/wp-content\/uploads\/2013\/07\/Juanatey2_mini.png\" alt=\"Juanatey2 mini\" width=\"150\" height=\"150\" \/><\/th>\n<th>&nbsp;<\/th>\n<th>\n<p style=\"text-align: left;\">Ana Garc\u00eda Juanatey es Doctora en Derecho Internacional P\u00fablico, profesora del CEI International Affairs.<\/p>\n<p style=\"text-align: left;\">Fue investigadora visitante en la Organizaci\u00f3n de las Naciones Unidas para la Alimentaci\u00f3n y la Agricultura (FAO, 2015).<\/p>\n<p style=\"text-align: left;\">Ha trabajado en el Institut de Drets Humans de Catalunya, la Agencia Europea de Derechos Fundamentales y ha realizado trabajos de consultor\u00eda para el Banco Mundial y el Ayuntamiento de Barcelona, entre otros.<\/p>\n<\/th>\n<\/tr>\n<tr>\n<td><strong>ANA G.JUANATEY<\/strong><\/td>\n<td><img loading=\"lazy\" decoding=\"async\" class=\" size-full wp-image-881\" style=\"display: block; margin-left: auto; margin-right: auto;\" src=\"https:\/\/www.ceibcn.com\/wp-content\/uploads\/2013\/07\/Mail_WEB_CEI.png\" alt=\"Mail WEB CEI\" width=\"36\" height=\"34\" \/><\/td>\n<td>&nbsp;<a href=\"mailto:ana.garcia@ceibcn.com\">ana.garcia@ceibcn.com<\/a><a href=\"mailto:ana.garcia@ceibcn.com\"><br \/><\/a><\/td>\n<\/tr>\n<tr>\n<td>&nbsp;<\/td>\n<td>&nbsp;<\/td>\n<td>&nbsp;<\/td>\n<\/tr>\n<\/tbody>\n<\/table>\n<table class=\"egt\">\n<tbody>\n<tr>\n<th><img loading=\"lazy\" decoding=\"async\" class=\" size-full wp-image-887\" src=\"https:\/\/www.ceibcn.com\/wp-content\/uploads\/2013\/07\/Noferini.png\" alt=\"Andrea Noferini\" width=\"150\" height=\"150\" \/><\/th>\n<th>&nbsp;<\/th>\n<th>\n<p>Andrea Noferini posee un doctorado en Pol\u00edtica y Econom\u00eda de los Pa\u00edses en Desarrollo, Universit\u00e1 degli Studi di Firenze. Es profesor del CEI International Affairs y profesor adjunto de la Universitat Pompeu Fabra.<\/p>\n<p>Sus \u00e1reas de investigaci\u00f3n convergen en el estudio de pol\u00edticas p\u00fablicas y reformas institucionales en Europa y Am\u00e9rica Latina, abordando los mecanismos de participaci\u00f3n de las administraciones regionales y locales en la formulaci\u00f3n de pol\u00edticas de la UE, la evaluaci\u00f3n de las pol\u00edticas p\u00fablicas, la cooperaci\u00f3n territorial, la pol\u00edtica de cohesi\u00f3n, el desarrollo de capacidades institucionales y administrativas y la cooperaci\u00f3n descentralizada.<\/p>\n<\/th>\n<\/tr>\n<tr>\n<td><strong>ANDREA NOFERINI<\/strong><\/td>\n<td><img decoding=\"async\" class=\" alignright size-full wp-image-881\" style=\"margin-top: 10px; margin-bottom: 10px; float: right;\" src=\"https:\/\/www.ceibcn.com\/wp-content\/uploads\/2013\/07\/Mail_WEB_CEI.png\" alt=\"Mail WEB CEI\" width=\"36\" height=\"34\" \/><\/td>\n<td>&nbsp;<a href=\"mailto:andrea.noferini@ceibcn.com\">andrea.noferini@ceibcn.com<\/a><\/td>\n<\/tr>\n<\/tbody>\n<\/table>\n<p>&nbsp;<\/p>\n<h2>Ponentes invitados al M\u00e1ster<\/h2>\n<p>Adem\u00e1s del profesorado propio del CEI, las clases tambi\u00e9n las imparten otros profesores universitarios de reconocido prestigio en su especialidad, as\u00ed como profesionales, diplom\u00e1ticos del Ministerio de Asuntos Exteriores, Uni\u00f3n Europea y Cooperaci\u00f3n, funcionarios internacionales en activo, antiguos funcionarios, pol\u00edticos, empresarios y otros profesionales destacados del \u00e1mbito internacional.<\/p>\n<h2>&nbsp;<\/h2>\n<p><strong>Embajador de Espa\u00f1a Fernando Perpi\u00f1\u00e1-Robert<\/strong><\/p>\n<p>Embajador de Espa\u00f1a. Diplom\u00e1tico de carrera desde 1965. Trabaj\u00f3 como C\u00f3nsul General de Espa\u00f1a en Boston entre 1978 y 1982. En 1972 dirigi\u00f3 el Instituto Espa\u00f1ol de Cultura en Munich (Alemania). Fue Secretario General T\u00e9cnico del Ministerio de Asuntos Exteriores y de Cooperaci\u00f3n de Espa\u00f1a entre 1983 y 1985, donde ocup\u00f3 el cargo de subsecretario (1988-1991). Ha sido Embajador de Espa\u00f1a en Alemania (1991-1996) y en Hungr\u00eda (1996-2001). Trabaj\u00f3 como Embajador en Misi\u00f3n Especial para asuntos relacionados con el terrorismo entre 2001 y 2003. Ha sido C\u00f3nsul General de Espa\u00f1a en Par\u00eds desde 2003.<\/p>\n<p>Es miembro del Patronato del Real Instituto Elcano en Madrid. En 2002 fue nombrado Secretario General del Premio Conde de Barcelona, otorgado al The New York Times.<\/p>\n<p>Es miembro del Comit\u00e9 de Honor del Real Instituto de Estudios Europeos.<\/p>\n<p>&nbsp;<\/p>\n<p><strong>Knut Traisbach<\/strong><\/p>\n<p>Profesor asociado de Derecho Internacional en la Universidad de Barcelona. Tambi\u00e9n es profesor de derechos humanos en la Facultad de Derecho de ESADE en Barcelona. Tiene t\u00edtulos de la Universidad Humboldt de Berl\u00edn, el Instituto Universitario Europeo y fue investigador invitado en la Facultad de Derecho de Yale. Ha ocupado cargos como conferencista, director de programa, investigador y coordinador de cursos en las \u00e1reas de derecho internacional, derechos humanos y relaciones internacionales en diversas instituciones de educaci\u00f3n superior e investigaci\u00f3n en Berl\u00edn, Florencia, Venecia y Barcelona. Sus principales intereses de investigaci\u00f3n incluyen enfoques interdisciplinarios y cr\u00edticos del derecho internacional, los derechos humanos y la teor\u00eda de las relaciones internacionales.<\/p>\n<p>&nbsp;<\/p>\n<p><strong>Miguel \u00c1ngel Elizalde<\/strong><\/p>\n<p style=\"text-align: left;\">Miguel \u00c1ngel Elizalde es Doctor en Derecho Internacional P\u00fablico. Autor de varios art\u00edculos y monograf\u00edas sobre las relaciones entre el Sistema Multilateral de Comercio y los Acuerdos Multilaterales sobre el Medio Ambiente, sobre inversiones extranjeras, el Derecho de los Tratados, entre otros temas especializados.<\/p>\n<p>&nbsp;<\/p>\n<p><strong>\u00c1ngel J. Rodrigo&nbsp;<\/strong><\/p>\n<p>Profesor titular de Derecho Internacional P\u00fablico y Relaciones Internacionales en la Universidad Pompeu Fabra (UPF) de Barcelona. Master en Derecho Comparado en la Universidad Aut\u00f3noma de Barcelona. Doctor en Derecho por la UPF. Visiting Fellow en el Lauterpacht Centre for International Law de la University of Cambridge en el curso 2012-2013. Autor, entre otras publicaciones, de Compendio de Derecho Internacional P\u00fablico; Unidad y Pluralismo en Derecho Internacional y en la Comunidad internacional; Casos y Textos de Derecho Internacional P\u00fablico; Los l\u00edmites del proyecto imperial; Estados Unidos y el orden internacional en el siglo XXI; El imperio inviable.<\/p>\n<p>&nbsp;<\/p>\n<p><strong>Miquel Garde\u00f1es<\/strong><\/p>\n<p>Licenciado en Derecho por la Universidad de Barcelona (1989). Diploma d&#8217;\u00c9tudes Approfondies de Droit Communautaire por la Universidad de Ciencias Sociales de Toulouse (1991). Mag\u00edster en Estudios Europeos por la Universidad Aut\u00f3noma de Barcelona (UAB, 1993). Doctor en Derecho por la UAB (1997). Profesor titular de Derecho Internacional Privado en la UAB (2002). Autor de numerosas publicaciones en materia de Derecho Internacional Privado y de Derecho del Mercado Interior Europeo.<\/p>\n<p>&nbsp;<\/p>\n<p><strong>Concepci\u00f3n Escobar<\/strong><\/p>\n<p>Catedr\u00e1tica en Derecho Internacional P\u00fablico de la Universidad Nacional de Educaci\u00f3n a Distancia y ex directora de la Asesor\u00eda Jur\u00eddica Internacional del Ministerio de Asuntos Exteriores y de Cooperaci\u00f3n. Actualmente es miembro de la Comisi\u00f3n de Derecho Internacional (2012-2016).<\/p>\n<p>&nbsp;<\/p>\n<p><strong>Claudia Jim\u00e9nez<\/strong><\/p>\n<p>Profesora titular de Derecho Internacional P\u00fablico y Relaciones Internacionales (Universidad Aut\u00f3noma de Barcelona). Investigadora principal del grupo &#8220;CIMCETT&#8221; dedicado al estudio de la cooperaci\u00f3n internacional en la lucha contra la trata y el tr\u00e1fico de personas. Coordinadora y docente del m\u00f3dulo &#8220;International Criminal Law &amp; International Humanitarian Law&#8221; en el M\u00e1ster de Diplomacia Internacional del&nbsp;CEI, y profesora de grado y post grado en los estudios de Derecho y de Criminolog\u00eda de la Universidad Aut\u00f3noma de Barcelona. &nbsp;Las \u00e1reas preferentes&nbsp;de investigaci\u00f3n en las cuales ha publicado, dirigido trabajos y tesis doctorales&nbsp;son b\u00e1sicamente&nbsp;Derecho Penal Internacional, Derechos Humanos y en el \u00e1mbito europeo el Espacio de libertad, seguridad y justicia, todos ellos con especial atenci\u00f3n en las v\u00edctimas.<\/p>\n<p>&nbsp;<\/p>\n<p><strong>Jos\u00e9 Manuel Sobrino<\/strong><\/p>\n<p>Catedr\u00e1tico de Derecho Internacional P\u00fablico, Director del Instituto Universitario de Estudios Europeos &#8220;Salvador de Madariaga&#8221; de la Universidad de A Coru\u00f1a y Director del Centro de Excelencia Jean Monnet &#8220;Instituciones y Derecho de la Uni\u00f3n Europea&#8221;. Presidente de la Asociaci\u00f3n Espa\u00f1ola de Profesores de Derecho Internacional y Relaciones Internacionales. Anteriormente fue Letrado durante seis a\u00f1os en el Tribunal de Justicia de la Uni\u00f3n Europea en Luxemburgo.<\/p>\n<p>&nbsp;<\/p>\n<p><strong>Caterina Garcia<\/strong><\/p>\n<p>Catedr\u00e1tica de Relaciones Internacionales de la Universidad Pompeu Fabra. Coordinadora del \u00c1rea de Derecho Internacional P\u00fablico y Relaciones Internacionales y Vicedecana de la Facultad de Ciencias Pol\u00edticas de la misma universidad. Sus principales l\u00edneas de investigaci\u00f3n son las transformaciones del orden internacional y de la seguridad contempor\u00e1nea y el papel de los actores internacionales no estatales en las relaciones internacionales. Es autora de varias obras sobre estas tem\u00e1ticas, siendo la \u00faltima: Seguridad, Inc. Las empresas militares y de seguridad privadas en las relaciones internacionales contempor\u00e1neas.<\/p>\n<p>&nbsp;<\/p>\n<p><strong>Josep Ib\u00e1\u00f1ez<\/strong><\/p>\n<p>Profesor Titular de Relaciones Internacionales en la Universitat Pompeu Fabra. Sus \u00e1mbitos de inter\u00e9s cient\u00edfico son la Teor\u00eda de las Relaciones Internacionales, la econom\u00eda pol\u00edtica internacional, el an\u00e1lisis de pol\u00edtica exterior y la dimensi\u00f3n pol\u00edtica de las tecnolog\u00edas de la informaci\u00f3n y la comunicaci\u00f3n. En todos ellos ha tratado especialmente el papel de los actores no estatales en la pol\u00edtica internacional.&nbsp;<\/p>\n<p>&nbsp;<\/p>\n<p><strong>Pablo Pareja<\/strong><\/p>\n<p>Profesor de Relaciones Internacionales de la Universidad Pompeu Fabra. Coordinador docente y de Relaciones Internacionales de la Facultad de Derecho de la UPF y Coordinador acad\u00e9mico del Erasmus Mundus Masters Program in Public Policy en el Instituto Barcelona de Estudios Internacionales. Miembro del Consejo de Direcci\u00f3n de la Asociaci\u00f3n para las Naciones Unidas en Espa\u00f1a.<\/p>\n<p>&nbsp;<\/p>\n<p><strong>Antonio Remiro&nbsp;<\/strong><\/p>\n<p>Catedr\u00e1tico de Derecho Internacional P\u00fablico y relaciones internacionales de la Universidad Aut\u00f3noma de Madrid. Doctor en Derecho por la Universidad de Bolonia, Italia.<\/p>\n<p>&nbsp;<\/p>\n<p><strong>Sonia G\u00fcell<\/strong><\/p>\n<p>Doctora en Derecho por la Universidad de Barcelona, Coordinadora y docente del m\u00f3dulo Instituciones para el Mantenimiento de la Paz y la Seguridad Internacionales del Master en Diplomacia y Funci\u00f3n P\u00fablica Internacional; profesora de Derecho Internacional y Relaciones Internacionales de la UPF. Colaboradora del Instituto Espa\u00f1ol de Estudios Estrat\u00e9gicos. Autora de varios estudios relacionados con la seguridad y la defensa, particularmente desde el \u00e1mbito de la protecci\u00f3n jur\u00eddica internacional de las v\u00edctimas de los conflictos armados.<\/p>\n<p>&nbsp;<\/p>\n<p><strong>Montserrat Pi<\/strong><\/p>\n<p>Doctora en Derecho por la Universidad Aut\u00f3noma de Barcelona. Actualmente es Profesora titular de Derecho Internacional P\u00fablico. Trabaj\u00f3 en la Comisi\u00f3n Europea. Es especialista en Derecho de la Uni\u00f3n Europea y ha publicado en el \u00e1mbito de los derechos humanos, el derecho institucional y las relaciones internacionales. Dirige el grupo de investigaci\u00f3n reconocido por la AGAUR sobre el Espacio de Libertad, Seguridad y Justicia y otro proyecto de investigaci\u00f3n financiado por el Ministerio de Econom\u00eda y Competitividad sobre las Agencias Europeas.<\/p>\n<p>&nbsp;<\/p>\n<p><strong>Marta Ortega<\/strong><\/p>\n<p>Profesora titular de Derecho Internacional P\u00fablico y Derecho Comunitario Europeo (Universidad de Barcelona). Inici\u00f3 su labor investigadora en la London School of Economics and Political Science en 1992. Posteriormente, ha realizado estancias en las instituciones comunitarias: Comisi\u00f3n Europea, Consejo de la Uni\u00f3n y Tribunal de Justicia.<\/p>\n<p>&nbsp;<\/p>\n<p><strong>Patricia Garc\u00eda-Duran<\/strong><\/p>\n<p>Profesora del Departamento de Derecho y Econom\u00eda Internacional de la Universidad de Barcelona desde 1995. Doctora en Government y Master en Estudios Europeos por la London School of Economics. Autora de publicaciones nacionales e internacionales sobre diferentes aspectos de la integraci\u00f3n europea y sobre las relaciones de la Uni\u00f3n Europea con otros Organismos Econ\u00f3micos Internacionales.<\/p>\n<p>&nbsp;<\/p>\n<p><strong>Esther Zapater<\/strong><\/p>\n<p>Profesora de Derecho Internacional P\u00fablico (Universidad Aut\u00f3noma de Barcelona).<\/p>\n<p>&nbsp;<\/p>\n<p><strong>Jos\u00e9 Luis G\u00f3mez del Prado<\/strong><\/p>\n<p>Licenciado en Sociolog\u00eda y Ciencias Pol\u00edticas. Ha sido miembro del grupo de Trabajo de las Naciones Unidas sobre la utilizaci\u00f3n de mercenarios. Ha sido tambi\u00e9n Alto Funcionario de la Oficina del Alto Comisionado de Naciones Unidas para los Derechos Humanos donde fue Responsable del programa de los Servicios Consultivos y del programa de Cooperaci\u00f3n T\u00e9cnica, encargado de abrir oficinas de derechos humanos en Latinoam\u00e9rica, Asia y el Pac\u00edfico y la regi\u00f3n de los grandes lagos de \u00c1frica y Europa oriental.<\/p>\n<p>&nbsp;<\/p>\n<p><strong>Juan Tugores<\/strong><\/p>\n<p>Catedr\u00e1tico en Econom\u00eda (Universidad de Barcelona). Decano de la facultad de Econ\u00f3micas (1.993-1.998). Rector de la Universidad de Barcelona (2001-2005). Especialista en Econom\u00eda Internacional. Ha publicado libros y art\u00edculos. Ha sido Presidente del Comit\u00e9 de Normativa y \u00c9tica Profesional del Colegio de Economistas de Catalu\u00f1a. Publica regularmente art\u00edculos de opini\u00f3n en la prensa general como La Vanguardia y Expansi\u00f3n.<\/p>\n<p>&nbsp;<\/p>\n<p><strong>Andreu Olesti<\/strong><\/p>\n<p>Catedr\u00e1tico de Derecho Internacional P\u00fablico, especialidad en Derecho Comunitario Europeo (Universidad de Barcelona). Ha impartido cursos y seminarios en diferentes universidades europeas y americanas. Es miembro honor\u00edfico del Consejo de Redacci\u00f3n de la Revista General de Derecho Europeo y miembro honor\u00edfico del Consejo de Redacci\u00f3n de la Revista Electr\u00f3nica de Estudios Internacionales. Es jefe de estudios del Grado en Derecho en la Universidad de Barcelona.<\/p>\n<p>&nbsp;<\/p>\n<p><strong>Mar Campins<\/strong><\/p>\n<p>Profesora de Derecho Internacional P\u00fablico de la UB.<\/p>\n<p>&nbsp;<\/p>\n<p><strong>Rafael Arenas<\/strong><\/p>\n<p>Catedr\u00e1tico de Derecho Internacional Privado en la Universidad Aut\u00f3noma de Barcelona desde el a\u00f1o 2005. Es autor de numerosas publicaciones que se ocupan del Derecho Procesal Civil Internacional, el Derecho Internacional Privado de Sociedades, el Derecho de Familia Internacional, las Relaciones entre el Derecho Internacional Privado y la Globalizaci\u00f3n, el Derecho Interterritorial Espa\u00f1ol y el Derecho de Extranjer\u00eda.<\/p>\n<p>&nbsp;<\/p>\n<p><strong>Jordi Bonet<\/strong><\/p>\n<p>Catedr\u00e1tico y profesor de Derecho Internacional P\u00fablico (Universidad de Barcelona). Desarrolla su carrera acad\u00e9mica en el \u00e1mbito del Derecho Internacional P\u00fablico tanto lo que ata\u00f1e a la materia general como a sectores espec\u00edficos (protecci\u00f3n internacional de los derechos humanos y r\u00e9gimen jur\u00eddico internacional del trabajo). Ha sido profesor visitante en varias universidades. Ha sido miembro de la Junta de la Instituto de Derechos Humanos de Catalu\u00f1a y del Observatorio DESC.<\/p>\n<p>&nbsp;<\/p>\n<p><strong>Carlos G\u00f3rriz<\/strong><\/p>\n<p>Profesor titular de Derecho Mercantil en la Universidad Aut\u00f3noma de Barcelona. Doctor en Derecho por las Universidades de Bolonia y Aut\u00f3noma de Barcelona. Autor de una monograf\u00eda sobre el contrato y de transporte, y otro sobre distribuci\u00f3n selectiva e importaciones paralelas. Ha publicado varios art\u00edculos en el \u00e1mbito del Derecho Mercantil, Derecho de la Competencia y de la Propiedad Industrial, Sociedades y Concursal.<\/p>\n<p>&nbsp;<\/p>\n<p><strong>Silvia Morgades<\/strong><\/p>\n<p>Doctora en Derecho por la Universidad Pompeu Fabra (Premio Extraordinario de Doctorado). Recibi\u00f3 el Primer Premio de Investigaci\u00f3n en Derechos Humanos para el estudio los derechos humanos como motor de la evoluci\u00f3n del r\u00e9gimen internacional de protecci\u00f3n de los refugiados, de la Generalitat de Catalu\u00f1a en el a\u00f1o 2008. Ha realizado estancias de investigaci\u00f3n y estudios en las Universidades Robert Schuman de Estrasburgo, Aut\u00f3noma de Barcelona, Libre de Bruselas, Montpellier I y Paris 1- Sorbona. Es autora de varios art\u00edculos publicados en revistas especializadas y cap\u00edtulos de libro sobre temas de Derecho Europeo, Migraciones Forzosas y derecho de asilo. Actualmente es profesora lectora de Derecho Internacional P\u00fablico y Relaciones Internacionales en la Universidad Pompeu Fabra.<\/p>\n<p>&nbsp;<\/p>\n<p><strong>Isabel Pont<\/strong><\/p>\n<p>Doctora en Derecho y profesora titular de Derecho Administrativo de la Universidad Aut\u00f3noma de Barcelona.<\/p>\n<p>&nbsp;<\/p>\n<p><strong>Christopher Tulloch<\/strong><\/p>\n<p>Co-Director del M\u00e1ster en Periodismo Pol\u00edtico Internacional de la Universidad Pompeu Fabra -IDEC. Profesor de Periodismo de la Facultad de Comunicaci\u00f3n de la UPF. Doctor en Periodismo y Comunicaci\u00f3n por la UP. Master en Estudios Japoneses (Tokyo). Licenciado en Filolog\u00eda Inglesa (York, R.U.). Es el co-editor de la Catalan News Agency. Profesor visitante de las universidades de Naciones Unidas (Ginebra), El Salvador, New Haven (USA), entre otros. Con 25 a\u00f1os en el campo de la informaci\u00f3n internacional ha colaborado con la prensa brit\u00e1nica, espa\u00f1ola y latinoamericana. Autor de Corresponsales en el Extranjero. Mito y Realidad.<\/p>\n<p>&nbsp;<\/p>\n<p><strong>Jorge Malem<\/strong><\/p>\n<p>Catedr\u00e1tico de Filosof\u00eda del Derecho de la Universidad Pompeu Fabra. Ha publicado varios libros y art\u00edculos sobre temas de teor\u00eda y de filosof\u00eda del derecho. Entre ellos se encuentran: Concepto y justificaci\u00f3n de la desobediencia civil; Estudios de \u00e9tica jur\u00eddica; La corrupci\u00f3n; Aspectos Econ\u00f3micos, \u00e9ticos, pol\u00edticos y jur\u00eddicos. El error judicial y la formaci\u00f3n de los Jueces. Ha impartido docencia en Espa\u00f1a, Argentina o M\u00e9xico, entre otros pa\u00edses.<\/p>\n<p>&nbsp;<\/p>\n<p><strong>Andr\u00e9s Raya<\/strong><\/p>\n<p>Profesor asociado de la URL y Director Acad\u00e9mico del \u00c1rea de Customs de Executive Education ESADE. Es profesor del Departamento de Direcci\u00f3n de&nbsp;Personas y Organizaci\u00f3n de ESADE, Licenciado en Ciencias Qu\u00edmicas (Universitat de Barcelona) y MBA por ESADE. Director del programa \u201cLiderazgo de Personas y&nbsp;Gesti\u00f3n de Equipos\u201d de Executive Education de ESADE Business School. Profesor titular de la asignatura troncal del MBA \u201cLiderazgo de Personas \u201c y de la&nbsp;intensificaci\u00f3n del MBA \u201cLiderazgo y gesti\u00f3n del talento en entornos de cambio intenso\u201d. Director acad\u00e9mico del Corporate MBA.&nbsp;Ha sido director general de diversas empresas de distribuci\u00f3n y retail, tanto nacionales como multinacionales. En la actualidad compagina la formaci\u00f3n con la consultor\u00eda,la participaci\u00f3n en consejos de administraci\u00f3n de compa\u00f1\u00edas de sectores diversos (distribuci\u00f3n, retail, moda, log\u00edstica, sistemas de informaci\u00f3n, etc.).&nbsp;Ha participado en algunos de los mayores procesos de gesti\u00f3n del talento y cambio de los \u00faltimos a\u00f1os en Espa\u00f1a en sectores tan emblem\u00e1ticos como el financiero y el&nbsp;asegurador.<\/p>\n<p>&nbsp;<\/p>\n<p><strong>Antoni Pigrau<\/strong><\/p>\n<p>Catedr\u00e1tico de Derecho Internacional P\u00fablico y Relaciones Internacionales de Universidad Rovira i Virgili. Coordina el grupo consolidado de investigaci\u00f3n &#8220;Territorio, Ciudadan\u00eda y Sostenibilidad&#8221;. Director del Centro de Estudios de Derecho Ambiental deTarragona (CEDAT) y de la Revista Catalana de Derecho Ambiental. Es miembro de la Junta de Gobierno del Instituto Internacional Catal\u00e1n por la Paz (ICIP), por designaci\u00f3n del Parlamento de Catalu\u00f1a, desde julio de 2008 y es vicepresidente desde noviembre de 2014. Miembro del Tribunal Permanente de los Pueblos, con sede en Roma. Ha sido vicedecano de la Facultad de Ciencias Jur\u00eddicas (1992-1997), y vicerrector (1997-2002) y secretario general de la URV (2002-2005).<\/p>\n<p>&nbsp;<\/p>\n<p><strong>Carme Sol\u00e9<\/strong><\/p>\n<p>Consultora estrat\u00e9gica de Recursos Humanos y Coach.&nbsp;Licenciada en Psicolog\u00eda, especializada en Organizaciones por la Universidad Ramon Llull. Formada en Gesti\u00f3n del Capital Intelectual por Esade. M\u00e1ster en Programaci\u00f3n Neuroling\u00fc\u00edstica. Consultora estrat\u00e9gica de Recursos Humanos. Experta en Selecci\u00f3n por competencias y Orientaci\u00f3n Profesional. Imparte cursos de formaci\u00f3n en Comunicaci\u00f3n y Gesti\u00f3n de Equipos. Acreditada como Psic\u00f3loga \u2013 Coach por el Colegio de Psic\u00f3logos de Catalu\u00f1a. Desde 1995 trabaja en el entorno de los Recursos Humanos y en el acompa\u00f1amiento y facilitaci\u00f3n de la b\u00fasqueda de empleo para profesionales que lo demandan.&nbsp;<\/p>\n<p>&nbsp;<\/p>\n<p><strong>Gilbert Bitti<\/strong><\/p>\n<p>Fue profesor adjunto en la Universidad de Par\u00eds (Paris II \u2013 1991-1993), asesor legal en el Ministerio de la justicia franc\u00e9s (1993-2002), abogado del Estado franc\u00e9s ante la Corte europea de derechos humanos, asesor legal de la delegaci\u00f3n francesa durante las negociaciones en Nueva York y en Roma sobre el Estatuto de Roma y las Reglas de Procedimiento y Prueba de la Corte penal internacional; desde 2002, trabaja en la Corte penal interncional y ha sido, sucesivamente, jefe de la Secci\u00f3n de la participacion de las v\u00edctimas y reparaciones en la secretar\u00eda, adjunto al jefe de la Secci\u00f3n de asesoria legal en la fiscal\u00eda y, desde 2005, es asesor legal principal de la Secci\u00f3n de cuestiones preliminares en la misma Corte.<\/p>\n<p>&nbsp;<\/p>\n<p><strong>Karlos P\u00e9rez de Armi\u00f1o<\/strong><\/p>\n<p>Profesor titular de Relaciones Internacionales de la Universidad del Pa\u00eds Vasco. Licenciado en Geograf\u00eda e Historia por la Universidad de Deusto, Doctor en Ciencias Pol\u00edticas por la Universidad del Pa\u00eds Vasco y Diplomado en Estudios Europeos y en Ayuda Internacional Humanitaria.&nbsp;Investigador de HEGOA, Instituto de Estudios sobre Desarrollo y Cooperaci\u00f3n Internacional.<\/p>\n<p>&nbsp;<\/p>\n<p><strong>Kristian Herbolzheimer<\/strong><\/p>\n<p>Director de los Programas Colombia y Filipinas de Conciliation Resources, una ONG con sede en Londres de apoyo a iniciativas de paz. Tambi\u00e9n es analista en procesos de paz, con \u00e9nfasis en los temas de finalilzaci\u00f3n de conflictos armados, los retos y aprendizajes espec\u00edficos de conflictos prolongados, y el papel de la sociedad civil, espec\u00edficamente de las mujeres. Ha trabajado sobre los casos de Irlanda del Norte, Pa\u00eds Vasco, Sri Lanka, Sahara Occidental, India, Colombia, y Filipinas. Asimismo asesora al gobierno de Filipinas y al Frente Moro de Liberaci\u00f3n Isl\u00e1mica (MILF) en el proceso de paz en Mindanao. Kristian es ingeniero agr\u00edcola (Lleida, 1994), diplomado en Cultura de Paz (Escola de Cultura de Pau UAB, 2001), y M\u00e1ster en Estudios Internacionales de Paz (Notre Dame, Indiana, 2009).<\/p>\n<p>&nbsp;<\/p>\n<p><strong>Llu\u00eds Gonz\u00e1lez-Vaqu\u00e9<\/strong><\/p>\n<p>Presidente de la Asociaci\u00f3n Iberoamericana para el Derecho Alimentario, Vicepresidente del \u201cChina-European Union Food Law Working Party\u201d y Coordinador del grupo \u201cLibre circulaci\u00f3n de mercanc\u00edas\u201d en el CETA, TTIP y otros Acuerdos internacionales.&nbsp;Anteriormente ocup\u00f3 los cargos de Consejero de la DG de Mercado Interior y de Jefe de la Divisi\u00f3n &#8220;Aplicaci\u00f3n de los art\u00edculos 28 a 30 CE y eliminaci\u00f3n de las restricciones a los intercambios&#8221; en la Comisi\u00f3n Europea. Ha publicado varios libros sobre el&nbsp;Derecho de la Uni\u00f3n Europea.<\/p>\n<p>&nbsp;<\/p>\n<p><strong>Mar\u00eda Alcover<\/strong><\/p>\n<p>Desde 2013 es Consejera jur\u00eddica en el Centro de Asesor\u00eda Legal en Asuntos de la OMC (ACWL) sito en Ginebra. Anteriormente, fue oficial jur\u00eddico en la Secretar\u00eda del \u00d3rgano de Apelaci\u00f3n de la OMC y trabaj\u00f3 en la Direcci\u00f3n General de Comercio de la Comisi\u00f3n Europea en Bruselas. Maria Alcover posee una Licenciatura en Derecho y un Master (LL.M.) en Derecho Econ\u00f3mico y Pol\u00edtica Internacional por la Universitat de Barcelona. Es miembro del Colegio de Abogados de Barcelona.<\/p>\n<p>&nbsp;<\/p>\n<p><strong>Mart\u00ed Saballs<\/strong><\/p>\n<p>Director adjunto del diario Expansi\u00f3n.&nbsp;<\/p>\n<p>&nbsp;<\/p>\n<p><strong>Thierry del Prado<\/strong><\/p>\n<p>Abogado, antiguo miembro del Colegio de Abogados de Quebec (Canad\u00e1), antiguo funcionario en el Ministerio de Justicia de Quebec (Canad\u00e1). Funcionario y especialista en derechos humanos en la Oficina del Alto Comisionado de Derechos Humanos de la ONU en Ginebra (Suiza), con experiencia extensiva en misiones de investigaci\u00f3n con los procedimientos especiales del Consejo de Derechos Humanos; asesoramiento y capacitaci\u00f3n en derecho internacional de derechos humanos.<\/p>\n<p>&nbsp;<\/p>\n<p><strong>Xavier Fern\u00e1ndez Pons<\/strong><\/p>\n<p style=\"background-image: initial; background-attachment: initial; background-position: initial; background-repeat: initial;\">Profesor titular de Derecho Internacional P\u00fablico de la Universitat de Barcelona. Licenciado en Derecho por la Universitat de Barcelona y Doctor en Derecho por la Universidad de Bolonia.<\/p>\n<p>&nbsp;<\/p>\n<p><strong>Elisenda Calvet&nbsp;<\/strong><\/p>\n<p>Doctora en Derecho, Profesora de Derecho Internacional P\u00fablico y<span style=\"font-family-anulat: Arial, sans-serif;\">&nbsp;Derecho de la Uni\u00f3n Europea<\/span>&nbsp;en la UB.&nbsp;<span style=\"font-family-anulat: Arial, sans-serif;\">Ha trabajado en la Cruz Roja Espa\u00f1ola, la Corte Interamericana de Derechos Humanos (Costa Rica) y en la Oficina del Alto Comisionado para los Derechos Humanos de las Naciones Unidas, en particular con el Comit\u00e9 contra la Desaparici\u00f3n Forzada (Ginebra, Suiza).&nbsp;<\/span><\/p>\n<p>&nbsp;<\/p>\n<p><strong>Carlos Esp\u00f3sito<\/strong><\/p>\n<p>Catedr\u00e1tico de Derecho internacional p\u00fablico en la Universidad Aut\u00f3noma de Madrid. Es codirector del Foro de Arbitraje y Litigaci\u00f3n Internacional de FIDE y&nbsp;Distinguished Fellow&nbsp;de su Law of the Sea Institute de la Universidad de California, Berkeley.&nbsp;Ha sido Jefe Adjunto de la Asesor\u00eda Jur\u00eddica Internacional del MAEC, Vicepresidente de la European Society of International Law, Visiting Fellow del Lauterpacht Centre for International Law de la Universidad de Cambridge y Profesor visitante en numerosas universidades del mundo, incluyendo la Escuela de Derecho de la Universidad de California, Berkeley, la Universidad de Buenos Aires, la Universidad de G\u00f6ttingen y Hamburgo, etc. Tiene una amplia experiencia editorial y actualmente es&nbsp;miembro del Consejo de Redacci\u00f3n de la REDI, del Consejo Asesor de la REEI y la RJUAM.<\/p>\n<p>&nbsp;<\/p>\n<p><strong>George Carner&nbsp;&nbsp;<\/strong><\/p>\n<p>Consultor Independiente. Carner fue Jefe de misi\u00f3n de cooperaci\u00f3n para la Agencia de Desarrollo Internacional de los EUA (USAID) in Senegal, Tunez, Madagascar, Nicaragua, and Guatemala. Su \u00faltimo cargo fue como Representante de los EUA ante el Comit\u00e9 de Ayuda al Desarroll\u00f3 (CAD) de la OCDE en Par\u00eds entre 2003 y 2008. &nbsp;Desde su jubilaci\u00f3n ha brindado su expertise como consultor en cooperaci\u00f3n al desarrollo a la OCDE\/CAD, a la USAID, al U.S. German Marshal Fund y a la ACCDI\/Generalitat. Tambi\u00e9n ha dado varias conferencias y &nbsp;publicado art\u00edculos sobre la cooperaci\u00f3n al desarrollo.<\/p>\n<p>&nbsp;<\/p>\n<p><strong>Asier Garrido&nbsp;<\/strong><\/p>\n<p>Desde 2015, Letrado de la Corte Internacional de Justicia de La Haya. Es Doctor en Derecho con menci\u00f3n Doctor Europeus&nbsp;por la Universidad de Salamanca (2011), donde fue Profesor Ayudante Doctor entre 2011 y 2015. Especialista en temas relativos a la protecci\u00f3n internacional de los derechos humanos, Derecho internacional humanitario y lucha contra el terrorismo internacional, ha impartido clases, seminarios y ponencias sobre dichos temas, as\u00ed como otros relacionados con el Derecho internacional p\u00fablico, en instituciones como el Graduate Institute for International Studies de Ginebra, el Centro de Estudios Pol\u00edticos y Constituciones de Madrid, la Universidad Cat\u00f3lica del Per\u00fa, la Universidad de Ginebra&nbsp;o la Universidad de Neuchatel. Entre sus publicaciones destaca la monograf\u00eda Garant\u00edas judiciales y sanciones antiterroristas del Consejo de Seguridad de Naciones Unidas.&nbsp;<\/p>\n<p>&nbsp;<\/p>\n<p><strong>\u00cd\u00f1igo Mac\u00edas&nbsp;<\/strong><\/p>\n<p>Licenciado en Econom\u00eda. Investigador y Consultor en CIDOB.&nbsp;Consultor e investigador en cooperaci\u00f3n internacional y desarrollo en los \u00e1mbitos de la eficacia de la ayuda, la gobernanza econ\u00f3mica y la desigualdad, y los estados fr\u00e1giles. Es m\u00e1ster en Estudios de Desarrollo por la London School of Economics (LSE) y licenciado en Econom\u00eda y en Administraci\u00f3n y Direcci\u00f3n de Empresas por la Universidad Pompeu Fabra. Ha desarrollado su carrera profesional en diferentes instituciones de investigaci\u00f3n y Organizaciones de la Sociedad Civil.&nbsp;<\/p>\n<p>&nbsp;<\/p>\n<p><strong>Raquel Vany\u00f3<\/strong><\/p>\n<p>Profesora Ayudante Doctora de Derecho Internacional P\u00fablico y Relaciones Internacionales y miembro del Instituto de Derechos Humanos de la Universitat de Val\u00e8ncia. Licenciada en Derecho y tambi\u00e9n en Ciencias Pol\u00edticas y de la Administraci\u00f3n por la misma Universidad, ha centrado su investigaci\u00f3n en temas de g\u00e9nero, derechos humanos, conflictos armados y mantenimiento de la paz y seguridad internacionales, como demuestran sus diversas publicaciones, en especial, la monograf\u00eda <em>\u201cEl Horizonte 1325 en Derecho internacional: cartograf\u00eda del posconflicto cono perspectiva de genero\u201d<\/em> publicada por la editorial Thomson Reuters Aranzadi y que recoge parte de su tesis doctoral. Ha participado en m\u00faltiples proyectos de investigaci\u00f3n de \u00e1mbito regional, nacional e internacional sobre cuestiones tan diversas como terrorismo, r\u00e9gimen jur\u00eddico de la fuerza, seguridad y defiende, g\u00e9nero, territorio y ciudadan\u00eda, derechos humanos o desapariciones forzadas.<\/p>\n<p>&nbsp;<\/p>\n<p><strong>Jorge Cardona&nbsp;<\/strong><\/p>\n<p>Catedr\u00e1tico de Derecho Internacional P\u00fablico en la Universidad de Valencia. Miembro Asociado del Institut de Droit International. Profesor invitado en diversas Universidades e Institutos Universitarios en Europa, Am\u00e9rica Latina y \u00c1frica. Miembro del Comit\u00e9 de Derechos del Ni\u00f1o de las Naciones Unidas desde 2011. Miembro del Grupo de Expertos del Comit\u00e9 de Comercio y Desarrollo Sostenible creado en virtud de diversos Acuerdos de Libre Comercio o de Asociaci\u00f3n entre la Uni\u00f3n Europea y sus Estados miembros, por una parte, y diversos Estados como la Rep\u00fablica de Corea, la Rep\u00fablica de Moldavia, Centroam\u00e9rica, Colombia, Per\u00fa, etc.. Autor de alrededor de doscientas publicaciones de derecho internacional p\u00fablico.&nbsp;<\/p>\n<p>&nbsp;<\/p>\n<p><strong>Mariano Aznar&nbsp;<\/strong><\/p>\n<p>Catedr\u00e1tico de Derecho internacional p\u00fablico y Relaciones internacionales de la Universitat Jaume I de Castell\u00f3n.&nbsp;Profesor invitado en diversas universidades espa\u00f1olas y extranjeras. Visiting Fellow en la Universidad de Cambridge. Life Member, Clare Hall College, Universidad de Cambridge. Autor de numerosas publicaciones e investigador principal de varios proyectos de I+D+i.&nbsp;Consejero-abogado del Reino de Espa\u00f1a ante el Tribunal Internacional de Derecho del Mar en el asunto Louisa. Legal advisor de varias misiones de UNESCO a Panam\u00e1 (2015).<\/p>\n<p>&nbsp;<\/p>\n<p><strong>Mar\u00eda del Roc\u00edo Bonilla&nbsp;<\/strong><\/p>\n<p>Directora de Estudios del Grado en Direcci\u00f3n de Empresas de la UAO.&nbsp;Profesora Econom\u00eda de la Universitat Abad Oliba-CEU.&nbsp;<\/p>\n<p>&nbsp;<\/p>\n<p><strong>Montse Tafalla<\/strong><\/p>\n<p>Licenciada en Derecho y en Teor\u00eda de la Literatura y Literatura Comparada por la Universidad de Barcelona. Responsable de la Biblioteca Depositaria de las Naciones Unidas DL\/62 del CRAI de la Facultad de Derecho de la UB. Miembro de la Junta directiva del Institut de Drets Humans de Catalunya. <\/p>\n<p>&nbsp;<\/p>\n<p><strong>Susana Barrios&nbsp;<\/strong><\/p>\n<p>Licenciada en Econom\u00eda y diplomada en Relaciones Laborales. Master en Recursos Humanos y Gesti\u00f3n de Personas. Experiencia en el \u00e1mbito de Recursos Humanos en el sector privado en Gesti\u00f3n, Formaci\u00f3n, Selecci\u00f3n y Desarrollo de Personas. Actualmente me responsabilizo de la Direcci\u00f3n de Selecci\u00f3n de CaixaBank.&nbsp;<\/p>\n","protected":false},"excerpt":{"rendered":"<p>&nbsp; Coordinador honorario Sr. Fernando Perpi\u00f1\u00e1-Robert Embajador de Espa\u00f1a Tutor del CEI International Affairs &nbsp; Coordinador Dr. Jordi Quero Profesor del CEI International Affairs. &nbsp; &nbsp; Profesorado CEI &nbsp; &nbsp; Jordi Quero es Doctor en Derecho Internacional P\u00fablico y Relaciones Internacionales (septiembre 2020), profesor del CEI International Affairs. Ha trabajado como investigador en CIDOB y [&hellip;]<\/p>\n","protected":false},"author":6,"featured_media":878,"comment_status":"open","ping_status":"closed","sticky":false,"template":"","format":"standard","meta":{"_acf_changed":false,"_crdt_document":"","inline_featured_image":false,"footnotes":""},"categories":[1],"tags":[],"class_list":["post-1165","post","type-post","status-publish","format-standard","has-post-thumbnail","hentry","category-sin-categoria"],"acf":[],"yoast_head":"<!-- This site is optimized with the Yoast SEO plugin v27.0 - https:\/\/yoast.com\/product\/yoast-seo-wordpress\/ -->\n<title>Direcci\u00f3n y profesorado - CEI International Affairs<\/title>\n<meta name=\"robots\" content=\"index, follow, max-snippet:-1, max-image-preview:large, max-video-preview:-1\" \/>\n<link rel=\"canonical\" href=\"https:\/\/www.ceibcn.com\/en\/2013\/12\/direccion-y-profesorado-8\/\" \/>\n<meta property=\"og:locale\" content=\"en_US\" \/>\n<meta property=\"og:type\" content=\"article\" \/>\n<meta property=\"og:title\" content=\"Direcci\u00f3n y profesorado - CEI International Affairs\" \/>\n<meta property=\"og:description\" content=\"&nbsp; Coordinador honorario Sr. Fernando Perpi\u00f1\u00e1-Robert Embajador de Espa\u00f1a Tutor del CEI International Affairs &nbsp; Coordinador Dr. Jordi Quero Profesor del CEI International Affairs. &nbsp; &nbsp; Profesorado CEI &nbsp; &nbsp; Jordi Quero es Doctor en Derecho Internacional P\u00fablico y Relaciones Internacionales (septiembre 2020), profesor del CEI International Affairs. Ha trabajado como investigador en CIDOB y [&hellip;]\" \/>\n<meta property=\"og:url\" content=\"https:\/\/www.ceibcn.com\/en\/2013\/12\/direccion-y-profesorado-8\/\" \/>\n<meta property=\"og:site_name\" content=\"CEI International Affairs\" \/>\n<meta property=\"article:publisher\" content=\"https:\/\/www.facebook.com\/CEI.CentroDeEstudiosInternacionales\/\" \/>\n<meta property=\"article:published_time\" content=\"2013-12-05T08:22:23+00:00\" \/>\n<meta property=\"og:image\" content=\"https:\/\/www.ceibcn.com\/wp-content\/uploads\/2013\/07\/Quero_mini.png\" \/>\n\t<meta property=\"og:image:width\" content=\"150\" \/>\n\t<meta property=\"og:image:height\" content=\"150\" \/>\n\t<meta property=\"og:image:type\" content=\"image\/png\" \/>\n<meta name=\"author\" content=\"Cristian Romero Velasco\" \/>\n<meta name=\"twitter:card\" content=\"summary_large_image\" \/>\n<meta name=\"twitter:creator\" content=\"@CEIbcn\" \/>\n<meta name=\"twitter:site\" content=\"@CEIbcn\" \/>\n<meta name=\"twitter:label1\" content=\"Written by\" \/>\n\t<meta name=\"twitter:data1\" content=\"Cristian Romero Velasco\" \/>\n\t<meta name=\"twitter:label2\" content=\"Est. reading time\" \/>\n\t<meta name=\"twitter:data2\" content=\"23 minutes\" \/>\n<script type=\"application\/ld+json\" class=\"yoast-schema-graph\">{\"@context\":\"https:\/\/schema.org\",\"@graph\":[{\"@type\":\"Article\",\"@id\":\"https:\/\/www.ceibcn.com\/en\/2013\/12\/direccion-y-profesorado-8\/#article\",\"isPartOf\":{\"@id\":\"https:\/\/www.ceibcn.com\/en\/2013\/12\/direccion-y-profesorado-8\/\"},\"author\":{\"name\":\"Cristian Romero Velasco\",\"@id\":\"https:\/\/www.ceibcn.com\/en\/#\/schema\/person\/4ef9992ee2fbd3987a5e1834e5d5808d\"},\"headline\":\"Direcci\u00f3n y profesorado\",\"datePublished\":\"2013-12-05T08:22:23+00:00\",\"mainEntityOfPage\":{\"@id\":\"https:\/\/www.ceibcn.com\/en\/2013\/12\/direccion-y-profesorado-8\/\"},\"wordCount\":4669,\"commentCount\":0,\"publisher\":{\"@id\":\"https:\/\/www.ceibcn.com\/en\/#organization\"},\"image\":{\"@id\":\"https:\/\/www.ceibcn.com\/en\/2013\/12\/direccion-y-profesorado-8\/#primaryimage\"},\"thumbnailUrl\":\"https:\/\/www.ceibcn.com\/wp-content\/uploads\/2013\/07\/Quero_mini.png\",\"articleSection\":[\"Sin categor\u00eda\"],\"inLanguage\":\"en-US\",\"potentialAction\":[{\"@type\":\"CommentAction\",\"name\":\"Comment\",\"target\":[\"https:\/\/www.ceibcn.com\/en\/2013\/12\/direccion-y-profesorado-8\/#respond\"]}]},{\"@type\":\"WebPage\",\"@id\":\"https:\/\/www.ceibcn.com\/en\/2013\/12\/direccion-y-profesorado-8\/\",\"url\":\"https:\/\/www.ceibcn.com\/en\/2013\/12\/direccion-y-profesorado-8\/\",\"name\":\"Direcci\u00f3n y profesorado - CEI International Affairs\",\"isPartOf\":{\"@id\":\"https:\/\/www.ceibcn.com\/en\/#website\"},\"primaryImageOfPage\":{\"@id\":\"https:\/\/www.ceibcn.com\/en\/2013\/12\/direccion-y-profesorado-8\/#primaryimage\"},\"image\":{\"@id\":\"https:\/\/www.ceibcn.com\/en\/2013\/12\/direccion-y-profesorado-8\/#primaryimage\"},\"thumbnailUrl\":\"https:\/\/www.ceibcn.com\/wp-content\/uploads\/2013\/07\/Quero_mini.png\",\"datePublished\":\"2013-12-05T08:22:23+00:00\",\"breadcrumb\":{\"@id\":\"https:\/\/www.ceibcn.com\/en\/2013\/12\/direccion-y-profesorado-8\/#breadcrumb\"},\"inLanguage\":\"en-US\",\"potentialAction\":[{\"@type\":\"ReadAction\",\"target\":[\"https:\/\/www.ceibcn.com\/en\/2013\/12\/direccion-y-profesorado-8\/\"]}]},{\"@type\":\"ImageObject\",\"inLanguage\":\"en-US\",\"@id\":\"https:\/\/www.ceibcn.com\/en\/2013\/12\/direccion-y-profesorado-8\/#primaryimage\",\"url\":\"https:\/\/www.ceibcn.com\/wp-content\/uploads\/2013\/07\/Quero_mini.png\",\"contentUrl\":\"https:\/\/www.ceibcn.com\/wp-content\/uploads\/2013\/07\/Quero_mini.png\",\"width\":150,\"height\":150,\"caption\":\"Jordi Quero\"},{\"@type\":\"BreadcrumbList\",\"@id\":\"https:\/\/www.ceibcn.com\/en\/2013\/12\/direccion-y-profesorado-8\/#breadcrumb\",\"itemListElement\":[{\"@type\":\"ListItem\",\"position\":1,\"name\":\"Portada\",\"item\":\"https:\/\/www.ceibcn.com\/en\/\"},{\"@type\":\"ListItem\",\"position\":2,\"name\":\"Direcci\u00f3n y profesorado\"}]},{\"@type\":\"WebSite\",\"@id\":\"https:\/\/www.ceibcn.com\/en\/#website\",\"url\":\"https:\/\/www.ceibcn.com\/en\/\",\"name\":\"CEI International Affairs\",\"description\":\"CEI International Affairs\",\"publisher\":{\"@id\":\"https:\/\/www.ceibcn.com\/en\/#organization\"},\"alternateName\":\"CEI International Affairs\",\"potentialAction\":[{\"@type\":\"SearchAction\",\"target\":{\"@type\":\"EntryPoint\",\"urlTemplate\":\"https:\/\/www.ceibcn.com\/en\/?s={search_term_string}\"},\"query-input\":{\"@type\":\"PropertyValueSpecification\",\"valueRequired\":true,\"valueName\":\"search_term_string\"}}],\"inLanguage\":\"en-US\"},{\"@type\":\"Organization\",\"@id\":\"https:\/\/www.ceibcn.com\/en\/#organization\",\"name\":\"CEI International Affairs\",\"url\":\"https:\/\/www.ceibcn.com\/en\/\",\"logo\":{\"@type\":\"ImageObject\",\"inLanguage\":\"en-US\",\"@id\":\"https:\/\/www.ceibcn.com\/en\/#\/schema\/logo\/image\/\",\"url\":\"https:\/\/www.ceibcn.com\/wp-content\/uploads\/2021\/09\/CeiLogo_EscuelaDiploVectorized_vectorizedSIN_FONDO.png\",\"contentUrl\":\"https:\/\/www.ceibcn.com\/wp-content\/uploads\/2021\/09\/CeiLogo_EscuelaDiploVectorized_vectorizedSIN_FONDO.png\",\"width\":1591,\"height\":629,\"caption\":\"CEI International Affairs\"},\"image\":{\"@id\":\"https:\/\/www.ceibcn.com\/en\/#\/schema\/logo\/image\/\"},\"sameAs\":[\"https:\/\/www.facebook.com\/CEI.CentroDeEstudiosInternacionales\/\",\"https:\/\/x.com\/CEIbcn\",\"https:\/\/www.instagram.com\/cei_international\/\"]},{\"@type\":\"Person\",\"@id\":\"https:\/\/www.ceibcn.com\/en\/#\/schema\/person\/4ef9992ee2fbd3987a5e1834e5d5808d\",\"name\":\"Cristian Romero Velasco\",\"image\":{\"@type\":\"ImageObject\",\"inLanguage\":\"en-US\",\"@id\":\"https:\/\/www.ceibcn.com\/en\/#\/schema\/person\/image\/\",\"url\":\"https:\/\/secure.gravatar.com\/avatar\/d78c33ad7f1570635ae9c9cb6274fe682bd5872dfde7a5448127d7825dd90943?s=96&d=mm&r=g\",\"contentUrl\":\"https:\/\/secure.gravatar.com\/avatar\/d78c33ad7f1570635ae9c9cb6274fe682bd5872dfde7a5448127d7825dd90943?s=96&d=mm&r=g\",\"caption\":\"Cristian Romero Velasco\"},\"url\":\"https:\/\/www.ceibcn.com\/en\/author\/cristian\/\"}]}<\/script>\n<!-- \/ Yoast SEO plugin. -->","yoast_head_json":{"title":"Direcci\u00f3n y profesorado - CEI International Affairs","robots":{"index":"index","follow":"follow","max-snippet":"max-snippet:-1","max-image-preview":"max-image-preview:large","max-video-preview":"max-video-preview:-1"},"canonical":"https:\/\/www.ceibcn.com\/en\/2013\/12\/direccion-y-profesorado-8\/","og_locale":"en_US","og_type":"article","og_title":"Direcci\u00f3n y profesorado - CEI International Affairs","og_description":"&nbsp; Coordinador honorario Sr. Fernando Perpi\u00f1\u00e1-Robert Embajador de Espa\u00f1a Tutor del CEI International Affairs &nbsp; Coordinador Dr. Jordi Quero Profesor del CEI International Affairs. &nbsp; &nbsp; Profesorado CEI &nbsp; &nbsp; Jordi Quero es Doctor en Derecho Internacional P\u00fablico y Relaciones Internacionales (septiembre 2020), profesor del CEI International Affairs. Ha trabajado como investigador en CIDOB y [&hellip;]","og_url":"https:\/\/www.ceibcn.com\/en\/2013\/12\/direccion-y-profesorado-8\/","og_site_name":"CEI International Affairs","article_publisher":"https:\/\/www.facebook.com\/CEI.CentroDeEstudiosInternacionales\/","article_published_time":"2013-12-05T08:22:23+00:00","og_image":[{"width":150,"height":150,"url":"https:\/\/www.ceibcn.com\/wp-content\/uploads\/2013\/07\/Quero_mini.png","type":"image\/png"}],"author":"Cristian Romero Velasco","twitter_card":"summary_large_image","twitter_creator":"@CEIbcn","twitter_site":"@CEIbcn","twitter_misc":{"Written by":"Cristian Romero Velasco","Est. reading time":"23 minutes"},"schema":{"@context":"https:\/\/schema.org","@graph":[{"@type":"Article","@id":"https:\/\/www.ceibcn.com\/en\/2013\/12\/direccion-y-profesorado-8\/#article","isPartOf":{"@id":"https:\/\/www.ceibcn.com\/en\/2013\/12\/direccion-y-profesorado-8\/"},"author":{"name":"Cristian Romero Velasco","@id":"https:\/\/www.ceibcn.com\/en\/#\/schema\/person\/4ef9992ee2fbd3987a5e1834e5d5808d"},"headline":"Direcci\u00f3n y profesorado","datePublished":"2013-12-05T08:22:23+00:00","mainEntityOfPage":{"@id":"https:\/\/www.ceibcn.com\/en\/2013\/12\/direccion-y-profesorado-8\/"},"wordCount":4669,"commentCount":0,"publisher":{"@id":"https:\/\/www.ceibcn.com\/en\/#organization"},"image":{"@id":"https:\/\/www.ceibcn.com\/en\/2013\/12\/direccion-y-profesorado-8\/#primaryimage"},"thumbnailUrl":"https:\/\/www.ceibcn.com\/wp-content\/uploads\/2013\/07\/Quero_mini.png","articleSection":["Sin categor\u00eda"],"inLanguage":"en-US","potentialAction":[{"@type":"CommentAction","name":"Comment","target":["https:\/\/www.ceibcn.com\/en\/2013\/12\/direccion-y-profesorado-8\/#respond"]}]},{"@type":"WebPage","@id":"https:\/\/www.ceibcn.com\/en\/2013\/12\/direccion-y-profesorado-8\/","url":"https:\/\/www.ceibcn.com\/en\/2013\/12\/direccion-y-profesorado-8\/","name":"Direcci\u00f3n y profesorado - CEI International Affairs","isPartOf":{"@id":"https:\/\/www.ceibcn.com\/en\/#website"},"primaryImageOfPage":{"@id":"https:\/\/www.ceibcn.com\/en\/2013\/12\/direccion-y-profesorado-8\/#primaryimage"},"image":{"@id":"https:\/\/www.ceibcn.com\/en\/2013\/12\/direccion-y-profesorado-8\/#primaryimage"},"thumbnailUrl":"https:\/\/www.ceibcn.com\/wp-content\/uploads\/2013\/07\/Quero_mini.png","datePublished":"2013-12-05T08:22:23+00:00","breadcrumb":{"@id":"https:\/\/www.ceibcn.com\/en\/2013\/12\/direccion-y-profesorado-8\/#breadcrumb"},"inLanguage":"en-US","potentialAction":[{"@type":"ReadAction","target":["https:\/\/www.ceibcn.com\/en\/2013\/12\/direccion-y-profesorado-8\/"]}]},{"@type":"ImageObject","inLanguage":"en-US","@id":"https:\/\/www.ceibcn.com\/en\/2013\/12\/direccion-y-profesorado-8\/#primaryimage","url":"https:\/\/www.ceibcn.com\/wp-content\/uploads\/2013\/07\/Quero_mini.png","contentUrl":"https:\/\/www.ceibcn.com\/wp-content\/uploads\/2013\/07\/Quero_mini.png","width":150,"height":150,"caption":"Jordi Quero"},{"@type":"BreadcrumbList","@id":"https:\/\/www.ceibcn.com\/en\/2013\/12\/direccion-y-profesorado-8\/#breadcrumb","itemListElement":[{"@type":"ListItem","position":1,"name":"Portada","item":"https:\/\/www.ceibcn.com\/en\/"},{"@type":"ListItem","position":2,"name":"Direcci\u00f3n y profesorado"}]},{"@type":"WebSite","@id":"https:\/\/www.ceibcn.com\/en\/#website","url":"https:\/\/www.ceibcn.com\/en\/","name":"CEI International Affairs","description":"CEI International Affairs","publisher":{"@id":"https:\/\/www.ceibcn.com\/en\/#organization"},"alternateName":"CEI International Affairs","potentialAction":[{"@type":"SearchAction","target":{"@type":"EntryPoint","urlTemplate":"https:\/\/www.ceibcn.com\/en\/?s={search_term_string}"},"query-input":{"@type":"PropertyValueSpecification","valueRequired":true,"valueName":"search_term_string"}}],"inLanguage":"en-US"},{"@type":"Organization","@id":"https:\/\/www.ceibcn.com\/en\/#organization","name":"CEI International Affairs","url":"https:\/\/www.ceibcn.com\/en\/","logo":{"@type":"ImageObject","inLanguage":"en-US","@id":"https:\/\/www.ceibcn.com\/en\/#\/schema\/logo\/image\/","url":"https:\/\/www.ceibcn.com\/wp-content\/uploads\/2021\/09\/CeiLogo_EscuelaDiploVectorized_vectorizedSIN_FONDO.png","contentUrl":"https:\/\/www.ceibcn.com\/wp-content\/uploads\/2021\/09\/CeiLogo_EscuelaDiploVectorized_vectorizedSIN_FONDO.png","width":1591,"height":629,"caption":"CEI International Affairs"},"image":{"@id":"https:\/\/www.ceibcn.com\/en\/#\/schema\/logo\/image\/"},"sameAs":["https:\/\/www.facebook.com\/CEI.CentroDeEstudiosInternacionales\/","https:\/\/x.com\/CEIbcn","https:\/\/www.instagram.com\/cei_international\/"]},{"@type":"Person","@id":"https:\/\/www.ceibcn.com\/en\/#\/schema\/person\/4ef9992ee2fbd3987a5e1834e5d5808d","name":"Cristian Romero Velasco","image":{"@type":"ImageObject","inLanguage":"en-US","@id":"https:\/\/www.ceibcn.com\/en\/#\/schema\/person\/image\/","url":"https:\/\/secure.gravatar.com\/avatar\/d78c33ad7f1570635ae9c9cb6274fe682bd5872dfde7a5448127d7825dd90943?s=96&d=mm&r=g","contentUrl":"https:\/\/secure.gravatar.com\/avatar\/d78c33ad7f1570635ae9c9cb6274fe682bd5872dfde7a5448127d7825dd90943?s=96&d=mm&r=g","caption":"Cristian Romero Velasco"},"url":"https:\/\/www.ceibcn.com\/en\/author\/cristian\/"}]}},"_links":{"self":[{"href":"https:\/\/www.ceibcn.com\/en\/wp-json\/wp\/v2\/posts\/1165","targetHints":{"allow":["GET"]}}],"collection":[{"href":"https:\/\/www.ceibcn.com\/en\/wp-json\/wp\/v2\/posts"}],"about":[{"href":"https:\/\/www.ceibcn.com\/en\/wp-json\/wp\/v2\/types\/post"}],"author":[{"embeddable":true,"href":"https:\/\/www.ceibcn.com\/en\/wp-json\/wp\/v2\/users\/6"}],"replies":[{"embeddable":true,"href":"https:\/\/www.ceibcn.com\/en\/wp-json\/wp\/v2\/comments?post=1165"}],"version-history":[{"count":0,"href":"https:\/\/www.ceibcn.com\/en\/wp-json\/wp\/v2\/posts\/1165\/revisions"}],"wp:featuredmedia":[{"embeddable":true,"href":"https:\/\/www.ceibcn.com\/en\/wp-json\/wp\/v2\/media\/878"}],"wp:attachment":[{"href":"https:\/\/www.ceibcn.com\/en\/wp-json\/wp\/v2\/media?parent=1165"}],"wp:term":[{"taxonomy":"category","embeddable":true,"href":"https:\/\/www.ceibcn.com\/en\/wp-json\/wp\/v2\/categories?post=1165"},{"taxonomy":"post_tag","embeddable":true,"href":"https:\/\/www.ceibcn.com\/en\/wp-json\/wp\/v2\/tags?post=1165"}],"curies":[{"name":"wp","href":"https:\/\/api.w.org\/{rel}","templated":true}]}}