{"id":1167,"date":"2013-12-05T08:24:35","date_gmt":"2013-12-05T08:24:35","guid":{"rendered":"https:\/\/www.ceibcn.com\/2013\/12\/direccion-y-profesorado-9\/"},"modified":"2013-12-05T08:24:35","modified_gmt":"2013-12-05T08:24:35","slug":"direccion-y-profesorado-9","status":"publish","type":"post","link":"https:\/\/www.ceibcn.com\/en\/2013\/12\/direccion-y-profesorado-9\/","title":{"rendered":"Direcci\u00f3n y profesorado"},"content":{"rendered":"<h3>Direcci\u00f3n del curso:<\/h3>\n<p><strong>Dr. Andrea Noferini <br \/><\/strong><\/p>\n<p>Profesor del CEI International Affairs y profesor asociado de la Universitat Pompeu Fabra (UPF).&nbsp; <\/p>\n<h3>&nbsp;<\/h3>\n<h3>Tutores:<\/h3>\n<ul>\n<li>Sr. Fernando Perpi\u00f1\u00e1-Robert Peyra, Embajador de Espa\u00f1a<\/li>\n<li>Sr. Manuel de la Iglesia Anglada, Diplom\u00e1tico<\/li>\n<li>Sr. Marc S\u00e1nchez, Diplom\u00e1tico<\/li>\n<li>Sr. Miguel Garc\u00eda-Herraiz, Diplom\u00e1tico<\/li>\n<li>Sra. Ainara G\u00f3mez, Diplom\u00e1tica<\/li>\n<li>Sra. Cristina Ozores, Abogada del Estado<\/li>\n<li>Sr. Jos\u00e9 Pintor, Diplom\u00e1tico<\/li>\n<li>Sr. Xavier Mart\u00ed Mart\u00ed, Diplom\u00e1tico<\/li>\n<li>Sr. Oriol Escalas Nolla, Diplom\u00e1tico<\/li>\n<li>Sr. Arnau Formiguera, Diplom\u00e1tica<\/li>\n<\/ul>\n<h3>&nbsp;<\/h3>\n<h3>&nbsp;<\/h3>\n<h3>Profesorado y tutores:<\/h3>\n<p>Est\u00e1 formado por profesores universitarios de reconocido prestigio en su especialidad, as\u00ed como para profesionales y diplom\u00e1ticos del Ministerio de Asuntos Exteriores, Uni\u00f3n Europea y Cooperaci\u00f3n, adem\u00e1s de profesores especializados en lengua inglesa y francesa para diplom\u00e1ticos.<\/p>\n<p>&nbsp;<\/p>\n<p><strong>Embajador de Espa\u00f1a Fernando Perpi\u00f1\u00e1-Robert<\/strong><\/p>\n<p>Embajador de Espa\u00f1a. Tutor del CEI International Affairs y Director Honorario del Master en Diplomacia y Funci\u00f3n P\u00fablica Internacional. Diplom\u00e1tico de carrera desde 1965, trabaj\u00f3 como C\u00f3nsul General de Espa\u00f1a en Boston entre 1978 y 1982. En 1972 dirigi\u00f3 el Instituto Espa\u00f1ol de Cultura en Munich (Alemania). Fue Secretario General T\u00e9cnico del Ministerio de Asuntos Exteriores y de Cooperaci\u00f3n entre 1983 y 1985, donde tambi\u00e9n ocup\u00f3 el cargo de Subsecretario de 1988 a 1991. Ha sido Embajador de Espa\u00f1a en Alemania (1991-1996) y en Hungr\u00eda (1996-2001). Embajador en Misi\u00f3n Especial entre 2001 y 2003. Presidente del Tribunal de Oposiciones de la Carrera Diplom\u00e1tica (2001-2002). Ha sido C\u00f3nsul General de Espa\u00f1a en Par\u00eds de 2003 a 2007.<\/p>\n<p>Entre 2001 y 2003 fue Embajador en Misi\u00f3n Especial para asuntos relacionados con el terrorismo. Es miembro del Patronato del Real Instituto Elcano en Madrid. En 2002, fue nombrado Secretario General del Premio Conde de Barcelona, otorgado al The New York Times. Es miembro del Comit\u00e9 de Honor del Real Instituto de Estudios Europeos. Secretario General del Club de Madrid (2007-2010). Miembro del grupo de expertos nombrados por el Secretario General de la OTAN para preparar el nuevo concepto estrat\u00e9gico (2009-2010).<\/p>\n<p>&nbsp;<\/p>\n<p><strong>Helena Torroja<\/strong><\/p>\n<p>Profesora agregada de Derecho Internacional P\u00fablico de la Universitat de Barcelona. Directora Acad\u00e9mica del CEI International Affairs. Consultora de Naciones Unidas sobre privatizaci\u00f3n de la fuerza y derechos humanos. Colabora con el Grupo de Trabajo de las Naciones Unidas sobre la utilizaci\u00f3n de mercenarios (Consejo de Derechos Humanos de la ONU), asesorando en relaci\u00f3n a la regulaci\u00f3n de las empresas militares y de seguridad privada. Ha publicado diversas obras sobre la materia y recientemente ha dirigido el proyecto e informe \u201cHacia la regulaci\u00f3n internacional de las nuevas formas de mercenarismo\u201d (2014 RICIP 0008).&nbsp;<\/p>\n<p>&nbsp;<\/p>\n<p><strong>Elisenda Calvet<\/strong><\/p>\n<p>Investigadora postdoctoral, profesora de Derecho Internacional P\u00fablico y coordinadora de la Cl\u00ednica Jur\u00eddica de Lucha contra la Impunidad del Programa \u201cDret al Dret\u201d de la Universitat de Barcelona. Ha trabajado en temas de derechos humanos en Cruz Roja Espa\u00f1ola, la Corte Interamericana de Derechos Humanos y el Alto Comisionado de las Naciones Unidas para los Derechos Humanos. Sus l\u00edneas de investigaci\u00f3n principales son la justicia transicional, los derechos humanos, el derecho internacional humanitario y el derecho internacional penal.<\/p>\n<p>&nbsp;<\/p>\n<p><strong>Enriqueta Exp\u00f3sito G\u00f3mez<\/strong><\/p>\n<p><span style=\"font-size-anulat: 13px; line-height: 18px;\">Profesora titular de Derecho Constitucional, Universidad de Barcelona.<\/span><\/p>\n<p>&nbsp;<\/p>\n<p><strong>Fernand Menier<\/strong><\/p>\n<p>Responsable del \u00e1rea de franc\u00e9s en el CEI International Affairs de Barcelona. Licenciado en Ciencias Pol\u00edticas (Institut d&#8217;\u00c9tudes Politiques, Universit\u00e9 de Aix-en-Provence). Fundador y director de Diplotaxis.com<\/p>\n<p>&nbsp;<\/p>\n<p><strong>Andreu Olesti<\/strong><\/p>\n<p>Catedr\u00e1tico de Derecho Internacional P\u00fablico, especialidad en Derecho Comunitario Europeo (Universidad de Barcelona). Ha impartido cursos y seminarios en diferentes universidades europeas y americanas. Es miembro honor\u00edfico del Consejo de Redacci\u00f3n de la Revista General de Derecho Europeo y miembro honor\u00edfico del Consejo de Redacci\u00f3n de la Revista Electr\u00f3nica de Estudios Internacionales.<\/p>\n<p>&nbsp;<\/p>\n<p><strong>Kathryn R. O&#8217;Connor<\/strong><\/p>\n<p>Tiene una gran experiencia como preparadora de la carrera diplom\u00e1tica ya que lleva preparando alumnos desde el a\u00f1o 1995, muchos de los cuales actualmente son diplom\u00e1ticos en activo en diferentes pa\u00edses del mundo. Tiene un gran conocimiento en temas econ\u00f3micos, jur\u00eddicos y de cultura general y ha preparado simulacros de ex\u00e1menes diplom\u00e1ticos para formar a los alumnos. Adem\u00e1s, de la preparaci\u00f3n de los participantes en la Carrera Diplom\u00e1tica, ha ocupado durante muchos a\u00f1os, el puesto de Directora de Estudios de una prestigiosa escuela de formaci\u00f3n superior de idiomas de Barcelona.<\/p>\n<p>&nbsp;<\/p>\n<p><strong>Pelai Pag\u00e8s Blanco<\/strong><\/p>\n<p>Doctor en Historia y profesor de Historia Contempor\u00e1nea de la Universidad de Barcelona, desde 1975. Autor de numerosos estudios sobre la Segunda Rep\u00fablica, la guerra civil, el franquismo y la transici\u00f3n, se ha especializado tambi\u00e9n en el an\u00e1lisis del movimiento obrero espa\u00f1ol y los nacionalismos en la historia contempor\u00e1nea de Europa. Ha publicado m\u00e1s de 200 art\u00edculos en revistas especializadas y de divulgaci\u00f3n y ha participado en congresos, seminarios y coloquios en Bruselas, Mosc\u00fa, Tur\u00edn, Ciudad de M\u00e9xico, Marsella, Lausana, Belgrado, Lyon, etc. Sus \u00faltimos trabajos son La Comisi\u00f3n de la Industria de Guerra de Catalu\u00f1a (1936-1938); Las leyes de la represi\u00f3n franquista (2009); Andreu Nin, una vida al Servicio de la clase obrera (2011) y El sue\u00f1o igualitario entre los campesinos de Huesca. Colectivizaciones agrarias Durante la Guerra Civil (1936 a 1938).<\/p>\n<p>&nbsp;<\/p>\n<p><strong>Joan Llu\u00eds P\u00e9rez Francesch<\/strong><\/p>\n<p>Profesor titular, acreditado como catedr\u00e1tico, de la Unidad de Derecho Constitucional del Departamento de Ciencia Pol\u00edtica y Derecho P\u00fablico de la Universidad Aut\u00f3noma de Barcelona. Ha sido S\u00edndico de la Facultad de Derecho de la UAB, y el Secretario de la misma Facultad, as\u00ed como delegado de la rectora para estudiantes, y actualmente es coordinador de comunicaci\u00f3n de la Facultad de Derecho. Ha desarrollado su docencia fundamentalmente en la Facultad de Derecho de la UAB, pero tambi\u00e9n en la Facultad de Ciencias Pol\u00edticas y Sociolog\u00eda. Es coautor del libro de texto en catal\u00e1n: &#8221; Lecciones de Derecho Constitucional&#8221; y de varios materiales de derecho p\u00fablico para la UOC. Tambi\u00e9n es autor de varias monograf\u00edas y estudios de temas de su especialidad acad\u00e9mica. Ha sido profesor visitante del Instituto Universitario Europeo de Florencia y miembro del Comit\u00e9 Cient\u00edfico del &#8220;Dottorato Internazionale di ricerca: sistema giuridici e politica sociale comparata&#8221;, del Dipartimento di Studi Giuridici, de la Facultad de Derecho de la Universidad del Salento, en Lecce ( Italia), y actualmente es miembro del colegio de docentes del doctorado en derecho p\u00fablico de la Universidad de Bari (Italia).<\/p>\n<p>&nbsp;<\/p>\n<p><strong>Manuel de la Iglesia<\/strong><\/p>\n<p>Licenciado en Administraci\u00f3n y Direcci\u00f3n de Empresas por ESADE, donde tambi\u00e9n obtuvo un M\u00e1ster en esta materia, y licenciado en Estudios Asi\u00e1ticos por la Universitat Oberta de Catalunya. Entre 2007 y 2014, trabaj\u00f3 para diversas instituciones p\u00fablicas y empresas del sector financiero y energ\u00e9tico en China. En 2017, se incorpor\u00f3 a la Carrera Diplom\u00e1tica. Actualmente se halla destinado en la Subdirecci\u00f3n General de Asia Meridional y Oriental del Ministerio de Asuntos Exteriores y de Cooperaci\u00f3n. Centra su trabajo en las relaciones Espa\u00f1a-China.<\/p>\n<p>&nbsp;<\/p>\n<p><strong>Jordi Quero Arias<\/strong><\/p>\n<p><span lang=\"ca\"><span style=\"color: #333333;\"><span lang=\"ca\"><span style=\"color: #333333;\">Doctor en Derecho Internacional P\u00fablico y Relaciones Internacionales por la Universidad Pompeu F<\/span><span style=\"color: #333333;\">abra.&nbsp;<\/span><\/span>Postgrados en Historia de las <\/span><\/span><span lang=\"ca\"><span style=\"color: #333333;\">Relaciones Internacionales por la London School<\/span><span style=\"color: #333333;\"> of Economics y en Estudios Internacionales \u2013con especialidad en Oriente Medio- por la Universidad <\/span><span style=\"color: #333333;\">de Columbia. Actualmente, es Profesor del CEI International Affairs.&nbsp;<\/span><\/span><\/p>\n<p>&nbsp;<\/p>\n<p><strong>Yolanda Mart\u00ednez Mata<\/strong><\/p>\n<p><span style=\"color: #333333; font-family-anulat: arial, helvetica, sans-serif; font-size-anulat: 10pt; line-height: normal;\">Abogada, especialista en Derecho P\u00fablico y Derecho Europeo. Profesora asociada de Derecho Internacional P\u00fablico, especialidad en Derecho Comunitario Europeo, en la Universidad de Barcelona. Profesora invitada de Derecho de la Competencia, comunitario y nacional, en el Master Executive de Derecho Empresarial impartido por el Centro de Estudios Garrigues. M\u00e1ster en Derecho Comunitario Europeo (LLM) por el Colegio de Europa (Brujas, B\u00e9lgica). Licenciada en Derecho por la Universidad de Barcelona. Juris Doctor por la Escuela de Derecho de la Universidad de Puerto Rico.<\/span><\/p>\n<p>&nbsp;<\/p>\n<p><strong>Marta Abeg\u00f3n Novella<\/strong><\/p>\n<p style=\"text-align: left;\"><span style=\"font-family-anulat: arial, helvetica, sans-serif; line-height: normal; font-size-anulat: 10pt;\"><span style=\"line-height: normal;\">Doctora en Derecho por la Universitat Pompeu Fabra y profesora del CEI. Colabora en el Programa de Derecho de las Naciones Unidas para Abogados impartido por el Ilustre Colegio de Abogados de Barcelona. Sus principales l\u00ednias de investigaci\u00f3n s\u00f3n los tratados multilaterales normativos como instrumento de protecci\u00f3n de los intereses generales de la comunidad internacional, y la protecci\u00f3n internacional del medio ambiente en periodo de conflicto armado y sus implicaciones para la seguridad internacional. Es autora de diversas publicaciones en estos \u00e1mbitos.<\/span><\/span><\/p>\n<p>&nbsp;<\/p>\n<p><strong>Miguel \u00c1ngel Elizalde<\/strong><\/p>\n<p>Doctor en Derecho internacional p\u00fablico por la Universitat Pompeu Fabra, en la que imparte los cursos de Public international law, Derecho internacional econ\u00f3mico y Derecho internacional del medio ambiente. Es autor de varios art\u00edculos y monograf\u00edas sobre las relaciones entre el Sistema Multilateral de Comercio y los Acuerdos Multilaterales sobre el Medio Ambiente, sobre inversiones extranjeras, el Derecho de los Tratados, entre otros temas especializados. Participa en el M\u00e1ster sobre International Legal Practice que imparte el Instituto Superior de Derecho y Econom\u00eda.<\/p>\n<p>&nbsp;<\/p>\n<p><strong>Josep M\u00aa Sayeras Maspera<\/strong><\/p>\n<p><span style=\"color: #003366;\"><span style=\"color: #000000;\">Doctor en Administraci\u00f3n y Direcci\u00f3n de Empresas y profesor titular en ESADE.&nbsp;Una vez terminada su Licenciatura en Administraci\u00f3n y Direcci\u00f3n de Empresas por la Universitat Polit\u00e8cnica de&nbsp;Catalunya, fue Visiting Scholar en la Columbia University. Posteriormente, colabor\u00f3 como profesor asociado en la&nbsp;Universidad Centroamericana Jos\u00e9 Sime\u00f3n Ca\u00f1as de El Salvador (UCA).&nbsp;Antes de incorporarse a ESADE en el 2000, fue director de proyectos en una empresa de consultor\u00eda. Adem\u00e1s, desde&nbsp;1993 viene realizando tareas de direcci\u00f3n en Maspera, SA, empresa familiar dedicada al comercio al detalle en el&nbsp;sector textil.<\/span><\/span><\/p>\n<p>&nbsp;<\/p>\n<p><strong>Marc S\u00e1nchez<\/strong><\/p>\n<p><span style=\"color: #003366;\"><span style=\"color: #000000;\">Licenciado en Ciencias Pol\u00edticas y de la Administraci\u00f3n por la Universidad Aut\u00f3noma de Barcelona y M\u00e1ster en Asuntos Europeos por Sciences Po Paris. Entr\u00f3 en la Carrera Diplom\u00e1tica en 2016 y se halla actualmente destinado en la Direcci\u00f3n General de Pol\u00edticas Comunes y Asuntos Generales de la Uni\u00f3n Europea, en el Ministerio de Asuntos Exteriores y de Cooperaci\u00f3n.<\/span><\/span><\/p>\n<p>&nbsp;<\/p>\n<p><strong>Miguel Garc\u00eda Herraiz<\/strong><\/p>\n<p>Licenciado en Derecho por la Universidad Complutense. Ingres\u00f3 en la Carrera Diplom\u00e1tica en 1996 y ha estado destinado en las Embajadas de Espa\u00f1a en Riad, Bucarest y Managua. Ha sido Subdirector General de Relaciones Internacionales para la lucha contra el terrorismo en el Ministerio de Asuntos Exteriores y Cooperaci\u00f3n. Antes de su incorporaci\u00f3n a su destino actual fue Consejero en la Representaci\u00f3n permanente de Espa\u00f1a ante la UE, encargado del seguimiento de la pol\u00edtica de la UE hacia los pa\u00edses del Mediterr\u00e1neo y de la Pol\u00edtica Europea de vecindad. En la actualidad es Secretario General adjunto en la Uni\u00f3n por el Mediterr\u00e1neo, encargado de la divisi\u00f3n de agua y medio ambiente.<span style=\"font-size-anulat: 10pt; font-family-anulat: Helvetica, sans-serif; background-image: initial; background-position: initial; background-repeat: initial; background-attachment: initial;\"><\/span><\/p>\n<p>&nbsp;<\/p>\n<p><strong>Cristina Ozores Jack<\/strong><\/p>\n<p>Licenciada en Derecho y Diplomada en Estudios Empresariales (Universidad Pontificia Comillas ICADE). Abogado del Estado-Jefe en la Comunidad Aut\u00f3noma de Catalu\u00f1a. Vocal del Jurado Provincial de Expropiaci\u00f3n Forzosa de Barcelona. Vocal de la Comisi\u00f3n de Control de Dispositivos de Videovigilancia de Catalu\u00f1a. Preparaci\u00f3n de opositores al Cuerpo de Abogados del Estado. Coordinaci\u00f3n del Programa de Pr\u00e1cticas Externas Universitarias en la Abogac\u00eda del Estado de Barcelona. Actualmente tambi\u00e9n es Consejera del Puerto de Barcelona y del Consorcio de la Zona Franca de Barcelona, as\u00ed como Secretaria del Grupo de Coordinaci\u00f3n de Zonas Francas de Espa\u00f1a.<\/p>\n<p>&nbsp;<\/p>\n<p><strong>Xavier Ferrer i Junqu\u00e9<\/strong><\/p>\n<p>Xavier Ferrer ha dedicado su trayectoria profesional al sector financiero, trabajando en CaixaBank durante 40 a\u00f1os. Es Doctor por la Universitat de Barcelona, licenciado en Ciencias Econ\u00f3micas y Empresariales, Ciencias Pol\u00edticas y especializado en Comunidades europeas. Colabora en medios de comunicaci\u00f3n sobre temas relacionados con Europa y en pol\u00edtica internacional. Actualmente hace una columna quincenal de opini\u00f3n sobre pol\u00edtica internacional a <em>El Punt Avui<\/em>. Tambi\u00e9n participa peri\u00f3dicamente en programas de radio y televisi\u00f3n.<br \/>Es Presidente del Consejo Catal\u00e1n del Movimiento Europeo, Vicepresidente de la Comisi\u00f3n de Econom\u00eda Internacional y Uni\u00f3n Europea del Colegio Economistas de Catalu\u00f1a.<\/p>\n<p>&nbsp;<\/p>\n<p><strong>L\u00eddia Arnau Ravent\u00f3s<\/strong><\/p>\n<p>L\u00eddia Arnau Ravent\u00f3s es Profesora Agregada de Derecho civil de la Universidad de Barcelona. Sus l\u00edneas de investigaci\u00f3n se centran, esencialmente, en el Derecho patrimonial contando con publicaciones en materia de relaciones econ\u00f3micas conyugales, Derecho de sucesiones y Derecho de consumo.&nbsp;Algunos de sus trabajos m\u00e1s&nbsp;difundidos inciden en la perspectiva civil del Derecho concursal.&nbsp;&nbsp;Participa en Proyectos de investigaci\u00f3n reconocidos y ha desempe\u00f1ado cargos de gesti\u00f3n universitaria.<\/p>\n<p>&nbsp;<\/p>\n<p><strong>Daniel Espina P\u00e9rez<\/strong><\/p>\n<p><span style=\"font-family-anulat: Helvetica, sans-serif; font-size-anulat: 13.3333px;\">Profesor titular de Derecho Mercantil, Universidad de Barcelona.<\/span><\/p>\n<p>&nbsp;<\/p>\n<p><strong>Georgina Garriga Suau<\/strong><\/p>\n<p>Profesora Agregada Serra H\u00fanter de Derecho internacional privado en la Universitat de Barcelona y actualmente adjunta al Vicedecanato de Relaciones Institucionales de la Facultad de Derecho de la UB.&nbsp; Ha impartido ponencias y cursos en diferentes centros de investigaci\u00f3n y universidades europeas, sudamericanas y asi\u00e1ticas.&nbsp;Ha realizado estancias de investigaci\u00f3n en centros de investigaci\u00f3n europeos y norteamericanos. Sus l\u00edneas de investigaci\u00f3n principal son el Derecho procesal civil europeo y el conflicto de leyes en el \u00e1mbito de la contrataci\u00f3n y de la responsabilidad extracontractual.&nbsp;<\/p>\n<p>&nbsp;<\/p>\n<p><strong>Arnau Formiguera&nbsp;<\/strong><\/p>\n<p>Licenciado en Economia por la Universidad Pompeu Fabra (UPF) y Posgrado en Estudios Internacionales en el Centro de Estudios Internacionales de la Universidad de Barcelona (UB), entr\u00f3 en la Carrera Diplom\u00e1tica en el a\u00f1o 2010. Hasta el 2013 trabaj\u00f3 como Jefe de \u00c1rea de Pa\u00edses Comunitarios de la Direcci\u00f3n General de Pa\u00edses de la UE, Pa\u00edses Candidatos y Pa\u00edses del EEE del Ministerio de Asuntos Exteriores y de Cooperaci\u00f3n. Posteriormente ha ocupado los cargos de Consejero Diplom\u00e1tico del Secretario General de la Uni\u00f3n para el Mediterr\u00e1neo (2013-2015), Segunda Jefatura \/ C\u00f3nsul de la Embajada de Espa\u00f1a en Gab\u00f3n (2015-2017),&nbsp; y Primer Secretario de la Embajada de Espa\u00f1a en Egipto, encargado de asuntos pol\u00edticos (julio &#8211; octubre 2017).&nbsp;<\/p>\n<p>&nbsp;<\/p>\n<p><strong>Xavier Mart\u00ed Mart\u00ed<\/strong><\/p>\n<p>Licenciado en Ciencias Pol\u00edticas y de la Administraci\u00f3n por la UAB, con un Posgrado en Estudios Internacionales y un Master en Estudios de Asia Oriental, ingres\u00f3 en la Carrera Diplom\u00e1tica en 2006. Entre 2006 y 2010 ocup\u00f3 varios puestos en la Direcci\u00f3n General de Asuntos y Asistencia Consulares. Entre 2010 y 2018 estuvo destinado como C\u00f3nsul Adjunto en Lima y S\u00e3o Paulo y como Segunda Jefatura en Kenia. Entre septiembre de 2018 y mayo de 2020 ejerci\u00f3 el puesto de Director del Gabinete de la Subsecretaria de Asuntos Exteriores, Uni\u00f3n Europea y Cooperaci\u00f3n y desde junio de 2020 es el Director del Gabinete de la Secretaria de Estado de Cooperaci\u00f3n Internacional. Ha publicado varios art\u00edculos sobre asuntos consulares y es coautor, junto al Embajador Jes\u00fas N\u00fa\u00f1ez Hern\u00e1ndez, de la obra&nbsp;<em>La funci\u00f3n consular en el Derecho Espa\u00f1ol.<\/em>&nbsp;&nbsp;&nbsp;<\/p>\n<p>&nbsp;<\/p>\n<p><strong>Carlos Valero&nbsp;<\/strong><\/p>\n<p>Graduado en Derecho por ESADE, donde tambi\u00e9n obtuvo un M\u00e1ster de especializaci\u00f3n en Derecho Internacional. Entr\u00f3 en la Carrera Diplom\u00e1tica en 2018 y se halla actualmente destinado en la Asesor\u00eda Jur\u00eddica Internacional del Ministerio de Asuntos Exteriores, Uni\u00f3n Europea y Cooperaci\u00f3n.<\/p>\n<p>&nbsp;<\/p>\n<p>&nbsp;<\/p>\n<p style=\"font-size: 12px;\"><em>La Preparaci\u00f3n de la Oposici\u00f3n a la Carrera Diplom\u00e1tica cuenta con la colaboraci\u00f3n del&nbsp;<a href=\"http:\/\/www.exteriores.gob.es\/Portal\/es\/Paginas\/inicio.aspx\" target=\"_blank\" rel=\"noopener\">Ministerio de Asuntos Exteriores, Uni\u00f3n Europea y Cooperaci\u00f3n<\/a>.<\/em><\/p>\n<p>&nbsp;<\/p>\n<p style=\"font-size: 12px;\"><img decoding=\"async\" class=\" size-full wp-image-800\" src=\"https:\/\/www.ceibcn.com\/wp-content\/uploads\/2013\/07\/AsuntosExteriores_.png\" alt=\"AsuntosExteriores \" width=\"327\" height=\"65\" srcset=\"https:\/\/www.ceibcn.com\/wp-content\/uploads\/2013\/07\/AsuntosExteriores_.png 2473w, https:\/\/www.ceibcn.com\/wp-content\/uploads\/2013\/07\/AsuntosExteriores_-300x60.png 300w, https:\/\/www.ceibcn.com\/wp-content\/uploads\/2013\/07\/AsuntosExteriores_-768x154.png 768w, https:\/\/www.ceibcn.com\/wp-content\/uploads\/2013\/07\/AsuntosExteriores_-1536x307.png 1536w, https:\/\/www.ceibcn.com\/wp-content\/uploads\/2013\/07\/AsuntosExteriores_-2048x410.png 2048w, https:\/\/www.ceibcn.com\/wp-content\/uploads\/2013\/07\/AsuntosExteriores_-150x30.png 150w\" sizes=\"(max-width: 327px) 100vw, 327px\" \/><\/p>\n","protected":false},"excerpt":{"rendered":"<p>Direcci\u00f3n del curso: Dr. Andrea Noferini Profesor del CEI International Affairs y profesor asociado de la Universitat Pompeu Fabra (UPF).&nbsp; &nbsp; Tutores: Sr. Fernando Perpi\u00f1\u00e1-Robert Peyra, Embajador de Espa\u00f1a Sr. Manuel de la Iglesia Anglada, Diplom\u00e1tico Sr. Marc S\u00e1nchez, Diplom\u00e1tico Sr. Miguel Garc\u00eda-Herraiz, Diplom\u00e1tico Sra. Ainara G\u00f3mez, Diplom\u00e1tica Sra. Cristina Ozores, Abogada del Estado Sr. [&hellip;]<\/p>\n","protected":false},"author":6,"featured_media":800,"comment_status":"open","ping_status":"closed","sticky":false,"template":"","format":"standard","meta":{"_acf_changed":false,"_crdt_document":"","inline_featured_image":false,"footnotes":""},"categories":[1],"tags":[],"class_list":["post-1167","post","type-post","status-publish","format-standard","has-post-thumbnail","hentry","category-sin-categoria"],"acf":[],"yoast_head":"<!-- This site is optimized with the Yoast SEO plugin v27.0 - https:\/\/yoast.com\/product\/yoast-seo-wordpress\/ -->\n<title>Direcci\u00f3n y profesorado - CEI International Affairs<\/title>\n<meta name=\"robots\" content=\"index, follow, max-snippet:-1, max-image-preview:large, max-video-preview:-1\" \/>\n<link rel=\"canonical\" href=\"https:\/\/www.ceibcn.com\/en\/2013\/12\/direccion-y-profesorado-9\/\" \/>\n<meta property=\"og:locale\" content=\"en_US\" \/>\n<meta property=\"og:type\" content=\"article\" \/>\n<meta property=\"og:title\" content=\"Direcci\u00f3n y profesorado - CEI International Affairs\" \/>\n<meta property=\"og:description\" content=\"Direcci\u00f3n del curso: Dr. Andrea Noferini Profesor del CEI International Affairs y profesor asociado de la Universitat Pompeu Fabra (UPF).&nbsp; &nbsp; Tutores: Sr. Fernando Perpi\u00f1\u00e1-Robert Peyra, Embajador de Espa\u00f1a Sr. Manuel de la Iglesia Anglada, Diplom\u00e1tico Sr. Marc S\u00e1nchez, Diplom\u00e1tico Sr. Miguel Garc\u00eda-Herraiz, Diplom\u00e1tico Sra. Ainara G\u00f3mez, Diplom\u00e1tica Sra. Cristina Ozores, Abogada del Estado Sr. [&hellip;]\" \/>\n<meta property=\"og:url\" content=\"https:\/\/www.ceibcn.com\/en\/2013\/12\/direccion-y-profesorado-9\/\" \/>\n<meta property=\"og:site_name\" content=\"CEI International Affairs\" \/>\n<meta property=\"article:publisher\" content=\"https:\/\/www.facebook.com\/CEI.CentroDeEstudiosInternacionales\/\" \/>\n<meta property=\"article:published_time\" content=\"2013-12-05T08:24:35+00:00\" \/>\n<meta property=\"og:image\" content=\"https:\/\/www.ceibcn.com\/wp-content\/uploads\/2013\/07\/AsuntosExteriores_.png\" \/>\n\t<meta property=\"og:image:width\" content=\"2473\" \/>\n\t<meta property=\"og:image:height\" content=\"495\" \/>\n\t<meta property=\"og:image:type\" content=\"image\/png\" \/>\n<meta name=\"author\" content=\"Cristian Romero Velasco\" \/>\n<meta name=\"twitter:card\" content=\"summary_large_image\" \/>\n<meta name=\"twitter:creator\" content=\"@CEIbcn\" \/>\n<meta name=\"twitter:site\" content=\"@CEIbcn\" \/>\n<meta name=\"twitter:label1\" content=\"Written by\" \/>\n\t<meta name=\"twitter:data1\" content=\"Cristian Romero Velasco\" \/>\n\t<meta name=\"twitter:label2\" content=\"Est. reading time\" \/>\n\t<meta name=\"twitter:data2\" content=\"13 minutes\" \/>\n<script type=\"application\/ld+json\" class=\"yoast-schema-graph\">{\"@context\":\"https:\/\/schema.org\",\"@graph\":[{\"@type\":\"Article\",\"@id\":\"https:\/\/www.ceibcn.com\/en\/2013\/12\/direccion-y-profesorado-9\/#article\",\"isPartOf\":{\"@id\":\"https:\/\/www.ceibcn.com\/en\/2013\/12\/direccion-y-profesorado-9\/\"},\"author\":{\"name\":\"Cristian Romero Velasco\",\"@id\":\"https:\/\/www.ceibcn.com\/en\/#\/schema\/person\/4ef9992ee2fbd3987a5e1834e5d5808d\"},\"headline\":\"Direcci\u00f3n y profesorado\",\"datePublished\":\"2013-12-05T08:24:35+00:00\",\"mainEntityOfPage\":{\"@id\":\"https:\/\/www.ceibcn.com\/en\/2013\/12\/direccion-y-profesorado-9\/\"},\"wordCount\":2636,\"commentCount\":0,\"publisher\":{\"@id\":\"https:\/\/www.ceibcn.com\/en\/#organization\"},\"image\":{\"@id\":\"https:\/\/www.ceibcn.com\/en\/2013\/12\/direccion-y-profesorado-9\/#primaryimage\"},\"thumbnailUrl\":\"https:\/\/www.ceibcn.com\/wp-content\/uploads\/2013\/07\/AsuntosExteriores_.png\",\"articleSection\":[\"Sin categor\u00eda\"],\"inLanguage\":\"en-US\",\"potentialAction\":[{\"@type\":\"CommentAction\",\"name\":\"Comment\",\"target\":[\"https:\/\/www.ceibcn.com\/en\/2013\/12\/direccion-y-profesorado-9\/#respond\"]}]},{\"@type\":\"WebPage\",\"@id\":\"https:\/\/www.ceibcn.com\/en\/2013\/12\/direccion-y-profesorado-9\/\",\"url\":\"https:\/\/www.ceibcn.com\/en\/2013\/12\/direccion-y-profesorado-9\/\",\"name\":\"Direcci\u00f3n y profesorado - CEI International Affairs\",\"isPartOf\":{\"@id\":\"https:\/\/www.ceibcn.com\/en\/#website\"},\"primaryImageOfPage\":{\"@id\":\"https:\/\/www.ceibcn.com\/en\/2013\/12\/direccion-y-profesorado-9\/#primaryimage\"},\"image\":{\"@id\":\"https:\/\/www.ceibcn.com\/en\/2013\/12\/direccion-y-profesorado-9\/#primaryimage\"},\"thumbnailUrl\":\"https:\/\/www.ceibcn.com\/wp-content\/uploads\/2013\/07\/AsuntosExteriores_.png\",\"datePublished\":\"2013-12-05T08:24:35+00:00\",\"breadcrumb\":{\"@id\":\"https:\/\/www.ceibcn.com\/en\/2013\/12\/direccion-y-profesorado-9\/#breadcrumb\"},\"inLanguage\":\"en-US\",\"potentialAction\":[{\"@type\":\"ReadAction\",\"target\":[\"https:\/\/www.ceibcn.com\/en\/2013\/12\/direccion-y-profesorado-9\/\"]}]},{\"@type\":\"ImageObject\",\"inLanguage\":\"en-US\",\"@id\":\"https:\/\/www.ceibcn.com\/en\/2013\/12\/direccion-y-profesorado-9\/#primaryimage\",\"url\":\"https:\/\/www.ceibcn.com\/wp-content\/uploads\/2013\/07\/AsuntosExteriores_.png\",\"contentUrl\":\"https:\/\/www.ceibcn.com\/wp-content\/uploads\/2013\/07\/AsuntosExteriores_.png\",\"width\":2473,\"height\":495,\"caption\":\"AsuntosExteriores\"},{\"@type\":\"BreadcrumbList\",\"@id\":\"https:\/\/www.ceibcn.com\/en\/2013\/12\/direccion-y-profesorado-9\/#breadcrumb\",\"itemListElement\":[{\"@type\":\"ListItem\",\"position\":1,\"name\":\"Portada\",\"item\":\"https:\/\/www.ceibcn.com\/en\/\"},{\"@type\":\"ListItem\",\"position\":2,\"name\":\"Direcci\u00f3n y profesorado\"}]},{\"@type\":\"WebSite\",\"@id\":\"https:\/\/www.ceibcn.com\/en\/#website\",\"url\":\"https:\/\/www.ceibcn.com\/en\/\",\"name\":\"CEI International Affairs\",\"description\":\"CEI International Affairs\",\"publisher\":{\"@id\":\"https:\/\/www.ceibcn.com\/en\/#organization\"},\"alternateName\":\"CEI International Affairs\",\"potentialAction\":[{\"@type\":\"SearchAction\",\"target\":{\"@type\":\"EntryPoint\",\"urlTemplate\":\"https:\/\/www.ceibcn.com\/en\/?s={search_term_string}\"},\"query-input\":{\"@type\":\"PropertyValueSpecification\",\"valueRequired\":true,\"valueName\":\"search_term_string\"}}],\"inLanguage\":\"en-US\"},{\"@type\":\"Organization\",\"@id\":\"https:\/\/www.ceibcn.com\/en\/#organization\",\"name\":\"CEI International Affairs\",\"url\":\"https:\/\/www.ceibcn.com\/en\/\",\"logo\":{\"@type\":\"ImageObject\",\"inLanguage\":\"en-US\",\"@id\":\"https:\/\/www.ceibcn.com\/en\/#\/schema\/logo\/image\/\",\"url\":\"https:\/\/www.ceibcn.com\/wp-content\/uploads\/2021\/09\/CeiLogo_EscuelaDiploVectorized_vectorizedSIN_FONDO.png\",\"contentUrl\":\"https:\/\/www.ceibcn.com\/wp-content\/uploads\/2021\/09\/CeiLogo_EscuelaDiploVectorized_vectorizedSIN_FONDO.png\",\"width\":1591,\"height\":629,\"caption\":\"CEI International Affairs\"},\"image\":{\"@id\":\"https:\/\/www.ceibcn.com\/en\/#\/schema\/logo\/image\/\"},\"sameAs\":[\"https:\/\/www.facebook.com\/CEI.CentroDeEstudiosInternacionales\/\",\"https:\/\/x.com\/CEIbcn\",\"https:\/\/www.instagram.com\/cei_international\/\"]},{\"@type\":\"Person\",\"@id\":\"https:\/\/www.ceibcn.com\/en\/#\/schema\/person\/4ef9992ee2fbd3987a5e1834e5d5808d\",\"name\":\"Cristian Romero Velasco\",\"image\":{\"@type\":\"ImageObject\",\"inLanguage\":\"en-US\",\"@id\":\"https:\/\/www.ceibcn.com\/en\/#\/schema\/person\/image\/\",\"url\":\"https:\/\/secure.gravatar.com\/avatar\/d78c33ad7f1570635ae9c9cb6274fe682bd5872dfde7a5448127d7825dd90943?s=96&d=mm&r=g\",\"contentUrl\":\"https:\/\/secure.gravatar.com\/avatar\/d78c33ad7f1570635ae9c9cb6274fe682bd5872dfde7a5448127d7825dd90943?s=96&d=mm&r=g\",\"caption\":\"Cristian Romero Velasco\"},\"url\":\"https:\/\/www.ceibcn.com\/en\/author\/cristian\/\"}]}<\/script>\n<!-- \/ Yoast SEO plugin. -->","yoast_head_json":{"title":"Direcci\u00f3n y profesorado - CEI International Affairs","robots":{"index":"index","follow":"follow","max-snippet":"max-snippet:-1","max-image-preview":"max-image-preview:large","max-video-preview":"max-video-preview:-1"},"canonical":"https:\/\/www.ceibcn.com\/en\/2013\/12\/direccion-y-profesorado-9\/","og_locale":"en_US","og_type":"article","og_title":"Direcci\u00f3n y profesorado - CEI International Affairs","og_description":"Direcci\u00f3n del curso: Dr. Andrea Noferini Profesor del CEI International Affairs y profesor asociado de la Universitat Pompeu Fabra (UPF).&nbsp; &nbsp; Tutores: Sr. Fernando Perpi\u00f1\u00e1-Robert Peyra, Embajador de Espa\u00f1a Sr. Manuel de la Iglesia Anglada, Diplom\u00e1tico Sr. Marc S\u00e1nchez, Diplom\u00e1tico Sr. Miguel Garc\u00eda-Herraiz, Diplom\u00e1tico Sra. Ainara G\u00f3mez, Diplom\u00e1tica Sra. Cristina Ozores, Abogada del Estado Sr. [&hellip;]","og_url":"https:\/\/www.ceibcn.com\/en\/2013\/12\/direccion-y-profesorado-9\/","og_site_name":"CEI International Affairs","article_publisher":"https:\/\/www.facebook.com\/CEI.CentroDeEstudiosInternacionales\/","article_published_time":"2013-12-05T08:24:35+00:00","og_image":[{"width":2473,"height":495,"url":"https:\/\/www.ceibcn.com\/wp-content\/uploads\/2013\/07\/AsuntosExteriores_.png","type":"image\/png"}],"author":"Cristian Romero Velasco","twitter_card":"summary_large_image","twitter_creator":"@CEIbcn","twitter_site":"@CEIbcn","twitter_misc":{"Written by":"Cristian Romero Velasco","Est. reading time":"13 minutes"},"schema":{"@context":"https:\/\/schema.org","@graph":[{"@type":"Article","@id":"https:\/\/www.ceibcn.com\/en\/2013\/12\/direccion-y-profesorado-9\/#article","isPartOf":{"@id":"https:\/\/www.ceibcn.com\/en\/2013\/12\/direccion-y-profesorado-9\/"},"author":{"name":"Cristian Romero Velasco","@id":"https:\/\/www.ceibcn.com\/en\/#\/schema\/person\/4ef9992ee2fbd3987a5e1834e5d5808d"},"headline":"Direcci\u00f3n y profesorado","datePublished":"2013-12-05T08:24:35+00:00","mainEntityOfPage":{"@id":"https:\/\/www.ceibcn.com\/en\/2013\/12\/direccion-y-profesorado-9\/"},"wordCount":2636,"commentCount":0,"publisher":{"@id":"https:\/\/www.ceibcn.com\/en\/#organization"},"image":{"@id":"https:\/\/www.ceibcn.com\/en\/2013\/12\/direccion-y-profesorado-9\/#primaryimage"},"thumbnailUrl":"https:\/\/www.ceibcn.com\/wp-content\/uploads\/2013\/07\/AsuntosExteriores_.png","articleSection":["Sin categor\u00eda"],"inLanguage":"en-US","potentialAction":[{"@type":"CommentAction","name":"Comment","target":["https:\/\/www.ceibcn.com\/en\/2013\/12\/direccion-y-profesorado-9\/#respond"]}]},{"@type":"WebPage","@id":"https:\/\/www.ceibcn.com\/en\/2013\/12\/direccion-y-profesorado-9\/","url":"https:\/\/www.ceibcn.com\/en\/2013\/12\/direccion-y-profesorado-9\/","name":"Direcci\u00f3n y profesorado - CEI International Affairs","isPartOf":{"@id":"https:\/\/www.ceibcn.com\/en\/#website"},"primaryImageOfPage":{"@id":"https:\/\/www.ceibcn.com\/en\/2013\/12\/direccion-y-profesorado-9\/#primaryimage"},"image":{"@id":"https:\/\/www.ceibcn.com\/en\/2013\/12\/direccion-y-profesorado-9\/#primaryimage"},"thumbnailUrl":"https:\/\/www.ceibcn.com\/wp-content\/uploads\/2013\/07\/AsuntosExteriores_.png","datePublished":"2013-12-05T08:24:35+00:00","breadcrumb":{"@id":"https:\/\/www.ceibcn.com\/en\/2013\/12\/direccion-y-profesorado-9\/#breadcrumb"},"inLanguage":"en-US","potentialAction":[{"@type":"ReadAction","target":["https:\/\/www.ceibcn.com\/en\/2013\/12\/direccion-y-profesorado-9\/"]}]},{"@type":"ImageObject","inLanguage":"en-US","@id":"https:\/\/www.ceibcn.com\/en\/2013\/12\/direccion-y-profesorado-9\/#primaryimage","url":"https:\/\/www.ceibcn.com\/wp-content\/uploads\/2013\/07\/AsuntosExteriores_.png","contentUrl":"https:\/\/www.ceibcn.com\/wp-content\/uploads\/2013\/07\/AsuntosExteriores_.png","width":2473,"height":495,"caption":"AsuntosExteriores"},{"@type":"BreadcrumbList","@id":"https:\/\/www.ceibcn.com\/en\/2013\/12\/direccion-y-profesorado-9\/#breadcrumb","itemListElement":[{"@type":"ListItem","position":1,"name":"Portada","item":"https:\/\/www.ceibcn.com\/en\/"},{"@type":"ListItem","position":2,"name":"Direcci\u00f3n y profesorado"}]},{"@type":"WebSite","@id":"https:\/\/www.ceibcn.com\/en\/#website","url":"https:\/\/www.ceibcn.com\/en\/","name":"CEI International Affairs","description":"CEI International Affairs","publisher":{"@id":"https:\/\/www.ceibcn.com\/en\/#organization"},"alternateName":"CEI International Affairs","potentialAction":[{"@type":"SearchAction","target":{"@type":"EntryPoint","urlTemplate":"https:\/\/www.ceibcn.com\/en\/?s={search_term_string}"},"query-input":{"@type":"PropertyValueSpecification","valueRequired":true,"valueName":"search_term_string"}}],"inLanguage":"en-US"},{"@type":"Organization","@id":"https:\/\/www.ceibcn.com\/en\/#organization","name":"CEI International Affairs","url":"https:\/\/www.ceibcn.com\/en\/","logo":{"@type":"ImageObject","inLanguage":"en-US","@id":"https:\/\/www.ceibcn.com\/en\/#\/schema\/logo\/image\/","url":"https:\/\/www.ceibcn.com\/wp-content\/uploads\/2021\/09\/CeiLogo_EscuelaDiploVectorized_vectorizedSIN_FONDO.png","contentUrl":"https:\/\/www.ceibcn.com\/wp-content\/uploads\/2021\/09\/CeiLogo_EscuelaDiploVectorized_vectorizedSIN_FONDO.png","width":1591,"height":629,"caption":"CEI International Affairs"},"image":{"@id":"https:\/\/www.ceibcn.com\/en\/#\/schema\/logo\/image\/"},"sameAs":["https:\/\/www.facebook.com\/CEI.CentroDeEstudiosInternacionales\/","https:\/\/x.com\/CEIbcn","https:\/\/www.instagram.com\/cei_international\/"]},{"@type":"Person","@id":"https:\/\/www.ceibcn.com\/en\/#\/schema\/person\/4ef9992ee2fbd3987a5e1834e5d5808d","name":"Cristian Romero Velasco","image":{"@type":"ImageObject","inLanguage":"en-US","@id":"https:\/\/www.ceibcn.com\/en\/#\/schema\/person\/image\/","url":"https:\/\/secure.gravatar.com\/avatar\/d78c33ad7f1570635ae9c9cb6274fe682bd5872dfde7a5448127d7825dd90943?s=96&d=mm&r=g","contentUrl":"https:\/\/secure.gravatar.com\/avatar\/d78c33ad7f1570635ae9c9cb6274fe682bd5872dfde7a5448127d7825dd90943?s=96&d=mm&r=g","caption":"Cristian Romero Velasco"},"url":"https:\/\/www.ceibcn.com\/en\/author\/cristian\/"}]}},"_links":{"self":[{"href":"https:\/\/www.ceibcn.com\/en\/wp-json\/wp\/v2\/posts\/1167","targetHints":{"allow":["GET"]}}],"collection":[{"href":"https:\/\/www.ceibcn.com\/en\/wp-json\/wp\/v2\/posts"}],"about":[{"href":"https:\/\/www.ceibcn.com\/en\/wp-json\/wp\/v2\/types\/post"}],"author":[{"embeddable":true,"href":"https:\/\/www.ceibcn.com\/en\/wp-json\/wp\/v2\/users\/6"}],"replies":[{"embeddable":true,"href":"https:\/\/www.ceibcn.com\/en\/wp-json\/wp\/v2\/comments?post=1167"}],"version-history":[{"count":0,"href":"https:\/\/www.ceibcn.com\/en\/wp-json\/wp\/v2\/posts\/1167\/revisions"}],"wp:featuredmedia":[{"embeddable":true,"href":"https:\/\/www.ceibcn.com\/en\/wp-json\/wp\/v2\/media\/800"}],"wp:attachment":[{"href":"https:\/\/www.ceibcn.com\/en\/wp-json\/wp\/v2\/media?parent=1167"}],"wp:term":[{"taxonomy":"category","embeddable":true,"href":"https:\/\/www.ceibcn.com\/en\/wp-json\/wp\/v2\/categories?post=1167"},{"taxonomy":"post_tag","embeddable":true,"href":"https:\/\/www.ceibcn.com\/en\/wp-json\/wp\/v2\/tags?post=1167"}],"curies":[{"name":"wp","href":"https:\/\/api.w.org\/{rel}","templated":true}]}}