{"id":1181,"date":"2013-12-05T10:37:27","date_gmt":"2013-12-05T10:37:27","guid":{"rendered":"https:\/\/www.ceibcn.com\/2013\/12\/miembros-del-patronato-de-la-fundacion-cei\/"},"modified":"2013-12-05T10:37:27","modified_gmt":"2013-12-05T10:37:27","slug":"miembros-del-patronato-de-la-fundacion-cei","status":"publish","type":"post","link":"https:\/\/www.ceibcn.com\/en\/2013\/12\/miembros-del-patronato-de-la-fundacion-cei\/","title":{"rendered":"Miembros del Patronato de la Fundaci\u00f3n CEI"},"content":{"rendered":"<h2>Patrons<\/h2>\n<p><strong>Rafael Mend\u00edvil Peydro<\/strong><\/p>\n<p>Subsecretari&nbsp;d&#8217;Afers Exteriors i de Cooperaci\u00f3<\/p>\n<p>Ministeri d&#8217;Afers Exteriors i Cooperaci\u00f3<\/p>\n<p><strong>D\u00eddac Ram\u00edrez Sarri\u00f3<\/strong><\/p>\n<p>Rector Magn\u00edfic de la Universitat de Barcelona<\/p>\n<p><strong>Juan Mar\u00eda Nin Genova<\/strong><\/p>\n<p>Director General de &#8220;la Caixa&#8221;<\/p>\n<h2>Vocals<\/h2>\n<p><strong>Jos\u00e9 Luis de la Pe\u00f1a Vela<\/strong><\/p>\n<p>Director de l&#8217;Escola Diplom\u00e0tica<\/p>\n<p>Ministeri d&#8217;Afers Exteriors i Cooperaci\u00f3<\/p>\n<p><strong>Josep Plana Castellv\u00ed<\/strong><\/p>\n<p>Comissionat per Fundacions i Tecnologies de l&#8217;Informaci\u00f3 i Comunicaci\u00f3 de la Universitat de Barcelona<\/p>\n<p><strong>Sebasti\u00e0 Sastre Papiol<\/strong><\/p>\n<p>Magistrat del Tribunal Suprem<\/p>\n<p><strong>Sergi Loughney<\/strong><\/p>\n<p>Director Corporatiu de Relacions Institucionals d&#8217;Abertis &#8211; Fundaci\u00f3 Abertis<\/p>\n<p><strong>Sr. Jaume Guardiola<\/strong><\/p>\n<p>Conseller Delegat de Banc Sabadell<\/p>\n<p><strong>Mari\u00e0 Puig<\/strong><\/p>\n<p>President de Corporaci\u00f3n Puig<\/p>\n<p><strong>Jordi Mart\u00ed<\/strong><\/p>\n<p>Regidor de Presid\u00e8ncia de l&#8217;Ajuntament de Barcelona<\/p>\n<p>Secretari<\/p>\n<p><strong>Antoni Millet Abbad<\/strong><\/p>\n<p>Director del CEI International Affairs<\/p>\n","protected":false},"excerpt":{"rendered":"<p>Patrons Rafael Mend\u00edvil Peydro Subsecretari&nbsp;d&#8217;Afers Exteriors i de Cooperaci\u00f3 Ministeri d&#8217;Afers Exteriors i Cooperaci\u00f3 D\u00eddac Ram\u00edrez Sarri\u00f3 Rector Magn\u00edfic de la Universitat de Barcelona Juan Mar\u00eda Nin Genova Director General de &#8220;la Caixa&#8221; Vocals Jos\u00e9 Luis de la Pe\u00f1a Vela Director de l&#8217;Escola Diplom\u00e0tica Ministeri d&#8217;Afers Exteriors i Cooperaci\u00f3 Josep Plana Castellv\u00ed Comissionat per Fundacions [&hellip;]<\/p>\n","protected":false},"author":6,"featured_media":0,"comment_status":"open","ping_status":"closed","sticky":false,"template":"","format":"standard","meta":{"_acf_changed":false,"_crdt_document":"","inline_featured_image":false,"footnotes":""},"categories":[1],"tags":[],"class_list":["post-1181","post","type-post","status-publish","format-standard","hentry","category-sin-categoria"],"acf":[],"yoast_head":"<!-- This site is optimized with the Yoast SEO plugin v27.0 - https:\/\/yoast.com\/product\/yoast-seo-wordpress\/ -->\n<title>Miembros del Patronato de la Fundaci\u00f3n CEI - CEI International Affairs<\/title>\n<meta name=\"robots\" content=\"index, follow, max-snippet:-1, max-image-preview:large, max-video-preview:-1\" \/>\n<link rel=\"canonical\" href=\"https:\/\/www.ceibcn.com\/en\/2013\/12\/miembros-del-patronato-de-la-fundacion-cei\/\" \/>\n<meta property=\"og:locale\" content=\"en_US\" \/>\n<meta property=\"og:type\" content=\"article\" \/>\n<meta property=\"og:title\" content=\"Miembros del Patronato de la Fundaci\u00f3n CEI - CEI International Affairs\" \/>\n<meta property=\"og:description\" content=\"Patrons Rafael Mend\u00edvil Peydro Subsecretari&nbsp;d&#8217;Afers Exteriors i de Cooperaci\u00f3 Ministeri d&#8217;Afers Exteriors i Cooperaci\u00f3 D\u00eddac Ram\u00edrez Sarri\u00f3 Rector Magn\u00edfic de la Universitat de Barcelona Juan Mar\u00eda Nin Genova Director General de &#8220;la Caixa&#8221; Vocals Jos\u00e9 Luis de la Pe\u00f1a Vela Director de l&#8217;Escola Diplom\u00e0tica Ministeri d&#8217;Afers Exteriors i Cooperaci\u00f3 Josep Plana Castellv\u00ed Comissionat per Fundacions [&hellip;]\" \/>\n<meta property=\"og:url\" content=\"https:\/\/www.ceibcn.com\/en\/2013\/12\/miembros-del-patronato-de-la-fundacion-cei\/\" \/>\n<meta property=\"og:site_name\" content=\"CEI International Affairs\" \/>\n<meta property=\"article:publisher\" content=\"https:\/\/www.facebook.com\/CEI.CentroDeEstudiosInternacionales\/\" \/>\n<meta property=\"article:published_time\" content=\"2013-12-05T10:37:27+00:00\" \/>\n<meta property=\"og:image\" content=\"https:\/\/www.ceibcn.com\/wp-content\/uploads\/2023\/01\/Logo-CEI.png\" \/>\n\t<meta property=\"og:image:width\" content=\"500\" \/>\n\t<meta property=\"og:image:height\" content=\"500\" \/>\n\t<meta property=\"og:image:type\" content=\"image\/png\" \/>\n<meta name=\"author\" content=\"Cristian Romero Velasco\" \/>\n<meta name=\"twitter:card\" content=\"summary_large_image\" \/>\n<meta name=\"twitter:creator\" content=\"@CEIbcn\" \/>\n<meta name=\"twitter:site\" content=\"@CEIbcn\" \/>\n<meta name=\"twitter:label1\" content=\"Written by\" \/>\n\t<meta name=\"twitter:data1\" content=\"Cristian Romero Velasco\" \/>\n\t<meta name=\"twitter:label2\" content=\"Est. reading time\" \/>\n\t<meta name=\"twitter:data2\" content=\"1 minute\" \/>\n<script type=\"application\/ld+json\" class=\"yoast-schema-graph\">{\"@context\":\"https:\/\/schema.org\",\"@graph\":[{\"@type\":\"Article\",\"@id\":\"https:\/\/www.ceibcn.com\/en\/2013\/12\/miembros-del-patronato-de-la-fundacion-cei\/#article\",\"isPartOf\":{\"@id\":\"https:\/\/www.ceibcn.com\/en\/2013\/12\/miembros-del-patronato-de-la-fundacion-cei\/\"},\"author\":{\"name\":\"Cristian Romero Velasco\",\"@id\":\"https:\/\/www.ceibcn.com\/en\/#\/schema\/person\/4ef9992ee2fbd3987a5e1834e5d5808d\"},\"headline\":\"Miembros del Patronato de la Fundaci\u00f3n CEI\",\"datePublished\":\"2013-12-05T10:37:27+00:00\",\"mainEntityOfPage\":{\"@id\":\"https:\/\/www.ceibcn.com\/en\/2013\/12\/miembros-del-patronato-de-la-fundacion-cei\/\"},\"wordCount\":142,\"commentCount\":0,\"publisher\":{\"@id\":\"https:\/\/www.ceibcn.com\/en\/#organization\"},\"articleSection\":[\"Sin categor\u00eda\"],\"inLanguage\":\"en-US\",\"potentialAction\":[{\"@type\":\"CommentAction\",\"name\":\"Comment\",\"target\":[\"https:\/\/www.ceibcn.com\/en\/2013\/12\/miembros-del-patronato-de-la-fundacion-cei\/#respond\"]}]},{\"@type\":\"WebPage\",\"@id\":\"https:\/\/www.ceibcn.com\/en\/2013\/12\/miembros-del-patronato-de-la-fundacion-cei\/\",\"url\":\"https:\/\/www.ceibcn.com\/en\/2013\/12\/miembros-del-patronato-de-la-fundacion-cei\/\",\"name\":\"Miembros del Patronato de la Fundaci\u00f3n CEI - CEI International Affairs\",\"isPartOf\":{\"@id\":\"https:\/\/www.ceibcn.com\/en\/#website\"},\"datePublished\":\"2013-12-05T10:37:27+00:00\",\"breadcrumb\":{\"@id\":\"https:\/\/www.ceibcn.com\/en\/2013\/12\/miembros-del-patronato-de-la-fundacion-cei\/#breadcrumb\"},\"inLanguage\":\"en-US\",\"potentialAction\":[{\"@type\":\"ReadAction\",\"target\":[\"https:\/\/www.ceibcn.com\/en\/2013\/12\/miembros-del-patronato-de-la-fundacion-cei\/\"]}]},{\"@type\":\"BreadcrumbList\",\"@id\":\"https:\/\/www.ceibcn.com\/en\/2013\/12\/miembros-del-patronato-de-la-fundacion-cei\/#breadcrumb\",\"itemListElement\":[{\"@type\":\"ListItem\",\"position\":1,\"name\":\"Portada\",\"item\":\"https:\/\/www.ceibcn.com\/en\/\"},{\"@type\":\"ListItem\",\"position\":2,\"name\":\"Miembros del Patronato de la Fundaci\u00f3n CEI\"}]},{\"@type\":\"WebSite\",\"@id\":\"https:\/\/www.ceibcn.com\/en\/#website\",\"url\":\"https:\/\/www.ceibcn.com\/en\/\",\"name\":\"CEI International Affairs\",\"description\":\"CEI International Affairs\",\"publisher\":{\"@id\":\"https:\/\/www.ceibcn.com\/en\/#organization\"},\"alternateName\":\"CEI International Affairs\",\"potentialAction\":[{\"@type\":\"SearchAction\",\"target\":{\"@type\":\"EntryPoint\",\"urlTemplate\":\"https:\/\/www.ceibcn.com\/en\/?s={search_term_string}\"},\"query-input\":{\"@type\":\"PropertyValueSpecification\",\"valueRequired\":true,\"valueName\":\"search_term_string\"}}],\"inLanguage\":\"en-US\"},{\"@type\":\"Organization\",\"@id\":\"https:\/\/www.ceibcn.com\/en\/#organization\",\"name\":\"CEI International Affairs\",\"url\":\"https:\/\/www.ceibcn.com\/en\/\",\"logo\":{\"@type\":\"ImageObject\",\"inLanguage\":\"en-US\",\"@id\":\"https:\/\/www.ceibcn.com\/en\/#\/schema\/logo\/image\/\",\"url\":\"https:\/\/www.ceibcn.com\/wp-content\/uploads\/2021\/09\/CeiLogo_EscuelaDiploVectorized_vectorizedSIN_FONDO.png\",\"contentUrl\":\"https:\/\/www.ceibcn.com\/wp-content\/uploads\/2021\/09\/CeiLogo_EscuelaDiploVectorized_vectorizedSIN_FONDO.png\",\"width\":1591,\"height\":629,\"caption\":\"CEI International Affairs\"},\"image\":{\"@id\":\"https:\/\/www.ceibcn.com\/en\/#\/schema\/logo\/image\/\"},\"sameAs\":[\"https:\/\/www.facebook.com\/CEI.CentroDeEstudiosInternacionales\/\",\"https:\/\/x.com\/CEIbcn\",\"https:\/\/www.instagram.com\/cei_international\/\"]},{\"@type\":\"Person\",\"@id\":\"https:\/\/www.ceibcn.com\/en\/#\/schema\/person\/4ef9992ee2fbd3987a5e1834e5d5808d\",\"name\":\"Cristian Romero Velasco\",\"image\":{\"@type\":\"ImageObject\",\"inLanguage\":\"en-US\",\"@id\":\"https:\/\/www.ceibcn.com\/en\/#\/schema\/person\/image\/\",\"url\":\"https:\/\/secure.gravatar.com\/avatar\/d78c33ad7f1570635ae9c9cb6274fe682bd5872dfde7a5448127d7825dd90943?s=96&d=mm&r=g\",\"contentUrl\":\"https:\/\/secure.gravatar.com\/avatar\/d78c33ad7f1570635ae9c9cb6274fe682bd5872dfde7a5448127d7825dd90943?s=96&d=mm&r=g\",\"caption\":\"Cristian Romero Velasco\"},\"url\":\"https:\/\/www.ceibcn.com\/en\/author\/cristian\/\"}]}<\/script>\n<!-- \/ Yoast SEO plugin. -->","yoast_head_json":{"title":"Miembros del Patronato de la Fundaci\u00f3n CEI - CEI International Affairs","robots":{"index":"index","follow":"follow","max-snippet":"max-snippet:-1","max-image-preview":"max-image-preview:large","max-video-preview":"max-video-preview:-1"},"canonical":"https:\/\/www.ceibcn.com\/en\/2013\/12\/miembros-del-patronato-de-la-fundacion-cei\/","og_locale":"en_US","og_type":"article","og_title":"Miembros del Patronato de la Fundaci\u00f3n CEI - CEI International Affairs","og_description":"Patrons Rafael Mend\u00edvil Peydro Subsecretari&nbsp;d&#8217;Afers Exteriors i de Cooperaci\u00f3 Ministeri d&#8217;Afers Exteriors i Cooperaci\u00f3 D\u00eddac Ram\u00edrez Sarri\u00f3 Rector Magn\u00edfic de la Universitat de Barcelona Juan Mar\u00eda Nin Genova Director General de &#8220;la Caixa&#8221; Vocals Jos\u00e9 Luis de la Pe\u00f1a Vela Director de l&#8217;Escola Diplom\u00e0tica Ministeri d&#8217;Afers Exteriors i Cooperaci\u00f3 Josep Plana Castellv\u00ed Comissionat per Fundacions [&hellip;]","og_url":"https:\/\/www.ceibcn.com\/en\/2013\/12\/miembros-del-patronato-de-la-fundacion-cei\/","og_site_name":"CEI International Affairs","article_publisher":"https:\/\/www.facebook.com\/CEI.CentroDeEstudiosInternacionales\/","article_published_time":"2013-12-05T10:37:27+00:00","og_image":[{"width":500,"height":500,"url":"https:\/\/www.ceibcn.com\/wp-content\/uploads\/2023\/01\/Logo-CEI.png","type":"image\/png"}],"author":"Cristian Romero Velasco","twitter_card":"summary_large_image","twitter_creator":"@CEIbcn","twitter_site":"@CEIbcn","twitter_misc":{"Written by":"Cristian Romero Velasco","Est. reading time":"1 minute"},"schema":{"@context":"https:\/\/schema.org","@graph":[{"@type":"Article","@id":"https:\/\/www.ceibcn.com\/en\/2013\/12\/miembros-del-patronato-de-la-fundacion-cei\/#article","isPartOf":{"@id":"https:\/\/www.ceibcn.com\/en\/2013\/12\/miembros-del-patronato-de-la-fundacion-cei\/"},"author":{"name":"Cristian Romero Velasco","@id":"https:\/\/www.ceibcn.com\/en\/#\/schema\/person\/4ef9992ee2fbd3987a5e1834e5d5808d"},"headline":"Miembros del Patronato de la Fundaci\u00f3n CEI","datePublished":"2013-12-05T10:37:27+00:00","mainEntityOfPage":{"@id":"https:\/\/www.ceibcn.com\/en\/2013\/12\/miembros-del-patronato-de-la-fundacion-cei\/"},"wordCount":142,"commentCount":0,"publisher":{"@id":"https:\/\/www.ceibcn.com\/en\/#organization"},"articleSection":["Sin categor\u00eda"],"inLanguage":"en-US","potentialAction":[{"@type":"CommentAction","name":"Comment","target":["https:\/\/www.ceibcn.com\/en\/2013\/12\/miembros-del-patronato-de-la-fundacion-cei\/#respond"]}]},{"@type":"WebPage","@id":"https:\/\/www.ceibcn.com\/en\/2013\/12\/miembros-del-patronato-de-la-fundacion-cei\/","url":"https:\/\/www.ceibcn.com\/en\/2013\/12\/miembros-del-patronato-de-la-fundacion-cei\/","name":"Miembros del Patronato de la Fundaci\u00f3n CEI - CEI International Affairs","isPartOf":{"@id":"https:\/\/www.ceibcn.com\/en\/#website"},"datePublished":"2013-12-05T10:37:27+00:00","breadcrumb":{"@id":"https:\/\/www.ceibcn.com\/en\/2013\/12\/miembros-del-patronato-de-la-fundacion-cei\/#breadcrumb"},"inLanguage":"en-US","potentialAction":[{"@type":"ReadAction","target":["https:\/\/www.ceibcn.com\/en\/2013\/12\/miembros-del-patronato-de-la-fundacion-cei\/"]}]},{"@type":"BreadcrumbList","@id":"https:\/\/www.ceibcn.com\/en\/2013\/12\/miembros-del-patronato-de-la-fundacion-cei\/#breadcrumb","itemListElement":[{"@type":"ListItem","position":1,"name":"Portada","item":"https:\/\/www.ceibcn.com\/en\/"},{"@type":"ListItem","position":2,"name":"Miembros del Patronato de la Fundaci\u00f3n CEI"}]},{"@type":"WebSite","@id":"https:\/\/www.ceibcn.com\/en\/#website","url":"https:\/\/www.ceibcn.com\/en\/","name":"CEI International Affairs","description":"CEI International Affairs","publisher":{"@id":"https:\/\/www.ceibcn.com\/en\/#organization"},"alternateName":"CEI International Affairs","potentialAction":[{"@type":"SearchAction","target":{"@type":"EntryPoint","urlTemplate":"https:\/\/www.ceibcn.com\/en\/?s={search_term_string}"},"query-input":{"@type":"PropertyValueSpecification","valueRequired":true,"valueName":"search_term_string"}}],"inLanguage":"en-US"},{"@type":"Organization","@id":"https:\/\/www.ceibcn.com\/en\/#organization","name":"CEI International Affairs","url":"https:\/\/www.ceibcn.com\/en\/","logo":{"@type":"ImageObject","inLanguage":"en-US","@id":"https:\/\/www.ceibcn.com\/en\/#\/schema\/logo\/image\/","url":"https:\/\/www.ceibcn.com\/wp-content\/uploads\/2021\/09\/CeiLogo_EscuelaDiploVectorized_vectorizedSIN_FONDO.png","contentUrl":"https:\/\/www.ceibcn.com\/wp-content\/uploads\/2021\/09\/CeiLogo_EscuelaDiploVectorized_vectorizedSIN_FONDO.png","width":1591,"height":629,"caption":"CEI International Affairs"},"image":{"@id":"https:\/\/www.ceibcn.com\/en\/#\/schema\/logo\/image\/"},"sameAs":["https:\/\/www.facebook.com\/CEI.CentroDeEstudiosInternacionales\/","https:\/\/x.com\/CEIbcn","https:\/\/www.instagram.com\/cei_international\/"]},{"@type":"Person","@id":"https:\/\/www.ceibcn.com\/en\/#\/schema\/person\/4ef9992ee2fbd3987a5e1834e5d5808d","name":"Cristian Romero Velasco","image":{"@type":"ImageObject","inLanguage":"en-US","@id":"https:\/\/www.ceibcn.com\/en\/#\/schema\/person\/image\/","url":"https:\/\/secure.gravatar.com\/avatar\/d78c33ad7f1570635ae9c9cb6274fe682bd5872dfde7a5448127d7825dd90943?s=96&d=mm&r=g","contentUrl":"https:\/\/secure.gravatar.com\/avatar\/d78c33ad7f1570635ae9c9cb6274fe682bd5872dfde7a5448127d7825dd90943?s=96&d=mm&r=g","caption":"Cristian Romero Velasco"},"url":"https:\/\/www.ceibcn.com\/en\/author\/cristian\/"}]}},"_links":{"self":[{"href":"https:\/\/www.ceibcn.com\/en\/wp-json\/wp\/v2\/posts\/1181","targetHints":{"allow":["GET"]}}],"collection":[{"href":"https:\/\/www.ceibcn.com\/en\/wp-json\/wp\/v2\/posts"}],"about":[{"href":"https:\/\/www.ceibcn.com\/en\/wp-json\/wp\/v2\/types\/post"}],"author":[{"embeddable":true,"href":"https:\/\/www.ceibcn.com\/en\/wp-json\/wp\/v2\/users\/6"}],"replies":[{"embeddable":true,"href":"https:\/\/www.ceibcn.com\/en\/wp-json\/wp\/v2\/comments?post=1181"}],"version-history":[{"count":0,"href":"https:\/\/www.ceibcn.com\/en\/wp-json\/wp\/v2\/posts\/1181\/revisions"}],"wp:attachment":[{"href":"https:\/\/www.ceibcn.com\/en\/wp-json\/wp\/v2\/media?parent=1181"}],"wp:term":[{"taxonomy":"category","embeddable":true,"href":"https:\/\/www.ceibcn.com\/en\/wp-json\/wp\/v2\/categories?post=1181"},{"taxonomy":"post_tag","embeddable":true,"href":"https:\/\/www.ceibcn.com\/en\/wp-json\/wp\/v2\/tags?post=1181"}],"curies":[{"name":"wp","href":"https:\/\/api.w.org\/{rel}","templated":true}]}}