{"id":1270,"date":"2013-12-05T12:43:46","date_gmt":"2013-12-05T12:43:46","guid":{"rendered":"https:\/\/www.ceibcn.com\/2013\/12\/publicacion-n-8-la-accion-exterior-de-la-generalidad\/"},"modified":"2013-12-05T12:43:46","modified_gmt":"2013-12-05T12:43:46","slug":"publicacion-n-8-la-accion-exterior-de-la-generalidad","status":"publish","type":"post","link":"https:\/\/www.ceibcn.com\/en\/2013\/12\/publicacion-n-8-la-accion-exterior-de-la-generalidad\/","title":{"rendered":"Publicaci\u00f3n N \u00ba 8: La acci\u00f3n exterior de la Generalidad"},"content":{"rendered":"<h3>Sinopsis<\/h3>\n<p>La acci\u00f3n exterior de la Generalitat en el nuevo Estatuto de Autonom\u00eda de Catalu\u00f1a. En este estudio se quiere abordar el an\u00e1lisis de las disposiciones que, en el nuevo Estatuto de Autonom\u00eda de Catalu\u00f1a, se ocupan de la acci\u00f3n exterior de la Generalitat. A lo largo del estudio, sus autores, profesores de Derecho Internacional P\u00fablico, realizan el an\u00e1lisis de las correspondientes disposiciones estatutarias desde su perspectiva jur\u00eddica y en el contexto tanto del marco constitucional espa\u00f1ol como del que establece el propio sistema jur\u00eddico internacional en relaci\u00f3n con entidades subestatales como las Comunidades Aut\u00f3nomas espa\u00f1olas.<\/p>\n<h3>Datos Generales<\/h3>\n<p>Autores: Pons R\u00e0fols, Xavier; Sagarra Trias, Eduard<\/p>\n<p>Editorial: Publicaciones y Ediciones de la Universidad de Barcelona<\/p>\n<p>Fecha de la edici\u00f3n: 2006<\/p>\n<p>Colecci\u00f3n: Tribuna Internacional<\/p>\n<p>N \u00ba p\u00e1ginas: 146<\/p>\n<p>Idioma: Espa\u00f1ol<\/p>\n","protected":false},"excerpt":{"rendered":"<p>Sinopsis La acci\u00f3n exterior de la Generalitat en el nuevo Estatuto de Autonom\u00eda de Catalu\u00f1a. En este estudio se quiere abordar el an\u00e1lisis de las disposiciones que, en el nuevo Estatuto de Autonom\u00eda de Catalu\u00f1a, se ocupan de la acci\u00f3n exterior de la Generalitat. A lo largo del estudio, sus autores, profesores de Derecho Internacional [&hellip;]<\/p>\n","protected":false},"author":6,"featured_media":0,"comment_status":"open","ping_status":"closed","sticky":false,"template":"","format":"standard","meta":{"_acf_changed":false,"_crdt_document":"","inline_featured_image":false,"footnotes":""},"categories":[1],"tags":[],"class_list":["post-1270","post","type-post","status-publish","format-standard","hentry","category-sin-categoria"],"acf":[],"yoast_head":"<!-- This site is optimized with the Yoast SEO plugin v27.0 - https:\/\/yoast.com\/product\/yoast-seo-wordpress\/ -->\n<title>Publicaci\u00f3n N \u00ba 8: La acci\u00f3n exterior de la Generalidad - CEI International Affairs<\/title>\n<meta name=\"robots\" content=\"index, follow, max-snippet:-1, max-image-preview:large, max-video-preview:-1\" \/>\n<link rel=\"canonical\" href=\"https:\/\/www.ceibcn.com\/en\/2013\/12\/publicacion-n-8-la-accion-exterior-de-la-generalidad\/\" \/>\n<meta property=\"og:locale\" content=\"en_US\" \/>\n<meta property=\"og:type\" content=\"article\" \/>\n<meta property=\"og:title\" content=\"Publicaci\u00f3n N \u00ba 8: La acci\u00f3n exterior de la Generalidad - CEI International Affairs\" \/>\n<meta property=\"og:description\" content=\"Sinopsis La acci\u00f3n exterior de la Generalitat en el nuevo Estatuto de Autonom\u00eda de Catalu\u00f1a. En este estudio se quiere abordar el an\u00e1lisis de las disposiciones que, en el nuevo Estatuto de Autonom\u00eda de Catalu\u00f1a, se ocupan de la acci\u00f3n exterior de la Generalitat. A lo largo del estudio, sus autores, profesores de Derecho Internacional [&hellip;]\" \/>\n<meta property=\"og:url\" content=\"https:\/\/www.ceibcn.com\/en\/2013\/12\/publicacion-n-8-la-accion-exterior-de-la-generalidad\/\" \/>\n<meta property=\"og:site_name\" content=\"CEI International Affairs\" \/>\n<meta property=\"article:publisher\" content=\"https:\/\/www.facebook.com\/CEI.CentroDeEstudiosInternacionales\/\" \/>\n<meta property=\"article:published_time\" content=\"2013-12-05T12:43:46+00:00\" \/>\n<meta property=\"og:image\" content=\"https:\/\/www.ceibcn.com\/wp-content\/uploads\/2023\/01\/Logo-CEI.png\" \/>\n\t<meta property=\"og:image:width\" content=\"500\" \/>\n\t<meta property=\"og:image:height\" content=\"500\" \/>\n\t<meta property=\"og:image:type\" content=\"image\/png\" \/>\n<meta name=\"author\" content=\"Cristian Romero Velasco\" \/>\n<meta name=\"twitter:card\" content=\"summary_large_image\" \/>\n<meta name=\"twitter:creator\" content=\"@CEIbcn\" \/>\n<meta name=\"twitter:site\" content=\"@CEIbcn\" \/>\n<meta name=\"twitter:label1\" content=\"Written by\" \/>\n\t<meta name=\"twitter:data1\" content=\"Cristian Romero Velasco\" \/>\n\t<meta name=\"twitter:label2\" content=\"Est. reading time\" \/>\n\t<meta name=\"twitter:data2\" content=\"1 minute\" \/>\n<script type=\"application\/ld+json\" class=\"yoast-schema-graph\">{\"@context\":\"https:\/\/schema.org\",\"@graph\":[{\"@type\":\"Article\",\"@id\":\"https:\/\/www.ceibcn.com\/en\/2013\/12\/publicacion-n-8-la-accion-exterior-de-la-generalidad\/#article\",\"isPartOf\":{\"@id\":\"https:\/\/www.ceibcn.com\/en\/2013\/12\/publicacion-n-8-la-accion-exterior-de-la-generalidad\/\"},\"author\":{\"name\":\"Cristian Romero Velasco\",\"@id\":\"https:\/\/www.ceibcn.com\/en\/#\/schema\/person\/4ef9992ee2fbd3987a5e1834e5d5808d\"},\"headline\":\"Publicaci\u00f3n N \u00ba 8: La acci\u00f3n exterior de la Generalidad\",\"datePublished\":\"2013-12-05T12:43:46+00:00\",\"mainEntityOfPage\":{\"@id\":\"https:\/\/www.ceibcn.com\/en\/2013\/12\/publicacion-n-8-la-accion-exterior-de-la-generalidad\/\"},\"wordCount\":155,\"commentCount\":0,\"publisher\":{\"@id\":\"https:\/\/www.ceibcn.com\/en\/#organization\"},\"articleSection\":[\"Sin categor\u00eda\"],\"inLanguage\":\"en-US\",\"potentialAction\":[{\"@type\":\"CommentAction\",\"name\":\"Comment\",\"target\":[\"https:\/\/www.ceibcn.com\/en\/2013\/12\/publicacion-n-8-la-accion-exterior-de-la-generalidad\/#respond\"]}]},{\"@type\":\"WebPage\",\"@id\":\"https:\/\/www.ceibcn.com\/en\/2013\/12\/publicacion-n-8-la-accion-exterior-de-la-generalidad\/\",\"url\":\"https:\/\/www.ceibcn.com\/en\/2013\/12\/publicacion-n-8-la-accion-exterior-de-la-generalidad\/\",\"name\":\"Publicaci\u00f3n N \u00ba 8: La acci\u00f3n exterior de la Generalidad - CEI International Affairs\",\"isPartOf\":{\"@id\":\"https:\/\/www.ceibcn.com\/en\/#website\"},\"datePublished\":\"2013-12-05T12:43:46+00:00\",\"breadcrumb\":{\"@id\":\"https:\/\/www.ceibcn.com\/en\/2013\/12\/publicacion-n-8-la-accion-exterior-de-la-generalidad\/#breadcrumb\"},\"inLanguage\":\"en-US\",\"potentialAction\":[{\"@type\":\"ReadAction\",\"target\":[\"https:\/\/www.ceibcn.com\/en\/2013\/12\/publicacion-n-8-la-accion-exterior-de-la-generalidad\/\"]}]},{\"@type\":\"BreadcrumbList\",\"@id\":\"https:\/\/www.ceibcn.com\/en\/2013\/12\/publicacion-n-8-la-accion-exterior-de-la-generalidad\/#breadcrumb\",\"itemListElement\":[{\"@type\":\"ListItem\",\"position\":1,\"name\":\"Portada\",\"item\":\"https:\/\/www.ceibcn.com\/en\/\"},{\"@type\":\"ListItem\",\"position\":2,\"name\":\"Publicaci\u00f3n N \u00ba 8: La acci\u00f3n exterior de la Generalidad\"}]},{\"@type\":\"WebSite\",\"@id\":\"https:\/\/www.ceibcn.com\/en\/#website\",\"url\":\"https:\/\/www.ceibcn.com\/en\/\",\"name\":\"CEI International Affairs\",\"description\":\"CEI International Affairs\",\"publisher\":{\"@id\":\"https:\/\/www.ceibcn.com\/en\/#organization\"},\"alternateName\":\"CEI International Affairs\",\"potentialAction\":[{\"@type\":\"SearchAction\",\"target\":{\"@type\":\"EntryPoint\",\"urlTemplate\":\"https:\/\/www.ceibcn.com\/en\/?s={search_term_string}\"},\"query-input\":{\"@type\":\"PropertyValueSpecification\",\"valueRequired\":true,\"valueName\":\"search_term_string\"}}],\"inLanguage\":\"en-US\"},{\"@type\":\"Organization\",\"@id\":\"https:\/\/www.ceibcn.com\/en\/#organization\",\"name\":\"CEI International Affairs\",\"url\":\"https:\/\/www.ceibcn.com\/en\/\",\"logo\":{\"@type\":\"ImageObject\",\"inLanguage\":\"en-US\",\"@id\":\"https:\/\/www.ceibcn.com\/en\/#\/schema\/logo\/image\/\",\"url\":\"https:\/\/www.ceibcn.com\/wp-content\/uploads\/2021\/09\/CeiLogo_EscuelaDiploVectorized_vectorizedSIN_FONDO.png\",\"contentUrl\":\"https:\/\/www.ceibcn.com\/wp-content\/uploads\/2021\/09\/CeiLogo_EscuelaDiploVectorized_vectorizedSIN_FONDO.png\",\"width\":1591,\"height\":629,\"caption\":\"CEI International Affairs\"},\"image\":{\"@id\":\"https:\/\/www.ceibcn.com\/en\/#\/schema\/logo\/image\/\"},\"sameAs\":[\"https:\/\/www.facebook.com\/CEI.CentroDeEstudiosInternacionales\/\",\"https:\/\/x.com\/CEIbcn\",\"https:\/\/www.instagram.com\/cei_international\/\"]},{\"@type\":\"Person\",\"@id\":\"https:\/\/www.ceibcn.com\/en\/#\/schema\/person\/4ef9992ee2fbd3987a5e1834e5d5808d\",\"name\":\"Cristian Romero Velasco\",\"image\":{\"@type\":\"ImageObject\",\"inLanguage\":\"en-US\",\"@id\":\"https:\/\/www.ceibcn.com\/en\/#\/schema\/person\/image\/\",\"url\":\"https:\/\/secure.gravatar.com\/avatar\/d78c33ad7f1570635ae9c9cb6274fe682bd5872dfde7a5448127d7825dd90943?s=96&d=mm&r=g\",\"contentUrl\":\"https:\/\/secure.gravatar.com\/avatar\/d78c33ad7f1570635ae9c9cb6274fe682bd5872dfde7a5448127d7825dd90943?s=96&d=mm&r=g\",\"caption\":\"Cristian Romero Velasco\"},\"url\":\"https:\/\/www.ceibcn.com\/en\/author\/cristian\/\"}]}<\/script>\n<!-- \/ Yoast SEO plugin. -->","yoast_head_json":{"title":"Publicaci\u00f3n N \u00ba 8: La acci\u00f3n exterior de la Generalidad - CEI International Affairs","robots":{"index":"index","follow":"follow","max-snippet":"max-snippet:-1","max-image-preview":"max-image-preview:large","max-video-preview":"max-video-preview:-1"},"canonical":"https:\/\/www.ceibcn.com\/en\/2013\/12\/publicacion-n-8-la-accion-exterior-de-la-generalidad\/","og_locale":"en_US","og_type":"article","og_title":"Publicaci\u00f3n N \u00ba 8: La acci\u00f3n exterior de la Generalidad - CEI International Affairs","og_description":"Sinopsis La acci\u00f3n exterior de la Generalitat en el nuevo Estatuto de Autonom\u00eda de Catalu\u00f1a. En este estudio se quiere abordar el an\u00e1lisis de las disposiciones que, en el nuevo Estatuto de Autonom\u00eda de Catalu\u00f1a, se ocupan de la acci\u00f3n exterior de la Generalitat. A lo largo del estudio, sus autores, profesores de Derecho Internacional [&hellip;]","og_url":"https:\/\/www.ceibcn.com\/en\/2013\/12\/publicacion-n-8-la-accion-exterior-de-la-generalidad\/","og_site_name":"CEI International Affairs","article_publisher":"https:\/\/www.facebook.com\/CEI.CentroDeEstudiosInternacionales\/","article_published_time":"2013-12-05T12:43:46+00:00","og_image":[{"width":500,"height":500,"url":"https:\/\/www.ceibcn.com\/wp-content\/uploads\/2023\/01\/Logo-CEI.png","type":"image\/png"}],"author":"Cristian Romero Velasco","twitter_card":"summary_large_image","twitter_creator":"@CEIbcn","twitter_site":"@CEIbcn","twitter_misc":{"Written by":"Cristian Romero Velasco","Est. reading time":"1 minute"},"schema":{"@context":"https:\/\/schema.org","@graph":[{"@type":"Article","@id":"https:\/\/www.ceibcn.com\/en\/2013\/12\/publicacion-n-8-la-accion-exterior-de-la-generalidad\/#article","isPartOf":{"@id":"https:\/\/www.ceibcn.com\/en\/2013\/12\/publicacion-n-8-la-accion-exterior-de-la-generalidad\/"},"author":{"name":"Cristian Romero Velasco","@id":"https:\/\/www.ceibcn.com\/en\/#\/schema\/person\/4ef9992ee2fbd3987a5e1834e5d5808d"},"headline":"Publicaci\u00f3n N \u00ba 8: La acci\u00f3n exterior de la Generalidad","datePublished":"2013-12-05T12:43:46+00:00","mainEntityOfPage":{"@id":"https:\/\/www.ceibcn.com\/en\/2013\/12\/publicacion-n-8-la-accion-exterior-de-la-generalidad\/"},"wordCount":155,"commentCount":0,"publisher":{"@id":"https:\/\/www.ceibcn.com\/en\/#organization"},"articleSection":["Sin categor\u00eda"],"inLanguage":"en-US","potentialAction":[{"@type":"CommentAction","name":"Comment","target":["https:\/\/www.ceibcn.com\/en\/2013\/12\/publicacion-n-8-la-accion-exterior-de-la-generalidad\/#respond"]}]},{"@type":"WebPage","@id":"https:\/\/www.ceibcn.com\/en\/2013\/12\/publicacion-n-8-la-accion-exterior-de-la-generalidad\/","url":"https:\/\/www.ceibcn.com\/en\/2013\/12\/publicacion-n-8-la-accion-exterior-de-la-generalidad\/","name":"Publicaci\u00f3n N \u00ba 8: La acci\u00f3n exterior de la Generalidad - CEI International Affairs","isPartOf":{"@id":"https:\/\/www.ceibcn.com\/en\/#website"},"datePublished":"2013-12-05T12:43:46+00:00","breadcrumb":{"@id":"https:\/\/www.ceibcn.com\/en\/2013\/12\/publicacion-n-8-la-accion-exterior-de-la-generalidad\/#breadcrumb"},"inLanguage":"en-US","potentialAction":[{"@type":"ReadAction","target":["https:\/\/www.ceibcn.com\/en\/2013\/12\/publicacion-n-8-la-accion-exterior-de-la-generalidad\/"]}]},{"@type":"BreadcrumbList","@id":"https:\/\/www.ceibcn.com\/en\/2013\/12\/publicacion-n-8-la-accion-exterior-de-la-generalidad\/#breadcrumb","itemListElement":[{"@type":"ListItem","position":1,"name":"Portada","item":"https:\/\/www.ceibcn.com\/en\/"},{"@type":"ListItem","position":2,"name":"Publicaci\u00f3n N \u00ba 8: La acci\u00f3n exterior de la Generalidad"}]},{"@type":"WebSite","@id":"https:\/\/www.ceibcn.com\/en\/#website","url":"https:\/\/www.ceibcn.com\/en\/","name":"CEI International Affairs","description":"CEI International Affairs","publisher":{"@id":"https:\/\/www.ceibcn.com\/en\/#organization"},"alternateName":"CEI International Affairs","potentialAction":[{"@type":"SearchAction","target":{"@type":"EntryPoint","urlTemplate":"https:\/\/www.ceibcn.com\/en\/?s={search_term_string}"},"query-input":{"@type":"PropertyValueSpecification","valueRequired":true,"valueName":"search_term_string"}}],"inLanguage":"en-US"},{"@type":"Organization","@id":"https:\/\/www.ceibcn.com\/en\/#organization","name":"CEI International Affairs","url":"https:\/\/www.ceibcn.com\/en\/","logo":{"@type":"ImageObject","inLanguage":"en-US","@id":"https:\/\/www.ceibcn.com\/en\/#\/schema\/logo\/image\/","url":"https:\/\/www.ceibcn.com\/wp-content\/uploads\/2021\/09\/CeiLogo_EscuelaDiploVectorized_vectorizedSIN_FONDO.png","contentUrl":"https:\/\/www.ceibcn.com\/wp-content\/uploads\/2021\/09\/CeiLogo_EscuelaDiploVectorized_vectorizedSIN_FONDO.png","width":1591,"height":629,"caption":"CEI International Affairs"},"image":{"@id":"https:\/\/www.ceibcn.com\/en\/#\/schema\/logo\/image\/"},"sameAs":["https:\/\/www.facebook.com\/CEI.CentroDeEstudiosInternacionales\/","https:\/\/x.com\/CEIbcn","https:\/\/www.instagram.com\/cei_international\/"]},{"@type":"Person","@id":"https:\/\/www.ceibcn.com\/en\/#\/schema\/person\/4ef9992ee2fbd3987a5e1834e5d5808d","name":"Cristian Romero Velasco","image":{"@type":"ImageObject","inLanguage":"en-US","@id":"https:\/\/www.ceibcn.com\/en\/#\/schema\/person\/image\/","url":"https:\/\/secure.gravatar.com\/avatar\/d78c33ad7f1570635ae9c9cb6274fe682bd5872dfde7a5448127d7825dd90943?s=96&d=mm&r=g","contentUrl":"https:\/\/secure.gravatar.com\/avatar\/d78c33ad7f1570635ae9c9cb6274fe682bd5872dfde7a5448127d7825dd90943?s=96&d=mm&r=g","caption":"Cristian Romero Velasco"},"url":"https:\/\/www.ceibcn.com\/en\/author\/cristian\/"}]}},"_links":{"self":[{"href":"https:\/\/www.ceibcn.com\/en\/wp-json\/wp\/v2\/posts\/1270","targetHints":{"allow":["GET"]}}],"collection":[{"href":"https:\/\/www.ceibcn.com\/en\/wp-json\/wp\/v2\/posts"}],"about":[{"href":"https:\/\/www.ceibcn.com\/en\/wp-json\/wp\/v2\/types\/post"}],"author":[{"embeddable":true,"href":"https:\/\/www.ceibcn.com\/en\/wp-json\/wp\/v2\/users\/6"}],"replies":[{"embeddable":true,"href":"https:\/\/www.ceibcn.com\/en\/wp-json\/wp\/v2\/comments?post=1270"}],"version-history":[{"count":0,"href":"https:\/\/www.ceibcn.com\/en\/wp-json\/wp\/v2\/posts\/1270\/revisions"}],"wp:attachment":[{"href":"https:\/\/www.ceibcn.com\/en\/wp-json\/wp\/v2\/media?parent=1270"}],"wp:term":[{"taxonomy":"category","embeddable":true,"href":"https:\/\/www.ceibcn.com\/en\/wp-json\/wp\/v2\/categories?post=1270"},{"taxonomy":"post_tag","embeddable":true,"href":"https:\/\/www.ceibcn.com\/en\/wp-json\/wp\/v2\/tags?post=1270"}],"curies":[{"name":"wp","href":"https:\/\/api.w.org\/{rel}","templated":true}]}}