{"id":1338,"date":"2013-12-03T18:43:36","date_gmt":"2013-12-03T18:43:36","guid":{"rendered":"https:\/\/www.ceibcn.com\/2013\/12\/publicacion-n-3-los-nuevos-retos-a-la-seguridad-y-defensa-en-el-espacio-euroatlantico\/"},"modified":"2013-12-03T18:43:36","modified_gmt":"2013-12-03T18:43:36","slug":"publicacion-n-3-los-nuevos-retos-a-la-seguridad-y-defensa-en-el-espacio-euroatlantico","status":"publish","type":"post","link":"https:\/\/www.ceibcn.com\/en\/2013\/12\/publicacion-n-3-los-nuevos-retos-a-la-seguridad-y-defensa-en-el-espacio-euroatlantico\/","title":{"rendered":"PUBLICACI\u00d3N N \u00ba 3: LOS NUEVOS RETOS A LA SEGURIDAD Y DEFENSA EN EL ESPACIO EUROATL\u00c1NTICO"},"content":{"rendered":"<p>El volumen 3 de la colecci\u00f3n Tribuna Internacional recoge las ponencias y los discursos de inauguraci\u00f3n y clausura de la Conferencia Internacional que bajo este t\u00edtulo organiz\u00f3 el CEI en el Centre La Caixa de Barcelona los d\u00edas 10 y 11 de mayo de 2001. En la organizaci\u00f3n de esta Conferencia Internacional intervino asimismo la Oficina de Informaci\u00f3n y Prensa de la OTAN y se llev\u00f3 a cabo con la colaboraci\u00f3n de los Ministerios espa\u00f1oles de Asuntos Exteriores y Defensa, cuyos titulares, Josep Piqu\u00e9 i Federico Trillo respectivamente, participaron tambi\u00e9n en el mismo.<\/p>\n<p><!--more--><\/p>\n<h3>Sinopsis<\/h3>\n<p>El volumen 3 de la colecci\u00f3n Tribuna Internacional recoge las ponencias y los discursos de inauguraci\u00f3n y clausura de la Conferencia Internacional que bajo este t\u00edtulo organiz\u00f3 el CEI en el Centre La Caixa de Barcelona los d\u00edas 10 y 11 de mayo de 2001. En la organizaci\u00f3n de esta Conferencia Internacional intervino asimismo la Oficina de Informaci\u00f3n y Prensa de la OTAN y se llev\u00f3 a cabo con la colaboraci\u00f3n de los Ministerios espa\u00f1oles de Asuntos Exteriores y Defensa, cuyos titulares, Josep Piqu\u00e9 i Federico Trillo respectivamente, participaron tambi\u00e9n en el mismo.<\/p>\n<p> Adem\u00e1s de los dos Ministros intervinieron a lo largo de las dos jornadas de duraci\u00f3n de la Conferencia, el Secretario General de la OTAN, Lord Robertson y el Jefe del Mando Aliado, el General Ralston. Junto a ellos, un nutrido, selecto y plurinacional plantel de altos funcionarios, de mandos militares, de acad\u00e9micos, de expertos independientes y de representantes de las industrias del sector de la defensa participaron en los debates. La alta calidad de los participantes permiti\u00f3 una profunda reflexi\u00f3n sobre los retos y desaf\u00edos de la seguridad y defensa en el espacio euro atl\u00e1ntico. Los cuatro ejes centrales de la Conferencia sobre los que se ordena tambi\u00e9n \u00e9sta publicaci\u00f3n fueron: la adaptaci\u00f3n de las Fuerzas Armadas espa\u00f1olas y aliadas a los desaf\u00edos actuales, su profesionalizaci\u00f3n y sus nuevas funciones; la relaci\u00f3n OTAN\/Uni\u00f3n Europea como una relaci\u00f3n de complementariedad y convergencia de intereses en la seguridad y defensa del espacio euro atl\u00e1ntico; el papel de Europa y la Iniciativa de Capacidades de Defensa de la OTAN; y, finalmente, la transformaci\u00f3n de la industria de defensa y los proyectos transnacionales.<\/p>\n<p>&nbsp;<\/p>\n<h3>Datos Generales<\/h3>\n<p>Autor: Centro de Estudios Internacionales<\/p>\n<p> Editorial: Marcial Pons, Ediciones Jur\u00eddicas y Sociales<\/p>\n<p> Fecha de la edici\u00f3n: 2002<\/p>\n<p> Colecci\u00f3n: Tribuna Internacional<\/p>\n<p> N \u00ba p\u00e1ginas: 174<\/p>\n<p> Idioma: Espa\u00f1ol<\/p>\n<p>&nbsp;<\/p>\n","protected":false},"excerpt":{"rendered":"<p>El volumen 3 de la colecci\u00f3n Tribuna Internacional recoge las ponencias y los discursos de inauguraci\u00f3n y clausura de la Conferencia Internacional que bajo este t\u00edtulo organiz\u00f3 el CEI en el Centre La Caixa de Barcelona los d\u00edas 10 y 11 de mayo de 2001. En la organizaci\u00f3n de esta Conferencia Internacional intervino asimismo la [&hellip;]<\/p>\n","protected":false},"author":6,"featured_media":0,"comment_status":"open","ping_status":"closed","sticky":false,"template":"","format":"standard","meta":{"_acf_changed":false,"_crdt_document":"","inline_featured_image":false,"footnotes":""},"categories":[1],"tags":[],"class_list":["post-1338","post","type-post","status-publish","format-standard","hentry","category-sin-categoria"],"acf":[],"yoast_head":"<!-- This site is optimized with the Yoast SEO plugin v27.0 - https:\/\/yoast.com\/product\/yoast-seo-wordpress\/ -->\n<title>PUBLICACI\u00d3N N \u00ba 3: LOS NUEVOS RETOS A LA SEGURIDAD Y DEFENSA EN EL ESPACIO EUROATL\u00c1NTICO - CEI International Affairs<\/title>\n<meta name=\"robots\" content=\"index, follow, max-snippet:-1, max-image-preview:large, max-video-preview:-1\" \/>\n<link rel=\"canonical\" href=\"https:\/\/www.ceibcn.com\/en\/2013\/12\/publicacion-n-3-los-nuevos-retos-a-la-seguridad-y-defensa-en-el-espacio-euroatlantico\/\" \/>\n<meta property=\"og:locale\" content=\"en_US\" \/>\n<meta property=\"og:type\" content=\"article\" \/>\n<meta property=\"og:title\" content=\"PUBLICACI\u00d3N N \u00ba 3: LOS NUEVOS RETOS A LA SEGURIDAD Y DEFENSA EN EL ESPACIO EUROATL\u00c1NTICO - CEI International Affairs\" \/>\n<meta property=\"og:description\" content=\"El volumen 3 de la colecci\u00f3n Tribuna Internacional recoge las ponencias y los discursos de inauguraci\u00f3n y clausura de la Conferencia Internacional que bajo este t\u00edtulo organiz\u00f3 el CEI en el Centre La Caixa de Barcelona los d\u00edas 10 y 11 de mayo de 2001. En la organizaci\u00f3n de esta Conferencia Internacional intervino asimismo la [&hellip;]\" \/>\n<meta property=\"og:url\" content=\"https:\/\/www.ceibcn.com\/en\/2013\/12\/publicacion-n-3-los-nuevos-retos-a-la-seguridad-y-defensa-en-el-espacio-euroatlantico\/\" \/>\n<meta property=\"og:site_name\" content=\"CEI International Affairs\" \/>\n<meta property=\"article:publisher\" content=\"https:\/\/www.facebook.com\/CEI.CentroDeEstudiosInternacionales\/\" \/>\n<meta property=\"article:published_time\" content=\"2013-12-03T18:43:36+00:00\" \/>\n<meta property=\"og:image\" content=\"https:\/\/www.ceibcn.com\/wp-content\/uploads\/2023\/01\/Logo-CEI.png\" \/>\n\t<meta property=\"og:image:width\" content=\"500\" \/>\n\t<meta property=\"og:image:height\" content=\"500\" \/>\n\t<meta property=\"og:image:type\" content=\"image\/png\" \/>\n<meta name=\"author\" content=\"Cristian Romero Velasco\" \/>\n<meta name=\"twitter:card\" content=\"summary_large_image\" \/>\n<meta name=\"twitter:creator\" content=\"@CEIbcn\" \/>\n<meta name=\"twitter:site\" content=\"@CEIbcn\" \/>\n<meta name=\"twitter:label1\" content=\"Written by\" \/>\n\t<meta name=\"twitter:data1\" content=\"Cristian Romero Velasco\" \/>\n\t<meta name=\"twitter:label2\" content=\"Est. reading time\" \/>\n\t<meta name=\"twitter:data2\" content=\"2 minutes\" \/>\n<script type=\"application\/ld+json\" class=\"yoast-schema-graph\">{\"@context\":\"https:\/\/schema.org\",\"@graph\":[{\"@type\":\"Article\",\"@id\":\"https:\/\/www.ceibcn.com\/en\/2013\/12\/publicacion-n-3-los-nuevos-retos-a-la-seguridad-y-defensa-en-el-espacio-euroatlantico\/#article\",\"isPartOf\":{\"@id\":\"https:\/\/www.ceibcn.com\/en\/2013\/12\/publicacion-n-3-los-nuevos-retos-a-la-seguridad-y-defensa-en-el-espacio-euroatlantico\/\"},\"author\":{\"name\":\"Cristian Romero Velasco\",\"@id\":\"https:\/\/www.ceibcn.com\/en\/#\/schema\/person\/4ef9992ee2fbd3987a5e1834e5d5808d\"},\"headline\":\"PUBLICACI\u00d3N N \u00ba 3: LOS NUEVOS RETOS A LA SEGURIDAD Y DEFENSA EN EL ESPACIO EUROATL\u00c1NTICO\",\"datePublished\":\"2013-12-03T18:43:36+00:00\",\"mainEntityOfPage\":{\"@id\":\"https:\/\/www.ceibcn.com\/en\/2013\/12\/publicacion-n-3-los-nuevos-retos-a-la-seguridad-y-defensa-en-el-espacio-euroatlantico\/\"},\"wordCount\":442,\"commentCount\":0,\"publisher\":{\"@id\":\"https:\/\/www.ceibcn.com\/en\/#organization\"},\"articleSection\":[\"Sin categor\u00eda\"],\"inLanguage\":\"en-US\",\"potentialAction\":[{\"@type\":\"CommentAction\",\"name\":\"Comment\",\"target\":[\"https:\/\/www.ceibcn.com\/en\/2013\/12\/publicacion-n-3-los-nuevos-retos-a-la-seguridad-y-defensa-en-el-espacio-euroatlantico\/#respond\"]}]},{\"@type\":\"WebPage\",\"@id\":\"https:\/\/www.ceibcn.com\/en\/2013\/12\/publicacion-n-3-los-nuevos-retos-a-la-seguridad-y-defensa-en-el-espacio-euroatlantico\/\",\"url\":\"https:\/\/www.ceibcn.com\/en\/2013\/12\/publicacion-n-3-los-nuevos-retos-a-la-seguridad-y-defensa-en-el-espacio-euroatlantico\/\",\"name\":\"PUBLICACI\u00d3N N \u00ba 3: LOS NUEVOS RETOS A LA SEGURIDAD Y DEFENSA EN EL ESPACIO EUROATL\u00c1NTICO - CEI International Affairs\",\"isPartOf\":{\"@id\":\"https:\/\/www.ceibcn.com\/en\/#website\"},\"datePublished\":\"2013-12-03T18:43:36+00:00\",\"breadcrumb\":{\"@id\":\"https:\/\/www.ceibcn.com\/en\/2013\/12\/publicacion-n-3-los-nuevos-retos-a-la-seguridad-y-defensa-en-el-espacio-euroatlantico\/#breadcrumb\"},\"inLanguage\":\"en-US\",\"potentialAction\":[{\"@type\":\"ReadAction\",\"target\":[\"https:\/\/www.ceibcn.com\/en\/2013\/12\/publicacion-n-3-los-nuevos-retos-a-la-seguridad-y-defensa-en-el-espacio-euroatlantico\/\"]}]},{\"@type\":\"BreadcrumbList\",\"@id\":\"https:\/\/www.ceibcn.com\/en\/2013\/12\/publicacion-n-3-los-nuevos-retos-a-la-seguridad-y-defensa-en-el-espacio-euroatlantico\/#breadcrumb\",\"itemListElement\":[{\"@type\":\"ListItem\",\"position\":1,\"name\":\"Portada\",\"item\":\"https:\/\/www.ceibcn.com\/en\/\"},{\"@type\":\"ListItem\",\"position\":2,\"name\":\"PUBLICACI\u00d3N N \u00ba 3: LOS NUEVOS RETOS A LA SEGURIDAD Y DEFENSA EN EL ESPACIO EUROATL\u00c1NTICO\"}]},{\"@type\":\"WebSite\",\"@id\":\"https:\/\/www.ceibcn.com\/en\/#website\",\"url\":\"https:\/\/www.ceibcn.com\/en\/\",\"name\":\"CEI International Affairs\",\"description\":\"CEI International Affairs\",\"publisher\":{\"@id\":\"https:\/\/www.ceibcn.com\/en\/#organization\"},\"alternateName\":\"CEI International Affairs\",\"potentialAction\":[{\"@type\":\"SearchAction\",\"target\":{\"@type\":\"EntryPoint\",\"urlTemplate\":\"https:\/\/www.ceibcn.com\/en\/?s={search_term_string}\"},\"query-input\":{\"@type\":\"PropertyValueSpecification\",\"valueRequired\":true,\"valueName\":\"search_term_string\"}}],\"inLanguage\":\"en-US\"},{\"@type\":\"Organization\",\"@id\":\"https:\/\/www.ceibcn.com\/en\/#organization\",\"name\":\"CEI International Affairs\",\"url\":\"https:\/\/www.ceibcn.com\/en\/\",\"logo\":{\"@type\":\"ImageObject\",\"inLanguage\":\"en-US\",\"@id\":\"https:\/\/www.ceibcn.com\/en\/#\/schema\/logo\/image\/\",\"url\":\"https:\/\/www.ceibcn.com\/wp-content\/uploads\/2021\/09\/CeiLogo_EscuelaDiploVectorized_vectorizedSIN_FONDO.png\",\"contentUrl\":\"https:\/\/www.ceibcn.com\/wp-content\/uploads\/2021\/09\/CeiLogo_EscuelaDiploVectorized_vectorizedSIN_FONDO.png\",\"width\":1591,\"height\":629,\"caption\":\"CEI International Affairs\"},\"image\":{\"@id\":\"https:\/\/www.ceibcn.com\/en\/#\/schema\/logo\/image\/\"},\"sameAs\":[\"https:\/\/www.facebook.com\/CEI.CentroDeEstudiosInternacionales\/\",\"https:\/\/x.com\/CEIbcn\",\"https:\/\/www.instagram.com\/cei_international\/\"]},{\"@type\":\"Person\",\"@id\":\"https:\/\/www.ceibcn.com\/en\/#\/schema\/person\/4ef9992ee2fbd3987a5e1834e5d5808d\",\"name\":\"Cristian Romero Velasco\",\"image\":{\"@type\":\"ImageObject\",\"inLanguage\":\"en-US\",\"@id\":\"https:\/\/www.ceibcn.com\/en\/#\/schema\/person\/image\/\",\"url\":\"https:\/\/secure.gravatar.com\/avatar\/d78c33ad7f1570635ae9c9cb6274fe682bd5872dfde7a5448127d7825dd90943?s=96&d=mm&r=g\",\"contentUrl\":\"https:\/\/secure.gravatar.com\/avatar\/d78c33ad7f1570635ae9c9cb6274fe682bd5872dfde7a5448127d7825dd90943?s=96&d=mm&r=g\",\"caption\":\"Cristian Romero Velasco\"},\"url\":\"https:\/\/www.ceibcn.com\/en\/author\/cristian\/\"}]}<\/script>\n<!-- \/ Yoast SEO plugin. -->","yoast_head_json":{"title":"PUBLICACI\u00d3N N \u00ba 3: LOS NUEVOS RETOS A LA SEGURIDAD Y DEFENSA EN EL ESPACIO EUROATL\u00c1NTICO - CEI International Affairs","robots":{"index":"index","follow":"follow","max-snippet":"max-snippet:-1","max-image-preview":"max-image-preview:large","max-video-preview":"max-video-preview:-1"},"canonical":"https:\/\/www.ceibcn.com\/en\/2013\/12\/publicacion-n-3-los-nuevos-retos-a-la-seguridad-y-defensa-en-el-espacio-euroatlantico\/","og_locale":"en_US","og_type":"article","og_title":"PUBLICACI\u00d3N N \u00ba 3: LOS NUEVOS RETOS A LA SEGURIDAD Y DEFENSA EN EL ESPACIO EUROATL\u00c1NTICO - CEI International Affairs","og_description":"El volumen 3 de la colecci\u00f3n Tribuna Internacional recoge las ponencias y los discursos de inauguraci\u00f3n y clausura de la Conferencia Internacional que bajo este t\u00edtulo organiz\u00f3 el CEI en el Centre La Caixa de Barcelona los d\u00edas 10 y 11 de mayo de 2001. En la organizaci\u00f3n de esta Conferencia Internacional intervino asimismo la [&hellip;]","og_url":"https:\/\/www.ceibcn.com\/en\/2013\/12\/publicacion-n-3-los-nuevos-retos-a-la-seguridad-y-defensa-en-el-espacio-euroatlantico\/","og_site_name":"CEI International Affairs","article_publisher":"https:\/\/www.facebook.com\/CEI.CentroDeEstudiosInternacionales\/","article_published_time":"2013-12-03T18:43:36+00:00","og_image":[{"width":500,"height":500,"url":"https:\/\/www.ceibcn.com\/wp-content\/uploads\/2023\/01\/Logo-CEI.png","type":"image\/png"}],"author":"Cristian Romero Velasco","twitter_card":"summary_large_image","twitter_creator":"@CEIbcn","twitter_site":"@CEIbcn","twitter_misc":{"Written by":"Cristian Romero Velasco","Est. reading time":"2 minutes"},"schema":{"@context":"https:\/\/schema.org","@graph":[{"@type":"Article","@id":"https:\/\/www.ceibcn.com\/en\/2013\/12\/publicacion-n-3-los-nuevos-retos-a-la-seguridad-y-defensa-en-el-espacio-euroatlantico\/#article","isPartOf":{"@id":"https:\/\/www.ceibcn.com\/en\/2013\/12\/publicacion-n-3-los-nuevos-retos-a-la-seguridad-y-defensa-en-el-espacio-euroatlantico\/"},"author":{"name":"Cristian Romero Velasco","@id":"https:\/\/www.ceibcn.com\/en\/#\/schema\/person\/4ef9992ee2fbd3987a5e1834e5d5808d"},"headline":"PUBLICACI\u00d3N N \u00ba 3: LOS NUEVOS RETOS A LA SEGURIDAD Y DEFENSA EN EL ESPACIO EUROATL\u00c1NTICO","datePublished":"2013-12-03T18:43:36+00:00","mainEntityOfPage":{"@id":"https:\/\/www.ceibcn.com\/en\/2013\/12\/publicacion-n-3-los-nuevos-retos-a-la-seguridad-y-defensa-en-el-espacio-euroatlantico\/"},"wordCount":442,"commentCount":0,"publisher":{"@id":"https:\/\/www.ceibcn.com\/en\/#organization"},"articleSection":["Sin categor\u00eda"],"inLanguage":"en-US","potentialAction":[{"@type":"CommentAction","name":"Comment","target":["https:\/\/www.ceibcn.com\/en\/2013\/12\/publicacion-n-3-los-nuevos-retos-a-la-seguridad-y-defensa-en-el-espacio-euroatlantico\/#respond"]}]},{"@type":"WebPage","@id":"https:\/\/www.ceibcn.com\/en\/2013\/12\/publicacion-n-3-los-nuevos-retos-a-la-seguridad-y-defensa-en-el-espacio-euroatlantico\/","url":"https:\/\/www.ceibcn.com\/en\/2013\/12\/publicacion-n-3-los-nuevos-retos-a-la-seguridad-y-defensa-en-el-espacio-euroatlantico\/","name":"PUBLICACI\u00d3N N \u00ba 3: LOS NUEVOS RETOS A LA SEGURIDAD Y DEFENSA EN EL ESPACIO EUROATL\u00c1NTICO - CEI International Affairs","isPartOf":{"@id":"https:\/\/www.ceibcn.com\/en\/#website"},"datePublished":"2013-12-03T18:43:36+00:00","breadcrumb":{"@id":"https:\/\/www.ceibcn.com\/en\/2013\/12\/publicacion-n-3-los-nuevos-retos-a-la-seguridad-y-defensa-en-el-espacio-euroatlantico\/#breadcrumb"},"inLanguage":"en-US","potentialAction":[{"@type":"ReadAction","target":["https:\/\/www.ceibcn.com\/en\/2013\/12\/publicacion-n-3-los-nuevos-retos-a-la-seguridad-y-defensa-en-el-espacio-euroatlantico\/"]}]},{"@type":"BreadcrumbList","@id":"https:\/\/www.ceibcn.com\/en\/2013\/12\/publicacion-n-3-los-nuevos-retos-a-la-seguridad-y-defensa-en-el-espacio-euroatlantico\/#breadcrumb","itemListElement":[{"@type":"ListItem","position":1,"name":"Portada","item":"https:\/\/www.ceibcn.com\/en\/"},{"@type":"ListItem","position":2,"name":"PUBLICACI\u00d3N N \u00ba 3: LOS NUEVOS RETOS A LA SEGURIDAD Y DEFENSA EN EL ESPACIO EUROATL\u00c1NTICO"}]},{"@type":"WebSite","@id":"https:\/\/www.ceibcn.com\/en\/#website","url":"https:\/\/www.ceibcn.com\/en\/","name":"CEI International Affairs","description":"CEI International Affairs","publisher":{"@id":"https:\/\/www.ceibcn.com\/en\/#organization"},"alternateName":"CEI International Affairs","potentialAction":[{"@type":"SearchAction","target":{"@type":"EntryPoint","urlTemplate":"https:\/\/www.ceibcn.com\/en\/?s={search_term_string}"},"query-input":{"@type":"PropertyValueSpecification","valueRequired":true,"valueName":"search_term_string"}}],"inLanguage":"en-US"},{"@type":"Organization","@id":"https:\/\/www.ceibcn.com\/en\/#organization","name":"CEI International Affairs","url":"https:\/\/www.ceibcn.com\/en\/","logo":{"@type":"ImageObject","inLanguage":"en-US","@id":"https:\/\/www.ceibcn.com\/en\/#\/schema\/logo\/image\/","url":"https:\/\/www.ceibcn.com\/wp-content\/uploads\/2021\/09\/CeiLogo_EscuelaDiploVectorized_vectorizedSIN_FONDO.png","contentUrl":"https:\/\/www.ceibcn.com\/wp-content\/uploads\/2021\/09\/CeiLogo_EscuelaDiploVectorized_vectorizedSIN_FONDO.png","width":1591,"height":629,"caption":"CEI International Affairs"},"image":{"@id":"https:\/\/www.ceibcn.com\/en\/#\/schema\/logo\/image\/"},"sameAs":["https:\/\/www.facebook.com\/CEI.CentroDeEstudiosInternacionales\/","https:\/\/x.com\/CEIbcn","https:\/\/www.instagram.com\/cei_international\/"]},{"@type":"Person","@id":"https:\/\/www.ceibcn.com\/en\/#\/schema\/person\/4ef9992ee2fbd3987a5e1834e5d5808d","name":"Cristian Romero Velasco","image":{"@type":"ImageObject","inLanguage":"en-US","@id":"https:\/\/www.ceibcn.com\/en\/#\/schema\/person\/image\/","url":"https:\/\/secure.gravatar.com\/avatar\/d78c33ad7f1570635ae9c9cb6274fe682bd5872dfde7a5448127d7825dd90943?s=96&d=mm&r=g","contentUrl":"https:\/\/secure.gravatar.com\/avatar\/d78c33ad7f1570635ae9c9cb6274fe682bd5872dfde7a5448127d7825dd90943?s=96&d=mm&r=g","caption":"Cristian Romero Velasco"},"url":"https:\/\/www.ceibcn.com\/en\/author\/cristian\/"}]}},"_links":{"self":[{"href":"https:\/\/www.ceibcn.com\/en\/wp-json\/wp\/v2\/posts\/1338","targetHints":{"allow":["GET"]}}],"collection":[{"href":"https:\/\/www.ceibcn.com\/en\/wp-json\/wp\/v2\/posts"}],"about":[{"href":"https:\/\/www.ceibcn.com\/en\/wp-json\/wp\/v2\/types\/post"}],"author":[{"embeddable":true,"href":"https:\/\/www.ceibcn.com\/en\/wp-json\/wp\/v2\/users\/6"}],"replies":[{"embeddable":true,"href":"https:\/\/www.ceibcn.com\/en\/wp-json\/wp\/v2\/comments?post=1338"}],"version-history":[{"count":0,"href":"https:\/\/www.ceibcn.com\/en\/wp-json\/wp\/v2\/posts\/1338\/revisions"}],"wp:attachment":[{"href":"https:\/\/www.ceibcn.com\/en\/wp-json\/wp\/v2\/media?parent=1338"}],"wp:term":[{"taxonomy":"category","embeddable":true,"href":"https:\/\/www.ceibcn.com\/en\/wp-json\/wp\/v2\/categories?post=1338"},{"taxonomy":"post_tag","embeddable":true,"href":"https:\/\/www.ceibcn.com\/en\/wp-json\/wp\/v2\/tags?post=1338"}],"curies":[{"name":"wp","href":"https:\/\/api.w.org\/{rel}","templated":true}]}}