{"id":1363,"date":"2014-01-10T11:43:15","date_gmt":"2014-01-10T11:43:15","guid":{"rendered":"https:\/\/www.ceibcn.com\/2014\/01\/publicacio-n-5-compliment-del-protocol-de-kyoto-sobre-canvi-climatic\/"},"modified":"2014-01-10T11:43:15","modified_gmt":"2014-01-10T11:43:15","slug":"publicacio-n-5-compliment-del-protocol-de-kyoto-sobre-canvi-climatic","status":"publish","type":"post","link":"https:\/\/www.ceibcn.com\/en\/2014\/01\/publicacio-n-5-compliment-del-protocol-de-kyoto-sobre-canvi-climatic\/","title":{"rendered":"PUBLICACI\u00d3 N\u00ba 5: COMPLIMENT DEL PROTOCOL DE KYOTO SOBRE CANVI CLIM\u00c0TIC"},"content":{"rendered":"<p><span style=\"font-size-anulat: 11pt; line-height: 115%; font-family-anulat: 'Calibri','sans-serif';\">Aquesta obra t\u00e9 per objecte central l&#8217;an\u00e0lisi dels mecanismes de flexibilitat des d&#8217;una perspectiva multidisciplin\u00e0ria, que t\u00e9 en compte no nom\u00e9s el punt de vista jur\u00eddic i institucional, sin\u00f3 tamb\u00e9 la dimensi\u00f3 pol\u00edtica i econ\u00f2mica d&#8217;aquests.<\/span><\/p>\n<p><!--more--><\/p>\n<p>&nbsp;<\/p>\n<h2><span style=\"font-size-anulat: 11pt; line-height: 115%; font-family-anulat: 'Calibri','sans-serif';\"><span style=\"font-size-anulat: 11pt; line-height: 115%; font-family-anulat: 'Calibri','sans-serif';\">Sinopsi<\/span><\/span><\/h2>\n<p><span style=\"font-size-anulat: 11pt; line-height: 115%; font-family-anulat: 'Calibri','sans-serif';\"><br \/> El canvi clim\u00e0tic s&#8217;ha revelat com un dels problemes globals m\u00e9s importants als quals s&#8217;enfronta la humanitat. Per lluitar, la comunitat internacional s&#8217;ha dotat de la Convenci\u00f3 Marc sobre el Canvi Clim\u00e0tic i el Protocol de Kyoto, que estableix compromisos de reducci\u00f3 de les emissions de gasos que provoquen l&#8217;efecte hivernacle per als pa\u00efsos desenvolupats, per\u00f2 tamb\u00e9 la possibilitat de &#8220;flexibilitzar&#8221; el compliment d&#8217;aquests compromisos a trav\u00e9s de tres instruments: l&#8217;Aplicaci\u00f3 Conjunta, el Mecanisme per a un Desenvolupament Net i el Comer\u00e7 d&#8217;Emissions. Aquesta obra t\u00e9 per objecte central l&#8217;an\u00e0lisi dels mecanismes de flexibilitat des d&#8217;una perspectiva multidisciplin\u00e0ria, que t\u00e9 en compte no nom\u00e9s el punt de vista jur\u00eddic i institucional, sin\u00f3 tamb\u00e9 la dimensi\u00f3 pol\u00edtica i econ\u00f2mica d&#8217;aquests.<\/p>\n<p><\/span><\/p>\n<h2><span style=\"font-size-anulat: 11pt; line-height: 115%; font-family-anulat: 'Calibri','sans-serif';\"><span style=\"font-size-anulat: 11pt; line-height: 115%; font-family-anulat: 'Calibri','sans-serif';\">Dades Generals<br \/> <\/span><\/span><\/h2>\n<p><span style=\"font-size-anulat: 11pt; line-height: 115%; font-family-anulat: 'Calibri','sans-serif';\"><br \/> Autor: Saura Estap\u00e0, Jaume<\/p>\n<p> Editorial: Publicacions i Edicions de la Universitat de Barcelona<\/p>\n<p> Data de l&#8217;edici\u00f3: 2003<\/p>\n<p> Col\u00b7lecci\u00f3: Tribuna Internacional<\/p>\n<p> N \u00ba p\u00e0gines: 155<\/p>\n<p> Idioma: Castell\u00e0<\/span><\/p>\n<h2><span style=\"font-size-anulat: 11pt; line-height: 115%; font-family-anulat: 'Calibri','sans-serif';\"><span style=\"font-size-anulat: 11pt; line-height: 115%; font-family-anulat: 'Calibri','sans-serif';\"><\/span> <br \/><\/span><\/h2>\n","protected":false},"excerpt":{"rendered":"<p>Aquesta obra t\u00e9 per objecte central l&#8217;an\u00e0lisi dels mecanismes de flexibilitat des d&#8217;una perspectiva multidisciplin\u00e0ria, que t\u00e9 en compte no nom\u00e9s el punt de vista jur\u00eddic i institucional, sin\u00f3 tamb\u00e9 la dimensi\u00f3 pol\u00edtica i econ\u00f2mica d&#8217;aquests.<\/p>\n","protected":false},"author":6,"featured_media":0,"comment_status":"open","ping_status":"closed","sticky":false,"template":"","format":"standard","meta":{"_acf_changed":false,"_crdt_document":"","inline_featured_image":false,"footnotes":""},"categories":[1],"tags":[],"class_list":["post-1363","post","type-post","status-publish","format-standard","hentry","category-sin-categoria"],"acf":[],"yoast_head":"<!-- This site is optimized with the Yoast SEO plugin v27.0 - https:\/\/yoast.com\/product\/yoast-seo-wordpress\/ -->\n<title>PUBLICACI\u00d3 N\u00ba 5: COMPLIMENT DEL PROTOCOL DE KYOTO SOBRE CANVI CLIM\u00c0TIC - CEI International Affairs<\/title>\n<meta name=\"robots\" content=\"index, follow, max-snippet:-1, max-image-preview:large, max-video-preview:-1\" \/>\n<link rel=\"canonical\" href=\"https:\/\/www.ceibcn.com\/en\/2014\/01\/publicacio-n-5-compliment-del-protocol-de-kyoto-sobre-canvi-climatic\/\" \/>\n<meta property=\"og:locale\" content=\"en_US\" \/>\n<meta property=\"og:type\" content=\"article\" \/>\n<meta property=\"og:title\" content=\"PUBLICACI\u00d3 N\u00ba 5: COMPLIMENT DEL PROTOCOL DE KYOTO SOBRE CANVI CLIM\u00c0TIC - CEI International Affairs\" \/>\n<meta property=\"og:description\" content=\"Aquesta obra t\u00e9 per objecte central l&#8217;an\u00e0lisi dels mecanismes de flexibilitat des d&#8217;una perspectiva multidisciplin\u00e0ria, que t\u00e9 en compte no nom\u00e9s el punt de vista jur\u00eddic i institucional, sin\u00f3 tamb\u00e9 la dimensi\u00f3 pol\u00edtica i econ\u00f2mica d&#8217;aquests.\" \/>\n<meta property=\"og:url\" content=\"https:\/\/www.ceibcn.com\/en\/2014\/01\/publicacio-n-5-compliment-del-protocol-de-kyoto-sobre-canvi-climatic\/\" \/>\n<meta property=\"og:site_name\" content=\"CEI International Affairs\" \/>\n<meta property=\"article:publisher\" content=\"https:\/\/www.facebook.com\/CEI.CentroDeEstudiosInternacionales\/\" \/>\n<meta property=\"article:published_time\" content=\"2014-01-10T11:43:15+00:00\" \/>\n<meta property=\"og:image\" content=\"https:\/\/www.ceibcn.com\/wp-content\/uploads\/2023\/01\/Logo-CEI.png\" \/>\n\t<meta property=\"og:image:width\" content=\"500\" \/>\n\t<meta property=\"og:image:height\" content=\"500\" \/>\n\t<meta property=\"og:image:type\" content=\"image\/png\" \/>\n<meta name=\"author\" content=\"Cristian Romero Velasco\" \/>\n<meta name=\"twitter:card\" content=\"summary_large_image\" \/>\n<meta name=\"twitter:creator\" content=\"@CEIbcn\" \/>\n<meta name=\"twitter:site\" content=\"@CEIbcn\" \/>\n<meta name=\"twitter:label1\" content=\"Written by\" \/>\n\t<meta name=\"twitter:data1\" content=\"Cristian Romero Velasco\" \/>\n\t<meta name=\"twitter:label2\" content=\"Est. reading time\" \/>\n\t<meta name=\"twitter:data2\" content=\"1 minute\" \/>\n<script type=\"application\/ld+json\" class=\"yoast-schema-graph\">{\"@context\":\"https:\/\/schema.org\",\"@graph\":[{\"@type\":\"Article\",\"@id\":\"https:\/\/www.ceibcn.com\/en\/2014\/01\/publicacio-n-5-compliment-del-protocol-de-kyoto-sobre-canvi-climatic\/#article\",\"isPartOf\":{\"@id\":\"https:\/\/www.ceibcn.com\/en\/2014\/01\/publicacio-n-5-compliment-del-protocol-de-kyoto-sobre-canvi-climatic\/\"},\"author\":{\"name\":\"Cristian Romero Velasco\",\"@id\":\"https:\/\/www.ceibcn.com\/en\/#\/schema\/person\/4ef9992ee2fbd3987a5e1834e5d5808d\"},\"headline\":\"PUBLICACI\u00d3 N\u00ba 5: COMPLIMENT DEL PROTOCOL DE KYOTO SOBRE CANVI CLIM\u00c0TIC\",\"datePublished\":\"2014-01-10T11:43:15+00:00\",\"mainEntityOfPage\":{\"@id\":\"https:\/\/www.ceibcn.com\/en\/2014\/01\/publicacio-n-5-compliment-del-protocol-de-kyoto-sobre-canvi-climatic\/\"},\"wordCount\":226,\"commentCount\":0,\"publisher\":{\"@id\":\"https:\/\/www.ceibcn.com\/en\/#organization\"},\"articleSection\":[\"Sin categor\u00eda\"],\"inLanguage\":\"en-US\",\"potentialAction\":[{\"@type\":\"CommentAction\",\"name\":\"Comment\",\"target\":[\"https:\/\/www.ceibcn.com\/en\/2014\/01\/publicacio-n-5-compliment-del-protocol-de-kyoto-sobre-canvi-climatic\/#respond\"]}]},{\"@type\":\"WebPage\",\"@id\":\"https:\/\/www.ceibcn.com\/en\/2014\/01\/publicacio-n-5-compliment-del-protocol-de-kyoto-sobre-canvi-climatic\/\",\"url\":\"https:\/\/www.ceibcn.com\/en\/2014\/01\/publicacio-n-5-compliment-del-protocol-de-kyoto-sobre-canvi-climatic\/\",\"name\":\"PUBLICACI\u00d3 N\u00ba 5: COMPLIMENT DEL PROTOCOL DE KYOTO SOBRE CANVI CLIM\u00c0TIC - CEI International Affairs\",\"isPartOf\":{\"@id\":\"https:\/\/www.ceibcn.com\/en\/#website\"},\"datePublished\":\"2014-01-10T11:43:15+00:00\",\"breadcrumb\":{\"@id\":\"https:\/\/www.ceibcn.com\/en\/2014\/01\/publicacio-n-5-compliment-del-protocol-de-kyoto-sobre-canvi-climatic\/#breadcrumb\"},\"inLanguage\":\"en-US\",\"potentialAction\":[{\"@type\":\"ReadAction\",\"target\":[\"https:\/\/www.ceibcn.com\/en\/2014\/01\/publicacio-n-5-compliment-del-protocol-de-kyoto-sobre-canvi-climatic\/\"]}]},{\"@type\":\"BreadcrumbList\",\"@id\":\"https:\/\/www.ceibcn.com\/en\/2014\/01\/publicacio-n-5-compliment-del-protocol-de-kyoto-sobre-canvi-climatic\/#breadcrumb\",\"itemListElement\":[{\"@type\":\"ListItem\",\"position\":1,\"name\":\"Portada\",\"item\":\"https:\/\/www.ceibcn.com\/en\/\"},{\"@type\":\"ListItem\",\"position\":2,\"name\":\"PUBLICACI\u00d3 N\u00ba 5: COMPLIMENT DEL PROTOCOL DE KYOTO SOBRE CANVI CLIM\u00c0TIC\"}]},{\"@type\":\"WebSite\",\"@id\":\"https:\/\/www.ceibcn.com\/en\/#website\",\"url\":\"https:\/\/www.ceibcn.com\/en\/\",\"name\":\"CEI International Affairs\",\"description\":\"CEI International Affairs\",\"publisher\":{\"@id\":\"https:\/\/www.ceibcn.com\/en\/#organization\"},\"alternateName\":\"CEI International Affairs\",\"potentialAction\":[{\"@type\":\"SearchAction\",\"target\":{\"@type\":\"EntryPoint\",\"urlTemplate\":\"https:\/\/www.ceibcn.com\/en\/?s={search_term_string}\"},\"query-input\":{\"@type\":\"PropertyValueSpecification\",\"valueRequired\":true,\"valueName\":\"search_term_string\"}}],\"inLanguage\":\"en-US\"},{\"@type\":\"Organization\",\"@id\":\"https:\/\/www.ceibcn.com\/en\/#organization\",\"name\":\"CEI International Affairs\",\"url\":\"https:\/\/www.ceibcn.com\/en\/\",\"logo\":{\"@type\":\"ImageObject\",\"inLanguage\":\"en-US\",\"@id\":\"https:\/\/www.ceibcn.com\/en\/#\/schema\/logo\/image\/\",\"url\":\"https:\/\/www.ceibcn.com\/wp-content\/uploads\/2021\/09\/CeiLogo_EscuelaDiploVectorized_vectorizedSIN_FONDO.png\",\"contentUrl\":\"https:\/\/www.ceibcn.com\/wp-content\/uploads\/2021\/09\/CeiLogo_EscuelaDiploVectorized_vectorizedSIN_FONDO.png\",\"width\":1591,\"height\":629,\"caption\":\"CEI International Affairs\"},\"image\":{\"@id\":\"https:\/\/www.ceibcn.com\/en\/#\/schema\/logo\/image\/\"},\"sameAs\":[\"https:\/\/www.facebook.com\/CEI.CentroDeEstudiosInternacionales\/\",\"https:\/\/x.com\/CEIbcn\",\"https:\/\/www.instagram.com\/cei_international\/\"]},{\"@type\":\"Person\",\"@id\":\"https:\/\/www.ceibcn.com\/en\/#\/schema\/person\/4ef9992ee2fbd3987a5e1834e5d5808d\",\"name\":\"Cristian Romero Velasco\",\"image\":{\"@type\":\"ImageObject\",\"inLanguage\":\"en-US\",\"@id\":\"https:\/\/www.ceibcn.com\/en\/#\/schema\/person\/image\/\",\"url\":\"https:\/\/secure.gravatar.com\/avatar\/d78c33ad7f1570635ae9c9cb6274fe682bd5872dfde7a5448127d7825dd90943?s=96&d=mm&r=g\",\"contentUrl\":\"https:\/\/secure.gravatar.com\/avatar\/d78c33ad7f1570635ae9c9cb6274fe682bd5872dfde7a5448127d7825dd90943?s=96&d=mm&r=g\",\"caption\":\"Cristian Romero Velasco\"},\"url\":\"https:\/\/www.ceibcn.com\/en\/author\/cristian\/\"}]}<\/script>\n<!-- \/ Yoast SEO plugin. -->","yoast_head_json":{"title":"PUBLICACI\u00d3 N\u00ba 5: COMPLIMENT DEL PROTOCOL DE KYOTO SOBRE CANVI CLIM\u00c0TIC - CEI International Affairs","robots":{"index":"index","follow":"follow","max-snippet":"max-snippet:-1","max-image-preview":"max-image-preview:large","max-video-preview":"max-video-preview:-1"},"canonical":"https:\/\/www.ceibcn.com\/en\/2014\/01\/publicacio-n-5-compliment-del-protocol-de-kyoto-sobre-canvi-climatic\/","og_locale":"en_US","og_type":"article","og_title":"PUBLICACI\u00d3 N\u00ba 5: COMPLIMENT DEL PROTOCOL DE KYOTO SOBRE CANVI CLIM\u00c0TIC - CEI International Affairs","og_description":"Aquesta obra t\u00e9 per objecte central l&#8217;an\u00e0lisi dels mecanismes de flexibilitat des d&#8217;una perspectiva multidisciplin\u00e0ria, que t\u00e9 en compte no nom\u00e9s el punt de vista jur\u00eddic i institucional, sin\u00f3 tamb\u00e9 la dimensi\u00f3 pol\u00edtica i econ\u00f2mica d&#8217;aquests.","og_url":"https:\/\/www.ceibcn.com\/en\/2014\/01\/publicacio-n-5-compliment-del-protocol-de-kyoto-sobre-canvi-climatic\/","og_site_name":"CEI International Affairs","article_publisher":"https:\/\/www.facebook.com\/CEI.CentroDeEstudiosInternacionales\/","article_published_time":"2014-01-10T11:43:15+00:00","og_image":[{"width":500,"height":500,"url":"https:\/\/www.ceibcn.com\/wp-content\/uploads\/2023\/01\/Logo-CEI.png","type":"image\/png"}],"author":"Cristian Romero Velasco","twitter_card":"summary_large_image","twitter_creator":"@CEIbcn","twitter_site":"@CEIbcn","twitter_misc":{"Written by":"Cristian Romero Velasco","Est. reading time":"1 minute"},"schema":{"@context":"https:\/\/schema.org","@graph":[{"@type":"Article","@id":"https:\/\/www.ceibcn.com\/en\/2014\/01\/publicacio-n-5-compliment-del-protocol-de-kyoto-sobre-canvi-climatic\/#article","isPartOf":{"@id":"https:\/\/www.ceibcn.com\/en\/2014\/01\/publicacio-n-5-compliment-del-protocol-de-kyoto-sobre-canvi-climatic\/"},"author":{"name":"Cristian Romero Velasco","@id":"https:\/\/www.ceibcn.com\/en\/#\/schema\/person\/4ef9992ee2fbd3987a5e1834e5d5808d"},"headline":"PUBLICACI\u00d3 N\u00ba 5: COMPLIMENT DEL PROTOCOL DE KYOTO SOBRE CANVI CLIM\u00c0TIC","datePublished":"2014-01-10T11:43:15+00:00","mainEntityOfPage":{"@id":"https:\/\/www.ceibcn.com\/en\/2014\/01\/publicacio-n-5-compliment-del-protocol-de-kyoto-sobre-canvi-climatic\/"},"wordCount":226,"commentCount":0,"publisher":{"@id":"https:\/\/www.ceibcn.com\/en\/#organization"},"articleSection":["Sin categor\u00eda"],"inLanguage":"en-US","potentialAction":[{"@type":"CommentAction","name":"Comment","target":["https:\/\/www.ceibcn.com\/en\/2014\/01\/publicacio-n-5-compliment-del-protocol-de-kyoto-sobre-canvi-climatic\/#respond"]}]},{"@type":"WebPage","@id":"https:\/\/www.ceibcn.com\/en\/2014\/01\/publicacio-n-5-compliment-del-protocol-de-kyoto-sobre-canvi-climatic\/","url":"https:\/\/www.ceibcn.com\/en\/2014\/01\/publicacio-n-5-compliment-del-protocol-de-kyoto-sobre-canvi-climatic\/","name":"PUBLICACI\u00d3 N\u00ba 5: COMPLIMENT DEL PROTOCOL DE KYOTO SOBRE CANVI CLIM\u00c0TIC - CEI International Affairs","isPartOf":{"@id":"https:\/\/www.ceibcn.com\/en\/#website"},"datePublished":"2014-01-10T11:43:15+00:00","breadcrumb":{"@id":"https:\/\/www.ceibcn.com\/en\/2014\/01\/publicacio-n-5-compliment-del-protocol-de-kyoto-sobre-canvi-climatic\/#breadcrumb"},"inLanguage":"en-US","potentialAction":[{"@type":"ReadAction","target":["https:\/\/www.ceibcn.com\/en\/2014\/01\/publicacio-n-5-compliment-del-protocol-de-kyoto-sobre-canvi-climatic\/"]}]},{"@type":"BreadcrumbList","@id":"https:\/\/www.ceibcn.com\/en\/2014\/01\/publicacio-n-5-compliment-del-protocol-de-kyoto-sobre-canvi-climatic\/#breadcrumb","itemListElement":[{"@type":"ListItem","position":1,"name":"Portada","item":"https:\/\/www.ceibcn.com\/en\/"},{"@type":"ListItem","position":2,"name":"PUBLICACI\u00d3 N\u00ba 5: COMPLIMENT DEL PROTOCOL DE KYOTO SOBRE CANVI CLIM\u00c0TIC"}]},{"@type":"WebSite","@id":"https:\/\/www.ceibcn.com\/en\/#website","url":"https:\/\/www.ceibcn.com\/en\/","name":"CEI International Affairs","description":"CEI International Affairs","publisher":{"@id":"https:\/\/www.ceibcn.com\/en\/#organization"},"alternateName":"CEI International Affairs","potentialAction":[{"@type":"SearchAction","target":{"@type":"EntryPoint","urlTemplate":"https:\/\/www.ceibcn.com\/en\/?s={search_term_string}"},"query-input":{"@type":"PropertyValueSpecification","valueRequired":true,"valueName":"search_term_string"}}],"inLanguage":"en-US"},{"@type":"Organization","@id":"https:\/\/www.ceibcn.com\/en\/#organization","name":"CEI International Affairs","url":"https:\/\/www.ceibcn.com\/en\/","logo":{"@type":"ImageObject","inLanguage":"en-US","@id":"https:\/\/www.ceibcn.com\/en\/#\/schema\/logo\/image\/","url":"https:\/\/www.ceibcn.com\/wp-content\/uploads\/2021\/09\/CeiLogo_EscuelaDiploVectorized_vectorizedSIN_FONDO.png","contentUrl":"https:\/\/www.ceibcn.com\/wp-content\/uploads\/2021\/09\/CeiLogo_EscuelaDiploVectorized_vectorizedSIN_FONDO.png","width":1591,"height":629,"caption":"CEI International Affairs"},"image":{"@id":"https:\/\/www.ceibcn.com\/en\/#\/schema\/logo\/image\/"},"sameAs":["https:\/\/www.facebook.com\/CEI.CentroDeEstudiosInternacionales\/","https:\/\/x.com\/CEIbcn","https:\/\/www.instagram.com\/cei_international\/"]},{"@type":"Person","@id":"https:\/\/www.ceibcn.com\/en\/#\/schema\/person\/4ef9992ee2fbd3987a5e1834e5d5808d","name":"Cristian Romero Velasco","image":{"@type":"ImageObject","inLanguage":"en-US","@id":"https:\/\/www.ceibcn.com\/en\/#\/schema\/person\/image\/","url":"https:\/\/secure.gravatar.com\/avatar\/d78c33ad7f1570635ae9c9cb6274fe682bd5872dfde7a5448127d7825dd90943?s=96&d=mm&r=g","contentUrl":"https:\/\/secure.gravatar.com\/avatar\/d78c33ad7f1570635ae9c9cb6274fe682bd5872dfde7a5448127d7825dd90943?s=96&d=mm&r=g","caption":"Cristian Romero Velasco"},"url":"https:\/\/www.ceibcn.com\/en\/author\/cristian\/"}]}},"_links":{"self":[{"href":"https:\/\/www.ceibcn.com\/en\/wp-json\/wp\/v2\/posts\/1363","targetHints":{"allow":["GET"]}}],"collection":[{"href":"https:\/\/www.ceibcn.com\/en\/wp-json\/wp\/v2\/posts"}],"about":[{"href":"https:\/\/www.ceibcn.com\/en\/wp-json\/wp\/v2\/types\/post"}],"author":[{"embeddable":true,"href":"https:\/\/www.ceibcn.com\/en\/wp-json\/wp\/v2\/users\/6"}],"replies":[{"embeddable":true,"href":"https:\/\/www.ceibcn.com\/en\/wp-json\/wp\/v2\/comments?post=1363"}],"version-history":[{"count":0,"href":"https:\/\/www.ceibcn.com\/en\/wp-json\/wp\/v2\/posts\/1363\/revisions"}],"wp:attachment":[{"href":"https:\/\/www.ceibcn.com\/en\/wp-json\/wp\/v2\/media?parent=1363"}],"wp:term":[{"taxonomy":"category","embeddable":true,"href":"https:\/\/www.ceibcn.com\/en\/wp-json\/wp\/v2\/categories?post=1363"},{"taxonomy":"post_tag","embeddable":true,"href":"https:\/\/www.ceibcn.com\/en\/wp-json\/wp\/v2\/tags?post=1363"}],"curies":[{"name":"wp","href":"https:\/\/api.w.org\/{rel}","templated":true}]}}