{"id":1376,"date":"2014-01-17T12:58:34","date_gmt":"2014-01-17T12:58:34","guid":{"rendered":"https:\/\/www.ceibcn.com\/2014\/01\/aula-internacional-conferencia-sobre-bangladesh-sur-de-asia-2\/"},"modified":"2014-01-17T12:58:34","modified_gmt":"2014-01-17T12:58:34","slug":"aula-internacional-conferencia-sobre-bangladesh-sur-de-asia-2","status":"publish","type":"post","link":"https:\/\/www.ceibcn.com\/en\/2014\/01\/aula-internacional-conferencia-sobre-bangladesh-sur-de-asia-2\/","title":{"rendered":"Aula Internacional: Conferencia sobre Bangladesh, sur de Asia"},"content":{"rendered":"<p><span lang=\"es\"><span title=\"Aula Internacional: Sessi\u00f3 sobre Bangladesh, sud d'\u00e0sia\"><span title=\"Situat al sud d'\u00c0sia, Bangladesh desenvolupa com a principal activitat econ\u00f2mica l'agricultura, gr\u00e0cies al terreny f\u00e8rtil del delta del Ganges.\">Situado en el sur de Asia, Bangladesh desarrolla como principal actividad econ\u00f3mica la agricultura, gracias al terreno f\u00e9rtil del delta del Ganges. <\/span><span title=\"Per contra, tamb\u00e9 est\u00e0 subjecte a inundacions anuals provocades pels monsons i els ciclons.\">Por el contrario, tambi\u00e9n est\u00e1 sujeto a inundaciones anuales provocadas por los monzones y los ciclones<\/span><\/span><\/span><\/p>\n<p><!--more--><\/p>\n<h2>Presentaci\u00f3n<\/h2>\n<p><span title=\"Situat al sud d'\u00c0sia, Bangladesh desenvolupa com a principal activitat econ\u00f2mica l'agricultura, gr\u00e0cies al terreny f\u00e8rtil del delta del Ganges.\">Situado en el sur de Asia, Bangladesh desarrolla como principal actividad econ\u00f3mica la agricultura, gracias al terreno f\u00e9rtil del delta del Ganges. <\/span><span title=\"Per contra, tamb\u00e9 est\u00e0 subjecte a inundacions anuals provocades pels monsons i els ciclons.\">Por el contrario, tambi\u00e9n est\u00e1 sujeto a inundaciones anuales provocadas por los monzones y los ciclones . <\/span><span title=\"Aquests inconvenients dificulten la seva economia, i com a conseq\u00fc\u00e8ncia, el seu desenvolupament, fent-lo poc atractiu per a pa\u00efsos inversors.\">Estos inconvenientes dificultan su econom\u00eda, y como consecuencia, su desarrollo, haci\u00e9ndolo poco atractivo para pa\u00edses inversores.<\/span><\/p>\n<p><span title=\"Parlem d\u2019aquest pa\u00eds amb l\u2019Excm.\">Hablamos de este pa\u00eds con el Excmo. <\/span><span title=\"Sr.\">Sr. <\/span><span title=\"Luis Tejada Chac\u00f3n, ambaixador d'Espanya a Bangladesh des de l'any 2011.\">Luis Tejada Chac\u00f3n, embajador de Espa\u00f1a en Bangladesh desde el a\u00f1o 2011. <\/span><span title=\"\u00c9s llicenciat en Dret i, des de que va accedir a la Carrera Diplom\u00e0tica, ha estat destinat a les representacions diplom\u00e0tiques espanyoles a Gabon i S\u00edria.\">Es licenciado en Derecho y, desde que accedi\u00f3 a la Carrera Diplom\u00e1tica, ha estado destinado en las representaciones diplom\u00e1ticas espa\u00f1olas en Gab\u00f3n y Siria.<br \/><\/span><\/p>\n<h2>Contenido<\/h2>\n<p><span title=\"Tot i que hi ha hagut alguns \u00e8xits parcials assolits en alguns aspectes, no podem amagar que Bangladesh \u00e9s un dels pa\u00efsos m\u00e9s pobres del m\u00f3n.\">Aunque ha habido algunos \u00e9xitos parciales alcanzados en algunos aspectos, no podemos ocultar que Bangladesh es uno de los pa\u00edses m\u00e1s pobres del mundo. <\/span><span title=\"Un dels principals problemes \u00e9s que el comer\u00e7 exterior \u00e9s molt deficitari, en duplicar les importacions a les exportacions.\">Uno de los principales problemas es que el comercio exterior es muy deficitario, al duplicar las importaciones a las exportaciones.<\/span><\/p>\n<p><span title=\"L'ambaixador Tejada explicar\u00e0 les relacions comercials que existeixen entre Espanya i Bangladesh fent una sessi\u00f3 de debat i reflexi\u00f3 sobre la conjuntura econ\u00f2mica d'aquest pa\u00eds i de les relacions diplom\u00e0tiques i econ\u00f2miques que existeixen amb Espanya i com es desenvolupen.\">El embajador Tejada explicar\u00e1 las relaciones comerciales que existen entre Espa\u00f1a y Bangladesh haciendo una sesi\u00f3n de debate y reflexi\u00f3n sobre la coyuntura econ\u00f3mica de este pa\u00eds y de las relaciones diplom\u00e1ticas y econ\u00f3micas que existen con Espa\u00f1a y c\u00f3mo se desarrollan.<\/span><\/p>\n<h2>&nbsp;<\/h2>\n<h2>Conferencia<\/h2>\n<p><span title=\"Data: 26\/11\/2013\"><strong>Fecha:<\/strong> 26\/11\/2013<\/span><\/p>\n<p><span title=\"Dirigida a: XXX\"><strong>Dirigida a:<\/strong> Abierto a todo el p\u00fablico<br \/><\/span><\/p>\n<p><span title=\"Sessi\u00f3 de tarda: de 17:30h.\"><strong>Sesi\u00f3n de tarde:<\/strong> de 17:30 h. <\/span><span title=\"a 19:00h.\">a 19:00 h.<\/span><\/p>\n<p><span title=\"Lloc: Av.\"><strong>Lugar:<\/strong> Av. <\/span><span title=\"Vallvidrera, 25, Barcelona.\">Vallvidrera, 25. Barcelona.<\/span><\/p>\n<p><span title=\"Contacte: Sra.\"><strong>Contacto:<\/strong> Sra. \u00c0<\/span><span title=\"\u00c0ngels Vara\">ngels Vara<\/span><\/p>\n<p><span title=\"Preu:Entrada lliure.\"><strong>Precio:<\/strong> Entrada libre<\/span><\/p>\n","protected":false},"excerpt":{"rendered":"<p>Situado en el sur de Asia, Bangladesh desarrolla como principal actividad econ\u00f3mica la agricultura, gracias al terreno f\u00e9rtil del delta del Ganges. Por el contrario, tambi\u00e9n est\u00e1 sujeto a inundaciones anuales provocadas por los monzones y los ciclones<\/p>\n","protected":false},"author":6,"featured_media":0,"comment_status":"open","ping_status":"closed","sticky":false,"template":"","format":"standard","meta":{"_acf_changed":false,"_crdt_document":"","inline_featured_image":false,"footnotes":""},"categories":[25],"tags":[],"class_list":["post-1376","post","type-post","status-publish","format-standard","hentry","category-aula-internacional"],"acf":[],"yoast_head":"<!-- This site is optimized with the Yoast SEO plugin v27.0 - https:\/\/yoast.com\/product\/yoast-seo-wordpress\/ -->\n<title>Aula Internacional: Conferencia sobre Bangladesh, sur de Asia - CEI International Affairs<\/title>\n<meta name=\"robots\" content=\"index, follow, max-snippet:-1, max-image-preview:large, max-video-preview:-1\" \/>\n<link rel=\"canonical\" href=\"https:\/\/www.ceibcn.com\/en\/2014\/01\/aula-internacional-conferencia-sobre-bangladesh-sur-de-asia-2\/\" \/>\n<meta property=\"og:locale\" content=\"en_US\" \/>\n<meta property=\"og:type\" content=\"article\" \/>\n<meta property=\"og:title\" content=\"Aula Internacional: Conferencia sobre Bangladesh, sur de Asia - CEI International Affairs\" \/>\n<meta property=\"og:description\" content=\"Situado en el sur de Asia, Bangladesh desarrolla como principal actividad econ\u00f3mica la agricultura, gracias al terreno f\u00e9rtil del delta del Ganges. Por el contrario, tambi\u00e9n est\u00e1 sujeto a inundaciones anuales provocadas por los monzones y los ciclones\" \/>\n<meta property=\"og:url\" content=\"https:\/\/www.ceibcn.com\/en\/2014\/01\/aula-internacional-conferencia-sobre-bangladesh-sur-de-asia-2\/\" \/>\n<meta property=\"og:site_name\" content=\"CEI International Affairs\" \/>\n<meta property=\"article:publisher\" content=\"https:\/\/www.facebook.com\/CEI.CentroDeEstudiosInternacionales\/\" \/>\n<meta property=\"article:published_time\" content=\"2014-01-17T12:58:34+00:00\" \/>\n<meta property=\"og:image\" content=\"https:\/\/www.ceibcn.com\/wp-content\/uploads\/2023\/01\/Logo-CEI.png\" \/>\n\t<meta property=\"og:image:width\" content=\"500\" \/>\n\t<meta property=\"og:image:height\" content=\"500\" \/>\n\t<meta property=\"og:image:type\" content=\"image\/png\" \/>\n<meta name=\"author\" content=\"Cristian Romero Velasco\" \/>\n<meta name=\"twitter:card\" content=\"summary_large_image\" \/>\n<meta name=\"twitter:creator\" content=\"@CEIbcn\" \/>\n<meta name=\"twitter:site\" content=\"@CEIbcn\" \/>\n<meta name=\"twitter:label1\" content=\"Written by\" \/>\n\t<meta name=\"twitter:data1\" content=\"Cristian Romero Velasco\" \/>\n\t<meta name=\"twitter:label2\" content=\"Est. reading time\" \/>\n\t<meta name=\"twitter:data2\" content=\"1 minute\" \/>\n<script type=\"application\/ld+json\" class=\"yoast-schema-graph\">{\"@context\":\"https:\/\/schema.org\",\"@graph\":[{\"@type\":\"Article\",\"@id\":\"https:\/\/www.ceibcn.com\/en\/2014\/01\/aula-internacional-conferencia-sobre-bangladesh-sur-de-asia-2\/#article\",\"isPartOf\":{\"@id\":\"https:\/\/www.ceibcn.com\/en\/2014\/01\/aula-internacional-conferencia-sobre-bangladesh-sur-de-asia-2\/\"},\"author\":{\"name\":\"Cristian Romero Velasco\",\"@id\":\"https:\/\/www.ceibcn.com\/en\/#\/schema\/person\/4ef9992ee2fbd3987a5e1834e5d5808d\"},\"headline\":\"Aula Internacional: Conferencia sobre Bangladesh, sur de Asia\",\"datePublished\":\"2014-01-17T12:58:34+00:00\",\"mainEntityOfPage\":{\"@id\":\"https:\/\/www.ceibcn.com\/en\/2014\/01\/aula-internacional-conferencia-sobre-bangladesh-sur-de-asia-2\/\"},\"wordCount\":290,\"commentCount\":0,\"publisher\":{\"@id\":\"https:\/\/www.ceibcn.com\/en\/#organization\"},\"articleSection\":[\"Aula Internacional\"],\"inLanguage\":\"en-US\",\"potentialAction\":[{\"@type\":\"CommentAction\",\"name\":\"Comment\",\"target\":[\"https:\/\/www.ceibcn.com\/en\/2014\/01\/aula-internacional-conferencia-sobre-bangladesh-sur-de-asia-2\/#respond\"]}]},{\"@type\":\"WebPage\",\"@id\":\"https:\/\/www.ceibcn.com\/en\/2014\/01\/aula-internacional-conferencia-sobre-bangladesh-sur-de-asia-2\/\",\"url\":\"https:\/\/www.ceibcn.com\/en\/2014\/01\/aula-internacional-conferencia-sobre-bangladesh-sur-de-asia-2\/\",\"name\":\"Aula Internacional: Conferencia sobre Bangladesh, sur de Asia - CEI International Affairs\",\"isPartOf\":{\"@id\":\"https:\/\/www.ceibcn.com\/en\/#website\"},\"datePublished\":\"2014-01-17T12:58:34+00:00\",\"breadcrumb\":{\"@id\":\"https:\/\/www.ceibcn.com\/en\/2014\/01\/aula-internacional-conferencia-sobre-bangladesh-sur-de-asia-2\/#breadcrumb\"},\"inLanguage\":\"en-US\",\"potentialAction\":[{\"@type\":\"ReadAction\",\"target\":[\"https:\/\/www.ceibcn.com\/en\/2014\/01\/aula-internacional-conferencia-sobre-bangladesh-sur-de-asia-2\/\"]}]},{\"@type\":\"BreadcrumbList\",\"@id\":\"https:\/\/www.ceibcn.com\/en\/2014\/01\/aula-internacional-conferencia-sobre-bangladesh-sur-de-asia-2\/#breadcrumb\",\"itemListElement\":[{\"@type\":\"ListItem\",\"position\":1,\"name\":\"Portada\",\"item\":\"https:\/\/www.ceibcn.com\/en\/\"},{\"@type\":\"ListItem\",\"position\":2,\"name\":\"Aula Internacional: Conferencia sobre Bangladesh, sur de Asia\"}]},{\"@type\":\"WebSite\",\"@id\":\"https:\/\/www.ceibcn.com\/en\/#website\",\"url\":\"https:\/\/www.ceibcn.com\/en\/\",\"name\":\"CEI International Affairs\",\"description\":\"CEI International Affairs\",\"publisher\":{\"@id\":\"https:\/\/www.ceibcn.com\/en\/#organization\"},\"alternateName\":\"CEI International Affairs\",\"potentialAction\":[{\"@type\":\"SearchAction\",\"target\":{\"@type\":\"EntryPoint\",\"urlTemplate\":\"https:\/\/www.ceibcn.com\/en\/?s={search_term_string}\"},\"query-input\":{\"@type\":\"PropertyValueSpecification\",\"valueRequired\":true,\"valueName\":\"search_term_string\"}}],\"inLanguage\":\"en-US\"},{\"@type\":\"Organization\",\"@id\":\"https:\/\/www.ceibcn.com\/en\/#organization\",\"name\":\"CEI International Affairs\",\"url\":\"https:\/\/www.ceibcn.com\/en\/\",\"logo\":{\"@type\":\"ImageObject\",\"inLanguage\":\"en-US\",\"@id\":\"https:\/\/www.ceibcn.com\/en\/#\/schema\/logo\/image\/\",\"url\":\"https:\/\/www.ceibcn.com\/wp-content\/uploads\/2021\/09\/CeiLogo_EscuelaDiploVectorized_vectorizedSIN_FONDO.png\",\"contentUrl\":\"https:\/\/www.ceibcn.com\/wp-content\/uploads\/2021\/09\/CeiLogo_EscuelaDiploVectorized_vectorizedSIN_FONDO.png\",\"width\":1591,\"height\":629,\"caption\":\"CEI International Affairs\"},\"image\":{\"@id\":\"https:\/\/www.ceibcn.com\/en\/#\/schema\/logo\/image\/\"},\"sameAs\":[\"https:\/\/www.facebook.com\/CEI.CentroDeEstudiosInternacionales\/\",\"https:\/\/x.com\/CEIbcn\",\"https:\/\/www.instagram.com\/cei_international\/\"]},{\"@type\":\"Person\",\"@id\":\"https:\/\/www.ceibcn.com\/en\/#\/schema\/person\/4ef9992ee2fbd3987a5e1834e5d5808d\",\"name\":\"Cristian Romero Velasco\",\"image\":{\"@type\":\"ImageObject\",\"inLanguage\":\"en-US\",\"@id\":\"https:\/\/www.ceibcn.com\/en\/#\/schema\/person\/image\/\",\"url\":\"https:\/\/secure.gravatar.com\/avatar\/d78c33ad7f1570635ae9c9cb6274fe682bd5872dfde7a5448127d7825dd90943?s=96&d=mm&r=g\",\"contentUrl\":\"https:\/\/secure.gravatar.com\/avatar\/d78c33ad7f1570635ae9c9cb6274fe682bd5872dfde7a5448127d7825dd90943?s=96&d=mm&r=g\",\"caption\":\"Cristian Romero Velasco\"},\"url\":\"https:\/\/www.ceibcn.com\/en\/author\/cristian\/\"}]}<\/script>\n<!-- \/ Yoast SEO plugin. -->","yoast_head_json":{"title":"Aula Internacional: Conferencia sobre Bangladesh, sur de Asia - CEI International Affairs","robots":{"index":"index","follow":"follow","max-snippet":"max-snippet:-1","max-image-preview":"max-image-preview:large","max-video-preview":"max-video-preview:-1"},"canonical":"https:\/\/www.ceibcn.com\/en\/2014\/01\/aula-internacional-conferencia-sobre-bangladesh-sur-de-asia-2\/","og_locale":"en_US","og_type":"article","og_title":"Aula Internacional: Conferencia sobre Bangladesh, sur de Asia - CEI International Affairs","og_description":"Situado en el sur de Asia, Bangladesh desarrolla como principal actividad econ\u00f3mica la agricultura, gracias al terreno f\u00e9rtil del delta del Ganges. Por el contrario, tambi\u00e9n est\u00e1 sujeto a inundaciones anuales provocadas por los monzones y los ciclones","og_url":"https:\/\/www.ceibcn.com\/en\/2014\/01\/aula-internacional-conferencia-sobre-bangladesh-sur-de-asia-2\/","og_site_name":"CEI International Affairs","article_publisher":"https:\/\/www.facebook.com\/CEI.CentroDeEstudiosInternacionales\/","article_published_time":"2014-01-17T12:58:34+00:00","og_image":[{"width":500,"height":500,"url":"https:\/\/www.ceibcn.com\/wp-content\/uploads\/2023\/01\/Logo-CEI.png","type":"image\/png"}],"author":"Cristian Romero Velasco","twitter_card":"summary_large_image","twitter_creator":"@CEIbcn","twitter_site":"@CEIbcn","twitter_misc":{"Written by":"Cristian Romero Velasco","Est. reading time":"1 minute"},"schema":{"@context":"https:\/\/schema.org","@graph":[{"@type":"Article","@id":"https:\/\/www.ceibcn.com\/en\/2014\/01\/aula-internacional-conferencia-sobre-bangladesh-sur-de-asia-2\/#article","isPartOf":{"@id":"https:\/\/www.ceibcn.com\/en\/2014\/01\/aula-internacional-conferencia-sobre-bangladesh-sur-de-asia-2\/"},"author":{"name":"Cristian Romero Velasco","@id":"https:\/\/www.ceibcn.com\/en\/#\/schema\/person\/4ef9992ee2fbd3987a5e1834e5d5808d"},"headline":"Aula Internacional: Conferencia sobre Bangladesh, sur de Asia","datePublished":"2014-01-17T12:58:34+00:00","mainEntityOfPage":{"@id":"https:\/\/www.ceibcn.com\/en\/2014\/01\/aula-internacional-conferencia-sobre-bangladesh-sur-de-asia-2\/"},"wordCount":290,"commentCount":0,"publisher":{"@id":"https:\/\/www.ceibcn.com\/en\/#organization"},"articleSection":["Aula Internacional"],"inLanguage":"en-US","potentialAction":[{"@type":"CommentAction","name":"Comment","target":["https:\/\/www.ceibcn.com\/en\/2014\/01\/aula-internacional-conferencia-sobre-bangladesh-sur-de-asia-2\/#respond"]}]},{"@type":"WebPage","@id":"https:\/\/www.ceibcn.com\/en\/2014\/01\/aula-internacional-conferencia-sobre-bangladesh-sur-de-asia-2\/","url":"https:\/\/www.ceibcn.com\/en\/2014\/01\/aula-internacional-conferencia-sobre-bangladesh-sur-de-asia-2\/","name":"Aula Internacional: Conferencia sobre Bangladesh, sur de Asia - CEI International Affairs","isPartOf":{"@id":"https:\/\/www.ceibcn.com\/en\/#website"},"datePublished":"2014-01-17T12:58:34+00:00","breadcrumb":{"@id":"https:\/\/www.ceibcn.com\/en\/2014\/01\/aula-internacional-conferencia-sobre-bangladesh-sur-de-asia-2\/#breadcrumb"},"inLanguage":"en-US","potentialAction":[{"@type":"ReadAction","target":["https:\/\/www.ceibcn.com\/en\/2014\/01\/aula-internacional-conferencia-sobre-bangladesh-sur-de-asia-2\/"]}]},{"@type":"BreadcrumbList","@id":"https:\/\/www.ceibcn.com\/en\/2014\/01\/aula-internacional-conferencia-sobre-bangladesh-sur-de-asia-2\/#breadcrumb","itemListElement":[{"@type":"ListItem","position":1,"name":"Portada","item":"https:\/\/www.ceibcn.com\/en\/"},{"@type":"ListItem","position":2,"name":"Aula Internacional: Conferencia sobre Bangladesh, sur de Asia"}]},{"@type":"WebSite","@id":"https:\/\/www.ceibcn.com\/en\/#website","url":"https:\/\/www.ceibcn.com\/en\/","name":"CEI International Affairs","description":"CEI International Affairs","publisher":{"@id":"https:\/\/www.ceibcn.com\/en\/#organization"},"alternateName":"CEI International Affairs","potentialAction":[{"@type":"SearchAction","target":{"@type":"EntryPoint","urlTemplate":"https:\/\/www.ceibcn.com\/en\/?s={search_term_string}"},"query-input":{"@type":"PropertyValueSpecification","valueRequired":true,"valueName":"search_term_string"}}],"inLanguage":"en-US"},{"@type":"Organization","@id":"https:\/\/www.ceibcn.com\/en\/#organization","name":"CEI International Affairs","url":"https:\/\/www.ceibcn.com\/en\/","logo":{"@type":"ImageObject","inLanguage":"en-US","@id":"https:\/\/www.ceibcn.com\/en\/#\/schema\/logo\/image\/","url":"https:\/\/www.ceibcn.com\/wp-content\/uploads\/2021\/09\/CeiLogo_EscuelaDiploVectorized_vectorizedSIN_FONDO.png","contentUrl":"https:\/\/www.ceibcn.com\/wp-content\/uploads\/2021\/09\/CeiLogo_EscuelaDiploVectorized_vectorizedSIN_FONDO.png","width":1591,"height":629,"caption":"CEI International Affairs"},"image":{"@id":"https:\/\/www.ceibcn.com\/en\/#\/schema\/logo\/image\/"},"sameAs":["https:\/\/www.facebook.com\/CEI.CentroDeEstudiosInternacionales\/","https:\/\/x.com\/CEIbcn","https:\/\/www.instagram.com\/cei_international\/"]},{"@type":"Person","@id":"https:\/\/www.ceibcn.com\/en\/#\/schema\/person\/4ef9992ee2fbd3987a5e1834e5d5808d","name":"Cristian Romero Velasco","image":{"@type":"ImageObject","inLanguage":"en-US","@id":"https:\/\/www.ceibcn.com\/en\/#\/schema\/person\/image\/","url":"https:\/\/secure.gravatar.com\/avatar\/d78c33ad7f1570635ae9c9cb6274fe682bd5872dfde7a5448127d7825dd90943?s=96&d=mm&r=g","contentUrl":"https:\/\/secure.gravatar.com\/avatar\/d78c33ad7f1570635ae9c9cb6274fe682bd5872dfde7a5448127d7825dd90943?s=96&d=mm&r=g","caption":"Cristian Romero Velasco"},"url":"https:\/\/www.ceibcn.com\/en\/author\/cristian\/"}]}},"_links":{"self":[{"href":"https:\/\/www.ceibcn.com\/en\/wp-json\/wp\/v2\/posts\/1376","targetHints":{"allow":["GET"]}}],"collection":[{"href":"https:\/\/www.ceibcn.com\/en\/wp-json\/wp\/v2\/posts"}],"about":[{"href":"https:\/\/www.ceibcn.com\/en\/wp-json\/wp\/v2\/types\/post"}],"author":[{"embeddable":true,"href":"https:\/\/www.ceibcn.com\/en\/wp-json\/wp\/v2\/users\/6"}],"replies":[{"embeddable":true,"href":"https:\/\/www.ceibcn.com\/en\/wp-json\/wp\/v2\/comments?post=1376"}],"version-history":[{"count":0,"href":"https:\/\/www.ceibcn.com\/en\/wp-json\/wp\/v2\/posts\/1376\/revisions"}],"wp:attachment":[{"href":"https:\/\/www.ceibcn.com\/en\/wp-json\/wp\/v2\/media?parent=1376"}],"wp:term":[{"taxonomy":"category","embeddable":true,"href":"https:\/\/www.ceibcn.com\/en\/wp-json\/wp\/v2\/categories?post=1376"},{"taxonomy":"post_tag","embeddable":true,"href":"https:\/\/www.ceibcn.com\/en\/wp-json\/wp\/v2\/tags?post=1376"}],"curies":[{"name":"wp","href":"https:\/\/api.w.org\/{rel}","templated":true}]}}