{"id":1378,"date":"2014-01-17T13:06:40","date_gmt":"2014-01-17T13:06:40","guid":{"rendered":"https:\/\/www.ceibcn.com\/2014\/01\/aula-internacional-conferencia-sesion-australia\/"},"modified":"2014-01-17T13:06:40","modified_gmt":"2014-01-17T13:06:40","slug":"aula-internacional-conferencia-sesion-australia","status":"publish","type":"post","link":"https:\/\/www.ceibcn.com\/en\/2014\/01\/aula-internacional-conferencia-sesion-australia\/","title":{"rendered":"Aula Internacional: Conferencia sesi\u00f3n Australia"},"content":{"rendered":"<h2>Presentaci\u00f3n:<\/h2>\n<p>Australia, situada en el hemisferio sur, conforma el continente m\u00e1s peque\u00f1o del mundo. Se ha convertido en un pa\u00eds muy atractivo para su mercado. Con Espa\u00f1a mantiene buenas relaciones comerciales y diplom\u00e1ticas que se han ido consolidando con el paso del tiempo. Este hecho se debe al crecimiento que ha habido de los dos pa\u00edses, sobre todo antes de la crisis. Hablaremos de estas relaciones con el Excmo. Sr. Carlos S\u00e1nchez de Boada, embajador de Espa\u00f1a en Australia desde el a\u00f1o 2011.<\/p>\n<p>El Excmo. Sr. S\u00e1nchez de Boada es licenciado en Derecho y Diplom\u00e1tico. Ha sido C\u00f3nsul General en las ciudades de Boston y Montevideo. A finales de la d\u00e9cada de los ochenta, se inici\u00f3 como Embajador, siendo el primero en dirigir la delegaci\u00f3n espa\u00f1ola en Namibia.<\/p>\n<h2>Contenido:<\/h2>\n<p>Desde hace unos a\u00f1os, hay un inter\u00e9s creciente por parte de las grandes multinacionales espa\u00f1olas en los concursos y licitaciones convocadas por el Gobierno Federal australiano, que a menudo han terminado con \u00e9xito. As\u00ed pues, se observa que las relaciones entre ambos pa\u00edses est\u00e1 creciendo. Por ejemplo, la presencia de productos espa\u00f1oles, tanto bienes de consumo como industriales, en el mercado australiano en 2010 creci\u00f3 un 30%, qued\u00e1ndose Australia en el puesto 26 como cliente de Espa\u00f1a.<\/p>\n<p>El Excmo. Sr. Carlos S\u00e1nchez de Boada realizar\u00e1 una reflexi\u00f3n sobre la coyuntura pol\u00edtica y econ\u00f3mica de Australia. Tambi\u00e9n har\u00e1 una reflexi\u00f3n sobre las relaciones diplom\u00e1ticas y econ\u00f3micas que existen con Espa\u00f1a y c\u00f3mo se desarrollan.<\/p>\n<h2>Conferencia<\/h2>\n<p>Fecha: 12\/10\/2013<\/p>\n<p>Dirigida a: XXX<\/p>\n<p>Sesi\u00f3n de tarde: de 13:30 h. a 16:00 h.<\/p>\n<p>Lugar: Av. Vallvidrera, 25, Barcelona.<\/p>\n<p>Contacto: Sra.. \u00c1ngeles Vara.<\/p>\n<p>Precio: Entrada libre.<\/p>\n","protected":false},"excerpt":{"rendered":"<p>Presentaci\u00f3n: Australia, situada en el hemisferio sur, conforma el continente m\u00e1s peque\u00f1o del mundo. Se ha convertido en un pa\u00eds muy atractivo para su mercado. Con Espa\u00f1a mantiene buenas relaciones comerciales y diplom\u00e1ticas que se han ido consolidando con el paso del tiempo. Este hecho se debe al crecimiento que ha habido de los dos [&hellip;]<\/p>\n","protected":false},"author":6,"featured_media":0,"comment_status":"open","ping_status":"closed","sticky":false,"template":"","format":"standard","meta":{"_acf_changed":false,"_crdt_document":"","inline_featured_image":false,"footnotes":""},"categories":[25],"tags":[],"class_list":["post-1378","post","type-post","status-publish","format-standard","hentry","category-aula-internacional"],"acf":[],"yoast_head":"<!-- This site is optimized with the Yoast SEO plugin v27.0 - https:\/\/yoast.com\/product\/yoast-seo-wordpress\/ -->\n<title>Aula Internacional: Conferencia sesi\u00f3n Australia - CEI International Affairs<\/title>\n<meta name=\"robots\" content=\"index, follow, max-snippet:-1, max-image-preview:large, max-video-preview:-1\" \/>\n<link rel=\"canonical\" href=\"https:\/\/www.ceibcn.com\/en\/2014\/01\/aula-internacional-conferencia-sesion-australia\/\" \/>\n<meta property=\"og:locale\" content=\"en_US\" \/>\n<meta property=\"og:type\" content=\"article\" \/>\n<meta property=\"og:title\" content=\"Aula Internacional: Conferencia sesi\u00f3n Australia - CEI International Affairs\" \/>\n<meta property=\"og:description\" content=\"Presentaci\u00f3n: Australia, situada en el hemisferio sur, conforma el continente m\u00e1s peque\u00f1o del mundo. Se ha convertido en un pa\u00eds muy atractivo para su mercado. Con Espa\u00f1a mantiene buenas relaciones comerciales y diplom\u00e1ticas que se han ido consolidando con el paso del tiempo. Este hecho se debe al crecimiento que ha habido de los dos [&hellip;]\" \/>\n<meta property=\"og:url\" content=\"https:\/\/www.ceibcn.com\/en\/2014\/01\/aula-internacional-conferencia-sesion-australia\/\" \/>\n<meta property=\"og:site_name\" content=\"CEI International Affairs\" \/>\n<meta property=\"article:publisher\" content=\"https:\/\/www.facebook.com\/CEI.CentroDeEstudiosInternacionales\/\" \/>\n<meta property=\"article:published_time\" content=\"2014-01-17T13:06:40+00:00\" \/>\n<meta property=\"og:image\" content=\"https:\/\/www.ceibcn.com\/wp-content\/uploads\/2023\/01\/Logo-CEI.png\" \/>\n\t<meta property=\"og:image:width\" content=\"500\" \/>\n\t<meta property=\"og:image:height\" content=\"500\" \/>\n\t<meta property=\"og:image:type\" content=\"image\/png\" \/>\n<meta name=\"author\" content=\"Cristian Romero Velasco\" \/>\n<meta name=\"twitter:card\" content=\"summary_large_image\" \/>\n<meta name=\"twitter:creator\" content=\"@CEIbcn\" \/>\n<meta name=\"twitter:site\" content=\"@CEIbcn\" \/>\n<meta name=\"twitter:label1\" content=\"Written by\" \/>\n\t<meta name=\"twitter:data1\" content=\"Cristian Romero Velasco\" \/>\n\t<meta name=\"twitter:label2\" content=\"Est. reading time\" \/>\n\t<meta name=\"twitter:data2\" content=\"1 minute\" \/>\n<script type=\"application\/ld+json\" class=\"yoast-schema-graph\">{\"@context\":\"https:\/\/schema.org\",\"@graph\":[{\"@type\":\"Article\",\"@id\":\"https:\/\/www.ceibcn.com\/en\/2014\/01\/aula-internacional-conferencia-sesion-australia\/#article\",\"isPartOf\":{\"@id\":\"https:\/\/www.ceibcn.com\/en\/2014\/01\/aula-internacional-conferencia-sesion-australia\/\"},\"author\":{\"name\":\"Cristian Romero Velasco\",\"@id\":\"https:\/\/www.ceibcn.com\/en\/#\/schema\/person\/4ef9992ee2fbd3987a5e1834e5d5808d\"},\"headline\":\"Aula Internacional: Conferencia sesi\u00f3n Australia\",\"datePublished\":\"2014-01-17T13:06:40+00:00\",\"mainEntityOfPage\":{\"@id\":\"https:\/\/www.ceibcn.com\/en\/2014\/01\/aula-internacional-conferencia-sesion-australia\/\"},\"wordCount\":301,\"commentCount\":0,\"publisher\":{\"@id\":\"https:\/\/www.ceibcn.com\/en\/#organization\"},\"articleSection\":[\"Aula Internacional\"],\"inLanguage\":\"en-US\",\"potentialAction\":[{\"@type\":\"CommentAction\",\"name\":\"Comment\",\"target\":[\"https:\/\/www.ceibcn.com\/en\/2014\/01\/aula-internacional-conferencia-sesion-australia\/#respond\"]}]},{\"@type\":\"WebPage\",\"@id\":\"https:\/\/www.ceibcn.com\/en\/2014\/01\/aula-internacional-conferencia-sesion-australia\/\",\"url\":\"https:\/\/www.ceibcn.com\/en\/2014\/01\/aula-internacional-conferencia-sesion-australia\/\",\"name\":\"Aula Internacional: Conferencia sesi\u00f3n Australia - CEI International Affairs\",\"isPartOf\":{\"@id\":\"https:\/\/www.ceibcn.com\/en\/#website\"},\"datePublished\":\"2014-01-17T13:06:40+00:00\",\"breadcrumb\":{\"@id\":\"https:\/\/www.ceibcn.com\/en\/2014\/01\/aula-internacional-conferencia-sesion-australia\/#breadcrumb\"},\"inLanguage\":\"en-US\",\"potentialAction\":[{\"@type\":\"ReadAction\",\"target\":[\"https:\/\/www.ceibcn.com\/en\/2014\/01\/aula-internacional-conferencia-sesion-australia\/\"]}]},{\"@type\":\"BreadcrumbList\",\"@id\":\"https:\/\/www.ceibcn.com\/en\/2014\/01\/aula-internacional-conferencia-sesion-australia\/#breadcrumb\",\"itemListElement\":[{\"@type\":\"ListItem\",\"position\":1,\"name\":\"Portada\",\"item\":\"https:\/\/www.ceibcn.com\/en\/\"},{\"@type\":\"ListItem\",\"position\":2,\"name\":\"Aula Internacional: Conferencia sesi\u00f3n Australia\"}]},{\"@type\":\"WebSite\",\"@id\":\"https:\/\/www.ceibcn.com\/en\/#website\",\"url\":\"https:\/\/www.ceibcn.com\/en\/\",\"name\":\"CEI International Affairs\",\"description\":\"CEI International Affairs\",\"publisher\":{\"@id\":\"https:\/\/www.ceibcn.com\/en\/#organization\"},\"alternateName\":\"CEI International Affairs\",\"potentialAction\":[{\"@type\":\"SearchAction\",\"target\":{\"@type\":\"EntryPoint\",\"urlTemplate\":\"https:\/\/www.ceibcn.com\/en\/?s={search_term_string}\"},\"query-input\":{\"@type\":\"PropertyValueSpecification\",\"valueRequired\":true,\"valueName\":\"search_term_string\"}}],\"inLanguage\":\"en-US\"},{\"@type\":\"Organization\",\"@id\":\"https:\/\/www.ceibcn.com\/en\/#organization\",\"name\":\"CEI International Affairs\",\"url\":\"https:\/\/www.ceibcn.com\/en\/\",\"logo\":{\"@type\":\"ImageObject\",\"inLanguage\":\"en-US\",\"@id\":\"https:\/\/www.ceibcn.com\/en\/#\/schema\/logo\/image\/\",\"url\":\"https:\/\/www.ceibcn.com\/wp-content\/uploads\/2021\/09\/CeiLogo_EscuelaDiploVectorized_vectorizedSIN_FONDO.png\",\"contentUrl\":\"https:\/\/www.ceibcn.com\/wp-content\/uploads\/2021\/09\/CeiLogo_EscuelaDiploVectorized_vectorizedSIN_FONDO.png\",\"width\":1591,\"height\":629,\"caption\":\"CEI International Affairs\"},\"image\":{\"@id\":\"https:\/\/www.ceibcn.com\/en\/#\/schema\/logo\/image\/\"},\"sameAs\":[\"https:\/\/www.facebook.com\/CEI.CentroDeEstudiosInternacionales\/\",\"https:\/\/x.com\/CEIbcn\",\"https:\/\/www.instagram.com\/cei_international\/\"]},{\"@type\":\"Person\",\"@id\":\"https:\/\/www.ceibcn.com\/en\/#\/schema\/person\/4ef9992ee2fbd3987a5e1834e5d5808d\",\"name\":\"Cristian Romero Velasco\",\"image\":{\"@type\":\"ImageObject\",\"inLanguage\":\"en-US\",\"@id\":\"https:\/\/www.ceibcn.com\/en\/#\/schema\/person\/image\/\",\"url\":\"https:\/\/secure.gravatar.com\/avatar\/d78c33ad7f1570635ae9c9cb6274fe682bd5872dfde7a5448127d7825dd90943?s=96&d=mm&r=g\",\"contentUrl\":\"https:\/\/secure.gravatar.com\/avatar\/d78c33ad7f1570635ae9c9cb6274fe682bd5872dfde7a5448127d7825dd90943?s=96&d=mm&r=g\",\"caption\":\"Cristian Romero Velasco\"},\"url\":\"https:\/\/www.ceibcn.com\/en\/author\/cristian\/\"}]}<\/script>\n<!-- \/ Yoast SEO plugin. -->","yoast_head_json":{"title":"Aula Internacional: Conferencia sesi\u00f3n Australia - CEI International Affairs","robots":{"index":"index","follow":"follow","max-snippet":"max-snippet:-1","max-image-preview":"max-image-preview:large","max-video-preview":"max-video-preview:-1"},"canonical":"https:\/\/www.ceibcn.com\/en\/2014\/01\/aula-internacional-conferencia-sesion-australia\/","og_locale":"en_US","og_type":"article","og_title":"Aula Internacional: Conferencia sesi\u00f3n Australia - CEI International Affairs","og_description":"Presentaci\u00f3n: Australia, situada en el hemisferio sur, conforma el continente m\u00e1s peque\u00f1o del mundo. Se ha convertido en un pa\u00eds muy atractivo para su mercado. Con Espa\u00f1a mantiene buenas relaciones comerciales y diplom\u00e1ticas que se han ido consolidando con el paso del tiempo. Este hecho se debe al crecimiento que ha habido de los dos [&hellip;]","og_url":"https:\/\/www.ceibcn.com\/en\/2014\/01\/aula-internacional-conferencia-sesion-australia\/","og_site_name":"CEI International Affairs","article_publisher":"https:\/\/www.facebook.com\/CEI.CentroDeEstudiosInternacionales\/","article_published_time":"2014-01-17T13:06:40+00:00","og_image":[{"width":500,"height":500,"url":"https:\/\/www.ceibcn.com\/wp-content\/uploads\/2023\/01\/Logo-CEI.png","type":"image\/png"}],"author":"Cristian Romero Velasco","twitter_card":"summary_large_image","twitter_creator":"@CEIbcn","twitter_site":"@CEIbcn","twitter_misc":{"Written by":"Cristian Romero Velasco","Est. reading time":"1 minute"},"schema":{"@context":"https:\/\/schema.org","@graph":[{"@type":"Article","@id":"https:\/\/www.ceibcn.com\/en\/2014\/01\/aula-internacional-conferencia-sesion-australia\/#article","isPartOf":{"@id":"https:\/\/www.ceibcn.com\/en\/2014\/01\/aula-internacional-conferencia-sesion-australia\/"},"author":{"name":"Cristian Romero Velasco","@id":"https:\/\/www.ceibcn.com\/en\/#\/schema\/person\/4ef9992ee2fbd3987a5e1834e5d5808d"},"headline":"Aula Internacional: Conferencia sesi\u00f3n Australia","datePublished":"2014-01-17T13:06:40+00:00","mainEntityOfPage":{"@id":"https:\/\/www.ceibcn.com\/en\/2014\/01\/aula-internacional-conferencia-sesion-australia\/"},"wordCount":301,"commentCount":0,"publisher":{"@id":"https:\/\/www.ceibcn.com\/en\/#organization"},"articleSection":["Aula Internacional"],"inLanguage":"en-US","potentialAction":[{"@type":"CommentAction","name":"Comment","target":["https:\/\/www.ceibcn.com\/en\/2014\/01\/aula-internacional-conferencia-sesion-australia\/#respond"]}]},{"@type":"WebPage","@id":"https:\/\/www.ceibcn.com\/en\/2014\/01\/aula-internacional-conferencia-sesion-australia\/","url":"https:\/\/www.ceibcn.com\/en\/2014\/01\/aula-internacional-conferencia-sesion-australia\/","name":"Aula Internacional: Conferencia sesi\u00f3n Australia - CEI International Affairs","isPartOf":{"@id":"https:\/\/www.ceibcn.com\/en\/#website"},"datePublished":"2014-01-17T13:06:40+00:00","breadcrumb":{"@id":"https:\/\/www.ceibcn.com\/en\/2014\/01\/aula-internacional-conferencia-sesion-australia\/#breadcrumb"},"inLanguage":"en-US","potentialAction":[{"@type":"ReadAction","target":["https:\/\/www.ceibcn.com\/en\/2014\/01\/aula-internacional-conferencia-sesion-australia\/"]}]},{"@type":"BreadcrumbList","@id":"https:\/\/www.ceibcn.com\/en\/2014\/01\/aula-internacional-conferencia-sesion-australia\/#breadcrumb","itemListElement":[{"@type":"ListItem","position":1,"name":"Portada","item":"https:\/\/www.ceibcn.com\/en\/"},{"@type":"ListItem","position":2,"name":"Aula Internacional: Conferencia sesi\u00f3n Australia"}]},{"@type":"WebSite","@id":"https:\/\/www.ceibcn.com\/en\/#website","url":"https:\/\/www.ceibcn.com\/en\/","name":"CEI International Affairs","description":"CEI International Affairs","publisher":{"@id":"https:\/\/www.ceibcn.com\/en\/#organization"},"alternateName":"CEI International Affairs","potentialAction":[{"@type":"SearchAction","target":{"@type":"EntryPoint","urlTemplate":"https:\/\/www.ceibcn.com\/en\/?s={search_term_string}"},"query-input":{"@type":"PropertyValueSpecification","valueRequired":true,"valueName":"search_term_string"}}],"inLanguage":"en-US"},{"@type":"Organization","@id":"https:\/\/www.ceibcn.com\/en\/#organization","name":"CEI International Affairs","url":"https:\/\/www.ceibcn.com\/en\/","logo":{"@type":"ImageObject","inLanguage":"en-US","@id":"https:\/\/www.ceibcn.com\/en\/#\/schema\/logo\/image\/","url":"https:\/\/www.ceibcn.com\/wp-content\/uploads\/2021\/09\/CeiLogo_EscuelaDiploVectorized_vectorizedSIN_FONDO.png","contentUrl":"https:\/\/www.ceibcn.com\/wp-content\/uploads\/2021\/09\/CeiLogo_EscuelaDiploVectorized_vectorizedSIN_FONDO.png","width":1591,"height":629,"caption":"CEI International Affairs"},"image":{"@id":"https:\/\/www.ceibcn.com\/en\/#\/schema\/logo\/image\/"},"sameAs":["https:\/\/www.facebook.com\/CEI.CentroDeEstudiosInternacionales\/","https:\/\/x.com\/CEIbcn","https:\/\/www.instagram.com\/cei_international\/"]},{"@type":"Person","@id":"https:\/\/www.ceibcn.com\/en\/#\/schema\/person\/4ef9992ee2fbd3987a5e1834e5d5808d","name":"Cristian Romero Velasco","image":{"@type":"ImageObject","inLanguage":"en-US","@id":"https:\/\/www.ceibcn.com\/en\/#\/schema\/person\/image\/","url":"https:\/\/secure.gravatar.com\/avatar\/d78c33ad7f1570635ae9c9cb6274fe682bd5872dfde7a5448127d7825dd90943?s=96&d=mm&r=g","contentUrl":"https:\/\/secure.gravatar.com\/avatar\/d78c33ad7f1570635ae9c9cb6274fe682bd5872dfde7a5448127d7825dd90943?s=96&d=mm&r=g","caption":"Cristian Romero Velasco"},"url":"https:\/\/www.ceibcn.com\/en\/author\/cristian\/"}]}},"_links":{"self":[{"href":"https:\/\/www.ceibcn.com\/en\/wp-json\/wp\/v2\/posts\/1378","targetHints":{"allow":["GET"]}}],"collection":[{"href":"https:\/\/www.ceibcn.com\/en\/wp-json\/wp\/v2\/posts"}],"about":[{"href":"https:\/\/www.ceibcn.com\/en\/wp-json\/wp\/v2\/types\/post"}],"author":[{"embeddable":true,"href":"https:\/\/www.ceibcn.com\/en\/wp-json\/wp\/v2\/users\/6"}],"replies":[{"embeddable":true,"href":"https:\/\/www.ceibcn.com\/en\/wp-json\/wp\/v2\/comments?post=1378"}],"version-history":[{"count":0,"href":"https:\/\/www.ceibcn.com\/en\/wp-json\/wp\/v2\/posts\/1378\/revisions"}],"wp:attachment":[{"href":"https:\/\/www.ceibcn.com\/en\/wp-json\/wp\/v2\/media?parent=1378"}],"wp:term":[{"taxonomy":"category","embeddable":true,"href":"https:\/\/www.ceibcn.com\/en\/wp-json\/wp\/v2\/categories?post=1378"},{"taxonomy":"post_tag","embeddable":true,"href":"https:\/\/www.ceibcn.com\/en\/wp-json\/wp\/v2\/tags?post=1378"}],"curies":[{"name":"wp","href":"https:\/\/api.w.org\/{rel}","templated":true}]}}