{"id":1417,"date":"2014-03-05T09:19:42","date_gmt":"2014-03-05T09:19:42","guid":{"rendered":"https:\/\/www.ceibcn.com\/2014\/03\/presentacio-4\/"},"modified":"2014-03-05T09:19:42","modified_gmt":"2014-03-05T09:19:42","slug":"presentacio-4","status":"publish","type":"post","link":"https:\/\/www.ceibcn.com\/en\/2014\/03\/presentacio-4\/","title":{"rendered":"Presentaci\u00f3"},"content":{"rendered":"<p><span lang=\"ca\"><span class=\"hps\"><span id=\"result_box\" lang=\"ca\"><span class=\"hps\"><img fetchpriority=\"high\" decoding=\"async\" class=\" alignleft size-full wp-image-1414\" style=\"margin: 10px; float: left;\" src=\"https:\/\/www.ceibcn.com\/wp-content\/uploads\/2014\/03\/UE_422cat.png\" alt=\"Curs sobre la Uni\u00f3 Europea\" width=\"407\" height=\"345\" srcset=\"https:\/\/www.ceibcn.com\/wp-content\/uploads\/2014\/03\/UE_422cat.png 530w, https:\/\/www.ceibcn.com\/wp-content\/uploads\/2014\/03\/UE_422cat-300x254.png 300w, https:\/\/www.ceibcn.com\/wp-content\/uploads\/2014\/03\/UE_422cat-150x127.png 150w\" sizes=\"(max-width: 407px) 100vw, 407px\" \/>El <strong>curs de la UE<\/strong>&nbsp;compta amb un <\/span><span class=\"hps\">gran<\/span> <span class=\"hps\">prestigi que<\/span> <span class=\"hps\">permet a l&#8217;estudiant<\/span> <span class=\"hps\">assolir un alt<\/span> <span class=\"hps\">grau<\/span> <span class=\"hps\">d&#8217;especialitzaci\u00f3<\/span> <span class=\"hps\">en afers&nbsp;<\/span><span class=\"hps\">europeus<\/span>. <\/span><\/span><\/span><\/p>\n<p>&nbsp;<\/p>\n<p>El curs est\u00e0 coorganitzat pel CEI International Affairs i <strong>Secretaria d\u2019Estat per la Uni\u00f3 Europea<\/strong> del Ministeri d\u2019Afers Exteriors, Uni\u00f3 Europea i Cooperaci\u00f3. Col\u00b7labora la <strong>Secretaria d\u2019Acci\u00f3 Exterior i de la Uni\u00f3 Europea<\/strong> de la Generalitat de Catalunya.<\/p>\n<p>&nbsp;<\/p>\n<p><span lang=\"ca\"><span class=\"hps\"><span id=\"result_box\" lang=\"ca\"><span class=\"hps\"><\/span><\/span><\/span><\/span><\/p>\n<p>&nbsp;<\/p>\n<p>&nbsp;<\/p>\n<h2>Objectius<\/h2>\n<p><span id=\"result_box\" lang=\"ca\"><span class=\"hps\"><\/span><\/span><\/p>\n<p>&nbsp;<\/p>\n<p><span lang=\"ca\"><span style=\"font-size-anulat: 10pt; line-height: 115%; font-family-anulat: arial,helvetica,sans-serif;\">El <strong>curs de la UE<\/strong> permet a l\u2019alumne adquirir coneixements te\u00f2ric-pr\u00e0ctics sobre les <strong>institucions<\/strong> i les <strong>principals pol\u00edtiques<\/strong> de la <strong>Uni\u00f3 Europea<\/strong>. A m\u00e9s, inclou sessions dedicades a l\u2019acc\u00e9s als fons europeus aix\u00ed com a les oportunitats professionals que existeixen en el si de les institucions europees.<\/span><\/span><\/p>\n<p>&nbsp;<\/p>\n<p>&nbsp;<\/p>\n<p><span id=\"result_box\" lang=\"ca\"><span style=\"font-size-anulat: 10pt; line-height: 115%; font-family-anulat: arial,helvetica,sans-serif;\">Aquest curs permet<strong> aprofundir<\/strong> en els <strong>coneixements <\/strong>de la <strong>Uni\u00f3 Europea<\/strong> en totes les seves vessants: socials, econ\u00f2miques i pol\u00edtiques.&nbsp;<\/span><\/span><\/p>\n<p>&nbsp;<\/p>\n<p>&nbsp;<\/p>\n<p>&nbsp;<\/p>\n<h2>Dirigit a<\/h2>\n<p>&nbsp;<\/p>\n<p><span id=\"result_box\" lang=\"ca\"><span class=\"hps\">El <strong>curs de la UE<\/strong> s&#8217;adre\u00e7a<\/span> <span class=\"hps\">tant a<\/span> <span class=\"hps\">professionals<\/span> <span class=\"hps\">i<\/span> <span class=\"hps\">funcionaris<\/span>, <span class=\"hps\">com a estudiants<\/span> <span class=\"hps\">de M\u00e0ster<\/span> <span class=\"hps\">o<\/span>&nbsp;de&nbsp;<span class=\"hps\">Grau de les \u00e0rees de&nbsp;<\/span><span class=\"hps\">Dret<\/span>, Ci\u00e8ncies <span class=\"hps\">Pol\u00edtiques<\/span>, Gesti\u00f3 <span class=\"hps\">i Administraci\u00f3<\/span> <span class=\"hps\">P\u00fablica<\/span>, Ci\u00e8ncies <span class=\"hps\">Econ\u00f2miques<\/span>, <span class=\"hps\">ADE<\/span>, <span class=\"hps\">Periodisme<\/span> <span class=\"hps\">i Hist\u00f2ria entre d&#8217;altres.<\/span><\/span><\/p>\n<p>&nbsp;<\/p>\n<p>&nbsp;<\/p>\n<p>&nbsp;<\/p>\n<p><img decoding=\"async\" class=\" size-full wp-image-740\" src=\"https:\/\/www.ceibcn.com\/wp-content\/uploads\/2013\/07\/Mini_COVID.png\" alt=\"COVID\" width=\"592\" height=\"38\" srcset=\"https:\/\/www.ceibcn.com\/wp-content\/uploads\/2013\/07\/Mini_COVID.png 592w, https:\/\/www.ceibcn.com\/wp-content\/uploads\/2013\/07\/Mini_COVID-300x19.png 300w, https:\/\/www.ceibcn.com\/wp-content\/uploads\/2013\/07\/Mini_COVID-150x10.png 150w\" sizes=\"(max-width: 592px) 100vw, 592px\" \/><\/p>\n<p>&nbsp;<\/p>\n<p style=\"font-size: 12px;\">Els programes del CEI per al proper curs acad\u00e8mic s&#8217;adaptaran a la <strong>modalitat semipresencial o online<\/strong>, per als casos que siguin precisos, a conseq\u00fc\u00e8ncia de les circumst\u00e0ncies excepcionals derivades de la pand\u00e8mia global.<\/p>\n<p>&nbsp;<\/p>\n<p style=\"font-size: 12px;\">A m\u00e9s en tots els nostres cursos, s&#8217;abordar\u00e0 l&#8217;<strong>impacte del COVID19 en els diferents \u00e0mbits d&#8217;an\u00e0lisis<\/strong> per a facilitar a l&#8217;alumnat la comprensi\u00f3 de les conseq\u00fc\u00e8ncies d&#8217;aquesta crisi i les mesures que s&#8217;estan adoptant per a fer-li front.<\/p>\n","protected":false},"excerpt":{"rendered":"<p>El curs de la UE&nbsp;compta amb un gran prestigi que permet a l&#8217;estudiant assolir un alt grau d&#8217;especialitzaci\u00f3 en afers&nbsp;europeus. &nbsp; El curs est\u00e0 coorganitzat pel CEI International Affairs i Secretaria d\u2019Estat per la Uni\u00f3 Europea del Ministeri d\u2019Afers Exteriors, Uni\u00f3 Europea i Cooperaci\u00f3. Col\u00b7labora la Secretaria d\u2019Acci\u00f3 Exterior i de la Uni\u00f3 Europea de [&hellip;]<\/p>\n","protected":false},"author":6,"featured_media":1414,"comment_status":"open","ping_status":"closed","sticky":false,"template":"","format":"standard","meta":{"_acf_changed":false,"_crdt_document":"","inline_featured_image":false,"footnotes":""},"categories":[1],"tags":[],"class_list":["post-1417","post","type-post","status-publish","format-standard","has-post-thumbnail","hentry","category-sin-categoria"],"acf":[],"yoast_head":"<!-- This site is optimized with the Yoast SEO plugin v27.0 - https:\/\/yoast.com\/product\/yoast-seo-wordpress\/ -->\n<title>Presentaci\u00f3 - CEI International Affairs<\/title>\n<meta name=\"robots\" content=\"index, follow, max-snippet:-1, max-image-preview:large, max-video-preview:-1\" \/>\n<link rel=\"canonical\" href=\"https:\/\/www.ceibcn.com\/en\/2014\/03\/presentacio-4\/\" \/>\n<meta property=\"og:locale\" content=\"en_US\" \/>\n<meta property=\"og:type\" content=\"article\" \/>\n<meta property=\"og:title\" content=\"Presentaci\u00f3 - CEI International Affairs\" \/>\n<meta property=\"og:description\" content=\"El curs de la UE&nbsp;compta amb un gran prestigi que permet a l&#8217;estudiant assolir un alt grau d&#8217;especialitzaci\u00f3 en afers&nbsp;europeus. &nbsp; El curs est\u00e0 coorganitzat pel CEI International Affairs i Secretaria d\u2019Estat per la Uni\u00f3 Europea del Ministeri d\u2019Afers Exteriors, Uni\u00f3 Europea i Cooperaci\u00f3. Col\u00b7labora la Secretaria d\u2019Acci\u00f3 Exterior i de la Uni\u00f3 Europea de [&hellip;]\" \/>\n<meta property=\"og:url\" content=\"https:\/\/www.ceibcn.com\/en\/2014\/03\/presentacio-4\/\" \/>\n<meta property=\"og:site_name\" content=\"CEI International Affairs\" \/>\n<meta property=\"article:publisher\" content=\"https:\/\/www.facebook.com\/CEI.CentroDeEstudiosInternacionales\/\" \/>\n<meta property=\"article:published_time\" content=\"2014-03-05T09:19:42+00:00\" \/>\n<meta property=\"og:image\" content=\"https:\/\/www.ceibcn.com\/wp-content\/uploads\/2014\/03\/UE_422cat.png\" \/>\n\t<meta property=\"og:image:width\" content=\"530\" \/>\n\t<meta property=\"og:image:height\" content=\"449\" \/>\n\t<meta property=\"og:image:type\" content=\"image\/png\" \/>\n<meta name=\"author\" content=\"Cristian Romero Velasco\" \/>\n<meta name=\"twitter:card\" content=\"summary_large_image\" \/>\n<meta name=\"twitter:creator\" content=\"@CEIbcn\" \/>\n<meta name=\"twitter:site\" content=\"@CEIbcn\" \/>\n<meta name=\"twitter:label1\" content=\"Written by\" \/>\n\t<meta name=\"twitter:data1\" content=\"Cristian Romero Velasco\" \/>\n\t<meta name=\"twitter:label2\" content=\"Est. reading time\" \/>\n\t<meta name=\"twitter:data2\" content=\"1 minute\" \/>\n<script type=\"application\/ld+json\" class=\"yoast-schema-graph\">{\"@context\":\"https:\/\/schema.org\",\"@graph\":[{\"@type\":\"Article\",\"@id\":\"https:\/\/www.ceibcn.com\/en\/2014\/03\/presentacio-4\/#article\",\"isPartOf\":{\"@id\":\"https:\/\/www.ceibcn.com\/en\/2014\/03\/presentacio-4\/\"},\"author\":{\"name\":\"Cristian Romero Velasco\",\"@id\":\"https:\/\/www.ceibcn.com\/en\/#\/schema\/person\/4ef9992ee2fbd3987a5e1834e5d5808d\"},\"headline\":\"Presentaci\u00f3\",\"datePublished\":\"2014-03-05T09:19:42+00:00\",\"mainEntityOfPage\":{\"@id\":\"https:\/\/www.ceibcn.com\/en\/2014\/03\/presentacio-4\/\"},\"wordCount\":301,\"commentCount\":0,\"publisher\":{\"@id\":\"https:\/\/www.ceibcn.com\/en\/#organization\"},\"image\":{\"@id\":\"https:\/\/www.ceibcn.com\/en\/2014\/03\/presentacio-4\/#primaryimage\"},\"thumbnailUrl\":\"https:\/\/www.ceibcn.com\/wp-content\/uploads\/2014\/03\/UE_422cat.png\",\"articleSection\":[\"Sin categor\u00eda\"],\"inLanguage\":\"en-US\",\"potentialAction\":[{\"@type\":\"CommentAction\",\"name\":\"Comment\",\"target\":[\"https:\/\/www.ceibcn.com\/en\/2014\/03\/presentacio-4\/#respond\"]}]},{\"@type\":\"WebPage\",\"@id\":\"https:\/\/www.ceibcn.com\/en\/2014\/03\/presentacio-4\/\",\"url\":\"https:\/\/www.ceibcn.com\/en\/2014\/03\/presentacio-4\/\",\"name\":\"Presentaci\u00f3 - CEI International Affairs\",\"isPartOf\":{\"@id\":\"https:\/\/www.ceibcn.com\/en\/#website\"},\"primaryImageOfPage\":{\"@id\":\"https:\/\/www.ceibcn.com\/en\/2014\/03\/presentacio-4\/#primaryimage\"},\"image\":{\"@id\":\"https:\/\/www.ceibcn.com\/en\/2014\/03\/presentacio-4\/#primaryimage\"},\"thumbnailUrl\":\"https:\/\/www.ceibcn.com\/wp-content\/uploads\/2014\/03\/UE_422cat.png\",\"datePublished\":\"2014-03-05T09:19:42+00:00\",\"breadcrumb\":{\"@id\":\"https:\/\/www.ceibcn.com\/en\/2014\/03\/presentacio-4\/#breadcrumb\"},\"inLanguage\":\"en-US\",\"potentialAction\":[{\"@type\":\"ReadAction\",\"target\":[\"https:\/\/www.ceibcn.com\/en\/2014\/03\/presentacio-4\/\"]}]},{\"@type\":\"ImageObject\",\"inLanguage\":\"en-US\",\"@id\":\"https:\/\/www.ceibcn.com\/en\/2014\/03\/presentacio-4\/#primaryimage\",\"url\":\"https:\/\/www.ceibcn.com\/wp-content\/uploads\/2014\/03\/UE_422cat.png\",\"contentUrl\":\"https:\/\/www.ceibcn.com\/wp-content\/uploads\/2014\/03\/UE_422cat.png\",\"width\":530,\"height\":449,\"caption\":\"Curs sobre la Uni\u00f3 Europea\"},{\"@type\":\"BreadcrumbList\",\"@id\":\"https:\/\/www.ceibcn.com\/en\/2014\/03\/presentacio-4\/#breadcrumb\",\"itemListElement\":[{\"@type\":\"ListItem\",\"position\":1,\"name\":\"Portada\",\"item\":\"https:\/\/www.ceibcn.com\/en\/\"},{\"@type\":\"ListItem\",\"position\":2,\"name\":\"Presentaci\u00f3\"}]},{\"@type\":\"WebSite\",\"@id\":\"https:\/\/www.ceibcn.com\/en\/#website\",\"url\":\"https:\/\/www.ceibcn.com\/en\/\",\"name\":\"CEI International Affairs\",\"description\":\"CEI International Affairs\",\"publisher\":{\"@id\":\"https:\/\/www.ceibcn.com\/en\/#organization\"},\"alternateName\":\"CEI International Affairs\",\"potentialAction\":[{\"@type\":\"SearchAction\",\"target\":{\"@type\":\"EntryPoint\",\"urlTemplate\":\"https:\/\/www.ceibcn.com\/en\/?s={search_term_string}\"},\"query-input\":{\"@type\":\"PropertyValueSpecification\",\"valueRequired\":true,\"valueName\":\"search_term_string\"}}],\"inLanguage\":\"en-US\"},{\"@type\":\"Organization\",\"@id\":\"https:\/\/www.ceibcn.com\/en\/#organization\",\"name\":\"CEI International Affairs\",\"url\":\"https:\/\/www.ceibcn.com\/en\/\",\"logo\":{\"@type\":\"ImageObject\",\"inLanguage\":\"en-US\",\"@id\":\"https:\/\/www.ceibcn.com\/en\/#\/schema\/logo\/image\/\",\"url\":\"https:\/\/www.ceibcn.com\/wp-content\/uploads\/2021\/09\/CeiLogo_EscuelaDiploVectorized_vectorizedSIN_FONDO.png\",\"contentUrl\":\"https:\/\/www.ceibcn.com\/wp-content\/uploads\/2021\/09\/CeiLogo_EscuelaDiploVectorized_vectorizedSIN_FONDO.png\",\"width\":1591,\"height\":629,\"caption\":\"CEI International Affairs\"},\"image\":{\"@id\":\"https:\/\/www.ceibcn.com\/en\/#\/schema\/logo\/image\/\"},\"sameAs\":[\"https:\/\/www.facebook.com\/CEI.CentroDeEstudiosInternacionales\/\",\"https:\/\/x.com\/CEIbcn\",\"https:\/\/www.instagram.com\/cei_international\/\"]},{\"@type\":\"Person\",\"@id\":\"https:\/\/www.ceibcn.com\/en\/#\/schema\/person\/4ef9992ee2fbd3987a5e1834e5d5808d\",\"name\":\"Cristian Romero Velasco\",\"image\":{\"@type\":\"ImageObject\",\"inLanguage\":\"en-US\",\"@id\":\"https:\/\/www.ceibcn.com\/en\/#\/schema\/person\/image\/\",\"url\":\"https:\/\/secure.gravatar.com\/avatar\/d78c33ad7f1570635ae9c9cb6274fe682bd5872dfde7a5448127d7825dd90943?s=96&d=mm&r=g\",\"contentUrl\":\"https:\/\/secure.gravatar.com\/avatar\/d78c33ad7f1570635ae9c9cb6274fe682bd5872dfde7a5448127d7825dd90943?s=96&d=mm&r=g\",\"caption\":\"Cristian Romero Velasco\"},\"url\":\"https:\/\/www.ceibcn.com\/en\/author\/cristian\/\"}]}<\/script>\n<!-- \/ Yoast SEO plugin. -->","yoast_head_json":{"title":"Presentaci\u00f3 - CEI International Affairs","robots":{"index":"index","follow":"follow","max-snippet":"max-snippet:-1","max-image-preview":"max-image-preview:large","max-video-preview":"max-video-preview:-1"},"canonical":"https:\/\/www.ceibcn.com\/en\/2014\/03\/presentacio-4\/","og_locale":"en_US","og_type":"article","og_title":"Presentaci\u00f3 - CEI International Affairs","og_description":"El curs de la UE&nbsp;compta amb un gran prestigi que permet a l&#8217;estudiant assolir un alt grau d&#8217;especialitzaci\u00f3 en afers&nbsp;europeus. &nbsp; El curs est\u00e0 coorganitzat pel CEI International Affairs i Secretaria d\u2019Estat per la Uni\u00f3 Europea del Ministeri d\u2019Afers Exteriors, Uni\u00f3 Europea i Cooperaci\u00f3. Col\u00b7labora la Secretaria d\u2019Acci\u00f3 Exterior i de la Uni\u00f3 Europea de [&hellip;]","og_url":"https:\/\/www.ceibcn.com\/en\/2014\/03\/presentacio-4\/","og_site_name":"CEI International Affairs","article_publisher":"https:\/\/www.facebook.com\/CEI.CentroDeEstudiosInternacionales\/","article_published_time":"2014-03-05T09:19:42+00:00","og_image":[{"width":530,"height":449,"url":"https:\/\/www.ceibcn.com\/wp-content\/uploads\/2014\/03\/UE_422cat.png","type":"image\/png"}],"author":"Cristian Romero Velasco","twitter_card":"summary_large_image","twitter_creator":"@CEIbcn","twitter_site":"@CEIbcn","twitter_misc":{"Written by":"Cristian Romero Velasco","Est. reading time":"1 minute"},"schema":{"@context":"https:\/\/schema.org","@graph":[{"@type":"Article","@id":"https:\/\/www.ceibcn.com\/en\/2014\/03\/presentacio-4\/#article","isPartOf":{"@id":"https:\/\/www.ceibcn.com\/en\/2014\/03\/presentacio-4\/"},"author":{"name":"Cristian Romero Velasco","@id":"https:\/\/www.ceibcn.com\/en\/#\/schema\/person\/4ef9992ee2fbd3987a5e1834e5d5808d"},"headline":"Presentaci\u00f3","datePublished":"2014-03-05T09:19:42+00:00","mainEntityOfPage":{"@id":"https:\/\/www.ceibcn.com\/en\/2014\/03\/presentacio-4\/"},"wordCount":301,"commentCount":0,"publisher":{"@id":"https:\/\/www.ceibcn.com\/en\/#organization"},"image":{"@id":"https:\/\/www.ceibcn.com\/en\/2014\/03\/presentacio-4\/#primaryimage"},"thumbnailUrl":"https:\/\/www.ceibcn.com\/wp-content\/uploads\/2014\/03\/UE_422cat.png","articleSection":["Sin categor\u00eda"],"inLanguage":"en-US","potentialAction":[{"@type":"CommentAction","name":"Comment","target":["https:\/\/www.ceibcn.com\/en\/2014\/03\/presentacio-4\/#respond"]}]},{"@type":"WebPage","@id":"https:\/\/www.ceibcn.com\/en\/2014\/03\/presentacio-4\/","url":"https:\/\/www.ceibcn.com\/en\/2014\/03\/presentacio-4\/","name":"Presentaci\u00f3 - CEI International Affairs","isPartOf":{"@id":"https:\/\/www.ceibcn.com\/en\/#website"},"primaryImageOfPage":{"@id":"https:\/\/www.ceibcn.com\/en\/2014\/03\/presentacio-4\/#primaryimage"},"image":{"@id":"https:\/\/www.ceibcn.com\/en\/2014\/03\/presentacio-4\/#primaryimage"},"thumbnailUrl":"https:\/\/www.ceibcn.com\/wp-content\/uploads\/2014\/03\/UE_422cat.png","datePublished":"2014-03-05T09:19:42+00:00","breadcrumb":{"@id":"https:\/\/www.ceibcn.com\/en\/2014\/03\/presentacio-4\/#breadcrumb"},"inLanguage":"en-US","potentialAction":[{"@type":"ReadAction","target":["https:\/\/www.ceibcn.com\/en\/2014\/03\/presentacio-4\/"]}]},{"@type":"ImageObject","inLanguage":"en-US","@id":"https:\/\/www.ceibcn.com\/en\/2014\/03\/presentacio-4\/#primaryimage","url":"https:\/\/www.ceibcn.com\/wp-content\/uploads\/2014\/03\/UE_422cat.png","contentUrl":"https:\/\/www.ceibcn.com\/wp-content\/uploads\/2014\/03\/UE_422cat.png","width":530,"height":449,"caption":"Curs sobre la Uni\u00f3 Europea"},{"@type":"BreadcrumbList","@id":"https:\/\/www.ceibcn.com\/en\/2014\/03\/presentacio-4\/#breadcrumb","itemListElement":[{"@type":"ListItem","position":1,"name":"Portada","item":"https:\/\/www.ceibcn.com\/en\/"},{"@type":"ListItem","position":2,"name":"Presentaci\u00f3"}]},{"@type":"WebSite","@id":"https:\/\/www.ceibcn.com\/en\/#website","url":"https:\/\/www.ceibcn.com\/en\/","name":"CEI International Affairs","description":"CEI International Affairs","publisher":{"@id":"https:\/\/www.ceibcn.com\/en\/#organization"},"alternateName":"CEI International Affairs","potentialAction":[{"@type":"SearchAction","target":{"@type":"EntryPoint","urlTemplate":"https:\/\/www.ceibcn.com\/en\/?s={search_term_string}"},"query-input":{"@type":"PropertyValueSpecification","valueRequired":true,"valueName":"search_term_string"}}],"inLanguage":"en-US"},{"@type":"Organization","@id":"https:\/\/www.ceibcn.com\/en\/#organization","name":"CEI International Affairs","url":"https:\/\/www.ceibcn.com\/en\/","logo":{"@type":"ImageObject","inLanguage":"en-US","@id":"https:\/\/www.ceibcn.com\/en\/#\/schema\/logo\/image\/","url":"https:\/\/www.ceibcn.com\/wp-content\/uploads\/2021\/09\/CeiLogo_EscuelaDiploVectorized_vectorizedSIN_FONDO.png","contentUrl":"https:\/\/www.ceibcn.com\/wp-content\/uploads\/2021\/09\/CeiLogo_EscuelaDiploVectorized_vectorizedSIN_FONDO.png","width":1591,"height":629,"caption":"CEI International Affairs"},"image":{"@id":"https:\/\/www.ceibcn.com\/en\/#\/schema\/logo\/image\/"},"sameAs":["https:\/\/www.facebook.com\/CEI.CentroDeEstudiosInternacionales\/","https:\/\/x.com\/CEIbcn","https:\/\/www.instagram.com\/cei_international\/"]},{"@type":"Person","@id":"https:\/\/www.ceibcn.com\/en\/#\/schema\/person\/4ef9992ee2fbd3987a5e1834e5d5808d","name":"Cristian Romero Velasco","image":{"@type":"ImageObject","inLanguage":"en-US","@id":"https:\/\/www.ceibcn.com\/en\/#\/schema\/person\/image\/","url":"https:\/\/secure.gravatar.com\/avatar\/d78c33ad7f1570635ae9c9cb6274fe682bd5872dfde7a5448127d7825dd90943?s=96&d=mm&r=g","contentUrl":"https:\/\/secure.gravatar.com\/avatar\/d78c33ad7f1570635ae9c9cb6274fe682bd5872dfde7a5448127d7825dd90943?s=96&d=mm&r=g","caption":"Cristian Romero Velasco"},"url":"https:\/\/www.ceibcn.com\/en\/author\/cristian\/"}]}},"_links":{"self":[{"href":"https:\/\/www.ceibcn.com\/en\/wp-json\/wp\/v2\/posts\/1417","targetHints":{"allow":["GET"]}}],"collection":[{"href":"https:\/\/www.ceibcn.com\/en\/wp-json\/wp\/v2\/posts"}],"about":[{"href":"https:\/\/www.ceibcn.com\/en\/wp-json\/wp\/v2\/types\/post"}],"author":[{"embeddable":true,"href":"https:\/\/www.ceibcn.com\/en\/wp-json\/wp\/v2\/users\/6"}],"replies":[{"embeddable":true,"href":"https:\/\/www.ceibcn.com\/en\/wp-json\/wp\/v2\/comments?post=1417"}],"version-history":[{"count":0,"href":"https:\/\/www.ceibcn.com\/en\/wp-json\/wp\/v2\/posts\/1417\/revisions"}],"wp:featuredmedia":[{"embeddable":true,"href":"https:\/\/www.ceibcn.com\/en\/wp-json\/wp\/v2\/media\/1414"}],"wp:attachment":[{"href":"https:\/\/www.ceibcn.com\/en\/wp-json\/wp\/v2\/media?parent=1417"}],"wp:term":[{"taxonomy":"category","embeddable":true,"href":"https:\/\/www.ceibcn.com\/en\/wp-json\/wp\/v2\/categories?post=1417"},{"taxonomy":"post_tag","embeddable":true,"href":"https:\/\/www.ceibcn.com\/en\/wp-json\/wp\/v2\/tags?post=1417"}],"curies":[{"name":"wp","href":"https:\/\/api.w.org\/{rel}","templated":true}]}}