{"id":1442,"date":"2014-05-19T09:23:12","date_gmt":"2014-05-19T09:23:12","guid":{"rendered":"https:\/\/www.ceibcn.com\/2014\/05\/conferencia-sessio-india\/"},"modified":"2014-05-19T09:23:12","modified_gmt":"2014-05-19T09:23:12","slug":"conferencia-sessio-india","status":"publish","type":"post","link":"https:\/\/www.ceibcn.com\/en\/2014\/05\/conferencia-sessio-india\/","title":{"rendered":"Confer\u00e8ncia Sessi\u00f3 \u00cdndia"},"content":{"rendered":"<p><span lang=\"es\"><span title=\"Presentaci\u00f3\n\">Confer\u00e8ncia \u201cL&#8217;\u00cdndia: pot\u00e8ncia emergent-mercat emergit\u201d, a c\u00e0rrec de l&#8217;<span id=\"result_box\" lang=\"es\"><span title=\"L'Excm.\">Excm. <\/span><span title=\"Sr.\">Sr. <\/span><span title=\"Gustavo Manuel de Ar\u00edstegui y San Rom\u00e1n \u00e9s ambaixador d'Espanya a Nova Delhi des de l'any 2012. \u00c9s llicenciat en Dret i diplomat en Ci\u00e8ncies Jur\u00eddiques, des de que va comenzar la seva carrera diplom\u00e0tica al 1989, ha estat destinat i dedicat a\">Gustavo Manuel de Ar\u00edstegui y San Rom\u00e1n, ambaixador d&#8217;Espanya a Nova Delhi des de l&#8217;any 2012.<\/span><\/span><\/span><\/span><\/p>\n<p><!--more--><\/p>\n<h2>Presentaci\u00f3<\/h2>\n<div style=\"font-size-anulat: 12.5px; font-family-anulat: sans-serif; left: 614.536px; top: 670.63px;\" dir=\"ltr\" data-angle=\"0\" data-font-name=\"g_font_659_0\" data-canvas-width=\"310.6875\"><span style=\"font-family-anulat: arial,helvetica,sans-serif;\"><span style=\"font-family-anulat: arial,helvetica,sans-serif;\">La \u00cdndia \u00e9s una Rep\u00fablica parlament\u00e0ria que segueix un model de cort federal, amb un President escollit de manera indirecta. L&#8217;estabilitat regional \u00e9s vital per al pais, no obstant, tot i que<\/span><\/span> les negociacions han augmentat en els \u00faltims anys, encara no s&#8217;ha aconseguit arribar a acords que estabilitzin la zona.<\/div>\n<div style=\"font-size-anulat: 12.5px; font-family-anulat: sans-serif; left: 614.536px; top: 670.63px;\" dir=\"ltr\" data-angle=\"0\" data-font-name=\"g_font_659_0\" data-canvas-width=\"310.6875\">&nbsp;<\/div>\n<div style=\"font-size-anulat: 12.5px; font-family-anulat: sans-serif; left: 614.536px; top: 670.63px;\" dir=\"ltr\" data-angle=\"0\" data-font-name=\"g_font_659_0\" data-canvas-width=\"310.6875\">\n<div style=\"font-size-anulat: 12.5px; font-family-anulat: sans-serif; left: 506.411px; top: 945.592px;\" dir=\"ltr\" data-angle=\"0\" data-font-name=\"g_font_659_0\" data-canvas-width=\"418.85\">El pais t\u00e9 una alta proporci\u00f3 de terra cultivable (53,1% del seu territori segons dades del Banc Mundial, 2011), per\u00f2 presenta un important problema de abastament d&#8217;aigua, que tendeix a agravar-se per la contaminaci\u00f3 i el fort creixement demogr\u00e0fic.<\/div>\n<div style=\"font-size-anulat: 12.5px; font-family-anulat: sans-serif; left: 506.411px; top: 945.592px;\" dir=\"ltr\" data-angle=\"0\" data-font-name=\"g_font_659_0\" data-canvas-width=\"418.85\">&nbsp;<\/div>\n<div style=\"font-size-anulat: 12.5px; font-family-anulat: sans-serif; left: 506.411px; top: 945.592px;\" dir=\"ltr\" data-angle=\"0\" data-font-name=\"g_font_659_0\" data-canvas-width=\"418.85\"><span title=\"Parlem d\u2019aquest pa\u00eds amb l\u2019Excm.\">L&#8217;Excm. <\/span><span title=\"Sr.\">Sr. Gustavo Manuel de Ar\u00edstegui y San Rom\u00e1n \u00e9s a<\/span><span title=\"Luis Tejada Chac\u00f3n, ambaixador d'Espanya a Bangladesh des de l'any 2011.\">mbaixador d&#8217;Espanya a Nova Delhi des de l&#8217;any 2012. \u00c9<\/span><span title=\"\u00c9s llicenciat en Dret i, des de que va accedir a la Carrera Diplom\u00e0tica, ha estat destinat a les representacions diplom\u00e0tiques espanyoles a Gabon i S\u00edria.\">s llicenciat en Dret i diplomat en Ci\u00e8ncies Jur\u00eddiques, des de que va comenzar la seva carrera diplom\u00e0tica al 1989, ha estat destinat i s&#8217;ha dedicat a les representacions diplom\u00e0tiques espanyoles a l&#8217;Orient Mitj\u00e0.<br \/><\/span><\/div>\n<\/div>\n<p><span title=\"L'ambaixador Tejada explicar\u00e0 les relacions comercials que existeixen entre Espanya i Bangladesh fent una sessi\u00f3 de debat i reflexi\u00f3 sobre la conjuntura econ\u00f2mica d'aquest pa\u00eds i de les relacions diplom\u00e0tiques i econ\u00f2miques que existeixen amb Espanya i com es desenvolupen.\">L&#8217;Ambaixador Ar\u00edstegui explicar\u00e0 les relacions comercials que existeixen entre Espanya i la \u00cdndia amb una sessi\u00f3 de debat i reflexi\u00f3 sobre la cojuntura econ\u00f2mica d&#8217;aquest pais i de les relacions diplom\u00e0tiques i econ\u00f2miques que existeixen amb Espanya i com es desenvolupen.<\/span><\/p>\n<p>&nbsp;<\/p>\n<p><a href=\"http:\/\/www.exteriores.gob.es\/Documents\/FichasPais\/INDIA_FICHA%20PAIS.pdf\"><span title=\"L'ambaixador Tejada explicar\u00e0 les relacions comercials que existeixen entre Espanya i Bangladesh fent una sessi\u00f3 de debat i reflexi\u00f3 sobre la conjuntura econ\u00f2mica d'aquest pa\u00eds i de les relacions diplom\u00e0tiques i econ\u00f2miques que existeixen amb Espanya i com es desenvolupen.\">Veure la fitxa completa del pais<\/span><\/a><\/p>\n<p>&nbsp;<\/p>\n<h2>Confer\u00e8ncia<\/h2>\n<p><strong>Data: <\/strong>10\/06\/2014<\/p>\n<p><strong>Dirigida a:<\/strong> Obert a tot el p\u00fablic<\/p>\n<p><strong>Horari: <\/strong>18:00<\/p>\n<p><strong>Lloc: <\/strong>Casa \u00c0sia. Pabell\u00f3 de San Manuel, Recinte Modernista de Sant Pau. Carrer Sant Antoni Maria Claret, 167. 08025 Barcelona<\/p>\n<p><strong>Preu: <\/strong>Entrada lliure<strong><br \/><\/strong><\/p>\n<p><strong>Inscripci\u00f3:<\/strong> Per email a (<a href=\"mailto:economia@casaasia.es\">economia@casaasia.es<\/a>). Es necessari indicar el seu Nom, Cognoms i DNI o Passaport per a poder accedir al recinte.<\/p>\n<p><em>Atenci\u00f3: Per a poder accedir a la seu de Casa \u00c0sia, ser\u00e0 necessari identificar-se amb el DNI o Passaport indicat pr\u00e8viament a la inscripci\u00f3.<\/em><\/p>\n<p>&nbsp;<\/p>\n<p>M\u00e9s informaci\u00f3 <a href=\"http:\/\/www.casaasia.cat\/actividad\/detalle\/213554-encuentro-india-potencia-emergente-mercado-emergido?&amp;__utma=1.1020641413.1401784065.1401784065.1401784065.1&amp;__utmb=1.2.10.1401784065&amp;__utmc=1&amp;__utmx=-&amp;__utmz=1.1401784065.1.1.utmcsr=google|utmccn=%28organic%29|utmcmd=organic|utmctr=%28not%20provided%29&amp;__utmv=-&amp;__utmk=190189995\">aqu\u00ed<\/a><\/p>\n","protected":false},"excerpt":{"rendered":"<p>Confer\u00e8ncia \u201cL&#8217;\u00cdndia: pot\u00e8ncia emergent-mercat emergit\u201d, a c\u00e0rrec de l&#8217;Excm. Sr. Gustavo Manuel de Ar\u00edstegui y San Rom\u00e1n, ambaixador d&#8217;Espanya a Nova Delhi des de l&#8217;any 2012.<\/p>\n","protected":false},"author":6,"featured_media":0,"comment_status":"open","ping_status":"closed","sticky":false,"template":"","format":"standard","meta":{"_acf_changed":false,"_crdt_document":"","inline_featured_image":false,"footnotes":""},"categories":[25],"tags":[],"class_list":["post-1442","post","type-post","status-publish","format-standard","hentry","category-aula-internacional"],"acf":[],"yoast_head":"<!-- This site is optimized with the Yoast SEO plugin v27.0 - https:\/\/yoast.com\/product\/yoast-seo-wordpress\/ -->\n<title>Confer\u00e8ncia Sessi\u00f3 \u00cdndia - CEI International Affairs<\/title>\n<meta name=\"robots\" content=\"index, follow, max-snippet:-1, max-image-preview:large, max-video-preview:-1\" \/>\n<link rel=\"canonical\" href=\"https:\/\/www.ceibcn.com\/en\/2014\/05\/conferencia-sessio-india\/\" \/>\n<meta property=\"og:locale\" content=\"en_US\" \/>\n<meta property=\"og:type\" content=\"article\" \/>\n<meta property=\"og:title\" content=\"Confer\u00e8ncia Sessi\u00f3 \u00cdndia - CEI International Affairs\" \/>\n<meta property=\"og:description\" content=\"Confer\u00e8ncia \u201cL&#8217;\u00cdndia: pot\u00e8ncia emergent-mercat emergit\u201d, a c\u00e0rrec de l&#8217;Excm. Sr. Gustavo Manuel de Ar\u00edstegui y San Rom\u00e1n, ambaixador d&#8217;Espanya a Nova Delhi des de l&#8217;any 2012.\" \/>\n<meta property=\"og:url\" content=\"https:\/\/www.ceibcn.com\/en\/2014\/05\/conferencia-sessio-india\/\" \/>\n<meta property=\"og:site_name\" content=\"CEI International Affairs\" \/>\n<meta property=\"article:publisher\" content=\"https:\/\/www.facebook.com\/CEI.CentroDeEstudiosInternacionales\/\" \/>\n<meta property=\"article:published_time\" content=\"2014-05-19T09:23:12+00:00\" \/>\n<meta property=\"og:image\" content=\"https:\/\/www.ceibcn.com\/wp-content\/uploads\/2023\/01\/Logo-CEI.png\" \/>\n\t<meta property=\"og:image:width\" content=\"500\" \/>\n\t<meta property=\"og:image:height\" content=\"500\" \/>\n\t<meta property=\"og:image:type\" content=\"image\/png\" \/>\n<meta name=\"author\" content=\"Cristian Romero Velasco\" \/>\n<meta name=\"twitter:card\" content=\"summary_large_image\" \/>\n<meta name=\"twitter:creator\" content=\"@CEIbcn\" \/>\n<meta name=\"twitter:site\" content=\"@CEIbcn\" \/>\n<meta name=\"twitter:label1\" content=\"Written by\" \/>\n\t<meta name=\"twitter:data1\" content=\"Cristian Romero Velasco\" \/>\n\t<meta name=\"twitter:label2\" content=\"Est. reading time\" \/>\n\t<meta name=\"twitter:data2\" content=\"2 minutes\" \/>\n<script type=\"application\/ld+json\" class=\"yoast-schema-graph\">{\"@context\":\"https:\/\/schema.org\",\"@graph\":[{\"@type\":\"Article\",\"@id\":\"https:\/\/www.ceibcn.com\/en\/2014\/05\/conferencia-sessio-india\/#article\",\"isPartOf\":{\"@id\":\"https:\/\/www.ceibcn.com\/en\/2014\/05\/conferencia-sessio-india\/\"},\"author\":{\"name\":\"Cristian Romero Velasco\",\"@id\":\"https:\/\/www.ceibcn.com\/en\/#\/schema\/person\/4ef9992ee2fbd3987a5e1834e5d5808d\"},\"headline\":\"Confer\u00e8ncia Sessi\u00f3 \u00cdndia\",\"datePublished\":\"2014-05-19T09:23:12+00:00\",\"mainEntityOfPage\":{\"@id\":\"https:\/\/www.ceibcn.com\/en\/2014\/05\/conferencia-sessio-india\/\"},\"wordCount\":340,\"commentCount\":0,\"publisher\":{\"@id\":\"https:\/\/www.ceibcn.com\/en\/#organization\"},\"articleSection\":[\"Aula Internacional\"],\"inLanguage\":\"en-US\",\"potentialAction\":[{\"@type\":\"CommentAction\",\"name\":\"Comment\",\"target\":[\"https:\/\/www.ceibcn.com\/en\/2014\/05\/conferencia-sessio-india\/#respond\"]}]},{\"@type\":\"WebPage\",\"@id\":\"https:\/\/www.ceibcn.com\/en\/2014\/05\/conferencia-sessio-india\/\",\"url\":\"https:\/\/www.ceibcn.com\/en\/2014\/05\/conferencia-sessio-india\/\",\"name\":\"Confer\u00e8ncia Sessi\u00f3 \u00cdndia - CEI International Affairs\",\"isPartOf\":{\"@id\":\"https:\/\/www.ceibcn.com\/en\/#website\"},\"datePublished\":\"2014-05-19T09:23:12+00:00\",\"breadcrumb\":{\"@id\":\"https:\/\/www.ceibcn.com\/en\/2014\/05\/conferencia-sessio-india\/#breadcrumb\"},\"inLanguage\":\"en-US\",\"potentialAction\":[{\"@type\":\"ReadAction\",\"target\":[\"https:\/\/www.ceibcn.com\/en\/2014\/05\/conferencia-sessio-india\/\"]}]},{\"@type\":\"BreadcrumbList\",\"@id\":\"https:\/\/www.ceibcn.com\/en\/2014\/05\/conferencia-sessio-india\/#breadcrumb\",\"itemListElement\":[{\"@type\":\"ListItem\",\"position\":1,\"name\":\"Portada\",\"item\":\"https:\/\/www.ceibcn.com\/en\/\"},{\"@type\":\"ListItem\",\"position\":2,\"name\":\"Confer\u00e8ncia Sessi\u00f3 \u00cdndia\"}]},{\"@type\":\"WebSite\",\"@id\":\"https:\/\/www.ceibcn.com\/en\/#website\",\"url\":\"https:\/\/www.ceibcn.com\/en\/\",\"name\":\"CEI International Affairs\",\"description\":\"CEI International Affairs\",\"publisher\":{\"@id\":\"https:\/\/www.ceibcn.com\/en\/#organization\"},\"alternateName\":\"CEI International Affairs\",\"potentialAction\":[{\"@type\":\"SearchAction\",\"target\":{\"@type\":\"EntryPoint\",\"urlTemplate\":\"https:\/\/www.ceibcn.com\/en\/?s={search_term_string}\"},\"query-input\":{\"@type\":\"PropertyValueSpecification\",\"valueRequired\":true,\"valueName\":\"search_term_string\"}}],\"inLanguage\":\"en-US\"},{\"@type\":\"Organization\",\"@id\":\"https:\/\/www.ceibcn.com\/en\/#organization\",\"name\":\"CEI International Affairs\",\"url\":\"https:\/\/www.ceibcn.com\/en\/\",\"logo\":{\"@type\":\"ImageObject\",\"inLanguage\":\"en-US\",\"@id\":\"https:\/\/www.ceibcn.com\/en\/#\/schema\/logo\/image\/\",\"url\":\"https:\/\/www.ceibcn.com\/wp-content\/uploads\/2021\/09\/CeiLogo_EscuelaDiploVectorized_vectorizedSIN_FONDO.png\",\"contentUrl\":\"https:\/\/www.ceibcn.com\/wp-content\/uploads\/2021\/09\/CeiLogo_EscuelaDiploVectorized_vectorizedSIN_FONDO.png\",\"width\":1591,\"height\":629,\"caption\":\"CEI International Affairs\"},\"image\":{\"@id\":\"https:\/\/www.ceibcn.com\/en\/#\/schema\/logo\/image\/\"},\"sameAs\":[\"https:\/\/www.facebook.com\/CEI.CentroDeEstudiosInternacionales\/\",\"https:\/\/x.com\/CEIbcn\",\"https:\/\/www.instagram.com\/cei_international\/\"]},{\"@type\":\"Person\",\"@id\":\"https:\/\/www.ceibcn.com\/en\/#\/schema\/person\/4ef9992ee2fbd3987a5e1834e5d5808d\",\"name\":\"Cristian Romero Velasco\",\"image\":{\"@type\":\"ImageObject\",\"inLanguage\":\"en-US\",\"@id\":\"https:\/\/www.ceibcn.com\/en\/#\/schema\/person\/image\/\",\"url\":\"https:\/\/secure.gravatar.com\/avatar\/d78c33ad7f1570635ae9c9cb6274fe682bd5872dfde7a5448127d7825dd90943?s=96&d=mm&r=g\",\"contentUrl\":\"https:\/\/secure.gravatar.com\/avatar\/d78c33ad7f1570635ae9c9cb6274fe682bd5872dfde7a5448127d7825dd90943?s=96&d=mm&r=g\",\"caption\":\"Cristian Romero Velasco\"},\"url\":\"https:\/\/www.ceibcn.com\/en\/author\/cristian\/\"}]}<\/script>\n<!-- \/ Yoast SEO plugin. -->","yoast_head_json":{"title":"Confer\u00e8ncia Sessi\u00f3 \u00cdndia - CEI International Affairs","robots":{"index":"index","follow":"follow","max-snippet":"max-snippet:-1","max-image-preview":"max-image-preview:large","max-video-preview":"max-video-preview:-1"},"canonical":"https:\/\/www.ceibcn.com\/en\/2014\/05\/conferencia-sessio-india\/","og_locale":"en_US","og_type":"article","og_title":"Confer\u00e8ncia Sessi\u00f3 \u00cdndia - CEI International Affairs","og_description":"Confer\u00e8ncia \u201cL&#8217;\u00cdndia: pot\u00e8ncia emergent-mercat emergit\u201d, a c\u00e0rrec de l&#8217;Excm. Sr. Gustavo Manuel de Ar\u00edstegui y San Rom\u00e1n, ambaixador d&#8217;Espanya a Nova Delhi des de l&#8217;any 2012.","og_url":"https:\/\/www.ceibcn.com\/en\/2014\/05\/conferencia-sessio-india\/","og_site_name":"CEI International Affairs","article_publisher":"https:\/\/www.facebook.com\/CEI.CentroDeEstudiosInternacionales\/","article_published_time":"2014-05-19T09:23:12+00:00","og_image":[{"width":500,"height":500,"url":"https:\/\/www.ceibcn.com\/wp-content\/uploads\/2023\/01\/Logo-CEI.png","type":"image\/png"}],"author":"Cristian Romero Velasco","twitter_card":"summary_large_image","twitter_creator":"@CEIbcn","twitter_site":"@CEIbcn","twitter_misc":{"Written by":"Cristian Romero Velasco","Est. reading time":"2 minutes"},"schema":{"@context":"https:\/\/schema.org","@graph":[{"@type":"Article","@id":"https:\/\/www.ceibcn.com\/en\/2014\/05\/conferencia-sessio-india\/#article","isPartOf":{"@id":"https:\/\/www.ceibcn.com\/en\/2014\/05\/conferencia-sessio-india\/"},"author":{"name":"Cristian Romero Velasco","@id":"https:\/\/www.ceibcn.com\/en\/#\/schema\/person\/4ef9992ee2fbd3987a5e1834e5d5808d"},"headline":"Confer\u00e8ncia Sessi\u00f3 \u00cdndia","datePublished":"2014-05-19T09:23:12+00:00","mainEntityOfPage":{"@id":"https:\/\/www.ceibcn.com\/en\/2014\/05\/conferencia-sessio-india\/"},"wordCount":340,"commentCount":0,"publisher":{"@id":"https:\/\/www.ceibcn.com\/en\/#organization"},"articleSection":["Aula Internacional"],"inLanguage":"en-US","potentialAction":[{"@type":"CommentAction","name":"Comment","target":["https:\/\/www.ceibcn.com\/en\/2014\/05\/conferencia-sessio-india\/#respond"]}]},{"@type":"WebPage","@id":"https:\/\/www.ceibcn.com\/en\/2014\/05\/conferencia-sessio-india\/","url":"https:\/\/www.ceibcn.com\/en\/2014\/05\/conferencia-sessio-india\/","name":"Confer\u00e8ncia Sessi\u00f3 \u00cdndia - CEI International Affairs","isPartOf":{"@id":"https:\/\/www.ceibcn.com\/en\/#website"},"datePublished":"2014-05-19T09:23:12+00:00","breadcrumb":{"@id":"https:\/\/www.ceibcn.com\/en\/2014\/05\/conferencia-sessio-india\/#breadcrumb"},"inLanguage":"en-US","potentialAction":[{"@type":"ReadAction","target":["https:\/\/www.ceibcn.com\/en\/2014\/05\/conferencia-sessio-india\/"]}]},{"@type":"BreadcrumbList","@id":"https:\/\/www.ceibcn.com\/en\/2014\/05\/conferencia-sessio-india\/#breadcrumb","itemListElement":[{"@type":"ListItem","position":1,"name":"Portada","item":"https:\/\/www.ceibcn.com\/en\/"},{"@type":"ListItem","position":2,"name":"Confer\u00e8ncia Sessi\u00f3 \u00cdndia"}]},{"@type":"WebSite","@id":"https:\/\/www.ceibcn.com\/en\/#website","url":"https:\/\/www.ceibcn.com\/en\/","name":"CEI International Affairs","description":"CEI International Affairs","publisher":{"@id":"https:\/\/www.ceibcn.com\/en\/#organization"},"alternateName":"CEI International Affairs","potentialAction":[{"@type":"SearchAction","target":{"@type":"EntryPoint","urlTemplate":"https:\/\/www.ceibcn.com\/en\/?s={search_term_string}"},"query-input":{"@type":"PropertyValueSpecification","valueRequired":true,"valueName":"search_term_string"}}],"inLanguage":"en-US"},{"@type":"Organization","@id":"https:\/\/www.ceibcn.com\/en\/#organization","name":"CEI International Affairs","url":"https:\/\/www.ceibcn.com\/en\/","logo":{"@type":"ImageObject","inLanguage":"en-US","@id":"https:\/\/www.ceibcn.com\/en\/#\/schema\/logo\/image\/","url":"https:\/\/www.ceibcn.com\/wp-content\/uploads\/2021\/09\/CeiLogo_EscuelaDiploVectorized_vectorizedSIN_FONDO.png","contentUrl":"https:\/\/www.ceibcn.com\/wp-content\/uploads\/2021\/09\/CeiLogo_EscuelaDiploVectorized_vectorizedSIN_FONDO.png","width":1591,"height":629,"caption":"CEI International Affairs"},"image":{"@id":"https:\/\/www.ceibcn.com\/en\/#\/schema\/logo\/image\/"},"sameAs":["https:\/\/www.facebook.com\/CEI.CentroDeEstudiosInternacionales\/","https:\/\/x.com\/CEIbcn","https:\/\/www.instagram.com\/cei_international\/"]},{"@type":"Person","@id":"https:\/\/www.ceibcn.com\/en\/#\/schema\/person\/4ef9992ee2fbd3987a5e1834e5d5808d","name":"Cristian Romero Velasco","image":{"@type":"ImageObject","inLanguage":"en-US","@id":"https:\/\/www.ceibcn.com\/en\/#\/schema\/person\/image\/","url":"https:\/\/secure.gravatar.com\/avatar\/d78c33ad7f1570635ae9c9cb6274fe682bd5872dfde7a5448127d7825dd90943?s=96&d=mm&r=g","contentUrl":"https:\/\/secure.gravatar.com\/avatar\/d78c33ad7f1570635ae9c9cb6274fe682bd5872dfde7a5448127d7825dd90943?s=96&d=mm&r=g","caption":"Cristian Romero Velasco"},"url":"https:\/\/www.ceibcn.com\/en\/author\/cristian\/"}]}},"_links":{"self":[{"href":"https:\/\/www.ceibcn.com\/en\/wp-json\/wp\/v2\/posts\/1442","targetHints":{"allow":["GET"]}}],"collection":[{"href":"https:\/\/www.ceibcn.com\/en\/wp-json\/wp\/v2\/posts"}],"about":[{"href":"https:\/\/www.ceibcn.com\/en\/wp-json\/wp\/v2\/types\/post"}],"author":[{"embeddable":true,"href":"https:\/\/www.ceibcn.com\/en\/wp-json\/wp\/v2\/users\/6"}],"replies":[{"embeddable":true,"href":"https:\/\/www.ceibcn.com\/en\/wp-json\/wp\/v2\/comments?post=1442"}],"version-history":[{"count":0,"href":"https:\/\/www.ceibcn.com\/en\/wp-json\/wp\/v2\/posts\/1442\/revisions"}],"wp:attachment":[{"href":"https:\/\/www.ceibcn.com\/en\/wp-json\/wp\/v2\/media?parent=1442"}],"wp:term":[{"taxonomy":"category","embeddable":true,"href":"https:\/\/www.ceibcn.com\/en\/wp-json\/wp\/v2\/categories?post=1442"},{"taxonomy":"post_tag","embeddable":true,"href":"https:\/\/www.ceibcn.com\/en\/wp-json\/wp\/v2\/tags?post=1442"}],"curies":[{"name":"wp","href":"https:\/\/api.w.org\/{rel}","templated":true}]}}