{"id":1477,"date":"2014-07-10T09:50:46","date_gmt":"2014-07-10T09:50:46","guid":{"rendered":"https:\/\/www.ceibcn.com\/2014\/07\/firma-convenio-de-colaboracion\/"},"modified":"2014-07-10T09:50:46","modified_gmt":"2014-07-10T09:50:46","slug":"firma-convenio-de-colaboracion","status":"publish","type":"post","link":"https:\/\/www.ceibcn.com\/en\/2014\/07\/firma-convenio-de-colaboracion\/","title":{"rendered":"Firma Convenio de Colaboraci\u00f3n"},"content":{"rendered":"<p>El pasado mi\u00e9rcoles 9 de julio el CEI firm\u00f3 un nuevo convenio de colaboraci\u00f3n con la patronal Foment del Treball Nacional.<\/p>\n<p>El acuerdo marco permitir\u00e1 la colaboraci\u00f3n entre las partes y sus asociados y ayudar\u00e1 a fomentar las actividades y relaciones entre las dos entidades.<\/p>\n<p>Foment del Treball Nacional es una organizaci\u00f3n independiente, privada y sin \u00e1nimo de lucro que representa desde 1771 a los empresarios y la industria catalana. Dedican su labor a defender los intereses de los empresarios catalanes en general -y de los asociados en particular-, promoviendo un entorno favorable para la actividad productiva en di\u00e1logo con los poderes p\u00fablicos y los representantes de la sociedad civil.<\/p>\n<p style=\"text-align: center;\">&nbsp;<\/p>\n<p><img fetchpriority=\"high\" decoding=\"async\" class=\" size-full wp-image-1471\" style=\"display: block; margin-left: auto; margin-right: auto;\" src=\"https:\/\/www.ceibcn.com\/wp-content\/uploads\/2014\/07\/IMG_1517.JPG\" alt=\"IMG 1517\" width=\"325\" height=\"254\" srcset=\"https:\/\/www.ceibcn.com\/wp-content\/uploads\/2014\/07\/IMG_1517.JPG 800w, https:\/\/www.ceibcn.com\/wp-content\/uploads\/2014\/07\/IMG_1517-300x234.jpg 300w, https:\/\/www.ceibcn.com\/wp-content\/uploads\/2014\/07\/IMG_1517-768x599.jpg 768w, https:\/\/www.ceibcn.com\/wp-content\/uploads\/2014\/07\/IMG_1517-150x117.jpg 150w\" sizes=\"(max-width: 325px) 100vw, 325px\" \/>&nbsp;&nbsp;&nbsp;&nbsp; <img decoding=\"async\" class=\" size-full wp-image-1474\" style=\"display: block; margin-left: auto; margin-right: auto;\" src=\"https:\/\/www.ceibcn.com\/wp-content\/uploads\/2014\/07\/IMG_1544.JPG\" alt=\"IMG 1544\" width=\"277\" height=\"356\" srcset=\"https:\/\/www.ceibcn.com\/wp-content\/uploads\/2014\/07\/IMG_1544.JPG 800w, https:\/\/www.ceibcn.com\/wp-content\/uploads\/2014\/07\/IMG_1544-233x300.jpg 233w, https:\/\/www.ceibcn.com\/wp-content\/uploads\/2014\/07\/IMG_1544-768x988.jpg 768w, https:\/\/www.ceibcn.com\/wp-content\/uploads\/2014\/07\/IMG_1544-117x150.jpg 117w\" sizes=\"(max-width: 277px) 100vw, 277px\" \/><\/p>\n<p style=\"text-align: center;\">En las fotos: Antoni Millet i Abbad; Joan Pujol Segarra<\/p>\n","protected":false},"excerpt":{"rendered":"<p>El pasado mi\u00e9rcoles 9 de julio el CEI firm\u00f3 un nuevo convenio de colaboraci\u00f3n con la patronal Foment del Treball Nacional. El acuerdo marco permitir\u00e1 la colaboraci\u00f3n entre las partes y sus asociados y ayudar\u00e1 a fomentar las actividades y relaciones entre las dos entidades. Foment del Treball Nacional es una organizaci\u00f3n independiente, privada y [&hellip;]<\/p>\n","protected":false},"author":6,"featured_media":1471,"comment_status":"open","ping_status":"closed","sticky":false,"template":"","format":"standard","meta":{"_acf_changed":false,"_crdt_document":"","inline_featured_image":false,"footnotes":""},"categories":[1],"tags":[],"class_list":["post-1477","post","type-post","status-publish","format-standard","has-post-thumbnail","hentry","category-sin-categoria"],"acf":[],"yoast_head":"<!-- This site is optimized with the Yoast SEO plugin v27.0 - https:\/\/yoast.com\/product\/yoast-seo-wordpress\/ -->\n<title>Firma Convenio de Colaboraci\u00f3n - CEI International Affairs<\/title>\n<meta name=\"robots\" content=\"index, follow, max-snippet:-1, max-image-preview:large, max-video-preview:-1\" \/>\n<link rel=\"canonical\" href=\"https:\/\/www.ceibcn.com\/en\/2014\/07\/firma-convenio-de-colaboracion\/\" \/>\n<meta property=\"og:locale\" content=\"en_US\" \/>\n<meta property=\"og:type\" content=\"article\" \/>\n<meta property=\"og:title\" content=\"Firma Convenio de Colaboraci\u00f3n - CEI International Affairs\" \/>\n<meta property=\"og:description\" content=\"El pasado mi\u00e9rcoles 9 de julio el CEI firm\u00f3 un nuevo convenio de colaboraci\u00f3n con la patronal Foment del Treball Nacional. El acuerdo marco permitir\u00e1 la colaboraci\u00f3n entre las partes y sus asociados y ayudar\u00e1 a fomentar las actividades y relaciones entre las dos entidades. Foment del Treball Nacional es una organizaci\u00f3n independiente, privada y [&hellip;]\" \/>\n<meta property=\"og:url\" content=\"https:\/\/www.ceibcn.com\/en\/2014\/07\/firma-convenio-de-colaboracion\/\" \/>\n<meta property=\"og:site_name\" content=\"CEI International Affairs\" \/>\n<meta property=\"article:publisher\" content=\"https:\/\/www.facebook.com\/CEI.CentroDeEstudiosInternacionales\/\" \/>\n<meta property=\"article:published_time\" content=\"2014-07-10T09:50:46+00:00\" \/>\n<meta property=\"og:image\" content=\"https:\/\/www.ceibcn.com\/wp-content\/uploads\/2014\/07\/IMG_1517.JPG\" \/>\n\t<meta property=\"og:image:width\" content=\"800\" \/>\n\t<meta property=\"og:image:height\" content=\"624\" \/>\n\t<meta property=\"og:image:type\" content=\"image\/jpeg\" \/>\n<meta name=\"author\" content=\"Cristian Romero Velasco\" \/>\n<meta name=\"twitter:card\" content=\"summary_large_image\" \/>\n<meta name=\"twitter:creator\" content=\"@CEIbcn\" \/>\n<meta name=\"twitter:site\" content=\"@CEIbcn\" \/>\n<meta name=\"twitter:label1\" content=\"Written by\" \/>\n\t<meta name=\"twitter:data1\" content=\"Cristian Romero Velasco\" \/>\n\t<meta name=\"twitter:label2\" content=\"Est. reading time\" \/>\n\t<meta name=\"twitter:data2\" content=\"1 minute\" \/>\n<script type=\"application\/ld+json\" class=\"yoast-schema-graph\">{\"@context\":\"https:\/\/schema.org\",\"@graph\":[{\"@type\":\"Article\",\"@id\":\"https:\/\/www.ceibcn.com\/en\/2014\/07\/firma-convenio-de-colaboracion\/#article\",\"isPartOf\":{\"@id\":\"https:\/\/www.ceibcn.com\/en\/2014\/07\/firma-convenio-de-colaboracion\/\"},\"author\":{\"name\":\"Cristian Romero Velasco\",\"@id\":\"https:\/\/www.ceibcn.com\/en\/#\/schema\/person\/4ef9992ee2fbd3987a5e1834e5d5808d\"},\"headline\":\"Firma Convenio de Colaboraci\u00f3n\",\"datePublished\":\"2014-07-10T09:50:46+00:00\",\"mainEntityOfPage\":{\"@id\":\"https:\/\/www.ceibcn.com\/en\/2014\/07\/firma-convenio-de-colaboracion\/\"},\"wordCount\":134,\"commentCount\":0,\"publisher\":{\"@id\":\"https:\/\/www.ceibcn.com\/en\/#organization\"},\"image\":{\"@id\":\"https:\/\/www.ceibcn.com\/en\/2014\/07\/firma-convenio-de-colaboracion\/#primaryimage\"},\"thumbnailUrl\":\"https:\/\/www.ceibcn.com\/wp-content\/uploads\/2014\/07\/IMG_1517.JPG\",\"articleSection\":[\"Sin categor\u00eda\"],\"inLanguage\":\"en-US\",\"potentialAction\":[{\"@type\":\"CommentAction\",\"name\":\"Comment\",\"target\":[\"https:\/\/www.ceibcn.com\/en\/2014\/07\/firma-convenio-de-colaboracion\/#respond\"]}]},{\"@type\":\"WebPage\",\"@id\":\"https:\/\/www.ceibcn.com\/en\/2014\/07\/firma-convenio-de-colaboracion\/\",\"url\":\"https:\/\/www.ceibcn.com\/en\/2014\/07\/firma-convenio-de-colaboracion\/\",\"name\":\"Firma Convenio de Colaboraci\u00f3n - CEI International Affairs\",\"isPartOf\":{\"@id\":\"https:\/\/www.ceibcn.com\/en\/#website\"},\"primaryImageOfPage\":{\"@id\":\"https:\/\/www.ceibcn.com\/en\/2014\/07\/firma-convenio-de-colaboracion\/#primaryimage\"},\"image\":{\"@id\":\"https:\/\/www.ceibcn.com\/en\/2014\/07\/firma-convenio-de-colaboracion\/#primaryimage\"},\"thumbnailUrl\":\"https:\/\/www.ceibcn.com\/wp-content\/uploads\/2014\/07\/IMG_1517.JPG\",\"datePublished\":\"2014-07-10T09:50:46+00:00\",\"breadcrumb\":{\"@id\":\"https:\/\/www.ceibcn.com\/en\/2014\/07\/firma-convenio-de-colaboracion\/#breadcrumb\"},\"inLanguage\":\"en-US\",\"potentialAction\":[{\"@type\":\"ReadAction\",\"target\":[\"https:\/\/www.ceibcn.com\/en\/2014\/07\/firma-convenio-de-colaboracion\/\"]}]},{\"@type\":\"ImageObject\",\"inLanguage\":\"en-US\",\"@id\":\"https:\/\/www.ceibcn.com\/en\/2014\/07\/firma-convenio-de-colaboracion\/#primaryimage\",\"url\":\"https:\/\/www.ceibcn.com\/wp-content\/uploads\/2014\/07\/IMG_1517.JPG\",\"contentUrl\":\"https:\/\/www.ceibcn.com\/wp-content\/uploads\/2014\/07\/IMG_1517.JPG\",\"width\":800,\"height\":624,\"caption\":\"IMG 1517\"},{\"@type\":\"BreadcrumbList\",\"@id\":\"https:\/\/www.ceibcn.com\/en\/2014\/07\/firma-convenio-de-colaboracion\/#breadcrumb\",\"itemListElement\":[{\"@type\":\"ListItem\",\"position\":1,\"name\":\"Portada\",\"item\":\"https:\/\/www.ceibcn.com\/en\/\"},{\"@type\":\"ListItem\",\"position\":2,\"name\":\"Firma Convenio de Colaboraci\u00f3n\"}]},{\"@type\":\"WebSite\",\"@id\":\"https:\/\/www.ceibcn.com\/en\/#website\",\"url\":\"https:\/\/www.ceibcn.com\/en\/\",\"name\":\"CEI International Affairs\",\"description\":\"CEI International Affairs\",\"publisher\":{\"@id\":\"https:\/\/www.ceibcn.com\/en\/#organization\"},\"alternateName\":\"CEI International Affairs\",\"potentialAction\":[{\"@type\":\"SearchAction\",\"target\":{\"@type\":\"EntryPoint\",\"urlTemplate\":\"https:\/\/www.ceibcn.com\/en\/?s={search_term_string}\"},\"query-input\":{\"@type\":\"PropertyValueSpecification\",\"valueRequired\":true,\"valueName\":\"search_term_string\"}}],\"inLanguage\":\"en-US\"},{\"@type\":\"Organization\",\"@id\":\"https:\/\/www.ceibcn.com\/en\/#organization\",\"name\":\"CEI International Affairs\",\"url\":\"https:\/\/www.ceibcn.com\/en\/\",\"logo\":{\"@type\":\"ImageObject\",\"inLanguage\":\"en-US\",\"@id\":\"https:\/\/www.ceibcn.com\/en\/#\/schema\/logo\/image\/\",\"url\":\"https:\/\/www.ceibcn.com\/wp-content\/uploads\/2021\/09\/CeiLogo_EscuelaDiploVectorized_vectorizedSIN_FONDO.png\",\"contentUrl\":\"https:\/\/www.ceibcn.com\/wp-content\/uploads\/2021\/09\/CeiLogo_EscuelaDiploVectorized_vectorizedSIN_FONDO.png\",\"width\":1591,\"height\":629,\"caption\":\"CEI International Affairs\"},\"image\":{\"@id\":\"https:\/\/www.ceibcn.com\/en\/#\/schema\/logo\/image\/\"},\"sameAs\":[\"https:\/\/www.facebook.com\/CEI.CentroDeEstudiosInternacionales\/\",\"https:\/\/x.com\/CEIbcn\",\"https:\/\/www.instagram.com\/cei_international\/\"]},{\"@type\":\"Person\",\"@id\":\"https:\/\/www.ceibcn.com\/en\/#\/schema\/person\/4ef9992ee2fbd3987a5e1834e5d5808d\",\"name\":\"Cristian Romero Velasco\",\"image\":{\"@type\":\"ImageObject\",\"inLanguage\":\"en-US\",\"@id\":\"https:\/\/www.ceibcn.com\/en\/#\/schema\/person\/image\/\",\"url\":\"https:\/\/secure.gravatar.com\/avatar\/d78c33ad7f1570635ae9c9cb6274fe682bd5872dfde7a5448127d7825dd90943?s=96&d=mm&r=g\",\"contentUrl\":\"https:\/\/secure.gravatar.com\/avatar\/d78c33ad7f1570635ae9c9cb6274fe682bd5872dfde7a5448127d7825dd90943?s=96&d=mm&r=g\",\"caption\":\"Cristian Romero Velasco\"},\"url\":\"https:\/\/www.ceibcn.com\/en\/author\/cristian\/\"}]}<\/script>\n<!-- \/ Yoast SEO plugin. -->","yoast_head_json":{"title":"Firma Convenio de Colaboraci\u00f3n - CEI International Affairs","robots":{"index":"index","follow":"follow","max-snippet":"max-snippet:-1","max-image-preview":"max-image-preview:large","max-video-preview":"max-video-preview:-1"},"canonical":"https:\/\/www.ceibcn.com\/en\/2014\/07\/firma-convenio-de-colaboracion\/","og_locale":"en_US","og_type":"article","og_title":"Firma Convenio de Colaboraci\u00f3n - CEI International Affairs","og_description":"El pasado mi\u00e9rcoles 9 de julio el CEI firm\u00f3 un nuevo convenio de colaboraci\u00f3n con la patronal Foment del Treball Nacional. El acuerdo marco permitir\u00e1 la colaboraci\u00f3n entre las partes y sus asociados y ayudar\u00e1 a fomentar las actividades y relaciones entre las dos entidades. Foment del Treball Nacional es una organizaci\u00f3n independiente, privada y [&hellip;]","og_url":"https:\/\/www.ceibcn.com\/en\/2014\/07\/firma-convenio-de-colaboracion\/","og_site_name":"CEI International Affairs","article_publisher":"https:\/\/www.facebook.com\/CEI.CentroDeEstudiosInternacionales\/","article_published_time":"2014-07-10T09:50:46+00:00","og_image":[{"width":800,"height":624,"url":"https:\/\/www.ceibcn.com\/wp-content\/uploads\/2014\/07\/IMG_1517.JPG","type":"image\/jpeg"}],"author":"Cristian Romero Velasco","twitter_card":"summary_large_image","twitter_creator":"@CEIbcn","twitter_site":"@CEIbcn","twitter_misc":{"Written by":"Cristian Romero Velasco","Est. reading time":"1 minute"},"schema":{"@context":"https:\/\/schema.org","@graph":[{"@type":"Article","@id":"https:\/\/www.ceibcn.com\/en\/2014\/07\/firma-convenio-de-colaboracion\/#article","isPartOf":{"@id":"https:\/\/www.ceibcn.com\/en\/2014\/07\/firma-convenio-de-colaboracion\/"},"author":{"name":"Cristian Romero Velasco","@id":"https:\/\/www.ceibcn.com\/en\/#\/schema\/person\/4ef9992ee2fbd3987a5e1834e5d5808d"},"headline":"Firma Convenio de Colaboraci\u00f3n","datePublished":"2014-07-10T09:50:46+00:00","mainEntityOfPage":{"@id":"https:\/\/www.ceibcn.com\/en\/2014\/07\/firma-convenio-de-colaboracion\/"},"wordCount":134,"commentCount":0,"publisher":{"@id":"https:\/\/www.ceibcn.com\/en\/#organization"},"image":{"@id":"https:\/\/www.ceibcn.com\/en\/2014\/07\/firma-convenio-de-colaboracion\/#primaryimage"},"thumbnailUrl":"https:\/\/www.ceibcn.com\/wp-content\/uploads\/2014\/07\/IMG_1517.JPG","articleSection":["Sin categor\u00eda"],"inLanguage":"en-US","potentialAction":[{"@type":"CommentAction","name":"Comment","target":["https:\/\/www.ceibcn.com\/en\/2014\/07\/firma-convenio-de-colaboracion\/#respond"]}]},{"@type":"WebPage","@id":"https:\/\/www.ceibcn.com\/en\/2014\/07\/firma-convenio-de-colaboracion\/","url":"https:\/\/www.ceibcn.com\/en\/2014\/07\/firma-convenio-de-colaboracion\/","name":"Firma Convenio de Colaboraci\u00f3n - CEI International Affairs","isPartOf":{"@id":"https:\/\/www.ceibcn.com\/en\/#website"},"primaryImageOfPage":{"@id":"https:\/\/www.ceibcn.com\/en\/2014\/07\/firma-convenio-de-colaboracion\/#primaryimage"},"image":{"@id":"https:\/\/www.ceibcn.com\/en\/2014\/07\/firma-convenio-de-colaboracion\/#primaryimage"},"thumbnailUrl":"https:\/\/www.ceibcn.com\/wp-content\/uploads\/2014\/07\/IMG_1517.JPG","datePublished":"2014-07-10T09:50:46+00:00","breadcrumb":{"@id":"https:\/\/www.ceibcn.com\/en\/2014\/07\/firma-convenio-de-colaboracion\/#breadcrumb"},"inLanguage":"en-US","potentialAction":[{"@type":"ReadAction","target":["https:\/\/www.ceibcn.com\/en\/2014\/07\/firma-convenio-de-colaboracion\/"]}]},{"@type":"ImageObject","inLanguage":"en-US","@id":"https:\/\/www.ceibcn.com\/en\/2014\/07\/firma-convenio-de-colaboracion\/#primaryimage","url":"https:\/\/www.ceibcn.com\/wp-content\/uploads\/2014\/07\/IMG_1517.JPG","contentUrl":"https:\/\/www.ceibcn.com\/wp-content\/uploads\/2014\/07\/IMG_1517.JPG","width":800,"height":624,"caption":"IMG 1517"},{"@type":"BreadcrumbList","@id":"https:\/\/www.ceibcn.com\/en\/2014\/07\/firma-convenio-de-colaboracion\/#breadcrumb","itemListElement":[{"@type":"ListItem","position":1,"name":"Portada","item":"https:\/\/www.ceibcn.com\/en\/"},{"@type":"ListItem","position":2,"name":"Firma Convenio de Colaboraci\u00f3n"}]},{"@type":"WebSite","@id":"https:\/\/www.ceibcn.com\/en\/#website","url":"https:\/\/www.ceibcn.com\/en\/","name":"CEI International Affairs","description":"CEI International Affairs","publisher":{"@id":"https:\/\/www.ceibcn.com\/en\/#organization"},"alternateName":"CEI International Affairs","potentialAction":[{"@type":"SearchAction","target":{"@type":"EntryPoint","urlTemplate":"https:\/\/www.ceibcn.com\/en\/?s={search_term_string}"},"query-input":{"@type":"PropertyValueSpecification","valueRequired":true,"valueName":"search_term_string"}}],"inLanguage":"en-US"},{"@type":"Organization","@id":"https:\/\/www.ceibcn.com\/en\/#organization","name":"CEI International Affairs","url":"https:\/\/www.ceibcn.com\/en\/","logo":{"@type":"ImageObject","inLanguage":"en-US","@id":"https:\/\/www.ceibcn.com\/en\/#\/schema\/logo\/image\/","url":"https:\/\/www.ceibcn.com\/wp-content\/uploads\/2021\/09\/CeiLogo_EscuelaDiploVectorized_vectorizedSIN_FONDO.png","contentUrl":"https:\/\/www.ceibcn.com\/wp-content\/uploads\/2021\/09\/CeiLogo_EscuelaDiploVectorized_vectorizedSIN_FONDO.png","width":1591,"height":629,"caption":"CEI International Affairs"},"image":{"@id":"https:\/\/www.ceibcn.com\/en\/#\/schema\/logo\/image\/"},"sameAs":["https:\/\/www.facebook.com\/CEI.CentroDeEstudiosInternacionales\/","https:\/\/x.com\/CEIbcn","https:\/\/www.instagram.com\/cei_international\/"]},{"@type":"Person","@id":"https:\/\/www.ceibcn.com\/en\/#\/schema\/person\/4ef9992ee2fbd3987a5e1834e5d5808d","name":"Cristian Romero Velasco","image":{"@type":"ImageObject","inLanguage":"en-US","@id":"https:\/\/www.ceibcn.com\/en\/#\/schema\/person\/image\/","url":"https:\/\/secure.gravatar.com\/avatar\/d78c33ad7f1570635ae9c9cb6274fe682bd5872dfde7a5448127d7825dd90943?s=96&d=mm&r=g","contentUrl":"https:\/\/secure.gravatar.com\/avatar\/d78c33ad7f1570635ae9c9cb6274fe682bd5872dfde7a5448127d7825dd90943?s=96&d=mm&r=g","caption":"Cristian Romero Velasco"},"url":"https:\/\/www.ceibcn.com\/en\/author\/cristian\/"}]}},"_links":{"self":[{"href":"https:\/\/www.ceibcn.com\/en\/wp-json\/wp\/v2\/posts\/1477","targetHints":{"allow":["GET"]}}],"collection":[{"href":"https:\/\/www.ceibcn.com\/en\/wp-json\/wp\/v2\/posts"}],"about":[{"href":"https:\/\/www.ceibcn.com\/en\/wp-json\/wp\/v2\/types\/post"}],"author":[{"embeddable":true,"href":"https:\/\/www.ceibcn.com\/en\/wp-json\/wp\/v2\/users\/6"}],"replies":[{"embeddable":true,"href":"https:\/\/www.ceibcn.com\/en\/wp-json\/wp\/v2\/comments?post=1477"}],"version-history":[{"count":0,"href":"https:\/\/www.ceibcn.com\/en\/wp-json\/wp\/v2\/posts\/1477\/revisions"}],"wp:featuredmedia":[{"embeddable":true,"href":"https:\/\/www.ceibcn.com\/en\/wp-json\/wp\/v2\/media\/1471"}],"wp:attachment":[{"href":"https:\/\/www.ceibcn.com\/en\/wp-json\/wp\/v2\/media?parent=1477"}],"wp:term":[{"taxonomy":"category","embeddable":true,"href":"https:\/\/www.ceibcn.com\/en\/wp-json\/wp\/v2\/categories?post=1477"},{"taxonomy":"post_tag","embeddable":true,"href":"https:\/\/www.ceibcn.com\/en\/wp-json\/wp\/v2\/tags?post=1477"}],"curies":[{"name":"wp","href":"https:\/\/api.w.org\/{rel}","templated":true}]}}