{"id":1501,"date":"2014-09-05T10:21:15","date_gmt":"2014-09-05T10:21:15","guid":{"rendered":"https:\/\/www.ceibcn.com\/2014\/09\/conferencia-sessio-etiopia\/"},"modified":"2014-09-05T10:21:15","modified_gmt":"2014-09-05T10:21:15","slug":"conferencia-sessio-etiopia","status":"publish","type":"post","link":"https:\/\/www.ceibcn.com\/en\/2014\/09\/conferencia-sessio-etiopia\/","title":{"rendered":"Confer\u00e8ncia Sessi\u00f3 Eti\u00f2pia"},"content":{"rendered":"<p>El proper 30 de setembre de 2014, l&#8217;ambaixador d&#8217;Espanya a Eti\u00f2pia oferir\u00e0 una confer\u00e8ncia sobre el pa\u00eds afric\u00e0 i la seva situaci\u00f3 actual.<\/p>\n<p><!--more--><\/p>\n<h2>Presentaci\u00f3<\/h2>\n<p style=\"margin-bottom: 0.0001pt; line-height: normal;\"><span style=\"font-size-anulat: 9.5pt; font-family-anulat: arial,helvetica,sans-serif;\">Eti\u00f2pia \u00e9s una Rep\u00fablica Federal basada en els principis de la constituci\u00f3 aprobada al 1994, que estableix un sistema parlamentari bicameral. Tant a nivell federal com regional es reconeix l&#8217;exist\u00e8ncia d&#8217;un poder executiu, legislatiu i judicial. <\/span><\/p>\n<p style=\"margin-bottom: 0.0001pt; line-height: normal;\">&nbsp;<\/p>\n<p style=\"margin-bottom: 0.0001pt; line-height: normal;\"><span style=\"font-size-anulat: 9.5pt; font-family-anulat: arial,helvetica,sans-serif;\">L&#8217;etnicitat \u00e9s un aspecte clau de la Constituci\u00f3 del 94, establint-se fins i tot a la Carta Magna el dret a la secessi\u00f3. La Rep\u00fablica Federal de Eti\u00f2pia est\u00e0 constitu\u00efda per nou estats federats en funci\u00f3 dels grups \u00e8tnics.<\/span><\/p>\n<p style=\"margin-bottom: 0.0001pt; line-height: normal;\">&nbsp;<\/p>\n<p style=\"margin-bottom: 0.0001pt; line-height: normal;\"><span style=\"font-size-anulat: 9.5pt; font-family-anulat: arial,helvetica,sans-serif;\">La pol\u00edtica exterior de Eti\u00f2pia est\u00e0 marcada per tres questions de gran trascend\u00e8ncia interna: la recerca de l&#8217;estabilitat a la regi\u00f3, el desenvolupament econ\u00f2mico del pa\u00eds i el Nil com a factor de desenvolupament.<\/span><\/p>\n<p style=\"margin-bottom: 0.0001pt; line-height: normal;\"><span style=\"font-size-anulat: 9.5pt; font-family-anulat: arial,helvetica,sans-serif;\">Eti\u00f2pia \u00e9s un dels pa\u00edsos africans de major creixement anual al llarg dels \u00faltims deu anys. El denominat Pl\u00e0 de Transformaci\u00f3 i Creixement, llan\u00e7at al 2010, \u00e9s el document que inspira a la actualitat el creixement econ\u00f2mic d&#8217;Eti\u00f2pia, basat en el refor\u00e7 de l&#8217;agricultura, l&#8217;electrificaci\u00f3 del pa\u00eds, la construcci\u00f3 de grans eixos de comunicaci\u00f3 vertebradors del pa\u00eds i la industrializaci\u00f3 orientada a l&#8217;exportaci\u00f3 i la sustituci\u00f3n d&#8217;importacions. <\/span><\/p>\n<p>&nbsp;<\/p>\n<p><span style=\"font-size-anulat: 9.5pt; line-height: 115%; font-family-anulat: arial,helvetica,sans-serif;\">L&#8217;Excm. Sr. Miguel \u00c1ngel Fern\u00e1ndez-Palacios Mart\u00ednez, ambaixador d&#8217;Espanya a Addis Abeba, exposar\u00e0 la situaci\u00f3 actual econ\u00f2mica, pol\u00edtica i social del pa\u00eds afric\u00e0 i la seva relaci\u00f3 amb l&#8217;estat espanyol a nivell comercial i diplom\u00e0tic.<\/span><\/p>\n<p>&nbsp;<\/p>\n<p><a href=\"https:\/\/www.ceibcn.com\/wp-content\/uploads\/2014\/09\/ETIOPIA_FICHA_PAIS.pdf\"><span style=\"font-size-anulat: 9.5pt; line-height: 115%; font-family-anulat: arial,helvetica,sans-serif;\">Veure la fitxa completa del pa\u00eds<\/span><\/a><\/p>\n<p><a href=\"https:\/\/www.ceibcn.com\/wp-content\/uploads\/2014\/09\/CV_EMBAJADOR.pdf\"><span style=\"font-size-anulat: 9.5pt; line-height: 115%; font-family-anulat: arial,helvetica,sans-serif;\">CV del conferenciant<\/span><\/a><\/p>\n<p>&nbsp;<\/p>\n<h2>Confer\u00e8ncia<\/h2>\n<p><span title=\"Data: 26\/11\/2013\"><strong>Data:<\/strong> 30\/09\/2014<\/span><\/p>\n<p><span title=\"Dirigida a: XXX\"><strong>Dirigida a:<\/strong> Obert a tot el p\u00fablic<br \/><\/span><\/p>\n<p><span title=\"Sessi\u00f3 de mat\u00ed: de 13:30h.\"><strong>Horari:<\/strong> <\/span><span title=\"a 16:00h.\">16:30 h.<\/span><\/p>\n<p><span title=\"Vallvidrera, 25, Barcelona.\"><strong>Lloc:<\/strong> CEI International Affairs. Avinguda Vallvidrera, 25. 08017 Barcelona<br \/><\/span><\/p>\n<p><span style=\"font-size-anulat: 9.5pt; line-height: 115%; font-family-anulat: arial,helvetica,sans-serif;\"><span title=\"Es prega confirmaci\u00f3 abans del XXX a la Sra.\"><strong>Inscripci\u00f3:<\/strong> Via email a (info@ceibcn.com) o via telef\u00f2nica (93 205 45 16) fins les 13:00 hores del dia 30 de setembre de 2014<\/span><\/span><\/p>\n","protected":false},"excerpt":{"rendered":"<p>El proper 30 de setembre de 2014, l&#8217;ambaixador d&#8217;Espanya a Eti\u00f2pia oferir\u00e0 una confer\u00e8ncia sobre el pa\u00eds afric\u00e0 i la seva situaci\u00f3 actual.<\/p>\n","protected":false},"author":6,"featured_media":0,"comment_status":"open","ping_status":"closed","sticky":false,"template":"","format":"standard","meta":{"_acf_changed":false,"_crdt_document":"","inline_featured_image":false,"footnotes":""},"categories":[25],"tags":[],"class_list":["post-1501","post","type-post","status-publish","format-standard","hentry","category-aula-internacional"],"acf":[],"yoast_head":"<!-- This site is optimized with the Yoast SEO plugin v27.0 - https:\/\/yoast.com\/product\/yoast-seo-wordpress\/ -->\n<title>Confer\u00e8ncia Sessi\u00f3 Eti\u00f2pia - CEI International Affairs<\/title>\n<meta name=\"robots\" content=\"index, follow, max-snippet:-1, max-image-preview:large, max-video-preview:-1\" \/>\n<link rel=\"canonical\" href=\"https:\/\/www.ceibcn.com\/en\/2014\/09\/conferencia-sessio-etiopia\/\" \/>\n<meta property=\"og:locale\" content=\"en_US\" \/>\n<meta property=\"og:type\" content=\"article\" \/>\n<meta property=\"og:title\" content=\"Confer\u00e8ncia Sessi\u00f3 Eti\u00f2pia - CEI International Affairs\" \/>\n<meta property=\"og:description\" content=\"El proper 30 de setembre de 2014, l&#8217;ambaixador d&#8217;Espanya a Eti\u00f2pia oferir\u00e0 una confer\u00e8ncia sobre el pa\u00eds afric\u00e0 i la seva situaci\u00f3 actual.\" \/>\n<meta property=\"og:url\" content=\"https:\/\/www.ceibcn.com\/en\/2014\/09\/conferencia-sessio-etiopia\/\" \/>\n<meta property=\"og:site_name\" content=\"CEI International Affairs\" \/>\n<meta property=\"article:publisher\" content=\"https:\/\/www.facebook.com\/CEI.CentroDeEstudiosInternacionales\/\" \/>\n<meta property=\"article:published_time\" content=\"2014-09-05T10:21:15+00:00\" \/>\n<meta property=\"og:image\" content=\"https:\/\/www.ceibcn.com\/wp-content\/uploads\/2023\/01\/Logo-CEI.png\" \/>\n\t<meta property=\"og:image:width\" content=\"500\" \/>\n\t<meta property=\"og:image:height\" content=\"500\" \/>\n\t<meta property=\"og:image:type\" content=\"image\/png\" \/>\n<meta name=\"author\" content=\"Cristian Romero Velasco\" \/>\n<meta name=\"twitter:card\" content=\"summary_large_image\" \/>\n<meta name=\"twitter:creator\" content=\"@CEIbcn\" \/>\n<meta name=\"twitter:site\" content=\"@CEIbcn\" \/>\n<meta name=\"twitter:label1\" content=\"Written by\" \/>\n\t<meta name=\"twitter:data1\" content=\"Cristian Romero Velasco\" \/>\n\t<meta name=\"twitter:label2\" content=\"Est. reading time\" \/>\n\t<meta name=\"twitter:data2\" content=\"2 minutes\" \/>\n<script type=\"application\/ld+json\" class=\"yoast-schema-graph\">{\"@context\":\"https:\/\/schema.org\",\"@graph\":[{\"@type\":\"Article\",\"@id\":\"https:\/\/www.ceibcn.com\/en\/2014\/09\/conferencia-sessio-etiopia\/#article\",\"isPartOf\":{\"@id\":\"https:\/\/www.ceibcn.com\/en\/2014\/09\/conferencia-sessio-etiopia\/\"},\"author\":{\"name\":\"Cristian Romero Velasco\",\"@id\":\"https:\/\/www.ceibcn.com\/en\/#\/schema\/person\/4ef9992ee2fbd3987a5e1834e5d5808d\"},\"headline\":\"Confer\u00e8ncia Sessi\u00f3 Eti\u00f2pia\",\"datePublished\":\"2014-09-05T10:21:15+00:00\",\"mainEntityOfPage\":{\"@id\":\"https:\/\/www.ceibcn.com\/en\/2014\/09\/conferencia-sessio-etiopia\/\"},\"wordCount\":330,\"commentCount\":0,\"publisher\":{\"@id\":\"https:\/\/www.ceibcn.com\/en\/#organization\"},\"articleSection\":[\"Aula Internacional\"],\"inLanguage\":\"en-US\",\"potentialAction\":[{\"@type\":\"CommentAction\",\"name\":\"Comment\",\"target\":[\"https:\/\/www.ceibcn.com\/en\/2014\/09\/conferencia-sessio-etiopia\/#respond\"]}]},{\"@type\":\"WebPage\",\"@id\":\"https:\/\/www.ceibcn.com\/en\/2014\/09\/conferencia-sessio-etiopia\/\",\"url\":\"https:\/\/www.ceibcn.com\/en\/2014\/09\/conferencia-sessio-etiopia\/\",\"name\":\"Confer\u00e8ncia Sessi\u00f3 Eti\u00f2pia - CEI International Affairs\",\"isPartOf\":{\"@id\":\"https:\/\/www.ceibcn.com\/en\/#website\"},\"datePublished\":\"2014-09-05T10:21:15+00:00\",\"breadcrumb\":{\"@id\":\"https:\/\/www.ceibcn.com\/en\/2014\/09\/conferencia-sessio-etiopia\/#breadcrumb\"},\"inLanguage\":\"en-US\",\"potentialAction\":[{\"@type\":\"ReadAction\",\"target\":[\"https:\/\/www.ceibcn.com\/en\/2014\/09\/conferencia-sessio-etiopia\/\"]}]},{\"@type\":\"BreadcrumbList\",\"@id\":\"https:\/\/www.ceibcn.com\/en\/2014\/09\/conferencia-sessio-etiopia\/#breadcrumb\",\"itemListElement\":[{\"@type\":\"ListItem\",\"position\":1,\"name\":\"Portada\",\"item\":\"https:\/\/www.ceibcn.com\/en\/\"},{\"@type\":\"ListItem\",\"position\":2,\"name\":\"Confer\u00e8ncia Sessi\u00f3 Eti\u00f2pia\"}]},{\"@type\":\"WebSite\",\"@id\":\"https:\/\/www.ceibcn.com\/en\/#website\",\"url\":\"https:\/\/www.ceibcn.com\/en\/\",\"name\":\"CEI International Affairs\",\"description\":\"CEI International Affairs\",\"publisher\":{\"@id\":\"https:\/\/www.ceibcn.com\/en\/#organization\"},\"alternateName\":\"CEI International Affairs\",\"potentialAction\":[{\"@type\":\"SearchAction\",\"target\":{\"@type\":\"EntryPoint\",\"urlTemplate\":\"https:\/\/www.ceibcn.com\/en\/?s={search_term_string}\"},\"query-input\":{\"@type\":\"PropertyValueSpecification\",\"valueRequired\":true,\"valueName\":\"search_term_string\"}}],\"inLanguage\":\"en-US\"},{\"@type\":\"Organization\",\"@id\":\"https:\/\/www.ceibcn.com\/en\/#organization\",\"name\":\"CEI International Affairs\",\"url\":\"https:\/\/www.ceibcn.com\/en\/\",\"logo\":{\"@type\":\"ImageObject\",\"inLanguage\":\"en-US\",\"@id\":\"https:\/\/www.ceibcn.com\/en\/#\/schema\/logo\/image\/\",\"url\":\"https:\/\/www.ceibcn.com\/wp-content\/uploads\/2021\/09\/CeiLogo_EscuelaDiploVectorized_vectorizedSIN_FONDO.png\",\"contentUrl\":\"https:\/\/www.ceibcn.com\/wp-content\/uploads\/2021\/09\/CeiLogo_EscuelaDiploVectorized_vectorizedSIN_FONDO.png\",\"width\":1591,\"height\":629,\"caption\":\"CEI International Affairs\"},\"image\":{\"@id\":\"https:\/\/www.ceibcn.com\/en\/#\/schema\/logo\/image\/\"},\"sameAs\":[\"https:\/\/www.facebook.com\/CEI.CentroDeEstudiosInternacionales\/\",\"https:\/\/x.com\/CEIbcn\",\"https:\/\/www.instagram.com\/cei_international\/\"]},{\"@type\":\"Person\",\"@id\":\"https:\/\/www.ceibcn.com\/en\/#\/schema\/person\/4ef9992ee2fbd3987a5e1834e5d5808d\",\"name\":\"Cristian Romero Velasco\",\"image\":{\"@type\":\"ImageObject\",\"inLanguage\":\"en-US\",\"@id\":\"https:\/\/www.ceibcn.com\/en\/#\/schema\/person\/image\/\",\"url\":\"https:\/\/secure.gravatar.com\/avatar\/d78c33ad7f1570635ae9c9cb6274fe682bd5872dfde7a5448127d7825dd90943?s=96&d=mm&r=g\",\"contentUrl\":\"https:\/\/secure.gravatar.com\/avatar\/d78c33ad7f1570635ae9c9cb6274fe682bd5872dfde7a5448127d7825dd90943?s=96&d=mm&r=g\",\"caption\":\"Cristian Romero Velasco\"},\"url\":\"https:\/\/www.ceibcn.com\/en\/author\/cristian\/\"}]}<\/script>\n<!-- \/ Yoast SEO plugin. -->","yoast_head_json":{"title":"Confer\u00e8ncia Sessi\u00f3 Eti\u00f2pia - CEI International Affairs","robots":{"index":"index","follow":"follow","max-snippet":"max-snippet:-1","max-image-preview":"max-image-preview:large","max-video-preview":"max-video-preview:-1"},"canonical":"https:\/\/www.ceibcn.com\/en\/2014\/09\/conferencia-sessio-etiopia\/","og_locale":"en_US","og_type":"article","og_title":"Confer\u00e8ncia Sessi\u00f3 Eti\u00f2pia - CEI International Affairs","og_description":"El proper 30 de setembre de 2014, l&#8217;ambaixador d&#8217;Espanya a Eti\u00f2pia oferir\u00e0 una confer\u00e8ncia sobre el pa\u00eds afric\u00e0 i la seva situaci\u00f3 actual.","og_url":"https:\/\/www.ceibcn.com\/en\/2014\/09\/conferencia-sessio-etiopia\/","og_site_name":"CEI International Affairs","article_publisher":"https:\/\/www.facebook.com\/CEI.CentroDeEstudiosInternacionales\/","article_published_time":"2014-09-05T10:21:15+00:00","og_image":[{"width":500,"height":500,"url":"https:\/\/www.ceibcn.com\/wp-content\/uploads\/2023\/01\/Logo-CEI.png","type":"image\/png"}],"author":"Cristian Romero Velasco","twitter_card":"summary_large_image","twitter_creator":"@CEIbcn","twitter_site":"@CEIbcn","twitter_misc":{"Written by":"Cristian Romero Velasco","Est. reading time":"2 minutes"},"schema":{"@context":"https:\/\/schema.org","@graph":[{"@type":"Article","@id":"https:\/\/www.ceibcn.com\/en\/2014\/09\/conferencia-sessio-etiopia\/#article","isPartOf":{"@id":"https:\/\/www.ceibcn.com\/en\/2014\/09\/conferencia-sessio-etiopia\/"},"author":{"name":"Cristian Romero Velasco","@id":"https:\/\/www.ceibcn.com\/en\/#\/schema\/person\/4ef9992ee2fbd3987a5e1834e5d5808d"},"headline":"Confer\u00e8ncia Sessi\u00f3 Eti\u00f2pia","datePublished":"2014-09-05T10:21:15+00:00","mainEntityOfPage":{"@id":"https:\/\/www.ceibcn.com\/en\/2014\/09\/conferencia-sessio-etiopia\/"},"wordCount":330,"commentCount":0,"publisher":{"@id":"https:\/\/www.ceibcn.com\/en\/#organization"},"articleSection":["Aula Internacional"],"inLanguage":"en-US","potentialAction":[{"@type":"CommentAction","name":"Comment","target":["https:\/\/www.ceibcn.com\/en\/2014\/09\/conferencia-sessio-etiopia\/#respond"]}]},{"@type":"WebPage","@id":"https:\/\/www.ceibcn.com\/en\/2014\/09\/conferencia-sessio-etiopia\/","url":"https:\/\/www.ceibcn.com\/en\/2014\/09\/conferencia-sessio-etiopia\/","name":"Confer\u00e8ncia Sessi\u00f3 Eti\u00f2pia - CEI International Affairs","isPartOf":{"@id":"https:\/\/www.ceibcn.com\/en\/#website"},"datePublished":"2014-09-05T10:21:15+00:00","breadcrumb":{"@id":"https:\/\/www.ceibcn.com\/en\/2014\/09\/conferencia-sessio-etiopia\/#breadcrumb"},"inLanguage":"en-US","potentialAction":[{"@type":"ReadAction","target":["https:\/\/www.ceibcn.com\/en\/2014\/09\/conferencia-sessio-etiopia\/"]}]},{"@type":"BreadcrumbList","@id":"https:\/\/www.ceibcn.com\/en\/2014\/09\/conferencia-sessio-etiopia\/#breadcrumb","itemListElement":[{"@type":"ListItem","position":1,"name":"Portada","item":"https:\/\/www.ceibcn.com\/en\/"},{"@type":"ListItem","position":2,"name":"Confer\u00e8ncia Sessi\u00f3 Eti\u00f2pia"}]},{"@type":"WebSite","@id":"https:\/\/www.ceibcn.com\/en\/#website","url":"https:\/\/www.ceibcn.com\/en\/","name":"CEI International Affairs","description":"CEI International Affairs","publisher":{"@id":"https:\/\/www.ceibcn.com\/en\/#organization"},"alternateName":"CEI International Affairs","potentialAction":[{"@type":"SearchAction","target":{"@type":"EntryPoint","urlTemplate":"https:\/\/www.ceibcn.com\/en\/?s={search_term_string}"},"query-input":{"@type":"PropertyValueSpecification","valueRequired":true,"valueName":"search_term_string"}}],"inLanguage":"en-US"},{"@type":"Organization","@id":"https:\/\/www.ceibcn.com\/en\/#organization","name":"CEI International Affairs","url":"https:\/\/www.ceibcn.com\/en\/","logo":{"@type":"ImageObject","inLanguage":"en-US","@id":"https:\/\/www.ceibcn.com\/en\/#\/schema\/logo\/image\/","url":"https:\/\/www.ceibcn.com\/wp-content\/uploads\/2021\/09\/CeiLogo_EscuelaDiploVectorized_vectorizedSIN_FONDO.png","contentUrl":"https:\/\/www.ceibcn.com\/wp-content\/uploads\/2021\/09\/CeiLogo_EscuelaDiploVectorized_vectorizedSIN_FONDO.png","width":1591,"height":629,"caption":"CEI International Affairs"},"image":{"@id":"https:\/\/www.ceibcn.com\/en\/#\/schema\/logo\/image\/"},"sameAs":["https:\/\/www.facebook.com\/CEI.CentroDeEstudiosInternacionales\/","https:\/\/x.com\/CEIbcn","https:\/\/www.instagram.com\/cei_international\/"]},{"@type":"Person","@id":"https:\/\/www.ceibcn.com\/en\/#\/schema\/person\/4ef9992ee2fbd3987a5e1834e5d5808d","name":"Cristian Romero Velasco","image":{"@type":"ImageObject","inLanguage":"en-US","@id":"https:\/\/www.ceibcn.com\/en\/#\/schema\/person\/image\/","url":"https:\/\/secure.gravatar.com\/avatar\/d78c33ad7f1570635ae9c9cb6274fe682bd5872dfde7a5448127d7825dd90943?s=96&d=mm&r=g","contentUrl":"https:\/\/secure.gravatar.com\/avatar\/d78c33ad7f1570635ae9c9cb6274fe682bd5872dfde7a5448127d7825dd90943?s=96&d=mm&r=g","caption":"Cristian Romero Velasco"},"url":"https:\/\/www.ceibcn.com\/en\/author\/cristian\/"}]}},"_links":{"self":[{"href":"https:\/\/www.ceibcn.com\/en\/wp-json\/wp\/v2\/posts\/1501","targetHints":{"allow":["GET"]}}],"collection":[{"href":"https:\/\/www.ceibcn.com\/en\/wp-json\/wp\/v2\/posts"}],"about":[{"href":"https:\/\/www.ceibcn.com\/en\/wp-json\/wp\/v2\/types\/post"}],"author":[{"embeddable":true,"href":"https:\/\/www.ceibcn.com\/en\/wp-json\/wp\/v2\/users\/6"}],"replies":[{"embeddable":true,"href":"https:\/\/www.ceibcn.com\/en\/wp-json\/wp\/v2\/comments?post=1501"}],"version-history":[{"count":0,"href":"https:\/\/www.ceibcn.com\/en\/wp-json\/wp\/v2\/posts\/1501\/revisions"}],"wp:attachment":[{"href":"https:\/\/www.ceibcn.com\/en\/wp-json\/wp\/v2\/media?parent=1501"}],"wp:term":[{"taxonomy":"category","embeddable":true,"href":"https:\/\/www.ceibcn.com\/en\/wp-json\/wp\/v2\/categories?post=1501"},{"taxonomy":"post_tag","embeddable":true,"href":"https:\/\/www.ceibcn.com\/en\/wp-json\/wp\/v2\/tags?post=1501"}],"curies":[{"name":"wp","href":"https:\/\/api.w.org\/{rel}","templated":true}]}}