{"id":1518,"date":"2014-09-18T11:30:47","date_gmt":"2014-09-18T11:30:47","guid":{"rendered":"https:\/\/www.ceibcn.com\/2014\/09\/el-nou-marc-financer-europeu\/"},"modified":"2014-09-18T11:30:47","modified_gmt":"2014-09-18T11:30:47","slug":"el-nou-marc-financer-europeu","status":"publish","type":"post","link":"https:\/\/www.ceibcn.com\/en\/2014\/09\/el-nou-marc-financer-europeu\/","title":{"rendered":"El Nou Marc Financer Europeu"},"content":{"rendered":"<p>El proper 16 d&#8217;octubre celebrem la Jornada &#8220;El Nou Marc Financer Europeu&#8221;. Places limitades per estricte ordre d&#8217;inscripci\u00f3.<\/p>\n<p><!--more--><\/p>\n<p><strong><span style=\"text-decoration: underline;\"><img fetchpriority=\"high\" decoding=\"async\" class=\" size-full wp-image-1512\" src=\"https:\/\/www.ceibcn.com\/wp-content\/uploads\/2014\/09\/JornadaElNouMarcFinancerEuropeu.jpg\" alt=\"JornadaElNouMarcFinancerEuropeu\" width=\"632\" height=\"242\" srcset=\"https:\/\/www.ceibcn.com\/wp-content\/uploads\/2014\/09\/JornadaElNouMarcFinancerEuropeu.jpg 980w, https:\/\/www.ceibcn.com\/wp-content\/uploads\/2014\/09\/JornadaElNouMarcFinancerEuropeu-300x115.jpg 300w, https:\/\/www.ceibcn.com\/wp-content\/uploads\/2014\/09\/JornadaElNouMarcFinancerEuropeu-768x294.jpg 768w, https:\/\/www.ceibcn.com\/wp-content\/uploads\/2014\/09\/JornadaElNouMarcFinancerEuropeu-150x57.jpg 150w\" sizes=\"(max-width: 632px) 100vw, 632px\" \/><\/span><\/strong><\/p>\n<p><strong><strong><span style=\"text-decoration: underline;\"><span style=\"color: #800000; text-decoration: underline;\">\u00daLTIMES PLACES!<\/span><\/span><\/strong><\/strong><\/p>\n<p>&nbsp;<\/p>\n<p><strong><span style=\"text-decoration: underline;\">PROGRAMA<\/span><\/strong><\/p>\n<p><strong>15:00h. Presentaci\u00f3 de la Jornada<\/strong><\/p>\n<p><strong><strong>Sr. Antoni Millet i Abbad<\/strong><\/strong>, Director del CEI International Affairs<\/p>\n<p><strong>15:15h. \u2013 16:00h.&nbsp; CONFER\u00c8NCIA INAUGURAL: \u201cEls mercats financers a Europa despr\u00e9s de la crisi\u201d<\/strong><\/p>\n<p><strong><span style=\"text-decoration: underline;\">Ponent:<\/span>&nbsp;Dr. Federico Steinberg<\/strong>, UAM, Real Instituto Elcano, coautor de l&#8217;informe &nbsp;&#8220;How to fix the Euro &#8211; Strengthening Economic Governance in Europe&#8221;, Chatam House, Real Instituto Elcano y AREL, 2014<\/p>\n<p><strong>16:00h.&nbsp;<strong>\u2013<\/strong> 16:30h. Debat-Coloqui<br \/><\/strong><\/p>\n<p><strong>16:30h.&nbsp;<strong>\u2013<\/strong> 17:00h. <\/strong><em><strong>Coffee Break<\/strong><\/em><\/p>\n<p><strong>17:00h. \u2013 18:30h. TAULA RODONA: Present i futur del sistema financer a Europa: diverses perspectives<\/strong><\/p>\n<p><strong>Sr. Ramon Aymerich, <\/strong>Redactor-cap d&#8217;Economia de La Vanguardia<\/p>\n<p><strong>Sr. David Gonzalvo, <\/strong>CFA Society Spain, Representant&nbsp;Catalunya<\/p>\n<p><strong>Sr. Llu\u00eds Sust<\/strong>, Director Negoci Majorista, Caixa Enginyers&nbsp;<\/p>\n<p>Modera: <strong>Dr. Juan Tugores<\/strong>, Catedr\u00e0tic d&#8217;Economia de la Universitat de Barcelona<\/p>\n<p><span title=\"Modera: Rosa Maria Calaf, Periodista.\"><strong><span title=\"17:30 h \u2013 19:00 h Segundo panel: \u201cChina en busca de liderazgo pol\u00edtico mundial\u201d\n\n\">18:30h. &#8211; 19:00h. Debat<br \/><\/span><\/strong><\/span><\/p>\n<p><span title=\"Modera: Rosa Maria Calaf, Periodista.\"><strong><span title=\"17:30 h \u2013 19:00 h Segundo panel: \u201cChina en busca de liderazgo pol\u00edtico mundial\u201d\n\n\">&nbsp;<\/span><\/strong><\/span><\/p>\n<h2>Informaci\u00f3 General<\/h2>\n<p>Lloc: Palau Macaya. Passeig Sant Joan, 108. 08037 Barcelona.<\/p>\n<p>Dia: 16 d&#8217;octubre de 2014<\/p>\n<p>Horari: 15:00h. &#8211; 19:00h.<\/p>\n<p>Dirigit a: Obert a tot el p\u00fablic<\/p>\n<p>Preu: Entrada gratu\u00efta (inscripci\u00f3 obligat\u00f2ria)<\/p>\n<p>Places: Limitades (per ordre d&#8217;inscripci\u00f3)<\/p>\n<p>&nbsp;<\/p>\n<h2>Inscripcions*<\/h2>\n<p>Email: <a>info@ceibcn.com<\/a><\/p>\n<p>Telf. 93 205 45 16<\/p>\n<p><a href=\"https:\/\/www.ceibcn.com\/wp-content\/uploads\/2014\/09\/Formulari_Inscripcio.docx\">Formulari d&#8217;inscripci\u00f3<\/a><\/p>\n<p>*Inscripcions fins a completar l&#8217;aforament<\/p>\n","protected":false},"excerpt":{"rendered":"<p>El proper 16 d&#8217;octubre celebrem la Jornada &#8220;El Nou Marc Financer Europeu&#8221;. Places limitades per estricte ordre d&#8217;inscripci\u00f3.<\/p>\n","protected":false},"author":6,"featured_media":1512,"comment_status":"open","ping_status":"closed","sticky":false,"template":"","format":"standard","meta":{"_acf_changed":false,"_crdt_document":"","inline_featured_image":false,"footnotes":""},"categories":[25],"tags":[],"class_list":["post-1518","post","type-post","status-publish","format-standard","has-post-thumbnail","hentry","category-aula-internacional"],"acf":[],"yoast_head":"<!-- This site is optimized with the Yoast SEO plugin v27.0 - https:\/\/yoast.com\/product\/yoast-seo-wordpress\/ -->\n<title>El Nou Marc Financer Europeu - CEI International Affairs<\/title>\n<meta name=\"robots\" content=\"index, follow, max-snippet:-1, max-image-preview:large, max-video-preview:-1\" \/>\n<link rel=\"canonical\" href=\"https:\/\/www.ceibcn.com\/en\/2014\/09\/el-nou-marc-financer-europeu\/\" \/>\n<meta property=\"og:locale\" content=\"en_US\" \/>\n<meta property=\"og:type\" content=\"article\" \/>\n<meta property=\"og:title\" content=\"El Nou Marc Financer Europeu - CEI International Affairs\" \/>\n<meta property=\"og:description\" content=\"El proper 16 d&#8217;octubre celebrem la Jornada &#8220;El Nou Marc Financer Europeu&#8221;. Places limitades per estricte ordre d&#8217;inscripci\u00f3.\" \/>\n<meta property=\"og:url\" content=\"https:\/\/www.ceibcn.com\/en\/2014\/09\/el-nou-marc-financer-europeu\/\" \/>\n<meta property=\"og:site_name\" content=\"CEI International Affairs\" \/>\n<meta property=\"article:publisher\" content=\"https:\/\/www.facebook.com\/CEI.CentroDeEstudiosInternacionales\/\" \/>\n<meta property=\"article:published_time\" content=\"2014-09-18T11:30:47+00:00\" \/>\n<meta property=\"og:image\" content=\"https:\/\/www.ceibcn.com\/wp-content\/uploads\/2014\/09\/JornadaElNouMarcFinancerEuropeu.jpg\" \/>\n\t<meta property=\"og:image:width\" content=\"980\" \/>\n\t<meta property=\"og:image:height\" content=\"375\" \/>\n\t<meta property=\"og:image:type\" content=\"image\/jpeg\" \/>\n<meta name=\"author\" content=\"Cristian Romero Velasco\" \/>\n<meta name=\"twitter:card\" content=\"summary_large_image\" \/>\n<meta name=\"twitter:creator\" content=\"@CEIbcn\" \/>\n<meta name=\"twitter:site\" content=\"@CEIbcn\" \/>\n<meta name=\"twitter:label1\" content=\"Written by\" \/>\n\t<meta name=\"twitter:data1\" content=\"Cristian Romero Velasco\" \/>\n\t<meta name=\"twitter:label2\" content=\"Est. reading time\" \/>\n\t<meta name=\"twitter:data2\" content=\"1 minute\" \/>\n<script type=\"application\/ld+json\" class=\"yoast-schema-graph\">{\"@context\":\"https:\/\/schema.org\",\"@graph\":[{\"@type\":\"Article\",\"@id\":\"https:\/\/www.ceibcn.com\/en\/2014\/09\/el-nou-marc-financer-europeu\/#article\",\"isPartOf\":{\"@id\":\"https:\/\/www.ceibcn.com\/en\/2014\/09\/el-nou-marc-financer-europeu\/\"},\"author\":{\"name\":\"Cristian Romero Velasco\",\"@id\":\"https:\/\/www.ceibcn.com\/en\/#\/schema\/person\/4ef9992ee2fbd3987a5e1834e5d5808d\"},\"headline\":\"El Nou Marc Financer Europeu\",\"datePublished\":\"2014-09-18T11:30:47+00:00\",\"mainEntityOfPage\":{\"@id\":\"https:\/\/www.ceibcn.com\/en\/2014\/09\/el-nou-marc-financer-europeu\/\"},\"wordCount\":214,\"commentCount\":0,\"publisher\":{\"@id\":\"https:\/\/www.ceibcn.com\/en\/#organization\"},\"image\":{\"@id\":\"https:\/\/www.ceibcn.com\/en\/2014\/09\/el-nou-marc-financer-europeu\/#primaryimage\"},\"thumbnailUrl\":\"https:\/\/www.ceibcn.com\/wp-content\/uploads\/2014\/09\/JornadaElNouMarcFinancerEuropeu.jpg\",\"articleSection\":[\"Aula Internacional\"],\"inLanguage\":\"en-US\",\"potentialAction\":[{\"@type\":\"CommentAction\",\"name\":\"Comment\",\"target\":[\"https:\/\/www.ceibcn.com\/en\/2014\/09\/el-nou-marc-financer-europeu\/#respond\"]}]},{\"@type\":\"WebPage\",\"@id\":\"https:\/\/www.ceibcn.com\/en\/2014\/09\/el-nou-marc-financer-europeu\/\",\"url\":\"https:\/\/www.ceibcn.com\/en\/2014\/09\/el-nou-marc-financer-europeu\/\",\"name\":\"El Nou Marc Financer Europeu - CEI International Affairs\",\"isPartOf\":{\"@id\":\"https:\/\/www.ceibcn.com\/en\/#website\"},\"primaryImageOfPage\":{\"@id\":\"https:\/\/www.ceibcn.com\/en\/2014\/09\/el-nou-marc-financer-europeu\/#primaryimage\"},\"image\":{\"@id\":\"https:\/\/www.ceibcn.com\/en\/2014\/09\/el-nou-marc-financer-europeu\/#primaryimage\"},\"thumbnailUrl\":\"https:\/\/www.ceibcn.com\/wp-content\/uploads\/2014\/09\/JornadaElNouMarcFinancerEuropeu.jpg\",\"datePublished\":\"2014-09-18T11:30:47+00:00\",\"breadcrumb\":{\"@id\":\"https:\/\/www.ceibcn.com\/en\/2014\/09\/el-nou-marc-financer-europeu\/#breadcrumb\"},\"inLanguage\":\"en-US\",\"potentialAction\":[{\"@type\":\"ReadAction\",\"target\":[\"https:\/\/www.ceibcn.com\/en\/2014\/09\/el-nou-marc-financer-europeu\/\"]}]},{\"@type\":\"ImageObject\",\"inLanguage\":\"en-US\",\"@id\":\"https:\/\/www.ceibcn.com\/en\/2014\/09\/el-nou-marc-financer-europeu\/#primaryimage\",\"url\":\"https:\/\/www.ceibcn.com\/wp-content\/uploads\/2014\/09\/JornadaElNouMarcFinancerEuropeu.jpg\",\"contentUrl\":\"https:\/\/www.ceibcn.com\/wp-content\/uploads\/2014\/09\/JornadaElNouMarcFinancerEuropeu.jpg\",\"width\":980,\"height\":375,\"caption\":\"JornadaElNouMarcFinancerEuropeu\"},{\"@type\":\"BreadcrumbList\",\"@id\":\"https:\/\/www.ceibcn.com\/en\/2014\/09\/el-nou-marc-financer-europeu\/#breadcrumb\",\"itemListElement\":[{\"@type\":\"ListItem\",\"position\":1,\"name\":\"Portada\",\"item\":\"https:\/\/www.ceibcn.com\/en\/\"},{\"@type\":\"ListItem\",\"position\":2,\"name\":\"El Nou Marc Financer Europeu\"}]},{\"@type\":\"WebSite\",\"@id\":\"https:\/\/www.ceibcn.com\/en\/#website\",\"url\":\"https:\/\/www.ceibcn.com\/en\/\",\"name\":\"CEI International Affairs\",\"description\":\"CEI International Affairs\",\"publisher\":{\"@id\":\"https:\/\/www.ceibcn.com\/en\/#organization\"},\"alternateName\":\"CEI International Affairs\",\"potentialAction\":[{\"@type\":\"SearchAction\",\"target\":{\"@type\":\"EntryPoint\",\"urlTemplate\":\"https:\/\/www.ceibcn.com\/en\/?s={search_term_string}\"},\"query-input\":{\"@type\":\"PropertyValueSpecification\",\"valueRequired\":true,\"valueName\":\"search_term_string\"}}],\"inLanguage\":\"en-US\"},{\"@type\":\"Organization\",\"@id\":\"https:\/\/www.ceibcn.com\/en\/#organization\",\"name\":\"CEI International Affairs\",\"url\":\"https:\/\/www.ceibcn.com\/en\/\",\"logo\":{\"@type\":\"ImageObject\",\"inLanguage\":\"en-US\",\"@id\":\"https:\/\/www.ceibcn.com\/en\/#\/schema\/logo\/image\/\",\"url\":\"https:\/\/www.ceibcn.com\/wp-content\/uploads\/2021\/09\/CeiLogo_EscuelaDiploVectorized_vectorizedSIN_FONDO.png\",\"contentUrl\":\"https:\/\/www.ceibcn.com\/wp-content\/uploads\/2021\/09\/CeiLogo_EscuelaDiploVectorized_vectorizedSIN_FONDO.png\",\"width\":1591,\"height\":629,\"caption\":\"CEI International Affairs\"},\"image\":{\"@id\":\"https:\/\/www.ceibcn.com\/en\/#\/schema\/logo\/image\/\"},\"sameAs\":[\"https:\/\/www.facebook.com\/CEI.CentroDeEstudiosInternacionales\/\",\"https:\/\/x.com\/CEIbcn\",\"https:\/\/www.instagram.com\/cei_international\/\"]},{\"@type\":\"Person\",\"@id\":\"https:\/\/www.ceibcn.com\/en\/#\/schema\/person\/4ef9992ee2fbd3987a5e1834e5d5808d\",\"name\":\"Cristian Romero Velasco\",\"image\":{\"@type\":\"ImageObject\",\"inLanguage\":\"en-US\",\"@id\":\"https:\/\/www.ceibcn.com\/en\/#\/schema\/person\/image\/\",\"url\":\"https:\/\/secure.gravatar.com\/avatar\/d78c33ad7f1570635ae9c9cb6274fe682bd5872dfde7a5448127d7825dd90943?s=96&d=mm&r=g\",\"contentUrl\":\"https:\/\/secure.gravatar.com\/avatar\/d78c33ad7f1570635ae9c9cb6274fe682bd5872dfde7a5448127d7825dd90943?s=96&d=mm&r=g\",\"caption\":\"Cristian Romero Velasco\"},\"url\":\"https:\/\/www.ceibcn.com\/en\/author\/cristian\/\"}]}<\/script>\n<!-- \/ Yoast SEO plugin. -->","yoast_head_json":{"title":"El Nou Marc Financer Europeu - CEI International Affairs","robots":{"index":"index","follow":"follow","max-snippet":"max-snippet:-1","max-image-preview":"max-image-preview:large","max-video-preview":"max-video-preview:-1"},"canonical":"https:\/\/www.ceibcn.com\/en\/2014\/09\/el-nou-marc-financer-europeu\/","og_locale":"en_US","og_type":"article","og_title":"El Nou Marc Financer Europeu - CEI International Affairs","og_description":"El proper 16 d&#8217;octubre celebrem la Jornada &#8220;El Nou Marc Financer Europeu&#8221;. Places limitades per estricte ordre d&#8217;inscripci\u00f3.","og_url":"https:\/\/www.ceibcn.com\/en\/2014\/09\/el-nou-marc-financer-europeu\/","og_site_name":"CEI International Affairs","article_publisher":"https:\/\/www.facebook.com\/CEI.CentroDeEstudiosInternacionales\/","article_published_time":"2014-09-18T11:30:47+00:00","og_image":[{"width":980,"height":375,"url":"https:\/\/www.ceibcn.com\/wp-content\/uploads\/2014\/09\/JornadaElNouMarcFinancerEuropeu.jpg","type":"image\/jpeg"}],"author":"Cristian Romero Velasco","twitter_card":"summary_large_image","twitter_creator":"@CEIbcn","twitter_site":"@CEIbcn","twitter_misc":{"Written by":"Cristian Romero Velasco","Est. reading time":"1 minute"},"schema":{"@context":"https:\/\/schema.org","@graph":[{"@type":"Article","@id":"https:\/\/www.ceibcn.com\/en\/2014\/09\/el-nou-marc-financer-europeu\/#article","isPartOf":{"@id":"https:\/\/www.ceibcn.com\/en\/2014\/09\/el-nou-marc-financer-europeu\/"},"author":{"name":"Cristian Romero Velasco","@id":"https:\/\/www.ceibcn.com\/en\/#\/schema\/person\/4ef9992ee2fbd3987a5e1834e5d5808d"},"headline":"El Nou Marc Financer Europeu","datePublished":"2014-09-18T11:30:47+00:00","mainEntityOfPage":{"@id":"https:\/\/www.ceibcn.com\/en\/2014\/09\/el-nou-marc-financer-europeu\/"},"wordCount":214,"commentCount":0,"publisher":{"@id":"https:\/\/www.ceibcn.com\/en\/#organization"},"image":{"@id":"https:\/\/www.ceibcn.com\/en\/2014\/09\/el-nou-marc-financer-europeu\/#primaryimage"},"thumbnailUrl":"https:\/\/www.ceibcn.com\/wp-content\/uploads\/2014\/09\/JornadaElNouMarcFinancerEuropeu.jpg","articleSection":["Aula Internacional"],"inLanguage":"en-US","potentialAction":[{"@type":"CommentAction","name":"Comment","target":["https:\/\/www.ceibcn.com\/en\/2014\/09\/el-nou-marc-financer-europeu\/#respond"]}]},{"@type":"WebPage","@id":"https:\/\/www.ceibcn.com\/en\/2014\/09\/el-nou-marc-financer-europeu\/","url":"https:\/\/www.ceibcn.com\/en\/2014\/09\/el-nou-marc-financer-europeu\/","name":"El Nou Marc Financer Europeu - CEI International Affairs","isPartOf":{"@id":"https:\/\/www.ceibcn.com\/en\/#website"},"primaryImageOfPage":{"@id":"https:\/\/www.ceibcn.com\/en\/2014\/09\/el-nou-marc-financer-europeu\/#primaryimage"},"image":{"@id":"https:\/\/www.ceibcn.com\/en\/2014\/09\/el-nou-marc-financer-europeu\/#primaryimage"},"thumbnailUrl":"https:\/\/www.ceibcn.com\/wp-content\/uploads\/2014\/09\/JornadaElNouMarcFinancerEuropeu.jpg","datePublished":"2014-09-18T11:30:47+00:00","breadcrumb":{"@id":"https:\/\/www.ceibcn.com\/en\/2014\/09\/el-nou-marc-financer-europeu\/#breadcrumb"},"inLanguage":"en-US","potentialAction":[{"@type":"ReadAction","target":["https:\/\/www.ceibcn.com\/en\/2014\/09\/el-nou-marc-financer-europeu\/"]}]},{"@type":"ImageObject","inLanguage":"en-US","@id":"https:\/\/www.ceibcn.com\/en\/2014\/09\/el-nou-marc-financer-europeu\/#primaryimage","url":"https:\/\/www.ceibcn.com\/wp-content\/uploads\/2014\/09\/JornadaElNouMarcFinancerEuropeu.jpg","contentUrl":"https:\/\/www.ceibcn.com\/wp-content\/uploads\/2014\/09\/JornadaElNouMarcFinancerEuropeu.jpg","width":980,"height":375,"caption":"JornadaElNouMarcFinancerEuropeu"},{"@type":"BreadcrumbList","@id":"https:\/\/www.ceibcn.com\/en\/2014\/09\/el-nou-marc-financer-europeu\/#breadcrumb","itemListElement":[{"@type":"ListItem","position":1,"name":"Portada","item":"https:\/\/www.ceibcn.com\/en\/"},{"@type":"ListItem","position":2,"name":"El Nou Marc Financer Europeu"}]},{"@type":"WebSite","@id":"https:\/\/www.ceibcn.com\/en\/#website","url":"https:\/\/www.ceibcn.com\/en\/","name":"CEI International Affairs","description":"CEI International Affairs","publisher":{"@id":"https:\/\/www.ceibcn.com\/en\/#organization"},"alternateName":"CEI International Affairs","potentialAction":[{"@type":"SearchAction","target":{"@type":"EntryPoint","urlTemplate":"https:\/\/www.ceibcn.com\/en\/?s={search_term_string}"},"query-input":{"@type":"PropertyValueSpecification","valueRequired":true,"valueName":"search_term_string"}}],"inLanguage":"en-US"},{"@type":"Organization","@id":"https:\/\/www.ceibcn.com\/en\/#organization","name":"CEI International Affairs","url":"https:\/\/www.ceibcn.com\/en\/","logo":{"@type":"ImageObject","inLanguage":"en-US","@id":"https:\/\/www.ceibcn.com\/en\/#\/schema\/logo\/image\/","url":"https:\/\/www.ceibcn.com\/wp-content\/uploads\/2021\/09\/CeiLogo_EscuelaDiploVectorized_vectorizedSIN_FONDO.png","contentUrl":"https:\/\/www.ceibcn.com\/wp-content\/uploads\/2021\/09\/CeiLogo_EscuelaDiploVectorized_vectorizedSIN_FONDO.png","width":1591,"height":629,"caption":"CEI International Affairs"},"image":{"@id":"https:\/\/www.ceibcn.com\/en\/#\/schema\/logo\/image\/"},"sameAs":["https:\/\/www.facebook.com\/CEI.CentroDeEstudiosInternacionales\/","https:\/\/x.com\/CEIbcn","https:\/\/www.instagram.com\/cei_international\/"]},{"@type":"Person","@id":"https:\/\/www.ceibcn.com\/en\/#\/schema\/person\/4ef9992ee2fbd3987a5e1834e5d5808d","name":"Cristian Romero Velasco","image":{"@type":"ImageObject","inLanguage":"en-US","@id":"https:\/\/www.ceibcn.com\/en\/#\/schema\/person\/image\/","url":"https:\/\/secure.gravatar.com\/avatar\/d78c33ad7f1570635ae9c9cb6274fe682bd5872dfde7a5448127d7825dd90943?s=96&d=mm&r=g","contentUrl":"https:\/\/secure.gravatar.com\/avatar\/d78c33ad7f1570635ae9c9cb6274fe682bd5872dfde7a5448127d7825dd90943?s=96&d=mm&r=g","caption":"Cristian Romero Velasco"},"url":"https:\/\/www.ceibcn.com\/en\/author\/cristian\/"}]}},"_links":{"self":[{"href":"https:\/\/www.ceibcn.com\/en\/wp-json\/wp\/v2\/posts\/1518","targetHints":{"allow":["GET"]}}],"collection":[{"href":"https:\/\/www.ceibcn.com\/en\/wp-json\/wp\/v2\/posts"}],"about":[{"href":"https:\/\/www.ceibcn.com\/en\/wp-json\/wp\/v2\/types\/post"}],"author":[{"embeddable":true,"href":"https:\/\/www.ceibcn.com\/en\/wp-json\/wp\/v2\/users\/6"}],"replies":[{"embeddable":true,"href":"https:\/\/www.ceibcn.com\/en\/wp-json\/wp\/v2\/comments?post=1518"}],"version-history":[{"count":0,"href":"https:\/\/www.ceibcn.com\/en\/wp-json\/wp\/v2\/posts\/1518\/revisions"}],"wp:featuredmedia":[{"embeddable":true,"href":"https:\/\/www.ceibcn.com\/en\/wp-json\/wp\/v2\/media\/1512"}],"wp:attachment":[{"href":"https:\/\/www.ceibcn.com\/en\/wp-json\/wp\/v2\/media?parent=1518"}],"wp:term":[{"taxonomy":"category","embeddable":true,"href":"https:\/\/www.ceibcn.com\/en\/wp-json\/wp\/v2\/categories?post=1518"},{"taxonomy":"post_tag","embeddable":true,"href":"https:\/\/www.ceibcn.com\/en\/wp-json\/wp\/v2\/tags?post=1518"}],"curies":[{"name":"wp","href":"https:\/\/api.w.org\/{rel}","templated":true}]}}