{"id":1525,"date":"2014-09-18T12:05:51","date_gmt":"2014-09-18T12:05:51","guid":{"rendered":"https:\/\/www.ceibcn.com\/2014\/09\/el-nuevo-marco-financiero-europeo-2\/"},"modified":"2014-09-18T12:05:51","modified_gmt":"2014-09-18T12:05:51","slug":"el-nuevo-marco-financiero-europeo-2","status":"publish","type":"post","link":"https:\/\/www.ceibcn.com\/en\/2014\/09\/el-nuevo-marco-financiero-europeo-2\/","title":{"rendered":"El Nuevo Marco Financiero Europeo"},"content":{"rendered":"<p>El <strong>16 de octubre de 2014<\/strong> tuvo lugar en el Palau Macaya la jornada&nbsp;<strong>El Nuevo Marco Financiero Europeo<\/strong>, organizada en colaboraci\u00f3n con la Obra Social &#8220;la Caixa&#8221;, el M\u00e1ster en Mercados Financieros y el M\u00e1ster en Internacionalizaci\u00f3n de la UB. Participaron en el acto el&nbsp;<strong>Dr. Federico Steinberg <\/strong>(UAM, Real Instituto Elcano)&nbsp;como conferenciante principal y los ponentes <strong>Sr. Ramon Aymerich<\/strong> (Redactor-jefe de Econom\u00eda de la Vanguardia), <strong>Sr. David Gonzalvo<\/strong> (CFA Society Spain en Catalu\u00f1a) y <strong>Sr. Llu\u00eds Sust<\/strong> (Director Negocio Mayorista de Caixa Enginyers). El turno de preguntas y debate estuvo moderado por el Catedr\u00e1tico de Econom\u00eda de la Universitat de Barcelona, <strong>Dr. Juan Tugores<\/strong>. Los ponentes analizaron la situaci\u00f3n actual y futura del sistema financiero en Europa, as\u00ed como su problem\u00e1tica y posibles herramientas para su recuperaci\u00f3n.<\/p>\n<p><img fetchpriority=\"high\" decoding=\"async\" class=\" size-full wp-image-1519\" style=\"display: block; margin-left: auto; margin-right: auto;\" src=\"https:\/\/www.ceibcn.com\/wp-content\/uploads\/2014\/09\/IMG_1637.JPG\" alt=\"IMG 1637\" width=\"327\" height=\"218\" srcset=\"https:\/\/www.ceibcn.com\/wp-content\/uploads\/2014\/09\/IMG_1637.JPG 720w, https:\/\/www.ceibcn.com\/wp-content\/uploads\/2014\/09\/IMG_1637-300x200.jpg 300w, https:\/\/www.ceibcn.com\/wp-content\/uploads\/2014\/09\/IMG_1637-150x100.jpg 150w\" sizes=\"(max-width: 327px) 100vw, 327px\" \/>&nbsp;&nbsp;<img decoding=\"async\" class=\" size-full wp-image-1522\" style=\"display: block; margin-left: auto; margin-right: auto;\" src=\"https:\/\/www.ceibcn.com\/wp-content\/uploads\/2014\/09\/IMG_1652.JPG\" alt=\"IMG 1652\" width=\"327\" height=\"218\" srcset=\"https:\/\/www.ceibcn.com\/wp-content\/uploads\/2014\/09\/IMG_1652.JPG 720w, https:\/\/www.ceibcn.com\/wp-content\/uploads\/2014\/09\/IMG_1652-300x200.jpg 300w, https:\/\/www.ceibcn.com\/wp-content\/uploads\/2014\/09\/IMG_1652-150x100.jpg 150w\" sizes=\"(max-width: 327px) 100vw, 327px\" \/><\/p>\n<p>&nbsp;<\/p>\n<p><a href=\"es\/2013-12-17-14-29-45\/el-nuevo-marco-financiero-europeo\"><\/a><a href=\"http:\/\/www.lavanguardia.com\/20141017\/54417990991\/la-crisis-financiera-europea-en-el-palau-macaya.html\">La not\u00edcia en La Vanguardia<\/a><\/p>\n","protected":false},"excerpt":{"rendered":"<p>El 16 de octubre de 2014 tuvo lugar en el Palau Macaya la jornada&nbsp;El Nuevo Marco Financiero Europeo, organizada en colaboraci\u00f3n con la Obra Social &#8220;la Caixa&#8221;, el M\u00e1ster en Mercados Financieros y el M\u00e1ster en Internacionalizaci\u00f3n de la UB. Participaron en el acto el&nbsp;Dr. Federico Steinberg (UAM, Real Instituto Elcano)&nbsp;como conferenciante principal y los [&hellip;]<\/p>\n","protected":false},"author":6,"featured_media":1519,"comment_status":"open","ping_status":"closed","sticky":false,"template":"","format":"standard","meta":{"_acf_changed":false,"_crdt_document":"","inline_featured_image":false,"footnotes":""},"categories":[1],"tags":[],"class_list":["post-1525","post","type-post","status-publish","format-standard","has-post-thumbnail","hentry","category-sin-categoria"],"acf":[],"yoast_head":"<!-- This site is optimized with the Yoast SEO plugin v27.0 - https:\/\/yoast.com\/product\/yoast-seo-wordpress\/ -->\n<title>El Nuevo Marco Financiero Europeo - CEI International Affairs<\/title>\n<meta name=\"robots\" content=\"index, follow, max-snippet:-1, max-image-preview:large, max-video-preview:-1\" \/>\n<link rel=\"canonical\" href=\"https:\/\/www.ceibcn.com\/en\/2014\/09\/el-nuevo-marco-financiero-europeo-2\/\" \/>\n<meta property=\"og:locale\" content=\"en_US\" \/>\n<meta property=\"og:type\" content=\"article\" \/>\n<meta property=\"og:title\" content=\"El Nuevo Marco Financiero Europeo - CEI International Affairs\" \/>\n<meta property=\"og:description\" content=\"El 16 de octubre de 2014 tuvo lugar en el Palau Macaya la jornada&nbsp;El Nuevo Marco Financiero Europeo, organizada en colaboraci\u00f3n con la Obra Social &#8220;la Caixa&#8221;, el M\u00e1ster en Mercados Financieros y el M\u00e1ster en Internacionalizaci\u00f3n de la UB. Participaron en el acto el&nbsp;Dr. Federico Steinberg (UAM, Real Instituto Elcano)&nbsp;como conferenciante principal y los [&hellip;]\" \/>\n<meta property=\"og:url\" content=\"https:\/\/www.ceibcn.com\/en\/2014\/09\/el-nuevo-marco-financiero-europeo-2\/\" \/>\n<meta property=\"og:site_name\" content=\"CEI International Affairs\" \/>\n<meta property=\"article:publisher\" content=\"https:\/\/www.facebook.com\/CEI.CentroDeEstudiosInternacionales\/\" \/>\n<meta property=\"article:published_time\" content=\"2014-09-18T12:05:51+00:00\" \/>\n<meta property=\"og:image\" content=\"https:\/\/www.ceibcn.com\/wp-content\/uploads\/2014\/09\/IMG_1637.JPG\" \/>\n\t<meta property=\"og:image:width\" content=\"720\" \/>\n\t<meta property=\"og:image:height\" content=\"480\" \/>\n\t<meta property=\"og:image:type\" content=\"image\/jpeg\" \/>\n<meta name=\"author\" content=\"Cristian Romero Velasco\" \/>\n<meta name=\"twitter:card\" content=\"summary_large_image\" \/>\n<meta name=\"twitter:creator\" content=\"@CEIbcn\" \/>\n<meta name=\"twitter:site\" content=\"@CEIbcn\" \/>\n<meta name=\"twitter:label1\" content=\"Written by\" \/>\n\t<meta name=\"twitter:data1\" content=\"Cristian Romero Velasco\" \/>\n\t<meta name=\"twitter:label2\" content=\"Est. reading time\" \/>\n\t<meta name=\"twitter:data2\" content=\"1 minute\" \/>\n<script type=\"application\/ld+json\" class=\"yoast-schema-graph\">{\"@context\":\"https:\/\/schema.org\",\"@graph\":[{\"@type\":\"Article\",\"@id\":\"https:\/\/www.ceibcn.com\/en\/2014\/09\/el-nuevo-marco-financiero-europeo-2\/#article\",\"isPartOf\":{\"@id\":\"https:\/\/www.ceibcn.com\/en\/2014\/09\/el-nuevo-marco-financiero-europeo-2\/\"},\"author\":{\"name\":\"Cristian Romero Velasco\",\"@id\":\"https:\/\/www.ceibcn.com\/en\/#\/schema\/person\/4ef9992ee2fbd3987a5e1834e5d5808d\"},\"headline\":\"El Nuevo Marco Financiero Europeo\",\"datePublished\":\"2014-09-18T12:05:51+00:00\",\"mainEntityOfPage\":{\"@id\":\"https:\/\/www.ceibcn.com\/en\/2014\/09\/el-nuevo-marco-financiero-europeo-2\/\"},\"wordCount\":157,\"commentCount\":0,\"publisher\":{\"@id\":\"https:\/\/www.ceibcn.com\/en\/#organization\"},\"image\":{\"@id\":\"https:\/\/www.ceibcn.com\/en\/2014\/09\/el-nuevo-marco-financiero-europeo-2\/#primaryimage\"},\"thumbnailUrl\":\"https:\/\/www.ceibcn.com\/wp-content\/uploads\/2014\/09\/IMG_1637.JPG\",\"articleSection\":[\"Sin categor\u00eda\"],\"inLanguage\":\"en-US\",\"potentialAction\":[{\"@type\":\"CommentAction\",\"name\":\"Comment\",\"target\":[\"https:\/\/www.ceibcn.com\/en\/2014\/09\/el-nuevo-marco-financiero-europeo-2\/#respond\"]}]},{\"@type\":\"WebPage\",\"@id\":\"https:\/\/www.ceibcn.com\/en\/2014\/09\/el-nuevo-marco-financiero-europeo-2\/\",\"url\":\"https:\/\/www.ceibcn.com\/en\/2014\/09\/el-nuevo-marco-financiero-europeo-2\/\",\"name\":\"El Nuevo Marco Financiero Europeo - CEI International Affairs\",\"isPartOf\":{\"@id\":\"https:\/\/www.ceibcn.com\/en\/#website\"},\"primaryImageOfPage\":{\"@id\":\"https:\/\/www.ceibcn.com\/en\/2014\/09\/el-nuevo-marco-financiero-europeo-2\/#primaryimage\"},\"image\":{\"@id\":\"https:\/\/www.ceibcn.com\/en\/2014\/09\/el-nuevo-marco-financiero-europeo-2\/#primaryimage\"},\"thumbnailUrl\":\"https:\/\/www.ceibcn.com\/wp-content\/uploads\/2014\/09\/IMG_1637.JPG\",\"datePublished\":\"2014-09-18T12:05:51+00:00\",\"breadcrumb\":{\"@id\":\"https:\/\/www.ceibcn.com\/en\/2014\/09\/el-nuevo-marco-financiero-europeo-2\/#breadcrumb\"},\"inLanguage\":\"en-US\",\"potentialAction\":[{\"@type\":\"ReadAction\",\"target\":[\"https:\/\/www.ceibcn.com\/en\/2014\/09\/el-nuevo-marco-financiero-europeo-2\/\"]}]},{\"@type\":\"ImageObject\",\"inLanguage\":\"en-US\",\"@id\":\"https:\/\/www.ceibcn.com\/en\/2014\/09\/el-nuevo-marco-financiero-europeo-2\/#primaryimage\",\"url\":\"https:\/\/www.ceibcn.com\/wp-content\/uploads\/2014\/09\/IMG_1637.JPG\",\"contentUrl\":\"https:\/\/www.ceibcn.com\/wp-content\/uploads\/2014\/09\/IMG_1637.JPG\",\"width\":720,\"height\":480,\"caption\":\"IMG 1637\"},{\"@type\":\"BreadcrumbList\",\"@id\":\"https:\/\/www.ceibcn.com\/en\/2014\/09\/el-nuevo-marco-financiero-europeo-2\/#breadcrumb\",\"itemListElement\":[{\"@type\":\"ListItem\",\"position\":1,\"name\":\"Portada\",\"item\":\"https:\/\/www.ceibcn.com\/en\/\"},{\"@type\":\"ListItem\",\"position\":2,\"name\":\"El Nuevo Marco Financiero Europeo\"}]},{\"@type\":\"WebSite\",\"@id\":\"https:\/\/www.ceibcn.com\/en\/#website\",\"url\":\"https:\/\/www.ceibcn.com\/en\/\",\"name\":\"CEI International Affairs\",\"description\":\"CEI International Affairs\",\"publisher\":{\"@id\":\"https:\/\/www.ceibcn.com\/en\/#organization\"},\"alternateName\":\"CEI International Affairs\",\"potentialAction\":[{\"@type\":\"SearchAction\",\"target\":{\"@type\":\"EntryPoint\",\"urlTemplate\":\"https:\/\/www.ceibcn.com\/en\/?s={search_term_string}\"},\"query-input\":{\"@type\":\"PropertyValueSpecification\",\"valueRequired\":true,\"valueName\":\"search_term_string\"}}],\"inLanguage\":\"en-US\"},{\"@type\":\"Organization\",\"@id\":\"https:\/\/www.ceibcn.com\/en\/#organization\",\"name\":\"CEI International Affairs\",\"url\":\"https:\/\/www.ceibcn.com\/en\/\",\"logo\":{\"@type\":\"ImageObject\",\"inLanguage\":\"en-US\",\"@id\":\"https:\/\/www.ceibcn.com\/en\/#\/schema\/logo\/image\/\",\"url\":\"https:\/\/www.ceibcn.com\/wp-content\/uploads\/2021\/09\/CeiLogo_EscuelaDiploVectorized_vectorizedSIN_FONDO.png\",\"contentUrl\":\"https:\/\/www.ceibcn.com\/wp-content\/uploads\/2021\/09\/CeiLogo_EscuelaDiploVectorized_vectorizedSIN_FONDO.png\",\"width\":1591,\"height\":629,\"caption\":\"CEI International Affairs\"},\"image\":{\"@id\":\"https:\/\/www.ceibcn.com\/en\/#\/schema\/logo\/image\/\"},\"sameAs\":[\"https:\/\/www.facebook.com\/CEI.CentroDeEstudiosInternacionales\/\",\"https:\/\/x.com\/CEIbcn\",\"https:\/\/www.instagram.com\/cei_international\/\"]},{\"@type\":\"Person\",\"@id\":\"https:\/\/www.ceibcn.com\/en\/#\/schema\/person\/4ef9992ee2fbd3987a5e1834e5d5808d\",\"name\":\"Cristian Romero Velasco\",\"image\":{\"@type\":\"ImageObject\",\"inLanguage\":\"en-US\",\"@id\":\"https:\/\/www.ceibcn.com\/en\/#\/schema\/person\/image\/\",\"url\":\"https:\/\/secure.gravatar.com\/avatar\/d78c33ad7f1570635ae9c9cb6274fe682bd5872dfde7a5448127d7825dd90943?s=96&d=mm&r=g\",\"contentUrl\":\"https:\/\/secure.gravatar.com\/avatar\/d78c33ad7f1570635ae9c9cb6274fe682bd5872dfde7a5448127d7825dd90943?s=96&d=mm&r=g\",\"caption\":\"Cristian Romero Velasco\"},\"url\":\"https:\/\/www.ceibcn.com\/en\/author\/cristian\/\"}]}<\/script>\n<!-- \/ Yoast SEO plugin. -->","yoast_head_json":{"title":"El Nuevo Marco Financiero Europeo - CEI International Affairs","robots":{"index":"index","follow":"follow","max-snippet":"max-snippet:-1","max-image-preview":"max-image-preview:large","max-video-preview":"max-video-preview:-1"},"canonical":"https:\/\/www.ceibcn.com\/en\/2014\/09\/el-nuevo-marco-financiero-europeo-2\/","og_locale":"en_US","og_type":"article","og_title":"El Nuevo Marco Financiero Europeo - CEI International Affairs","og_description":"El 16 de octubre de 2014 tuvo lugar en el Palau Macaya la jornada&nbsp;El Nuevo Marco Financiero Europeo, organizada en colaboraci\u00f3n con la Obra Social &#8220;la Caixa&#8221;, el M\u00e1ster en Mercados Financieros y el M\u00e1ster en Internacionalizaci\u00f3n de la UB. Participaron en el acto el&nbsp;Dr. Federico Steinberg (UAM, Real Instituto Elcano)&nbsp;como conferenciante principal y los [&hellip;]","og_url":"https:\/\/www.ceibcn.com\/en\/2014\/09\/el-nuevo-marco-financiero-europeo-2\/","og_site_name":"CEI International Affairs","article_publisher":"https:\/\/www.facebook.com\/CEI.CentroDeEstudiosInternacionales\/","article_published_time":"2014-09-18T12:05:51+00:00","og_image":[{"width":720,"height":480,"url":"https:\/\/www.ceibcn.com\/wp-content\/uploads\/2014\/09\/IMG_1637.JPG","type":"image\/jpeg"}],"author":"Cristian Romero Velasco","twitter_card":"summary_large_image","twitter_creator":"@CEIbcn","twitter_site":"@CEIbcn","twitter_misc":{"Written by":"Cristian Romero Velasco","Est. reading time":"1 minute"},"schema":{"@context":"https:\/\/schema.org","@graph":[{"@type":"Article","@id":"https:\/\/www.ceibcn.com\/en\/2014\/09\/el-nuevo-marco-financiero-europeo-2\/#article","isPartOf":{"@id":"https:\/\/www.ceibcn.com\/en\/2014\/09\/el-nuevo-marco-financiero-europeo-2\/"},"author":{"name":"Cristian Romero Velasco","@id":"https:\/\/www.ceibcn.com\/en\/#\/schema\/person\/4ef9992ee2fbd3987a5e1834e5d5808d"},"headline":"El Nuevo Marco Financiero Europeo","datePublished":"2014-09-18T12:05:51+00:00","mainEntityOfPage":{"@id":"https:\/\/www.ceibcn.com\/en\/2014\/09\/el-nuevo-marco-financiero-europeo-2\/"},"wordCount":157,"commentCount":0,"publisher":{"@id":"https:\/\/www.ceibcn.com\/en\/#organization"},"image":{"@id":"https:\/\/www.ceibcn.com\/en\/2014\/09\/el-nuevo-marco-financiero-europeo-2\/#primaryimage"},"thumbnailUrl":"https:\/\/www.ceibcn.com\/wp-content\/uploads\/2014\/09\/IMG_1637.JPG","articleSection":["Sin categor\u00eda"],"inLanguage":"en-US","potentialAction":[{"@type":"CommentAction","name":"Comment","target":["https:\/\/www.ceibcn.com\/en\/2014\/09\/el-nuevo-marco-financiero-europeo-2\/#respond"]}]},{"@type":"WebPage","@id":"https:\/\/www.ceibcn.com\/en\/2014\/09\/el-nuevo-marco-financiero-europeo-2\/","url":"https:\/\/www.ceibcn.com\/en\/2014\/09\/el-nuevo-marco-financiero-europeo-2\/","name":"El Nuevo Marco Financiero Europeo - CEI International Affairs","isPartOf":{"@id":"https:\/\/www.ceibcn.com\/en\/#website"},"primaryImageOfPage":{"@id":"https:\/\/www.ceibcn.com\/en\/2014\/09\/el-nuevo-marco-financiero-europeo-2\/#primaryimage"},"image":{"@id":"https:\/\/www.ceibcn.com\/en\/2014\/09\/el-nuevo-marco-financiero-europeo-2\/#primaryimage"},"thumbnailUrl":"https:\/\/www.ceibcn.com\/wp-content\/uploads\/2014\/09\/IMG_1637.JPG","datePublished":"2014-09-18T12:05:51+00:00","breadcrumb":{"@id":"https:\/\/www.ceibcn.com\/en\/2014\/09\/el-nuevo-marco-financiero-europeo-2\/#breadcrumb"},"inLanguage":"en-US","potentialAction":[{"@type":"ReadAction","target":["https:\/\/www.ceibcn.com\/en\/2014\/09\/el-nuevo-marco-financiero-europeo-2\/"]}]},{"@type":"ImageObject","inLanguage":"en-US","@id":"https:\/\/www.ceibcn.com\/en\/2014\/09\/el-nuevo-marco-financiero-europeo-2\/#primaryimage","url":"https:\/\/www.ceibcn.com\/wp-content\/uploads\/2014\/09\/IMG_1637.JPG","contentUrl":"https:\/\/www.ceibcn.com\/wp-content\/uploads\/2014\/09\/IMG_1637.JPG","width":720,"height":480,"caption":"IMG 1637"},{"@type":"BreadcrumbList","@id":"https:\/\/www.ceibcn.com\/en\/2014\/09\/el-nuevo-marco-financiero-europeo-2\/#breadcrumb","itemListElement":[{"@type":"ListItem","position":1,"name":"Portada","item":"https:\/\/www.ceibcn.com\/en\/"},{"@type":"ListItem","position":2,"name":"El Nuevo Marco Financiero Europeo"}]},{"@type":"WebSite","@id":"https:\/\/www.ceibcn.com\/en\/#website","url":"https:\/\/www.ceibcn.com\/en\/","name":"CEI International Affairs","description":"CEI International Affairs","publisher":{"@id":"https:\/\/www.ceibcn.com\/en\/#organization"},"alternateName":"CEI International Affairs","potentialAction":[{"@type":"SearchAction","target":{"@type":"EntryPoint","urlTemplate":"https:\/\/www.ceibcn.com\/en\/?s={search_term_string}"},"query-input":{"@type":"PropertyValueSpecification","valueRequired":true,"valueName":"search_term_string"}}],"inLanguage":"en-US"},{"@type":"Organization","@id":"https:\/\/www.ceibcn.com\/en\/#organization","name":"CEI International Affairs","url":"https:\/\/www.ceibcn.com\/en\/","logo":{"@type":"ImageObject","inLanguage":"en-US","@id":"https:\/\/www.ceibcn.com\/en\/#\/schema\/logo\/image\/","url":"https:\/\/www.ceibcn.com\/wp-content\/uploads\/2021\/09\/CeiLogo_EscuelaDiploVectorized_vectorizedSIN_FONDO.png","contentUrl":"https:\/\/www.ceibcn.com\/wp-content\/uploads\/2021\/09\/CeiLogo_EscuelaDiploVectorized_vectorizedSIN_FONDO.png","width":1591,"height":629,"caption":"CEI International Affairs"},"image":{"@id":"https:\/\/www.ceibcn.com\/en\/#\/schema\/logo\/image\/"},"sameAs":["https:\/\/www.facebook.com\/CEI.CentroDeEstudiosInternacionales\/","https:\/\/x.com\/CEIbcn","https:\/\/www.instagram.com\/cei_international\/"]},{"@type":"Person","@id":"https:\/\/www.ceibcn.com\/en\/#\/schema\/person\/4ef9992ee2fbd3987a5e1834e5d5808d","name":"Cristian Romero Velasco","image":{"@type":"ImageObject","inLanguage":"en-US","@id":"https:\/\/www.ceibcn.com\/en\/#\/schema\/person\/image\/","url":"https:\/\/secure.gravatar.com\/avatar\/d78c33ad7f1570635ae9c9cb6274fe682bd5872dfde7a5448127d7825dd90943?s=96&d=mm&r=g","contentUrl":"https:\/\/secure.gravatar.com\/avatar\/d78c33ad7f1570635ae9c9cb6274fe682bd5872dfde7a5448127d7825dd90943?s=96&d=mm&r=g","caption":"Cristian Romero Velasco"},"url":"https:\/\/www.ceibcn.com\/en\/author\/cristian\/"}]}},"_links":{"self":[{"href":"https:\/\/www.ceibcn.com\/en\/wp-json\/wp\/v2\/posts\/1525","targetHints":{"allow":["GET"]}}],"collection":[{"href":"https:\/\/www.ceibcn.com\/en\/wp-json\/wp\/v2\/posts"}],"about":[{"href":"https:\/\/www.ceibcn.com\/en\/wp-json\/wp\/v2\/types\/post"}],"author":[{"embeddable":true,"href":"https:\/\/www.ceibcn.com\/en\/wp-json\/wp\/v2\/users\/6"}],"replies":[{"embeddable":true,"href":"https:\/\/www.ceibcn.com\/en\/wp-json\/wp\/v2\/comments?post=1525"}],"version-history":[{"count":0,"href":"https:\/\/www.ceibcn.com\/en\/wp-json\/wp\/v2\/posts\/1525\/revisions"}],"wp:featuredmedia":[{"embeddable":true,"href":"https:\/\/www.ceibcn.com\/en\/wp-json\/wp\/v2\/media\/1519"}],"wp:attachment":[{"href":"https:\/\/www.ceibcn.com\/en\/wp-json\/wp\/v2\/media?parent=1525"}],"wp:term":[{"taxonomy":"category","embeddable":true,"href":"https:\/\/www.ceibcn.com\/en\/wp-json\/wp\/v2\/categories?post=1525"},{"taxonomy":"post_tag","embeddable":true,"href":"https:\/\/www.ceibcn.com\/en\/wp-json\/wp\/v2\/tags?post=1525"}],"curies":[{"name":"wp","href":"https:\/\/api.w.org\/{rel}","templated":true}]}}