{"id":1545,"date":"2014-10-23T11:25:44","date_gmt":"2014-10-23T11:25:44","guid":{"rendered":"https:\/\/www.ceibcn.com\/2014\/10\/aula-internacional-encuentro-con-el-embajador-de-espana-en-berlin-alemania\/"},"modified":"2014-10-23T11:25:44","modified_gmt":"2014-10-23T11:25:44","slug":"aula-internacional-encuentro-con-el-embajador-de-espana-en-berlin-alemania","status":"publish","type":"post","link":"https:\/\/www.ceibcn.com\/en\/2014\/10\/aula-internacional-encuentro-con-el-embajador-de-espana-en-berlin-alemania\/","title":{"rendered":"Aula Internacional: Encuentro con el Embajador de Espa\u00f1a en Berl\u00edn, Alemania"},"content":{"rendered":"<h2>Presentaci\u00f3n<\/h2>\n<p>La Rep\u00fablica Federal de Alemania, situada en el Centro de Europa, es un pa\u00eds muy rico en todo tipo de bosques y de vegetaci\u00f3n y se caracteriza por un relieve muy monta\u00f1oso.<br \/>Como Rep\u00fablica Federal est\u00e1 integrada por trece Estados Federados y tres Ciudades-Estado. El idioma oficial es el alem\u00e1n y la moneda oficial es el euro.<\/p>\n<p>Ante la crisis econ\u00f3mica y financiera de los \u00faltimos a\u00f1os, Alemania viene desempe\u00f1ando un liderazgo clave en la formulaci\u00f3n de una respuesta europea coordinada para la superaci\u00f3n de la misma y ha venido asumiendo un protagonismo decisorio cada vez m\u00e1s destacado en la configuraci\u00f3n y validaci\u00f3n de la contribuci\u00f3n nacional alemana a los temas de la UE.<\/p>\n<p>El Exmo. Sr. Pablo Garc\u00eda-Berdoy, embajador de Espa\u00f1a en Berl\u00edn, expondr\u00e1 la situaci\u00f3n actual econ\u00f3mica, pol\u00edtica y social del pa\u00eds y su relaci\u00f3n con el estado espa\u00f1ol a nivel comercial y diplom\u00e1tico.<br \/>&nbsp;<br \/><a href=\"https:\/\/www.ceibcn.com\/wp-content\/uploads\/2014\/10\/ALEMANIA_FICHA20PAIS.compressed.pdf\"><\/a><\/p>\n<p><a href=\"https:\/\/www.ceibcn.com\/wp-content\/uploads\/2014\/10\/ALEMANIA_FICHA20PAIS.compressed.pdf\">Ver ficha completa del pa\u00eds<\/a><\/p>\n<p>&nbsp;<\/p>\n<h2>Encuentro con el embajador<\/h2>\n<p><span title=\"Data: 26\/11\/2013\"><strong>Fecha:<\/strong> 18\/11\/2014<\/span><\/p>\n<p><span title=\"Dirigida a: XXX\"><strong>Dirigida a:<\/strong> Periodistas y empresarios (por invitaci\u00f3n expresa del CEI International Affairs)<br \/><\/span><\/p>\n<p><span title=\"Sessi\u00f3 de mat\u00ed: de 13:30h.\"><strong>Horario:<\/strong> de 13:30 h. <\/span><span title=\"a 16:00h.\">a 16:00 h.<\/span><\/p>\n<p><span title=\"Lloc: Av.\"><strong>Lugar:<\/strong> Av. <\/span><span title=\"Vallvidrera, 25, Barcelona.\">Vallvidrera, 25. Barcelona.<\/span><\/p>\n<p><span title=\"Contacte: Sra.\"><strong>Contacto:<\/strong> Sra. \u00c0<\/span><span title=\"\u00c0ngels Vara\">ngels Vara<\/span><\/p>\n<p><span title=\"Preu: 75,00\u20ac.\"><strong>Precio:<\/strong> 75 Euros (correspondientes al almuerzo)<br \/><\/span><\/p>\n<p><span style=\"font-size-anulat: 9.5pt; line-height: 115%; font-family-anulat: arial,helvetica,sans-serif;\"><span title=\"Es prega confirmaci\u00f3 abans del XXX a la Sra.\">Se ruega confirmaci\u00f3n a trav\u00e9s del tel\u00e9fono 93 205 45 16 <\/span><span title=\"\u00c0ngels Vara ( &lt;a href=\"> o por correo electr\u00f3nico a <a href=\"mailto:avara-cei@ub.edu\">avara-cei@ub.edu<\/a><\/span><\/span><\/p>\n","protected":false},"excerpt":{"rendered":"<p>Presentaci\u00f3n La Rep\u00fablica Federal de Alemania, situada en el Centro de Europa, es un pa\u00eds muy rico en todo tipo de bosques y de vegetaci\u00f3n y se caracteriza por un relieve muy monta\u00f1oso.Como Rep\u00fablica Federal est\u00e1 integrada por trece Estados Federados y tres Ciudades-Estado. El idioma oficial es el alem\u00e1n y la moneda oficial es [&hellip;]<\/p>\n","protected":false},"author":6,"featured_media":0,"comment_status":"open","ping_status":"closed","sticky":false,"template":"","format":"standard","meta":{"_acf_changed":false,"_crdt_document":"","inline_featured_image":false,"footnotes":""},"categories":[25],"tags":[],"class_list":["post-1545","post","type-post","status-publish","format-standard","hentry","category-aula-internacional"],"acf":[],"yoast_head":"<!-- This site is optimized with the Yoast SEO plugin v27.0 - https:\/\/yoast.com\/product\/yoast-seo-wordpress\/ -->\n<title>Aula Internacional: Encuentro con el Embajador de Espa\u00f1a en Berl\u00edn, Alemania - CEI International Affairs<\/title>\n<meta name=\"robots\" content=\"index, follow, max-snippet:-1, max-image-preview:large, max-video-preview:-1\" \/>\n<link rel=\"canonical\" href=\"https:\/\/www.ceibcn.com\/en\/2014\/10\/aula-internacional-encuentro-con-el-embajador-de-espana-en-berlin-alemania\/\" \/>\n<meta property=\"og:locale\" content=\"en_US\" \/>\n<meta property=\"og:type\" content=\"article\" \/>\n<meta property=\"og:title\" content=\"Aula Internacional: Encuentro con el Embajador de Espa\u00f1a en Berl\u00edn, Alemania - CEI International Affairs\" \/>\n<meta property=\"og:description\" content=\"Presentaci\u00f3n La Rep\u00fablica Federal de Alemania, situada en el Centro de Europa, es un pa\u00eds muy rico en todo tipo de bosques y de vegetaci\u00f3n y se caracteriza por un relieve muy monta\u00f1oso.Como Rep\u00fablica Federal est\u00e1 integrada por trece Estados Federados y tres Ciudades-Estado. El idioma oficial es el alem\u00e1n y la moneda oficial es [&hellip;]\" \/>\n<meta property=\"og:url\" content=\"https:\/\/www.ceibcn.com\/en\/2014\/10\/aula-internacional-encuentro-con-el-embajador-de-espana-en-berlin-alemania\/\" \/>\n<meta property=\"og:site_name\" content=\"CEI International Affairs\" \/>\n<meta property=\"article:publisher\" content=\"https:\/\/www.facebook.com\/CEI.CentroDeEstudiosInternacionales\/\" \/>\n<meta property=\"article:published_time\" content=\"2014-10-23T11:25:44+00:00\" \/>\n<meta property=\"og:image\" content=\"https:\/\/www.ceibcn.com\/wp-content\/uploads\/2023\/01\/Logo-CEI.png\" \/>\n\t<meta property=\"og:image:width\" content=\"500\" \/>\n\t<meta property=\"og:image:height\" content=\"500\" \/>\n\t<meta property=\"og:image:type\" content=\"image\/png\" \/>\n<meta name=\"author\" content=\"Cristian Romero Velasco\" \/>\n<meta name=\"twitter:card\" content=\"summary_large_image\" \/>\n<meta name=\"twitter:creator\" content=\"@CEIbcn\" \/>\n<meta name=\"twitter:site\" content=\"@CEIbcn\" \/>\n<meta name=\"twitter:label1\" content=\"Written by\" \/>\n\t<meta name=\"twitter:data1\" content=\"Cristian Romero Velasco\" \/>\n\t<meta name=\"twitter:label2\" content=\"Est. reading time\" \/>\n\t<meta name=\"twitter:data2\" content=\"1 minute\" \/>\n<script type=\"application\/ld+json\" class=\"yoast-schema-graph\">{\"@context\":\"https:\/\/schema.org\",\"@graph\":[{\"@type\":\"Article\",\"@id\":\"https:\/\/www.ceibcn.com\/en\/2014\/10\/aula-internacional-encuentro-con-el-embajador-de-espana-en-berlin-alemania\/#article\",\"isPartOf\":{\"@id\":\"https:\/\/www.ceibcn.com\/en\/2014\/10\/aula-internacional-encuentro-con-el-embajador-de-espana-en-berlin-alemania\/\"},\"author\":{\"name\":\"Cristian Romero Velasco\",\"@id\":\"https:\/\/www.ceibcn.com\/en\/#\/schema\/person\/4ef9992ee2fbd3987a5e1834e5d5808d\"},\"headline\":\"Aula Internacional: Encuentro con el Embajador de Espa\u00f1a en Berl\u00edn, Alemania\",\"datePublished\":\"2014-10-23T11:25:44+00:00\",\"mainEntityOfPage\":{\"@id\":\"https:\/\/www.ceibcn.com\/en\/2014\/10\/aula-internacional-encuentro-con-el-embajador-de-espana-en-berlin-alemania\/\"},\"wordCount\":249,\"commentCount\":0,\"publisher\":{\"@id\":\"https:\/\/www.ceibcn.com\/en\/#organization\"},\"articleSection\":[\"Aula Internacional\"],\"inLanguage\":\"en-US\",\"potentialAction\":[{\"@type\":\"CommentAction\",\"name\":\"Comment\",\"target\":[\"https:\/\/www.ceibcn.com\/en\/2014\/10\/aula-internacional-encuentro-con-el-embajador-de-espana-en-berlin-alemania\/#respond\"]}]},{\"@type\":\"WebPage\",\"@id\":\"https:\/\/www.ceibcn.com\/en\/2014\/10\/aula-internacional-encuentro-con-el-embajador-de-espana-en-berlin-alemania\/\",\"url\":\"https:\/\/www.ceibcn.com\/en\/2014\/10\/aula-internacional-encuentro-con-el-embajador-de-espana-en-berlin-alemania\/\",\"name\":\"Aula Internacional: Encuentro con el Embajador de Espa\u00f1a en Berl\u00edn, Alemania - CEI International Affairs\",\"isPartOf\":{\"@id\":\"https:\/\/www.ceibcn.com\/en\/#website\"},\"datePublished\":\"2014-10-23T11:25:44+00:00\",\"breadcrumb\":{\"@id\":\"https:\/\/www.ceibcn.com\/en\/2014\/10\/aula-internacional-encuentro-con-el-embajador-de-espana-en-berlin-alemania\/#breadcrumb\"},\"inLanguage\":\"en-US\",\"potentialAction\":[{\"@type\":\"ReadAction\",\"target\":[\"https:\/\/www.ceibcn.com\/en\/2014\/10\/aula-internacional-encuentro-con-el-embajador-de-espana-en-berlin-alemania\/\"]}]},{\"@type\":\"BreadcrumbList\",\"@id\":\"https:\/\/www.ceibcn.com\/en\/2014\/10\/aula-internacional-encuentro-con-el-embajador-de-espana-en-berlin-alemania\/#breadcrumb\",\"itemListElement\":[{\"@type\":\"ListItem\",\"position\":1,\"name\":\"Portada\",\"item\":\"https:\/\/www.ceibcn.com\/en\/\"},{\"@type\":\"ListItem\",\"position\":2,\"name\":\"Aula Internacional: Encuentro con el Embajador de Espa\u00f1a en Berl\u00edn, Alemania\"}]},{\"@type\":\"WebSite\",\"@id\":\"https:\/\/www.ceibcn.com\/en\/#website\",\"url\":\"https:\/\/www.ceibcn.com\/en\/\",\"name\":\"CEI International Affairs\",\"description\":\"CEI International Affairs\",\"publisher\":{\"@id\":\"https:\/\/www.ceibcn.com\/en\/#organization\"},\"alternateName\":\"CEI International Affairs\",\"potentialAction\":[{\"@type\":\"SearchAction\",\"target\":{\"@type\":\"EntryPoint\",\"urlTemplate\":\"https:\/\/www.ceibcn.com\/en\/?s={search_term_string}\"},\"query-input\":{\"@type\":\"PropertyValueSpecification\",\"valueRequired\":true,\"valueName\":\"search_term_string\"}}],\"inLanguage\":\"en-US\"},{\"@type\":\"Organization\",\"@id\":\"https:\/\/www.ceibcn.com\/en\/#organization\",\"name\":\"CEI International Affairs\",\"url\":\"https:\/\/www.ceibcn.com\/en\/\",\"logo\":{\"@type\":\"ImageObject\",\"inLanguage\":\"en-US\",\"@id\":\"https:\/\/www.ceibcn.com\/en\/#\/schema\/logo\/image\/\",\"url\":\"https:\/\/www.ceibcn.com\/wp-content\/uploads\/2021\/09\/CeiLogo_EscuelaDiploVectorized_vectorizedSIN_FONDO.png\",\"contentUrl\":\"https:\/\/www.ceibcn.com\/wp-content\/uploads\/2021\/09\/CeiLogo_EscuelaDiploVectorized_vectorizedSIN_FONDO.png\",\"width\":1591,\"height\":629,\"caption\":\"CEI International Affairs\"},\"image\":{\"@id\":\"https:\/\/www.ceibcn.com\/en\/#\/schema\/logo\/image\/\"},\"sameAs\":[\"https:\/\/www.facebook.com\/CEI.CentroDeEstudiosInternacionales\/\",\"https:\/\/x.com\/CEIbcn\",\"https:\/\/www.instagram.com\/cei_international\/\"]},{\"@type\":\"Person\",\"@id\":\"https:\/\/www.ceibcn.com\/en\/#\/schema\/person\/4ef9992ee2fbd3987a5e1834e5d5808d\",\"name\":\"Cristian Romero Velasco\",\"image\":{\"@type\":\"ImageObject\",\"inLanguage\":\"en-US\",\"@id\":\"https:\/\/www.ceibcn.com\/en\/#\/schema\/person\/image\/\",\"url\":\"https:\/\/secure.gravatar.com\/avatar\/d78c33ad7f1570635ae9c9cb6274fe682bd5872dfde7a5448127d7825dd90943?s=96&d=mm&r=g\",\"contentUrl\":\"https:\/\/secure.gravatar.com\/avatar\/d78c33ad7f1570635ae9c9cb6274fe682bd5872dfde7a5448127d7825dd90943?s=96&d=mm&r=g\",\"caption\":\"Cristian Romero Velasco\"},\"url\":\"https:\/\/www.ceibcn.com\/en\/author\/cristian\/\"}]}<\/script>\n<!-- \/ Yoast SEO plugin. -->","yoast_head_json":{"title":"Aula Internacional: Encuentro con el Embajador de Espa\u00f1a en Berl\u00edn, Alemania - CEI International Affairs","robots":{"index":"index","follow":"follow","max-snippet":"max-snippet:-1","max-image-preview":"max-image-preview:large","max-video-preview":"max-video-preview:-1"},"canonical":"https:\/\/www.ceibcn.com\/en\/2014\/10\/aula-internacional-encuentro-con-el-embajador-de-espana-en-berlin-alemania\/","og_locale":"en_US","og_type":"article","og_title":"Aula Internacional: Encuentro con el Embajador de Espa\u00f1a en Berl\u00edn, Alemania - CEI International Affairs","og_description":"Presentaci\u00f3n La Rep\u00fablica Federal de Alemania, situada en el Centro de Europa, es un pa\u00eds muy rico en todo tipo de bosques y de vegetaci\u00f3n y se caracteriza por un relieve muy monta\u00f1oso.Como Rep\u00fablica Federal est\u00e1 integrada por trece Estados Federados y tres Ciudades-Estado. El idioma oficial es el alem\u00e1n y la moneda oficial es [&hellip;]","og_url":"https:\/\/www.ceibcn.com\/en\/2014\/10\/aula-internacional-encuentro-con-el-embajador-de-espana-en-berlin-alemania\/","og_site_name":"CEI International Affairs","article_publisher":"https:\/\/www.facebook.com\/CEI.CentroDeEstudiosInternacionales\/","article_published_time":"2014-10-23T11:25:44+00:00","og_image":[{"width":500,"height":500,"url":"https:\/\/www.ceibcn.com\/wp-content\/uploads\/2023\/01\/Logo-CEI.png","type":"image\/png"}],"author":"Cristian Romero Velasco","twitter_card":"summary_large_image","twitter_creator":"@CEIbcn","twitter_site":"@CEIbcn","twitter_misc":{"Written by":"Cristian Romero Velasco","Est. reading time":"1 minute"},"schema":{"@context":"https:\/\/schema.org","@graph":[{"@type":"Article","@id":"https:\/\/www.ceibcn.com\/en\/2014\/10\/aula-internacional-encuentro-con-el-embajador-de-espana-en-berlin-alemania\/#article","isPartOf":{"@id":"https:\/\/www.ceibcn.com\/en\/2014\/10\/aula-internacional-encuentro-con-el-embajador-de-espana-en-berlin-alemania\/"},"author":{"name":"Cristian Romero Velasco","@id":"https:\/\/www.ceibcn.com\/en\/#\/schema\/person\/4ef9992ee2fbd3987a5e1834e5d5808d"},"headline":"Aula Internacional: Encuentro con el Embajador de Espa\u00f1a en Berl\u00edn, Alemania","datePublished":"2014-10-23T11:25:44+00:00","mainEntityOfPage":{"@id":"https:\/\/www.ceibcn.com\/en\/2014\/10\/aula-internacional-encuentro-con-el-embajador-de-espana-en-berlin-alemania\/"},"wordCount":249,"commentCount":0,"publisher":{"@id":"https:\/\/www.ceibcn.com\/en\/#organization"},"articleSection":["Aula Internacional"],"inLanguage":"en-US","potentialAction":[{"@type":"CommentAction","name":"Comment","target":["https:\/\/www.ceibcn.com\/en\/2014\/10\/aula-internacional-encuentro-con-el-embajador-de-espana-en-berlin-alemania\/#respond"]}]},{"@type":"WebPage","@id":"https:\/\/www.ceibcn.com\/en\/2014\/10\/aula-internacional-encuentro-con-el-embajador-de-espana-en-berlin-alemania\/","url":"https:\/\/www.ceibcn.com\/en\/2014\/10\/aula-internacional-encuentro-con-el-embajador-de-espana-en-berlin-alemania\/","name":"Aula Internacional: Encuentro con el Embajador de Espa\u00f1a en Berl\u00edn, Alemania - CEI International Affairs","isPartOf":{"@id":"https:\/\/www.ceibcn.com\/en\/#website"},"datePublished":"2014-10-23T11:25:44+00:00","breadcrumb":{"@id":"https:\/\/www.ceibcn.com\/en\/2014\/10\/aula-internacional-encuentro-con-el-embajador-de-espana-en-berlin-alemania\/#breadcrumb"},"inLanguage":"en-US","potentialAction":[{"@type":"ReadAction","target":["https:\/\/www.ceibcn.com\/en\/2014\/10\/aula-internacional-encuentro-con-el-embajador-de-espana-en-berlin-alemania\/"]}]},{"@type":"BreadcrumbList","@id":"https:\/\/www.ceibcn.com\/en\/2014\/10\/aula-internacional-encuentro-con-el-embajador-de-espana-en-berlin-alemania\/#breadcrumb","itemListElement":[{"@type":"ListItem","position":1,"name":"Portada","item":"https:\/\/www.ceibcn.com\/en\/"},{"@type":"ListItem","position":2,"name":"Aula Internacional: Encuentro con el Embajador de Espa\u00f1a en Berl\u00edn, Alemania"}]},{"@type":"WebSite","@id":"https:\/\/www.ceibcn.com\/en\/#website","url":"https:\/\/www.ceibcn.com\/en\/","name":"CEI International Affairs","description":"CEI International Affairs","publisher":{"@id":"https:\/\/www.ceibcn.com\/en\/#organization"},"alternateName":"CEI International Affairs","potentialAction":[{"@type":"SearchAction","target":{"@type":"EntryPoint","urlTemplate":"https:\/\/www.ceibcn.com\/en\/?s={search_term_string}"},"query-input":{"@type":"PropertyValueSpecification","valueRequired":true,"valueName":"search_term_string"}}],"inLanguage":"en-US"},{"@type":"Organization","@id":"https:\/\/www.ceibcn.com\/en\/#organization","name":"CEI International Affairs","url":"https:\/\/www.ceibcn.com\/en\/","logo":{"@type":"ImageObject","inLanguage":"en-US","@id":"https:\/\/www.ceibcn.com\/en\/#\/schema\/logo\/image\/","url":"https:\/\/www.ceibcn.com\/wp-content\/uploads\/2021\/09\/CeiLogo_EscuelaDiploVectorized_vectorizedSIN_FONDO.png","contentUrl":"https:\/\/www.ceibcn.com\/wp-content\/uploads\/2021\/09\/CeiLogo_EscuelaDiploVectorized_vectorizedSIN_FONDO.png","width":1591,"height":629,"caption":"CEI International Affairs"},"image":{"@id":"https:\/\/www.ceibcn.com\/en\/#\/schema\/logo\/image\/"},"sameAs":["https:\/\/www.facebook.com\/CEI.CentroDeEstudiosInternacionales\/","https:\/\/x.com\/CEIbcn","https:\/\/www.instagram.com\/cei_international\/"]},{"@type":"Person","@id":"https:\/\/www.ceibcn.com\/en\/#\/schema\/person\/4ef9992ee2fbd3987a5e1834e5d5808d","name":"Cristian Romero Velasco","image":{"@type":"ImageObject","inLanguage":"en-US","@id":"https:\/\/www.ceibcn.com\/en\/#\/schema\/person\/image\/","url":"https:\/\/secure.gravatar.com\/avatar\/d78c33ad7f1570635ae9c9cb6274fe682bd5872dfde7a5448127d7825dd90943?s=96&d=mm&r=g","contentUrl":"https:\/\/secure.gravatar.com\/avatar\/d78c33ad7f1570635ae9c9cb6274fe682bd5872dfde7a5448127d7825dd90943?s=96&d=mm&r=g","caption":"Cristian Romero Velasco"},"url":"https:\/\/www.ceibcn.com\/en\/author\/cristian\/"}]}},"_links":{"self":[{"href":"https:\/\/www.ceibcn.com\/en\/wp-json\/wp\/v2\/posts\/1545","targetHints":{"allow":["GET"]}}],"collection":[{"href":"https:\/\/www.ceibcn.com\/en\/wp-json\/wp\/v2\/posts"}],"about":[{"href":"https:\/\/www.ceibcn.com\/en\/wp-json\/wp\/v2\/types\/post"}],"author":[{"embeddable":true,"href":"https:\/\/www.ceibcn.com\/en\/wp-json\/wp\/v2\/users\/6"}],"replies":[{"embeddable":true,"href":"https:\/\/www.ceibcn.com\/en\/wp-json\/wp\/v2\/comments?post=1545"}],"version-history":[{"count":0,"href":"https:\/\/www.ceibcn.com\/en\/wp-json\/wp\/v2\/posts\/1545\/revisions"}],"wp:attachment":[{"href":"https:\/\/www.ceibcn.com\/en\/wp-json\/wp\/v2\/media?parent=1545"}],"wp:term":[{"taxonomy":"category","embeddable":true,"href":"https:\/\/www.ceibcn.com\/en\/wp-json\/wp\/v2\/categories?post=1545"},{"taxonomy":"post_tag","embeddable":true,"href":"https:\/\/www.ceibcn.com\/en\/wp-json\/wp\/v2\/tags?post=1545"}],"curies":[{"name":"wp","href":"https:\/\/api.w.org\/{rel}","templated":true}]}}