{"id":1547,"date":"2014-10-23T12:12:51","date_gmt":"2014-10-23T12:12:51","guid":{"rendered":"https:\/\/www.ceibcn.com\/2014\/10\/conferencia-sessio-alemanya\/"},"modified":"2014-10-23T12:12:51","modified_gmt":"2014-10-23T12:12:51","slug":"conferencia-sessio-alemanya","status":"publish","type":"post","link":"https:\/\/www.ceibcn.com\/en\/2014\/10\/conferencia-sessio-alemanya\/","title":{"rendered":"Confer\u00e8ncia Sessi\u00f3 Alemanya"},"content":{"rendered":"<p>El proper dimarts 18 de novembre, l&#8217;ambaixador d&#8217;Espanya a Berl\u00edn, Alemanya, oferir\u00e0 una conferencia a la qual tractar\u00e0 la situaci\u00f3 actual econ\u00f2mica, pol\u00edtica i social del pa\u00eds i la seva relaci\u00f3 amb Espanya.<\/p>\n<p><!--more--><\/p>\n<h2>Presentaci\u00f3<\/h2>\n<p>La Rep\u00fablica Federal d&#8217;Alemanya, situada al Centre d&#8217;Europa, \u00e9s un pa\u00eds molt ric en tot tipus de boscos i vegetaci\u00f3 i es caracteritza per un relleu molt muntany\u00f3s.<\/p>\n<p>Com a Rep\u00fablica Federal est\u00e0 integrada por tretze Estats Federats i tres Ciutats-Estat. L&#8217;idioma oficial \u00e9s l&#8217;alemany i la moneda oficial \u00e9s l&#8217;euro.<\/p>\n<p>Davant la crisi econ\u00f2mica i financiera dels \u00faltims anys, Alemanya exerceix un lideratge clau en la formulaci\u00f3 d&#8217;una resposta europea coordinada per a la superaci\u00f3 de la mateixa i ha assumit un protagonisme decisori cada cop m\u00e9s destacat a la configuraci\u00f3 i validaci\u00f3 de la contribuci\u00f3 nacional alemanya als temes de la UE.<\/p>\n<p>L&#8217;Ecm. Sr. Pablo Garc\u00eda-Berdoy, ambaixador d&#8217;Espanya a Berl\u00edn, exposar\u00e0 la situaci\u00f3 actual econ\u00f2mica, pol\u00edtica i social del pa\u00eds i la seva relaci\u00f3 amb l&#8217;estat espanyol a nivell comercial i diplom\u00e0tic.<br \/>&nbsp;<\/p>\n<p><a href=\"https:\/\/www.ceibcn.com\/wp-content\/uploads\/2014\/10\/ALEMANIA_FICHA20PAIS.compressed.pdf\">Veure la fitxa completa del pa\u00eds<\/a><\/p>\n<h2>&nbsp;<\/h2>\n<h2>Confer\u00e8ncia<\/h2>\n<p><span title=\"Data: 26\/11\/2013\"><strong>Data:<\/strong> 18\/11\/2014<\/span><\/p>\n<p><span title=\"Dirigida a: XXX\"><strong>Dirigida a:<\/strong> Obert a tot el p\u00fablic<br \/><\/span><\/p>\n<p><span title=\"Sessi\u00f3 de mat\u00ed: de 13:30h.\"><strong>Horari:<\/strong> 17:30h<\/span><span title=\"a 16:00h.\"><br \/><\/span><\/p>\n<p><span title=\"Lloc: Av.\"><strong>Lloc:<\/strong> Sal\u00f3 de Graus. Facultat de Dret. Universitat de Barcelona<\/span><\/p>\n<p><span title=\"Contacte: Sra.\"><strong>Contacte:<\/strong> Sra. \u00c0<\/span><span title=\"\u00c0ngels Vara\">ngels Vara<\/span><\/p>\n<p><span style=\"font-size-anulat: 9.5pt; line-height: 115%; font-family-anulat: arial,helvetica,sans-serif;\"><span title=\"Es prega confirmaci\u00f3 abans del XXX a la Sra.\">Es prega confirmaci\u00f3 a trav\u00e9s del tel\u00e8fon 93 205 45 16 <\/span><span title=\"\u00c0ngels Vara ( &lt;a href=\"> o per correu electr\u00f2nic a <a href=\"mailto:avara-cei@ub.edu\">avara-cei@ub.edu<\/a><\/span><\/span><\/p>\n","protected":false},"excerpt":{"rendered":"<p>El proper dimarts 18 de novembre, l&#8217;ambaixador d&#8217;Espanya a Berl\u00edn, Alemanya, oferir\u00e0 una conferencia a la qual tractar\u00e0 la situaci\u00f3 actual econ\u00f2mica, pol\u00edtica i social del pa\u00eds i la seva relaci\u00f3 amb Espanya.<\/p>\n","protected":false},"author":6,"featured_media":0,"comment_status":"open","ping_status":"closed","sticky":false,"template":"","format":"standard","meta":{"_acf_changed":false,"_crdt_document":"","inline_featured_image":false,"footnotes":""},"categories":[25],"tags":[],"class_list":["post-1547","post","type-post","status-publish","format-standard","hentry","category-aula-internacional"],"acf":[],"yoast_head":"<!-- This site is optimized with the Yoast SEO plugin v27.0 - https:\/\/yoast.com\/product\/yoast-seo-wordpress\/ -->\n<title>Confer\u00e8ncia Sessi\u00f3 Alemanya - CEI International Affairs<\/title>\n<meta name=\"robots\" content=\"index, follow, max-snippet:-1, max-image-preview:large, max-video-preview:-1\" \/>\n<link rel=\"canonical\" href=\"https:\/\/www.ceibcn.com\/en\/2014\/10\/conferencia-sessio-alemanya\/\" \/>\n<meta property=\"og:locale\" content=\"en_US\" \/>\n<meta property=\"og:type\" content=\"article\" \/>\n<meta property=\"og:title\" content=\"Confer\u00e8ncia Sessi\u00f3 Alemanya - CEI International Affairs\" \/>\n<meta property=\"og:description\" content=\"El proper dimarts 18 de novembre, l&#8217;ambaixador d&#8217;Espanya a Berl\u00edn, Alemanya, oferir\u00e0 una conferencia a la qual tractar\u00e0 la situaci\u00f3 actual econ\u00f2mica, pol\u00edtica i social del pa\u00eds i la seva relaci\u00f3 amb Espanya.\" \/>\n<meta property=\"og:url\" content=\"https:\/\/www.ceibcn.com\/en\/2014\/10\/conferencia-sessio-alemanya\/\" \/>\n<meta property=\"og:site_name\" content=\"CEI International Affairs\" \/>\n<meta property=\"article:publisher\" content=\"https:\/\/www.facebook.com\/CEI.CentroDeEstudiosInternacionales\/\" \/>\n<meta property=\"article:published_time\" content=\"2014-10-23T12:12:51+00:00\" \/>\n<meta property=\"og:image\" content=\"https:\/\/www.ceibcn.com\/wp-content\/uploads\/2023\/01\/Logo-CEI.png\" \/>\n\t<meta property=\"og:image:width\" content=\"500\" \/>\n\t<meta property=\"og:image:height\" content=\"500\" \/>\n\t<meta property=\"og:image:type\" content=\"image\/png\" \/>\n<meta name=\"author\" content=\"Cristian Romero Velasco\" \/>\n<meta name=\"twitter:card\" content=\"summary_large_image\" \/>\n<meta name=\"twitter:creator\" content=\"@CEIbcn\" \/>\n<meta name=\"twitter:site\" content=\"@CEIbcn\" \/>\n<meta name=\"twitter:label1\" content=\"Written by\" \/>\n\t<meta name=\"twitter:data1\" content=\"Cristian Romero Velasco\" \/>\n\t<meta name=\"twitter:label2\" content=\"Est. reading time\" \/>\n\t<meta name=\"twitter:data2\" content=\"1 minute\" \/>\n<script type=\"application\/ld+json\" class=\"yoast-schema-graph\">{\"@context\":\"https:\/\/schema.org\",\"@graph\":[{\"@type\":\"Article\",\"@id\":\"https:\/\/www.ceibcn.com\/en\/2014\/10\/conferencia-sessio-alemanya\/#article\",\"isPartOf\":{\"@id\":\"https:\/\/www.ceibcn.com\/en\/2014\/10\/conferencia-sessio-alemanya\/\"},\"author\":{\"name\":\"Cristian Romero Velasco\",\"@id\":\"https:\/\/www.ceibcn.com\/en\/#\/schema\/person\/4ef9992ee2fbd3987a5e1834e5d5808d\"},\"headline\":\"Confer\u00e8ncia Sessi\u00f3 Alemanya\",\"datePublished\":\"2014-10-23T12:12:51+00:00\",\"mainEntityOfPage\":{\"@id\":\"https:\/\/www.ceibcn.com\/en\/2014\/10\/conferencia-sessio-alemanya\/\"},\"wordCount\":252,\"commentCount\":0,\"publisher\":{\"@id\":\"https:\/\/www.ceibcn.com\/en\/#organization\"},\"articleSection\":[\"Aula Internacional\"],\"inLanguage\":\"en-US\",\"potentialAction\":[{\"@type\":\"CommentAction\",\"name\":\"Comment\",\"target\":[\"https:\/\/www.ceibcn.com\/en\/2014\/10\/conferencia-sessio-alemanya\/#respond\"]}]},{\"@type\":\"WebPage\",\"@id\":\"https:\/\/www.ceibcn.com\/en\/2014\/10\/conferencia-sessio-alemanya\/\",\"url\":\"https:\/\/www.ceibcn.com\/en\/2014\/10\/conferencia-sessio-alemanya\/\",\"name\":\"Confer\u00e8ncia Sessi\u00f3 Alemanya - CEI International Affairs\",\"isPartOf\":{\"@id\":\"https:\/\/www.ceibcn.com\/en\/#website\"},\"datePublished\":\"2014-10-23T12:12:51+00:00\",\"breadcrumb\":{\"@id\":\"https:\/\/www.ceibcn.com\/en\/2014\/10\/conferencia-sessio-alemanya\/#breadcrumb\"},\"inLanguage\":\"en-US\",\"potentialAction\":[{\"@type\":\"ReadAction\",\"target\":[\"https:\/\/www.ceibcn.com\/en\/2014\/10\/conferencia-sessio-alemanya\/\"]}]},{\"@type\":\"BreadcrumbList\",\"@id\":\"https:\/\/www.ceibcn.com\/en\/2014\/10\/conferencia-sessio-alemanya\/#breadcrumb\",\"itemListElement\":[{\"@type\":\"ListItem\",\"position\":1,\"name\":\"Portada\",\"item\":\"https:\/\/www.ceibcn.com\/en\/\"},{\"@type\":\"ListItem\",\"position\":2,\"name\":\"Confer\u00e8ncia Sessi\u00f3 Alemanya\"}]},{\"@type\":\"WebSite\",\"@id\":\"https:\/\/www.ceibcn.com\/en\/#website\",\"url\":\"https:\/\/www.ceibcn.com\/en\/\",\"name\":\"CEI International Affairs\",\"description\":\"CEI International Affairs\",\"publisher\":{\"@id\":\"https:\/\/www.ceibcn.com\/en\/#organization\"},\"alternateName\":\"CEI International Affairs\",\"potentialAction\":[{\"@type\":\"SearchAction\",\"target\":{\"@type\":\"EntryPoint\",\"urlTemplate\":\"https:\/\/www.ceibcn.com\/en\/?s={search_term_string}\"},\"query-input\":{\"@type\":\"PropertyValueSpecification\",\"valueRequired\":true,\"valueName\":\"search_term_string\"}}],\"inLanguage\":\"en-US\"},{\"@type\":\"Organization\",\"@id\":\"https:\/\/www.ceibcn.com\/en\/#organization\",\"name\":\"CEI International Affairs\",\"url\":\"https:\/\/www.ceibcn.com\/en\/\",\"logo\":{\"@type\":\"ImageObject\",\"inLanguage\":\"en-US\",\"@id\":\"https:\/\/www.ceibcn.com\/en\/#\/schema\/logo\/image\/\",\"url\":\"https:\/\/www.ceibcn.com\/wp-content\/uploads\/2021\/09\/CeiLogo_EscuelaDiploVectorized_vectorizedSIN_FONDO.png\",\"contentUrl\":\"https:\/\/www.ceibcn.com\/wp-content\/uploads\/2021\/09\/CeiLogo_EscuelaDiploVectorized_vectorizedSIN_FONDO.png\",\"width\":1591,\"height\":629,\"caption\":\"CEI International Affairs\"},\"image\":{\"@id\":\"https:\/\/www.ceibcn.com\/en\/#\/schema\/logo\/image\/\"},\"sameAs\":[\"https:\/\/www.facebook.com\/CEI.CentroDeEstudiosInternacionales\/\",\"https:\/\/x.com\/CEIbcn\",\"https:\/\/www.instagram.com\/cei_international\/\"]},{\"@type\":\"Person\",\"@id\":\"https:\/\/www.ceibcn.com\/en\/#\/schema\/person\/4ef9992ee2fbd3987a5e1834e5d5808d\",\"name\":\"Cristian Romero Velasco\",\"image\":{\"@type\":\"ImageObject\",\"inLanguage\":\"en-US\",\"@id\":\"https:\/\/www.ceibcn.com\/en\/#\/schema\/person\/image\/\",\"url\":\"https:\/\/secure.gravatar.com\/avatar\/d78c33ad7f1570635ae9c9cb6274fe682bd5872dfde7a5448127d7825dd90943?s=96&d=mm&r=g\",\"contentUrl\":\"https:\/\/secure.gravatar.com\/avatar\/d78c33ad7f1570635ae9c9cb6274fe682bd5872dfde7a5448127d7825dd90943?s=96&d=mm&r=g\",\"caption\":\"Cristian Romero Velasco\"},\"url\":\"https:\/\/www.ceibcn.com\/en\/author\/cristian\/\"}]}<\/script>\n<!-- \/ Yoast SEO plugin. -->","yoast_head_json":{"title":"Confer\u00e8ncia Sessi\u00f3 Alemanya - CEI International Affairs","robots":{"index":"index","follow":"follow","max-snippet":"max-snippet:-1","max-image-preview":"max-image-preview:large","max-video-preview":"max-video-preview:-1"},"canonical":"https:\/\/www.ceibcn.com\/en\/2014\/10\/conferencia-sessio-alemanya\/","og_locale":"en_US","og_type":"article","og_title":"Confer\u00e8ncia Sessi\u00f3 Alemanya - CEI International Affairs","og_description":"El proper dimarts 18 de novembre, l&#8217;ambaixador d&#8217;Espanya a Berl\u00edn, Alemanya, oferir\u00e0 una conferencia a la qual tractar\u00e0 la situaci\u00f3 actual econ\u00f2mica, pol\u00edtica i social del pa\u00eds i la seva relaci\u00f3 amb Espanya.","og_url":"https:\/\/www.ceibcn.com\/en\/2014\/10\/conferencia-sessio-alemanya\/","og_site_name":"CEI International Affairs","article_publisher":"https:\/\/www.facebook.com\/CEI.CentroDeEstudiosInternacionales\/","article_published_time":"2014-10-23T12:12:51+00:00","og_image":[{"width":500,"height":500,"url":"https:\/\/www.ceibcn.com\/wp-content\/uploads\/2023\/01\/Logo-CEI.png","type":"image\/png"}],"author":"Cristian Romero Velasco","twitter_card":"summary_large_image","twitter_creator":"@CEIbcn","twitter_site":"@CEIbcn","twitter_misc":{"Written by":"Cristian Romero Velasco","Est. reading time":"1 minute"},"schema":{"@context":"https:\/\/schema.org","@graph":[{"@type":"Article","@id":"https:\/\/www.ceibcn.com\/en\/2014\/10\/conferencia-sessio-alemanya\/#article","isPartOf":{"@id":"https:\/\/www.ceibcn.com\/en\/2014\/10\/conferencia-sessio-alemanya\/"},"author":{"name":"Cristian Romero Velasco","@id":"https:\/\/www.ceibcn.com\/en\/#\/schema\/person\/4ef9992ee2fbd3987a5e1834e5d5808d"},"headline":"Confer\u00e8ncia Sessi\u00f3 Alemanya","datePublished":"2014-10-23T12:12:51+00:00","mainEntityOfPage":{"@id":"https:\/\/www.ceibcn.com\/en\/2014\/10\/conferencia-sessio-alemanya\/"},"wordCount":252,"commentCount":0,"publisher":{"@id":"https:\/\/www.ceibcn.com\/en\/#organization"},"articleSection":["Aula Internacional"],"inLanguage":"en-US","potentialAction":[{"@type":"CommentAction","name":"Comment","target":["https:\/\/www.ceibcn.com\/en\/2014\/10\/conferencia-sessio-alemanya\/#respond"]}]},{"@type":"WebPage","@id":"https:\/\/www.ceibcn.com\/en\/2014\/10\/conferencia-sessio-alemanya\/","url":"https:\/\/www.ceibcn.com\/en\/2014\/10\/conferencia-sessio-alemanya\/","name":"Confer\u00e8ncia Sessi\u00f3 Alemanya - CEI International Affairs","isPartOf":{"@id":"https:\/\/www.ceibcn.com\/en\/#website"},"datePublished":"2014-10-23T12:12:51+00:00","breadcrumb":{"@id":"https:\/\/www.ceibcn.com\/en\/2014\/10\/conferencia-sessio-alemanya\/#breadcrumb"},"inLanguage":"en-US","potentialAction":[{"@type":"ReadAction","target":["https:\/\/www.ceibcn.com\/en\/2014\/10\/conferencia-sessio-alemanya\/"]}]},{"@type":"BreadcrumbList","@id":"https:\/\/www.ceibcn.com\/en\/2014\/10\/conferencia-sessio-alemanya\/#breadcrumb","itemListElement":[{"@type":"ListItem","position":1,"name":"Portada","item":"https:\/\/www.ceibcn.com\/en\/"},{"@type":"ListItem","position":2,"name":"Confer\u00e8ncia Sessi\u00f3 Alemanya"}]},{"@type":"WebSite","@id":"https:\/\/www.ceibcn.com\/en\/#website","url":"https:\/\/www.ceibcn.com\/en\/","name":"CEI International Affairs","description":"CEI International Affairs","publisher":{"@id":"https:\/\/www.ceibcn.com\/en\/#organization"},"alternateName":"CEI International Affairs","potentialAction":[{"@type":"SearchAction","target":{"@type":"EntryPoint","urlTemplate":"https:\/\/www.ceibcn.com\/en\/?s={search_term_string}"},"query-input":{"@type":"PropertyValueSpecification","valueRequired":true,"valueName":"search_term_string"}}],"inLanguage":"en-US"},{"@type":"Organization","@id":"https:\/\/www.ceibcn.com\/en\/#organization","name":"CEI International Affairs","url":"https:\/\/www.ceibcn.com\/en\/","logo":{"@type":"ImageObject","inLanguage":"en-US","@id":"https:\/\/www.ceibcn.com\/en\/#\/schema\/logo\/image\/","url":"https:\/\/www.ceibcn.com\/wp-content\/uploads\/2021\/09\/CeiLogo_EscuelaDiploVectorized_vectorizedSIN_FONDO.png","contentUrl":"https:\/\/www.ceibcn.com\/wp-content\/uploads\/2021\/09\/CeiLogo_EscuelaDiploVectorized_vectorizedSIN_FONDO.png","width":1591,"height":629,"caption":"CEI International Affairs"},"image":{"@id":"https:\/\/www.ceibcn.com\/en\/#\/schema\/logo\/image\/"},"sameAs":["https:\/\/www.facebook.com\/CEI.CentroDeEstudiosInternacionales\/","https:\/\/x.com\/CEIbcn","https:\/\/www.instagram.com\/cei_international\/"]},{"@type":"Person","@id":"https:\/\/www.ceibcn.com\/en\/#\/schema\/person\/4ef9992ee2fbd3987a5e1834e5d5808d","name":"Cristian Romero Velasco","image":{"@type":"ImageObject","inLanguage":"en-US","@id":"https:\/\/www.ceibcn.com\/en\/#\/schema\/person\/image\/","url":"https:\/\/secure.gravatar.com\/avatar\/d78c33ad7f1570635ae9c9cb6274fe682bd5872dfde7a5448127d7825dd90943?s=96&d=mm&r=g","contentUrl":"https:\/\/secure.gravatar.com\/avatar\/d78c33ad7f1570635ae9c9cb6274fe682bd5872dfde7a5448127d7825dd90943?s=96&d=mm&r=g","caption":"Cristian Romero Velasco"},"url":"https:\/\/www.ceibcn.com\/en\/author\/cristian\/"}]}},"_links":{"self":[{"href":"https:\/\/www.ceibcn.com\/en\/wp-json\/wp\/v2\/posts\/1547","targetHints":{"allow":["GET"]}}],"collection":[{"href":"https:\/\/www.ceibcn.com\/en\/wp-json\/wp\/v2\/posts"}],"about":[{"href":"https:\/\/www.ceibcn.com\/en\/wp-json\/wp\/v2\/types\/post"}],"author":[{"embeddable":true,"href":"https:\/\/www.ceibcn.com\/en\/wp-json\/wp\/v2\/users\/6"}],"replies":[{"embeddable":true,"href":"https:\/\/www.ceibcn.com\/en\/wp-json\/wp\/v2\/comments?post=1547"}],"version-history":[{"count":0,"href":"https:\/\/www.ceibcn.com\/en\/wp-json\/wp\/v2\/posts\/1547\/revisions"}],"wp:attachment":[{"href":"https:\/\/www.ceibcn.com\/en\/wp-json\/wp\/v2\/media?parent=1547"}],"wp:term":[{"taxonomy":"category","embeddable":true,"href":"https:\/\/www.ceibcn.com\/en\/wp-json\/wp\/v2\/categories?post=1547"},{"taxonomy":"post_tag","embeddable":true,"href":"https:\/\/www.ceibcn.com\/en\/wp-json\/wp\/v2\/tags?post=1547"}],"curies":[{"name":"wp","href":"https:\/\/api.w.org\/{rel}","templated":true}]}}