{"id":1567,"date":"2015-01-22T12:01:40","date_gmt":"2015-01-22T12:01:40","guid":{"rendered":"https:\/\/www.ceibcn.com\/2015\/01\/publicacio-n-16-la-xina-avui-claus-per-a-entendre-la-seva-posicio-al-tauler-internacional\/"},"modified":"2015-01-22T12:01:40","modified_gmt":"2015-01-22T12:01:40","slug":"publicacio-n-16-la-xina-avui-claus-per-a-entendre-la-seva-posicio-al-tauler-internacional","status":"publish","type":"post","link":"https:\/\/www.ceibcn.com\/en\/2015\/01\/publicacio-n-16-la-xina-avui-claus-per-a-entendre-la-seva-posicio-al-tauler-internacional\/","title":{"rendered":"PUBLICACI\u00d3 N\u00ba 16: LA XINA AVUI: CLAUS PER A ENTENDRE LA SEVA POSICI\u00d3 AL TAULER INTERNACIONAL"},"content":{"rendered":"<p>Quin \u00e9s el lloc de la Xina en l&#8217;actual tauler pol\u00edtic internacional? En aquesta obra es d\u00f3na resposta a aquesta q\u00fcesti\u00f3, desitjant contribuir no nom\u00e9s al foment del debat sin\u00f3 tamb\u00e9 a la difusi\u00f3 del coneixement entre tots aquells lectors inquiets per saber m\u00e9s i entendre la complexa societat internacional en qu\u00e8 ens movem.<\/p>\n<p>A les p\u00e0gines que segueixen, diversos autors especialistes en la mat\u00e8ria analitzen les causes i les inc\u00f2gnites que planteja el gegant asi\u00e0tic. Els autors van tenir l&#8217;ocasi\u00f3 d&#8217;exposar les seves idees amb anterioritat com a ponents de la Jornada sobre la Xina que van organitzar el CEI International Affairs i l&#8217;Institut Confuci de Barcelona, amb la col\u00b7laboraci\u00f3 de la Fundaci\u00f3 la Caixa Palau Macaya i Casa \u00c0sia, el 27 de mar\u00e7 de 2014.<\/p>\n<p><!--more--><\/p>\n<h3>Sinopsi<\/h3>\n<p><span id=\"result_box\" lang=\"ca\"><span class=\"hps\"><\/span>Avui no pot deixar de sorprendre el r\u00e0pid ascens econ\u00f2mic de la Xina i la seva pres\u00e8ncia en l&#8217;esfera pol\u00edtica internacional. D&#8217;imperi humiliat per les pot\u00e8ncies europeu-occidentals al segle XIX, la Xina \u00e9s avui un dels cinc membres permanents del Consell de Seguretat, pot\u00e8ncia nuclear i un dels Estats l\u00edders de l&#8217;economia global. \u00c9s a m\u00e9s posse\u00efdor d&#8217;importants sumes de deute p\u00fablic em\u00e8s tant per altres l\u00edders econ\u00f2mics mundials com per petits i mitjans Estats. El seu nivell de producci\u00f3 \u00e9s tal que se li ha arribat a anomenar comunament la f\u00e0brica del m\u00f3n. Les seves empreses s&#8217;expandeixen per tots els continents: \u00c0frica, Am\u00e8rica Llatina, Europa &#8230; Com pot explicar-se aquest gran salt? Cap a on va la Xina? \u00c9s substitu\u00efble la seva for\u00e7a econ\u00f2mica per poder pol\u00edtic? T\u00e9 veritablement Xina vocaci\u00f3 de ser el nou Estat hegem\u00f2nic? Pot ser-ho? Quin paper juga a l&#8217;esfera pol\u00edtica regional? On \u00e9s la Xina avui a les relacions d&#8217;influ\u00e8ncia i lluita de poder que es donen a l&#8217;actual societat multipolar complexa i asim\u00e8trica? Aquestes s\u00f3n algunes de les preguntes subjacents en aquesta obra, a les que donen resposta autors de diverses proced\u00e8ncies (acad\u00e8mica, diplom\u00e0tica, empresarial i pol\u00edtica), atents observadors d&#8217;un ascens econ\u00f2mic de la Xina no exempt d&#8217;incerteses.<br \/><\/span><\/p>\n<p>&nbsp;<\/p>\n<h3>Dades Generals<\/h3>\n<p><strong>Editors:<\/strong> \u00c0ngels Pelegr\u00edn i Helena Torroja<\/p>\n<p><strong>Coautors:<\/strong> \u00c0ngels Pelegr\u00edn, Helena Torroja, Caterina Garc\u00eda, Eugeni Bregolat, Luis Torras, Jaume Gin\u00e9 Dav\u00ed, Manuel Montobbio i Chang Shiru<\/p>\n<p><strong>Editorial:<\/strong> Marcial Pons, Ediciones Jur\u00eddicas y Sociales, S.A.<\/p>\n<p><strong>Data d&#8217;edici\u00f3:<\/strong> 2014<\/p>\n<p><strong>Col\u00b7lecci\u00f3:<\/strong> Tribuna Internacional<\/p>\n<p><strong>N\u00ba de p\u00e0gines:<\/strong> 193<\/p>\n<p><strong>Idioma:<\/strong> Castell\u00e0<\/p>\n<p>&nbsp;<\/p>\n<h2><strong><a href=\"http:\/\/www.marcialpons.es\/libros\/china-hoy\/9788416212804\/\">COMPRAR LA PUBLICACI\u00d3<\/a><\/strong><\/h2>\n","protected":false},"excerpt":{"rendered":"<p>Quin \u00e9s el lloc de la Xina en l&#8217;actual tauler pol\u00edtic internacional? En aquesta obra es d\u00f3na resposta a aquesta q\u00fcesti\u00f3, desitjant contribuir no nom\u00e9s al foment del debat sin\u00f3 tamb\u00e9 a la difusi\u00f3 del coneixement entre tots aquells lectors inquiets per saber m\u00e9s i entendre la complexa societat internacional en qu\u00e8 ens movem. A [&hellip;]<\/p>\n","protected":false},"author":6,"featured_media":0,"comment_status":"open","ping_status":"closed","sticky":false,"template":"","format":"standard","meta":{"_acf_changed":false,"_crdt_document":"","inline_featured_image":false,"footnotes":""},"categories":[1],"tags":[],"class_list":["post-1567","post","type-post","status-publish","format-standard","hentry","category-sin-categoria"],"acf":[],"yoast_head":"<!-- This site is optimized with the Yoast SEO plugin v27.0 - https:\/\/yoast.com\/product\/yoast-seo-wordpress\/ -->\n<title>PUBLICACI\u00d3 N\u00ba 16: LA XINA AVUI: CLAUS PER A ENTENDRE LA SEVA POSICI\u00d3 AL TAULER INTERNACIONAL - CEI International Affairs<\/title>\n<meta name=\"robots\" content=\"index, follow, max-snippet:-1, max-image-preview:large, max-video-preview:-1\" \/>\n<link rel=\"canonical\" href=\"https:\/\/www.ceibcn.com\/en\/2015\/01\/publicacio-n-16-la-xina-avui-claus-per-a-entendre-la-seva-posicio-al-tauler-internacional\/\" \/>\n<meta property=\"og:locale\" content=\"en_US\" \/>\n<meta property=\"og:type\" content=\"article\" \/>\n<meta property=\"og:title\" content=\"PUBLICACI\u00d3 N\u00ba 16: LA XINA AVUI: CLAUS PER A ENTENDRE LA SEVA POSICI\u00d3 AL TAULER INTERNACIONAL - CEI International Affairs\" \/>\n<meta property=\"og:description\" content=\"Quin \u00e9s el lloc de la Xina en l&#8217;actual tauler pol\u00edtic internacional? En aquesta obra es d\u00f3na resposta a aquesta q\u00fcesti\u00f3, desitjant contribuir no nom\u00e9s al foment del debat sin\u00f3 tamb\u00e9 a la difusi\u00f3 del coneixement entre tots aquells lectors inquiets per saber m\u00e9s i entendre la complexa societat internacional en qu\u00e8 ens movem. A [&hellip;]\" \/>\n<meta property=\"og:url\" content=\"https:\/\/www.ceibcn.com\/en\/2015\/01\/publicacio-n-16-la-xina-avui-claus-per-a-entendre-la-seva-posicio-al-tauler-internacional\/\" \/>\n<meta property=\"og:site_name\" content=\"CEI International Affairs\" \/>\n<meta property=\"article:publisher\" content=\"https:\/\/www.facebook.com\/CEI.CentroDeEstudiosInternacionales\/\" \/>\n<meta property=\"article:published_time\" content=\"2015-01-22T12:01:40+00:00\" \/>\n<meta property=\"og:image\" content=\"https:\/\/www.ceibcn.com\/wp-content\/uploads\/2023\/01\/Logo-CEI.png\" \/>\n\t<meta property=\"og:image:width\" content=\"500\" \/>\n\t<meta property=\"og:image:height\" content=\"500\" \/>\n\t<meta property=\"og:image:type\" content=\"image\/png\" \/>\n<meta name=\"author\" content=\"Cristian Romero Velasco\" \/>\n<meta name=\"twitter:card\" content=\"summary_large_image\" \/>\n<meta name=\"twitter:creator\" content=\"@CEIbcn\" \/>\n<meta name=\"twitter:site\" content=\"@CEIbcn\" \/>\n<meta name=\"twitter:label1\" content=\"Written by\" \/>\n\t<meta name=\"twitter:data1\" content=\"Cristian Romero Velasco\" \/>\n\t<meta name=\"twitter:label2\" content=\"Est. reading time\" \/>\n\t<meta name=\"twitter:data2\" content=\"2 minutes\" \/>\n<script type=\"application\/ld+json\" class=\"yoast-schema-graph\">{\"@context\":\"https:\/\/schema.org\",\"@graph\":[{\"@type\":\"Article\",\"@id\":\"https:\/\/www.ceibcn.com\/en\/2015\/01\/publicacio-n-16-la-xina-avui-claus-per-a-entendre-la-seva-posicio-al-tauler-internacional\/#article\",\"isPartOf\":{\"@id\":\"https:\/\/www.ceibcn.com\/en\/2015\/01\/publicacio-n-16-la-xina-avui-claus-per-a-entendre-la-seva-posicio-al-tauler-internacional\/\"},\"author\":{\"name\":\"Cristian Romero Velasco\",\"@id\":\"https:\/\/www.ceibcn.com\/en\/#\/schema\/person\/4ef9992ee2fbd3987a5e1834e5d5808d\"},\"headline\":\"PUBLICACI\u00d3 N\u00ba 16: LA XINA AVUI: CLAUS PER A ENTENDRE LA SEVA POSICI\u00d3 AL TAULER INTERNACIONAL\",\"datePublished\":\"2015-01-22T12:01:40+00:00\",\"mainEntityOfPage\":{\"@id\":\"https:\/\/www.ceibcn.com\/en\/2015\/01\/publicacio-n-16-la-xina-avui-claus-per-a-entendre-la-seva-posicio-al-tauler-internacional\/\"},\"wordCount\":457,\"commentCount\":0,\"publisher\":{\"@id\":\"https:\/\/www.ceibcn.com\/en\/#organization\"},\"articleSection\":[\"Sin categor\u00eda\"],\"inLanguage\":\"en-US\",\"potentialAction\":[{\"@type\":\"CommentAction\",\"name\":\"Comment\",\"target\":[\"https:\/\/www.ceibcn.com\/en\/2015\/01\/publicacio-n-16-la-xina-avui-claus-per-a-entendre-la-seva-posicio-al-tauler-internacional\/#respond\"]}]},{\"@type\":\"WebPage\",\"@id\":\"https:\/\/www.ceibcn.com\/en\/2015\/01\/publicacio-n-16-la-xina-avui-claus-per-a-entendre-la-seva-posicio-al-tauler-internacional\/\",\"url\":\"https:\/\/www.ceibcn.com\/en\/2015\/01\/publicacio-n-16-la-xina-avui-claus-per-a-entendre-la-seva-posicio-al-tauler-internacional\/\",\"name\":\"PUBLICACI\u00d3 N\u00ba 16: LA XINA AVUI: CLAUS PER A ENTENDRE LA SEVA POSICI\u00d3 AL TAULER INTERNACIONAL - CEI International Affairs\",\"isPartOf\":{\"@id\":\"https:\/\/www.ceibcn.com\/en\/#website\"},\"datePublished\":\"2015-01-22T12:01:40+00:00\",\"breadcrumb\":{\"@id\":\"https:\/\/www.ceibcn.com\/en\/2015\/01\/publicacio-n-16-la-xina-avui-claus-per-a-entendre-la-seva-posicio-al-tauler-internacional\/#breadcrumb\"},\"inLanguage\":\"en-US\",\"potentialAction\":[{\"@type\":\"ReadAction\",\"target\":[\"https:\/\/www.ceibcn.com\/en\/2015\/01\/publicacio-n-16-la-xina-avui-claus-per-a-entendre-la-seva-posicio-al-tauler-internacional\/\"]}]},{\"@type\":\"BreadcrumbList\",\"@id\":\"https:\/\/www.ceibcn.com\/en\/2015\/01\/publicacio-n-16-la-xina-avui-claus-per-a-entendre-la-seva-posicio-al-tauler-internacional\/#breadcrumb\",\"itemListElement\":[{\"@type\":\"ListItem\",\"position\":1,\"name\":\"Portada\",\"item\":\"https:\/\/www.ceibcn.com\/en\/\"},{\"@type\":\"ListItem\",\"position\":2,\"name\":\"PUBLICACI\u00d3 N\u00ba 16: LA XINA AVUI: CLAUS PER A ENTENDRE LA SEVA POSICI\u00d3 AL TAULER INTERNACIONAL\"}]},{\"@type\":\"WebSite\",\"@id\":\"https:\/\/www.ceibcn.com\/en\/#website\",\"url\":\"https:\/\/www.ceibcn.com\/en\/\",\"name\":\"CEI International Affairs\",\"description\":\"CEI International Affairs\",\"publisher\":{\"@id\":\"https:\/\/www.ceibcn.com\/en\/#organization\"},\"alternateName\":\"CEI International Affairs\",\"potentialAction\":[{\"@type\":\"SearchAction\",\"target\":{\"@type\":\"EntryPoint\",\"urlTemplate\":\"https:\/\/www.ceibcn.com\/en\/?s={search_term_string}\"},\"query-input\":{\"@type\":\"PropertyValueSpecification\",\"valueRequired\":true,\"valueName\":\"search_term_string\"}}],\"inLanguage\":\"en-US\"},{\"@type\":\"Organization\",\"@id\":\"https:\/\/www.ceibcn.com\/en\/#organization\",\"name\":\"CEI International Affairs\",\"url\":\"https:\/\/www.ceibcn.com\/en\/\",\"logo\":{\"@type\":\"ImageObject\",\"inLanguage\":\"en-US\",\"@id\":\"https:\/\/www.ceibcn.com\/en\/#\/schema\/logo\/image\/\",\"url\":\"https:\/\/www.ceibcn.com\/wp-content\/uploads\/2021\/09\/CeiLogo_EscuelaDiploVectorized_vectorizedSIN_FONDO.png\",\"contentUrl\":\"https:\/\/www.ceibcn.com\/wp-content\/uploads\/2021\/09\/CeiLogo_EscuelaDiploVectorized_vectorizedSIN_FONDO.png\",\"width\":1591,\"height\":629,\"caption\":\"CEI International Affairs\"},\"image\":{\"@id\":\"https:\/\/www.ceibcn.com\/en\/#\/schema\/logo\/image\/\"},\"sameAs\":[\"https:\/\/www.facebook.com\/CEI.CentroDeEstudiosInternacionales\/\",\"https:\/\/x.com\/CEIbcn\",\"https:\/\/www.instagram.com\/cei_international\/\"]},{\"@type\":\"Person\",\"@id\":\"https:\/\/www.ceibcn.com\/en\/#\/schema\/person\/4ef9992ee2fbd3987a5e1834e5d5808d\",\"name\":\"Cristian Romero Velasco\",\"image\":{\"@type\":\"ImageObject\",\"inLanguage\":\"en-US\",\"@id\":\"https:\/\/www.ceibcn.com\/en\/#\/schema\/person\/image\/\",\"url\":\"https:\/\/secure.gravatar.com\/avatar\/d78c33ad7f1570635ae9c9cb6274fe682bd5872dfde7a5448127d7825dd90943?s=96&d=mm&r=g\",\"contentUrl\":\"https:\/\/secure.gravatar.com\/avatar\/d78c33ad7f1570635ae9c9cb6274fe682bd5872dfde7a5448127d7825dd90943?s=96&d=mm&r=g\",\"caption\":\"Cristian Romero Velasco\"},\"url\":\"https:\/\/www.ceibcn.com\/en\/author\/cristian\/\"}]}<\/script>\n<!-- \/ Yoast SEO plugin. -->","yoast_head_json":{"title":"PUBLICACI\u00d3 N\u00ba 16: LA XINA AVUI: CLAUS PER A ENTENDRE LA SEVA POSICI\u00d3 AL TAULER INTERNACIONAL - CEI International Affairs","robots":{"index":"index","follow":"follow","max-snippet":"max-snippet:-1","max-image-preview":"max-image-preview:large","max-video-preview":"max-video-preview:-1"},"canonical":"https:\/\/www.ceibcn.com\/en\/2015\/01\/publicacio-n-16-la-xina-avui-claus-per-a-entendre-la-seva-posicio-al-tauler-internacional\/","og_locale":"en_US","og_type":"article","og_title":"PUBLICACI\u00d3 N\u00ba 16: LA XINA AVUI: CLAUS PER A ENTENDRE LA SEVA POSICI\u00d3 AL TAULER INTERNACIONAL - CEI International Affairs","og_description":"Quin \u00e9s el lloc de la Xina en l&#8217;actual tauler pol\u00edtic internacional? En aquesta obra es d\u00f3na resposta a aquesta q\u00fcesti\u00f3, desitjant contribuir no nom\u00e9s al foment del debat sin\u00f3 tamb\u00e9 a la difusi\u00f3 del coneixement entre tots aquells lectors inquiets per saber m\u00e9s i entendre la complexa societat internacional en qu\u00e8 ens movem. A [&hellip;]","og_url":"https:\/\/www.ceibcn.com\/en\/2015\/01\/publicacio-n-16-la-xina-avui-claus-per-a-entendre-la-seva-posicio-al-tauler-internacional\/","og_site_name":"CEI International Affairs","article_publisher":"https:\/\/www.facebook.com\/CEI.CentroDeEstudiosInternacionales\/","article_published_time":"2015-01-22T12:01:40+00:00","og_image":[{"width":500,"height":500,"url":"https:\/\/www.ceibcn.com\/wp-content\/uploads\/2023\/01\/Logo-CEI.png","type":"image\/png"}],"author":"Cristian Romero Velasco","twitter_card":"summary_large_image","twitter_creator":"@CEIbcn","twitter_site":"@CEIbcn","twitter_misc":{"Written by":"Cristian Romero Velasco","Est. reading time":"2 minutes"},"schema":{"@context":"https:\/\/schema.org","@graph":[{"@type":"Article","@id":"https:\/\/www.ceibcn.com\/en\/2015\/01\/publicacio-n-16-la-xina-avui-claus-per-a-entendre-la-seva-posicio-al-tauler-internacional\/#article","isPartOf":{"@id":"https:\/\/www.ceibcn.com\/en\/2015\/01\/publicacio-n-16-la-xina-avui-claus-per-a-entendre-la-seva-posicio-al-tauler-internacional\/"},"author":{"name":"Cristian Romero Velasco","@id":"https:\/\/www.ceibcn.com\/en\/#\/schema\/person\/4ef9992ee2fbd3987a5e1834e5d5808d"},"headline":"PUBLICACI\u00d3 N\u00ba 16: LA XINA AVUI: CLAUS PER A ENTENDRE LA SEVA POSICI\u00d3 AL TAULER INTERNACIONAL","datePublished":"2015-01-22T12:01:40+00:00","mainEntityOfPage":{"@id":"https:\/\/www.ceibcn.com\/en\/2015\/01\/publicacio-n-16-la-xina-avui-claus-per-a-entendre-la-seva-posicio-al-tauler-internacional\/"},"wordCount":457,"commentCount":0,"publisher":{"@id":"https:\/\/www.ceibcn.com\/en\/#organization"},"articleSection":["Sin categor\u00eda"],"inLanguage":"en-US","potentialAction":[{"@type":"CommentAction","name":"Comment","target":["https:\/\/www.ceibcn.com\/en\/2015\/01\/publicacio-n-16-la-xina-avui-claus-per-a-entendre-la-seva-posicio-al-tauler-internacional\/#respond"]}]},{"@type":"WebPage","@id":"https:\/\/www.ceibcn.com\/en\/2015\/01\/publicacio-n-16-la-xina-avui-claus-per-a-entendre-la-seva-posicio-al-tauler-internacional\/","url":"https:\/\/www.ceibcn.com\/en\/2015\/01\/publicacio-n-16-la-xina-avui-claus-per-a-entendre-la-seva-posicio-al-tauler-internacional\/","name":"PUBLICACI\u00d3 N\u00ba 16: LA XINA AVUI: CLAUS PER A ENTENDRE LA SEVA POSICI\u00d3 AL TAULER INTERNACIONAL - CEI International Affairs","isPartOf":{"@id":"https:\/\/www.ceibcn.com\/en\/#website"},"datePublished":"2015-01-22T12:01:40+00:00","breadcrumb":{"@id":"https:\/\/www.ceibcn.com\/en\/2015\/01\/publicacio-n-16-la-xina-avui-claus-per-a-entendre-la-seva-posicio-al-tauler-internacional\/#breadcrumb"},"inLanguage":"en-US","potentialAction":[{"@type":"ReadAction","target":["https:\/\/www.ceibcn.com\/en\/2015\/01\/publicacio-n-16-la-xina-avui-claus-per-a-entendre-la-seva-posicio-al-tauler-internacional\/"]}]},{"@type":"BreadcrumbList","@id":"https:\/\/www.ceibcn.com\/en\/2015\/01\/publicacio-n-16-la-xina-avui-claus-per-a-entendre-la-seva-posicio-al-tauler-internacional\/#breadcrumb","itemListElement":[{"@type":"ListItem","position":1,"name":"Portada","item":"https:\/\/www.ceibcn.com\/en\/"},{"@type":"ListItem","position":2,"name":"PUBLICACI\u00d3 N\u00ba 16: LA XINA AVUI: CLAUS PER A ENTENDRE LA SEVA POSICI\u00d3 AL TAULER INTERNACIONAL"}]},{"@type":"WebSite","@id":"https:\/\/www.ceibcn.com\/en\/#website","url":"https:\/\/www.ceibcn.com\/en\/","name":"CEI International Affairs","description":"CEI International Affairs","publisher":{"@id":"https:\/\/www.ceibcn.com\/en\/#organization"},"alternateName":"CEI International Affairs","potentialAction":[{"@type":"SearchAction","target":{"@type":"EntryPoint","urlTemplate":"https:\/\/www.ceibcn.com\/en\/?s={search_term_string}"},"query-input":{"@type":"PropertyValueSpecification","valueRequired":true,"valueName":"search_term_string"}}],"inLanguage":"en-US"},{"@type":"Organization","@id":"https:\/\/www.ceibcn.com\/en\/#organization","name":"CEI International Affairs","url":"https:\/\/www.ceibcn.com\/en\/","logo":{"@type":"ImageObject","inLanguage":"en-US","@id":"https:\/\/www.ceibcn.com\/en\/#\/schema\/logo\/image\/","url":"https:\/\/www.ceibcn.com\/wp-content\/uploads\/2021\/09\/CeiLogo_EscuelaDiploVectorized_vectorizedSIN_FONDO.png","contentUrl":"https:\/\/www.ceibcn.com\/wp-content\/uploads\/2021\/09\/CeiLogo_EscuelaDiploVectorized_vectorizedSIN_FONDO.png","width":1591,"height":629,"caption":"CEI International Affairs"},"image":{"@id":"https:\/\/www.ceibcn.com\/en\/#\/schema\/logo\/image\/"},"sameAs":["https:\/\/www.facebook.com\/CEI.CentroDeEstudiosInternacionales\/","https:\/\/x.com\/CEIbcn","https:\/\/www.instagram.com\/cei_international\/"]},{"@type":"Person","@id":"https:\/\/www.ceibcn.com\/en\/#\/schema\/person\/4ef9992ee2fbd3987a5e1834e5d5808d","name":"Cristian Romero Velasco","image":{"@type":"ImageObject","inLanguage":"en-US","@id":"https:\/\/www.ceibcn.com\/en\/#\/schema\/person\/image\/","url":"https:\/\/secure.gravatar.com\/avatar\/d78c33ad7f1570635ae9c9cb6274fe682bd5872dfde7a5448127d7825dd90943?s=96&d=mm&r=g","contentUrl":"https:\/\/secure.gravatar.com\/avatar\/d78c33ad7f1570635ae9c9cb6274fe682bd5872dfde7a5448127d7825dd90943?s=96&d=mm&r=g","caption":"Cristian Romero Velasco"},"url":"https:\/\/www.ceibcn.com\/en\/author\/cristian\/"}]}},"_links":{"self":[{"href":"https:\/\/www.ceibcn.com\/en\/wp-json\/wp\/v2\/posts\/1567","targetHints":{"allow":["GET"]}}],"collection":[{"href":"https:\/\/www.ceibcn.com\/en\/wp-json\/wp\/v2\/posts"}],"about":[{"href":"https:\/\/www.ceibcn.com\/en\/wp-json\/wp\/v2\/types\/post"}],"author":[{"embeddable":true,"href":"https:\/\/www.ceibcn.com\/en\/wp-json\/wp\/v2\/users\/6"}],"replies":[{"embeddable":true,"href":"https:\/\/www.ceibcn.com\/en\/wp-json\/wp\/v2\/comments?post=1567"}],"version-history":[{"count":0,"href":"https:\/\/www.ceibcn.com\/en\/wp-json\/wp\/v2\/posts\/1567\/revisions"}],"wp:attachment":[{"href":"https:\/\/www.ceibcn.com\/en\/wp-json\/wp\/v2\/media?parent=1567"}],"wp:term":[{"taxonomy":"category","embeddable":true,"href":"https:\/\/www.ceibcn.com\/en\/wp-json\/wp\/v2\/categories?post=1567"},{"taxonomy":"post_tag","embeddable":true,"href":"https:\/\/www.ceibcn.com\/en\/wp-json\/wp\/v2\/tags?post=1567"}],"curies":[{"name":"wp","href":"https:\/\/api.w.org\/{rel}","templated":true}]}}