{"id":1597,"date":"2015-02-19T10:17:09","date_gmt":"2015-02-19T10:17:09","guid":{"rendered":"https:\/\/www.ceibcn.com\/2015\/02\/conferencia-sessio-republica-dominicana\/"},"modified":"2015-02-19T10:17:09","modified_gmt":"2015-02-19T10:17:09","slug":"conferencia-sessio-republica-dominicana","status":"publish","type":"post","link":"https:\/\/www.ceibcn.com\/en\/2015\/02\/conferencia-sessio-republica-dominicana\/","title":{"rendered":"Confer\u00e8ncia Sessi\u00f3 Rep\u00fablica Dominicana"},"content":{"rendered":"<p>El proper dimarts 24 de mar\u00e7, l&#8217;ambaixador d&#8217;Espanya a Santo Domingo, Rep\u00fablica Dominicana, oferir\u00e0 una conferencia a la qual tractar\u00e0 la situaci\u00f3 actual econ\u00f2mica, pol\u00edtica i social del pa\u00eds i la seva relaci\u00f3 amb Espanya.<\/p>\n<p><!--more--><\/p>\n<h2>Presentaci\u00f3<\/h2>\n<p><span id=\"result_box\" lang=\"ca\"><span class=\"hps\">La Rep\u00fablica<\/span> <span class=\"hps\">Dominicana<\/span> <span class=\"hps\">es<\/span> <span class=\"hps\">troba<\/span> <span class=\"hps\">a l&#8217;arxip\u00e8lag<\/span> <span class=\"hps\">de<\/span> <span class=\"hps\">les<\/span> <span class=\"hps\">Antilles<\/span> <span class=\"hps\">Majors i<\/span> <span class=\"hps\">limita al nord<\/span> <span class=\"hps\">amb<\/span> <span class=\"hps\">l&#8217;Oce\u00e0<\/span> <span class=\"hps\">Atl\u00e0ntic<\/span>, <span class=\"hps\">al sud<\/span> <span class=\"hps\">amb<\/span> <span class=\"hps\">el Mar Carib<\/span>, a l&#8217;est <span class=\"hps\">amb el Canal<\/span> <span class=\"hps\">de<\/span> <span class=\"hps\">la Mico<\/span> <span class=\"hps\">i<\/span> <span class=\"hps\">l&#8217;oest<\/span> <span class=\"hps\">amb Hait\u00ed<\/span>.<\/span><\/p>\n<p><span class=\"hps\">Est\u00e0 dividida en<\/span> <span class=\"hps\">31<\/span> <span class=\"hps\">prov\u00edncies,<\/span> <span class=\"hps\">regides<\/span> <span class=\"hps\">cadascuna<\/span> <span class=\"hps\">d&#8217;elles<\/span> <span class=\"hps\">per un<\/span> <span class=\"hps\">Governador<\/span> <span class=\"hps\">designat<\/span> <span class=\"hps\">pel Poder<\/span> <span class=\"hps\">Executiu<\/span>. <span class=\"hps\">La capital<\/span> <span class=\"hps atn\">(<\/span>Distrito Nacional) <span class=\"hps\">queda fora<\/span> <span class=\"hps\">del r\u00e8gim<\/span> <span class=\"hps\">provincial<\/span>.<\/p>\n<p><span class=\"hps\">El<\/span> <span class=\"hps\">sistema<\/span> <span class=\"hps\">de Govern \u00e9s<\/span> <span class=\"hps\">democr\u00e0tic<\/span>, <span class=\"hps\">representatiu<\/span> <span class=\"hps\">i<\/span> <span class=\"hps\">presidencial<\/span>, tal <span class=\"hps\">com<\/span> <span class=\"hps\">ho estableix<\/span> <span class=\"hps\">la Constituci\u00f3 de la<\/span> <span class=\"hps\">Rep\u00fablica<\/span>.<\/p>\n<p><span class=\"hps\">Les seves<\/span> <span class=\"hps\">principals exportacions<\/span> <span class=\"hps atn\">(<\/span>segons <span class=\"hps\">dades<\/span> <span class=\"hps\">de 2013<\/span>):<\/p>\n<p><span class=\"hps\">Ferron\u00edquel<\/span>, <span class=\"hps\">Cacau<\/span>, <span class=\"hps\">Sucre<\/span> <span class=\"hps\">Cru<\/span>, <span class=\"hps\">Bananas<\/span>, <span class=\"hps\">Melasses<\/span>, <span class=\"hps\">Caf\u00e8 en<\/span> <span class=\"hps\">gra<\/span>, <span class=\"hps\">Tabac<\/span>, <span class=\"hps\">Caf\u00e8<\/span> <span class=\"hps\">manufacturat<\/span>., <span class=\"hps\">Sent Espanya<\/span> <span class=\"hps\">un dels seus<\/span> <span class=\"hps\">principals<\/span> <span class=\"hps\">clients<\/span> <span class=\"hps\">i<\/span> <span class=\"hps\">prove\u00efdors<\/span>.<\/p>\n<p><span class=\"hps\">Quant a les seves<\/span> <span class=\"hps\">importacions<\/span> <span class=\"hps\">principals<\/span> <span class=\"hps\">es<\/span> <span class=\"hps\">troben el<\/span> <span class=\"hps\">petroli i els seus<\/span> <span class=\"hps\">derivats<\/span>; <span class=\"hps\">reactors<\/span> <span class=\"hps\">nuclears<\/span>, <span class=\"hps\">calderes<\/span>, maquin\u00e0ria <span class=\"hps\">mec\u00e0nica<\/span>; <span class=\"hps\">m\u00e0quines<\/span>, <span class=\"hps\">aparells<\/span> <span class=\"hps\">i material<\/span> <span class=\"hps\">el\u00e8ctric<\/span>; <span class=\"hps\">vehicles<\/span> <span class=\"hps\">autom\u00f2bils<\/span>, <span class=\"hps\">tractors<\/span>, <span class=\"hps\">cicles<\/span>; <span class=\"hps\">fosa<\/span>, <span class=\"hps\">ferro<\/span> <span class=\"hps\">i<\/span> <span class=\"hps\">acer<\/span> <span class=\"hps\">i<\/span> <span class=\"hps\">les seves manufactures<\/span>; <span class=\"hps\">mat\u00e8ries<\/span> <span class=\"hps\">pl\u00e0stiques amb les manufactures<\/span>; <span class=\"hps\">productes<\/span> <span class=\"hps\">farmac\u00e8utics<\/span>, <span class=\"hps\">cereals<\/span>.<\/p>\n<p><span class=\"hps\">Des d&#8217;un<\/span> <span class=\"hps\">punt<\/span> <span class=\"hps\">de vista<\/span> <span class=\"hps\">comercial<\/span> <span class=\"hps\">i inversor<\/span>, <span class=\"hps\">la Rep\u00fablica<\/span> <span class=\"hps\">Dominicana<\/span> <span class=\"hps\">ha<\/span> <span class=\"hps\">estat un dels<\/span> <span class=\"hps\">principals<\/span> <span class=\"hps\">destinacions<\/span> <span class=\"hps\">per a les<\/span> <span class=\"hps\">empreses<\/span> <span class=\"hps\">i inversors<\/span> <span class=\"hps\">espanyols.<\/span> <span class=\"hps\">Un 25<\/span>% de la <span class=\"hps\">inversi\u00f3<\/span> <span class=\"hps\">espanyola<\/span> <span class=\"hps\">es destina al<\/span> <span class=\"hps\">sector<\/span> <span class=\"hps\">tur\u00edstic<\/span> <span class=\"hps atn\">(<\/span>les <span class=\"hps\">cadenes<\/span> <span class=\"hps\">espanyoles<\/span> <span class=\"hps\">tenen el<\/span> <span class=\"hps\">60%<\/span> <span class=\"hps\">de<\/span> <span class=\"hps\">les<\/span> <span class=\"hps\">habitacions<\/span> <span class=\"hps\">hoteleres<\/span> <span class=\"hps\">d&#8217;alta<\/span> <span class=\"hps\">qualificaci\u00f3<\/span>) <span class=\"hps\">tot i que les<\/span> <span class=\"hps\">companyies<\/span> <span class=\"hps\">espanyoles<\/span> <span class=\"hps\">tamb\u00e9<\/span> <span class=\"hps\">tenen<\/span> <span class=\"hps\">interessos<\/span> <span class=\"hps\">en altres<\/span> <span class=\"hps\">sectors<\/span> <span class=\"hps\">com l&#8217;immobiliari<\/span>, <span class=\"hps\">el financer<\/span> <span class=\"hps\">o<\/span> <span class=\"hps\">la generaci\u00f3<\/span> <span class=\"hps\">el\u00e8ctrica<\/span>.<\/p>\n<p><span class=\"hps\">En particular<\/span>, cal destacar que <span class=\"hps\">hi ha un<\/span> <span class=\"hps\">conveni<\/span> <span class=\"hps\">per<\/span> <span class=\"hps\">evitar<\/span> <span class=\"hps\">la doble imposici\u00f3<\/span> <span class=\"hps\">ja<\/span> <span class=\"hps\">ratificat<\/span> <span class=\"hps\">i<\/span> <span class=\"hps\">que va entrar en<\/span> <span class=\"hps\">vigor el<\/span> <span class=\"hps\">passat<\/span> <span class=\"hps\">25 juliol 2014<\/span>.<\/p>\n<p><span class=\"hps\">El<\/span> <span class=\"hps\">Excm<\/span>. <span class=\"hps\">Sr.<\/span> <span class=\"hps\">Jaime<\/span> <span class=\"hps\">Lacadena<\/span> <span class=\"hps\">Higuera<\/span>, <span class=\"hps\">ambaixador<\/span> <span class=\"hps\">d&#8217;Espanya<\/span> <span class=\"hps\">a Santo Domingo<\/span>, exposar\u00e0 <span class=\"hps\">la situaci\u00f3<\/span> <span class=\"hps\">actual<\/span> <span class=\"hps\">econ\u00f2mica<\/span>, pol\u00edtica <span class=\"hps\">i social del<\/span> <span class=\"hps\">pa\u00eds i la seva<\/span> <span class=\"hps\">relaci\u00f3<\/span> <span class=\"hps\">amb l&#8217;estat<\/span> <span class=\"hps\">espanyol<\/span> <span class=\"hps\">a<\/span> <span class=\"hps\">nivell<\/span> <span class=\"hps\">comercial<\/span> <span class=\"hps\">i<\/span> <span class=\"hps\">diplom\u00e0tic<\/span>.<\/p>\n<p>&nbsp;<\/p>\n<p><a href=\"https:\/\/www.ceibcn.com\/wp-content\/uploads\/2015\/02\/REPUBLICADOMINICANA_FICHA_PAIS.pdf\">Veure la fitxa completa del pa\u00eds<\/a><\/p>\n<h2>&nbsp;<\/h2>\n<h2>Confer\u00e8ncia<\/h2>\n<p><span title=\"Data: 26\/11\/2013\"><strong>Data:<\/strong> 24\/03\/2015<\/span><\/p>\n<p><span title=\"Dirigida a: XXX\"><strong>Dirigida a:<\/strong> Obert a tot el p\u00fablic<br \/><\/span><\/p>\n<p><span title=\"Sessi\u00f3 de mat\u00ed: de 13:30h.\"><strong>Horari:<\/strong> 17:00h<\/span><span title=\"a 16:00h.\"><br \/><\/span><\/p>\n<p><span title=\"Lloc: Av.\"><strong>Lloc:<\/strong> Sala de Graus. Facultat d&#8217;Economia i Empresa, Universitat de Barcelona.<br \/><\/span><\/p>\n<p><span style=\"font-size-anulat: 9.5pt; line-height: 115%; font-family-anulat: arial,helvetica,sans-serif;\"><span title=\"Es prega confirmaci\u00f3 abans del XXX a la Sra.\">Es prega confirmaci\u00f3 a trav\u00e9s del tel\u00e8fon 93 205 45 16 <\/span><span title=\"\u00c0ngels Vara ( &lt;a href=\"> o per correu electr\u00f2nic a <a href=\"mailto:avara-cei@ub.edu\">info@ceibcn.com<\/a><\/span><\/span><\/p>\n","protected":false},"excerpt":{"rendered":"<p>El proper dimarts 24 de mar\u00e7, l&#8217;ambaixador d&#8217;Espanya a Santo Domingo, Rep\u00fablica Dominicana, oferir\u00e0 una conferencia a la qual tractar\u00e0 la situaci\u00f3 actual econ\u00f2mica, pol\u00edtica i social del pa\u00eds i la seva relaci\u00f3 amb Espanya.<\/p>\n","protected":false},"author":6,"featured_media":0,"comment_status":"open","ping_status":"closed","sticky":false,"template":"","format":"standard","meta":{"_acf_changed":false,"_crdt_document":"","inline_featured_image":false,"footnotes":""},"categories":[25],"tags":[],"class_list":["post-1597","post","type-post","status-publish","format-standard","hentry","category-aula-internacional"],"acf":[],"yoast_head":"<!-- This site is optimized with the Yoast SEO plugin v27.0 - https:\/\/yoast.com\/product\/yoast-seo-wordpress\/ -->\n<title>Confer\u00e8ncia Sessi\u00f3 Rep\u00fablica Dominicana - CEI International Affairs<\/title>\n<meta name=\"robots\" content=\"index, follow, max-snippet:-1, max-image-preview:large, max-video-preview:-1\" \/>\n<link rel=\"canonical\" href=\"https:\/\/www.ceibcn.com\/en\/2015\/02\/conferencia-sessio-republica-dominicana\/\" \/>\n<meta property=\"og:locale\" content=\"en_US\" \/>\n<meta property=\"og:type\" content=\"article\" \/>\n<meta property=\"og:title\" content=\"Confer\u00e8ncia Sessi\u00f3 Rep\u00fablica Dominicana - CEI International Affairs\" \/>\n<meta property=\"og:description\" content=\"El proper dimarts 24 de mar\u00e7, l&#8217;ambaixador d&#8217;Espanya a Santo Domingo, Rep\u00fablica Dominicana, oferir\u00e0 una conferencia a la qual tractar\u00e0 la situaci\u00f3 actual econ\u00f2mica, pol\u00edtica i social del pa\u00eds i la seva relaci\u00f3 amb Espanya.\" \/>\n<meta property=\"og:url\" content=\"https:\/\/www.ceibcn.com\/en\/2015\/02\/conferencia-sessio-republica-dominicana\/\" \/>\n<meta property=\"og:site_name\" content=\"CEI International Affairs\" \/>\n<meta property=\"article:publisher\" content=\"https:\/\/www.facebook.com\/CEI.CentroDeEstudiosInternacionales\/\" \/>\n<meta property=\"article:published_time\" content=\"2015-02-19T10:17:09+00:00\" \/>\n<meta property=\"og:image\" content=\"https:\/\/www.ceibcn.com\/wp-content\/uploads\/2023\/01\/Logo-CEI.png\" \/>\n\t<meta property=\"og:image:width\" content=\"500\" \/>\n\t<meta property=\"og:image:height\" content=\"500\" \/>\n\t<meta property=\"og:image:type\" content=\"image\/png\" \/>\n<meta name=\"author\" content=\"Cristian Romero Velasco\" \/>\n<meta name=\"twitter:card\" content=\"summary_large_image\" \/>\n<meta name=\"twitter:creator\" content=\"@CEIbcn\" \/>\n<meta name=\"twitter:site\" content=\"@CEIbcn\" \/>\n<meta name=\"twitter:label1\" content=\"Written by\" \/>\n\t<meta name=\"twitter:data1\" content=\"Cristian Romero Velasco\" \/>\n\t<meta name=\"twitter:label2\" content=\"Est. reading time\" \/>\n\t<meta name=\"twitter:data2\" content=\"2 minutes\" \/>\n<script type=\"application\/ld+json\" class=\"yoast-schema-graph\">{\"@context\":\"https:\/\/schema.org\",\"@graph\":[{\"@type\":\"Article\",\"@id\":\"https:\/\/www.ceibcn.com\/en\/2015\/02\/conferencia-sessio-republica-dominicana\/#article\",\"isPartOf\":{\"@id\":\"https:\/\/www.ceibcn.com\/en\/2015\/02\/conferencia-sessio-republica-dominicana\/\"},\"author\":{\"name\":\"Cristian Romero Velasco\",\"@id\":\"https:\/\/www.ceibcn.com\/en\/#\/schema\/person\/4ef9992ee2fbd3987a5e1834e5d5808d\"},\"headline\":\"Confer\u00e8ncia Sessi\u00f3 Rep\u00fablica Dominicana\",\"datePublished\":\"2015-02-19T10:17:09+00:00\",\"mainEntityOfPage\":{\"@id\":\"https:\/\/www.ceibcn.com\/en\/2015\/02\/conferencia-sessio-republica-dominicana\/\"},\"wordCount\":405,\"commentCount\":0,\"publisher\":{\"@id\":\"https:\/\/www.ceibcn.com\/en\/#organization\"},\"articleSection\":[\"Aula Internacional\"],\"inLanguage\":\"en-US\",\"potentialAction\":[{\"@type\":\"CommentAction\",\"name\":\"Comment\",\"target\":[\"https:\/\/www.ceibcn.com\/en\/2015\/02\/conferencia-sessio-republica-dominicana\/#respond\"]}]},{\"@type\":\"WebPage\",\"@id\":\"https:\/\/www.ceibcn.com\/en\/2015\/02\/conferencia-sessio-republica-dominicana\/\",\"url\":\"https:\/\/www.ceibcn.com\/en\/2015\/02\/conferencia-sessio-republica-dominicana\/\",\"name\":\"Confer\u00e8ncia Sessi\u00f3 Rep\u00fablica Dominicana - CEI International Affairs\",\"isPartOf\":{\"@id\":\"https:\/\/www.ceibcn.com\/en\/#website\"},\"datePublished\":\"2015-02-19T10:17:09+00:00\",\"breadcrumb\":{\"@id\":\"https:\/\/www.ceibcn.com\/en\/2015\/02\/conferencia-sessio-republica-dominicana\/#breadcrumb\"},\"inLanguage\":\"en-US\",\"potentialAction\":[{\"@type\":\"ReadAction\",\"target\":[\"https:\/\/www.ceibcn.com\/en\/2015\/02\/conferencia-sessio-republica-dominicana\/\"]}]},{\"@type\":\"BreadcrumbList\",\"@id\":\"https:\/\/www.ceibcn.com\/en\/2015\/02\/conferencia-sessio-republica-dominicana\/#breadcrumb\",\"itemListElement\":[{\"@type\":\"ListItem\",\"position\":1,\"name\":\"Portada\",\"item\":\"https:\/\/www.ceibcn.com\/en\/\"},{\"@type\":\"ListItem\",\"position\":2,\"name\":\"Confer\u00e8ncia Sessi\u00f3 Rep\u00fablica Dominicana\"}]},{\"@type\":\"WebSite\",\"@id\":\"https:\/\/www.ceibcn.com\/en\/#website\",\"url\":\"https:\/\/www.ceibcn.com\/en\/\",\"name\":\"CEI International Affairs\",\"description\":\"CEI International Affairs\",\"publisher\":{\"@id\":\"https:\/\/www.ceibcn.com\/en\/#organization\"},\"alternateName\":\"CEI International Affairs\",\"potentialAction\":[{\"@type\":\"SearchAction\",\"target\":{\"@type\":\"EntryPoint\",\"urlTemplate\":\"https:\/\/www.ceibcn.com\/en\/?s={search_term_string}\"},\"query-input\":{\"@type\":\"PropertyValueSpecification\",\"valueRequired\":true,\"valueName\":\"search_term_string\"}}],\"inLanguage\":\"en-US\"},{\"@type\":\"Organization\",\"@id\":\"https:\/\/www.ceibcn.com\/en\/#organization\",\"name\":\"CEI International Affairs\",\"url\":\"https:\/\/www.ceibcn.com\/en\/\",\"logo\":{\"@type\":\"ImageObject\",\"inLanguage\":\"en-US\",\"@id\":\"https:\/\/www.ceibcn.com\/en\/#\/schema\/logo\/image\/\",\"url\":\"https:\/\/www.ceibcn.com\/wp-content\/uploads\/2021\/09\/CeiLogo_EscuelaDiploVectorized_vectorizedSIN_FONDO.png\",\"contentUrl\":\"https:\/\/www.ceibcn.com\/wp-content\/uploads\/2021\/09\/CeiLogo_EscuelaDiploVectorized_vectorizedSIN_FONDO.png\",\"width\":1591,\"height\":629,\"caption\":\"CEI International Affairs\"},\"image\":{\"@id\":\"https:\/\/www.ceibcn.com\/en\/#\/schema\/logo\/image\/\"},\"sameAs\":[\"https:\/\/www.facebook.com\/CEI.CentroDeEstudiosInternacionales\/\",\"https:\/\/x.com\/CEIbcn\",\"https:\/\/www.instagram.com\/cei_international\/\"]},{\"@type\":\"Person\",\"@id\":\"https:\/\/www.ceibcn.com\/en\/#\/schema\/person\/4ef9992ee2fbd3987a5e1834e5d5808d\",\"name\":\"Cristian Romero Velasco\",\"image\":{\"@type\":\"ImageObject\",\"inLanguage\":\"en-US\",\"@id\":\"https:\/\/www.ceibcn.com\/en\/#\/schema\/person\/image\/\",\"url\":\"https:\/\/secure.gravatar.com\/avatar\/d78c33ad7f1570635ae9c9cb6274fe682bd5872dfde7a5448127d7825dd90943?s=96&d=mm&r=g\",\"contentUrl\":\"https:\/\/secure.gravatar.com\/avatar\/d78c33ad7f1570635ae9c9cb6274fe682bd5872dfde7a5448127d7825dd90943?s=96&d=mm&r=g\",\"caption\":\"Cristian Romero Velasco\"},\"url\":\"https:\/\/www.ceibcn.com\/en\/author\/cristian\/\"}]}<\/script>\n<!-- \/ Yoast SEO plugin. -->","yoast_head_json":{"title":"Confer\u00e8ncia Sessi\u00f3 Rep\u00fablica Dominicana - CEI International Affairs","robots":{"index":"index","follow":"follow","max-snippet":"max-snippet:-1","max-image-preview":"max-image-preview:large","max-video-preview":"max-video-preview:-1"},"canonical":"https:\/\/www.ceibcn.com\/en\/2015\/02\/conferencia-sessio-republica-dominicana\/","og_locale":"en_US","og_type":"article","og_title":"Confer\u00e8ncia Sessi\u00f3 Rep\u00fablica Dominicana - CEI International Affairs","og_description":"El proper dimarts 24 de mar\u00e7, l&#8217;ambaixador d&#8217;Espanya a Santo Domingo, Rep\u00fablica Dominicana, oferir\u00e0 una conferencia a la qual tractar\u00e0 la situaci\u00f3 actual econ\u00f2mica, pol\u00edtica i social del pa\u00eds i la seva relaci\u00f3 amb Espanya.","og_url":"https:\/\/www.ceibcn.com\/en\/2015\/02\/conferencia-sessio-republica-dominicana\/","og_site_name":"CEI International Affairs","article_publisher":"https:\/\/www.facebook.com\/CEI.CentroDeEstudiosInternacionales\/","article_published_time":"2015-02-19T10:17:09+00:00","og_image":[{"width":500,"height":500,"url":"https:\/\/www.ceibcn.com\/wp-content\/uploads\/2023\/01\/Logo-CEI.png","type":"image\/png"}],"author":"Cristian Romero Velasco","twitter_card":"summary_large_image","twitter_creator":"@CEIbcn","twitter_site":"@CEIbcn","twitter_misc":{"Written by":"Cristian Romero Velasco","Est. reading time":"2 minutes"},"schema":{"@context":"https:\/\/schema.org","@graph":[{"@type":"Article","@id":"https:\/\/www.ceibcn.com\/en\/2015\/02\/conferencia-sessio-republica-dominicana\/#article","isPartOf":{"@id":"https:\/\/www.ceibcn.com\/en\/2015\/02\/conferencia-sessio-republica-dominicana\/"},"author":{"name":"Cristian Romero Velasco","@id":"https:\/\/www.ceibcn.com\/en\/#\/schema\/person\/4ef9992ee2fbd3987a5e1834e5d5808d"},"headline":"Confer\u00e8ncia Sessi\u00f3 Rep\u00fablica Dominicana","datePublished":"2015-02-19T10:17:09+00:00","mainEntityOfPage":{"@id":"https:\/\/www.ceibcn.com\/en\/2015\/02\/conferencia-sessio-republica-dominicana\/"},"wordCount":405,"commentCount":0,"publisher":{"@id":"https:\/\/www.ceibcn.com\/en\/#organization"},"articleSection":["Aula Internacional"],"inLanguage":"en-US","potentialAction":[{"@type":"CommentAction","name":"Comment","target":["https:\/\/www.ceibcn.com\/en\/2015\/02\/conferencia-sessio-republica-dominicana\/#respond"]}]},{"@type":"WebPage","@id":"https:\/\/www.ceibcn.com\/en\/2015\/02\/conferencia-sessio-republica-dominicana\/","url":"https:\/\/www.ceibcn.com\/en\/2015\/02\/conferencia-sessio-republica-dominicana\/","name":"Confer\u00e8ncia Sessi\u00f3 Rep\u00fablica Dominicana - CEI International Affairs","isPartOf":{"@id":"https:\/\/www.ceibcn.com\/en\/#website"},"datePublished":"2015-02-19T10:17:09+00:00","breadcrumb":{"@id":"https:\/\/www.ceibcn.com\/en\/2015\/02\/conferencia-sessio-republica-dominicana\/#breadcrumb"},"inLanguage":"en-US","potentialAction":[{"@type":"ReadAction","target":["https:\/\/www.ceibcn.com\/en\/2015\/02\/conferencia-sessio-republica-dominicana\/"]}]},{"@type":"BreadcrumbList","@id":"https:\/\/www.ceibcn.com\/en\/2015\/02\/conferencia-sessio-republica-dominicana\/#breadcrumb","itemListElement":[{"@type":"ListItem","position":1,"name":"Portada","item":"https:\/\/www.ceibcn.com\/en\/"},{"@type":"ListItem","position":2,"name":"Confer\u00e8ncia Sessi\u00f3 Rep\u00fablica Dominicana"}]},{"@type":"WebSite","@id":"https:\/\/www.ceibcn.com\/en\/#website","url":"https:\/\/www.ceibcn.com\/en\/","name":"CEI International Affairs","description":"CEI International Affairs","publisher":{"@id":"https:\/\/www.ceibcn.com\/en\/#organization"},"alternateName":"CEI International Affairs","potentialAction":[{"@type":"SearchAction","target":{"@type":"EntryPoint","urlTemplate":"https:\/\/www.ceibcn.com\/en\/?s={search_term_string}"},"query-input":{"@type":"PropertyValueSpecification","valueRequired":true,"valueName":"search_term_string"}}],"inLanguage":"en-US"},{"@type":"Organization","@id":"https:\/\/www.ceibcn.com\/en\/#organization","name":"CEI International Affairs","url":"https:\/\/www.ceibcn.com\/en\/","logo":{"@type":"ImageObject","inLanguage":"en-US","@id":"https:\/\/www.ceibcn.com\/en\/#\/schema\/logo\/image\/","url":"https:\/\/www.ceibcn.com\/wp-content\/uploads\/2021\/09\/CeiLogo_EscuelaDiploVectorized_vectorizedSIN_FONDO.png","contentUrl":"https:\/\/www.ceibcn.com\/wp-content\/uploads\/2021\/09\/CeiLogo_EscuelaDiploVectorized_vectorizedSIN_FONDO.png","width":1591,"height":629,"caption":"CEI International Affairs"},"image":{"@id":"https:\/\/www.ceibcn.com\/en\/#\/schema\/logo\/image\/"},"sameAs":["https:\/\/www.facebook.com\/CEI.CentroDeEstudiosInternacionales\/","https:\/\/x.com\/CEIbcn","https:\/\/www.instagram.com\/cei_international\/"]},{"@type":"Person","@id":"https:\/\/www.ceibcn.com\/en\/#\/schema\/person\/4ef9992ee2fbd3987a5e1834e5d5808d","name":"Cristian Romero Velasco","image":{"@type":"ImageObject","inLanguage":"en-US","@id":"https:\/\/www.ceibcn.com\/en\/#\/schema\/person\/image\/","url":"https:\/\/secure.gravatar.com\/avatar\/d78c33ad7f1570635ae9c9cb6274fe682bd5872dfde7a5448127d7825dd90943?s=96&d=mm&r=g","contentUrl":"https:\/\/secure.gravatar.com\/avatar\/d78c33ad7f1570635ae9c9cb6274fe682bd5872dfde7a5448127d7825dd90943?s=96&d=mm&r=g","caption":"Cristian Romero Velasco"},"url":"https:\/\/www.ceibcn.com\/en\/author\/cristian\/"}]}},"_links":{"self":[{"href":"https:\/\/www.ceibcn.com\/en\/wp-json\/wp\/v2\/posts\/1597","targetHints":{"allow":["GET"]}}],"collection":[{"href":"https:\/\/www.ceibcn.com\/en\/wp-json\/wp\/v2\/posts"}],"about":[{"href":"https:\/\/www.ceibcn.com\/en\/wp-json\/wp\/v2\/types\/post"}],"author":[{"embeddable":true,"href":"https:\/\/www.ceibcn.com\/en\/wp-json\/wp\/v2\/users\/6"}],"replies":[{"embeddable":true,"href":"https:\/\/www.ceibcn.com\/en\/wp-json\/wp\/v2\/comments?post=1597"}],"version-history":[{"count":0,"href":"https:\/\/www.ceibcn.com\/en\/wp-json\/wp\/v2\/posts\/1597\/revisions"}],"wp:attachment":[{"href":"https:\/\/www.ceibcn.com\/en\/wp-json\/wp\/v2\/media?parent=1597"}],"wp:term":[{"taxonomy":"category","embeddable":true,"href":"https:\/\/www.ceibcn.com\/en\/wp-json\/wp\/v2\/categories?post=1597"},{"taxonomy":"post_tag","embeddable":true,"href":"https:\/\/www.ceibcn.com\/en\/wp-json\/wp\/v2\/tags?post=1597"}],"curies":[{"name":"wp","href":"https:\/\/api.w.org\/{rel}","templated":true}]}}