{"id":1598,"date":"2015-02-19T10:21:07","date_gmt":"2015-02-19T10:21:07","guid":{"rendered":"https:\/\/www.ceibcn.com\/2015\/02\/conferencia-sesion-republica-dominicana\/"},"modified":"2015-02-19T10:21:07","modified_gmt":"2015-02-19T10:21:07","slug":"conferencia-sesion-republica-dominicana","status":"publish","type":"post","link":"https:\/\/www.ceibcn.com\/en\/2015\/02\/conferencia-sesion-republica-dominicana\/","title":{"rendered":"Conferencia Sesi\u00f3n Rep\u00fablica Dominicana"},"content":{"rendered":"<p>El pr\u00f3ximo martes 24 de marzo, el embajador de Espa\u00f1a en Santo Domingo, Rep\u00fablica Dominicana, ofrecer\u00e1 una conferencia en la que tratar\u00e1 la situaci\u00f3n actual econ\u00f3mica, pol\u00edtica y social del pa\u00eds y su relaci\u00f3n con Espa\u00f1a.<\/p>\n<p><!--more--><\/p>\n<h2>Presentaci\u00f3n<\/h2>\n<p>La Rep\u00fablica Dominicana se halla en el archipi\u00e9lago de las Antillas Mayores y limita al norte con el Oc\u00e9ano Atl\u00e1ntico, al sur con el Mar Caribe, al este con el Canal de la Mona y al oeste con Hait\u00ed.<\/p>\n<p>Est\u00e1 dividida en 31 Provincias, regidas cada una de ellas por un Gobernador designado por el Poder Ejecutivo. La capital (Distrito Nacional) queda fuera del r\u00e9gimen provincial.<\/p>\n<p>El sistema de Gobierno es democr\u00e1tico, representativo y presidencial, tal y como lo establece la Constituci\u00f3n de la Rep\u00fablica.<\/p>\n<p>Sus principales exportaciones (seg\u00fan datos de 2013):<\/p>\n<p>Ferron\u00edquel, Cacao, Az\u00facar Crudo, Bananas, Melazas, Caf\u00e9 en grano, Tabaco, Caf\u00e9 manufacturado., siendo Espa\u00f1a uno de sus principales clientes y proveedores.<\/p>\n<p>En cuanto a sus importaciones principales se encuentran el petr\u00f3leo y sus derivados; reactores nucleares, calderas, maquinaria mec\u00e1nica; m\u00e1quinas, aparatos y material el\u00e9ctrico; veh\u00edculos autom\u00f3viles, tractores, ciclos; fundici\u00f3n, hierro y acero y sus manufacturas; materias pl\u00e1sticas y manufacturas; productos farmac\u00e9uticos, cereales.<\/p>\n<p>Desde un punto de vista comercial e inversor, la Rep\u00fablica Dominicana ha sido uno de los principales destinos para las empresas e inversores espa\u00f1oles. Un 25% de la inversi\u00f3n espa\u00f1ola se destina al sector tur\u00edstico (las cadenas espa\u00f1olas detentan el 60% de las habitaciones hoteleras de alta calificaci\u00f3n) aunque las compa\u00f1\u00edas espa\u00f1olas tambi\u00e9n tienen intereses en otros sectores como el inmobiliario, el financiero o la generaci\u00f3n el\u00e9ctrica.<\/p>\n<p>En particular, debe destacarse que existe un Convenio para Evitar la Doble Imposici\u00f3n ya ratificado y que entr\u00f3 en vigor el pasado 25 de julio de 2014.<\/p>\n<p>El Excmo. Sr. Jaime Lacadena Higuera, embajador de Espa\u00f1a en Santo Domingo, expondr\u00e1 la situaci\u00f3n actual econ\u00f3mica, pol\u00edtica y social del pa\u00eds y su relaci\u00f3n con el estado espa\u00f1ol a nivel comercial y diplom\u00e1tico.<\/p>\n<p>&nbsp;<\/p>\n<p><a href=\"https:\/\/www.ceibcn.com\/wp-content\/uploads\/2015\/02\/REPUBLICADOMINICANA_FICHA_PAIS.pdf\">Ver ficha completa del pa\u00eds<\/a><\/p>\n<h2>&nbsp;<\/h2>\n<h2>Conferencia<\/h2>\n<p><span title=\"Data: 26\/11\/2013\"><strong>Fecha:<\/strong> 24\/03\/2015<\/span><\/p>\n<p><span title=\"Dirigida a: XXX\"><strong>Dirigida a:<\/strong> Abierta a todo el p\u00fablico<br \/><\/span><\/p>\n<p><span title=\"Sessi\u00f3 de mat\u00ed: de 13:30h.\"><strong>Horario:<\/strong> 17:00h<\/span><span title=\"a 16:00h.\"><br \/><\/span><\/p>\n<p><span title=\"Lloc: Av.\"><strong>Lugar:<\/strong> Sala de Grados. Facultad de Econom\u00eda y Empresa, Universitat de Barcelona.<br \/><\/span><\/p>\n<p><span style=\"font-size-anulat: 9.5pt; line-height: 115%; font-family-anulat: arial,helvetica,sans-serif;\"><span title=\"Es prega confirmaci\u00f3 abans del XXX a la Sra.\">Se ruega confirmaci\u00f3n a trav\u00e9s del tel\u00e9fono 93 205 45 16 <\/span><span title=\"\u00c0ngels Vara ( &lt;a href=\"> o por correo electr\u00f3nico a <a href=\"mailto:avara-cei@ub.edu\">info@ceibcn.com<\/a><\/span><\/span><\/p>\n","protected":false},"excerpt":{"rendered":"<p>El pr\u00f3ximo martes 24 de marzo, el embajador de Espa\u00f1a en Santo Domingo, Rep\u00fablica Dominicana, ofrecer\u00e1 una conferencia en la que tratar\u00e1 la situaci\u00f3n actual econ\u00f3mica, pol\u00edtica y social del pa\u00eds y su relaci\u00f3n con Espa\u00f1a.<\/p>\n","protected":false},"author":6,"featured_media":0,"comment_status":"open","ping_status":"closed","sticky":false,"template":"","format":"standard","meta":{"_acf_changed":false,"_crdt_document":"","inline_featured_image":false,"footnotes":""},"categories":[25],"tags":[],"class_list":["post-1598","post","type-post","status-publish","format-standard","hentry","category-aula-internacional"],"acf":[],"yoast_head":"<!-- This site is optimized with the Yoast SEO plugin v27.0 - https:\/\/yoast.com\/product\/yoast-seo-wordpress\/ -->\n<title>Conferencia Sesi\u00f3n Rep\u00fablica Dominicana - CEI International Affairs<\/title>\n<meta name=\"robots\" content=\"index, follow, max-snippet:-1, max-image-preview:large, max-video-preview:-1\" \/>\n<link rel=\"canonical\" href=\"https:\/\/www.ceibcn.com\/en\/2015\/02\/conferencia-sesion-republica-dominicana\/\" \/>\n<meta property=\"og:locale\" content=\"en_US\" \/>\n<meta property=\"og:type\" content=\"article\" \/>\n<meta property=\"og:title\" content=\"Conferencia Sesi\u00f3n Rep\u00fablica Dominicana - CEI International Affairs\" \/>\n<meta property=\"og:description\" content=\"El pr\u00f3ximo martes 24 de marzo, el embajador de Espa\u00f1a en Santo Domingo, Rep\u00fablica Dominicana, ofrecer\u00e1 una conferencia en la que tratar\u00e1 la situaci\u00f3n actual econ\u00f3mica, pol\u00edtica y social del pa\u00eds y su relaci\u00f3n con Espa\u00f1a.\" \/>\n<meta property=\"og:url\" content=\"https:\/\/www.ceibcn.com\/en\/2015\/02\/conferencia-sesion-republica-dominicana\/\" \/>\n<meta property=\"og:site_name\" content=\"CEI International Affairs\" \/>\n<meta property=\"article:publisher\" content=\"https:\/\/www.facebook.com\/CEI.CentroDeEstudiosInternacionales\/\" \/>\n<meta property=\"article:published_time\" content=\"2015-02-19T10:21:07+00:00\" \/>\n<meta property=\"og:image\" content=\"https:\/\/www.ceibcn.com\/wp-content\/uploads\/2023\/01\/Logo-CEI.png\" \/>\n\t<meta property=\"og:image:width\" content=\"500\" \/>\n\t<meta property=\"og:image:height\" content=\"500\" \/>\n\t<meta property=\"og:image:type\" content=\"image\/png\" \/>\n<meta name=\"author\" content=\"Cristian Romero Velasco\" \/>\n<meta name=\"twitter:card\" content=\"summary_large_image\" \/>\n<meta name=\"twitter:creator\" content=\"@CEIbcn\" \/>\n<meta name=\"twitter:site\" content=\"@CEIbcn\" \/>\n<meta name=\"twitter:label1\" content=\"Written by\" \/>\n\t<meta name=\"twitter:data1\" content=\"Cristian Romero Velasco\" \/>\n\t<meta name=\"twitter:label2\" content=\"Est. reading time\" \/>\n\t<meta name=\"twitter:data2\" content=\"2 minutes\" \/>\n<script type=\"application\/ld+json\" class=\"yoast-schema-graph\">{\"@context\":\"https:\/\/schema.org\",\"@graph\":[{\"@type\":\"Article\",\"@id\":\"https:\/\/www.ceibcn.com\/en\/2015\/02\/conferencia-sesion-republica-dominicana\/#article\",\"isPartOf\":{\"@id\":\"https:\/\/www.ceibcn.com\/en\/2015\/02\/conferencia-sesion-republica-dominicana\/\"},\"author\":{\"name\":\"Cristian Romero Velasco\",\"@id\":\"https:\/\/www.ceibcn.com\/en\/#\/schema\/person\/4ef9992ee2fbd3987a5e1834e5d5808d\"},\"headline\":\"Conferencia Sesi\u00f3n Rep\u00fablica Dominicana\",\"datePublished\":\"2015-02-19T10:21:07+00:00\",\"mainEntityOfPage\":{\"@id\":\"https:\/\/www.ceibcn.com\/en\/2015\/02\/conferencia-sesion-republica-dominicana\/\"},\"wordCount\":422,\"commentCount\":0,\"publisher\":{\"@id\":\"https:\/\/www.ceibcn.com\/en\/#organization\"},\"articleSection\":[\"Aula Internacional\"],\"inLanguage\":\"en-US\",\"potentialAction\":[{\"@type\":\"CommentAction\",\"name\":\"Comment\",\"target\":[\"https:\/\/www.ceibcn.com\/en\/2015\/02\/conferencia-sesion-republica-dominicana\/#respond\"]}]},{\"@type\":\"WebPage\",\"@id\":\"https:\/\/www.ceibcn.com\/en\/2015\/02\/conferencia-sesion-republica-dominicana\/\",\"url\":\"https:\/\/www.ceibcn.com\/en\/2015\/02\/conferencia-sesion-republica-dominicana\/\",\"name\":\"Conferencia Sesi\u00f3n Rep\u00fablica Dominicana - CEI International Affairs\",\"isPartOf\":{\"@id\":\"https:\/\/www.ceibcn.com\/en\/#website\"},\"datePublished\":\"2015-02-19T10:21:07+00:00\",\"breadcrumb\":{\"@id\":\"https:\/\/www.ceibcn.com\/en\/2015\/02\/conferencia-sesion-republica-dominicana\/#breadcrumb\"},\"inLanguage\":\"en-US\",\"potentialAction\":[{\"@type\":\"ReadAction\",\"target\":[\"https:\/\/www.ceibcn.com\/en\/2015\/02\/conferencia-sesion-republica-dominicana\/\"]}]},{\"@type\":\"BreadcrumbList\",\"@id\":\"https:\/\/www.ceibcn.com\/en\/2015\/02\/conferencia-sesion-republica-dominicana\/#breadcrumb\",\"itemListElement\":[{\"@type\":\"ListItem\",\"position\":1,\"name\":\"Portada\",\"item\":\"https:\/\/www.ceibcn.com\/en\/\"},{\"@type\":\"ListItem\",\"position\":2,\"name\":\"Conferencia Sesi\u00f3n Rep\u00fablica Dominicana\"}]},{\"@type\":\"WebSite\",\"@id\":\"https:\/\/www.ceibcn.com\/en\/#website\",\"url\":\"https:\/\/www.ceibcn.com\/en\/\",\"name\":\"CEI International Affairs\",\"description\":\"CEI International Affairs\",\"publisher\":{\"@id\":\"https:\/\/www.ceibcn.com\/en\/#organization\"},\"alternateName\":\"CEI International Affairs\",\"potentialAction\":[{\"@type\":\"SearchAction\",\"target\":{\"@type\":\"EntryPoint\",\"urlTemplate\":\"https:\/\/www.ceibcn.com\/en\/?s={search_term_string}\"},\"query-input\":{\"@type\":\"PropertyValueSpecification\",\"valueRequired\":true,\"valueName\":\"search_term_string\"}}],\"inLanguage\":\"en-US\"},{\"@type\":\"Organization\",\"@id\":\"https:\/\/www.ceibcn.com\/en\/#organization\",\"name\":\"CEI International Affairs\",\"url\":\"https:\/\/www.ceibcn.com\/en\/\",\"logo\":{\"@type\":\"ImageObject\",\"inLanguage\":\"en-US\",\"@id\":\"https:\/\/www.ceibcn.com\/en\/#\/schema\/logo\/image\/\",\"url\":\"https:\/\/www.ceibcn.com\/wp-content\/uploads\/2021\/09\/CeiLogo_EscuelaDiploVectorized_vectorizedSIN_FONDO.png\",\"contentUrl\":\"https:\/\/www.ceibcn.com\/wp-content\/uploads\/2021\/09\/CeiLogo_EscuelaDiploVectorized_vectorizedSIN_FONDO.png\",\"width\":1591,\"height\":629,\"caption\":\"CEI International Affairs\"},\"image\":{\"@id\":\"https:\/\/www.ceibcn.com\/en\/#\/schema\/logo\/image\/\"},\"sameAs\":[\"https:\/\/www.facebook.com\/CEI.CentroDeEstudiosInternacionales\/\",\"https:\/\/x.com\/CEIbcn\",\"https:\/\/www.instagram.com\/cei_international\/\"]},{\"@type\":\"Person\",\"@id\":\"https:\/\/www.ceibcn.com\/en\/#\/schema\/person\/4ef9992ee2fbd3987a5e1834e5d5808d\",\"name\":\"Cristian Romero Velasco\",\"image\":{\"@type\":\"ImageObject\",\"inLanguage\":\"en-US\",\"@id\":\"https:\/\/www.ceibcn.com\/en\/#\/schema\/person\/image\/\",\"url\":\"https:\/\/secure.gravatar.com\/avatar\/d78c33ad7f1570635ae9c9cb6274fe682bd5872dfde7a5448127d7825dd90943?s=96&d=mm&r=g\",\"contentUrl\":\"https:\/\/secure.gravatar.com\/avatar\/d78c33ad7f1570635ae9c9cb6274fe682bd5872dfde7a5448127d7825dd90943?s=96&d=mm&r=g\",\"caption\":\"Cristian Romero Velasco\"},\"url\":\"https:\/\/www.ceibcn.com\/en\/author\/cristian\/\"}]}<\/script>\n<!-- \/ Yoast SEO plugin. -->","yoast_head_json":{"title":"Conferencia Sesi\u00f3n Rep\u00fablica Dominicana - CEI International Affairs","robots":{"index":"index","follow":"follow","max-snippet":"max-snippet:-1","max-image-preview":"max-image-preview:large","max-video-preview":"max-video-preview:-1"},"canonical":"https:\/\/www.ceibcn.com\/en\/2015\/02\/conferencia-sesion-republica-dominicana\/","og_locale":"en_US","og_type":"article","og_title":"Conferencia Sesi\u00f3n Rep\u00fablica Dominicana - CEI International Affairs","og_description":"El pr\u00f3ximo martes 24 de marzo, el embajador de Espa\u00f1a en Santo Domingo, Rep\u00fablica Dominicana, ofrecer\u00e1 una conferencia en la que tratar\u00e1 la situaci\u00f3n actual econ\u00f3mica, pol\u00edtica y social del pa\u00eds y su relaci\u00f3n con Espa\u00f1a.","og_url":"https:\/\/www.ceibcn.com\/en\/2015\/02\/conferencia-sesion-republica-dominicana\/","og_site_name":"CEI International Affairs","article_publisher":"https:\/\/www.facebook.com\/CEI.CentroDeEstudiosInternacionales\/","article_published_time":"2015-02-19T10:21:07+00:00","og_image":[{"width":500,"height":500,"url":"https:\/\/www.ceibcn.com\/wp-content\/uploads\/2023\/01\/Logo-CEI.png","type":"image\/png"}],"author":"Cristian Romero Velasco","twitter_card":"summary_large_image","twitter_creator":"@CEIbcn","twitter_site":"@CEIbcn","twitter_misc":{"Written by":"Cristian Romero Velasco","Est. reading time":"2 minutes"},"schema":{"@context":"https:\/\/schema.org","@graph":[{"@type":"Article","@id":"https:\/\/www.ceibcn.com\/en\/2015\/02\/conferencia-sesion-republica-dominicana\/#article","isPartOf":{"@id":"https:\/\/www.ceibcn.com\/en\/2015\/02\/conferencia-sesion-republica-dominicana\/"},"author":{"name":"Cristian Romero Velasco","@id":"https:\/\/www.ceibcn.com\/en\/#\/schema\/person\/4ef9992ee2fbd3987a5e1834e5d5808d"},"headline":"Conferencia Sesi\u00f3n Rep\u00fablica Dominicana","datePublished":"2015-02-19T10:21:07+00:00","mainEntityOfPage":{"@id":"https:\/\/www.ceibcn.com\/en\/2015\/02\/conferencia-sesion-republica-dominicana\/"},"wordCount":422,"commentCount":0,"publisher":{"@id":"https:\/\/www.ceibcn.com\/en\/#organization"},"articleSection":["Aula Internacional"],"inLanguage":"en-US","potentialAction":[{"@type":"CommentAction","name":"Comment","target":["https:\/\/www.ceibcn.com\/en\/2015\/02\/conferencia-sesion-republica-dominicana\/#respond"]}]},{"@type":"WebPage","@id":"https:\/\/www.ceibcn.com\/en\/2015\/02\/conferencia-sesion-republica-dominicana\/","url":"https:\/\/www.ceibcn.com\/en\/2015\/02\/conferencia-sesion-republica-dominicana\/","name":"Conferencia Sesi\u00f3n Rep\u00fablica Dominicana - CEI International Affairs","isPartOf":{"@id":"https:\/\/www.ceibcn.com\/en\/#website"},"datePublished":"2015-02-19T10:21:07+00:00","breadcrumb":{"@id":"https:\/\/www.ceibcn.com\/en\/2015\/02\/conferencia-sesion-republica-dominicana\/#breadcrumb"},"inLanguage":"en-US","potentialAction":[{"@type":"ReadAction","target":["https:\/\/www.ceibcn.com\/en\/2015\/02\/conferencia-sesion-republica-dominicana\/"]}]},{"@type":"BreadcrumbList","@id":"https:\/\/www.ceibcn.com\/en\/2015\/02\/conferencia-sesion-republica-dominicana\/#breadcrumb","itemListElement":[{"@type":"ListItem","position":1,"name":"Portada","item":"https:\/\/www.ceibcn.com\/en\/"},{"@type":"ListItem","position":2,"name":"Conferencia Sesi\u00f3n Rep\u00fablica Dominicana"}]},{"@type":"WebSite","@id":"https:\/\/www.ceibcn.com\/en\/#website","url":"https:\/\/www.ceibcn.com\/en\/","name":"CEI International Affairs","description":"CEI International Affairs","publisher":{"@id":"https:\/\/www.ceibcn.com\/en\/#organization"},"alternateName":"CEI International Affairs","potentialAction":[{"@type":"SearchAction","target":{"@type":"EntryPoint","urlTemplate":"https:\/\/www.ceibcn.com\/en\/?s={search_term_string}"},"query-input":{"@type":"PropertyValueSpecification","valueRequired":true,"valueName":"search_term_string"}}],"inLanguage":"en-US"},{"@type":"Organization","@id":"https:\/\/www.ceibcn.com\/en\/#organization","name":"CEI International Affairs","url":"https:\/\/www.ceibcn.com\/en\/","logo":{"@type":"ImageObject","inLanguage":"en-US","@id":"https:\/\/www.ceibcn.com\/en\/#\/schema\/logo\/image\/","url":"https:\/\/www.ceibcn.com\/wp-content\/uploads\/2021\/09\/CeiLogo_EscuelaDiploVectorized_vectorizedSIN_FONDO.png","contentUrl":"https:\/\/www.ceibcn.com\/wp-content\/uploads\/2021\/09\/CeiLogo_EscuelaDiploVectorized_vectorizedSIN_FONDO.png","width":1591,"height":629,"caption":"CEI International Affairs"},"image":{"@id":"https:\/\/www.ceibcn.com\/en\/#\/schema\/logo\/image\/"},"sameAs":["https:\/\/www.facebook.com\/CEI.CentroDeEstudiosInternacionales\/","https:\/\/x.com\/CEIbcn","https:\/\/www.instagram.com\/cei_international\/"]},{"@type":"Person","@id":"https:\/\/www.ceibcn.com\/en\/#\/schema\/person\/4ef9992ee2fbd3987a5e1834e5d5808d","name":"Cristian Romero Velasco","image":{"@type":"ImageObject","inLanguage":"en-US","@id":"https:\/\/www.ceibcn.com\/en\/#\/schema\/person\/image\/","url":"https:\/\/secure.gravatar.com\/avatar\/d78c33ad7f1570635ae9c9cb6274fe682bd5872dfde7a5448127d7825dd90943?s=96&d=mm&r=g","contentUrl":"https:\/\/secure.gravatar.com\/avatar\/d78c33ad7f1570635ae9c9cb6274fe682bd5872dfde7a5448127d7825dd90943?s=96&d=mm&r=g","caption":"Cristian Romero Velasco"},"url":"https:\/\/www.ceibcn.com\/en\/author\/cristian\/"}]}},"_links":{"self":[{"href":"https:\/\/www.ceibcn.com\/en\/wp-json\/wp\/v2\/posts\/1598","targetHints":{"allow":["GET"]}}],"collection":[{"href":"https:\/\/www.ceibcn.com\/en\/wp-json\/wp\/v2\/posts"}],"about":[{"href":"https:\/\/www.ceibcn.com\/en\/wp-json\/wp\/v2\/types\/post"}],"author":[{"embeddable":true,"href":"https:\/\/www.ceibcn.com\/en\/wp-json\/wp\/v2\/users\/6"}],"replies":[{"embeddable":true,"href":"https:\/\/www.ceibcn.com\/en\/wp-json\/wp\/v2\/comments?post=1598"}],"version-history":[{"count":0,"href":"https:\/\/www.ceibcn.com\/en\/wp-json\/wp\/v2\/posts\/1598\/revisions"}],"wp:attachment":[{"href":"https:\/\/www.ceibcn.com\/en\/wp-json\/wp\/v2\/media?parent=1598"}],"wp:term":[{"taxonomy":"category","embeddable":true,"href":"https:\/\/www.ceibcn.com\/en\/wp-json\/wp\/v2\/categories?post=1598"},{"taxonomy":"post_tag","embeddable":true,"href":"https:\/\/www.ceibcn.com\/en\/wp-json\/wp\/v2\/tags?post=1598"}],"curies":[{"name":"wp","href":"https:\/\/api.w.org\/{rel}","templated":true}]}}